{"id":27090,"date":"2025-07-24T10:45:53","date_gmt":"2025-07-24T13:45:53","guid":{"rendered":"https:\/\/www.mundoagropecuario.cl\/new\/?p=27090"},"modified":"2025-07-30T12:17:01","modified_gmt":"2025-07-30T15:17:01","slug":"instituto-adolfo-matthei-y-agroperfil-firman-convenio-por-la-empleabilidad","status":"publish","type":"post","link":"https:\/\/www.mundoagropecuario.cl\/new\/instituto-adolfo-matthei-y-agroperfil-firman-convenio-por-la-empleabilidad\/","title":{"rendered":"Instituto Adolfo Matthei y AgroPerfil firman convenio por la empleabilidad"},"content":{"rendered":"<p>Un importante vinculo colaborativo es el que suscribi\u00f3 el Instituto Profesional Agrario Adolfo Matthei con la empresa AgroPerfil, agencia de empleo dedicada a posicionar laboralmente a personas en todo lo relacionado con el mundo del agro.<\/p>\n<p>La firma de este convenio se llev\u00f3 a cabo en dependencias del Instituto, acto encabezado por la rectora Ingrid Luna, acompa\u00f1ada por su equipo directivo y por el Director Ejecutivo y fundador de AgroPerfil, Mat\u00edas Fischer.<\/p>\n<p><a href=\"https:\/\/www.mundoagropecuario.cl\/new\/wp-content\/uploads\/2025\/07\/IMG_3603-scaled.jpg\"><img loading=\"lazy\" decoding=\"async\" class=\"alignright wp-image-27091 \" src=\"https:\/\/www.mundoagropecuario.cl\/new\/wp-content\/uploads\/2025\/07\/IMG_3603-600x400.jpg\" alt=\"\" width=\"537\" height=\"391\" \/><\/a>Daniel Alarc\u00f3n, encargado de Titulados y Empleabilidad de Adolfo Matthei, sostuvo que esta alianza fortalecer\u00e1 la labor transformadora que viene realizando el Instituto en el \u00e1mbito agr\u00edcola, y en esta oportunidad, la instituci\u00f3n se ver\u00e1 beneficiada con oportunidades de trabajo y de pr\u00e1cticas tanto para egresados y estudiantes de diversas carreras.<\/p>\n<p>\u201cLa empresa AgroPerfil nos entregar\u00e1 datos e informaci\u00f3n acerca de lo que requiere el sector en materia de empleabilidad, adem\u00e1s de entregar charlas espec\u00edficas y otros insumos que beneficiar\u00e1n a estudiantes y egresados de nuestro Instituto\u201d, puntualiz\u00f3 Alarc\u00f3n.<\/p>\n<p>Para Mat\u00edas Fischer, significa un verdadero honor poder trabajar con j\u00f3venes egresados del Instituto, y lograr insertarlos en todo el mundo agr\u00edcola, sector productivo que busca a j\u00f3venes talentos que est\u00e9n acorde a los tiempos y exigencias que se demandan, tal como lo viene haciendo el Instituto a lo largo de su historia.<\/p>\n<p>\u201cEste convenio ratifica nuestro compromiso con los j\u00f3venes, y gracias a este acuerdo, podremos insertarlos en las principales actividades laborales en el agro, siendo los egresados de Adolfo Matthei un aporte importante en el desarrollo agr\u00edcola del sur de Chile gracias a las competencias y conocimientos que aqu\u00ed adquieren\u201d, comenta Mat\u00edas Fischer.<\/p>\n","protected":false},"excerpt":{"rendered":"<p>La firma de este convenio se llev\u00f3 a cabo en dependencias del Instituto, acto encabezado por la rectora y por el Director Ejecutivo y fundador de AgroPerfil.<\/p>\n","protected":false},"author":2,"featured_media":27092,"comment_status":"closed","ping_status":"closed","sticky":false,"template":"","format":"standard","meta":{"footnotes":""},"categories":[1952],"tags":[4124,2090,9902,2057,2095,2058,2052,5377,2051,9903,2035,9904],"class_list":["post-27090","post","type-post","status-publish","format-standard","has-post-thumbnail","hentry","category-educacion","tag-agricola","tag-agricultura","tag-agroperfil","tag-aproleche","tag-fedefruta","tag-fedeleche","tag-inia","tag-instituto-profesional-agrario-adolfo-matthei","tag-leche","tag-matias-fischer","tag-minagri","tag-mundo-del-agro"],"yoast_head":"<!-- This site is optimized with the Yoast SEO plugin v26.6 - https:\/\/yoast.com\/wordpress\/plugins\/seo\/ -->\n<title>Instituto Adolfo Matthei y AgroPerfil firman convenio por la empleabilidad - Mundoagropecuario<\/title>\n<meta name=\"description\" content=\"La firma de este convenio se llev\u00f3 a cabo en dependencias del Instituto, acto encabezado por la rectora y por el Director Ejecutivo\" \/>\n<meta name=\"robots\" content=\"index, follow, max-snippet:-1, max-image-preview:large, max-video-preview:-1\" \/>\n<link rel=\"canonical\" href=\"https:\/\/www.mundoagropecuario.cl\/new\/instituto-adolfo-matthei-y-agroperfil-firman-convenio-por-la-empleabilidad\/\" \/>\n<meta property=\"og:locale\" content=\"es_ES\" \/>\n<meta property=\"og:type\" content=\"article\" \/>\n<meta property=\"og:title\" content=\"Instituto Adolfo Matthei y AgroPerfil firman convenio por la empleabilidad - Mundoagropecuario\" \/>\n<meta property=\"og:description\" content=\"La firma de este convenio se llev\u00f3 a cabo en dependencias del Instituto, acto encabezado por la rectora y por el Director Ejecutivo\" \/>\n<meta property=\"og:url\" content=\"https:\/\/www.mundoagropecuario.cl\/new\/instituto-adolfo-matthei-y-agroperfil-firman-convenio-por-la-empleabilidad\/\" \/>\n<meta property=\"og:site_name\" content=\"Mundoagropecuario\" \/>\n<meta property=\"article:publisher\" content=\"https:\/\/www.facebook.com\/mundo.agropecuario.3\" \/>\n<meta property=\"article:published_time\" content=\"2025-07-24T13:45:53+00:00\" \/>\n<meta property=\"article:modified_time\" content=\"2025-07-30T15:17:01+00:00\" \/>\n<meta property=\"og:image\" content=\"https:\/\/www.mundoagropecuario.cl\/new\/wp-content\/uploads\/2025\/07\/IMG_3612-scaled.jpg\" \/>\n\t<meta property=\"og:image:width\" content=\"600\" \/>\n\t<meta property=\"og:image:height\" content=\"400\" \/>\n\t<meta property=\"og:image:type\" content=\"image\/jpeg\" \/>\n<meta name=\"author\" content=\"mundo\" \/>\n<meta name=\"twitter:card\" content=\"summary_large_image\" \/>\n<meta name=\"twitter:creator\" content=\"@MundoAgropecuar\" \/>\n<meta name=\"twitter:site\" content=\"@MundoAgropecuar\" \/>\n<meta name=\"twitter:label1\" content=\"Escrito por\" \/>\n\t<meta name=\"twitter:data1\" content=\"mundo\" \/>\n\t<meta name=\"twitter:label2\" content=\"Tiempo de lectura\" \/>\n\t<meta name=\"twitter:data2\" content=\"2 minutos\" \/>\n<script type=\"application\/ld+json\" class=\"yoast-schema-graph\">{\"@context\":\"https:\/\/schema.org\",\"@graph\":[{\"@type\":\"Article\",\"@id\":\"https:\/\/www.mundoagropecuario.cl\/new\/instituto-adolfo-matthei-y-agroperfil-firman-convenio-por-la-empleabilidad\/#article\",\"isPartOf\":{\"@id\":\"https:\/\/www.mundoagropecuario.cl\/new\/instituto-adolfo-matthei-y-agroperfil-firman-convenio-por-la-empleabilidad\/\"},\"author\":{\"name\":\"mundo\",\"@id\":\"https:\/\/www.mundoagropecuario.cl\/new\/#\/schema\/person\/4e9f74a82a7dac260eb1c44b7eebeb18\"},\"headline\":\"Instituto Adolfo Matthei y AgroPerfil firman convenio por la empleabilidad\",\"datePublished\":\"2025-07-24T13:45:53+00:00\",\"dateModified\":\"2025-07-30T15:17:01+00:00\",\"mainEntityOfPage\":{\"@id\":\"https:\/\/www.mundoagropecuario.cl\/new\/instituto-adolfo-matthei-y-agroperfil-firman-convenio-por-la-empleabilidad\/\"},\"wordCount\":295,\"publisher\":{\"@id\":\"https:\/\/www.mundoagropecuario.cl\/new\/#organization\"},\"image\":{\"@id\":\"https:\/\/www.mundoagropecuario.cl\/new\/instituto-adolfo-matthei-y-agroperfil-firman-convenio-por-la-empleabilidad\/#primaryimage\"},\"thumbnailUrl\":\"https:\/\/www.mundoagropecuario.cl\/new\/wp-content\/uploads\/2025\/07\/IMG_3612-scaled.jpg\",\"keywords\":[\"agricola\",\"Agricultura\",\"AgroPerfil\",\"Aproleche\",\"Fedefruta\",\"Fedeleche\",\"INIA\",\"Instituto Profesional Agrario Adolfo Matthei.\",\"Leche\",\"Mat\u00edas Fischer.\",\"Minagri\",\"mundo del agro.\"],\"articleSection\":[\"Educaci\u00f3n\"],\"inLanguage\":\"es\"},{\"@type\":\"WebPage\",\"@id\":\"https:\/\/www.mundoagropecuario.cl\/new\/instituto-adolfo-matthei-y-agroperfil-firman-convenio-por-la-empleabilidad\/\",\"url\":\"https:\/\/www.mundoagropecuario.cl\/new\/instituto-adolfo-matthei-y-agroperfil-firman-convenio-por-la-empleabilidad\/\",\"name\":\"Instituto Adolfo Matthei y AgroPerfil firman convenio por la empleabilidad - Mundoagropecuario\",\"isPartOf\":{\"@id\":\"https:\/\/www.mundoagropecuario.cl\/new\/#website\"},\"primaryImageOfPage\":{\"@id\":\"https:\/\/www.mundoagropecuario.cl\/new\/instituto-adolfo-matthei-y-agroperfil-firman-convenio-por-la-empleabilidad\/#primaryimage\"},\"image\":{\"@id\":\"https:\/\/www.mundoagropecuario.cl\/new\/instituto-adolfo-matthei-y-agroperfil-firman-convenio-por-la-empleabilidad\/#primaryimage\"},\"thumbnailUrl\":\"https:\/\/www.mundoagropecuario.cl\/new\/wp-content\/uploads\/2025\/07\/IMG_3612-scaled.jpg\",\"datePublished\":\"2025-07-24T13:45:53+00:00\",\"dateModified\":\"2025-07-30T15:17:01+00:00\",\"description\":\"La firma de este convenio se llev\u00f3 a cabo en dependencias del Instituto, acto encabezado por la rectora y por el Director Ejecutivo\",\"breadcrumb\":{\"@id\":\"https:\/\/www.mundoagropecuario.cl\/new\/instituto-adolfo-matthei-y-agroperfil-firman-convenio-por-la-empleabilidad\/#breadcrumb\"},\"inLanguage\":\"es\",\"potentialAction\":[{\"@type\":\"ReadAction\",\"target\":[\"https:\/\/www.mundoagropecuario.cl\/new\/instituto-adolfo-matthei-y-agroperfil-firman-convenio-por-la-empleabilidad\/\"]}]},{\"@type\":\"ImageObject\",\"inLanguage\":\"es\",\"@id\":\"https:\/\/www.mundoagropecuario.cl\/new\/instituto-adolfo-matthei-y-agroperfil-firman-convenio-por-la-empleabilidad\/#primaryimage\",\"url\":\"https:\/\/www.mundoagropecuario.cl\/new\/wp-content\/uploads\/2025\/07\/IMG_3612-scaled.jpg\",\"contentUrl\":\"https:\/\/www.mundoagropecuario.cl\/new\/wp-content\/uploads\/2025\/07\/IMG_3612-scaled.jpg\",\"width\":600,\"height\":400},{\"@type\":\"BreadcrumbList\",\"@id\":\"https:\/\/www.mundoagropecuario.cl\/new\/instituto-adolfo-matthei-y-agroperfil-firman-convenio-por-la-empleabilidad\/#breadcrumb\",\"itemListElement\":[{\"@type\":\"ListItem\",\"position\":1,\"name\":\"Portada\",\"item\":\"https:\/\/www.mundoagropecuario.cl\/new\/\"},{\"@type\":\"ListItem\",\"position\":2,\"name\":\"Instituto Adolfo Matthei y AgroPerfil firman convenio por la empleabilidad\"}]},{\"@type\":\"WebSite\",\"@id\":\"https:\/\/www.mundoagropecuario.cl\/new\/#website\",\"url\":\"https:\/\/www.mundoagropecuario.cl\/new\/\",\"name\":\"Mundoagropecuario\",\"description\":\"Mundo Agropecuario\",\"publisher\":{\"@id\":\"https:\/\/www.mundoagropecuario.cl\/new\/#organization\"},\"potentialAction\":[{\"@type\":\"SearchAction\",\"target\":{\"@type\":\"EntryPoint\",\"urlTemplate\":\"https:\/\/www.mundoagropecuario.cl\/new\/?s={search_term_string}\"},\"query-input\":{\"@type\":\"PropertyValueSpecification\",\"valueRequired\":true,\"valueName\":\"search_term_string\"}}],\"inLanguage\":\"es\"},{\"@type\":\"Organization\",\"@id\":\"https:\/\/www.mundoagropecuario.cl\/new\/#organization\",\"name\":\"Revista de Agricultura\",\"url\":\"https:\/\/www.mundoagropecuario.cl\/new\/\",\"logo\":{\"@type\":\"ImageObject\",\"inLanguage\":\"es\",\"@id\":\"https:\/\/www.mundoagropecuario.cl\/new\/#\/schema\/logo\/image\/\",\"url\":\"https:\/\/www.mundoagropecuario.cl\/new\/wp-content\/uploads\/2020\/11\/PORTAL-1-1.png\",\"contentUrl\":\"https:\/\/www.mundoagropecuario.cl\/new\/wp-content\/uploads\/2020\/11\/PORTAL-1-1.png\",\"width\":1026,\"height\":100,\"caption\":\"Revista de Agricultura\"},\"image\":{\"@id\":\"https:\/\/www.mundoagropecuario.cl\/new\/#\/schema\/logo\/image\/\"},\"sameAs\":[\"https:\/\/www.facebook.com\/mundo.agropecuario.3\",\"https:\/\/x.com\/MundoAgropecuar\",\"https:\/\/www.linkedin.com\/in\/mundo-agropecuario-934009201\/\"]},{\"@type\":\"Person\",\"@id\":\"https:\/\/www.mundoagropecuario.cl\/new\/#\/schema\/person\/4e9f74a82a7dac260eb1c44b7eebeb18\",\"name\":\"mundo\",\"url\":\"https:\/\/www.mundoagropecuario.cl\/new\/author\/mundo\/\"}]}<\/script>\n<!-- \/ Yoast SEO plugin. -->","yoast_head_json":{"title":"Instituto Adolfo Matthei y AgroPerfil firman convenio por la empleabilidad - Mundoagropecuario","description":"La firma de este convenio se llev\u00f3 a cabo en dependencias del Instituto, acto encabezado por la rectora y por el Director Ejecutivo","robots":{"index":"index","follow":"follow","max-snippet":"max-snippet:-1","max-image-preview":"max-image-preview:large","max-video-preview":"max-video-preview:-1"},"canonical":"https:\/\/www.mundoagropecuario.cl\/new\/instituto-adolfo-matthei-y-agroperfil-firman-convenio-por-la-empleabilidad\/","og_locale":"es_ES","og_type":"article","og_title":"Instituto Adolfo Matthei y AgroPerfil firman convenio por la empleabilidad - Mundoagropecuario","og_description":"La firma de este convenio se llev\u00f3 a cabo en dependencias del Instituto, acto encabezado por la rectora y por el Director Ejecutivo","og_url":"https:\/\/www.mundoagropecuario.cl\/new\/instituto-adolfo-matthei-y-agroperfil-firman-convenio-por-la-empleabilidad\/","og_site_name":"Mundoagropecuario","article_publisher":"https:\/\/www.facebook.com\/mundo.agropecuario.3","article_published_time":"2025-07-24T13:45:53+00:00","article_modified_time":"2025-07-30T15:17:01+00:00","og_image":[{"width":600,"height":400,"url":"https:\/\/www.mundoagropecuario.cl\/new\/wp-content\/uploads\/2025\/07\/IMG_3612-scaled.jpg","type":"image\/jpeg"}],"author":"mundo","twitter_card":"summary_large_image","twitter_creator":"@MundoAgropecuar","twitter_site":"@MundoAgropecuar","twitter_misc":{"Escrito por":"mundo","Tiempo de lectura":"2 minutos"},"schema":{"@context":"https:\/\/schema.org","@graph":[{"@type":"Article","@id":"https:\/\/www.mundoagropecuario.cl\/new\/instituto-adolfo-matthei-y-agroperfil-firman-convenio-por-la-empleabilidad\/#article","isPartOf":{"@id":"https:\/\/www.mundoagropecuario.cl\/new\/instituto-adolfo-matthei-y-agroperfil-firman-convenio-por-la-empleabilidad\/"},"author":{"name":"mundo","@id":"https:\/\/www.mundoagropecuario.cl\/new\/#\/schema\/person\/4e9f74a82a7dac260eb1c44b7eebeb18"},"headline":"Instituto Adolfo Matthei y AgroPerfil firman convenio por la empleabilidad","datePublished":"2025-07-24T13:45:53+00:00","dateModified":"2025-07-30T15:17:01+00:00","mainEntityOfPage":{"@id":"https:\/\/www.mundoagropecuario.cl\/new\/instituto-adolfo-matthei-y-agroperfil-firman-convenio-por-la-empleabilidad\/"},"wordCount":295,"publisher":{"@id":"https:\/\/www.mundoagropecuario.cl\/new\/#organization"},"image":{"@id":"https:\/\/www.mundoagropecuario.cl\/new\/instituto-adolfo-matthei-y-agroperfil-firman-convenio-por-la-empleabilidad\/#primaryimage"},"thumbnailUrl":"https:\/\/www.mundoagropecuario.cl\/new\/wp-content\/uploads\/2025\/07\/IMG_3612-scaled.jpg","keywords":["agricola","Agricultura","AgroPerfil","Aproleche","Fedefruta","Fedeleche","INIA","Instituto Profesional Agrario Adolfo Matthei.","Leche","Mat\u00edas Fischer.","Minagri","mundo del agro."],"articleSection":["Educaci\u00f3n"],"inLanguage":"es"},{"@type":"WebPage","@id":"https:\/\/www.mundoagropecuario.cl\/new\/instituto-adolfo-matthei-y-agroperfil-firman-convenio-por-la-empleabilidad\/","url":"https:\/\/www.mundoagropecuario.cl\/new\/instituto-adolfo-matthei-y-agroperfil-firman-convenio-por-la-empleabilidad\/","name":"Instituto Adolfo Matthei y AgroPerfil firman convenio por la empleabilidad - Mundoagropecuario","isPartOf":{"@id":"https:\/\/www.mundoagropecuario.cl\/new\/#website"},"primaryImageOfPage":{"@id":"https:\/\/www.mundoagropecuario.cl\/new\/instituto-adolfo-matthei-y-agroperfil-firman-convenio-por-la-empleabilidad\/#primaryimage"},"image":{"@id":"https:\/\/www.mundoagropecuario.cl\/new\/instituto-adolfo-matthei-y-agroperfil-firman-convenio-por-la-empleabilidad\/#primaryimage"},"thumbnailUrl":"https:\/\/www.mundoagropecuario.cl\/new\/wp-content\/uploads\/2025\/07\/IMG_3612-scaled.jpg","datePublished":"2025-07-24T13:45:53+00:00","dateModified":"2025-07-30T15:17:01+00:00","description":"La firma de este convenio se llev\u00f3 a cabo en dependencias del Instituto, acto encabezado por la rectora y por el Director Ejecutivo","breadcrumb":{"@id":"https:\/\/www.mundoagropecuario.cl\/new\/instituto-adolfo-matthei-y-agroperfil-firman-convenio-por-la-empleabilidad\/#breadcrumb"},"inLanguage":"es","potentialAction":[{"@type":"ReadAction","target":["https:\/\/www.mundoagropecuario.cl\/new\/instituto-adolfo-matthei-y-agroperfil-firman-convenio-por-la-empleabilidad\/"]}]},{"@type":"ImageObject","inLanguage":"es","@id":"https:\/\/www.mundoagropecuario.cl\/new\/instituto-adolfo-matthei-y-agroperfil-firman-convenio-por-la-empleabilidad\/#primaryimage","url":"https:\/\/www.mundoagropecuario.cl\/new\/wp-content\/uploads\/2025\/07\/IMG_3612-scaled.jpg","contentUrl":"https:\/\/www.mundoagropecuario.cl\/new\/wp-content\/uploads\/2025\/07\/IMG_3612-scaled.jpg","width":600,"height":400},{"@type":"BreadcrumbList","@id":"https:\/\/www.mundoagropecuario.cl\/new\/instituto-adolfo-matthei-y-agroperfil-firman-convenio-por-la-empleabilidad\/#breadcrumb","itemListElement":[{"@type":"ListItem","position":1,"name":"Portada","item":"https:\/\/www.mundoagropecuario.cl\/new\/"},{"@type":"ListItem","position":2,"name":"Instituto Adolfo Matthei y AgroPerfil firman convenio por la empleabilidad"}]},{"@type":"WebSite","@id":"https:\/\/www.mundoagropecuario.cl\/new\/#website","url":"https:\/\/www.mundoagropecuario.cl\/new\/","name":"Mundoagropecuario","description":"Mundo Agropecuario","publisher":{"@id":"https:\/\/www.mundoagropecuario.cl\/new\/#organization"},"potentialAction":[{"@type":"SearchAction","target":{"@type":"EntryPoint","urlTemplate":"https:\/\/www.mundoagropecuario.cl\/new\/?s={search_term_string}"},"query-input":{"@type":"PropertyValueSpecification","valueRequired":true,"valueName":"search_term_string"}}],"inLanguage":"es"},{"@type":"Organization","@id":"https:\/\/www.mundoagropecuario.cl\/new\/#organization","name":"Revista de Agricultura","url":"https:\/\/www.mundoagropecuario.cl\/new\/","logo":{"@type":"ImageObject","inLanguage":"es","@id":"https:\/\/www.mundoagropecuario.cl\/new\/#\/schema\/logo\/image\/","url":"https:\/\/www.mundoagropecuario.cl\/new\/wp-content\/uploads\/2020\/11\/PORTAL-1-1.png","contentUrl":"https:\/\/www.mundoagropecuario.cl\/new\/wp-content\/uploads\/2020\/11\/PORTAL-1-1.png","width":1026,"height":100,"caption":"Revista de Agricultura"},"image":{"@id":"https:\/\/www.mundoagropecuario.cl\/new\/#\/schema\/logo\/image\/"},"sameAs":["https:\/\/www.facebook.com\/mundo.agropecuario.3","https:\/\/x.com\/MundoAgropecuar","https:\/\/www.linkedin.com\/in\/mundo-agropecuario-934009201\/"]},{"@type":"Person","@id":"https:\/\/www.mundoagropecuario.cl\/new\/#\/schema\/person\/4e9f74a82a7dac260eb1c44b7eebeb18","name":"mundo","url":"https:\/\/www.mundoagropecuario.cl\/new\/author\/mundo\/"}]}},"_links":{"self":[{"href":"https:\/\/www.mundoagropecuario.cl\/new\/wp-json\/wp\/v2\/posts\/27090","targetHints":{"allow":["GET"]}}],"collection":[{"href":"https:\/\/www.mundoagropecuario.cl\/new\/wp-json\/wp\/v2\/posts"}],"about":[{"href":"https:\/\/www.mundoagropecuario.cl\/new\/wp-json\/wp\/v2\/types\/post"}],"author":[{"embeddable":true,"href":"https:\/\/www.mundoagropecuario.cl\/new\/wp-json\/wp\/v2\/users\/2"}],"replies":[{"embeddable":true,"href":"https:\/\/www.mundoagropecuario.cl\/new\/wp-json\/wp\/v2\/comments?post=27090"}],"version-history":[{"count":1,"href":"https:\/\/www.mundoagropecuario.cl\/new\/wp-json\/wp\/v2\/posts\/27090\/revisions"}],"predecessor-version":[{"id":27094,"href":"https:\/\/www.mundoagropecuario.cl\/new\/wp-json\/wp\/v2\/posts\/27090\/revisions\/27094"}],"wp:featuredmedia":[{"embeddable":true,"href":"https:\/\/www.mundoagropecuario.cl\/new\/wp-json\/wp\/v2\/media\/27092"}],"wp:attachment":[{"href":"https:\/\/www.mundoagropecuario.cl\/new\/wp-json\/wp\/v2\/media?parent=27090"}],"wp:term":[{"taxonomy":"category","embeddable":true,"href":"https:\/\/www.mundoagropecuario.cl\/new\/wp-json\/wp\/v2\/categories?post=27090"},{"taxonomy":"post_tag","embeddable":true,"href":"https:\/\/www.mundoagropecuario.cl\/new\/wp-json\/wp\/v2\/tags?post=27090"}],"curies":[{"name":"wp","href":"https:\/\/api.w.org\/{rel}","templated":true}]}}