{"id":27080,"date":"2025-07-23T10:55:18","date_gmt":"2025-07-23T13:55:18","guid":{"rendered":"https:\/\/www.mundoagropecuario.cl\/new\/?p=27080"},"modified":"2025-07-25T15:00:05","modified_gmt":"2025-07-25T18:00:05","slug":"exportaciones-lacteas-chilenas-crecen-92-a-mayo","status":"publish","type":"post","link":"https:\/\/www.mundoagropecuario.cl\/new\/exportaciones-lacteas-chilenas-crecen-92-a-mayo\/","title":{"rendered":"Exportaciones l\u00e1cteas chilenas crecen 9,2% a mayo"},"content":{"rendered":"<p>En un cambio de signo en relaci\u00f3n con los meses precedentes, las exportaciones chilenas de productos l\u00e1cteos crecieron al mes de mayo de 2025 un 9,2%, explicado principalmente por cifras favorables en la demanda de mercados significativos como Estados Unidos, M\u00e9xico, Brasil y Per\u00fa.<\/p>\n<p>Seg\u00fan datos del Bolet\u00edn de Comercio Exterior de Productos L\u00e1cteos, elaborados por la Oficina de Estudios y Pol\u00edticas Agrarias de Chile (Odepa) y divulgados por la Federaci\u00f3n Nacional de Productores de Leche (Fedeleche), el valor total de las exportaciones l\u00e1cteas de Chile alcanz\u00f3 los 122,3 millones de d\u00f3lares, marcando un incremento de US$ 10,3 millones respecto al mismo per\u00edodo de 2024.<\/p>\n<p><strong>Destinos clave e informaci\u00f3n sobre productos<\/strong><\/p>\n<p><a href=\"https:\/\/www.mundoagropecuario.cl\/new\/wp-content\/uploads\/2025\/07\/Exportacionesleche-scaled.jpg\"><img loading=\"lazy\" decoding=\"async\" class=\"alignleft wp-image-27081 \" src=\"https:\/\/www.mundoagropecuario.cl\/new\/wp-content\/uploads\/2025\/07\/Exportacionesleche-scaled.jpg\" alt=\"\" width=\"542\" height=\"384\" \/><\/a>Estados Unidos se consolida como el destino principal de los productos l\u00e1cteos chilenos, representando el 20,4% de las exportaciones totales, lo que equivale a 25,0 millones de d\u00f3lares, un aumento del 8,4% con respecto al a\u00f1o anterior.<\/p>\n<p>En la Regi\u00f3n, M\u00e9xico se mantiene en el segundo lugar, con una participaci\u00f3n del 19,1% dentro del total, con embarques que sumaron 23,3 millones de d\u00f3lares, mientras Brasil se ubica en el tercer puesto, alcanzando 15,9% del mercado y facturando env\u00edos por 19,5 millones de d\u00f3lares, lo que refleja un alza de 149,1% frente al a\u00f1o previo.<\/p>\n<p>Per\u00fa, en el cuarto sitial, logr\u00f3 una participaci\u00f3n de 8,5% sobre el total,\u00a0 registrando un alza de 28,1% frente al a\u00f1o 2024, sumando env\u00edos por 10,4 millones de d\u00f3lares.<\/p>\n<p>Colombia, por su parte, represent\u00f3 el 7,5% de las exportaciones totales y experiment\u00f3 un descenso de 22,8% en este periodo, contribuyendo con 9,1 millones de d\u00f3lares a los env\u00edos chilenos.<\/p>\n<p><strong>Desglose por producto<\/strong><\/p>\n<p>La leche condensada lider\u00f3 las categor\u00edas de exportaci\u00f3n, representando el 26,8% de las exportaciones totales, lo que equivale a 32,8 millones de d\u00f3lares, un 23,6% m\u00e1s que el a\u00f1o pasado.<\/p>\n<p>La leche en polvo represent\u00f3 el 25,7% de las exportaciones al sumar env\u00edos por 31,4 millones de d\u00f3lares, un 94,0% m\u00e1s que el a\u00f1o previo. Mientras los env\u00edos de queso, concentraron un 15,7%, con aumentaron un 19,7% hasta los 19,2 millones de d\u00f3lares.<\/p>\n<p>Puedes acceder al Bolet\u00edn Sector L\u00e1cteo de ODEPA directamente aqu\u00ed. Este recurso ofrece informaci\u00f3n detallada sobre el mercado l\u00e1cteo, incluyendo estad\u00edsticas, an\u00e1lisis y tendencias relevantes para el sector<\/p>\n<p>Fuente: Comunicaciones Fedeleche con informaci\u00f3n de Odepa<\/p>\n","protected":false},"excerpt":{"rendered":"<p>La leche en polvo represent\u00f3 el 25,7% de las exportaciones al sumar env\u00edos por 31,4 millones de d\u00f3lares, un 94,0% m\u00e1s que el a\u00f1o previo. Mientras los env\u00edos de queso, concentraron un 15,7%, con aumentaron un 19,7% hasta los 19,2 millones de d\u00f3lares.<\/p>\n","protected":false},"author":2,"featured_media":24636,"comment_status":"closed","ping_status":"closed","sticky":false,"template":"","format":"standard","meta":{"footnotes":""},"categories":[1946],"tags":[2090,2057,9899,1957,516,9898,2058,2052,4135,2051,2959,4149],"class_list":["post-27080","post","type-post","status-publish","format-standard","has-post-thumbnail","hentry","category-lacteos","tag-agricultura","tag-aproleche","tag-brasil-y-peru","tag-consorcio-lechero","tag-estados-unidos","tag-exportaciones-lacteas-chilenas","tag-fedeleche","tag-inia","tag-lacteo","tag-leche","tag-mexico","tag-mundo-agropecuario"],"yoast_head":"<!-- This site is optimized with the Yoast SEO plugin v26.6 - https:\/\/yoast.com\/wordpress\/plugins\/seo\/ -->\n<title>Exportaciones l\u00e1cteas chilenas crecen 9,2% a mayo - Mundoagropecuario<\/title>\n<meta name=\"description\" content=\"La leche en polvo represent\u00f3 el 25,7% de las exportaciones al sumar env\u00edos por 31,4 millones de d\u00f3lares, un 94,0% m\u00e1s que el a\u00f1o previo.\" \/>\n<meta name=\"robots\" content=\"index, follow, max-snippet:-1, max-image-preview:large, max-video-preview:-1\" \/>\n<link rel=\"canonical\" href=\"https:\/\/www.mundoagropecuario.cl\/new\/exportaciones-lacteas-chilenas-crecen-92-a-mayo\/\" \/>\n<meta property=\"og:locale\" content=\"es_ES\" \/>\n<meta property=\"og:type\" content=\"article\" \/>\n<meta property=\"og:title\" content=\"Exportaciones l\u00e1cteas chilenas crecen 9,2% a mayo - Mundoagropecuario\" \/>\n<meta property=\"og:description\" content=\"La leche en polvo represent\u00f3 el 25,7% de las exportaciones al sumar env\u00edos por 31,4 millones de d\u00f3lares, un 94,0% m\u00e1s que el a\u00f1o previo.\" \/>\n<meta property=\"og:url\" content=\"https:\/\/www.mundoagropecuario.cl\/new\/exportaciones-lacteas-chilenas-crecen-92-a-mayo\/\" \/>\n<meta property=\"og:site_name\" content=\"Mundoagropecuario\" \/>\n<meta property=\"article:publisher\" content=\"https:\/\/www.facebook.com\/mundo.agropecuario.3\" \/>\n<meta property=\"article:published_time\" content=\"2025-07-23T13:55:18+00:00\" \/>\n<meta property=\"article:modified_time\" content=\"2025-07-25T18:00:05+00:00\" \/>\n<meta property=\"og:image\" content=\"https:\/\/www.mundoagropecuario.cl\/new\/wp-content\/uploads\/2023\/09\/Leche-exportaciones2-scaled.jpeg\" \/>\n\t<meta property=\"og:image:width\" content=\"720\" \/>\n\t<meta property=\"og:image:height\" content=\"388\" \/>\n\t<meta property=\"og:image:type\" content=\"image\/jpeg\" \/>\n<meta name=\"author\" content=\"mundo\" \/>\n<meta name=\"twitter:card\" content=\"summary_large_image\" \/>\n<meta name=\"twitter:creator\" content=\"@MundoAgropecuar\" \/>\n<meta name=\"twitter:site\" content=\"@MundoAgropecuar\" \/>\n<meta name=\"twitter:label1\" content=\"Escrito por\" \/>\n\t<meta name=\"twitter:data1\" content=\"mundo\" \/>\n\t<meta name=\"twitter:label2\" content=\"Tiempo de lectura\" \/>\n\t<meta name=\"twitter:data2\" content=\"3 minutos\" \/>\n<script type=\"application\/ld+json\" class=\"yoast-schema-graph\">{\"@context\":\"https:\/\/schema.org\",\"@graph\":[{\"@type\":\"Article\",\"@id\":\"https:\/\/www.mundoagropecuario.cl\/new\/exportaciones-lacteas-chilenas-crecen-92-a-mayo\/#article\",\"isPartOf\":{\"@id\":\"https:\/\/www.mundoagropecuario.cl\/new\/exportaciones-lacteas-chilenas-crecen-92-a-mayo\/\"},\"author\":{\"name\":\"mundo\",\"@id\":\"https:\/\/www.mundoagropecuario.cl\/new\/#\/schema\/person\/4e9f74a82a7dac260eb1c44b7eebeb18\"},\"headline\":\"Exportaciones l\u00e1cteas chilenas crecen 9,2% a mayo\",\"datePublished\":\"2025-07-23T13:55:18+00:00\",\"dateModified\":\"2025-07-25T18:00:05+00:00\",\"mainEntityOfPage\":{\"@id\":\"https:\/\/www.mundoagropecuario.cl\/new\/exportaciones-lacteas-chilenas-crecen-92-a-mayo\/\"},\"wordCount\":399,\"publisher\":{\"@id\":\"https:\/\/www.mundoagropecuario.cl\/new\/#organization\"},\"image\":{\"@id\":\"https:\/\/www.mundoagropecuario.cl\/new\/exportaciones-lacteas-chilenas-crecen-92-a-mayo\/#primaryimage\"},\"thumbnailUrl\":\"https:\/\/www.mundoagropecuario.cl\/new\/wp-content\/uploads\/2023\/09\/Leche-exportaciones2-scaled.jpeg\",\"keywords\":[\"Agricultura\",\"Aproleche\",\"Brasil y Per\u00fa.\",\"Consorcio Lechero\",\"Estados Unidos\",\"Exportaciones l\u00e1cteas chilenas\",\"Fedeleche\",\"INIA\",\"Lacteo\",\"Leche\",\"M\u00e9xico\",\"Mundo Agropecuario\"],\"articleSection\":[\"L\u00e1cteos\"],\"inLanguage\":\"es\"},{\"@type\":\"WebPage\",\"@id\":\"https:\/\/www.mundoagropecuario.cl\/new\/exportaciones-lacteas-chilenas-crecen-92-a-mayo\/\",\"url\":\"https:\/\/www.mundoagropecuario.cl\/new\/exportaciones-lacteas-chilenas-crecen-92-a-mayo\/\",\"name\":\"Exportaciones l\u00e1cteas chilenas crecen 9,2% a mayo - Mundoagropecuario\",\"isPartOf\":{\"@id\":\"https:\/\/www.mundoagropecuario.cl\/new\/#website\"},\"primaryImageOfPage\":{\"@id\":\"https:\/\/www.mundoagropecuario.cl\/new\/exportaciones-lacteas-chilenas-crecen-92-a-mayo\/#primaryimage\"},\"image\":{\"@id\":\"https:\/\/www.mundoagropecuario.cl\/new\/exportaciones-lacteas-chilenas-crecen-92-a-mayo\/#primaryimage\"},\"thumbnailUrl\":\"https:\/\/www.mundoagropecuario.cl\/new\/wp-content\/uploads\/2023\/09\/Leche-exportaciones2-scaled.jpeg\",\"datePublished\":\"2025-07-23T13:55:18+00:00\",\"dateModified\":\"2025-07-25T18:00:05+00:00\",\"description\":\"La leche en polvo represent\u00f3 el 25,7% de las exportaciones al sumar env\u00edos por 31,4 millones de d\u00f3lares, un 94,0% m\u00e1s que el a\u00f1o previo.\",\"breadcrumb\":{\"@id\":\"https:\/\/www.mundoagropecuario.cl\/new\/exportaciones-lacteas-chilenas-crecen-92-a-mayo\/#breadcrumb\"},\"inLanguage\":\"es\",\"potentialAction\":[{\"@type\":\"ReadAction\",\"target\":[\"https:\/\/www.mundoagropecuario.cl\/new\/exportaciones-lacteas-chilenas-crecen-92-a-mayo\/\"]}]},{\"@type\":\"ImageObject\",\"inLanguage\":\"es\",\"@id\":\"https:\/\/www.mundoagropecuario.cl\/new\/exportaciones-lacteas-chilenas-crecen-92-a-mayo\/#primaryimage\",\"url\":\"https:\/\/www.mundoagropecuario.cl\/new\/wp-content\/uploads\/2023\/09\/Leche-exportaciones2-scaled.jpeg\",\"contentUrl\":\"https:\/\/www.mundoagropecuario.cl\/new\/wp-content\/uploads\/2023\/09\/Leche-exportaciones2-scaled.jpeg\",\"width\":720,\"height\":388},{\"@type\":\"BreadcrumbList\",\"@id\":\"https:\/\/www.mundoagropecuario.cl\/new\/exportaciones-lacteas-chilenas-crecen-92-a-mayo\/#breadcrumb\",\"itemListElement\":[{\"@type\":\"ListItem\",\"position\":1,\"name\":\"Portada\",\"item\":\"https:\/\/www.mundoagropecuario.cl\/new\/\"},{\"@type\":\"ListItem\",\"position\":2,\"name\":\"Exportaciones l\u00e1cteas chilenas crecen 9,2% a mayo\"}]},{\"@type\":\"WebSite\",\"@id\":\"https:\/\/www.mundoagropecuario.cl\/new\/#website\",\"url\":\"https:\/\/www.mundoagropecuario.cl\/new\/\",\"name\":\"Mundoagropecuario\",\"description\":\"Mundo Agropecuario\",\"publisher\":{\"@id\":\"https:\/\/www.mundoagropecuario.cl\/new\/#organization\"},\"potentialAction\":[{\"@type\":\"SearchAction\",\"target\":{\"@type\":\"EntryPoint\",\"urlTemplate\":\"https:\/\/www.mundoagropecuario.cl\/new\/?s={search_term_string}\"},\"query-input\":{\"@type\":\"PropertyValueSpecification\",\"valueRequired\":true,\"valueName\":\"search_term_string\"}}],\"inLanguage\":\"es\"},{\"@type\":\"Organization\",\"@id\":\"https:\/\/www.mundoagropecuario.cl\/new\/#organization\",\"name\":\"Revista de Agricultura\",\"url\":\"https:\/\/www.mundoagropecuario.cl\/new\/\",\"logo\":{\"@type\":\"ImageObject\",\"inLanguage\":\"es\",\"@id\":\"https:\/\/www.mundoagropecuario.cl\/new\/#\/schema\/logo\/image\/\",\"url\":\"https:\/\/www.mundoagropecuario.cl\/new\/wp-content\/uploads\/2020\/11\/PORTAL-1-1.png\",\"contentUrl\":\"https:\/\/www.mundoagropecuario.cl\/new\/wp-content\/uploads\/2020\/11\/PORTAL-1-1.png\",\"width\":1026,\"height\":100,\"caption\":\"Revista de Agricultura\"},\"image\":{\"@id\":\"https:\/\/www.mundoagropecuario.cl\/new\/#\/schema\/logo\/image\/\"},\"sameAs\":[\"https:\/\/www.facebook.com\/mundo.agropecuario.3\",\"https:\/\/x.com\/MundoAgropecuar\",\"https:\/\/www.linkedin.com\/in\/mundo-agropecuario-934009201\/\"]},{\"@type\":\"Person\",\"@id\":\"https:\/\/www.mundoagropecuario.cl\/new\/#\/schema\/person\/4e9f74a82a7dac260eb1c44b7eebeb18\",\"name\":\"mundo\",\"url\":\"https:\/\/www.mundoagropecuario.cl\/new\/author\/mundo\/\"}]}<\/script>\n<!-- \/ Yoast SEO plugin. -->","yoast_head_json":{"title":"Exportaciones l\u00e1cteas chilenas crecen 9,2% a mayo - Mundoagropecuario","description":"La leche en polvo represent\u00f3 el 25,7% de las exportaciones al sumar env\u00edos por 31,4 millones de d\u00f3lares, un 94,0% m\u00e1s que el a\u00f1o previo.","robots":{"index":"index","follow":"follow","max-snippet":"max-snippet:-1","max-image-preview":"max-image-preview:large","max-video-preview":"max-video-preview:-1"},"canonical":"https:\/\/www.mundoagropecuario.cl\/new\/exportaciones-lacteas-chilenas-crecen-92-a-mayo\/","og_locale":"es_ES","og_type":"article","og_title":"Exportaciones l\u00e1cteas chilenas crecen 9,2% a mayo - Mundoagropecuario","og_description":"La leche en polvo represent\u00f3 el 25,7% de las exportaciones al sumar env\u00edos por 31,4 millones de d\u00f3lares, un 94,0% m\u00e1s que el a\u00f1o previo.","og_url":"https:\/\/www.mundoagropecuario.cl\/new\/exportaciones-lacteas-chilenas-crecen-92-a-mayo\/","og_site_name":"Mundoagropecuario","article_publisher":"https:\/\/www.facebook.com\/mundo.agropecuario.3","article_published_time":"2025-07-23T13:55:18+00:00","article_modified_time":"2025-07-25T18:00:05+00:00","og_image":[{"width":720,"height":388,"url":"https:\/\/www.mundoagropecuario.cl\/new\/wp-content\/uploads\/2023\/09\/Leche-exportaciones2-scaled.jpeg","type":"image\/jpeg"}],"author":"mundo","twitter_card":"summary_large_image","twitter_creator":"@MundoAgropecuar","twitter_site":"@MundoAgropecuar","twitter_misc":{"Escrito por":"mundo","Tiempo de lectura":"3 minutos"},"schema":{"@context":"https:\/\/schema.org","@graph":[{"@type":"Article","@id":"https:\/\/www.mundoagropecuario.cl\/new\/exportaciones-lacteas-chilenas-crecen-92-a-mayo\/#article","isPartOf":{"@id":"https:\/\/www.mundoagropecuario.cl\/new\/exportaciones-lacteas-chilenas-crecen-92-a-mayo\/"},"author":{"name":"mundo","@id":"https:\/\/www.mundoagropecuario.cl\/new\/#\/schema\/person\/4e9f74a82a7dac260eb1c44b7eebeb18"},"headline":"Exportaciones l\u00e1cteas chilenas crecen 9,2% a mayo","datePublished":"2025-07-23T13:55:18+00:00","dateModified":"2025-07-25T18:00:05+00:00","mainEntityOfPage":{"@id":"https:\/\/www.mundoagropecuario.cl\/new\/exportaciones-lacteas-chilenas-crecen-92-a-mayo\/"},"wordCount":399,"publisher":{"@id":"https:\/\/www.mundoagropecuario.cl\/new\/#organization"},"image":{"@id":"https:\/\/www.mundoagropecuario.cl\/new\/exportaciones-lacteas-chilenas-crecen-92-a-mayo\/#primaryimage"},"thumbnailUrl":"https:\/\/www.mundoagropecuario.cl\/new\/wp-content\/uploads\/2023\/09\/Leche-exportaciones2-scaled.jpeg","keywords":["Agricultura","Aproleche","Brasil y Per\u00fa.","Consorcio Lechero","Estados Unidos","Exportaciones l\u00e1cteas chilenas","Fedeleche","INIA","Lacteo","Leche","M\u00e9xico","Mundo Agropecuario"],"articleSection":["L\u00e1cteos"],"inLanguage":"es"},{"@type":"WebPage","@id":"https:\/\/www.mundoagropecuario.cl\/new\/exportaciones-lacteas-chilenas-crecen-92-a-mayo\/","url":"https:\/\/www.mundoagropecuario.cl\/new\/exportaciones-lacteas-chilenas-crecen-92-a-mayo\/","name":"Exportaciones l\u00e1cteas chilenas crecen 9,2% a mayo - Mundoagropecuario","isPartOf":{"@id":"https:\/\/www.mundoagropecuario.cl\/new\/#website"},"primaryImageOfPage":{"@id":"https:\/\/www.mundoagropecuario.cl\/new\/exportaciones-lacteas-chilenas-crecen-92-a-mayo\/#primaryimage"},"image":{"@id":"https:\/\/www.mundoagropecuario.cl\/new\/exportaciones-lacteas-chilenas-crecen-92-a-mayo\/#primaryimage"},"thumbnailUrl":"https:\/\/www.mundoagropecuario.cl\/new\/wp-content\/uploads\/2023\/09\/Leche-exportaciones2-scaled.jpeg","datePublished":"2025-07-23T13:55:18+00:00","dateModified":"2025-07-25T18:00:05+00:00","description":"La leche en polvo represent\u00f3 el 25,7% de las exportaciones al sumar env\u00edos por 31,4 millones de d\u00f3lares, un 94,0% m\u00e1s que el a\u00f1o previo.","breadcrumb":{"@id":"https:\/\/www.mundoagropecuario.cl\/new\/exportaciones-lacteas-chilenas-crecen-92-a-mayo\/#breadcrumb"},"inLanguage":"es","potentialAction":[{"@type":"ReadAction","target":["https:\/\/www.mundoagropecuario.cl\/new\/exportaciones-lacteas-chilenas-crecen-92-a-mayo\/"]}]},{"@type":"ImageObject","inLanguage":"es","@id":"https:\/\/www.mundoagropecuario.cl\/new\/exportaciones-lacteas-chilenas-crecen-92-a-mayo\/#primaryimage","url":"https:\/\/www.mundoagropecuario.cl\/new\/wp-content\/uploads\/2023\/09\/Leche-exportaciones2-scaled.jpeg","contentUrl":"https:\/\/www.mundoagropecuario.cl\/new\/wp-content\/uploads\/2023\/09\/Leche-exportaciones2-scaled.jpeg","width":720,"height":388},{"@type":"BreadcrumbList","@id":"https:\/\/www.mundoagropecuario.cl\/new\/exportaciones-lacteas-chilenas-crecen-92-a-mayo\/#breadcrumb","itemListElement":[{"@type":"ListItem","position":1,"name":"Portada","item":"https:\/\/www.mundoagropecuario.cl\/new\/"},{"@type":"ListItem","position":2,"name":"Exportaciones l\u00e1cteas chilenas crecen 9,2% a mayo"}]},{"@type":"WebSite","@id":"https:\/\/www.mundoagropecuario.cl\/new\/#website","url":"https:\/\/www.mundoagropecuario.cl\/new\/","name":"Mundoagropecuario","description":"Mundo Agropecuario","publisher":{"@id":"https:\/\/www.mundoagropecuario.cl\/new\/#organization"},"potentialAction":[{"@type":"SearchAction","target":{"@type":"EntryPoint","urlTemplate":"https:\/\/www.mundoagropecuario.cl\/new\/?s={search_term_string}"},"query-input":{"@type":"PropertyValueSpecification","valueRequired":true,"valueName":"search_term_string"}}],"inLanguage":"es"},{"@type":"Organization","@id":"https:\/\/www.mundoagropecuario.cl\/new\/#organization","name":"Revista de Agricultura","url":"https:\/\/www.mundoagropecuario.cl\/new\/","logo":{"@type":"ImageObject","inLanguage":"es","@id":"https:\/\/www.mundoagropecuario.cl\/new\/#\/schema\/logo\/image\/","url":"https:\/\/www.mundoagropecuario.cl\/new\/wp-content\/uploads\/2020\/11\/PORTAL-1-1.png","contentUrl":"https:\/\/www.mundoagropecuario.cl\/new\/wp-content\/uploads\/2020\/11\/PORTAL-1-1.png","width":1026,"height":100,"caption":"Revista de Agricultura"},"image":{"@id":"https:\/\/www.mundoagropecuario.cl\/new\/#\/schema\/logo\/image\/"},"sameAs":["https:\/\/www.facebook.com\/mundo.agropecuario.3","https:\/\/x.com\/MundoAgropecuar","https:\/\/www.linkedin.com\/in\/mundo-agropecuario-934009201\/"]},{"@type":"Person","@id":"https:\/\/www.mundoagropecuario.cl\/new\/#\/schema\/person\/4e9f74a82a7dac260eb1c44b7eebeb18","name":"mundo","url":"https:\/\/www.mundoagropecuario.cl\/new\/author\/mundo\/"}]}},"_links":{"self":[{"href":"https:\/\/www.mundoagropecuario.cl\/new\/wp-json\/wp\/v2\/posts\/27080","targetHints":{"allow":["GET"]}}],"collection":[{"href":"https:\/\/www.mundoagropecuario.cl\/new\/wp-json\/wp\/v2\/posts"}],"about":[{"href":"https:\/\/www.mundoagropecuario.cl\/new\/wp-json\/wp\/v2\/types\/post"}],"author":[{"embeddable":true,"href":"https:\/\/www.mundoagropecuario.cl\/new\/wp-json\/wp\/v2\/users\/2"}],"replies":[{"embeddable":true,"href":"https:\/\/www.mundoagropecuario.cl\/new\/wp-json\/wp\/v2\/comments?post=27080"}],"version-history":[{"count":1,"href":"https:\/\/www.mundoagropecuario.cl\/new\/wp-json\/wp\/v2\/posts\/27080\/revisions"}],"predecessor-version":[{"id":27082,"href":"https:\/\/www.mundoagropecuario.cl\/new\/wp-json\/wp\/v2\/posts\/27080\/revisions\/27082"}],"wp:featuredmedia":[{"embeddable":true,"href":"https:\/\/www.mundoagropecuario.cl\/new\/wp-json\/wp\/v2\/media\/24636"}],"wp:attachment":[{"href":"https:\/\/www.mundoagropecuario.cl\/new\/wp-json\/wp\/v2\/media?parent=27080"}],"wp:term":[{"taxonomy":"category","embeddable":true,"href":"https:\/\/www.mundoagropecuario.cl\/new\/wp-json\/wp\/v2\/categories?post=27080"},{"taxonomy":"post_tag","embeddable":true,"href":"https:\/\/www.mundoagropecuario.cl\/new\/wp-json\/wp\/v2\/tags?post=27080"}],"curies":[{"name":"wp","href":"https:\/\/api.w.org\/{rel}","templated":true}]}}