{"id":27076,"date":"2025-07-21T12:34:54","date_gmt":"2025-07-21T15:34:54","guid":{"rendered":"https:\/\/www.mundoagropecuario.cl\/new\/?p=27076"},"modified":"2025-07-25T14:25:35","modified_gmt":"2025-07-25T17:25:35","slug":"minagri-participa-en-el-lanzamiento-de-cumbre-mundial-de-lacteos-2025","status":"publish","type":"post","link":"https:\/\/www.mundoagropecuario.cl\/new\/minagri-participa-en-el-lanzamiento-de-cumbre-mundial-de-lacteos-2025\/","title":{"rendered":"Minagri participa en el lanzamiento de Cumbre Mundial de L\u00e1cteos 2025"},"content":{"rendered":"<p>Tanto la producci\u00f3n de l\u00e1cteos nacionales como el incentivo de su consumo son fundamentales para el desarrollo de la seguridad alimentaria de Chile. Nuestro pa\u00eds cuenta con una industria nacional en potencia, que ha evolucionado en sus caracter\u00edsticas nutricionales y sostenibles, y proyecci\u00f3n global.<\/p>\n<p>La pr\u00f3xima realizaci\u00f3n en octubre de la Cumbre Mundial de L\u00e1cteos, organizada por la Federaci\u00f3n Internacional de Lecher\u00eda (IDF), representa una oportunidad significativa para continuar impulsando el sector l\u00e1cteo del pa\u00eds. Adem\u00e1s, para Chile y Latinoam\u00e9rica es un hito trascendental, ya que llegar\u00e1 por primera vez en 120 a\u00f1os a la regi\u00f3n. Esto permitir\u00e1 visibilizar el trabajo conjunto del sector l\u00e1cteo: conjunto del sector l\u00e1cteo: productores, industria, academia, servicios p\u00fablicos y consumidores.<\/p>\n<p>El lanzamiento de la cumbre se realiz\u00f3 en las dependencias del Instituto de Desarrollo Agropecuario (Indap), y cont\u00f3 con la realizaci\u00f3n de una degustaci\u00f3n l\u00e1ctea por el frommelier Alejandro Thomas, que destac\u00f3 la carta de variedades l\u00e1cteas que se produce en el pa\u00eds.<\/p>\n<p>El ministro de Agricultura, Esteban Valenzuela, resalt\u00f3 la \u201cindustria l\u00e1ctea ejemplar a nivel mundial. Con la ayuda de toda la familia Minagri y del trabajo privado hemos logrado, ni m\u00e1s ni menos, que por primera vez en la historia se realice en Am\u00e9rica Latina, y en nuestro pa\u00eds, la Cumbre Mundial de la Industria Lechera y de Quesos que considera a todos los continentes. Eso nos enorgullece y nos pone a\u00fan la vara m\u00e1s alta para seguir fortaleciendo nuestra industria l\u00e1ctea nacional\u201d.<\/p>\n<p>Por su parte, el gerente del Consorcio Lechero, Octavio Oltra, se refiri\u00f3 a la organizaci\u00f3n de la IDF WDS 2025 (por sus siglas en ingl\u00e9s): \u201cGracias a la colaboraci\u00f3n p\u00fablico-privada hemos podido apoyar la realizaci\u00f3n de esta cumbre, donde vamos a tener la oportunidad de mostrar la calidad de los productos l\u00e1cteos de Chile y los procesos de sostenibilidad con los cuales se est\u00e1 trabajando. As\u00ed podemos estar seguros de entregar alimentos sanos a la poblaci\u00f3n\u201d.<\/p>\n<p>El lema \u201cNutriendo un mundo sostenible\u201d guiar\u00e1 el evento, que tambi\u00e9n destacar\u00e1 cuatro pilares: sisteas alimentarios sostenibles, inteligencia artificial, seguridad alimentaria y mitigaci\u00f3n y adaptaci\u00f3n al cambio clim\u00e1tico.<\/p>\n<p>En Chile el sector ha avanzado significativamente en sustentabilidad, destacando los Acuerdos de Producci\u00f3n Limpia (APL) promovidos por el Minagri, que involucran a toda la cadena l\u00e1ctea. A trav\u00e9s de Chile Origen Consciente (ChOC), ya se encuentra en proceso de certificaci\u00f3n el primer producto l\u00e1cteo con sello de sustentabilidad visible en g\u00f3ndola.<\/p>\n<p>El gerente general de Soprole, Sebasti\u00e1n Tagle, recalc\u00f3 la relevancia de estas iniciativas. \u201cEl desarrollo del sello Origen Consciente, que de alguna forma garantiza una producci\u00f3n acorde con los est\u00e1ndares que requiere el medioambiente para la producci\u00f3n. Y eso lo hemos estado trabajando como empresa procesadora y avanzamos en las certificaciones que corresponde. Lo hemos estado haciendo al alero del Ministerio de Agricultura y de las indicaciones que ellos han planteado para este sello y cumplir esos est\u00e1ndares\u201d, afirm\u00f3.<\/p>\n<p>Chile ser\u00e1 el centro mundial del evento l\u00e1cteo m\u00e1s relevante, una oportunidad \u00fanica para el sector lechero nacional y para Nestl\u00e9 de poder relevar nuestro enfoque de calidad, innovaci\u00f3n y sustentabilidad que nos caracteriza, con especial \u00e9nfasis en la agricultura regenerativa como modelo productivo para cuidar el suelo que nos abastece de los alimentos\u201d, se\u00f1al\u00f3 Carlos Silva, Gerente de Nutrici\u00f3n Infantil de Nestl\u00e9 Chile.<\/p>\n<p>El director de Indap, Santiago Rojas, destac\u00f3 que \u00abEs un honor y un privilegio para nosotros tener este a\u00f1o, por primera vez en Latinoam\u00e9rica y en Chile, la Cumbre Mundial de la Leche 2025 \u2013 IDF World Dairy Summit, porque nos permitir\u00e1 mostrarle al mundo la calidad de los productos l\u00e1cteos de nuestro pa\u00eds y de nuestra agricultura familiar campesina. Quisiera destacar que, durante nuestra gesti\u00f3n en el INDAP, uno de nuestros grandes ejes ha sido promover con fuerza la agricultura sostenible para poder resguardar la soberan\u00eda y a seguridad alimentaria de nuestro pa\u00eds. Y tenemos que estar orgullosos porque la industria lechera de Chile representa eso, nuestros sistemas productivos bovinos funcionan en base al pastoreo, lo que nos permite ofrecer l\u00e1cteos m\u00e1s amigables con el medioambiente, pero tambi\u00e9n con un mayor nivel nutricional\u201d.<\/p>\n<p>La directora (s) de la Oficina de Estudios y Pol\u00edticas Agrarias (Odepa), Daniela Acu\u00f1a, apunt\u00f3 la importancia de la realizaci\u00f3n del hito y vincul\u00f3 su desarrollo con la promoci\u00f3n de sistemas alimentarios sostenibles, justos y saludables que desarrolla la Estrategia Nacional de Soberan\u00eda para la Seguridad Alimentaria. \u201cImpulsar el sector l\u00e1cteo es necesario y relevante porque contribuye a la nutrici\u00f3n de la poblaci\u00f3n, el desarrollo territorial y la sostenibilidad productiva. La realizaci\u00f3n de Cumbre Mundial de L\u00e1cteos representa una ventana para mostrar al mundo qu\u00e9 estamos haciendo en materia de producci\u00f3n de alimentos, guiadas por lineamientos acordes a los m\u00e1s altos est\u00e1ndares internacionales\u201d.<\/p>\n<p>A la instancia tambi\u00e9n acudieron productores y productoras de quesos, vino, miel, mermeladas y otros productos que fueron exhibidos en el Mercado Campesino de Indap.<\/p>\n","protected":false},"excerpt":{"rendered":"<p>La Cumbre Mundial de L\u00e1cteos, organizada por la Federaci\u00f3n Internacional de Lecher\u00eda (IDF), representa una oportunidad significativa para continuar impulsando el sector l\u00e1cteo del pa\u00eds.<\/p>\n","protected":false},"author":2,"featured_media":27077,"comment_status":"closed","ping_status":"closed","sticky":false,"template":"","format":"standard","meta":{"footnotes":""},"categories":[1946],"tags":[2090,2057,9897,1105,2058,1992,2052,2051,2328,1978],"class_list":["post-27076","post","type-post","status-publish","format-standard","has-post-thumbnail","hentry","category-lacteos","tag-agricultura","tag-aproleche","tag-cumbre-mundial-de-lacteos-2025","tag-exportaciones","tag-fedeleche","tag-indap","tag-inia","tag-leche","tag-ministerio-de-agricultura","tag-seremi-de-agricultura"],"yoast_head":"<!-- This site is optimized with the Yoast SEO plugin v26.6 - https:\/\/yoast.com\/wordpress\/plugins\/seo\/ -->\n<title>Minagri participa en el lanzamiento de Cumbre Mundial de L\u00e1cteos 2025 - Mundoagropecuario<\/title>\n<meta name=\"description\" content=\"La Cumbre Mundial de L\u00e1cteos, organizada por la Federaci\u00f3n Internacional de Lecher\u00eda (IDF), representa una oportunidad significativa\" \/>\n<meta name=\"robots\" content=\"index, follow, max-snippet:-1, max-image-preview:large, max-video-preview:-1\" \/>\n<link rel=\"canonical\" href=\"https:\/\/www.mundoagropecuario.cl\/new\/minagri-participa-en-el-lanzamiento-de-cumbre-mundial-de-lacteos-2025\/\" \/>\n<meta property=\"og:locale\" content=\"es_ES\" \/>\n<meta property=\"og:type\" content=\"article\" \/>\n<meta property=\"og:title\" content=\"Minagri participa en el lanzamiento de Cumbre Mundial de L\u00e1cteos 2025 - Mundoagropecuario\" \/>\n<meta property=\"og:description\" content=\"La Cumbre Mundial de L\u00e1cteos, organizada por la Federaci\u00f3n Internacional de Lecher\u00eda (IDF), representa una oportunidad significativa\" \/>\n<meta property=\"og:url\" content=\"https:\/\/www.mundoagropecuario.cl\/new\/minagri-participa-en-el-lanzamiento-de-cumbre-mundial-de-lacteos-2025\/\" \/>\n<meta property=\"og:site_name\" content=\"Mundoagropecuario\" \/>\n<meta property=\"article:publisher\" content=\"https:\/\/www.facebook.com\/mundo.agropecuario.3\" \/>\n<meta property=\"article:published_time\" content=\"2025-07-21T15:34:54+00:00\" \/>\n<meta property=\"article:modified_time\" content=\"2025-07-25T17:25:35+00:00\" \/>\n<meta property=\"og:image\" content=\"https:\/\/www.mundoagropecuario.cl\/new\/wp-content\/uploads\/2025\/07\/LANZAMIENTO--scaled.jpeg\" \/>\n\t<meta property=\"og:image:width\" content=\"692\" \/>\n\t<meta property=\"og:image:height\" content=\"400\" \/>\n\t<meta property=\"og:image:type\" content=\"image\/jpeg\" \/>\n<meta name=\"author\" content=\"mundo\" \/>\n<meta name=\"twitter:card\" content=\"summary_large_image\" \/>\n<meta name=\"twitter:creator\" content=\"@MundoAgropecuar\" \/>\n<meta name=\"twitter:site\" content=\"@MundoAgropecuar\" \/>\n<meta name=\"twitter:label1\" content=\"Escrito por\" \/>\n\t<meta name=\"twitter:data1\" content=\"mundo\" \/>\n\t<meta name=\"twitter:label2\" content=\"Tiempo de lectura\" \/>\n\t<meta name=\"twitter:data2\" content=\"4 minutos\" \/>\n<script type=\"application\/ld+json\" class=\"yoast-schema-graph\">{\"@context\":\"https:\/\/schema.org\",\"@graph\":[{\"@type\":\"Article\",\"@id\":\"https:\/\/www.mundoagropecuario.cl\/new\/minagri-participa-en-el-lanzamiento-de-cumbre-mundial-de-lacteos-2025\/#article\",\"isPartOf\":{\"@id\":\"https:\/\/www.mundoagropecuario.cl\/new\/minagri-participa-en-el-lanzamiento-de-cumbre-mundial-de-lacteos-2025\/\"},\"author\":{\"name\":\"mundo\",\"@id\":\"https:\/\/www.mundoagropecuario.cl\/new\/#\/schema\/person\/4e9f74a82a7dac260eb1c44b7eebeb18\"},\"headline\":\"Minagri participa en el lanzamiento de Cumbre Mundial de L\u00e1cteos 2025\",\"datePublished\":\"2025-07-21T15:34:54+00:00\",\"dateModified\":\"2025-07-25T17:25:35+00:00\",\"mainEntityOfPage\":{\"@id\":\"https:\/\/www.mundoagropecuario.cl\/new\/minagri-participa-en-el-lanzamiento-de-cumbre-mundial-de-lacteos-2025\/\"},\"wordCount\":891,\"publisher\":{\"@id\":\"https:\/\/www.mundoagropecuario.cl\/new\/#organization\"},\"image\":{\"@id\":\"https:\/\/www.mundoagropecuario.cl\/new\/minagri-participa-en-el-lanzamiento-de-cumbre-mundial-de-lacteos-2025\/#primaryimage\"},\"thumbnailUrl\":\"https:\/\/www.mundoagropecuario.cl\/new\/wp-content\/uploads\/2025\/07\/LANZAMIENTO--scaled.jpeg\",\"keywords\":[\"Agricultura\",\"Aproleche\",\"Cumbre Mundial de L\u00e1cteos 2025\",\"Exportaciones\",\"Fedeleche\",\"Indap\",\"INIA\",\"Leche\",\"Ministerio de Agricultura\",\"seremi de Agricultura\"],\"articleSection\":[\"L\u00e1cteos\"],\"inLanguage\":\"es\"},{\"@type\":\"WebPage\",\"@id\":\"https:\/\/www.mundoagropecuario.cl\/new\/minagri-participa-en-el-lanzamiento-de-cumbre-mundial-de-lacteos-2025\/\",\"url\":\"https:\/\/www.mundoagropecuario.cl\/new\/minagri-participa-en-el-lanzamiento-de-cumbre-mundial-de-lacteos-2025\/\",\"name\":\"Minagri participa en el lanzamiento de Cumbre Mundial de L\u00e1cteos 2025 - Mundoagropecuario\",\"isPartOf\":{\"@id\":\"https:\/\/www.mundoagropecuario.cl\/new\/#website\"},\"primaryImageOfPage\":{\"@id\":\"https:\/\/www.mundoagropecuario.cl\/new\/minagri-participa-en-el-lanzamiento-de-cumbre-mundial-de-lacteos-2025\/#primaryimage\"},\"image\":{\"@id\":\"https:\/\/www.mundoagropecuario.cl\/new\/minagri-participa-en-el-lanzamiento-de-cumbre-mundial-de-lacteos-2025\/#primaryimage\"},\"thumbnailUrl\":\"https:\/\/www.mundoagropecuario.cl\/new\/wp-content\/uploads\/2025\/07\/LANZAMIENTO--scaled.jpeg\",\"datePublished\":\"2025-07-21T15:34:54+00:00\",\"dateModified\":\"2025-07-25T17:25:35+00:00\",\"description\":\"La Cumbre Mundial de L\u00e1cteos, organizada por la Federaci\u00f3n Internacional de Lecher\u00eda (IDF), representa una oportunidad significativa\",\"breadcrumb\":{\"@id\":\"https:\/\/www.mundoagropecuario.cl\/new\/minagri-participa-en-el-lanzamiento-de-cumbre-mundial-de-lacteos-2025\/#breadcrumb\"},\"inLanguage\":\"es\",\"potentialAction\":[{\"@type\":\"ReadAction\",\"target\":[\"https:\/\/www.mundoagropecuario.cl\/new\/minagri-participa-en-el-lanzamiento-de-cumbre-mundial-de-lacteos-2025\/\"]}]},{\"@type\":\"ImageObject\",\"inLanguage\":\"es\",\"@id\":\"https:\/\/www.mundoagropecuario.cl\/new\/minagri-participa-en-el-lanzamiento-de-cumbre-mundial-de-lacteos-2025\/#primaryimage\",\"url\":\"https:\/\/www.mundoagropecuario.cl\/new\/wp-content\/uploads\/2025\/07\/LANZAMIENTO--scaled.jpeg\",\"contentUrl\":\"https:\/\/www.mundoagropecuario.cl\/new\/wp-content\/uploads\/2025\/07\/LANZAMIENTO--scaled.jpeg\",\"width\":692,\"height\":400},{\"@type\":\"BreadcrumbList\",\"@id\":\"https:\/\/www.mundoagropecuario.cl\/new\/minagri-participa-en-el-lanzamiento-de-cumbre-mundial-de-lacteos-2025\/#breadcrumb\",\"itemListElement\":[{\"@type\":\"ListItem\",\"position\":1,\"name\":\"Portada\",\"item\":\"https:\/\/www.mundoagropecuario.cl\/new\/\"},{\"@type\":\"ListItem\",\"position\":2,\"name\":\"Minagri participa en el lanzamiento de Cumbre Mundial de L\u00e1cteos 2025\"}]},{\"@type\":\"WebSite\",\"@id\":\"https:\/\/www.mundoagropecuario.cl\/new\/#website\",\"url\":\"https:\/\/www.mundoagropecuario.cl\/new\/\",\"name\":\"Mundoagropecuario\",\"description\":\"Mundo Agropecuario\",\"publisher\":{\"@id\":\"https:\/\/www.mundoagropecuario.cl\/new\/#organization\"},\"potentialAction\":[{\"@type\":\"SearchAction\",\"target\":{\"@type\":\"EntryPoint\",\"urlTemplate\":\"https:\/\/www.mundoagropecuario.cl\/new\/?s={search_term_string}\"},\"query-input\":{\"@type\":\"PropertyValueSpecification\",\"valueRequired\":true,\"valueName\":\"search_term_string\"}}],\"inLanguage\":\"es\"},{\"@type\":\"Organization\",\"@id\":\"https:\/\/www.mundoagropecuario.cl\/new\/#organization\",\"name\":\"Revista de Agricultura\",\"url\":\"https:\/\/www.mundoagropecuario.cl\/new\/\",\"logo\":{\"@type\":\"ImageObject\",\"inLanguage\":\"es\",\"@id\":\"https:\/\/www.mundoagropecuario.cl\/new\/#\/schema\/logo\/image\/\",\"url\":\"https:\/\/www.mundoagropecuario.cl\/new\/wp-content\/uploads\/2020\/11\/PORTAL-1-1.png\",\"contentUrl\":\"https:\/\/www.mundoagropecuario.cl\/new\/wp-content\/uploads\/2020\/11\/PORTAL-1-1.png\",\"width\":1026,\"height\":100,\"caption\":\"Revista de Agricultura\"},\"image\":{\"@id\":\"https:\/\/www.mundoagropecuario.cl\/new\/#\/schema\/logo\/image\/\"},\"sameAs\":[\"https:\/\/www.facebook.com\/mundo.agropecuario.3\",\"https:\/\/x.com\/MundoAgropecuar\",\"https:\/\/www.linkedin.com\/in\/mundo-agropecuario-934009201\/\"]},{\"@type\":\"Person\",\"@id\":\"https:\/\/www.mundoagropecuario.cl\/new\/#\/schema\/person\/4e9f74a82a7dac260eb1c44b7eebeb18\",\"name\":\"mundo\",\"url\":\"https:\/\/www.mundoagropecuario.cl\/new\/author\/mundo\/\"}]}<\/script>\n<!-- \/ Yoast SEO plugin. -->","yoast_head_json":{"title":"Minagri participa en el lanzamiento de Cumbre Mundial de L\u00e1cteos 2025 - Mundoagropecuario","description":"La Cumbre Mundial de L\u00e1cteos, organizada por la Federaci\u00f3n Internacional de Lecher\u00eda (IDF), representa una oportunidad significativa","robots":{"index":"index","follow":"follow","max-snippet":"max-snippet:-1","max-image-preview":"max-image-preview:large","max-video-preview":"max-video-preview:-1"},"canonical":"https:\/\/www.mundoagropecuario.cl\/new\/minagri-participa-en-el-lanzamiento-de-cumbre-mundial-de-lacteos-2025\/","og_locale":"es_ES","og_type":"article","og_title":"Minagri participa en el lanzamiento de Cumbre Mundial de L\u00e1cteos 2025 - Mundoagropecuario","og_description":"La Cumbre Mundial de L\u00e1cteos, organizada por la Federaci\u00f3n Internacional de Lecher\u00eda (IDF), representa una oportunidad significativa","og_url":"https:\/\/www.mundoagropecuario.cl\/new\/minagri-participa-en-el-lanzamiento-de-cumbre-mundial-de-lacteos-2025\/","og_site_name":"Mundoagropecuario","article_publisher":"https:\/\/www.facebook.com\/mundo.agropecuario.3","article_published_time":"2025-07-21T15:34:54+00:00","article_modified_time":"2025-07-25T17:25:35+00:00","og_image":[{"width":692,"height":400,"url":"https:\/\/www.mundoagropecuario.cl\/new\/wp-content\/uploads\/2025\/07\/LANZAMIENTO--scaled.jpeg","type":"image\/jpeg"}],"author":"mundo","twitter_card":"summary_large_image","twitter_creator":"@MundoAgropecuar","twitter_site":"@MundoAgropecuar","twitter_misc":{"Escrito por":"mundo","Tiempo de lectura":"4 minutos"},"schema":{"@context":"https:\/\/schema.org","@graph":[{"@type":"Article","@id":"https:\/\/www.mundoagropecuario.cl\/new\/minagri-participa-en-el-lanzamiento-de-cumbre-mundial-de-lacteos-2025\/#article","isPartOf":{"@id":"https:\/\/www.mundoagropecuario.cl\/new\/minagri-participa-en-el-lanzamiento-de-cumbre-mundial-de-lacteos-2025\/"},"author":{"name":"mundo","@id":"https:\/\/www.mundoagropecuario.cl\/new\/#\/schema\/person\/4e9f74a82a7dac260eb1c44b7eebeb18"},"headline":"Minagri participa en el lanzamiento de Cumbre Mundial de L\u00e1cteos 2025","datePublished":"2025-07-21T15:34:54+00:00","dateModified":"2025-07-25T17:25:35+00:00","mainEntityOfPage":{"@id":"https:\/\/www.mundoagropecuario.cl\/new\/minagri-participa-en-el-lanzamiento-de-cumbre-mundial-de-lacteos-2025\/"},"wordCount":891,"publisher":{"@id":"https:\/\/www.mundoagropecuario.cl\/new\/#organization"},"image":{"@id":"https:\/\/www.mundoagropecuario.cl\/new\/minagri-participa-en-el-lanzamiento-de-cumbre-mundial-de-lacteos-2025\/#primaryimage"},"thumbnailUrl":"https:\/\/www.mundoagropecuario.cl\/new\/wp-content\/uploads\/2025\/07\/LANZAMIENTO--scaled.jpeg","keywords":["Agricultura","Aproleche","Cumbre Mundial de L\u00e1cteos 2025","Exportaciones","Fedeleche","Indap","INIA","Leche","Ministerio de Agricultura","seremi de Agricultura"],"articleSection":["L\u00e1cteos"],"inLanguage":"es"},{"@type":"WebPage","@id":"https:\/\/www.mundoagropecuario.cl\/new\/minagri-participa-en-el-lanzamiento-de-cumbre-mundial-de-lacteos-2025\/","url":"https:\/\/www.mundoagropecuario.cl\/new\/minagri-participa-en-el-lanzamiento-de-cumbre-mundial-de-lacteos-2025\/","name":"Minagri participa en el lanzamiento de Cumbre Mundial de L\u00e1cteos 2025 - Mundoagropecuario","isPartOf":{"@id":"https:\/\/www.mundoagropecuario.cl\/new\/#website"},"primaryImageOfPage":{"@id":"https:\/\/www.mundoagropecuario.cl\/new\/minagri-participa-en-el-lanzamiento-de-cumbre-mundial-de-lacteos-2025\/#primaryimage"},"image":{"@id":"https:\/\/www.mundoagropecuario.cl\/new\/minagri-participa-en-el-lanzamiento-de-cumbre-mundial-de-lacteos-2025\/#primaryimage"},"thumbnailUrl":"https:\/\/www.mundoagropecuario.cl\/new\/wp-content\/uploads\/2025\/07\/LANZAMIENTO--scaled.jpeg","datePublished":"2025-07-21T15:34:54+00:00","dateModified":"2025-07-25T17:25:35+00:00","description":"La Cumbre Mundial de L\u00e1cteos, organizada por la Federaci\u00f3n Internacional de Lecher\u00eda (IDF), representa una oportunidad significativa","breadcrumb":{"@id":"https:\/\/www.mundoagropecuario.cl\/new\/minagri-participa-en-el-lanzamiento-de-cumbre-mundial-de-lacteos-2025\/#breadcrumb"},"inLanguage":"es","potentialAction":[{"@type":"ReadAction","target":["https:\/\/www.mundoagropecuario.cl\/new\/minagri-participa-en-el-lanzamiento-de-cumbre-mundial-de-lacteos-2025\/"]}]},{"@type":"ImageObject","inLanguage":"es","@id":"https:\/\/www.mundoagropecuario.cl\/new\/minagri-participa-en-el-lanzamiento-de-cumbre-mundial-de-lacteos-2025\/#primaryimage","url":"https:\/\/www.mundoagropecuario.cl\/new\/wp-content\/uploads\/2025\/07\/LANZAMIENTO--scaled.jpeg","contentUrl":"https:\/\/www.mundoagropecuario.cl\/new\/wp-content\/uploads\/2025\/07\/LANZAMIENTO--scaled.jpeg","width":692,"height":400},{"@type":"BreadcrumbList","@id":"https:\/\/www.mundoagropecuario.cl\/new\/minagri-participa-en-el-lanzamiento-de-cumbre-mundial-de-lacteos-2025\/#breadcrumb","itemListElement":[{"@type":"ListItem","position":1,"name":"Portada","item":"https:\/\/www.mundoagropecuario.cl\/new\/"},{"@type":"ListItem","position":2,"name":"Minagri participa en el lanzamiento de Cumbre Mundial de L\u00e1cteos 2025"}]},{"@type":"WebSite","@id":"https:\/\/www.mundoagropecuario.cl\/new\/#website","url":"https:\/\/www.mundoagropecuario.cl\/new\/","name":"Mundoagropecuario","description":"Mundo Agropecuario","publisher":{"@id":"https:\/\/www.mundoagropecuario.cl\/new\/#organization"},"potentialAction":[{"@type":"SearchAction","target":{"@type":"EntryPoint","urlTemplate":"https:\/\/www.mundoagropecuario.cl\/new\/?s={search_term_string}"},"query-input":{"@type":"PropertyValueSpecification","valueRequired":true,"valueName":"search_term_string"}}],"inLanguage":"es"},{"@type":"Organization","@id":"https:\/\/www.mundoagropecuario.cl\/new\/#organization","name":"Revista de Agricultura","url":"https:\/\/www.mundoagropecuario.cl\/new\/","logo":{"@type":"ImageObject","inLanguage":"es","@id":"https:\/\/www.mundoagropecuario.cl\/new\/#\/schema\/logo\/image\/","url":"https:\/\/www.mundoagropecuario.cl\/new\/wp-content\/uploads\/2020\/11\/PORTAL-1-1.png","contentUrl":"https:\/\/www.mundoagropecuario.cl\/new\/wp-content\/uploads\/2020\/11\/PORTAL-1-1.png","width":1026,"height":100,"caption":"Revista de Agricultura"},"image":{"@id":"https:\/\/www.mundoagropecuario.cl\/new\/#\/schema\/logo\/image\/"},"sameAs":["https:\/\/www.facebook.com\/mundo.agropecuario.3","https:\/\/x.com\/MundoAgropecuar","https:\/\/www.linkedin.com\/in\/mundo-agropecuario-934009201\/"]},{"@type":"Person","@id":"https:\/\/www.mundoagropecuario.cl\/new\/#\/schema\/person\/4e9f74a82a7dac260eb1c44b7eebeb18","name":"mundo","url":"https:\/\/www.mundoagropecuario.cl\/new\/author\/mundo\/"}]}},"_links":{"self":[{"href":"https:\/\/www.mundoagropecuario.cl\/new\/wp-json\/wp\/v2\/posts\/27076","targetHints":{"allow":["GET"]}}],"collection":[{"href":"https:\/\/www.mundoagropecuario.cl\/new\/wp-json\/wp\/v2\/posts"}],"about":[{"href":"https:\/\/www.mundoagropecuario.cl\/new\/wp-json\/wp\/v2\/types\/post"}],"author":[{"embeddable":true,"href":"https:\/\/www.mundoagropecuario.cl\/new\/wp-json\/wp\/v2\/users\/2"}],"replies":[{"embeddable":true,"href":"https:\/\/www.mundoagropecuario.cl\/new\/wp-json\/wp\/v2\/comments?post=27076"}],"version-history":[{"count":1,"href":"https:\/\/www.mundoagropecuario.cl\/new\/wp-json\/wp\/v2\/posts\/27076\/revisions"}],"predecessor-version":[{"id":27078,"href":"https:\/\/www.mundoagropecuario.cl\/new\/wp-json\/wp\/v2\/posts\/27076\/revisions\/27078"}],"wp:featuredmedia":[{"embeddable":true,"href":"https:\/\/www.mundoagropecuario.cl\/new\/wp-json\/wp\/v2\/media\/27077"}],"wp:attachment":[{"href":"https:\/\/www.mundoagropecuario.cl\/new\/wp-json\/wp\/v2\/media?parent=27076"}],"wp:term":[{"taxonomy":"category","embeddable":true,"href":"https:\/\/www.mundoagropecuario.cl\/new\/wp-json\/wp\/v2\/categories?post=27076"},{"taxonomy":"post_tag","embeddable":true,"href":"https:\/\/www.mundoagropecuario.cl\/new\/wp-json\/wp\/v2\/tags?post=27076"}],"curies":[{"name":"wp","href":"https:\/\/api.w.org\/{rel}","templated":true}]}}