{"id":27066,"date":"2025-07-21T10:38:22","date_gmt":"2025-07-21T13:38:22","guid":{"rendered":"https:\/\/www.mundoagropecuario.cl\/new\/?p=27066"},"modified":"2025-07-24T11:35:21","modified_gmt":"2025-07-24T14:35:21","slug":"nova-agro-impulsa-nueva-etapa-en-agricultura-regenerativa-junto-a-albiontech","status":"publish","type":"post","link":"https:\/\/www.mundoagropecuario.cl\/new\/nova-agro-impulsa-nueva-etapa-en-agricultura-regenerativa-junto-a-albiontech\/","title":{"rendered":"Nova Agro impulsa nueva etapa en agricultura regenerativa junto a AlbionTech"},"content":{"rendered":"<p><a href=\"https:\/\/www.mundoagropecuario.cl\/new\/wp-content\/uploads\/2025\/07\/image00235-scaled.jpeg\"><img loading=\"lazy\" decoding=\"async\" class=\"alignleft wp-image-27067 \" src=\"https:\/\/www.mundoagropecuario.cl\/new\/wp-content\/uploads\/2025\/07\/image00235-scaled.jpeg\" alt=\"\" width=\"264\" height=\"363\" \/><\/a>La empresa chilena Nova Agro anunci\u00f3 su incorporaci\u00f3n al sistema de activaci\u00f3n vegetal desarrollado por AlbionTech\u2122, firma de base cient\u00edfica y filial tecnol\u00f3gica de Sucralox Ltd. (Inglaterra), especializada en neurofisiolog\u00eda vegetal, bioelectricidad aplicada y coloidalidad funcional. Con esta alianza, Nova Agro incorpora un nuevo enfoque tecnol\u00f3gico que complementa su trabajo en agricultura regenerativa, integrando herramientas dise\u00f1adas para activar procesos fisiol\u00f3gicos clave en los cultivos.<\/p>\n<p>Durante los \u00faltimos a\u00f1os, Nova Agro se ha consolidado como un actor clave en la transici\u00f3n hacia pr\u00e1cticas agr\u00edcolas m\u00e1s sostenibles, promoviendo el uso de compost, guano y fuentes naturales en reemplazo de fertilizantes qu\u00edmicos. En un escenario donde escaseaban las alternativas viables, logr\u00f3 recuperar suelos degradados y restablecer una l\u00f3gica productiva basada en la relaci\u00f3n entre el suelo, la planta y el agricultor.<\/p>\n<p>Sin embargo, frente a desaf\u00edos cada vez m\u00e1s complejos en materia clim\u00e1tica, econ\u00f3mica y fisiol\u00f3gica, la empresa sostiene que ya no basta con hacer lo correcto. Hoy se requiere hacerlo mejor: con precisi\u00f3n t\u00e9cnica, impacto medible y soluciones adaptadas a las condiciones reales del territorio.<\/p>\n<p><a href=\"https:\/\/www.mundoagropecuario.cl\/new\/wp-content\/uploads\/2025\/07\/Novaa-scaled.jpeg\"><img loading=\"lazy\" decoding=\"async\" class=\"alignright wp-image-27069 \" src=\"https:\/\/www.mundoagropecuario.cl\/new\/wp-content\/uploads\/2025\/07\/Novaa-329x400.jpeg\" alt=\"\" width=\"365\" height=\"443\" srcset=\"https:\/\/www.mundoagropecuario.cl\/new\/wp-content\/uploads\/2025\/07\/Novaa-scaled.jpeg 329w, https:\/\/www.mundoagropecuario.cl\/new\/wp-content\/uploads\/2025\/07\/Novaa-109x133.jpeg 109w\" sizes=\"auto, (max-width: 365px) 100vw, 365px\" \/><\/a>La alianza con AlbionTech\u2122 introduce un enfoque de dise\u00f1o metab\u00f3lico, mediante tecnolog\u00edas que permiten reactivar ra\u00edces bloqueadas por compactaci\u00f3n o aluminio, estimular la s\u00edntesis de prote\u00ednas sin necesidad de aplicar nitr\u00f3geno externo, modular la fotos\u00edntesis en condiciones adversas y fortalecer estructuras vegetales a trav\u00e9s de procesos de lignificaci\u00f3n y se\u00f1alizaci\u00f3n epifisiol\u00f3gica.<\/p>\n<p>Estas soluciones est\u00e1n formuladas sin hormonas, no dejan residuos y son compatibles con esquemas agroecol\u00f3gicos y org\u00e1nicos, pero con dise\u00f1o molecular orientado a condiciones reales de campo.<\/p>\n<p>Nova Agro no se limitar\u00e1 a distribuir estos desarrollos. Se convierte en nodo operativo del sistema AlbionTech\u2122, acercando esta tecnolog\u00eda directamente a productores que ya transitan hacia la agricultura org\u00e1nica, buscan reducir costos sin comprometer resultados o requieren una soluci\u00f3n funcional durante todo el a\u00f1o.<\/p>\n<p>\u201cLa agricultura regenerativa no muere. Se reinventa. Con Nova Agro como base, y AlbionTech\u2122 como motor, el futuro ya no depende de lo que aplicas, sino de lo que activas\u201d, se\u00f1alaron desde la empresa.<\/p>\n","protected":false},"excerpt":{"rendered":"<p>Nova Agro adopta tecnolog\u00eda de AlbionTech\u2122 para avanzar hacia una agricultura regenerativa funcional, con soluciones adaptadas al campo real.<\/p>\n","protected":false},"author":2,"featured_media":27068,"comment_status":"closed","ping_status":"closed","sticky":false,"template":"","format":"standard","meta":{"footnotes":""},"categories":[1950],"tags":[4124,2090,3127,9893,9894,2035,4149,7757,9892,2036],"class_list":["post-27066","post","type-post","status-publish","format-standard","has-post-thumbnail","hentry","category-empresa","tag-agricola","tag-agricultura","tag-agro","tag-albiontech","tag-filial-tecnologica-de-sucralox-ltd","tag-minagri","tag-mundo-agropecuario","tag-nova-agro","tag-nova-agro-junto-a-albiontech","tag-sag"],"yoast_head":"<!-- This site is optimized with the Yoast SEO plugin v26.6 - https:\/\/yoast.com\/wordpress\/plugins\/seo\/ -->\n<title>Nova Agro impulsa nueva etapa en agricultura regenerativa junto a AlbionTech - Mundoagropecuario<\/title>\n<meta name=\"description\" content=\"Nova Agro adopta tecnolog\u00eda de AlbionTech\u2122 para avanzar hacia una agricultura regenerativa funcional, con soluciones adaptadas al campo real.\" \/>\n<meta name=\"robots\" content=\"index, follow, max-snippet:-1, max-image-preview:large, max-video-preview:-1\" \/>\n<link rel=\"canonical\" href=\"https:\/\/www.mundoagropecuario.cl\/new\/nova-agro-impulsa-nueva-etapa-en-agricultura-regenerativa-junto-a-albiontech\/\" \/>\n<meta property=\"og:locale\" content=\"es_ES\" \/>\n<meta property=\"og:type\" content=\"article\" \/>\n<meta property=\"og:title\" content=\"Nova Agro impulsa nueva etapa en agricultura regenerativa junto a AlbionTech - Mundoagropecuario\" \/>\n<meta property=\"og:description\" content=\"Nova Agro adopta tecnolog\u00eda de AlbionTech\u2122 para avanzar hacia una agricultura regenerativa funcional, con soluciones adaptadas al campo real.\" \/>\n<meta property=\"og:url\" content=\"https:\/\/www.mundoagropecuario.cl\/new\/nova-agro-impulsa-nueva-etapa-en-agricultura-regenerativa-junto-a-albiontech\/\" \/>\n<meta property=\"og:site_name\" content=\"Mundoagropecuario\" \/>\n<meta property=\"article:publisher\" content=\"https:\/\/www.facebook.com\/mundo.agropecuario.3\" \/>\n<meta property=\"article:published_time\" content=\"2025-07-21T13:38:22+00:00\" \/>\n<meta property=\"article:modified_time\" content=\"2025-07-24T14:35:21+00:00\" \/>\n<meta property=\"og:image\" content=\"https:\/\/www.mundoagropecuario.cl\/new\/wp-content\/uploads\/2025\/07\/Nova22-scaled.jpeg\" \/>\n\t<meta property=\"og:image:width\" content=\"656\" \/>\n\t<meta property=\"og:image:height\" content=\"400\" \/>\n\t<meta property=\"og:image:type\" content=\"image\/jpeg\" \/>\n<meta name=\"author\" content=\"mundo\" \/>\n<meta name=\"twitter:card\" content=\"summary_large_image\" \/>\n<meta name=\"twitter:creator\" content=\"@MundoAgropecuar\" \/>\n<meta name=\"twitter:site\" content=\"@MundoAgropecuar\" \/>\n<meta name=\"twitter:label1\" content=\"Escrito por\" \/>\n\t<meta name=\"twitter:data1\" content=\"mundo\" \/>\n\t<meta name=\"twitter:label2\" content=\"Tiempo de lectura\" \/>\n\t<meta name=\"twitter:data2\" content=\"3 minutos\" \/>\n<script type=\"application\/ld+json\" class=\"yoast-schema-graph\">{\"@context\":\"https:\/\/schema.org\",\"@graph\":[{\"@type\":\"Article\",\"@id\":\"https:\/\/www.mundoagropecuario.cl\/new\/nova-agro-impulsa-nueva-etapa-en-agricultura-regenerativa-junto-a-albiontech\/#article\",\"isPartOf\":{\"@id\":\"https:\/\/www.mundoagropecuario.cl\/new\/nova-agro-impulsa-nueva-etapa-en-agricultura-regenerativa-junto-a-albiontech\/\"},\"author\":{\"name\":\"mundo\",\"@id\":\"https:\/\/www.mundoagropecuario.cl\/new\/#\/schema\/person\/4e9f74a82a7dac260eb1c44b7eebeb18\"},\"headline\":\"Nova Agro impulsa nueva etapa en agricultura regenerativa junto a AlbionTech\",\"datePublished\":\"2025-07-21T13:38:22+00:00\",\"dateModified\":\"2025-07-24T14:35:21+00:00\",\"mainEntityOfPage\":{\"@id\":\"https:\/\/www.mundoagropecuario.cl\/new\/nova-agro-impulsa-nueva-etapa-en-agricultura-regenerativa-junto-a-albiontech\/\"},\"wordCount\":387,\"publisher\":{\"@id\":\"https:\/\/www.mundoagropecuario.cl\/new\/#organization\"},\"image\":{\"@id\":\"https:\/\/www.mundoagropecuario.cl\/new\/nova-agro-impulsa-nueva-etapa-en-agricultura-regenerativa-junto-a-albiontech\/#primaryimage\"},\"thumbnailUrl\":\"https:\/\/www.mundoagropecuario.cl\/new\/wp-content\/uploads\/2025\/07\/Nova22-scaled.jpeg\",\"keywords\":[\"agricola\",\"Agricultura\",\"Agro\",\"AlbionTech\",\"filial tecnol\u00f3gica de Sucralox Ltd.\",\"Minagri\",\"Mundo Agropecuario\",\"Nova Agro\",\"Nova Agro junto a AlbionTech\",\"SAG\"],\"articleSection\":[\"Empresa\"],\"inLanguage\":\"es\"},{\"@type\":\"WebPage\",\"@id\":\"https:\/\/www.mundoagropecuario.cl\/new\/nova-agro-impulsa-nueva-etapa-en-agricultura-regenerativa-junto-a-albiontech\/\",\"url\":\"https:\/\/www.mundoagropecuario.cl\/new\/nova-agro-impulsa-nueva-etapa-en-agricultura-regenerativa-junto-a-albiontech\/\",\"name\":\"Nova Agro impulsa nueva etapa en agricultura regenerativa junto a AlbionTech - Mundoagropecuario\",\"isPartOf\":{\"@id\":\"https:\/\/www.mundoagropecuario.cl\/new\/#website\"},\"primaryImageOfPage\":{\"@id\":\"https:\/\/www.mundoagropecuario.cl\/new\/nova-agro-impulsa-nueva-etapa-en-agricultura-regenerativa-junto-a-albiontech\/#primaryimage\"},\"image\":{\"@id\":\"https:\/\/www.mundoagropecuario.cl\/new\/nova-agro-impulsa-nueva-etapa-en-agricultura-regenerativa-junto-a-albiontech\/#primaryimage\"},\"thumbnailUrl\":\"https:\/\/www.mundoagropecuario.cl\/new\/wp-content\/uploads\/2025\/07\/Nova22-scaled.jpeg\",\"datePublished\":\"2025-07-21T13:38:22+00:00\",\"dateModified\":\"2025-07-24T14:35:21+00:00\",\"description\":\"Nova Agro adopta tecnolog\u00eda de AlbionTech\u2122 para avanzar hacia una agricultura regenerativa funcional, con soluciones adaptadas al campo real.\",\"breadcrumb\":{\"@id\":\"https:\/\/www.mundoagropecuario.cl\/new\/nova-agro-impulsa-nueva-etapa-en-agricultura-regenerativa-junto-a-albiontech\/#breadcrumb\"},\"inLanguage\":\"es\",\"potentialAction\":[{\"@type\":\"ReadAction\",\"target\":[\"https:\/\/www.mundoagropecuario.cl\/new\/nova-agro-impulsa-nueva-etapa-en-agricultura-regenerativa-junto-a-albiontech\/\"]}]},{\"@type\":\"ImageObject\",\"inLanguage\":\"es\",\"@id\":\"https:\/\/www.mundoagropecuario.cl\/new\/nova-agro-impulsa-nueva-etapa-en-agricultura-regenerativa-junto-a-albiontech\/#primaryimage\",\"url\":\"https:\/\/www.mundoagropecuario.cl\/new\/wp-content\/uploads\/2025\/07\/Nova22-scaled.jpeg\",\"contentUrl\":\"https:\/\/www.mundoagropecuario.cl\/new\/wp-content\/uploads\/2025\/07\/Nova22-scaled.jpeg\",\"width\":656,\"height\":400},{\"@type\":\"BreadcrumbList\",\"@id\":\"https:\/\/www.mundoagropecuario.cl\/new\/nova-agro-impulsa-nueva-etapa-en-agricultura-regenerativa-junto-a-albiontech\/#breadcrumb\",\"itemListElement\":[{\"@type\":\"ListItem\",\"position\":1,\"name\":\"Portada\",\"item\":\"https:\/\/www.mundoagropecuario.cl\/new\/\"},{\"@type\":\"ListItem\",\"position\":2,\"name\":\"Nova Agro impulsa nueva etapa en agricultura regenerativa junto a AlbionTech\"}]},{\"@type\":\"WebSite\",\"@id\":\"https:\/\/www.mundoagropecuario.cl\/new\/#website\",\"url\":\"https:\/\/www.mundoagropecuario.cl\/new\/\",\"name\":\"Mundoagropecuario\",\"description\":\"Mundo Agropecuario\",\"publisher\":{\"@id\":\"https:\/\/www.mundoagropecuario.cl\/new\/#organization\"},\"potentialAction\":[{\"@type\":\"SearchAction\",\"target\":{\"@type\":\"EntryPoint\",\"urlTemplate\":\"https:\/\/www.mundoagropecuario.cl\/new\/?s={search_term_string}\"},\"query-input\":{\"@type\":\"PropertyValueSpecification\",\"valueRequired\":true,\"valueName\":\"search_term_string\"}}],\"inLanguage\":\"es\"},{\"@type\":\"Organization\",\"@id\":\"https:\/\/www.mundoagropecuario.cl\/new\/#organization\",\"name\":\"Revista de Agricultura\",\"url\":\"https:\/\/www.mundoagropecuario.cl\/new\/\",\"logo\":{\"@type\":\"ImageObject\",\"inLanguage\":\"es\",\"@id\":\"https:\/\/www.mundoagropecuario.cl\/new\/#\/schema\/logo\/image\/\",\"url\":\"https:\/\/www.mundoagropecuario.cl\/new\/wp-content\/uploads\/2020\/11\/PORTAL-1-1.png\",\"contentUrl\":\"https:\/\/www.mundoagropecuario.cl\/new\/wp-content\/uploads\/2020\/11\/PORTAL-1-1.png\",\"width\":1026,\"height\":100,\"caption\":\"Revista de Agricultura\"},\"image\":{\"@id\":\"https:\/\/www.mundoagropecuario.cl\/new\/#\/schema\/logo\/image\/\"},\"sameAs\":[\"https:\/\/www.facebook.com\/mundo.agropecuario.3\",\"https:\/\/x.com\/MundoAgropecuar\",\"https:\/\/www.linkedin.com\/in\/mundo-agropecuario-934009201\/\"]},{\"@type\":\"Person\",\"@id\":\"https:\/\/www.mundoagropecuario.cl\/new\/#\/schema\/person\/4e9f74a82a7dac260eb1c44b7eebeb18\",\"name\":\"mundo\",\"url\":\"https:\/\/www.mundoagropecuario.cl\/new\/author\/mundo\/\"}]}<\/script>\n<!-- \/ Yoast SEO plugin. -->","yoast_head_json":{"title":"Nova Agro impulsa nueva etapa en agricultura regenerativa junto a AlbionTech - Mundoagropecuario","description":"Nova Agro adopta tecnolog\u00eda de AlbionTech\u2122 para avanzar hacia una agricultura regenerativa funcional, con soluciones adaptadas al campo real.","robots":{"index":"index","follow":"follow","max-snippet":"max-snippet:-1","max-image-preview":"max-image-preview:large","max-video-preview":"max-video-preview:-1"},"canonical":"https:\/\/www.mundoagropecuario.cl\/new\/nova-agro-impulsa-nueva-etapa-en-agricultura-regenerativa-junto-a-albiontech\/","og_locale":"es_ES","og_type":"article","og_title":"Nova Agro impulsa nueva etapa en agricultura regenerativa junto a AlbionTech - Mundoagropecuario","og_description":"Nova Agro adopta tecnolog\u00eda de AlbionTech\u2122 para avanzar hacia una agricultura regenerativa funcional, con soluciones adaptadas al campo real.","og_url":"https:\/\/www.mundoagropecuario.cl\/new\/nova-agro-impulsa-nueva-etapa-en-agricultura-regenerativa-junto-a-albiontech\/","og_site_name":"Mundoagropecuario","article_publisher":"https:\/\/www.facebook.com\/mundo.agropecuario.3","article_published_time":"2025-07-21T13:38:22+00:00","article_modified_time":"2025-07-24T14:35:21+00:00","og_image":[{"width":656,"height":400,"url":"https:\/\/www.mundoagropecuario.cl\/new\/wp-content\/uploads\/2025\/07\/Nova22-scaled.jpeg","type":"image\/jpeg"}],"author":"mundo","twitter_card":"summary_large_image","twitter_creator":"@MundoAgropecuar","twitter_site":"@MundoAgropecuar","twitter_misc":{"Escrito por":"mundo","Tiempo de lectura":"3 minutos"},"schema":{"@context":"https:\/\/schema.org","@graph":[{"@type":"Article","@id":"https:\/\/www.mundoagropecuario.cl\/new\/nova-agro-impulsa-nueva-etapa-en-agricultura-regenerativa-junto-a-albiontech\/#article","isPartOf":{"@id":"https:\/\/www.mundoagropecuario.cl\/new\/nova-agro-impulsa-nueva-etapa-en-agricultura-regenerativa-junto-a-albiontech\/"},"author":{"name":"mundo","@id":"https:\/\/www.mundoagropecuario.cl\/new\/#\/schema\/person\/4e9f74a82a7dac260eb1c44b7eebeb18"},"headline":"Nova Agro impulsa nueva etapa en agricultura regenerativa junto a AlbionTech","datePublished":"2025-07-21T13:38:22+00:00","dateModified":"2025-07-24T14:35:21+00:00","mainEntityOfPage":{"@id":"https:\/\/www.mundoagropecuario.cl\/new\/nova-agro-impulsa-nueva-etapa-en-agricultura-regenerativa-junto-a-albiontech\/"},"wordCount":387,"publisher":{"@id":"https:\/\/www.mundoagropecuario.cl\/new\/#organization"},"image":{"@id":"https:\/\/www.mundoagropecuario.cl\/new\/nova-agro-impulsa-nueva-etapa-en-agricultura-regenerativa-junto-a-albiontech\/#primaryimage"},"thumbnailUrl":"https:\/\/www.mundoagropecuario.cl\/new\/wp-content\/uploads\/2025\/07\/Nova22-scaled.jpeg","keywords":["agricola","Agricultura","Agro","AlbionTech","filial tecnol\u00f3gica de Sucralox Ltd.","Minagri","Mundo Agropecuario","Nova Agro","Nova Agro junto a AlbionTech","SAG"],"articleSection":["Empresa"],"inLanguage":"es"},{"@type":"WebPage","@id":"https:\/\/www.mundoagropecuario.cl\/new\/nova-agro-impulsa-nueva-etapa-en-agricultura-regenerativa-junto-a-albiontech\/","url":"https:\/\/www.mundoagropecuario.cl\/new\/nova-agro-impulsa-nueva-etapa-en-agricultura-regenerativa-junto-a-albiontech\/","name":"Nova Agro impulsa nueva etapa en agricultura regenerativa junto a AlbionTech - Mundoagropecuario","isPartOf":{"@id":"https:\/\/www.mundoagropecuario.cl\/new\/#website"},"primaryImageOfPage":{"@id":"https:\/\/www.mundoagropecuario.cl\/new\/nova-agro-impulsa-nueva-etapa-en-agricultura-regenerativa-junto-a-albiontech\/#primaryimage"},"image":{"@id":"https:\/\/www.mundoagropecuario.cl\/new\/nova-agro-impulsa-nueva-etapa-en-agricultura-regenerativa-junto-a-albiontech\/#primaryimage"},"thumbnailUrl":"https:\/\/www.mundoagropecuario.cl\/new\/wp-content\/uploads\/2025\/07\/Nova22-scaled.jpeg","datePublished":"2025-07-21T13:38:22+00:00","dateModified":"2025-07-24T14:35:21+00:00","description":"Nova Agro adopta tecnolog\u00eda de AlbionTech\u2122 para avanzar hacia una agricultura regenerativa funcional, con soluciones adaptadas al campo real.","breadcrumb":{"@id":"https:\/\/www.mundoagropecuario.cl\/new\/nova-agro-impulsa-nueva-etapa-en-agricultura-regenerativa-junto-a-albiontech\/#breadcrumb"},"inLanguage":"es","potentialAction":[{"@type":"ReadAction","target":["https:\/\/www.mundoagropecuario.cl\/new\/nova-agro-impulsa-nueva-etapa-en-agricultura-regenerativa-junto-a-albiontech\/"]}]},{"@type":"ImageObject","inLanguage":"es","@id":"https:\/\/www.mundoagropecuario.cl\/new\/nova-agro-impulsa-nueva-etapa-en-agricultura-regenerativa-junto-a-albiontech\/#primaryimage","url":"https:\/\/www.mundoagropecuario.cl\/new\/wp-content\/uploads\/2025\/07\/Nova22-scaled.jpeg","contentUrl":"https:\/\/www.mundoagropecuario.cl\/new\/wp-content\/uploads\/2025\/07\/Nova22-scaled.jpeg","width":656,"height":400},{"@type":"BreadcrumbList","@id":"https:\/\/www.mundoagropecuario.cl\/new\/nova-agro-impulsa-nueva-etapa-en-agricultura-regenerativa-junto-a-albiontech\/#breadcrumb","itemListElement":[{"@type":"ListItem","position":1,"name":"Portada","item":"https:\/\/www.mundoagropecuario.cl\/new\/"},{"@type":"ListItem","position":2,"name":"Nova Agro impulsa nueva etapa en agricultura regenerativa junto a AlbionTech"}]},{"@type":"WebSite","@id":"https:\/\/www.mundoagropecuario.cl\/new\/#website","url":"https:\/\/www.mundoagropecuario.cl\/new\/","name":"Mundoagropecuario","description":"Mundo Agropecuario","publisher":{"@id":"https:\/\/www.mundoagropecuario.cl\/new\/#organization"},"potentialAction":[{"@type":"SearchAction","target":{"@type":"EntryPoint","urlTemplate":"https:\/\/www.mundoagropecuario.cl\/new\/?s={search_term_string}"},"query-input":{"@type":"PropertyValueSpecification","valueRequired":true,"valueName":"search_term_string"}}],"inLanguage":"es"},{"@type":"Organization","@id":"https:\/\/www.mundoagropecuario.cl\/new\/#organization","name":"Revista de Agricultura","url":"https:\/\/www.mundoagropecuario.cl\/new\/","logo":{"@type":"ImageObject","inLanguage":"es","@id":"https:\/\/www.mundoagropecuario.cl\/new\/#\/schema\/logo\/image\/","url":"https:\/\/www.mundoagropecuario.cl\/new\/wp-content\/uploads\/2020\/11\/PORTAL-1-1.png","contentUrl":"https:\/\/www.mundoagropecuario.cl\/new\/wp-content\/uploads\/2020\/11\/PORTAL-1-1.png","width":1026,"height":100,"caption":"Revista de Agricultura"},"image":{"@id":"https:\/\/www.mundoagropecuario.cl\/new\/#\/schema\/logo\/image\/"},"sameAs":["https:\/\/www.facebook.com\/mundo.agropecuario.3","https:\/\/x.com\/MundoAgropecuar","https:\/\/www.linkedin.com\/in\/mundo-agropecuario-934009201\/"]},{"@type":"Person","@id":"https:\/\/www.mundoagropecuario.cl\/new\/#\/schema\/person\/4e9f74a82a7dac260eb1c44b7eebeb18","name":"mundo","url":"https:\/\/www.mundoagropecuario.cl\/new\/author\/mundo\/"}]}},"_links":{"self":[{"href":"https:\/\/www.mundoagropecuario.cl\/new\/wp-json\/wp\/v2\/posts\/27066","targetHints":{"allow":["GET"]}}],"collection":[{"href":"https:\/\/www.mundoagropecuario.cl\/new\/wp-json\/wp\/v2\/posts"}],"about":[{"href":"https:\/\/www.mundoagropecuario.cl\/new\/wp-json\/wp\/v2\/types\/post"}],"author":[{"embeddable":true,"href":"https:\/\/www.mundoagropecuario.cl\/new\/wp-json\/wp\/v2\/users\/2"}],"replies":[{"embeddable":true,"href":"https:\/\/www.mundoagropecuario.cl\/new\/wp-json\/wp\/v2\/comments?post=27066"}],"version-history":[{"count":2,"href":"https:\/\/www.mundoagropecuario.cl\/new\/wp-json\/wp\/v2\/posts\/27066\/revisions"}],"predecessor-version":[{"id":27071,"href":"https:\/\/www.mundoagropecuario.cl\/new\/wp-json\/wp\/v2\/posts\/27066\/revisions\/27071"}],"wp:featuredmedia":[{"embeddable":true,"href":"https:\/\/www.mundoagropecuario.cl\/new\/wp-json\/wp\/v2\/media\/27068"}],"wp:attachment":[{"href":"https:\/\/www.mundoagropecuario.cl\/new\/wp-json\/wp\/v2\/media?parent=27066"}],"wp:term":[{"taxonomy":"category","embeddable":true,"href":"https:\/\/www.mundoagropecuario.cl\/new\/wp-json\/wp\/v2\/categories?post=27066"},{"taxonomy":"post_tag","embeddable":true,"href":"https:\/\/www.mundoagropecuario.cl\/new\/wp-json\/wp\/v2\/tags?post=27066"}],"curies":[{"name":"wp","href":"https:\/\/api.w.org\/{rel}","templated":true}]}}