{"id":27041,"date":"2025-07-15T12:19:05","date_gmt":"2025-07-15T15:19:05","guid":{"rendered":"https:\/\/www.mundoagropecuario.cl\/new\/?p=27041"},"modified":"2025-07-21T12:38:50","modified_gmt":"2025-07-21T15:38:50","slug":"seminario-en-osorno-abordara-praderas-adaptadas-para-enfrentar-deficit-hidrico","status":"publish","type":"post","link":"https:\/\/www.mundoagropecuario.cl\/new\/seminario-en-osorno-abordara-praderas-adaptadas-para-enfrentar-deficit-hidrico\/","title":{"rendered":"Seminario en Osorno abordar\u00e1 praderas adaptadas para enfrentar d\u00e9ficit h\u00eddrico"},"content":{"rendered":"<p>Este mi\u00e9rcoles 23 de julio,\u00a0 desde las 09:30 horas, participa en el seminario de cierre del proyecto \u201cDesarrollo de un paquete tecnol\u00f3gico para el establecimiento y utilizaci\u00f3n de praderas polif\u00edticas con especies forrajeras tolerantes a la sequ\u00eda\u201d<\/p>\n<p><a href=\"https:\/\/www.mundoagropecuario.cl\/new\/wp-content\/uploads\/2025\/07\/seminario-scaled.jpg\"><img loading=\"lazy\" decoding=\"async\" class=\"wp-image-27043 alignright\" src=\"https:\/\/www.mundoagropecuario.cl\/new\/wp-content\/uploads\/2025\/07\/seminario-scaled.jpg\" alt=\"\" width=\"374\" height=\"512\" \/><\/a>Aqu\u00ed se presentar\u00e1n los principales resultados, aprendizajes y proyecciones derivadas de la implementaci\u00f3n del paquete tecnol\u00f3gico para el establecimiento y uso de praderas polif\u00edticas adaptadas a condiciones de d\u00e9ficit h\u00eddrico.<\/p>\n<p>El seminario se llevar\u00e1 a cabo en el Sal\u00f3n Conferencias 1 del Hotel Sonesta de Osorno, y contar\u00e1 con la participaci\u00f3n de investigadores, profesionales del agro y representantes del sector.<\/p>\n<p><strong>Modalidad: Presencial<\/strong><\/p>\n<p><strong>Valor: Actividad gratuita<\/strong><\/p>\n<p>Cupos limitados<\/p>\n<p>Importante: Para participar es necesario inscribirse previamente con Mar\u00eda Jes\u00fas Navarro, escribiendo al correo <strong>maria.navarro.c@uchile.cl.<\/strong><\/p>\n<p>Dado que los cupos son limitados, recomendamos realizar su inscripci\u00f3n a la brevedad.<\/p>\n<p>&nbsp;<\/p>\n<p>&nbsp;<\/p>\n","protected":false},"excerpt":{"rendered":"<p>El seminario se llevar\u00e1 a cabo en el Sal\u00f3n Conferencias 1 del Hotel Sonesta de Osorno, y contar\u00e1 con la participaci\u00f3n de investigadores, profesionales del agro y representantes del sector.<\/p>\n","protected":false},"author":2,"featured_media":27046,"comment_status":"closed","ping_status":"closed","sticky":false,"template":"","format":"standard","meta":{"footnotes":""},"categories":[1945],"tags":[2090,3127,2058,2187,1992,2052,1993,2141,2035,4149,9871,2036,9872],"class_list":["post-27041","post","type-post","status-publish","format-standard","has-post-thumbnail","hentry","category-agricultura","tag-agricultura","tag-agro","tag-fedeleche","tag-ganaderia","tag-indap","tag-inia","tag-inia-remehue","tag-lacteos","tag-minagri","tag-mundo-agropecuario","tag-praderas-polifiticas","tag-sag","tag-seminario-deficit-hidrico"],"yoast_head":"<!-- This site is optimized with the Yoast SEO plugin v26.6 - https:\/\/yoast.com\/wordpress\/plugins\/seo\/ -->\n<title>Seminario en Osorno abordar\u00e1 praderas adaptadas para enfrentar d\u00e9ficit h\u00eddrico - Mundoagropecuario<\/title>\n<meta name=\"description\" content=\"El seminario se llevar\u00e1 a cabo en el Hotel Sonesta de Osorno, y contar\u00e1 con la participaci\u00f3n de investigadores, profesionales del agro.\" \/>\n<meta name=\"robots\" content=\"index, follow, max-snippet:-1, max-image-preview:large, max-video-preview:-1\" \/>\n<link rel=\"canonical\" href=\"https:\/\/www.mundoagropecuario.cl\/new\/seminario-en-osorno-abordara-praderas-adaptadas-para-enfrentar-deficit-hidrico\/\" \/>\n<meta property=\"og:locale\" content=\"es_ES\" \/>\n<meta property=\"og:type\" content=\"article\" \/>\n<meta property=\"og:title\" content=\"Seminario en Osorno abordar\u00e1 praderas adaptadas para enfrentar d\u00e9ficit h\u00eddrico - Mundoagropecuario\" \/>\n<meta property=\"og:description\" content=\"El seminario se llevar\u00e1 a cabo en el Hotel Sonesta de Osorno, y contar\u00e1 con la participaci\u00f3n de investigadores, profesionales del agro.\" \/>\n<meta property=\"og:url\" content=\"https:\/\/www.mundoagropecuario.cl\/new\/seminario-en-osorno-abordara-praderas-adaptadas-para-enfrentar-deficit-hidrico\/\" \/>\n<meta property=\"og:site_name\" content=\"Mundoagropecuario\" \/>\n<meta property=\"article:publisher\" content=\"https:\/\/www.facebook.com\/mundo.agropecuario.3\" \/>\n<meta property=\"article:published_time\" content=\"2025-07-15T15:19:05+00:00\" \/>\n<meta property=\"article:modified_time\" content=\"2025-07-21T15:38:50+00:00\" \/>\n<meta property=\"og:image\" content=\"https:\/\/www.mundoagropecuario.cl\/new\/wp-content\/uploads\/2025\/07\/pradera-scaled.jpeg\" \/>\n\t<meta property=\"og:image:width\" content=\"696\" \/>\n\t<meta property=\"og:image:height\" content=\"400\" \/>\n\t<meta property=\"og:image:type\" content=\"image\/jpeg\" \/>\n<meta name=\"author\" content=\"mundo\" \/>\n<meta name=\"twitter:card\" content=\"summary_large_image\" \/>\n<meta name=\"twitter:creator\" content=\"@MundoAgropecuar\" \/>\n<meta name=\"twitter:site\" content=\"@MundoAgropecuar\" \/>\n<meta name=\"twitter:label1\" content=\"Escrito por\" \/>\n\t<meta name=\"twitter:data1\" content=\"mundo\" \/>\n\t<meta name=\"twitter:label2\" content=\"Tiempo de lectura\" \/>\n\t<meta name=\"twitter:data2\" content=\"2 minutos\" \/>\n<script type=\"application\/ld+json\" class=\"yoast-schema-graph\">{\"@context\":\"https:\/\/schema.org\",\"@graph\":[{\"@type\":\"Article\",\"@id\":\"https:\/\/www.mundoagropecuario.cl\/new\/seminario-en-osorno-abordara-praderas-adaptadas-para-enfrentar-deficit-hidrico\/#article\",\"isPartOf\":{\"@id\":\"https:\/\/www.mundoagropecuario.cl\/new\/seminario-en-osorno-abordara-praderas-adaptadas-para-enfrentar-deficit-hidrico\/\"},\"author\":{\"name\":\"mundo\",\"@id\":\"https:\/\/www.mundoagropecuario.cl\/new\/#\/schema\/person\/4e9f74a82a7dac260eb1c44b7eebeb18\"},\"headline\":\"Seminario en Osorno abordar\u00e1 praderas adaptadas para enfrentar d\u00e9ficit h\u00eddrico\",\"datePublished\":\"2025-07-15T15:19:05+00:00\",\"dateModified\":\"2025-07-21T15:38:50+00:00\",\"mainEntityOfPage\":{\"@id\":\"https:\/\/www.mundoagropecuario.cl\/new\/seminario-en-osorno-abordara-praderas-adaptadas-para-enfrentar-deficit-hidrico\/\"},\"wordCount\":163,\"publisher\":{\"@id\":\"https:\/\/www.mundoagropecuario.cl\/new\/#organization\"},\"image\":{\"@id\":\"https:\/\/www.mundoagropecuario.cl\/new\/seminario-en-osorno-abordara-praderas-adaptadas-para-enfrentar-deficit-hidrico\/#primaryimage\"},\"thumbnailUrl\":\"https:\/\/www.mundoagropecuario.cl\/new\/wp-content\/uploads\/2025\/07\/pradera-scaled.jpeg\",\"keywords\":[\"Agricultura\",\"Agro\",\"Fedeleche\",\"Ganader\u00eda\",\"Indap\",\"INIA\",\"INIA Remehue\",\"L\u00e1cteos\",\"Minagri\",\"Mundo Agropecuario\",\"praderas polif\u00edticas\",\"SAG\",\"Seminario d\u00e9ficit h\u00eddrico\"],\"articleSection\":[\"Agricultura\"],\"inLanguage\":\"es\"},{\"@type\":\"WebPage\",\"@id\":\"https:\/\/www.mundoagropecuario.cl\/new\/seminario-en-osorno-abordara-praderas-adaptadas-para-enfrentar-deficit-hidrico\/\",\"url\":\"https:\/\/www.mundoagropecuario.cl\/new\/seminario-en-osorno-abordara-praderas-adaptadas-para-enfrentar-deficit-hidrico\/\",\"name\":\"Seminario en Osorno abordar\u00e1 praderas adaptadas para enfrentar d\u00e9ficit h\u00eddrico - Mundoagropecuario\",\"isPartOf\":{\"@id\":\"https:\/\/www.mundoagropecuario.cl\/new\/#website\"},\"primaryImageOfPage\":{\"@id\":\"https:\/\/www.mundoagropecuario.cl\/new\/seminario-en-osorno-abordara-praderas-adaptadas-para-enfrentar-deficit-hidrico\/#primaryimage\"},\"image\":{\"@id\":\"https:\/\/www.mundoagropecuario.cl\/new\/seminario-en-osorno-abordara-praderas-adaptadas-para-enfrentar-deficit-hidrico\/#primaryimage\"},\"thumbnailUrl\":\"https:\/\/www.mundoagropecuario.cl\/new\/wp-content\/uploads\/2025\/07\/pradera-scaled.jpeg\",\"datePublished\":\"2025-07-15T15:19:05+00:00\",\"dateModified\":\"2025-07-21T15:38:50+00:00\",\"description\":\"El seminario se llevar\u00e1 a cabo en el Hotel Sonesta de Osorno, y contar\u00e1 con la participaci\u00f3n de investigadores, profesionales del agro.\",\"breadcrumb\":{\"@id\":\"https:\/\/www.mundoagropecuario.cl\/new\/seminario-en-osorno-abordara-praderas-adaptadas-para-enfrentar-deficit-hidrico\/#breadcrumb\"},\"inLanguage\":\"es\",\"potentialAction\":[{\"@type\":\"ReadAction\",\"target\":[\"https:\/\/www.mundoagropecuario.cl\/new\/seminario-en-osorno-abordara-praderas-adaptadas-para-enfrentar-deficit-hidrico\/\"]}]},{\"@type\":\"ImageObject\",\"inLanguage\":\"es\",\"@id\":\"https:\/\/www.mundoagropecuario.cl\/new\/seminario-en-osorno-abordara-praderas-adaptadas-para-enfrentar-deficit-hidrico\/#primaryimage\",\"url\":\"https:\/\/www.mundoagropecuario.cl\/new\/wp-content\/uploads\/2025\/07\/pradera-scaled.jpeg\",\"contentUrl\":\"https:\/\/www.mundoagropecuario.cl\/new\/wp-content\/uploads\/2025\/07\/pradera-scaled.jpeg\",\"width\":696,\"height\":400},{\"@type\":\"BreadcrumbList\",\"@id\":\"https:\/\/www.mundoagropecuario.cl\/new\/seminario-en-osorno-abordara-praderas-adaptadas-para-enfrentar-deficit-hidrico\/#breadcrumb\",\"itemListElement\":[{\"@type\":\"ListItem\",\"position\":1,\"name\":\"Portada\",\"item\":\"https:\/\/www.mundoagropecuario.cl\/new\/\"},{\"@type\":\"ListItem\",\"position\":2,\"name\":\"Seminario en Osorno abordar\u00e1 praderas adaptadas para enfrentar d\u00e9ficit h\u00eddrico\"}]},{\"@type\":\"WebSite\",\"@id\":\"https:\/\/www.mundoagropecuario.cl\/new\/#website\",\"url\":\"https:\/\/www.mundoagropecuario.cl\/new\/\",\"name\":\"Mundoagropecuario\",\"description\":\"Mundo Agropecuario\",\"publisher\":{\"@id\":\"https:\/\/www.mundoagropecuario.cl\/new\/#organization\"},\"potentialAction\":[{\"@type\":\"SearchAction\",\"target\":{\"@type\":\"EntryPoint\",\"urlTemplate\":\"https:\/\/www.mundoagropecuario.cl\/new\/?s={search_term_string}\"},\"query-input\":{\"@type\":\"PropertyValueSpecification\",\"valueRequired\":true,\"valueName\":\"search_term_string\"}}],\"inLanguage\":\"es\"},{\"@type\":\"Organization\",\"@id\":\"https:\/\/www.mundoagropecuario.cl\/new\/#organization\",\"name\":\"Revista de Agricultura\",\"url\":\"https:\/\/www.mundoagropecuario.cl\/new\/\",\"logo\":{\"@type\":\"ImageObject\",\"inLanguage\":\"es\",\"@id\":\"https:\/\/www.mundoagropecuario.cl\/new\/#\/schema\/logo\/image\/\",\"url\":\"https:\/\/www.mundoagropecuario.cl\/new\/wp-content\/uploads\/2020\/11\/PORTAL-1-1.png\",\"contentUrl\":\"https:\/\/www.mundoagropecuario.cl\/new\/wp-content\/uploads\/2020\/11\/PORTAL-1-1.png\",\"width\":1026,\"height\":100,\"caption\":\"Revista de Agricultura\"},\"image\":{\"@id\":\"https:\/\/www.mundoagropecuario.cl\/new\/#\/schema\/logo\/image\/\"},\"sameAs\":[\"https:\/\/www.facebook.com\/mundo.agropecuario.3\",\"https:\/\/x.com\/MundoAgropecuar\",\"https:\/\/www.linkedin.com\/in\/mundo-agropecuario-934009201\/\"]},{\"@type\":\"Person\",\"@id\":\"https:\/\/www.mundoagropecuario.cl\/new\/#\/schema\/person\/4e9f74a82a7dac260eb1c44b7eebeb18\",\"name\":\"mundo\",\"url\":\"https:\/\/www.mundoagropecuario.cl\/new\/author\/mundo\/\"}]}<\/script>\n<!-- \/ Yoast SEO plugin. -->","yoast_head_json":{"title":"Seminario en Osorno abordar\u00e1 praderas adaptadas para enfrentar d\u00e9ficit h\u00eddrico - Mundoagropecuario","description":"El seminario se llevar\u00e1 a cabo en el Hotel Sonesta de Osorno, y contar\u00e1 con la participaci\u00f3n de investigadores, profesionales del agro.","robots":{"index":"index","follow":"follow","max-snippet":"max-snippet:-1","max-image-preview":"max-image-preview:large","max-video-preview":"max-video-preview:-1"},"canonical":"https:\/\/www.mundoagropecuario.cl\/new\/seminario-en-osorno-abordara-praderas-adaptadas-para-enfrentar-deficit-hidrico\/","og_locale":"es_ES","og_type":"article","og_title":"Seminario en Osorno abordar\u00e1 praderas adaptadas para enfrentar d\u00e9ficit h\u00eddrico - Mundoagropecuario","og_description":"El seminario se llevar\u00e1 a cabo en el Hotel Sonesta de Osorno, y contar\u00e1 con la participaci\u00f3n de investigadores, profesionales del agro.","og_url":"https:\/\/www.mundoagropecuario.cl\/new\/seminario-en-osorno-abordara-praderas-adaptadas-para-enfrentar-deficit-hidrico\/","og_site_name":"Mundoagropecuario","article_publisher":"https:\/\/www.facebook.com\/mundo.agropecuario.3","article_published_time":"2025-07-15T15:19:05+00:00","article_modified_time":"2025-07-21T15:38:50+00:00","og_image":[{"width":696,"height":400,"url":"https:\/\/www.mundoagropecuario.cl\/new\/wp-content\/uploads\/2025\/07\/pradera-scaled.jpeg","type":"image\/jpeg"}],"author":"mundo","twitter_card":"summary_large_image","twitter_creator":"@MundoAgropecuar","twitter_site":"@MundoAgropecuar","twitter_misc":{"Escrito por":"mundo","Tiempo de lectura":"2 minutos"},"schema":{"@context":"https:\/\/schema.org","@graph":[{"@type":"Article","@id":"https:\/\/www.mundoagropecuario.cl\/new\/seminario-en-osorno-abordara-praderas-adaptadas-para-enfrentar-deficit-hidrico\/#article","isPartOf":{"@id":"https:\/\/www.mundoagropecuario.cl\/new\/seminario-en-osorno-abordara-praderas-adaptadas-para-enfrentar-deficit-hidrico\/"},"author":{"name":"mundo","@id":"https:\/\/www.mundoagropecuario.cl\/new\/#\/schema\/person\/4e9f74a82a7dac260eb1c44b7eebeb18"},"headline":"Seminario en Osorno abordar\u00e1 praderas adaptadas para enfrentar d\u00e9ficit h\u00eddrico","datePublished":"2025-07-15T15:19:05+00:00","dateModified":"2025-07-21T15:38:50+00:00","mainEntityOfPage":{"@id":"https:\/\/www.mundoagropecuario.cl\/new\/seminario-en-osorno-abordara-praderas-adaptadas-para-enfrentar-deficit-hidrico\/"},"wordCount":163,"publisher":{"@id":"https:\/\/www.mundoagropecuario.cl\/new\/#organization"},"image":{"@id":"https:\/\/www.mundoagropecuario.cl\/new\/seminario-en-osorno-abordara-praderas-adaptadas-para-enfrentar-deficit-hidrico\/#primaryimage"},"thumbnailUrl":"https:\/\/www.mundoagropecuario.cl\/new\/wp-content\/uploads\/2025\/07\/pradera-scaled.jpeg","keywords":["Agricultura","Agro","Fedeleche","Ganader\u00eda","Indap","INIA","INIA Remehue","L\u00e1cteos","Minagri","Mundo Agropecuario","praderas polif\u00edticas","SAG","Seminario d\u00e9ficit h\u00eddrico"],"articleSection":["Agricultura"],"inLanguage":"es"},{"@type":"WebPage","@id":"https:\/\/www.mundoagropecuario.cl\/new\/seminario-en-osorno-abordara-praderas-adaptadas-para-enfrentar-deficit-hidrico\/","url":"https:\/\/www.mundoagropecuario.cl\/new\/seminario-en-osorno-abordara-praderas-adaptadas-para-enfrentar-deficit-hidrico\/","name":"Seminario en Osorno abordar\u00e1 praderas adaptadas para enfrentar d\u00e9ficit h\u00eddrico - Mundoagropecuario","isPartOf":{"@id":"https:\/\/www.mundoagropecuario.cl\/new\/#website"},"primaryImageOfPage":{"@id":"https:\/\/www.mundoagropecuario.cl\/new\/seminario-en-osorno-abordara-praderas-adaptadas-para-enfrentar-deficit-hidrico\/#primaryimage"},"image":{"@id":"https:\/\/www.mundoagropecuario.cl\/new\/seminario-en-osorno-abordara-praderas-adaptadas-para-enfrentar-deficit-hidrico\/#primaryimage"},"thumbnailUrl":"https:\/\/www.mundoagropecuario.cl\/new\/wp-content\/uploads\/2025\/07\/pradera-scaled.jpeg","datePublished":"2025-07-15T15:19:05+00:00","dateModified":"2025-07-21T15:38:50+00:00","description":"El seminario se llevar\u00e1 a cabo en el Hotel Sonesta de Osorno, y contar\u00e1 con la participaci\u00f3n de investigadores, profesionales del agro.","breadcrumb":{"@id":"https:\/\/www.mundoagropecuario.cl\/new\/seminario-en-osorno-abordara-praderas-adaptadas-para-enfrentar-deficit-hidrico\/#breadcrumb"},"inLanguage":"es","potentialAction":[{"@type":"ReadAction","target":["https:\/\/www.mundoagropecuario.cl\/new\/seminario-en-osorno-abordara-praderas-adaptadas-para-enfrentar-deficit-hidrico\/"]}]},{"@type":"ImageObject","inLanguage":"es","@id":"https:\/\/www.mundoagropecuario.cl\/new\/seminario-en-osorno-abordara-praderas-adaptadas-para-enfrentar-deficit-hidrico\/#primaryimage","url":"https:\/\/www.mundoagropecuario.cl\/new\/wp-content\/uploads\/2025\/07\/pradera-scaled.jpeg","contentUrl":"https:\/\/www.mundoagropecuario.cl\/new\/wp-content\/uploads\/2025\/07\/pradera-scaled.jpeg","width":696,"height":400},{"@type":"BreadcrumbList","@id":"https:\/\/www.mundoagropecuario.cl\/new\/seminario-en-osorno-abordara-praderas-adaptadas-para-enfrentar-deficit-hidrico\/#breadcrumb","itemListElement":[{"@type":"ListItem","position":1,"name":"Portada","item":"https:\/\/www.mundoagropecuario.cl\/new\/"},{"@type":"ListItem","position":2,"name":"Seminario en Osorno abordar\u00e1 praderas adaptadas para enfrentar d\u00e9ficit h\u00eddrico"}]},{"@type":"WebSite","@id":"https:\/\/www.mundoagropecuario.cl\/new\/#website","url":"https:\/\/www.mundoagropecuario.cl\/new\/","name":"Mundoagropecuario","description":"Mundo Agropecuario","publisher":{"@id":"https:\/\/www.mundoagropecuario.cl\/new\/#organization"},"potentialAction":[{"@type":"SearchAction","target":{"@type":"EntryPoint","urlTemplate":"https:\/\/www.mundoagropecuario.cl\/new\/?s={search_term_string}"},"query-input":{"@type":"PropertyValueSpecification","valueRequired":true,"valueName":"search_term_string"}}],"inLanguage":"es"},{"@type":"Organization","@id":"https:\/\/www.mundoagropecuario.cl\/new\/#organization","name":"Revista de Agricultura","url":"https:\/\/www.mundoagropecuario.cl\/new\/","logo":{"@type":"ImageObject","inLanguage":"es","@id":"https:\/\/www.mundoagropecuario.cl\/new\/#\/schema\/logo\/image\/","url":"https:\/\/www.mundoagropecuario.cl\/new\/wp-content\/uploads\/2020\/11\/PORTAL-1-1.png","contentUrl":"https:\/\/www.mundoagropecuario.cl\/new\/wp-content\/uploads\/2020\/11\/PORTAL-1-1.png","width":1026,"height":100,"caption":"Revista de Agricultura"},"image":{"@id":"https:\/\/www.mundoagropecuario.cl\/new\/#\/schema\/logo\/image\/"},"sameAs":["https:\/\/www.facebook.com\/mundo.agropecuario.3","https:\/\/x.com\/MundoAgropecuar","https:\/\/www.linkedin.com\/in\/mundo-agropecuario-934009201\/"]},{"@type":"Person","@id":"https:\/\/www.mundoagropecuario.cl\/new\/#\/schema\/person\/4e9f74a82a7dac260eb1c44b7eebeb18","name":"mundo","url":"https:\/\/www.mundoagropecuario.cl\/new\/author\/mundo\/"}]}},"_links":{"self":[{"href":"https:\/\/www.mundoagropecuario.cl\/new\/wp-json\/wp\/v2\/posts\/27041","targetHints":{"allow":["GET"]}}],"collection":[{"href":"https:\/\/www.mundoagropecuario.cl\/new\/wp-json\/wp\/v2\/posts"}],"about":[{"href":"https:\/\/www.mundoagropecuario.cl\/new\/wp-json\/wp\/v2\/types\/post"}],"author":[{"embeddable":true,"href":"https:\/\/www.mundoagropecuario.cl\/new\/wp-json\/wp\/v2\/users\/2"}],"replies":[{"embeddable":true,"href":"https:\/\/www.mundoagropecuario.cl\/new\/wp-json\/wp\/v2\/comments?post=27041"}],"version-history":[{"count":1,"href":"https:\/\/www.mundoagropecuario.cl\/new\/wp-json\/wp\/v2\/posts\/27041\/revisions"}],"predecessor-version":[{"id":27044,"href":"https:\/\/www.mundoagropecuario.cl\/new\/wp-json\/wp\/v2\/posts\/27041\/revisions\/27044"}],"wp:featuredmedia":[{"embeddable":true,"href":"https:\/\/www.mundoagropecuario.cl\/new\/wp-json\/wp\/v2\/media\/27046"}],"wp:attachment":[{"href":"https:\/\/www.mundoagropecuario.cl\/new\/wp-json\/wp\/v2\/media?parent=27041"}],"wp:term":[{"taxonomy":"category","embeddable":true,"href":"https:\/\/www.mundoagropecuario.cl\/new\/wp-json\/wp\/v2\/categories?post=27041"},{"taxonomy":"post_tag","embeddable":true,"href":"https:\/\/www.mundoagropecuario.cl\/new\/wp-json\/wp\/v2\/tags?post=27041"}],"curies":[{"name":"wp","href":"https:\/\/api.w.org\/{rel}","templated":true}]}}