{"id":27034,"date":"2025-07-15T11:28:30","date_gmt":"2025-07-15T14:28:30","guid":{"rendered":"https:\/\/www.mundoagropecuario.cl\/new\/?p=27034"},"modified":"2025-07-21T12:37:57","modified_gmt":"2025-07-21T15:37:57","slug":"instituto-adolfo-matthei-entrega-formacion-en-jardineria-a-mujeres-jefas-de-hogar","status":"publish","type":"post","link":"https:\/\/www.mundoagropecuario.cl\/new\/instituto-adolfo-matthei-entrega-formacion-en-jardineria-a-mujeres-jefas-de-hogar\/","title":{"rendered":"Instituto Adolfo Matthei entrega formaci\u00f3n en jardiner\u00eda a mujeres Jefas de Hogar"},"content":{"rendered":"<p>Con una clase te\u00f3rica y actividades pr\u00e1cticas, el Instituto profesional Agrario Adolfo Matthei, realiz\u00f3 el primero de una serie de cursos para participantes del programa Mujeres Jefas de Hogar de la Municipalidad de Osorno, actividad en la que 35 mujeres se dieron cita, en esta ocasi\u00f3n, para adquirir conocimientos en materia de jardiner\u00eda y producci\u00f3n de plantas de interior, entre otras tem\u00e1ticas relacionadas.<\/p>\n<p><a href=\"https:\/\/www.mundoagropecuario.cl\/new\/wp-content\/uploads\/2025\/07\/2-1-scaled.jpeg\"><img loading=\"lazy\" decoding=\"async\" class=\"alignleft wp-image-27036 size-full\" src=\"https:\/\/www.mundoagropecuario.cl\/new\/wp-content\/uploads\/2025\/07\/2-1-scaled.jpeg\" alt=\"\" width=\"533\" height=\"400\" srcset=\"https:\/\/www.mundoagropecuario.cl\/new\/wp-content\/uploads\/2025\/07\/2-1-scaled.jpeg 533w, https:\/\/www.mundoagropecuario.cl\/new\/wp-content\/uploads\/2025\/07\/2-1-177x133.jpeg 177w, https:\/\/www.mundoagropecuario.cl\/new\/wp-content\/uploads\/2025\/07\/2-1-768x576.jpeg 768w, https:\/\/www.mundoagropecuario.cl\/new\/wp-content\/uploads\/2025\/07\/2-1-1536x1152.jpeg 1536w\" sizes=\"auto, (max-width: 533px) 100vw, 533px\" \/><\/a>La charla estuvo dictada por el docente Diego Domke, encargado de la Unidad did\u00e1ctica hortofrut\u00edcola del Instituto, quien ahond\u00f3 en los cuidados y t\u00e9cnicas para la creaci\u00f3n y mantenci\u00f3n de un jard\u00edn, as\u00ed como tambi\u00e9n sobre el uso de elementos importantes para un correcto crecimiento de plantas y flores, como lo son sustratos y semillas, uso de macetas, sistemas de drenaje y los cuidados b\u00e1sicos para su mantenci\u00f3n.<\/p>\n<p>En la actividad, las participantes pudieron interactuar realizando consultas, dando a conocer su experiencia en mantenci\u00f3n de jardines y pudieron aprender de forma pr\u00e1ctica en los huertos del Instituto algunas de las t\u00e9cnicas necesarias que les permitan desarrollar la jardiner\u00eda de forma exitosa.<\/p>\n<p>El taller se enmarca en el enfoque de Aprendizaje y Servicio (A+S), una metodolog\u00eda que promueve el aprendizaje activo de los estudiantes, permiti\u00e9ndoles aplicar sus conocimientos en contextos reales mediante servicios prestados a socios comunitarios con necesidades genuinas.<\/p>\n<p>En la presente oportunidad, esta metodolog\u00eda fue liderada y coordinada por el jefe CAADE Joaho Hern\u00e1ndez y por la coordinadora de Innovaci\u00f3n, transferencia tecnol\u00f3gica y emprendimiento, Camila Vicente.<\/p>\n<p>En este contexto, tambi\u00e9n se cont\u00f3 con la colaboraci\u00f3n de la instituci\u00f3n AIEP, que particip\u00f3 a trav\u00e9s de dos estudiantes de la carrera de Desarrollo Social, quienes estuvieron a cargo de asistir a los hijos e hijas de las participantes, permitiendo que las madres pudieran recibir la capacitaci\u00f3n de manera tranquila, mientras los m\u00e1s peque\u00f1os disfrutaban de actividades recreativas, labor supervisada por la jefa de escuela de Desarrollo Social de AIEP, Paula Rojel.<\/p>\n<p>La Directora acad\u00e9mica del Instituto Adolfo Matthei, Daniela Herrera, sostuvo que este primer Taller es el puntapi\u00e9 inicial de un trabajo mancomunado con la Municipalidad de Osorno. \u201cEn esta ocasi\u00f3n tuvimos una gran participaci\u00f3n, instancia donde a las participantes se les ofreci\u00f3 toda la experiencia de nuestro Instituto para que adquieran conocimientos en jardiner\u00eda, siendo este curso el primero de muchos m\u00e1s que vamos a dictar para el programa Mujeres Jefas de Hogar\u201d.<\/p>\n<!--[if lt IE 9]><script>document.createElement('audio');<\/script><![endif]-->\n<audio class=\"wp-audio-shortcode\" id=\"audio-27034-1\" preload=\"none\" style=\"width: 100%;\" controls=\"controls\"><source type=\"audio\/mpeg\" src=\"https:\/\/www.mundoagropecuario.cl\/new\/wp-content\/uploads\/2025\/07\/INGRID_LUNA.mp3?_=1\" \/><a href=\"https:\/\/www.mundoagropecuario.cl\/new\/wp-content\/uploads\/2025\/07\/INGRID_LUNA.mp3\">https:\/\/www.mundoagropecuario.cl\/new\/wp-content\/uploads\/2025\/07\/INGRID_LUNA.mp3<\/a><\/audio>\n<p>Por su parte, la rectora del Instituto Adolfo Matthei, Ingrid Luna, fue la encargada de entregar la bienvenida a las mujeres participantes, resaltando la alta participaci\u00f3n y entusiasmo por adquirir nuevos conocimientos. \u201cPara nosotros, este tipo de actividades son las que entregan un sentido a todo lo que realizamos como instituci\u00f3n, ya que queremos que estas mujeres se acerquen al mundo del agro y que adem\u00e1s les permita incluso emprender gracias al conocimiento que adquieren en nuestras aulas\u201d, dice la rectora.<\/p>\n<p>La autoridad acad\u00e9mica agreg\u00f3 que este taller se suma a una serie de cursos que se dictar\u00e1n a futuro en conjunto con el Instituto AIEP, donde las participantes podr\u00e1n aprender otras materias relacionadas al emprendimiento, con el objetivo de desarrollar conocimiento y habilidades que les permitan mejorar su calidad de vida y sociabilizar junto a otras mujeres de la comuna de Osorno.<\/p>\n","protected":false},"excerpt":{"rendered":"<p>La rectora del Instituto Adolfo Matthei, dio la bienvenida a las mujeres participantes, resaltando la alta participaci\u00f3n y entusiasmo por adquirir nuevos conocimientos.<\/p>\n","protected":false},"author":2,"featured_media":27037,"comment_status":"closed","ping_status":"closed","sticky":false,"template":"","format":"standard","meta":{"footnotes":""},"categories":[1945],"tags":[2090,542,876,1992,9803,7263,9866,9867],"class_list":["post-27034","post","type-post","status-publish","format-standard","has-post-thumbnail","hentry","category-agricultura","tag-agricultura","tag-cambio-climatico","tag-conaf","tag-indap","tag-ingrid-luna","tag-instituto-adolfo-matthei","tag-mujeres-jefas-de-hogar","tag-rectora-del-instituto-adolfo-matthei"],"yoast_head":"<!-- This site is optimized with the Yoast SEO plugin v26.6 - https:\/\/yoast.com\/wordpress\/plugins\/seo\/ -->\n<title>Instituto Adolfo Matthei entrega formaci\u00f3n en jardiner\u00eda a mujeres Jefas de Hogar - Mundoagropecuario<\/title>\n<meta name=\"description\" content=\"La rectora del Instituto, dio la bienvenida a las mujeres participantes, resaltando la alta participaci\u00f3n por adquirir nuevos conocimientos.\" \/>\n<meta name=\"robots\" content=\"index, follow, max-snippet:-1, max-image-preview:large, max-video-preview:-1\" \/>\n<link rel=\"canonical\" href=\"https:\/\/www.mundoagropecuario.cl\/new\/instituto-adolfo-matthei-entrega-formacion-en-jardineria-a-mujeres-jefas-de-hogar\/\" \/>\n<meta property=\"og:locale\" content=\"es_ES\" \/>\n<meta property=\"og:type\" content=\"article\" \/>\n<meta property=\"og:title\" content=\"Instituto Adolfo Matthei entrega formaci\u00f3n en jardiner\u00eda a mujeres Jefas de Hogar - Mundoagropecuario\" \/>\n<meta property=\"og:description\" content=\"La rectora del Instituto, dio la bienvenida a las mujeres participantes, resaltando la alta participaci\u00f3n por adquirir nuevos conocimientos.\" \/>\n<meta property=\"og:url\" content=\"https:\/\/www.mundoagropecuario.cl\/new\/instituto-adolfo-matthei-entrega-formacion-en-jardineria-a-mujeres-jefas-de-hogar\/\" \/>\n<meta property=\"og:site_name\" content=\"Mundoagropecuario\" \/>\n<meta property=\"article:publisher\" content=\"https:\/\/www.facebook.com\/mundo.agropecuario.3\" \/>\n<meta property=\"article:published_time\" content=\"2025-07-15T14:28:30+00:00\" \/>\n<meta property=\"article:modified_time\" content=\"2025-07-21T15:37:57+00:00\" \/>\n<meta property=\"og:image\" content=\"https:\/\/www.mundoagropecuario.cl\/new\/wp-content\/uploads\/2025\/07\/IMG_5244-scaled.jpg\" \/>\n\t<meta property=\"og:image:width\" content=\"711\" \/>\n\t<meta property=\"og:image:height\" content=\"400\" \/>\n\t<meta property=\"og:image:type\" content=\"image\/jpeg\" \/>\n<meta name=\"author\" content=\"mundo\" \/>\n<meta name=\"twitter:card\" content=\"summary_large_image\" \/>\n<meta name=\"twitter:creator\" content=\"@MundoAgropecuar\" \/>\n<meta name=\"twitter:site\" content=\"@MundoAgropecuar\" \/>\n<meta name=\"twitter:label1\" content=\"Escrito por\" \/>\n\t<meta name=\"twitter:data1\" content=\"mundo\" \/>\n\t<meta name=\"twitter:label2\" content=\"Tiempo de lectura\" \/>\n\t<meta name=\"twitter:data2\" content=\"3 minutos\" \/>\n<script type=\"application\/ld+json\" class=\"yoast-schema-graph\">{\"@context\":\"https:\/\/schema.org\",\"@graph\":[{\"@type\":\"Article\",\"@id\":\"https:\/\/www.mundoagropecuario.cl\/new\/instituto-adolfo-matthei-entrega-formacion-en-jardineria-a-mujeres-jefas-de-hogar\/#article\",\"isPartOf\":{\"@id\":\"https:\/\/www.mundoagropecuario.cl\/new\/instituto-adolfo-matthei-entrega-formacion-en-jardineria-a-mujeres-jefas-de-hogar\/\"},\"author\":{\"name\":\"mundo\",\"@id\":\"https:\/\/www.mundoagropecuario.cl\/new\/#\/schema\/person\/4e9f74a82a7dac260eb1c44b7eebeb18\"},\"headline\":\"Instituto Adolfo Matthei entrega formaci\u00f3n en jardiner\u00eda a mujeres Jefas de Hogar\",\"datePublished\":\"2025-07-15T14:28:30+00:00\",\"dateModified\":\"2025-07-21T15:37:57+00:00\",\"mainEntityOfPage\":{\"@id\":\"https:\/\/www.mundoagropecuario.cl\/new\/instituto-adolfo-matthei-entrega-formacion-en-jardineria-a-mujeres-jefas-de-hogar\/\"},\"wordCount\":599,\"publisher\":{\"@id\":\"https:\/\/www.mundoagropecuario.cl\/new\/#organization\"},\"image\":{\"@id\":\"https:\/\/www.mundoagropecuario.cl\/new\/instituto-adolfo-matthei-entrega-formacion-en-jardineria-a-mujeres-jefas-de-hogar\/#primaryimage\"},\"thumbnailUrl\":\"https:\/\/www.mundoagropecuario.cl\/new\/wp-content\/uploads\/2025\/07\/IMG_5244-scaled.jpg\",\"keywords\":[\"Agricultura\",\"Cambio clim\u00e1tico\",\"Conaf\",\"Indap\",\"Ingrid Luna\",\"Instituto Adolfo Matthei.\",\"mujeres Jefas de Hogar\",\"rectora del Instituto Adolfo Matthei\"],\"articleSection\":[\"Agricultura\"],\"inLanguage\":\"es\"},{\"@type\":\"WebPage\",\"@id\":\"https:\/\/www.mundoagropecuario.cl\/new\/instituto-adolfo-matthei-entrega-formacion-en-jardineria-a-mujeres-jefas-de-hogar\/\",\"url\":\"https:\/\/www.mundoagropecuario.cl\/new\/instituto-adolfo-matthei-entrega-formacion-en-jardineria-a-mujeres-jefas-de-hogar\/\",\"name\":\"Instituto Adolfo Matthei entrega formaci\u00f3n en jardiner\u00eda a mujeres Jefas de Hogar - Mundoagropecuario\",\"isPartOf\":{\"@id\":\"https:\/\/www.mundoagropecuario.cl\/new\/#website\"},\"primaryImageOfPage\":{\"@id\":\"https:\/\/www.mundoagropecuario.cl\/new\/instituto-adolfo-matthei-entrega-formacion-en-jardineria-a-mujeres-jefas-de-hogar\/#primaryimage\"},\"image\":{\"@id\":\"https:\/\/www.mundoagropecuario.cl\/new\/instituto-adolfo-matthei-entrega-formacion-en-jardineria-a-mujeres-jefas-de-hogar\/#primaryimage\"},\"thumbnailUrl\":\"https:\/\/www.mundoagropecuario.cl\/new\/wp-content\/uploads\/2025\/07\/IMG_5244-scaled.jpg\",\"datePublished\":\"2025-07-15T14:28:30+00:00\",\"dateModified\":\"2025-07-21T15:37:57+00:00\",\"description\":\"La rectora del Instituto, dio la bienvenida a las mujeres participantes, resaltando la alta participaci\u00f3n por adquirir nuevos conocimientos.\",\"breadcrumb\":{\"@id\":\"https:\/\/www.mundoagropecuario.cl\/new\/instituto-adolfo-matthei-entrega-formacion-en-jardineria-a-mujeres-jefas-de-hogar\/#breadcrumb\"},\"inLanguage\":\"es\",\"potentialAction\":[{\"@type\":\"ReadAction\",\"target\":[\"https:\/\/www.mundoagropecuario.cl\/new\/instituto-adolfo-matthei-entrega-formacion-en-jardineria-a-mujeres-jefas-de-hogar\/\"]}]},{\"@type\":\"ImageObject\",\"inLanguage\":\"es\",\"@id\":\"https:\/\/www.mundoagropecuario.cl\/new\/instituto-adolfo-matthei-entrega-formacion-en-jardineria-a-mujeres-jefas-de-hogar\/#primaryimage\",\"url\":\"https:\/\/www.mundoagropecuario.cl\/new\/wp-content\/uploads\/2025\/07\/IMG_5244-scaled.jpg\",\"contentUrl\":\"https:\/\/www.mundoagropecuario.cl\/new\/wp-content\/uploads\/2025\/07\/IMG_5244-scaled.jpg\",\"width\":711,\"height\":400},{\"@type\":\"BreadcrumbList\",\"@id\":\"https:\/\/www.mundoagropecuario.cl\/new\/instituto-adolfo-matthei-entrega-formacion-en-jardineria-a-mujeres-jefas-de-hogar\/#breadcrumb\",\"itemListElement\":[{\"@type\":\"ListItem\",\"position\":1,\"name\":\"Portada\",\"item\":\"https:\/\/www.mundoagropecuario.cl\/new\/\"},{\"@type\":\"ListItem\",\"position\":2,\"name\":\"Instituto Adolfo Matthei entrega formaci\u00f3n en jardiner\u00eda a mujeres Jefas de Hogar\"}]},{\"@type\":\"WebSite\",\"@id\":\"https:\/\/www.mundoagropecuario.cl\/new\/#website\",\"url\":\"https:\/\/www.mundoagropecuario.cl\/new\/\",\"name\":\"Mundoagropecuario\",\"description\":\"Mundo Agropecuario\",\"publisher\":{\"@id\":\"https:\/\/www.mundoagropecuario.cl\/new\/#organization\"},\"potentialAction\":[{\"@type\":\"SearchAction\",\"target\":{\"@type\":\"EntryPoint\",\"urlTemplate\":\"https:\/\/www.mundoagropecuario.cl\/new\/?s={search_term_string}\"},\"query-input\":{\"@type\":\"PropertyValueSpecification\",\"valueRequired\":true,\"valueName\":\"search_term_string\"}}],\"inLanguage\":\"es\"},{\"@type\":\"Organization\",\"@id\":\"https:\/\/www.mundoagropecuario.cl\/new\/#organization\",\"name\":\"Revista de Agricultura\",\"url\":\"https:\/\/www.mundoagropecuario.cl\/new\/\",\"logo\":{\"@type\":\"ImageObject\",\"inLanguage\":\"es\",\"@id\":\"https:\/\/www.mundoagropecuario.cl\/new\/#\/schema\/logo\/image\/\",\"url\":\"https:\/\/www.mundoagropecuario.cl\/new\/wp-content\/uploads\/2020\/11\/PORTAL-1-1.png\",\"contentUrl\":\"https:\/\/www.mundoagropecuario.cl\/new\/wp-content\/uploads\/2020\/11\/PORTAL-1-1.png\",\"width\":1026,\"height\":100,\"caption\":\"Revista de Agricultura\"},\"image\":{\"@id\":\"https:\/\/www.mundoagropecuario.cl\/new\/#\/schema\/logo\/image\/\"},\"sameAs\":[\"https:\/\/www.facebook.com\/mundo.agropecuario.3\",\"https:\/\/x.com\/MundoAgropecuar\",\"https:\/\/www.linkedin.com\/in\/mundo-agropecuario-934009201\/\"]},{\"@type\":\"Person\",\"@id\":\"https:\/\/www.mundoagropecuario.cl\/new\/#\/schema\/person\/4e9f74a82a7dac260eb1c44b7eebeb18\",\"name\":\"mundo\",\"url\":\"https:\/\/www.mundoagropecuario.cl\/new\/author\/mundo\/\"}]}<\/script>\n<!-- \/ Yoast SEO plugin. -->","yoast_head_json":{"title":"Instituto Adolfo Matthei entrega formaci\u00f3n en jardiner\u00eda a mujeres Jefas de Hogar - Mundoagropecuario","description":"La rectora del Instituto, dio la bienvenida a las mujeres participantes, resaltando la alta participaci\u00f3n por adquirir nuevos conocimientos.","robots":{"index":"index","follow":"follow","max-snippet":"max-snippet:-1","max-image-preview":"max-image-preview:large","max-video-preview":"max-video-preview:-1"},"canonical":"https:\/\/www.mundoagropecuario.cl\/new\/instituto-adolfo-matthei-entrega-formacion-en-jardineria-a-mujeres-jefas-de-hogar\/","og_locale":"es_ES","og_type":"article","og_title":"Instituto Adolfo Matthei entrega formaci\u00f3n en jardiner\u00eda a mujeres Jefas de Hogar - Mundoagropecuario","og_description":"La rectora del Instituto, dio la bienvenida a las mujeres participantes, resaltando la alta participaci\u00f3n por adquirir nuevos conocimientos.","og_url":"https:\/\/www.mundoagropecuario.cl\/new\/instituto-adolfo-matthei-entrega-formacion-en-jardineria-a-mujeres-jefas-de-hogar\/","og_site_name":"Mundoagropecuario","article_publisher":"https:\/\/www.facebook.com\/mundo.agropecuario.3","article_published_time":"2025-07-15T14:28:30+00:00","article_modified_time":"2025-07-21T15:37:57+00:00","og_image":[{"width":711,"height":400,"url":"https:\/\/www.mundoagropecuario.cl\/new\/wp-content\/uploads\/2025\/07\/IMG_5244-scaled.jpg","type":"image\/jpeg"}],"author":"mundo","twitter_card":"summary_large_image","twitter_creator":"@MundoAgropecuar","twitter_site":"@MundoAgropecuar","twitter_misc":{"Escrito por":"mundo","Tiempo de lectura":"3 minutos"},"schema":{"@context":"https:\/\/schema.org","@graph":[{"@type":"Article","@id":"https:\/\/www.mundoagropecuario.cl\/new\/instituto-adolfo-matthei-entrega-formacion-en-jardineria-a-mujeres-jefas-de-hogar\/#article","isPartOf":{"@id":"https:\/\/www.mundoagropecuario.cl\/new\/instituto-adolfo-matthei-entrega-formacion-en-jardineria-a-mujeres-jefas-de-hogar\/"},"author":{"name":"mundo","@id":"https:\/\/www.mundoagropecuario.cl\/new\/#\/schema\/person\/4e9f74a82a7dac260eb1c44b7eebeb18"},"headline":"Instituto Adolfo Matthei entrega formaci\u00f3n en jardiner\u00eda a mujeres Jefas de Hogar","datePublished":"2025-07-15T14:28:30+00:00","dateModified":"2025-07-21T15:37:57+00:00","mainEntityOfPage":{"@id":"https:\/\/www.mundoagropecuario.cl\/new\/instituto-adolfo-matthei-entrega-formacion-en-jardineria-a-mujeres-jefas-de-hogar\/"},"wordCount":599,"publisher":{"@id":"https:\/\/www.mundoagropecuario.cl\/new\/#organization"},"image":{"@id":"https:\/\/www.mundoagropecuario.cl\/new\/instituto-adolfo-matthei-entrega-formacion-en-jardineria-a-mujeres-jefas-de-hogar\/#primaryimage"},"thumbnailUrl":"https:\/\/www.mundoagropecuario.cl\/new\/wp-content\/uploads\/2025\/07\/IMG_5244-scaled.jpg","keywords":["Agricultura","Cambio clim\u00e1tico","Conaf","Indap","Ingrid Luna","Instituto Adolfo Matthei.","mujeres Jefas de Hogar","rectora del Instituto Adolfo Matthei"],"articleSection":["Agricultura"],"inLanguage":"es"},{"@type":"WebPage","@id":"https:\/\/www.mundoagropecuario.cl\/new\/instituto-adolfo-matthei-entrega-formacion-en-jardineria-a-mujeres-jefas-de-hogar\/","url":"https:\/\/www.mundoagropecuario.cl\/new\/instituto-adolfo-matthei-entrega-formacion-en-jardineria-a-mujeres-jefas-de-hogar\/","name":"Instituto Adolfo Matthei entrega formaci\u00f3n en jardiner\u00eda a mujeres Jefas de Hogar - Mundoagropecuario","isPartOf":{"@id":"https:\/\/www.mundoagropecuario.cl\/new\/#website"},"primaryImageOfPage":{"@id":"https:\/\/www.mundoagropecuario.cl\/new\/instituto-adolfo-matthei-entrega-formacion-en-jardineria-a-mujeres-jefas-de-hogar\/#primaryimage"},"image":{"@id":"https:\/\/www.mundoagropecuario.cl\/new\/instituto-adolfo-matthei-entrega-formacion-en-jardineria-a-mujeres-jefas-de-hogar\/#primaryimage"},"thumbnailUrl":"https:\/\/www.mundoagropecuario.cl\/new\/wp-content\/uploads\/2025\/07\/IMG_5244-scaled.jpg","datePublished":"2025-07-15T14:28:30+00:00","dateModified":"2025-07-21T15:37:57+00:00","description":"La rectora del Instituto, dio la bienvenida a las mujeres participantes, resaltando la alta participaci\u00f3n por adquirir nuevos conocimientos.","breadcrumb":{"@id":"https:\/\/www.mundoagropecuario.cl\/new\/instituto-adolfo-matthei-entrega-formacion-en-jardineria-a-mujeres-jefas-de-hogar\/#breadcrumb"},"inLanguage":"es","potentialAction":[{"@type":"ReadAction","target":["https:\/\/www.mundoagropecuario.cl\/new\/instituto-adolfo-matthei-entrega-formacion-en-jardineria-a-mujeres-jefas-de-hogar\/"]}]},{"@type":"ImageObject","inLanguage":"es","@id":"https:\/\/www.mundoagropecuario.cl\/new\/instituto-adolfo-matthei-entrega-formacion-en-jardineria-a-mujeres-jefas-de-hogar\/#primaryimage","url":"https:\/\/www.mundoagropecuario.cl\/new\/wp-content\/uploads\/2025\/07\/IMG_5244-scaled.jpg","contentUrl":"https:\/\/www.mundoagropecuario.cl\/new\/wp-content\/uploads\/2025\/07\/IMG_5244-scaled.jpg","width":711,"height":400},{"@type":"BreadcrumbList","@id":"https:\/\/www.mundoagropecuario.cl\/new\/instituto-adolfo-matthei-entrega-formacion-en-jardineria-a-mujeres-jefas-de-hogar\/#breadcrumb","itemListElement":[{"@type":"ListItem","position":1,"name":"Portada","item":"https:\/\/www.mundoagropecuario.cl\/new\/"},{"@type":"ListItem","position":2,"name":"Instituto Adolfo Matthei entrega formaci\u00f3n en jardiner\u00eda a mujeres Jefas de Hogar"}]},{"@type":"WebSite","@id":"https:\/\/www.mundoagropecuario.cl\/new\/#website","url":"https:\/\/www.mundoagropecuario.cl\/new\/","name":"Mundoagropecuario","description":"Mundo Agropecuario","publisher":{"@id":"https:\/\/www.mundoagropecuario.cl\/new\/#organization"},"potentialAction":[{"@type":"SearchAction","target":{"@type":"EntryPoint","urlTemplate":"https:\/\/www.mundoagropecuario.cl\/new\/?s={search_term_string}"},"query-input":{"@type":"PropertyValueSpecification","valueRequired":true,"valueName":"search_term_string"}}],"inLanguage":"es"},{"@type":"Organization","@id":"https:\/\/www.mundoagropecuario.cl\/new\/#organization","name":"Revista de Agricultura","url":"https:\/\/www.mundoagropecuario.cl\/new\/","logo":{"@type":"ImageObject","inLanguage":"es","@id":"https:\/\/www.mundoagropecuario.cl\/new\/#\/schema\/logo\/image\/","url":"https:\/\/www.mundoagropecuario.cl\/new\/wp-content\/uploads\/2020\/11\/PORTAL-1-1.png","contentUrl":"https:\/\/www.mundoagropecuario.cl\/new\/wp-content\/uploads\/2020\/11\/PORTAL-1-1.png","width":1026,"height":100,"caption":"Revista de Agricultura"},"image":{"@id":"https:\/\/www.mundoagropecuario.cl\/new\/#\/schema\/logo\/image\/"},"sameAs":["https:\/\/www.facebook.com\/mundo.agropecuario.3","https:\/\/x.com\/MundoAgropecuar","https:\/\/www.linkedin.com\/in\/mundo-agropecuario-934009201\/"]},{"@type":"Person","@id":"https:\/\/www.mundoagropecuario.cl\/new\/#\/schema\/person\/4e9f74a82a7dac260eb1c44b7eebeb18","name":"mundo","url":"https:\/\/www.mundoagropecuario.cl\/new\/author\/mundo\/"}]}},"_links":{"self":[{"href":"https:\/\/www.mundoagropecuario.cl\/new\/wp-json\/wp\/v2\/posts\/27034","targetHints":{"allow":["GET"]}}],"collection":[{"href":"https:\/\/www.mundoagropecuario.cl\/new\/wp-json\/wp\/v2\/posts"}],"about":[{"href":"https:\/\/www.mundoagropecuario.cl\/new\/wp-json\/wp\/v2\/types\/post"}],"author":[{"embeddable":true,"href":"https:\/\/www.mundoagropecuario.cl\/new\/wp-json\/wp\/v2\/users\/2"}],"replies":[{"embeddable":true,"href":"https:\/\/www.mundoagropecuario.cl\/new\/wp-json\/wp\/v2\/comments?post=27034"}],"version-history":[{"count":1,"href":"https:\/\/www.mundoagropecuario.cl\/new\/wp-json\/wp\/v2\/posts\/27034\/revisions"}],"predecessor-version":[{"id":27038,"href":"https:\/\/www.mundoagropecuario.cl\/new\/wp-json\/wp\/v2\/posts\/27034\/revisions\/27038"}],"wp:featuredmedia":[{"embeddable":true,"href":"https:\/\/www.mundoagropecuario.cl\/new\/wp-json\/wp\/v2\/media\/27037"}],"wp:attachment":[{"href":"https:\/\/www.mundoagropecuario.cl\/new\/wp-json\/wp\/v2\/media?parent=27034"}],"wp:term":[{"taxonomy":"category","embeddable":true,"href":"https:\/\/www.mundoagropecuario.cl\/new\/wp-json\/wp\/v2\/categories?post=27034"},{"taxonomy":"post_tag","embeddable":true,"href":"https:\/\/www.mundoagropecuario.cl\/new\/wp-json\/wp\/v2\/tags?post=27034"}],"curies":[{"name":"wp","href":"https:\/\/api.w.org\/{rel}","templated":true}]}}