{"id":27030,"date":"2025-07-14T13:21:08","date_gmt":"2025-07-14T16:21:08","guid":{"rendered":"https:\/\/www.mundoagropecuario.cl\/new\/?p=27030"},"modified":"2025-07-21T12:37:38","modified_gmt":"2025-07-21T15:37:38","slug":"ipc-de-los-productos-lacteos-en-general-al-alza-en-junio","status":"publish","type":"post","link":"https:\/\/www.mundoagropecuario.cl\/new\/ipc-de-los-productos-lacteos-en-general-al-alza-en-junio\/","title":{"rendered":"IPC de los productos l\u00e1cteos en general al alza en junio"},"content":{"rendered":"<p>Dentro de las distintas categor\u00edas consideradas, la leche l\u00edquida y la leche en polvo son los productos con mayor incidencia al alza, con una variaci\u00f3n mensual de 2,2% y 1,7%, respectivamente.<\/p>\n<p>En el \u00e1mbito de los productos l\u00e1cteos, el informe se\u00f1ala para el mes de junio 2025, dentro de los productos con una mayor incidencia a la baja, dentro de los alimentos, no aparece ning\u00fan producto l\u00e1cteo.<\/p>\n<p><a href=\"https:\/\/www.mundoagropecuario.cl\/new\/wp-content\/uploads\/2023\/08\/leche-33-1-scaled.jpg\"><img loading=\"lazy\" decoding=\"async\" class=\"alignright wp-image-24616 \" src=\"https:\/\/www.mundoagropecuario.cl\/new\/wp-content\/uploads\/2023\/08\/leche-33-1-748x400.jpg\" alt=\"\" width=\"535\" height=\"307\" \/><\/a><strong>Leche en polvo:<\/strong> Alza mensual 1,7% y anual de 4,3%. A 12 meses de 2,0%.<\/p>\n<p><strong>Leche l\u00edquida:<\/strong> Alza mensual 2,2% y anual de 5,7%. A 12 meses alza de 2,9%.<\/p>\n<p><strong>Yogur:<\/strong> Ca\u00edda mensual 2,8% y anual de 0,4%. A 12 meses alza de 1,8%.<\/p>\n<p><strong>Postres l\u00e1cteos:<\/strong> Baja mensual 3,2% y anual de 0,8%. A 12 meses ca\u00edda de 1,3%<\/p>\n<p><strong>Queso:<\/strong> Alza de 0,7% y anual de 0,9%. A 12 meses alza de 2,6%.<\/p>\n<p><strong>Mantequilla:<\/strong> Alza mensual 1,2% y anual de 4,8%. A 12 meses aumento de 5,1%.<\/p>\n<p><strong>El IPC general de junio de 2025 registr\u00f3 una variaci\u00f3n de -0,4%.<\/strong><\/p>\n<p>La variaci\u00f3n acumulada anual del IPC general es de 1,9%, mientras que su variaci\u00f3n a 12 meses sube al 4,1%, reflejando una estabilidad moderada en las tendencias de precios.<\/p>\n<p>En junio, los sectores con las mayores disminuciones fueron las divisiones de alimentos y bebidas no alcoh\u00f3licas, as\u00ed como la de vestuario y calzado, y el aumento se observ\u00f3 en la divisi\u00f3n de salud.<\/p>\n<p><strong>Subcategor\u00edas<\/strong><\/p>\n<p>Cabe se\u00f1alar que la categor\u00eda que re\u00fane a L\u00e1cteos, bebidas vegetales y huevos registr\u00f3 en junio un aumento de 0,1%, mientras la divisi\u00f3n Alimentos present\u00f3 variaci\u00f3n negativa de 1,1%.<\/p>\n<p>La variaci\u00f3n anual que re\u00fane a L\u00e1cteos, bebidas vegetales y huevos anota un crecimiento de 2,8% y a 12 meses evidenci\u00f3 un alza de 1,7%.<\/p>\n<p>Con todo, la variaci\u00f3n anual de la divisi\u00f3n Alimentos subi\u00f3 un 2,1% y a 12 meses un 2,1%.<\/p>\n<p>Fedeleche reitera la importancia de monitorear los indicadores del IPC para evaluar el impacto en el sector l\u00e1cteo, comprender las tendencias de precios y seguir promoviendo medidas que beneficien la competitividad y sostenibilidad de los productores de leche.<\/p>\n<p><a href=\"https:\/\/www.mundoagropecuario.cl\/new\/wp-content\/uploads\/2025\/07\/Cuadroleche1.jpg\"><img loading=\"lazy\" decoding=\"async\" class=\"aligncenter wp-image-27031 size-full\" src=\"https:\/\/www.mundoagropecuario.cl\/new\/wp-content\/uploads\/2025\/07\/Cuadroleche1.jpg\" alt=\"\" width=\"700\" height=\"384\" srcset=\"https:\/\/www.mundoagropecuario.cl\/new\/wp-content\/uploads\/2025\/07\/Cuadroleche1.jpg 700w, https:\/\/www.mundoagropecuario.cl\/new\/wp-content\/uploads\/2025\/07\/Cuadroleche1-242x133.jpg 242w\" sizes=\"auto, (max-width: 700px) 100vw, 700px\" \/><\/a><\/p>\n","protected":false},"excerpt":{"rendered":"<p>Fedeleche ha publicado su informe del \u00cdndice de Precios al Consumidor (IPC) de los Productos L\u00e1cteos correspondiente al mes de junio de 2025.<\/p>\n","protected":false},"author":2,"featured_media":27032,"comment_status":"closed","ping_status":"closed","sticky":false,"template":"","format":"standard","meta":{"footnotes":""},"categories":[1946],"tags":[2057,1957,8171,4135,2051,2035,5790],"class_list":["post-27030","post","type-post","status-publish","format-standard","has-post-thumbnail","hentry","category-lacteos","tag-aproleche","tag-consorcio-lechero","tag-ipc-de-los-productos-lacteos","tag-lacteo","tag-leche","tag-minagri","tag-productos-lacteos"],"yoast_head":"<!-- This site is optimized with the Yoast SEO plugin v26.6 - https:\/\/yoast.com\/wordpress\/plugins\/seo\/ -->\n<title>IPC de los productos l\u00e1cteos en general al alza en junio - Mundoagropecuario<\/title>\n<meta name=\"description\" content=\"Fedeleche ha publicado su informe del \u00cdndice de Precios al Consumidor (IPC) de los Productos L\u00e1cteos correspondiente al mes de junio de 2025.\" \/>\n<meta name=\"robots\" content=\"index, follow, max-snippet:-1, max-image-preview:large, max-video-preview:-1\" \/>\n<link rel=\"canonical\" href=\"https:\/\/www.mundoagropecuario.cl\/new\/ipc-de-los-productos-lacteos-en-general-al-alza-en-junio\/\" \/>\n<meta property=\"og:locale\" content=\"es_ES\" \/>\n<meta property=\"og:type\" content=\"article\" \/>\n<meta property=\"og:title\" content=\"IPC de los productos l\u00e1cteos en general al alza en junio - Mundoagropecuario\" \/>\n<meta property=\"og:description\" content=\"Fedeleche ha publicado su informe del \u00cdndice de Precios al Consumidor (IPC) de los Productos L\u00e1cteos correspondiente al mes de junio de 2025.\" \/>\n<meta property=\"og:url\" content=\"https:\/\/www.mundoagropecuario.cl\/new\/ipc-de-los-productos-lacteos-en-general-al-alza-en-junio\/\" \/>\n<meta property=\"og:site_name\" content=\"Mundoagropecuario\" \/>\n<meta property=\"article:publisher\" content=\"https:\/\/www.facebook.com\/mundo.agropecuario.3\" \/>\n<meta property=\"article:published_time\" content=\"2025-07-14T16:21:08+00:00\" \/>\n<meta property=\"article:modified_time\" content=\"2025-07-21T15:37:38+00:00\" \/>\n<meta property=\"og:image\" content=\"https:\/\/www.mundoagropecuario.cl\/new\/wp-content\/uploads\/2025\/07\/Leche2-scaled.jpg\" \/>\n\t<meta property=\"og:image:width\" content=\"600\" \/>\n\t<meta property=\"og:image:height\" content=\"400\" \/>\n\t<meta property=\"og:image:type\" content=\"image\/jpeg\" \/>\n<meta name=\"author\" content=\"mundo\" \/>\n<meta name=\"twitter:card\" content=\"summary_large_image\" \/>\n<meta name=\"twitter:creator\" content=\"@MundoAgropecuar\" \/>\n<meta name=\"twitter:site\" content=\"@MundoAgropecuar\" \/>\n<meta name=\"twitter:label1\" content=\"Escrito por\" \/>\n\t<meta name=\"twitter:data1\" content=\"mundo\" \/>\n\t<meta name=\"twitter:label2\" content=\"Tiempo de lectura\" \/>\n\t<meta name=\"twitter:data2\" content=\"3 minutos\" \/>\n<script type=\"application\/ld+json\" class=\"yoast-schema-graph\">{\"@context\":\"https:\/\/schema.org\",\"@graph\":[{\"@type\":\"Article\",\"@id\":\"https:\/\/www.mundoagropecuario.cl\/new\/ipc-de-los-productos-lacteos-en-general-al-alza-en-junio\/#article\",\"isPartOf\":{\"@id\":\"https:\/\/www.mundoagropecuario.cl\/new\/ipc-de-los-productos-lacteos-en-general-al-alza-en-junio\/\"},\"author\":{\"name\":\"mundo\",\"@id\":\"https:\/\/www.mundoagropecuario.cl\/new\/#\/schema\/person\/4e9f74a82a7dac260eb1c44b7eebeb18\"},\"headline\":\"IPC de los productos l\u00e1cteos en general al alza en junio\",\"datePublished\":\"2025-07-14T16:21:08+00:00\",\"dateModified\":\"2025-07-21T15:37:38+00:00\",\"mainEntityOfPage\":{\"@id\":\"https:\/\/www.mundoagropecuario.cl\/new\/ipc-de-los-productos-lacteos-en-general-al-alza-en-junio\/\"},\"wordCount\":342,\"publisher\":{\"@id\":\"https:\/\/www.mundoagropecuario.cl\/new\/#organization\"},\"image\":{\"@id\":\"https:\/\/www.mundoagropecuario.cl\/new\/ipc-de-los-productos-lacteos-en-general-al-alza-en-junio\/#primaryimage\"},\"thumbnailUrl\":\"https:\/\/www.mundoagropecuario.cl\/new\/wp-content\/uploads\/2025\/07\/Leche2-scaled.jpg\",\"keywords\":[\"Aproleche\",\"Consorcio Lechero\",\"IPC de los productos l\u00e1cteos\",\"Lacteo\",\"Leche\",\"Minagri\",\"productos l\u00e1cteos\"],\"articleSection\":[\"L\u00e1cteos\"],\"inLanguage\":\"es\"},{\"@type\":\"WebPage\",\"@id\":\"https:\/\/www.mundoagropecuario.cl\/new\/ipc-de-los-productos-lacteos-en-general-al-alza-en-junio\/\",\"url\":\"https:\/\/www.mundoagropecuario.cl\/new\/ipc-de-los-productos-lacteos-en-general-al-alza-en-junio\/\",\"name\":\"IPC de los productos l\u00e1cteos en general al alza en junio - Mundoagropecuario\",\"isPartOf\":{\"@id\":\"https:\/\/www.mundoagropecuario.cl\/new\/#website\"},\"primaryImageOfPage\":{\"@id\":\"https:\/\/www.mundoagropecuario.cl\/new\/ipc-de-los-productos-lacteos-en-general-al-alza-en-junio\/#primaryimage\"},\"image\":{\"@id\":\"https:\/\/www.mundoagropecuario.cl\/new\/ipc-de-los-productos-lacteos-en-general-al-alza-en-junio\/#primaryimage\"},\"thumbnailUrl\":\"https:\/\/www.mundoagropecuario.cl\/new\/wp-content\/uploads\/2025\/07\/Leche2-scaled.jpg\",\"datePublished\":\"2025-07-14T16:21:08+00:00\",\"dateModified\":\"2025-07-21T15:37:38+00:00\",\"description\":\"Fedeleche ha publicado su informe del \u00cdndice de Precios al Consumidor (IPC) de los Productos L\u00e1cteos correspondiente al mes de junio de 2025.\",\"breadcrumb\":{\"@id\":\"https:\/\/www.mundoagropecuario.cl\/new\/ipc-de-los-productos-lacteos-en-general-al-alza-en-junio\/#breadcrumb\"},\"inLanguage\":\"es\",\"potentialAction\":[{\"@type\":\"ReadAction\",\"target\":[\"https:\/\/www.mundoagropecuario.cl\/new\/ipc-de-los-productos-lacteos-en-general-al-alza-en-junio\/\"]}]},{\"@type\":\"ImageObject\",\"inLanguage\":\"es\",\"@id\":\"https:\/\/www.mundoagropecuario.cl\/new\/ipc-de-los-productos-lacteos-en-general-al-alza-en-junio\/#primaryimage\",\"url\":\"https:\/\/www.mundoagropecuario.cl\/new\/wp-content\/uploads\/2025\/07\/Leche2-scaled.jpg\",\"contentUrl\":\"https:\/\/www.mundoagropecuario.cl\/new\/wp-content\/uploads\/2025\/07\/Leche2-scaled.jpg\",\"width\":600,\"height\":400},{\"@type\":\"BreadcrumbList\",\"@id\":\"https:\/\/www.mundoagropecuario.cl\/new\/ipc-de-los-productos-lacteos-en-general-al-alza-en-junio\/#breadcrumb\",\"itemListElement\":[{\"@type\":\"ListItem\",\"position\":1,\"name\":\"Portada\",\"item\":\"https:\/\/www.mundoagropecuario.cl\/new\/\"},{\"@type\":\"ListItem\",\"position\":2,\"name\":\"IPC de los productos l\u00e1cteos en general al alza en junio\"}]},{\"@type\":\"WebSite\",\"@id\":\"https:\/\/www.mundoagropecuario.cl\/new\/#website\",\"url\":\"https:\/\/www.mundoagropecuario.cl\/new\/\",\"name\":\"Mundoagropecuario\",\"description\":\"Mundo Agropecuario\",\"publisher\":{\"@id\":\"https:\/\/www.mundoagropecuario.cl\/new\/#organization\"},\"potentialAction\":[{\"@type\":\"SearchAction\",\"target\":{\"@type\":\"EntryPoint\",\"urlTemplate\":\"https:\/\/www.mundoagropecuario.cl\/new\/?s={search_term_string}\"},\"query-input\":{\"@type\":\"PropertyValueSpecification\",\"valueRequired\":true,\"valueName\":\"search_term_string\"}}],\"inLanguage\":\"es\"},{\"@type\":\"Organization\",\"@id\":\"https:\/\/www.mundoagropecuario.cl\/new\/#organization\",\"name\":\"Revista de Agricultura\",\"url\":\"https:\/\/www.mundoagropecuario.cl\/new\/\",\"logo\":{\"@type\":\"ImageObject\",\"inLanguage\":\"es\",\"@id\":\"https:\/\/www.mundoagropecuario.cl\/new\/#\/schema\/logo\/image\/\",\"url\":\"https:\/\/www.mundoagropecuario.cl\/new\/wp-content\/uploads\/2020\/11\/PORTAL-1-1.png\",\"contentUrl\":\"https:\/\/www.mundoagropecuario.cl\/new\/wp-content\/uploads\/2020\/11\/PORTAL-1-1.png\",\"width\":1026,\"height\":100,\"caption\":\"Revista de Agricultura\"},\"image\":{\"@id\":\"https:\/\/www.mundoagropecuario.cl\/new\/#\/schema\/logo\/image\/\"},\"sameAs\":[\"https:\/\/www.facebook.com\/mundo.agropecuario.3\",\"https:\/\/x.com\/MundoAgropecuar\",\"https:\/\/www.linkedin.com\/in\/mundo-agropecuario-934009201\/\"]},{\"@type\":\"Person\",\"@id\":\"https:\/\/www.mundoagropecuario.cl\/new\/#\/schema\/person\/4e9f74a82a7dac260eb1c44b7eebeb18\",\"name\":\"mundo\",\"url\":\"https:\/\/www.mundoagropecuario.cl\/new\/author\/mundo\/\"}]}<\/script>\n<!-- \/ Yoast SEO plugin. -->","yoast_head_json":{"title":"IPC de los productos l\u00e1cteos en general al alza en junio - Mundoagropecuario","description":"Fedeleche ha publicado su informe del \u00cdndice de Precios al Consumidor (IPC) de los Productos L\u00e1cteos correspondiente al mes de junio de 2025.","robots":{"index":"index","follow":"follow","max-snippet":"max-snippet:-1","max-image-preview":"max-image-preview:large","max-video-preview":"max-video-preview:-1"},"canonical":"https:\/\/www.mundoagropecuario.cl\/new\/ipc-de-los-productos-lacteos-en-general-al-alza-en-junio\/","og_locale":"es_ES","og_type":"article","og_title":"IPC de los productos l\u00e1cteos en general al alza en junio - Mundoagropecuario","og_description":"Fedeleche ha publicado su informe del \u00cdndice de Precios al Consumidor (IPC) de los Productos L\u00e1cteos correspondiente al mes de junio de 2025.","og_url":"https:\/\/www.mundoagropecuario.cl\/new\/ipc-de-los-productos-lacteos-en-general-al-alza-en-junio\/","og_site_name":"Mundoagropecuario","article_publisher":"https:\/\/www.facebook.com\/mundo.agropecuario.3","article_published_time":"2025-07-14T16:21:08+00:00","article_modified_time":"2025-07-21T15:37:38+00:00","og_image":[{"width":600,"height":400,"url":"https:\/\/www.mundoagropecuario.cl\/new\/wp-content\/uploads\/2025\/07\/Leche2-scaled.jpg","type":"image\/jpeg"}],"author":"mundo","twitter_card":"summary_large_image","twitter_creator":"@MundoAgropecuar","twitter_site":"@MundoAgropecuar","twitter_misc":{"Escrito por":"mundo","Tiempo de lectura":"3 minutos"},"schema":{"@context":"https:\/\/schema.org","@graph":[{"@type":"Article","@id":"https:\/\/www.mundoagropecuario.cl\/new\/ipc-de-los-productos-lacteos-en-general-al-alza-en-junio\/#article","isPartOf":{"@id":"https:\/\/www.mundoagropecuario.cl\/new\/ipc-de-los-productos-lacteos-en-general-al-alza-en-junio\/"},"author":{"name":"mundo","@id":"https:\/\/www.mundoagropecuario.cl\/new\/#\/schema\/person\/4e9f74a82a7dac260eb1c44b7eebeb18"},"headline":"IPC de los productos l\u00e1cteos en general al alza en junio","datePublished":"2025-07-14T16:21:08+00:00","dateModified":"2025-07-21T15:37:38+00:00","mainEntityOfPage":{"@id":"https:\/\/www.mundoagropecuario.cl\/new\/ipc-de-los-productos-lacteos-en-general-al-alza-en-junio\/"},"wordCount":342,"publisher":{"@id":"https:\/\/www.mundoagropecuario.cl\/new\/#organization"},"image":{"@id":"https:\/\/www.mundoagropecuario.cl\/new\/ipc-de-los-productos-lacteos-en-general-al-alza-en-junio\/#primaryimage"},"thumbnailUrl":"https:\/\/www.mundoagropecuario.cl\/new\/wp-content\/uploads\/2025\/07\/Leche2-scaled.jpg","keywords":["Aproleche","Consorcio Lechero","IPC de los productos l\u00e1cteos","Lacteo","Leche","Minagri","productos l\u00e1cteos"],"articleSection":["L\u00e1cteos"],"inLanguage":"es"},{"@type":"WebPage","@id":"https:\/\/www.mundoagropecuario.cl\/new\/ipc-de-los-productos-lacteos-en-general-al-alza-en-junio\/","url":"https:\/\/www.mundoagropecuario.cl\/new\/ipc-de-los-productos-lacteos-en-general-al-alza-en-junio\/","name":"IPC de los productos l\u00e1cteos en general al alza en junio - Mundoagropecuario","isPartOf":{"@id":"https:\/\/www.mundoagropecuario.cl\/new\/#website"},"primaryImageOfPage":{"@id":"https:\/\/www.mundoagropecuario.cl\/new\/ipc-de-los-productos-lacteos-en-general-al-alza-en-junio\/#primaryimage"},"image":{"@id":"https:\/\/www.mundoagropecuario.cl\/new\/ipc-de-los-productos-lacteos-en-general-al-alza-en-junio\/#primaryimage"},"thumbnailUrl":"https:\/\/www.mundoagropecuario.cl\/new\/wp-content\/uploads\/2025\/07\/Leche2-scaled.jpg","datePublished":"2025-07-14T16:21:08+00:00","dateModified":"2025-07-21T15:37:38+00:00","description":"Fedeleche ha publicado su informe del \u00cdndice de Precios al Consumidor (IPC) de los Productos L\u00e1cteos correspondiente al mes de junio de 2025.","breadcrumb":{"@id":"https:\/\/www.mundoagropecuario.cl\/new\/ipc-de-los-productos-lacteos-en-general-al-alza-en-junio\/#breadcrumb"},"inLanguage":"es","potentialAction":[{"@type":"ReadAction","target":["https:\/\/www.mundoagropecuario.cl\/new\/ipc-de-los-productos-lacteos-en-general-al-alza-en-junio\/"]}]},{"@type":"ImageObject","inLanguage":"es","@id":"https:\/\/www.mundoagropecuario.cl\/new\/ipc-de-los-productos-lacteos-en-general-al-alza-en-junio\/#primaryimage","url":"https:\/\/www.mundoagropecuario.cl\/new\/wp-content\/uploads\/2025\/07\/Leche2-scaled.jpg","contentUrl":"https:\/\/www.mundoagropecuario.cl\/new\/wp-content\/uploads\/2025\/07\/Leche2-scaled.jpg","width":600,"height":400},{"@type":"BreadcrumbList","@id":"https:\/\/www.mundoagropecuario.cl\/new\/ipc-de-los-productos-lacteos-en-general-al-alza-en-junio\/#breadcrumb","itemListElement":[{"@type":"ListItem","position":1,"name":"Portada","item":"https:\/\/www.mundoagropecuario.cl\/new\/"},{"@type":"ListItem","position":2,"name":"IPC de los productos l\u00e1cteos en general al alza en junio"}]},{"@type":"WebSite","@id":"https:\/\/www.mundoagropecuario.cl\/new\/#website","url":"https:\/\/www.mundoagropecuario.cl\/new\/","name":"Mundoagropecuario","description":"Mundo Agropecuario","publisher":{"@id":"https:\/\/www.mundoagropecuario.cl\/new\/#organization"},"potentialAction":[{"@type":"SearchAction","target":{"@type":"EntryPoint","urlTemplate":"https:\/\/www.mundoagropecuario.cl\/new\/?s={search_term_string}"},"query-input":{"@type":"PropertyValueSpecification","valueRequired":true,"valueName":"search_term_string"}}],"inLanguage":"es"},{"@type":"Organization","@id":"https:\/\/www.mundoagropecuario.cl\/new\/#organization","name":"Revista de Agricultura","url":"https:\/\/www.mundoagropecuario.cl\/new\/","logo":{"@type":"ImageObject","inLanguage":"es","@id":"https:\/\/www.mundoagropecuario.cl\/new\/#\/schema\/logo\/image\/","url":"https:\/\/www.mundoagropecuario.cl\/new\/wp-content\/uploads\/2020\/11\/PORTAL-1-1.png","contentUrl":"https:\/\/www.mundoagropecuario.cl\/new\/wp-content\/uploads\/2020\/11\/PORTAL-1-1.png","width":1026,"height":100,"caption":"Revista de Agricultura"},"image":{"@id":"https:\/\/www.mundoagropecuario.cl\/new\/#\/schema\/logo\/image\/"},"sameAs":["https:\/\/www.facebook.com\/mundo.agropecuario.3","https:\/\/x.com\/MundoAgropecuar","https:\/\/www.linkedin.com\/in\/mundo-agropecuario-934009201\/"]},{"@type":"Person","@id":"https:\/\/www.mundoagropecuario.cl\/new\/#\/schema\/person\/4e9f74a82a7dac260eb1c44b7eebeb18","name":"mundo","url":"https:\/\/www.mundoagropecuario.cl\/new\/author\/mundo\/"}]}},"_links":{"self":[{"href":"https:\/\/www.mundoagropecuario.cl\/new\/wp-json\/wp\/v2\/posts\/27030","targetHints":{"allow":["GET"]}}],"collection":[{"href":"https:\/\/www.mundoagropecuario.cl\/new\/wp-json\/wp\/v2\/posts"}],"about":[{"href":"https:\/\/www.mundoagropecuario.cl\/new\/wp-json\/wp\/v2\/types\/post"}],"author":[{"embeddable":true,"href":"https:\/\/www.mundoagropecuario.cl\/new\/wp-json\/wp\/v2\/users\/2"}],"replies":[{"embeddable":true,"href":"https:\/\/www.mundoagropecuario.cl\/new\/wp-json\/wp\/v2\/comments?post=27030"}],"version-history":[{"count":1,"href":"https:\/\/www.mundoagropecuario.cl\/new\/wp-json\/wp\/v2\/posts\/27030\/revisions"}],"predecessor-version":[{"id":27033,"href":"https:\/\/www.mundoagropecuario.cl\/new\/wp-json\/wp\/v2\/posts\/27030\/revisions\/27033"}],"wp:featuredmedia":[{"embeddable":true,"href":"https:\/\/www.mundoagropecuario.cl\/new\/wp-json\/wp\/v2\/media\/27032"}],"wp:attachment":[{"href":"https:\/\/www.mundoagropecuario.cl\/new\/wp-json\/wp\/v2\/media?parent=27030"}],"wp:term":[{"taxonomy":"category","embeddable":true,"href":"https:\/\/www.mundoagropecuario.cl\/new\/wp-json\/wp\/v2\/categories?post=27030"},{"taxonomy":"post_tag","embeddable":true,"href":"https:\/\/www.mundoagropecuario.cl\/new\/wp-json\/wp\/v2\/tags?post=27030"}],"curies":[{"name":"wp","href":"https:\/\/api.w.org\/{rel}","templated":true}]}}