{"id":26954,"date":"2025-06-16T18:12:41","date_gmt":"2025-06-16T21:12:41","guid":{"rendered":"https:\/\/www.mundoagropecuario.cl\/new\/?p=26954"},"modified":"2025-07-03T12:01:43","modified_gmt":"2025-07-03T15:01:43","slug":"john-deere-invierte-usd-30-millones-en-centro-id-en-brasil-y-ve-a-chile-como-un-mercado-estrategico","status":"publish","type":"post","link":"https:\/\/www.mundoagropecuario.cl\/new\/john-deere-invierte-usd-30-millones-en-centro-id-en-brasil-y-ve-a-chile-como-un-mercado-estrategico\/","title":{"rendered":"John Deere invierte USD 30 millones en centro I+D en Brasil y ve a Chile como un mercado estrat\u00e9gico"},"content":{"rendered":"<p>Antonio Carrere, vicepresidente de Marketing y Ventas de Latinoam\u00e9rica del hist\u00f3rico fabricante estadounidense, visit\u00f3 nuestro pa\u00eds para hablar del impacto de la tecnolog\u00eda en la agricultura. Su agenda fue organizada por Salfa, distribuidor oficial de la l\u00ednea maquinaria en Chile.<\/p>\n<p>Un grupo de ejecutivos sudamericanos de John Deere (1837) estuvo recientemente en Chile para abordar con sus principales stakeholders las ventajas de la tecnolog\u00eda y la inteligencia artificial para una agricultura m\u00e1s productiva y sostenible. La visita fue liderada por el uruguayo Antonio Carrere, vicepresidente de Marketing y Ventas para Latinoam\u00e9rica del hist\u00f3rico fabricante estadounidense de maquinaria agr\u00edcola, equipos pesados, maquinaria forestal, motores di\u00e9sel y equipos para el cuidado del c\u00e9sped.<\/p>\n<p><a href=\"https:\/\/www.mundoagropecuario.cl\/new\/wp-content\/uploads\/2025\/06\/John-Deere1-scaled.jpg\"><img loading=\"lazy\" decoding=\"async\" class=\"wp-image-26955 alignright\" src=\"https:\/\/www.mundoagropecuario.cl\/new\/wp-content\/uploads\/2025\/06\/John-Deere1-scaled.jpg\" alt=\"\" width=\"568\" height=\"369\" \/><\/a>En territorio local, la agenda fue organizada por Salfa, compa\u00f1\u00eda chilena con m\u00e1s de 87 a\u00f1os en el mercado automotriz, camiones y repuestos, y que desde 2002 figura como el distribuidor oficial de John Deere en la industria nacional de maquinaria. Entre las principales actividades de los invitados, figuraron una charla de Carrere a los trabajadores de la sucursal de Paine de Salfa y un almuerzo de ejecutivos y clientes en la Vi\u00f1a Concha y Toro.<\/p>\n<p>En uno de los encuentros internos, Carrere habl\u00f3 sobre la importancia de la regi\u00f3n para el negocio. \u201cTenemos 45 millones de hect\u00e1reas conectadas en Am\u00e9rica Latina; John Deere es el l\u00edder, estamos en casi 85.000 m\u00e1quinas conectadas, lo que nos permite asegurar que el cliente est\u00e1 trabajando de forma eficiente la operaci\u00f3n, sea para la preparaci\u00f3n del suelo, la siembra, la cosecha o la pulverizaci\u00f3n\u201d.<\/p>\n<p>El ejecutivo destac\u00f3 que \u201cJohn Deere est\u00e1 invirtiendo cada vez m\u00e1s fuerte en Am\u00e9rica Latina. Antes ten\u00edamos dos centros de desarrollo de nuevos productos, uno en Estados Unidos y Alemania, y a partir de 2024 inauguramos el nuevo centro I+D, el primero del hemisferio sur, en Brasil, con una inversi\u00f3n de 30 millones de d\u00f3lares\u201d.<\/p>\n<p>Carrere tambi\u00e9n mencion\u00f3 que la agricultura latinoamericana es clave para la sociedad mundial. \u201cAdem\u00e1s de generar productos agr\u00edcolas para satisfacer la creciente demanda de alimentos, emplea a muchas personas que garantizan el desarrollo social y econ\u00f3mico. En este contexto, cada vez m\u00e1s empresas agr\u00edcolas y agricultores integran nuevas tecnolog\u00edas para optimizar la productividad agr\u00edcola\u201d.<\/p>\n<p><strong>La necesidad de una agricultura digital<\/strong><\/p>\n<p>Seg\u00fan datos del Banco Mundial, la agricultura representa en Latinoam\u00e9rica entre el 5% y el 18% del producto interior bruto. La industria cultiva diversos productos, como soya, trigo, ma\u00edz y arroz, contribuyendo a la biodiversidad agr\u00edcola, aunque tambi\u00e9n asume un alto costo: consume alrededor del 75% de los recursos h\u00eddricos y es responsable del 50% de las emisiones de gases de efecto invernadero.<\/p>\n<p>En esa l\u00ednea, el vicepresidente de Marketing y Ventas para Latinoam\u00e9rica de John Deere dijo: \u201cExiste por tanto lo que denominamos agricultura digital, un enfoque agr\u00edcola que utiliza tecnolog\u00edas avanzadas y datos detallados para optimizar la gesti\u00f3n de los cultivos y el uso de los recursos. Los equipos John Deere son capaces de generar datos, comunicar, analizar y tomar decisiones aut\u00f3nomas, de manera m\u00e1s precisa y eficiente en todas las etapas de la producci\u00f3n, desde la siembra hasta la cosecha. Nosotros, como fabricantes l\u00edderes, sabemos que tenemos que impulsar la aplicaci\u00f3n de soluciones tecnol\u00f3gicas revolucionarias para una agricultura sustentable\u201d.<\/p>\n<p>En relaci\u00f3n al mercado nacional, Carrere resalt\u00f3 que es estrat\u00e9gico para John Deere por la diversidad de su agricultura, el tama\u00f1o del mercado y su potencial de crecimiento: \u201cChile es l\u00edder mundial en cultivos de alto valor, como la fruta y el vino, y cuenta con productores muy exigentes y altamente tecnificados. En ese sentido, Salfa cumple un papel esencial porque nos permite llegar a un mercado fundamental para nosotros: Salfa es John Deere en Chile\u201d.<\/p>\n<p>Desde Salfa, Carlos Fabres, gerente general, se\u00f1al\u00f3, en tanto: \u201cContamos con todo el respaldo y confianza de John Deere para acelerar la transformaci\u00f3n de la actividad agr\u00edcola chilena, conectando productos, cada vez m\u00e1s sofisticados, con el campo chileno. John Deere y Salfa, a trav\u00e9s de los datos, logran destrabar cada vez m\u00e1s valor para nuestros clientes, manteniendo el prestigio de sus maquinarias agr\u00edcolas robustas y de larga vida \u00fatil, en operaciones de alta exigencia. Damos confianza\u201d.<\/p>\n","protected":false},"excerpt":{"rendered":"<p>Un grupo de ejecutivos sudamericanos de John Deere (1837) estuvo recientemente en Chile para abordar con sus principales stakeholders las ventajas de la tecnolog\u00eda y la inteligencia artificial.<\/p>\n","protected":false},"author":2,"featured_media":26956,"comment_status":"closed","ping_status":"closed","sticky":false,"template":"","format":"standard","meta":{"footnotes":""},"categories":[1945],"tags":[2090,3127,7542,6219,2301,8149,3502,9817,3503,9818,9819],"class_list":["post-26954","post","type-post","status-publish","format-standard","has-post-thumbnail","hentry","category-agricultura","tag-agricultura","tag-agro","tag-campo","tag-carlos-fabres","tag-ganado","tag-gerente-general","tag-john-deere","tag-john-deere-invierte-usd-30-millones","tag-salfa","tag-salfa-es-john-deere-en-chile","tag-vina-concha-y-toro"],"yoast_head":"<!-- This site is optimized with the Yoast SEO plugin v26.6 - https:\/\/yoast.com\/wordpress\/plugins\/seo\/ -->\n<title>John Deere invierte USD 30 millones en centro I+D en Brasil y ve a Chile como un mercado estrat\u00e9gico - Mundoagropecuario<\/title>\n<meta name=\"description\" content=\"Un grupo de ejecutivos sudamericanos de John Deere (1837) estuvo recientemente en Chile para abordar con sus principales stakeholders\" \/>\n<meta name=\"robots\" content=\"index, follow, max-snippet:-1, max-image-preview:large, max-video-preview:-1\" \/>\n<link rel=\"canonical\" href=\"https:\/\/www.mundoagropecuario.cl\/new\/john-deere-invierte-usd-30-millones-en-centro-id-en-brasil-y-ve-a-chile-como-un-mercado-estrategico\/\" \/>\n<meta property=\"og:locale\" content=\"es_ES\" \/>\n<meta property=\"og:type\" content=\"article\" \/>\n<meta property=\"og:title\" content=\"John Deere invierte USD 30 millones en centro I+D en Brasil y ve a Chile como un mercado estrat\u00e9gico - Mundoagropecuario\" \/>\n<meta property=\"og:description\" content=\"Un grupo de ejecutivos sudamericanos de John Deere (1837) estuvo recientemente en Chile para abordar con sus principales stakeholders\" \/>\n<meta property=\"og:url\" content=\"https:\/\/www.mundoagropecuario.cl\/new\/john-deere-invierte-usd-30-millones-en-centro-id-en-brasil-y-ve-a-chile-como-un-mercado-estrategico\/\" \/>\n<meta property=\"og:site_name\" content=\"Mundoagropecuario\" \/>\n<meta property=\"article:publisher\" content=\"https:\/\/www.facebook.com\/mundo.agropecuario.3\" \/>\n<meta property=\"article:published_time\" content=\"2025-06-16T21:12:41+00:00\" \/>\n<meta property=\"article:modified_time\" content=\"2025-07-03T15:01:43+00:00\" \/>\n<meta property=\"og:image\" content=\"https:\/\/www.mundoagropecuario.cl\/new\/wp-content\/uploads\/2025\/06\/John-Deer-scaled.jpg\" \/>\n\t<meta property=\"og:image:width\" content=\"709\" \/>\n\t<meta property=\"og:image:height\" content=\"400\" \/>\n\t<meta property=\"og:image:type\" content=\"image\/jpeg\" \/>\n<meta name=\"author\" content=\"mundo\" \/>\n<meta name=\"twitter:card\" content=\"summary_large_image\" \/>\n<meta name=\"twitter:creator\" content=\"@MundoAgropecuar\" \/>\n<meta name=\"twitter:site\" content=\"@MundoAgropecuar\" \/>\n<meta name=\"twitter:label1\" content=\"Escrito por\" \/>\n\t<meta name=\"twitter:data1\" content=\"mundo\" \/>\n\t<meta name=\"twitter:label2\" content=\"Tiempo de lectura\" \/>\n\t<meta name=\"twitter:data2\" content=\"4 minutos\" \/>\n<script type=\"application\/ld+json\" class=\"yoast-schema-graph\">{\"@context\":\"https:\/\/schema.org\",\"@graph\":[{\"@type\":\"Article\",\"@id\":\"https:\/\/www.mundoagropecuario.cl\/new\/john-deere-invierte-usd-30-millones-en-centro-id-en-brasil-y-ve-a-chile-como-un-mercado-estrategico\/#article\",\"isPartOf\":{\"@id\":\"https:\/\/www.mundoagropecuario.cl\/new\/john-deere-invierte-usd-30-millones-en-centro-id-en-brasil-y-ve-a-chile-como-un-mercado-estrategico\/\"},\"author\":{\"name\":\"mundo\",\"@id\":\"https:\/\/www.mundoagropecuario.cl\/new\/#\/schema\/person\/4e9f74a82a7dac260eb1c44b7eebeb18\"},\"headline\":\"John Deere invierte USD 30 millones en centro I+D en Brasil y ve a Chile como un mercado estrat\u00e9gico\",\"datePublished\":\"2025-06-16T21:12:41+00:00\",\"dateModified\":\"2025-07-03T15:01:43+00:00\",\"mainEntityOfPage\":{\"@id\":\"https:\/\/www.mundoagropecuario.cl\/new\/john-deere-invierte-usd-30-millones-en-centro-id-en-brasil-y-ve-a-chile-como-un-mercado-estrategico\/\"},\"wordCount\":756,\"publisher\":{\"@id\":\"https:\/\/www.mundoagropecuario.cl\/new\/#organization\"},\"image\":{\"@id\":\"https:\/\/www.mundoagropecuario.cl\/new\/john-deere-invierte-usd-30-millones-en-centro-id-en-brasil-y-ve-a-chile-como-un-mercado-estrategico\/#primaryimage\"},\"thumbnailUrl\":\"https:\/\/www.mundoagropecuario.cl\/new\/wp-content\/uploads\/2025\/06\/John-Deer-scaled.jpg\",\"keywords\":[\"Agricultura\",\"Agro\",\"Campo\",\"Carlos Fabres\",\"Ganado\",\"gerente general\",\"John Deere\",\"John Deere invierte USD 30 millones\",\"Salfa\",\"Salfa es John Deere en Chile\u201d\",\"Vi\u00f1a Concha y Toro.\"],\"articleSection\":[\"Agricultura\"],\"inLanguage\":\"es\"},{\"@type\":\"WebPage\",\"@id\":\"https:\/\/www.mundoagropecuario.cl\/new\/john-deere-invierte-usd-30-millones-en-centro-id-en-brasil-y-ve-a-chile-como-un-mercado-estrategico\/\",\"url\":\"https:\/\/www.mundoagropecuario.cl\/new\/john-deere-invierte-usd-30-millones-en-centro-id-en-brasil-y-ve-a-chile-como-un-mercado-estrategico\/\",\"name\":\"John Deere invierte USD 30 millones en centro I+D en Brasil y ve a Chile como un mercado estrat\u00e9gico - Mundoagropecuario\",\"isPartOf\":{\"@id\":\"https:\/\/www.mundoagropecuario.cl\/new\/#website\"},\"primaryImageOfPage\":{\"@id\":\"https:\/\/www.mundoagropecuario.cl\/new\/john-deere-invierte-usd-30-millones-en-centro-id-en-brasil-y-ve-a-chile-como-un-mercado-estrategico\/#primaryimage\"},\"image\":{\"@id\":\"https:\/\/www.mundoagropecuario.cl\/new\/john-deere-invierte-usd-30-millones-en-centro-id-en-brasil-y-ve-a-chile-como-un-mercado-estrategico\/#primaryimage\"},\"thumbnailUrl\":\"https:\/\/www.mundoagropecuario.cl\/new\/wp-content\/uploads\/2025\/06\/John-Deer-scaled.jpg\",\"datePublished\":\"2025-06-16T21:12:41+00:00\",\"dateModified\":\"2025-07-03T15:01:43+00:00\",\"description\":\"Un grupo de ejecutivos sudamericanos de John Deere (1837) estuvo recientemente en Chile para abordar con sus principales stakeholders\",\"breadcrumb\":{\"@id\":\"https:\/\/www.mundoagropecuario.cl\/new\/john-deere-invierte-usd-30-millones-en-centro-id-en-brasil-y-ve-a-chile-como-un-mercado-estrategico\/#breadcrumb\"},\"inLanguage\":\"es\",\"potentialAction\":[{\"@type\":\"ReadAction\",\"target\":[\"https:\/\/www.mundoagropecuario.cl\/new\/john-deere-invierte-usd-30-millones-en-centro-id-en-brasil-y-ve-a-chile-como-un-mercado-estrategico\/\"]}]},{\"@type\":\"ImageObject\",\"inLanguage\":\"es\",\"@id\":\"https:\/\/www.mundoagropecuario.cl\/new\/john-deere-invierte-usd-30-millones-en-centro-id-en-brasil-y-ve-a-chile-como-un-mercado-estrategico\/#primaryimage\",\"url\":\"https:\/\/www.mundoagropecuario.cl\/new\/wp-content\/uploads\/2025\/06\/John-Deer-scaled.jpg\",\"contentUrl\":\"https:\/\/www.mundoagropecuario.cl\/new\/wp-content\/uploads\/2025\/06\/John-Deer-scaled.jpg\",\"width\":709,\"height\":400},{\"@type\":\"BreadcrumbList\",\"@id\":\"https:\/\/www.mundoagropecuario.cl\/new\/john-deere-invierte-usd-30-millones-en-centro-id-en-brasil-y-ve-a-chile-como-un-mercado-estrategico\/#breadcrumb\",\"itemListElement\":[{\"@type\":\"ListItem\",\"position\":1,\"name\":\"Portada\",\"item\":\"https:\/\/www.mundoagropecuario.cl\/new\/\"},{\"@type\":\"ListItem\",\"position\":2,\"name\":\"John Deere invierte USD 30 millones en centro I+D en Brasil y ve a Chile como un mercado estrat\u00e9gico\"}]},{\"@type\":\"WebSite\",\"@id\":\"https:\/\/www.mundoagropecuario.cl\/new\/#website\",\"url\":\"https:\/\/www.mundoagropecuario.cl\/new\/\",\"name\":\"Mundoagropecuario\",\"description\":\"Mundo Agropecuario\",\"publisher\":{\"@id\":\"https:\/\/www.mundoagropecuario.cl\/new\/#organization\"},\"potentialAction\":[{\"@type\":\"SearchAction\",\"target\":{\"@type\":\"EntryPoint\",\"urlTemplate\":\"https:\/\/www.mundoagropecuario.cl\/new\/?s={search_term_string}\"},\"query-input\":{\"@type\":\"PropertyValueSpecification\",\"valueRequired\":true,\"valueName\":\"search_term_string\"}}],\"inLanguage\":\"es\"},{\"@type\":\"Organization\",\"@id\":\"https:\/\/www.mundoagropecuario.cl\/new\/#organization\",\"name\":\"Revista de Agricultura\",\"url\":\"https:\/\/www.mundoagropecuario.cl\/new\/\",\"logo\":{\"@type\":\"ImageObject\",\"inLanguage\":\"es\",\"@id\":\"https:\/\/www.mundoagropecuario.cl\/new\/#\/schema\/logo\/image\/\",\"url\":\"https:\/\/www.mundoagropecuario.cl\/new\/wp-content\/uploads\/2020\/11\/PORTAL-1-1.png\",\"contentUrl\":\"https:\/\/www.mundoagropecuario.cl\/new\/wp-content\/uploads\/2020\/11\/PORTAL-1-1.png\",\"width\":1026,\"height\":100,\"caption\":\"Revista de Agricultura\"},\"image\":{\"@id\":\"https:\/\/www.mundoagropecuario.cl\/new\/#\/schema\/logo\/image\/\"},\"sameAs\":[\"https:\/\/www.facebook.com\/mundo.agropecuario.3\",\"https:\/\/x.com\/MundoAgropecuar\",\"https:\/\/www.linkedin.com\/in\/mundo-agropecuario-934009201\/\"]},{\"@type\":\"Person\",\"@id\":\"https:\/\/www.mundoagropecuario.cl\/new\/#\/schema\/person\/4e9f74a82a7dac260eb1c44b7eebeb18\",\"name\":\"mundo\",\"url\":\"https:\/\/www.mundoagropecuario.cl\/new\/author\/mundo\/\"}]}<\/script>\n<!-- \/ Yoast SEO plugin. -->","yoast_head_json":{"title":"John Deere invierte USD 30 millones en centro I+D en Brasil y ve a Chile como un mercado estrat\u00e9gico - Mundoagropecuario","description":"Un grupo de ejecutivos sudamericanos de John Deere (1837) estuvo recientemente en Chile para abordar con sus principales stakeholders","robots":{"index":"index","follow":"follow","max-snippet":"max-snippet:-1","max-image-preview":"max-image-preview:large","max-video-preview":"max-video-preview:-1"},"canonical":"https:\/\/www.mundoagropecuario.cl\/new\/john-deere-invierte-usd-30-millones-en-centro-id-en-brasil-y-ve-a-chile-como-un-mercado-estrategico\/","og_locale":"es_ES","og_type":"article","og_title":"John Deere invierte USD 30 millones en centro I+D en Brasil y ve a Chile como un mercado estrat\u00e9gico - Mundoagropecuario","og_description":"Un grupo de ejecutivos sudamericanos de John Deere (1837) estuvo recientemente en Chile para abordar con sus principales stakeholders","og_url":"https:\/\/www.mundoagropecuario.cl\/new\/john-deere-invierte-usd-30-millones-en-centro-id-en-brasil-y-ve-a-chile-como-un-mercado-estrategico\/","og_site_name":"Mundoagropecuario","article_publisher":"https:\/\/www.facebook.com\/mundo.agropecuario.3","article_published_time":"2025-06-16T21:12:41+00:00","article_modified_time":"2025-07-03T15:01:43+00:00","og_image":[{"width":709,"height":400,"url":"https:\/\/www.mundoagropecuario.cl\/new\/wp-content\/uploads\/2025\/06\/John-Deer-scaled.jpg","type":"image\/jpeg"}],"author":"mundo","twitter_card":"summary_large_image","twitter_creator":"@MundoAgropecuar","twitter_site":"@MundoAgropecuar","twitter_misc":{"Escrito por":"mundo","Tiempo de lectura":"4 minutos"},"schema":{"@context":"https:\/\/schema.org","@graph":[{"@type":"Article","@id":"https:\/\/www.mundoagropecuario.cl\/new\/john-deere-invierte-usd-30-millones-en-centro-id-en-brasil-y-ve-a-chile-como-un-mercado-estrategico\/#article","isPartOf":{"@id":"https:\/\/www.mundoagropecuario.cl\/new\/john-deere-invierte-usd-30-millones-en-centro-id-en-brasil-y-ve-a-chile-como-un-mercado-estrategico\/"},"author":{"name":"mundo","@id":"https:\/\/www.mundoagropecuario.cl\/new\/#\/schema\/person\/4e9f74a82a7dac260eb1c44b7eebeb18"},"headline":"John Deere invierte USD 30 millones en centro I+D en Brasil y ve a Chile como un mercado estrat\u00e9gico","datePublished":"2025-06-16T21:12:41+00:00","dateModified":"2025-07-03T15:01:43+00:00","mainEntityOfPage":{"@id":"https:\/\/www.mundoagropecuario.cl\/new\/john-deere-invierte-usd-30-millones-en-centro-id-en-brasil-y-ve-a-chile-como-un-mercado-estrategico\/"},"wordCount":756,"publisher":{"@id":"https:\/\/www.mundoagropecuario.cl\/new\/#organization"},"image":{"@id":"https:\/\/www.mundoagropecuario.cl\/new\/john-deere-invierte-usd-30-millones-en-centro-id-en-brasil-y-ve-a-chile-como-un-mercado-estrategico\/#primaryimage"},"thumbnailUrl":"https:\/\/www.mundoagropecuario.cl\/new\/wp-content\/uploads\/2025\/06\/John-Deer-scaled.jpg","keywords":["Agricultura","Agro","Campo","Carlos Fabres","Ganado","gerente general","John Deere","John Deere invierte USD 30 millones","Salfa","Salfa es John Deere en Chile\u201d","Vi\u00f1a Concha y Toro."],"articleSection":["Agricultura"],"inLanguage":"es"},{"@type":"WebPage","@id":"https:\/\/www.mundoagropecuario.cl\/new\/john-deere-invierte-usd-30-millones-en-centro-id-en-brasil-y-ve-a-chile-como-un-mercado-estrategico\/","url":"https:\/\/www.mundoagropecuario.cl\/new\/john-deere-invierte-usd-30-millones-en-centro-id-en-brasil-y-ve-a-chile-como-un-mercado-estrategico\/","name":"John Deere invierte USD 30 millones en centro I+D en Brasil y ve a Chile como un mercado estrat\u00e9gico - Mundoagropecuario","isPartOf":{"@id":"https:\/\/www.mundoagropecuario.cl\/new\/#website"},"primaryImageOfPage":{"@id":"https:\/\/www.mundoagropecuario.cl\/new\/john-deere-invierte-usd-30-millones-en-centro-id-en-brasil-y-ve-a-chile-como-un-mercado-estrategico\/#primaryimage"},"image":{"@id":"https:\/\/www.mundoagropecuario.cl\/new\/john-deere-invierte-usd-30-millones-en-centro-id-en-brasil-y-ve-a-chile-como-un-mercado-estrategico\/#primaryimage"},"thumbnailUrl":"https:\/\/www.mundoagropecuario.cl\/new\/wp-content\/uploads\/2025\/06\/John-Deer-scaled.jpg","datePublished":"2025-06-16T21:12:41+00:00","dateModified":"2025-07-03T15:01:43+00:00","description":"Un grupo de ejecutivos sudamericanos de John Deere (1837) estuvo recientemente en Chile para abordar con sus principales stakeholders","breadcrumb":{"@id":"https:\/\/www.mundoagropecuario.cl\/new\/john-deere-invierte-usd-30-millones-en-centro-id-en-brasil-y-ve-a-chile-como-un-mercado-estrategico\/#breadcrumb"},"inLanguage":"es","potentialAction":[{"@type":"ReadAction","target":["https:\/\/www.mundoagropecuario.cl\/new\/john-deere-invierte-usd-30-millones-en-centro-id-en-brasil-y-ve-a-chile-como-un-mercado-estrategico\/"]}]},{"@type":"ImageObject","inLanguage":"es","@id":"https:\/\/www.mundoagropecuario.cl\/new\/john-deere-invierte-usd-30-millones-en-centro-id-en-brasil-y-ve-a-chile-como-un-mercado-estrategico\/#primaryimage","url":"https:\/\/www.mundoagropecuario.cl\/new\/wp-content\/uploads\/2025\/06\/John-Deer-scaled.jpg","contentUrl":"https:\/\/www.mundoagropecuario.cl\/new\/wp-content\/uploads\/2025\/06\/John-Deer-scaled.jpg","width":709,"height":400},{"@type":"BreadcrumbList","@id":"https:\/\/www.mundoagropecuario.cl\/new\/john-deere-invierte-usd-30-millones-en-centro-id-en-brasil-y-ve-a-chile-como-un-mercado-estrategico\/#breadcrumb","itemListElement":[{"@type":"ListItem","position":1,"name":"Portada","item":"https:\/\/www.mundoagropecuario.cl\/new\/"},{"@type":"ListItem","position":2,"name":"John Deere invierte USD 30 millones en centro I+D en Brasil y ve a Chile como un mercado estrat\u00e9gico"}]},{"@type":"WebSite","@id":"https:\/\/www.mundoagropecuario.cl\/new\/#website","url":"https:\/\/www.mundoagropecuario.cl\/new\/","name":"Mundoagropecuario","description":"Mundo Agropecuario","publisher":{"@id":"https:\/\/www.mundoagropecuario.cl\/new\/#organization"},"potentialAction":[{"@type":"SearchAction","target":{"@type":"EntryPoint","urlTemplate":"https:\/\/www.mundoagropecuario.cl\/new\/?s={search_term_string}"},"query-input":{"@type":"PropertyValueSpecification","valueRequired":true,"valueName":"search_term_string"}}],"inLanguage":"es"},{"@type":"Organization","@id":"https:\/\/www.mundoagropecuario.cl\/new\/#organization","name":"Revista de Agricultura","url":"https:\/\/www.mundoagropecuario.cl\/new\/","logo":{"@type":"ImageObject","inLanguage":"es","@id":"https:\/\/www.mundoagropecuario.cl\/new\/#\/schema\/logo\/image\/","url":"https:\/\/www.mundoagropecuario.cl\/new\/wp-content\/uploads\/2020\/11\/PORTAL-1-1.png","contentUrl":"https:\/\/www.mundoagropecuario.cl\/new\/wp-content\/uploads\/2020\/11\/PORTAL-1-1.png","width":1026,"height":100,"caption":"Revista de Agricultura"},"image":{"@id":"https:\/\/www.mundoagropecuario.cl\/new\/#\/schema\/logo\/image\/"},"sameAs":["https:\/\/www.facebook.com\/mundo.agropecuario.3","https:\/\/x.com\/MundoAgropecuar","https:\/\/www.linkedin.com\/in\/mundo-agropecuario-934009201\/"]},{"@type":"Person","@id":"https:\/\/www.mundoagropecuario.cl\/new\/#\/schema\/person\/4e9f74a82a7dac260eb1c44b7eebeb18","name":"mundo","url":"https:\/\/www.mundoagropecuario.cl\/new\/author\/mundo\/"}]}},"_links":{"self":[{"href":"https:\/\/www.mundoagropecuario.cl\/new\/wp-json\/wp\/v2\/posts\/26954","targetHints":{"allow":["GET"]}}],"collection":[{"href":"https:\/\/www.mundoagropecuario.cl\/new\/wp-json\/wp\/v2\/posts"}],"about":[{"href":"https:\/\/www.mundoagropecuario.cl\/new\/wp-json\/wp\/v2\/types\/post"}],"author":[{"embeddable":true,"href":"https:\/\/www.mundoagropecuario.cl\/new\/wp-json\/wp\/v2\/users\/2"}],"replies":[{"embeddable":true,"href":"https:\/\/www.mundoagropecuario.cl\/new\/wp-json\/wp\/v2\/comments?post=26954"}],"version-history":[{"count":1,"href":"https:\/\/www.mundoagropecuario.cl\/new\/wp-json\/wp\/v2\/posts\/26954\/revisions"}],"predecessor-version":[{"id":26957,"href":"https:\/\/www.mundoagropecuario.cl\/new\/wp-json\/wp\/v2\/posts\/26954\/revisions\/26957"}],"wp:featuredmedia":[{"embeddable":true,"href":"https:\/\/www.mundoagropecuario.cl\/new\/wp-json\/wp\/v2\/media\/26956"}],"wp:attachment":[{"href":"https:\/\/www.mundoagropecuario.cl\/new\/wp-json\/wp\/v2\/media?parent=26954"}],"wp:term":[{"taxonomy":"category","embeddable":true,"href":"https:\/\/www.mundoagropecuario.cl\/new\/wp-json\/wp\/v2\/categories?post=26954"},{"taxonomy":"post_tag","embeddable":true,"href":"https:\/\/www.mundoagropecuario.cl\/new\/wp-json\/wp\/v2\/tags?post=26954"}],"curies":[{"name":"wp","href":"https:\/\/api.w.org\/{rel}","templated":true}]}}