{"id":26948,"date":"2025-06-16T17:59:21","date_gmt":"2025-06-16T20:59:21","guid":{"rendered":"https:\/\/www.mundoagropecuario.cl\/new\/?p=26948"},"modified":"2025-06-30T12:29:49","modified_gmt":"2025-06-30T15:29:49","slug":"instituto-adolfo-matthei-impulsa-el-recambio-generacional-en-agroimpacta-2025","status":"publish","type":"post","link":"https:\/\/www.mundoagropecuario.cl\/new\/instituto-adolfo-matthei-impulsa-el-recambio-generacional-en-agroimpacta-2025\/","title":{"rendered":"Instituto Adolfo Matthei impulsa el recambio generacional en AgroImpacta 2025"},"content":{"rendered":"<p>Poniendo el foco en uno de los desaf\u00edos principales del mundo agr\u00edcola nacional, el Instituto Profesional Agrario Adolfo Matthei particip\u00f3 activamente en el evento AgroImpacta Los Lagos, organizado por la Corporaci\u00f3n Sim\u00f3n de Cirene y financiado por Corfo Los Lagos, con la charla \u201cCambio generacional en el agro\u201d, realizada en el Hotel Sonesta de Osorno.<\/p>\n<p><a href=\"https:\/\/www.mundoagropecuario.cl\/new\/wp-content\/uploads\/2025\/06\/Instituto-Mathei.2jpg-scaled.jpg\"><img loading=\"lazy\" decoding=\"async\" class=\"alignleft wp-image-26950 \" src=\"https:\/\/www.mundoagropecuario.cl\/new\/wp-content\/uploads\/2025\/06\/Instituto-Mathei.2jpg-scaled.jpg\" alt=\"\" width=\"529\" height=\"326\" \/><\/a>La presentaci\u00f3n reuni\u00f3 a Camila Vicente, Coordinadora de Innovaci\u00f3n, Transferencia Tecnol\u00f3gica y Emprendimiento del Instituto, y a Samuel Troquian, exalumno de la instituci\u00f3n y actual vicepresidente de la Mesa Regional de Juventudes Rurales de INDAP. Desde sus respectivas experiencias, ambos abordaron las motivaciones, barreras y oportunidades que enfrentan los j\u00f3venes que deciden proyectar su vida en el campo.<\/p>\n<p>En la instancia se destac\u00f3 la necesidad de contar con m\u00e1s j\u00f3venes liderando procesos productivos, adoptando tecnolog\u00edas y participando en redes de colaboraci\u00f3n, destacando as\u00ed el rol del Instituto en la formaci\u00f3n de estos nuevos liderazgos. Tambi\u00e9n, se enfatiz\u00f3 en la importancia de visibilizar historias que inspiran y transforman desde los territorios.<\/p>\n<p>De esta manera, esta charla se desarroll\u00f3 en el marco de este importante evento que congreg\u00f3 a m\u00e1s de 20 expertos y expertas del mundo agr\u00edcola nacional e internacional, abordando tem\u00e1ticas como innovaci\u00f3n tecnol\u00f3gica, sostenibilidad, liderazgo femenino y acceso a mercados. La actividad incluy\u00f3 una nutrida agenda de talleres, paneles y espacios de networking, orientados a movilizar a diversos actores del sector hacia un futuro m\u00e1s colaborativo y sustentable.<\/p>\n<p>Con su participaci\u00f3n, el Instituto Adolfo Matthei reafirm\u00f3 su compromiso con la formaci\u00f3n de profesionales que no s\u00f3lo respondan a las necesidades actuales del agro, sino que tambi\u00e9n lideren los cambios que el sector requiere para proyectarse en el tiempo.<\/p>\n<p>Ingrid Luna, rectora del Instituto Profesional Agrario Adolfo Matthei, destac\u00f3 la relevancia de participar en esta instancia. \u201cFue muy significativo estar presentes en un evento que reuni\u00f3 a tantas personas: socios, colaboradores, cooperativas y asociaciones. Eso es justamente lo que buscamos como instituci\u00f3n, que nuestros estudiantes se impregnen desde el primer d\u00eda del valor del trabajo colaborativo y del v\u00ednculo con el entorno real\u201d.<\/p>\n<p>Asimismo, subray\u00f3 que \u201cla innovaci\u00f3n fue uno de los conceptos m\u00e1s destacados en esta jornada, y en nuestro instituto la promovemos desde el primer semestre. Tambi\u00e9n abordamos el desaf\u00edo del relevo generacional. Hoy, m\u00e1s que nunca, necesitamos encantar a los j\u00f3venes con el mundo silvoagropecuario\u201d.<\/p>\n<p>De igual manera, plante\u00f3 que \u201ca\u00fan estamos al debe como pa\u00eds en enamorar a las nuevas generaciones con la importancia de la producci\u00f3n agroalimentaria. Hay muchas brechas, pero desde el aula estamos trabajando para cerrar esa distancia y motivarlos a ser parte activa de esta cadena tan esencial para Chile\u201d.<\/p>\n<p><a href=\"https:\/\/www.mundoagropecuario.cl\/new\/wp-content\/uploads\/2025\/06\/Instituto-Mathei3-scaled.jpg\"><img loading=\"lazy\" decoding=\"async\" class=\"alignright wp-image-26949 \" src=\"https:\/\/www.mundoagropecuario.cl\/new\/wp-content\/uploads\/2025\/06\/Instituto-Mathei3-scaled.jpg\" alt=\"\" width=\"542\" height=\"384\" \/><\/a>Samuel Troquian, vicepresidente de la Mesa Regional de Juventudes Rurales de INDAP, valor\u00f3 su formaci\u00f3n y el rol de los j\u00f3venes en el agro. \u201cMe siento muy agradecido y afortunado de haber nacido institucionalmente en la Adolfo Matthei, de donde egres\u00e9. Fue una experiencia que me entreg\u00f3 herramientas de innovaci\u00f3n y una mirada m\u00e1s amplia sobre el trabajo en terreno. Entend\u00ed que no se trata s\u00f3lo de estar en una lecher\u00eda o en fruticultura, sino tambi\u00e9n de trabajar con la agricultura familiar campesina\u201d.<\/p>\n<p>Finalmente, recalc\u00f3 la importancia de trabajar hoy con las juventudes rurales y mencion\u00f3 que &#8220;esto nos permite identificar necesidades, falencias y tambi\u00e9n oportunidades dentro del mundo agrario. Hoy los j\u00f3venes no representan un problema, sino que son agentes de cambio. Son quienes liderar\u00e1n el relevo generacional que el agro necesita para que, en diez a\u00f1os m\u00e1s, podamos garantizar la soberan\u00eda alimentaria de la regi\u00f3n\u201d.<\/p>\n","protected":false},"excerpt":{"rendered":"<p>En la instancia se destac\u00f3 la necesidad de contar con m\u00e1s j\u00f3venes liderando procesos productivos, adoptando tecnolog\u00edas y participando en redes de colaboraci\u00f3n.<\/p>\n","protected":false},"author":2,"featured_media":26951,"comment_status":"closed","ping_status":"closed","sticky":false,"template":"","format":"standard","meta":{"footnotes":""},"categories":[1952],"tags":[9814,9815,579,8699,1992,7263,2358,9816],"class_list":["post-26948","post","type-post","status-publish","format-standard","has-post-thumbnail","hentry","category-educacion","tag-agroimpacta-2025","tag-cambio-generacional","tag-corfo-los-lagos","tag-hotel-sonesta-de-osorno","tag-indap","tag-instituto-adolfo-matthei","tag-silvoagropecuario","tag-vida-en-el-campo"],"yoast_head":"<!-- This site is optimized with the Yoast SEO plugin v26.6 - https:\/\/yoast.com\/wordpress\/plugins\/seo\/ -->\n<title>Instituto Adolfo Matthei impulsa el recambio generacional en AgroImpacta 2025 - Mundoagropecuario<\/title>\n<meta name=\"description\" content=\"Se destac\u00f3 de contar con m\u00e1s j\u00f3venes liderando procesos productivos, adoptando tecnolog\u00edas y participando en redes de colaboraci\u00f3n.\" \/>\n<meta name=\"robots\" content=\"index, follow, max-snippet:-1, max-image-preview:large, max-video-preview:-1\" \/>\n<link rel=\"canonical\" href=\"https:\/\/www.mundoagropecuario.cl\/new\/instituto-adolfo-matthei-impulsa-el-recambio-generacional-en-agroimpacta-2025\/\" \/>\n<meta property=\"og:locale\" content=\"es_ES\" \/>\n<meta property=\"og:type\" content=\"article\" \/>\n<meta property=\"og:title\" content=\"Instituto Adolfo Matthei impulsa el recambio generacional en AgroImpacta 2025 - Mundoagropecuario\" \/>\n<meta property=\"og:description\" content=\"Se destac\u00f3 de contar con m\u00e1s j\u00f3venes liderando procesos productivos, adoptando tecnolog\u00edas y participando en redes de colaboraci\u00f3n.\" \/>\n<meta property=\"og:url\" content=\"https:\/\/www.mundoagropecuario.cl\/new\/instituto-adolfo-matthei-impulsa-el-recambio-generacional-en-agroimpacta-2025\/\" \/>\n<meta property=\"og:site_name\" content=\"Mundoagropecuario\" \/>\n<meta property=\"article:publisher\" content=\"https:\/\/www.facebook.com\/mundo.agropecuario.3\" \/>\n<meta property=\"article:published_time\" content=\"2025-06-16T20:59:21+00:00\" \/>\n<meta property=\"article:modified_time\" content=\"2025-06-30T15:29:49+00:00\" \/>\n<meta property=\"og:image\" content=\"https:\/\/www.mundoagropecuario.cl\/new\/wp-content\/uploads\/2025\/06\/Instituto-Mathei-scaled.jpg\" \/>\n\t<meta property=\"og:image:width\" content=\"697\" \/>\n\t<meta property=\"og:image:height\" content=\"400\" \/>\n\t<meta property=\"og:image:type\" content=\"image\/jpeg\" \/>\n<meta name=\"author\" content=\"mundo\" \/>\n<meta name=\"twitter:card\" content=\"summary_large_image\" \/>\n<meta name=\"twitter:creator\" content=\"@MundoAgropecuar\" \/>\n<meta name=\"twitter:site\" content=\"@MundoAgropecuar\" \/>\n<meta name=\"twitter:label1\" content=\"Escrito por\" \/>\n\t<meta name=\"twitter:data1\" content=\"mundo\" \/>\n\t<meta name=\"twitter:label2\" content=\"Tiempo de lectura\" \/>\n\t<meta name=\"twitter:data2\" content=\"4 minutos\" \/>\n<script type=\"application\/ld+json\" class=\"yoast-schema-graph\">{\"@context\":\"https:\/\/schema.org\",\"@graph\":[{\"@type\":\"Article\",\"@id\":\"https:\/\/www.mundoagropecuario.cl\/new\/instituto-adolfo-matthei-impulsa-el-recambio-generacional-en-agroimpacta-2025\/#article\",\"isPartOf\":{\"@id\":\"https:\/\/www.mundoagropecuario.cl\/new\/instituto-adolfo-matthei-impulsa-el-recambio-generacional-en-agroimpacta-2025\/\"},\"author\":{\"name\":\"mundo\",\"@id\":\"https:\/\/www.mundoagropecuario.cl\/new\/#\/schema\/person\/4e9f74a82a7dac260eb1c44b7eebeb18\"},\"headline\":\"Instituto Adolfo Matthei impulsa el recambio generacional en AgroImpacta 2025\",\"datePublished\":\"2025-06-16T20:59:21+00:00\",\"dateModified\":\"2025-06-30T15:29:49+00:00\",\"mainEntityOfPage\":{\"@id\":\"https:\/\/www.mundoagropecuario.cl\/new\/instituto-adolfo-matthei-impulsa-el-recambio-generacional-en-agroimpacta-2025\/\"},\"wordCount\":639,\"publisher\":{\"@id\":\"https:\/\/www.mundoagropecuario.cl\/new\/#organization\"},\"image\":{\"@id\":\"https:\/\/www.mundoagropecuario.cl\/new\/instituto-adolfo-matthei-impulsa-el-recambio-generacional-en-agroimpacta-2025\/#primaryimage\"},\"thumbnailUrl\":\"https:\/\/www.mundoagropecuario.cl\/new\/wp-content\/uploads\/2025\/06\/Instituto-Mathei-scaled.jpg\",\"keywords\":[\"AgroImpacta 2025\",\"Cambio generacional\",\"Corfo Los Lagos\",\"Hotel Sonesta de Osorno\",\"Indap\",\"Instituto Adolfo Matthei.\",\"Silvoagropecuario\",\"vida en el campo.\"],\"articleSection\":[\"Educaci\u00f3n\"],\"inLanguage\":\"es\"},{\"@type\":\"WebPage\",\"@id\":\"https:\/\/www.mundoagropecuario.cl\/new\/instituto-adolfo-matthei-impulsa-el-recambio-generacional-en-agroimpacta-2025\/\",\"url\":\"https:\/\/www.mundoagropecuario.cl\/new\/instituto-adolfo-matthei-impulsa-el-recambio-generacional-en-agroimpacta-2025\/\",\"name\":\"Instituto Adolfo Matthei impulsa el recambio generacional en AgroImpacta 2025 - Mundoagropecuario\",\"isPartOf\":{\"@id\":\"https:\/\/www.mundoagropecuario.cl\/new\/#website\"},\"primaryImageOfPage\":{\"@id\":\"https:\/\/www.mundoagropecuario.cl\/new\/instituto-adolfo-matthei-impulsa-el-recambio-generacional-en-agroimpacta-2025\/#primaryimage\"},\"image\":{\"@id\":\"https:\/\/www.mundoagropecuario.cl\/new\/instituto-adolfo-matthei-impulsa-el-recambio-generacional-en-agroimpacta-2025\/#primaryimage\"},\"thumbnailUrl\":\"https:\/\/www.mundoagropecuario.cl\/new\/wp-content\/uploads\/2025\/06\/Instituto-Mathei-scaled.jpg\",\"datePublished\":\"2025-06-16T20:59:21+00:00\",\"dateModified\":\"2025-06-30T15:29:49+00:00\",\"description\":\"Se destac\u00f3 de contar con m\u00e1s j\u00f3venes liderando procesos productivos, adoptando tecnolog\u00edas y participando en redes de colaboraci\u00f3n.\",\"breadcrumb\":{\"@id\":\"https:\/\/www.mundoagropecuario.cl\/new\/instituto-adolfo-matthei-impulsa-el-recambio-generacional-en-agroimpacta-2025\/#breadcrumb\"},\"inLanguage\":\"es\",\"potentialAction\":[{\"@type\":\"ReadAction\",\"target\":[\"https:\/\/www.mundoagropecuario.cl\/new\/instituto-adolfo-matthei-impulsa-el-recambio-generacional-en-agroimpacta-2025\/\"]}]},{\"@type\":\"ImageObject\",\"inLanguage\":\"es\",\"@id\":\"https:\/\/www.mundoagropecuario.cl\/new\/instituto-adolfo-matthei-impulsa-el-recambio-generacional-en-agroimpacta-2025\/#primaryimage\",\"url\":\"https:\/\/www.mundoagropecuario.cl\/new\/wp-content\/uploads\/2025\/06\/Instituto-Mathei-scaled.jpg\",\"contentUrl\":\"https:\/\/www.mundoagropecuario.cl\/new\/wp-content\/uploads\/2025\/06\/Instituto-Mathei-scaled.jpg\",\"width\":697,\"height\":400},{\"@type\":\"BreadcrumbList\",\"@id\":\"https:\/\/www.mundoagropecuario.cl\/new\/instituto-adolfo-matthei-impulsa-el-recambio-generacional-en-agroimpacta-2025\/#breadcrumb\",\"itemListElement\":[{\"@type\":\"ListItem\",\"position\":1,\"name\":\"Portada\",\"item\":\"https:\/\/www.mundoagropecuario.cl\/new\/\"},{\"@type\":\"ListItem\",\"position\":2,\"name\":\"Instituto Adolfo Matthei impulsa el recambio generacional en AgroImpacta 2025\"}]},{\"@type\":\"WebSite\",\"@id\":\"https:\/\/www.mundoagropecuario.cl\/new\/#website\",\"url\":\"https:\/\/www.mundoagropecuario.cl\/new\/\",\"name\":\"Mundoagropecuario\",\"description\":\"Mundo Agropecuario\",\"publisher\":{\"@id\":\"https:\/\/www.mundoagropecuario.cl\/new\/#organization\"},\"potentialAction\":[{\"@type\":\"SearchAction\",\"target\":{\"@type\":\"EntryPoint\",\"urlTemplate\":\"https:\/\/www.mundoagropecuario.cl\/new\/?s={search_term_string}\"},\"query-input\":{\"@type\":\"PropertyValueSpecification\",\"valueRequired\":true,\"valueName\":\"search_term_string\"}}],\"inLanguage\":\"es\"},{\"@type\":\"Organization\",\"@id\":\"https:\/\/www.mundoagropecuario.cl\/new\/#organization\",\"name\":\"Revista de Agricultura\",\"url\":\"https:\/\/www.mundoagropecuario.cl\/new\/\",\"logo\":{\"@type\":\"ImageObject\",\"inLanguage\":\"es\",\"@id\":\"https:\/\/www.mundoagropecuario.cl\/new\/#\/schema\/logo\/image\/\",\"url\":\"https:\/\/www.mundoagropecuario.cl\/new\/wp-content\/uploads\/2020\/11\/PORTAL-1-1.png\",\"contentUrl\":\"https:\/\/www.mundoagropecuario.cl\/new\/wp-content\/uploads\/2020\/11\/PORTAL-1-1.png\",\"width\":1026,\"height\":100,\"caption\":\"Revista de Agricultura\"},\"image\":{\"@id\":\"https:\/\/www.mundoagropecuario.cl\/new\/#\/schema\/logo\/image\/\"},\"sameAs\":[\"https:\/\/www.facebook.com\/mundo.agropecuario.3\",\"https:\/\/x.com\/MundoAgropecuar\",\"https:\/\/www.linkedin.com\/in\/mundo-agropecuario-934009201\/\"]},{\"@type\":\"Person\",\"@id\":\"https:\/\/www.mundoagropecuario.cl\/new\/#\/schema\/person\/4e9f74a82a7dac260eb1c44b7eebeb18\",\"name\":\"mundo\",\"url\":\"https:\/\/www.mundoagropecuario.cl\/new\/author\/mundo\/\"}]}<\/script>\n<!-- \/ Yoast SEO plugin. -->","yoast_head_json":{"title":"Instituto Adolfo Matthei impulsa el recambio generacional en AgroImpacta 2025 - Mundoagropecuario","description":"Se destac\u00f3 de contar con m\u00e1s j\u00f3venes liderando procesos productivos, adoptando tecnolog\u00edas y participando en redes de colaboraci\u00f3n.","robots":{"index":"index","follow":"follow","max-snippet":"max-snippet:-1","max-image-preview":"max-image-preview:large","max-video-preview":"max-video-preview:-1"},"canonical":"https:\/\/www.mundoagropecuario.cl\/new\/instituto-adolfo-matthei-impulsa-el-recambio-generacional-en-agroimpacta-2025\/","og_locale":"es_ES","og_type":"article","og_title":"Instituto Adolfo Matthei impulsa el recambio generacional en AgroImpacta 2025 - Mundoagropecuario","og_description":"Se destac\u00f3 de contar con m\u00e1s j\u00f3venes liderando procesos productivos, adoptando tecnolog\u00edas y participando en redes de colaboraci\u00f3n.","og_url":"https:\/\/www.mundoagropecuario.cl\/new\/instituto-adolfo-matthei-impulsa-el-recambio-generacional-en-agroimpacta-2025\/","og_site_name":"Mundoagropecuario","article_publisher":"https:\/\/www.facebook.com\/mundo.agropecuario.3","article_published_time":"2025-06-16T20:59:21+00:00","article_modified_time":"2025-06-30T15:29:49+00:00","og_image":[{"width":697,"height":400,"url":"https:\/\/www.mundoagropecuario.cl\/new\/wp-content\/uploads\/2025\/06\/Instituto-Mathei-scaled.jpg","type":"image\/jpeg"}],"author":"mundo","twitter_card":"summary_large_image","twitter_creator":"@MundoAgropecuar","twitter_site":"@MundoAgropecuar","twitter_misc":{"Escrito por":"mundo","Tiempo de lectura":"4 minutos"},"schema":{"@context":"https:\/\/schema.org","@graph":[{"@type":"Article","@id":"https:\/\/www.mundoagropecuario.cl\/new\/instituto-adolfo-matthei-impulsa-el-recambio-generacional-en-agroimpacta-2025\/#article","isPartOf":{"@id":"https:\/\/www.mundoagropecuario.cl\/new\/instituto-adolfo-matthei-impulsa-el-recambio-generacional-en-agroimpacta-2025\/"},"author":{"name":"mundo","@id":"https:\/\/www.mundoagropecuario.cl\/new\/#\/schema\/person\/4e9f74a82a7dac260eb1c44b7eebeb18"},"headline":"Instituto Adolfo Matthei impulsa el recambio generacional en AgroImpacta 2025","datePublished":"2025-06-16T20:59:21+00:00","dateModified":"2025-06-30T15:29:49+00:00","mainEntityOfPage":{"@id":"https:\/\/www.mundoagropecuario.cl\/new\/instituto-adolfo-matthei-impulsa-el-recambio-generacional-en-agroimpacta-2025\/"},"wordCount":639,"publisher":{"@id":"https:\/\/www.mundoagropecuario.cl\/new\/#organization"},"image":{"@id":"https:\/\/www.mundoagropecuario.cl\/new\/instituto-adolfo-matthei-impulsa-el-recambio-generacional-en-agroimpacta-2025\/#primaryimage"},"thumbnailUrl":"https:\/\/www.mundoagropecuario.cl\/new\/wp-content\/uploads\/2025\/06\/Instituto-Mathei-scaled.jpg","keywords":["AgroImpacta 2025","Cambio generacional","Corfo Los Lagos","Hotel Sonesta de Osorno","Indap","Instituto Adolfo Matthei.","Silvoagropecuario","vida en el campo."],"articleSection":["Educaci\u00f3n"],"inLanguage":"es"},{"@type":"WebPage","@id":"https:\/\/www.mundoagropecuario.cl\/new\/instituto-adolfo-matthei-impulsa-el-recambio-generacional-en-agroimpacta-2025\/","url":"https:\/\/www.mundoagropecuario.cl\/new\/instituto-adolfo-matthei-impulsa-el-recambio-generacional-en-agroimpacta-2025\/","name":"Instituto Adolfo Matthei impulsa el recambio generacional en AgroImpacta 2025 - Mundoagropecuario","isPartOf":{"@id":"https:\/\/www.mundoagropecuario.cl\/new\/#website"},"primaryImageOfPage":{"@id":"https:\/\/www.mundoagropecuario.cl\/new\/instituto-adolfo-matthei-impulsa-el-recambio-generacional-en-agroimpacta-2025\/#primaryimage"},"image":{"@id":"https:\/\/www.mundoagropecuario.cl\/new\/instituto-adolfo-matthei-impulsa-el-recambio-generacional-en-agroimpacta-2025\/#primaryimage"},"thumbnailUrl":"https:\/\/www.mundoagropecuario.cl\/new\/wp-content\/uploads\/2025\/06\/Instituto-Mathei-scaled.jpg","datePublished":"2025-06-16T20:59:21+00:00","dateModified":"2025-06-30T15:29:49+00:00","description":"Se destac\u00f3 de contar con m\u00e1s j\u00f3venes liderando procesos productivos, adoptando tecnolog\u00edas y participando en redes de colaboraci\u00f3n.","breadcrumb":{"@id":"https:\/\/www.mundoagropecuario.cl\/new\/instituto-adolfo-matthei-impulsa-el-recambio-generacional-en-agroimpacta-2025\/#breadcrumb"},"inLanguage":"es","potentialAction":[{"@type":"ReadAction","target":["https:\/\/www.mundoagropecuario.cl\/new\/instituto-adolfo-matthei-impulsa-el-recambio-generacional-en-agroimpacta-2025\/"]}]},{"@type":"ImageObject","inLanguage":"es","@id":"https:\/\/www.mundoagropecuario.cl\/new\/instituto-adolfo-matthei-impulsa-el-recambio-generacional-en-agroimpacta-2025\/#primaryimage","url":"https:\/\/www.mundoagropecuario.cl\/new\/wp-content\/uploads\/2025\/06\/Instituto-Mathei-scaled.jpg","contentUrl":"https:\/\/www.mundoagropecuario.cl\/new\/wp-content\/uploads\/2025\/06\/Instituto-Mathei-scaled.jpg","width":697,"height":400},{"@type":"BreadcrumbList","@id":"https:\/\/www.mundoagropecuario.cl\/new\/instituto-adolfo-matthei-impulsa-el-recambio-generacional-en-agroimpacta-2025\/#breadcrumb","itemListElement":[{"@type":"ListItem","position":1,"name":"Portada","item":"https:\/\/www.mundoagropecuario.cl\/new\/"},{"@type":"ListItem","position":2,"name":"Instituto Adolfo Matthei impulsa el recambio generacional en AgroImpacta 2025"}]},{"@type":"WebSite","@id":"https:\/\/www.mundoagropecuario.cl\/new\/#website","url":"https:\/\/www.mundoagropecuario.cl\/new\/","name":"Mundoagropecuario","description":"Mundo Agropecuario","publisher":{"@id":"https:\/\/www.mundoagropecuario.cl\/new\/#organization"},"potentialAction":[{"@type":"SearchAction","target":{"@type":"EntryPoint","urlTemplate":"https:\/\/www.mundoagropecuario.cl\/new\/?s={search_term_string}"},"query-input":{"@type":"PropertyValueSpecification","valueRequired":true,"valueName":"search_term_string"}}],"inLanguage":"es"},{"@type":"Organization","@id":"https:\/\/www.mundoagropecuario.cl\/new\/#organization","name":"Revista de Agricultura","url":"https:\/\/www.mundoagropecuario.cl\/new\/","logo":{"@type":"ImageObject","inLanguage":"es","@id":"https:\/\/www.mundoagropecuario.cl\/new\/#\/schema\/logo\/image\/","url":"https:\/\/www.mundoagropecuario.cl\/new\/wp-content\/uploads\/2020\/11\/PORTAL-1-1.png","contentUrl":"https:\/\/www.mundoagropecuario.cl\/new\/wp-content\/uploads\/2020\/11\/PORTAL-1-1.png","width":1026,"height":100,"caption":"Revista de Agricultura"},"image":{"@id":"https:\/\/www.mundoagropecuario.cl\/new\/#\/schema\/logo\/image\/"},"sameAs":["https:\/\/www.facebook.com\/mundo.agropecuario.3","https:\/\/x.com\/MundoAgropecuar","https:\/\/www.linkedin.com\/in\/mundo-agropecuario-934009201\/"]},{"@type":"Person","@id":"https:\/\/www.mundoagropecuario.cl\/new\/#\/schema\/person\/4e9f74a82a7dac260eb1c44b7eebeb18","name":"mundo","url":"https:\/\/www.mundoagropecuario.cl\/new\/author\/mundo\/"}]}},"_links":{"self":[{"href":"https:\/\/www.mundoagropecuario.cl\/new\/wp-json\/wp\/v2\/posts\/26948","targetHints":{"allow":["GET"]}}],"collection":[{"href":"https:\/\/www.mundoagropecuario.cl\/new\/wp-json\/wp\/v2\/posts"}],"about":[{"href":"https:\/\/www.mundoagropecuario.cl\/new\/wp-json\/wp\/v2\/types\/post"}],"author":[{"embeddable":true,"href":"https:\/\/www.mundoagropecuario.cl\/new\/wp-json\/wp\/v2\/users\/2"}],"replies":[{"embeddable":true,"href":"https:\/\/www.mundoagropecuario.cl\/new\/wp-json\/wp\/v2\/comments?post=26948"}],"version-history":[{"count":1,"href":"https:\/\/www.mundoagropecuario.cl\/new\/wp-json\/wp\/v2\/posts\/26948\/revisions"}],"predecessor-version":[{"id":26953,"href":"https:\/\/www.mundoagropecuario.cl\/new\/wp-json\/wp\/v2\/posts\/26948\/revisions\/26953"}],"wp:featuredmedia":[{"embeddable":true,"href":"https:\/\/www.mundoagropecuario.cl\/new\/wp-json\/wp\/v2\/media\/26951"}],"wp:attachment":[{"href":"https:\/\/www.mundoagropecuario.cl\/new\/wp-json\/wp\/v2\/media?parent=26948"}],"wp:term":[{"taxonomy":"category","embeddable":true,"href":"https:\/\/www.mundoagropecuario.cl\/new\/wp-json\/wp\/v2\/categories?post=26948"},{"taxonomy":"post_tag","embeddable":true,"href":"https:\/\/www.mundoagropecuario.cl\/new\/wp-json\/wp\/v2\/tags?post=26948"}],"curies":[{"name":"wp","href":"https:\/\/api.w.org\/{rel}","templated":true}]}}