{"id":26932,"date":"2025-06-13T11:17:27","date_gmt":"2025-06-13T14:17:27","guid":{"rendered":"https:\/\/www.mundoagropecuario.cl\/new\/?p=26932"},"modified":"2025-06-19T12:28:28","modified_gmt":"2025-06-19T15:28:28","slug":"instituto-adolfo-matthei-y-aiep-inician-nueva-fase-del-programa-ip-cft-2030","status":"publish","type":"post","link":"https:\/\/www.mundoagropecuario.cl\/new\/instituto-adolfo-matthei-y-aiep-inician-nueva-fase-del-programa-ip-cft-2030\/","title":{"rendered":"Instituto Adolfo Matthei y AIEP inician nueva fase del Programa IP\/CFT 2030"},"content":{"rendered":"<p>Con la presencia de autoridades y acad\u00e9micos del Instituto profesional agrario Adolfo Matthei, representantes del Instituto AIEP, y de estamentos gubernamentales e invitados especiales, se realiz\u00f3 el lanzamiento de la cuarta etapa del Proyecto IP\/CFT 2030, iniciativa conjunta entre Corfo y el Ministerio de Educaci\u00f3n que promueve la innovaci\u00f3n y transferencia tecnol\u00f3gica en instituciones t\u00e9cnico-profesionales y centros de formaci\u00f3n t\u00e9cnica.<\/p>\n<p><a href=\"https:\/\/www.mundoagropecuario.cl\/new\/wp-content\/uploads\/2025\/06\/Agro1-scaled.jpg\"><img loading=\"lazy\" decoding=\"async\" class=\"alignright wp-image-26934 \" src=\"https:\/\/www.mundoagropecuario.cl\/new\/wp-content\/uploads\/2025\/06\/Agro1-600x400.jpg\" alt=\"\" width=\"532\" height=\"367\" \/><\/a>La actividad, encabezada por la rectora del Instituto profesional agrario Adolfo Matthei, Ingrid Luna, constituye un importante hito para dicha instituci\u00f3n, ya que permitir\u00e1 un trabajo mancomunado a trav\u00e9s de un consorcio junto al Instituto AIEP, que permitir\u00e1 acelerar una serie de proyectos ligados a rubros productivos que son clave para la regi\u00f3n de Los Lagos, adem\u00e1s de entregar formaci\u00f3n y herramientas a estudiantes en materias de innovaci\u00f3n y transferencia tecnol\u00f3gica.<\/p>\n<p>La conformaci\u00f3n de una Aceleradora T\u00e9cnico Profesional Sustentable permitir\u00e1 apoyar seis iniciativas innovadoras y con gran potencial tecnol\u00f3gico, siendo tres de ellas pertenecientes a alumnos de las sedes de AIEP Osorno, Puerto Montt y Castro, mientras que el Instituto profesional Adolfo Matthei tendr\u00e1 tres proyectos a su haber.<\/p>\n<p>A trav\u00e9s del apoyo de una empresa consultora, esta Aceleradora formar\u00e1 a colaboradores y docentes en tem\u00e1ticas de transferencia tecnol\u00f3gica, con el objetivo de madurar cada proyecto y habilitar su transferencia al territorio. Adem\u00e1s, se contempla mentor\u00edas especializadas y aportes pecuniarios para el desarrollo de cada proyecto, todo en un plazo de 13 semanas, a partir de este mes de junio.<\/p>\n<p>La rectora del Instituto profesional agrario Adolfo Matthei, Ingrid Luna, destac\u00f3 el poder trabajar de manera mancomunada y aportar como Instituto al desarrollo productivo de la regi\u00f3n. \u201cEstamos muy felices con el resultado de esta experiencia, lo que demuestra lo avanzado que estamos como regi\u00f3n de Los Lagos en materia de sustentabilidad, innovaci\u00f3n, transferencia tecnol\u00f3gica y emprendimiento, conceptos que empezamos a trabajar desde la educaci\u00f3n t\u00e9cnico profesional\u201d.<\/p>\n<p><a href=\"https:\/\/www.mundoagropecuario.cl\/new\/wp-content\/uploads\/2025\/06\/Agro3-scaled.jpg\"><img loading=\"lazy\" decoding=\"async\" class=\"alignleft wp-image-26933 \" src=\"https:\/\/www.mundoagropecuario.cl\/new\/wp-content\/uploads\/2025\/06\/Agro3-711x400.jpg\" alt=\"\" width=\"546\" height=\"320\" \/><\/a>Por su parte, el director nacional de Innovaci\u00f3n y Emprendimiento de AIEP, Felipe Chaparro, destac\u00f3 tres componentes que son importantes en el marco del presente proyecto. \u201cPrimeramente, se desarrollaron estrategias para proporcionar oportunidades a los estudiantes para aplicar lo aprendido en innovaci\u00f3n y solucionar problem\u00e1ticas de cada proyecto. Adem\u00e1s, destaco el trabajo colaborativo en modalidad de consorcio, para complementar capacidades y desarrollar innovaci\u00f3n con foco territorial. Y, por \u00faltimo, resalto la colaboraci\u00f3n de muchas entidades del ecosistema innovador, adem\u00e1s del sector productivo y social, lo que permite contribuir al desarrollo de toda la regi\u00f3n\u201d.<\/p>\n<p>El tesorero de la Fundaci\u00f3n Adolfo Matthei, Ricardo Ortiz, se mostr\u00f3 gratamente sorprendido por el nivel de compromiso de todos los actores en pos de llevar adelante este importante proyecto. \u201cEste trabajo permite el fortalecimiento de ambas instituciones y de los j\u00f3venes estudiantes. Es una tremenda instancia, la cual veo con mucho optimismo y como Fundaci\u00f3n brindamos todo el apoyo para el \u00e9xito de esta iniciativa\u201d.<\/p>\n","protected":false},"excerpt":{"rendered":"<p>Con presencia de autoridades se realiz\u00f3 el lanzamiento de la cuarta etapa del Proyecto IP\/CFT 2030, iniciativa conjunta entre Corfo y el Ministerio de Educaci\u00f3n que promueve la innovaci\u00f3n y transferencia tecnol\u00f3gica.<\/p>\n","protected":false},"author":2,"featured_media":26935,"comment_status":"closed","ping_status":"closed","sticky":false,"template":"","format":"standard","meta":{"footnotes":""},"categories":[1952],"tags":[2889,2090,3127,9801,9804,9802,9803,9800,5377,2161],"class_list":["post-26932","post","type-post","status-publish","format-standard","has-post-thumbnail","hentry","category-educacion","tag-adolfo-matthei","tag-agricultura","tag-agro","tag-aiep","tag-corfo-y-el-ministerio-de-educacion","tag-felipe-chaparro","tag-ingrid-luna","tag-instituto-adolfo-matthei-y-aiep","tag-instituto-profesional-agrario-adolfo-matthei","tag-osorno"],"yoast_head":"<!-- This site is optimized with the Yoast SEO plugin v26.6 - https:\/\/yoast.com\/wordpress\/plugins\/seo\/ -->\n<title>Instituto Adolfo Matthei y AIEP inician nueva fase del Programa IP\/CFT 2030 - Mundoagropecuario<\/title>\n<meta name=\"description\" content=\"iniciativa conjunta entre Corfo y el Ministerio de Educaci\u00f3n que promueve la innovaci\u00f3n y transferencia tecnol\u00f3gica.\" \/>\n<meta name=\"robots\" content=\"index, follow, max-snippet:-1, max-image-preview:large, max-video-preview:-1\" \/>\n<link rel=\"canonical\" href=\"https:\/\/www.mundoagropecuario.cl\/new\/instituto-adolfo-matthei-y-aiep-inician-nueva-fase-del-programa-ip-cft-2030\/\" \/>\n<meta property=\"og:locale\" content=\"es_ES\" \/>\n<meta property=\"og:type\" content=\"article\" \/>\n<meta property=\"og:title\" content=\"Instituto Adolfo Matthei y AIEP inician nueva fase del Programa IP\/CFT 2030 - Mundoagropecuario\" \/>\n<meta property=\"og:description\" content=\"iniciativa conjunta entre Corfo y el Ministerio de Educaci\u00f3n que promueve la innovaci\u00f3n y transferencia tecnol\u00f3gica.\" \/>\n<meta property=\"og:url\" content=\"https:\/\/www.mundoagropecuario.cl\/new\/instituto-adolfo-matthei-y-aiep-inician-nueva-fase-del-programa-ip-cft-2030\/\" \/>\n<meta property=\"og:site_name\" content=\"Mundoagropecuario\" \/>\n<meta property=\"article:publisher\" content=\"https:\/\/www.facebook.com\/mundo.agropecuario.3\" \/>\n<meta property=\"article:published_time\" content=\"2025-06-13T14:17:27+00:00\" \/>\n<meta property=\"article:modified_time\" content=\"2025-06-19T15:28:28+00:00\" \/>\n<meta property=\"og:image\" content=\"https:\/\/www.mundoagropecuario.cl\/new\/wp-content\/uploads\/2025\/06\/Agro2-scaled.jpg\" \/>\n\t<meta property=\"og:image:width\" content=\"641\" \/>\n\t<meta property=\"og:image:height\" content=\"400\" \/>\n\t<meta property=\"og:image:type\" content=\"image\/jpeg\" \/>\n<meta name=\"author\" content=\"mundo\" \/>\n<meta name=\"twitter:card\" content=\"summary_large_image\" \/>\n<meta name=\"twitter:creator\" content=\"@MundoAgropecuar\" \/>\n<meta name=\"twitter:site\" content=\"@MundoAgropecuar\" \/>\n<meta name=\"twitter:label1\" content=\"Escrito por\" \/>\n\t<meta name=\"twitter:data1\" content=\"mundo\" \/>\n\t<meta name=\"twitter:label2\" content=\"Tiempo de lectura\" \/>\n\t<meta name=\"twitter:data2\" content=\"3 minutos\" \/>\n<script type=\"application\/ld+json\" class=\"yoast-schema-graph\">{\"@context\":\"https:\/\/schema.org\",\"@graph\":[{\"@type\":\"Article\",\"@id\":\"https:\/\/www.mundoagropecuario.cl\/new\/instituto-adolfo-matthei-y-aiep-inician-nueva-fase-del-programa-ip-cft-2030\/#article\",\"isPartOf\":{\"@id\":\"https:\/\/www.mundoagropecuario.cl\/new\/instituto-adolfo-matthei-y-aiep-inician-nueva-fase-del-programa-ip-cft-2030\/\"},\"author\":{\"name\":\"mundo\",\"@id\":\"https:\/\/www.mundoagropecuario.cl\/new\/#\/schema\/person\/4e9f74a82a7dac260eb1c44b7eebeb18\"},\"headline\":\"Instituto Adolfo Matthei y AIEP inician nueva fase del Programa IP\/CFT 2030\",\"datePublished\":\"2025-06-13T14:17:27+00:00\",\"dateModified\":\"2025-06-19T15:28:28+00:00\",\"mainEntityOfPage\":{\"@id\":\"https:\/\/www.mundoagropecuario.cl\/new\/instituto-adolfo-matthei-y-aiep-inician-nueva-fase-del-programa-ip-cft-2030\/\"},\"wordCount\":517,\"publisher\":{\"@id\":\"https:\/\/www.mundoagropecuario.cl\/new\/#organization\"},\"image\":{\"@id\":\"https:\/\/www.mundoagropecuario.cl\/new\/instituto-adolfo-matthei-y-aiep-inician-nueva-fase-del-programa-ip-cft-2030\/#primaryimage\"},\"thumbnailUrl\":\"https:\/\/www.mundoagropecuario.cl\/new\/wp-content\/uploads\/2025\/06\/Agro2-scaled.jpg\",\"keywords\":[\"Adolfo Matthei\",\"Agricultura\",\"Agro\",\"AIEP\",\"Corfo y el Ministerio de Educaci\u00f3n\",\"Felipe Chaparro\",\"Ingrid Luna\",\"Instituto Adolfo Matthei y AIEP\",\"Instituto Profesional Agrario Adolfo Matthei.\",\"Osorno\"],\"articleSection\":[\"Educaci\u00f3n\"],\"inLanguage\":\"es\"},{\"@type\":\"WebPage\",\"@id\":\"https:\/\/www.mundoagropecuario.cl\/new\/instituto-adolfo-matthei-y-aiep-inician-nueva-fase-del-programa-ip-cft-2030\/\",\"url\":\"https:\/\/www.mundoagropecuario.cl\/new\/instituto-adolfo-matthei-y-aiep-inician-nueva-fase-del-programa-ip-cft-2030\/\",\"name\":\"Instituto Adolfo Matthei y AIEP inician nueva fase del Programa IP\/CFT 2030 - Mundoagropecuario\",\"isPartOf\":{\"@id\":\"https:\/\/www.mundoagropecuario.cl\/new\/#website\"},\"primaryImageOfPage\":{\"@id\":\"https:\/\/www.mundoagropecuario.cl\/new\/instituto-adolfo-matthei-y-aiep-inician-nueva-fase-del-programa-ip-cft-2030\/#primaryimage\"},\"image\":{\"@id\":\"https:\/\/www.mundoagropecuario.cl\/new\/instituto-adolfo-matthei-y-aiep-inician-nueva-fase-del-programa-ip-cft-2030\/#primaryimage\"},\"thumbnailUrl\":\"https:\/\/www.mundoagropecuario.cl\/new\/wp-content\/uploads\/2025\/06\/Agro2-scaled.jpg\",\"datePublished\":\"2025-06-13T14:17:27+00:00\",\"dateModified\":\"2025-06-19T15:28:28+00:00\",\"description\":\"iniciativa conjunta entre Corfo y el Ministerio de Educaci\u00f3n que promueve la innovaci\u00f3n y transferencia tecnol\u00f3gica.\",\"breadcrumb\":{\"@id\":\"https:\/\/www.mundoagropecuario.cl\/new\/instituto-adolfo-matthei-y-aiep-inician-nueva-fase-del-programa-ip-cft-2030\/#breadcrumb\"},\"inLanguage\":\"es\",\"potentialAction\":[{\"@type\":\"ReadAction\",\"target\":[\"https:\/\/www.mundoagropecuario.cl\/new\/instituto-adolfo-matthei-y-aiep-inician-nueva-fase-del-programa-ip-cft-2030\/\"]}]},{\"@type\":\"ImageObject\",\"inLanguage\":\"es\",\"@id\":\"https:\/\/www.mundoagropecuario.cl\/new\/instituto-adolfo-matthei-y-aiep-inician-nueva-fase-del-programa-ip-cft-2030\/#primaryimage\",\"url\":\"https:\/\/www.mundoagropecuario.cl\/new\/wp-content\/uploads\/2025\/06\/Agro2-scaled.jpg\",\"contentUrl\":\"https:\/\/www.mundoagropecuario.cl\/new\/wp-content\/uploads\/2025\/06\/Agro2-scaled.jpg\",\"width\":641,\"height\":400},{\"@type\":\"BreadcrumbList\",\"@id\":\"https:\/\/www.mundoagropecuario.cl\/new\/instituto-adolfo-matthei-y-aiep-inician-nueva-fase-del-programa-ip-cft-2030\/#breadcrumb\",\"itemListElement\":[{\"@type\":\"ListItem\",\"position\":1,\"name\":\"Portada\",\"item\":\"https:\/\/www.mundoagropecuario.cl\/new\/\"},{\"@type\":\"ListItem\",\"position\":2,\"name\":\"Instituto Adolfo Matthei y AIEP inician nueva fase del Programa IP\/CFT 2030\"}]},{\"@type\":\"WebSite\",\"@id\":\"https:\/\/www.mundoagropecuario.cl\/new\/#website\",\"url\":\"https:\/\/www.mundoagropecuario.cl\/new\/\",\"name\":\"Mundoagropecuario\",\"description\":\"Mundo Agropecuario\",\"publisher\":{\"@id\":\"https:\/\/www.mundoagropecuario.cl\/new\/#organization\"},\"potentialAction\":[{\"@type\":\"SearchAction\",\"target\":{\"@type\":\"EntryPoint\",\"urlTemplate\":\"https:\/\/www.mundoagropecuario.cl\/new\/?s={search_term_string}\"},\"query-input\":{\"@type\":\"PropertyValueSpecification\",\"valueRequired\":true,\"valueName\":\"search_term_string\"}}],\"inLanguage\":\"es\"},{\"@type\":\"Organization\",\"@id\":\"https:\/\/www.mundoagropecuario.cl\/new\/#organization\",\"name\":\"Revista de Agricultura\",\"url\":\"https:\/\/www.mundoagropecuario.cl\/new\/\",\"logo\":{\"@type\":\"ImageObject\",\"inLanguage\":\"es\",\"@id\":\"https:\/\/www.mundoagropecuario.cl\/new\/#\/schema\/logo\/image\/\",\"url\":\"https:\/\/www.mundoagropecuario.cl\/new\/wp-content\/uploads\/2020\/11\/PORTAL-1-1.png\",\"contentUrl\":\"https:\/\/www.mundoagropecuario.cl\/new\/wp-content\/uploads\/2020\/11\/PORTAL-1-1.png\",\"width\":1026,\"height\":100,\"caption\":\"Revista de Agricultura\"},\"image\":{\"@id\":\"https:\/\/www.mundoagropecuario.cl\/new\/#\/schema\/logo\/image\/\"},\"sameAs\":[\"https:\/\/www.facebook.com\/mundo.agropecuario.3\",\"https:\/\/x.com\/MundoAgropecuar\",\"https:\/\/www.linkedin.com\/in\/mundo-agropecuario-934009201\/\"]},{\"@type\":\"Person\",\"@id\":\"https:\/\/www.mundoagropecuario.cl\/new\/#\/schema\/person\/4e9f74a82a7dac260eb1c44b7eebeb18\",\"name\":\"mundo\",\"url\":\"https:\/\/www.mundoagropecuario.cl\/new\/author\/mundo\/\"}]}<\/script>\n<!-- \/ Yoast SEO plugin. -->","yoast_head_json":{"title":"Instituto Adolfo Matthei y AIEP inician nueva fase del Programa IP\/CFT 2030 - Mundoagropecuario","description":"iniciativa conjunta entre Corfo y el Ministerio de Educaci\u00f3n que promueve la innovaci\u00f3n y transferencia tecnol\u00f3gica.","robots":{"index":"index","follow":"follow","max-snippet":"max-snippet:-1","max-image-preview":"max-image-preview:large","max-video-preview":"max-video-preview:-1"},"canonical":"https:\/\/www.mundoagropecuario.cl\/new\/instituto-adolfo-matthei-y-aiep-inician-nueva-fase-del-programa-ip-cft-2030\/","og_locale":"es_ES","og_type":"article","og_title":"Instituto Adolfo Matthei y AIEP inician nueva fase del Programa IP\/CFT 2030 - Mundoagropecuario","og_description":"iniciativa conjunta entre Corfo y el Ministerio de Educaci\u00f3n que promueve la innovaci\u00f3n y transferencia tecnol\u00f3gica.","og_url":"https:\/\/www.mundoagropecuario.cl\/new\/instituto-adolfo-matthei-y-aiep-inician-nueva-fase-del-programa-ip-cft-2030\/","og_site_name":"Mundoagropecuario","article_publisher":"https:\/\/www.facebook.com\/mundo.agropecuario.3","article_published_time":"2025-06-13T14:17:27+00:00","article_modified_time":"2025-06-19T15:28:28+00:00","og_image":[{"width":641,"height":400,"url":"https:\/\/www.mundoagropecuario.cl\/new\/wp-content\/uploads\/2025\/06\/Agro2-scaled.jpg","type":"image\/jpeg"}],"author":"mundo","twitter_card":"summary_large_image","twitter_creator":"@MundoAgropecuar","twitter_site":"@MundoAgropecuar","twitter_misc":{"Escrito por":"mundo","Tiempo de lectura":"3 minutos"},"schema":{"@context":"https:\/\/schema.org","@graph":[{"@type":"Article","@id":"https:\/\/www.mundoagropecuario.cl\/new\/instituto-adolfo-matthei-y-aiep-inician-nueva-fase-del-programa-ip-cft-2030\/#article","isPartOf":{"@id":"https:\/\/www.mundoagropecuario.cl\/new\/instituto-adolfo-matthei-y-aiep-inician-nueva-fase-del-programa-ip-cft-2030\/"},"author":{"name":"mundo","@id":"https:\/\/www.mundoagropecuario.cl\/new\/#\/schema\/person\/4e9f74a82a7dac260eb1c44b7eebeb18"},"headline":"Instituto Adolfo Matthei y AIEP inician nueva fase del Programa IP\/CFT 2030","datePublished":"2025-06-13T14:17:27+00:00","dateModified":"2025-06-19T15:28:28+00:00","mainEntityOfPage":{"@id":"https:\/\/www.mundoagropecuario.cl\/new\/instituto-adolfo-matthei-y-aiep-inician-nueva-fase-del-programa-ip-cft-2030\/"},"wordCount":517,"publisher":{"@id":"https:\/\/www.mundoagropecuario.cl\/new\/#organization"},"image":{"@id":"https:\/\/www.mundoagropecuario.cl\/new\/instituto-adolfo-matthei-y-aiep-inician-nueva-fase-del-programa-ip-cft-2030\/#primaryimage"},"thumbnailUrl":"https:\/\/www.mundoagropecuario.cl\/new\/wp-content\/uploads\/2025\/06\/Agro2-scaled.jpg","keywords":["Adolfo Matthei","Agricultura","Agro","AIEP","Corfo y el Ministerio de Educaci\u00f3n","Felipe Chaparro","Ingrid Luna","Instituto Adolfo Matthei y AIEP","Instituto Profesional Agrario Adolfo Matthei.","Osorno"],"articleSection":["Educaci\u00f3n"],"inLanguage":"es"},{"@type":"WebPage","@id":"https:\/\/www.mundoagropecuario.cl\/new\/instituto-adolfo-matthei-y-aiep-inician-nueva-fase-del-programa-ip-cft-2030\/","url":"https:\/\/www.mundoagropecuario.cl\/new\/instituto-adolfo-matthei-y-aiep-inician-nueva-fase-del-programa-ip-cft-2030\/","name":"Instituto Adolfo Matthei y AIEP inician nueva fase del Programa IP\/CFT 2030 - Mundoagropecuario","isPartOf":{"@id":"https:\/\/www.mundoagropecuario.cl\/new\/#website"},"primaryImageOfPage":{"@id":"https:\/\/www.mundoagropecuario.cl\/new\/instituto-adolfo-matthei-y-aiep-inician-nueva-fase-del-programa-ip-cft-2030\/#primaryimage"},"image":{"@id":"https:\/\/www.mundoagropecuario.cl\/new\/instituto-adolfo-matthei-y-aiep-inician-nueva-fase-del-programa-ip-cft-2030\/#primaryimage"},"thumbnailUrl":"https:\/\/www.mundoagropecuario.cl\/new\/wp-content\/uploads\/2025\/06\/Agro2-scaled.jpg","datePublished":"2025-06-13T14:17:27+00:00","dateModified":"2025-06-19T15:28:28+00:00","description":"iniciativa conjunta entre Corfo y el Ministerio de Educaci\u00f3n que promueve la innovaci\u00f3n y transferencia tecnol\u00f3gica.","breadcrumb":{"@id":"https:\/\/www.mundoagropecuario.cl\/new\/instituto-adolfo-matthei-y-aiep-inician-nueva-fase-del-programa-ip-cft-2030\/#breadcrumb"},"inLanguage":"es","potentialAction":[{"@type":"ReadAction","target":["https:\/\/www.mundoagropecuario.cl\/new\/instituto-adolfo-matthei-y-aiep-inician-nueva-fase-del-programa-ip-cft-2030\/"]}]},{"@type":"ImageObject","inLanguage":"es","@id":"https:\/\/www.mundoagropecuario.cl\/new\/instituto-adolfo-matthei-y-aiep-inician-nueva-fase-del-programa-ip-cft-2030\/#primaryimage","url":"https:\/\/www.mundoagropecuario.cl\/new\/wp-content\/uploads\/2025\/06\/Agro2-scaled.jpg","contentUrl":"https:\/\/www.mundoagropecuario.cl\/new\/wp-content\/uploads\/2025\/06\/Agro2-scaled.jpg","width":641,"height":400},{"@type":"BreadcrumbList","@id":"https:\/\/www.mundoagropecuario.cl\/new\/instituto-adolfo-matthei-y-aiep-inician-nueva-fase-del-programa-ip-cft-2030\/#breadcrumb","itemListElement":[{"@type":"ListItem","position":1,"name":"Portada","item":"https:\/\/www.mundoagropecuario.cl\/new\/"},{"@type":"ListItem","position":2,"name":"Instituto Adolfo Matthei y AIEP inician nueva fase del Programa IP\/CFT 2030"}]},{"@type":"WebSite","@id":"https:\/\/www.mundoagropecuario.cl\/new\/#website","url":"https:\/\/www.mundoagropecuario.cl\/new\/","name":"Mundoagropecuario","description":"Mundo Agropecuario","publisher":{"@id":"https:\/\/www.mundoagropecuario.cl\/new\/#organization"},"potentialAction":[{"@type":"SearchAction","target":{"@type":"EntryPoint","urlTemplate":"https:\/\/www.mundoagropecuario.cl\/new\/?s={search_term_string}"},"query-input":{"@type":"PropertyValueSpecification","valueRequired":true,"valueName":"search_term_string"}}],"inLanguage":"es"},{"@type":"Organization","@id":"https:\/\/www.mundoagropecuario.cl\/new\/#organization","name":"Revista de Agricultura","url":"https:\/\/www.mundoagropecuario.cl\/new\/","logo":{"@type":"ImageObject","inLanguage":"es","@id":"https:\/\/www.mundoagropecuario.cl\/new\/#\/schema\/logo\/image\/","url":"https:\/\/www.mundoagropecuario.cl\/new\/wp-content\/uploads\/2020\/11\/PORTAL-1-1.png","contentUrl":"https:\/\/www.mundoagropecuario.cl\/new\/wp-content\/uploads\/2020\/11\/PORTAL-1-1.png","width":1026,"height":100,"caption":"Revista de Agricultura"},"image":{"@id":"https:\/\/www.mundoagropecuario.cl\/new\/#\/schema\/logo\/image\/"},"sameAs":["https:\/\/www.facebook.com\/mundo.agropecuario.3","https:\/\/x.com\/MundoAgropecuar","https:\/\/www.linkedin.com\/in\/mundo-agropecuario-934009201\/"]},{"@type":"Person","@id":"https:\/\/www.mundoagropecuario.cl\/new\/#\/schema\/person\/4e9f74a82a7dac260eb1c44b7eebeb18","name":"mundo","url":"https:\/\/www.mundoagropecuario.cl\/new\/author\/mundo\/"}]}},"_links":{"self":[{"href":"https:\/\/www.mundoagropecuario.cl\/new\/wp-json\/wp\/v2\/posts\/26932","targetHints":{"allow":["GET"]}}],"collection":[{"href":"https:\/\/www.mundoagropecuario.cl\/new\/wp-json\/wp\/v2\/posts"}],"about":[{"href":"https:\/\/www.mundoagropecuario.cl\/new\/wp-json\/wp\/v2\/types\/post"}],"author":[{"embeddable":true,"href":"https:\/\/www.mundoagropecuario.cl\/new\/wp-json\/wp\/v2\/users\/2"}],"replies":[{"embeddable":true,"href":"https:\/\/www.mundoagropecuario.cl\/new\/wp-json\/wp\/v2\/comments?post=26932"}],"version-history":[{"count":1,"href":"https:\/\/www.mundoagropecuario.cl\/new\/wp-json\/wp\/v2\/posts\/26932\/revisions"}],"predecessor-version":[{"id":26936,"href":"https:\/\/www.mundoagropecuario.cl\/new\/wp-json\/wp\/v2\/posts\/26932\/revisions\/26936"}],"wp:featuredmedia":[{"embeddable":true,"href":"https:\/\/www.mundoagropecuario.cl\/new\/wp-json\/wp\/v2\/media\/26935"}],"wp:attachment":[{"href":"https:\/\/www.mundoagropecuario.cl\/new\/wp-json\/wp\/v2\/media?parent=26932"}],"wp:term":[{"taxonomy":"category","embeddable":true,"href":"https:\/\/www.mundoagropecuario.cl\/new\/wp-json\/wp\/v2\/categories?post=26932"},{"taxonomy":"post_tag","embeddable":true,"href":"https:\/\/www.mundoagropecuario.cl\/new\/wp-json\/wp\/v2\/tags?post=26932"}],"curies":[{"name":"wp","href":"https:\/\/api.w.org\/{rel}","templated":true}]}}