{"id":26927,"date":"2025-06-13T11:06:09","date_gmt":"2025-06-13T14:06:09","guid":{"rendered":"https:\/\/www.mundoagropecuario.cl\/new\/?p=26927"},"modified":"2025-06-18T19:09:45","modified_gmt":"2025-06-18T22:09:45","slug":"cooperativas-del-sur-destaco-trabajo-colaborativo-en-agroimpacta","status":"publish","type":"post","link":"https:\/\/www.mundoagropecuario.cl\/new\/cooperativas-del-sur-destaco-trabajo-colaborativo-en-agroimpacta\/","title":{"rendered":"Cooperativas del Sur destac\u00f3 trabajo colaborativo en Agroimpacta"},"content":{"rendered":"<p>En el marco de AgroImpacta Los Lagos, evento que reuni\u00f3 a m\u00e1s de 20 exponentes del mundo agr\u00edcola en el Hotel Sonesta de Osorno, Cooperativas del Sur tuvo una destacada participaci\u00f3n a trav\u00e9s de una charla centrada en el valor del cooperativismo y la asociatividad como motores de desarrollo sostenible para el agro nacional.<\/p>\n<p><a href=\"https:\/\/www.mundoagropecuario.cl\/new\/wp-content\/uploads\/2025\/06\/Sur3-scaled.jpg\"><img loading=\"lazy\" decoding=\"async\" class=\"alignleft wp-image-26929 \" src=\"https:\/\/www.mundoagropecuario.cl\/new\/wp-content\/uploads\/2025\/06\/Sur3-649x400.jpg\" alt=\"\" width=\"490\" height=\"302\" srcset=\"https:\/\/www.mundoagropecuario.cl\/new\/wp-content\/uploads\/2025\/06\/Sur3-scaled.jpg 649w, https:\/\/www.mundoagropecuario.cl\/new\/wp-content\/uploads\/2025\/06\/Sur3-216x133.jpg 216w\" sizes=\"auto, (max-width: 490px) 100vw, 490px\" \/><\/a>La instancia, moderada por Mauricio Rojas, vicepresidente de Libercoop, reuni\u00f3 a tres representantes de destacadas cooperativas sure\u00f1as: Ricardo Ossand\u00f3n, gerente de Torrencial Lechero; F\u00e9lix Cancino, gerente de Ovinos San Juan; y Huguette Bandet, gerente de Api Chile Org\u00e1nicos. Durante el panel, los expositores compartieron experiencias y desaf\u00edos comunes en torno a la gesti\u00f3n colaborativa, el valor agregado desde los territorios y las proyecciones del modelo cooperativo en un escenario agr\u00edcola que demanda mayor sostenibilidad e innovaci\u00f3n.<\/p>\n<p>Esta oportunidad permiti\u00f3 destacar la importancia de generar espacios de encuentro que valoren las experiencias colaborativas en el agro. En este contexto, se subray\u00f3 c\u00f3mo las cooperativas no s\u00f3lo facilitan el acceso a herramientas y mercados, sino que tambi\u00e9n fortalecen los territorios y promueven un desarrollo m\u00e1s justo y sostenible.<\/p>\n<p>El conversatorio form\u00f3 parte de las m\u00faltiples actividades de AgroImpacta, evento organizado por la Corporaci\u00f3n Sim\u00f3n de Cirene y financiado por Corfo Los Lagos, el cual se desarroll\u00f3 los d\u00edas 12 y 13 de junio en Osorno. Con una nutrida agenda de talleres, paneles y networking, este encuentro busc\u00f3 consolidarse como un hito para la innovaci\u00f3n y el emprendimiento agr\u00edcola del sur de Chile, abordando tem\u00e1ticas claves como sostenibilidad, comercializaci\u00f3n internacional, liderazgo femenino y cambio clim\u00e1tico.<\/p>\n<p>Con esta participaci\u00f3n, Cooperativas del Sur refuerza su compromiso con la promoci\u00f3n del modelo cooperativo como una v\u00eda concreta para enfrentar los desaf\u00edos actuales del agro, construyendo redes colaborativas que ponen en el centro a las personas, el territorio y la sostenibilidad.<\/p>\n<p>Fernando Becker, presidente de la Asociaci\u00f3n Gremial de Cooperativas del Sur, destac\u00f3 la relevancia de participar en espacios que re\u00fanen al mundo agropecuario y permiten compartir con especialistas. \u201cEs fundamental coordinar esfuerzos, hablar un lenguaje com\u00fan y avanzar hacia una producci\u00f3n sustentable, centrada en las relaciones humanas y el cuidado del medioambiente\u201d.<\/p>\n<p><a href=\"https:\/\/www.mundoagropecuario.cl\/new\/wp-content\/uploads\/2025\/06\/Sur1-scaled.jpg\"><img loading=\"lazy\" decoding=\"async\" class=\"alignright wp-image-26928 \" src=\"https:\/\/www.mundoagropecuario.cl\/new\/wp-content\/uploads\/2025\/06\/Sur1-598x400.jpg\" alt=\"\" width=\"542\" height=\"383\" \/><\/a>Asimismo, valor\u00f3 el recambio generacional en el campo. \u201cAntes, muchos j\u00f3venes se alejaban del agro, pero hoy regresan con formaci\u00f3n profesional, aplican sus conocimientos y modernizan las empresas familiares. Esto ha permitido transformar unidades productivas tradicionales en verdaderas industrias, m\u00e1s eficientes y con visi\u00f3n de futuro\u201d.<\/p>\n<p>De igual manera, Fernando Becker reforz\u00f3 el rol de las cooperativas en el desarrollo regional, comentando que \u201cson empresas que pertenecen a sus socios, donde los recursos se quedan y se reinvierten en la zona. Ese impacto local es clave, y por eso seguiremos fortaleciendo este modelo con decisi\u00f3n\u201d.<\/p>\n<p>Por su parte, Mauricio Rojas, director de Cooperativas del Sur y vicepresidente de Libercoop, resalt\u00f3 la relevancia de participar en espacios que promueven el cooperativismo. \u201cPara Cooperativas del Sur es fundamental estar presentes en instancias acad\u00e9micas, privadas o p\u00fablicas donde podamos difundir este modelo. Hoy tuvimos el privilegio de contar con tres panelistas de lujo: Ovinos San Juan, la Cooperativa de Apicultores Org\u00e1nicos de Chile y Torrencial Lechero, cuya experiencia empresarial cooperativa es muy valiosa\u201d.<\/p>\n<p>Finalmente, Mauricio Rojas enfatiz\u00f3 en el valor de la asociatividad, tanto en lo econ\u00f3mico como en lo social. \u201cNuestra sociedad necesita mayor conexi\u00f3n entre las personas, y el modelo cooperativo ofrece una alternativa concreta frente al individualismo predominante. Promueve relaciones m\u00e1s equitativas, arm\u00f3nicas y con respeto al medioambiente. Por eso, es clave asociarse, ya sea en cooperativas, federaciones o confederaciones, porque ello permite entregar apoyo y visibilidad a muchas organizaciones m\u00e1s peque\u00f1as que, por s\u00ed solas, no siempre logran posicionarse. La cooperaci\u00f3n entre pares es lo que fortalece verdaderamente al mundo cooperativo\u201d.<\/p>\n","protected":false},"excerpt":{"rendered":"<p>El evento que reuni\u00f3 a m\u00e1s de 20 exponentes del mundo agr\u00edcola en Osorno, Cooperativas del Sur tuvo una destacada participaci\u00f3n a trav\u00e9s de una charla centrada en el valor del cooperativismo y la asociatividad.<\/p>\n","protected":false},"author":2,"featured_media":26930,"comment_status":"closed","ping_status":"closed","sticky":false,"template":"","format":"standard","meta":{"footnotes":""},"categories":[1945],"tags":[2090,3127,9797,8578,9798,9799],"class_list":["post-26927","post","type-post","status-publish","format-standard","has-post-thumbnail","hentry","category-agricultura","tag-agricultura","tag-agro","tag-agroimpacta-los-lagos","tag-asociacion-gremial-de-cooperativas-del-sur","tag-mauricio-rojas","tag-vicepresidente-de-libercoop"],"yoast_head":"<!-- This site is optimized with the Yoast SEO plugin v26.6 - https:\/\/yoast.com\/wordpress\/plugins\/seo\/ -->\n<title>Cooperativas del Sur destac\u00f3 trabajo colaborativo en Agroimpacta - Mundoagropecuario<\/title>\n<meta name=\"description\" content=\"El evento que reuni\u00f3 a m\u00e1s de 20 exponentes del mundo agr\u00edcola en Osorno, la Cooperativa del Sur tuvo una destacada participaci\u00f3n.\" \/>\n<meta name=\"robots\" content=\"index, follow, max-snippet:-1, max-image-preview:large, max-video-preview:-1\" \/>\n<link rel=\"canonical\" href=\"https:\/\/www.mundoagropecuario.cl\/new\/cooperativas-del-sur-destaco-trabajo-colaborativo-en-agroimpacta\/\" \/>\n<meta property=\"og:locale\" content=\"es_ES\" \/>\n<meta property=\"og:type\" content=\"article\" \/>\n<meta property=\"og:title\" content=\"Cooperativas del Sur destac\u00f3 trabajo colaborativo en Agroimpacta - Mundoagropecuario\" \/>\n<meta property=\"og:description\" content=\"El evento que reuni\u00f3 a m\u00e1s de 20 exponentes del mundo agr\u00edcola en Osorno, la Cooperativa del Sur tuvo una destacada participaci\u00f3n.\" \/>\n<meta property=\"og:url\" content=\"https:\/\/www.mundoagropecuario.cl\/new\/cooperativas-del-sur-destaco-trabajo-colaborativo-en-agroimpacta\/\" \/>\n<meta property=\"og:site_name\" content=\"Mundoagropecuario\" \/>\n<meta property=\"article:publisher\" content=\"https:\/\/www.facebook.com\/mundo.agropecuario.3\" \/>\n<meta property=\"article:published_time\" content=\"2025-06-13T14:06:09+00:00\" \/>\n<meta property=\"article:modified_time\" content=\"2025-06-18T22:09:45+00:00\" \/>\n<meta property=\"og:image\" content=\"https:\/\/www.mundoagropecuario.cl\/new\/wp-content\/uploads\/2025\/06\/Sur6-scaled.jpg\" \/>\n\t<meta property=\"og:image:width\" content=\"679\" \/>\n\t<meta property=\"og:image:height\" content=\"400\" \/>\n\t<meta property=\"og:image:type\" content=\"image\/jpeg\" \/>\n<meta name=\"author\" content=\"mundo\" \/>\n<meta name=\"twitter:card\" content=\"summary_large_image\" \/>\n<meta name=\"twitter:creator\" content=\"@MundoAgropecuar\" \/>\n<meta name=\"twitter:site\" content=\"@MundoAgropecuar\" \/>\n<meta name=\"twitter:label1\" content=\"Escrito por\" \/>\n\t<meta name=\"twitter:data1\" content=\"mundo\" \/>\n\t<meta name=\"twitter:label2\" content=\"Tiempo de lectura\" \/>\n\t<meta name=\"twitter:data2\" content=\"4 minutos\" \/>\n<script type=\"application\/ld+json\" class=\"yoast-schema-graph\">{\"@context\":\"https:\/\/schema.org\",\"@graph\":[{\"@type\":\"Article\",\"@id\":\"https:\/\/www.mundoagropecuario.cl\/new\/cooperativas-del-sur-destaco-trabajo-colaborativo-en-agroimpacta\/#article\",\"isPartOf\":{\"@id\":\"https:\/\/www.mundoagropecuario.cl\/new\/cooperativas-del-sur-destaco-trabajo-colaborativo-en-agroimpacta\/\"},\"author\":{\"name\":\"mundo\",\"@id\":\"https:\/\/www.mundoagropecuario.cl\/new\/#\/schema\/person\/4e9f74a82a7dac260eb1c44b7eebeb18\"},\"headline\":\"Cooperativas del Sur destac\u00f3 trabajo colaborativo en Agroimpacta\",\"datePublished\":\"2025-06-13T14:06:09+00:00\",\"dateModified\":\"2025-06-18T22:09:45+00:00\",\"mainEntityOfPage\":{\"@id\":\"https:\/\/www.mundoagropecuario.cl\/new\/cooperativas-del-sur-destaco-trabajo-colaborativo-en-agroimpacta\/\"},\"wordCount\":665,\"publisher\":{\"@id\":\"https:\/\/www.mundoagropecuario.cl\/new\/#organization\"},\"image\":{\"@id\":\"https:\/\/www.mundoagropecuario.cl\/new\/cooperativas-del-sur-destaco-trabajo-colaborativo-en-agroimpacta\/#primaryimage\"},\"thumbnailUrl\":\"https:\/\/www.mundoagropecuario.cl\/new\/wp-content\/uploads\/2025\/06\/Sur6-scaled.jpg\",\"keywords\":[\"Agricultura\",\"Agro\",\"AgroImpacta Los Lagos\",\"Asociaci\u00f3n Gremial de Cooperativas del Sur\",\"Mauricio Rojas\",\"vicepresidente de Libercoop\"],\"articleSection\":[\"Agricultura\"],\"inLanguage\":\"es\"},{\"@type\":\"WebPage\",\"@id\":\"https:\/\/www.mundoagropecuario.cl\/new\/cooperativas-del-sur-destaco-trabajo-colaborativo-en-agroimpacta\/\",\"url\":\"https:\/\/www.mundoagropecuario.cl\/new\/cooperativas-del-sur-destaco-trabajo-colaborativo-en-agroimpacta\/\",\"name\":\"Cooperativas del Sur destac\u00f3 trabajo colaborativo en Agroimpacta - Mundoagropecuario\",\"isPartOf\":{\"@id\":\"https:\/\/www.mundoagropecuario.cl\/new\/#website\"},\"primaryImageOfPage\":{\"@id\":\"https:\/\/www.mundoagropecuario.cl\/new\/cooperativas-del-sur-destaco-trabajo-colaborativo-en-agroimpacta\/#primaryimage\"},\"image\":{\"@id\":\"https:\/\/www.mundoagropecuario.cl\/new\/cooperativas-del-sur-destaco-trabajo-colaborativo-en-agroimpacta\/#primaryimage\"},\"thumbnailUrl\":\"https:\/\/www.mundoagropecuario.cl\/new\/wp-content\/uploads\/2025\/06\/Sur6-scaled.jpg\",\"datePublished\":\"2025-06-13T14:06:09+00:00\",\"dateModified\":\"2025-06-18T22:09:45+00:00\",\"description\":\"El evento que reuni\u00f3 a m\u00e1s de 20 exponentes del mundo agr\u00edcola en Osorno, la Cooperativa del Sur tuvo una destacada participaci\u00f3n.\",\"breadcrumb\":{\"@id\":\"https:\/\/www.mundoagropecuario.cl\/new\/cooperativas-del-sur-destaco-trabajo-colaborativo-en-agroimpacta\/#breadcrumb\"},\"inLanguage\":\"es\",\"potentialAction\":[{\"@type\":\"ReadAction\",\"target\":[\"https:\/\/www.mundoagropecuario.cl\/new\/cooperativas-del-sur-destaco-trabajo-colaborativo-en-agroimpacta\/\"]}]},{\"@type\":\"ImageObject\",\"inLanguage\":\"es\",\"@id\":\"https:\/\/www.mundoagropecuario.cl\/new\/cooperativas-del-sur-destaco-trabajo-colaborativo-en-agroimpacta\/#primaryimage\",\"url\":\"https:\/\/www.mundoagropecuario.cl\/new\/wp-content\/uploads\/2025\/06\/Sur6-scaled.jpg\",\"contentUrl\":\"https:\/\/www.mundoagropecuario.cl\/new\/wp-content\/uploads\/2025\/06\/Sur6-scaled.jpg\",\"width\":679,\"height\":400},{\"@type\":\"BreadcrumbList\",\"@id\":\"https:\/\/www.mundoagropecuario.cl\/new\/cooperativas-del-sur-destaco-trabajo-colaborativo-en-agroimpacta\/#breadcrumb\",\"itemListElement\":[{\"@type\":\"ListItem\",\"position\":1,\"name\":\"Portada\",\"item\":\"https:\/\/www.mundoagropecuario.cl\/new\/\"},{\"@type\":\"ListItem\",\"position\":2,\"name\":\"Cooperativas del Sur destac\u00f3 trabajo colaborativo en Agroimpacta\"}]},{\"@type\":\"WebSite\",\"@id\":\"https:\/\/www.mundoagropecuario.cl\/new\/#website\",\"url\":\"https:\/\/www.mundoagropecuario.cl\/new\/\",\"name\":\"Mundoagropecuario\",\"description\":\"Mundo Agropecuario\",\"publisher\":{\"@id\":\"https:\/\/www.mundoagropecuario.cl\/new\/#organization\"},\"potentialAction\":[{\"@type\":\"SearchAction\",\"target\":{\"@type\":\"EntryPoint\",\"urlTemplate\":\"https:\/\/www.mundoagropecuario.cl\/new\/?s={search_term_string}\"},\"query-input\":{\"@type\":\"PropertyValueSpecification\",\"valueRequired\":true,\"valueName\":\"search_term_string\"}}],\"inLanguage\":\"es\"},{\"@type\":\"Organization\",\"@id\":\"https:\/\/www.mundoagropecuario.cl\/new\/#organization\",\"name\":\"Revista de Agricultura\",\"url\":\"https:\/\/www.mundoagropecuario.cl\/new\/\",\"logo\":{\"@type\":\"ImageObject\",\"inLanguage\":\"es\",\"@id\":\"https:\/\/www.mundoagropecuario.cl\/new\/#\/schema\/logo\/image\/\",\"url\":\"https:\/\/www.mundoagropecuario.cl\/new\/wp-content\/uploads\/2020\/11\/PORTAL-1-1.png\",\"contentUrl\":\"https:\/\/www.mundoagropecuario.cl\/new\/wp-content\/uploads\/2020\/11\/PORTAL-1-1.png\",\"width\":1026,\"height\":100,\"caption\":\"Revista de Agricultura\"},\"image\":{\"@id\":\"https:\/\/www.mundoagropecuario.cl\/new\/#\/schema\/logo\/image\/\"},\"sameAs\":[\"https:\/\/www.facebook.com\/mundo.agropecuario.3\",\"https:\/\/x.com\/MundoAgropecuar\",\"https:\/\/www.linkedin.com\/in\/mundo-agropecuario-934009201\/\"]},{\"@type\":\"Person\",\"@id\":\"https:\/\/www.mundoagropecuario.cl\/new\/#\/schema\/person\/4e9f74a82a7dac260eb1c44b7eebeb18\",\"name\":\"mundo\",\"url\":\"https:\/\/www.mundoagropecuario.cl\/new\/author\/mundo\/\"}]}<\/script>\n<!-- \/ Yoast SEO plugin. -->","yoast_head_json":{"title":"Cooperativas del Sur destac\u00f3 trabajo colaborativo en Agroimpacta - Mundoagropecuario","description":"El evento que reuni\u00f3 a m\u00e1s de 20 exponentes del mundo agr\u00edcola en Osorno, la Cooperativa del Sur tuvo una destacada participaci\u00f3n.","robots":{"index":"index","follow":"follow","max-snippet":"max-snippet:-1","max-image-preview":"max-image-preview:large","max-video-preview":"max-video-preview:-1"},"canonical":"https:\/\/www.mundoagropecuario.cl\/new\/cooperativas-del-sur-destaco-trabajo-colaborativo-en-agroimpacta\/","og_locale":"es_ES","og_type":"article","og_title":"Cooperativas del Sur destac\u00f3 trabajo colaborativo en Agroimpacta - Mundoagropecuario","og_description":"El evento que reuni\u00f3 a m\u00e1s de 20 exponentes del mundo agr\u00edcola en Osorno, la Cooperativa del Sur tuvo una destacada participaci\u00f3n.","og_url":"https:\/\/www.mundoagropecuario.cl\/new\/cooperativas-del-sur-destaco-trabajo-colaborativo-en-agroimpacta\/","og_site_name":"Mundoagropecuario","article_publisher":"https:\/\/www.facebook.com\/mundo.agropecuario.3","article_published_time":"2025-06-13T14:06:09+00:00","article_modified_time":"2025-06-18T22:09:45+00:00","og_image":[{"width":679,"height":400,"url":"https:\/\/www.mundoagropecuario.cl\/new\/wp-content\/uploads\/2025\/06\/Sur6-scaled.jpg","type":"image\/jpeg"}],"author":"mundo","twitter_card":"summary_large_image","twitter_creator":"@MundoAgropecuar","twitter_site":"@MundoAgropecuar","twitter_misc":{"Escrito por":"mundo","Tiempo de lectura":"4 minutos"},"schema":{"@context":"https:\/\/schema.org","@graph":[{"@type":"Article","@id":"https:\/\/www.mundoagropecuario.cl\/new\/cooperativas-del-sur-destaco-trabajo-colaborativo-en-agroimpacta\/#article","isPartOf":{"@id":"https:\/\/www.mundoagropecuario.cl\/new\/cooperativas-del-sur-destaco-trabajo-colaborativo-en-agroimpacta\/"},"author":{"name":"mundo","@id":"https:\/\/www.mundoagropecuario.cl\/new\/#\/schema\/person\/4e9f74a82a7dac260eb1c44b7eebeb18"},"headline":"Cooperativas del Sur destac\u00f3 trabajo colaborativo en Agroimpacta","datePublished":"2025-06-13T14:06:09+00:00","dateModified":"2025-06-18T22:09:45+00:00","mainEntityOfPage":{"@id":"https:\/\/www.mundoagropecuario.cl\/new\/cooperativas-del-sur-destaco-trabajo-colaborativo-en-agroimpacta\/"},"wordCount":665,"publisher":{"@id":"https:\/\/www.mundoagropecuario.cl\/new\/#organization"},"image":{"@id":"https:\/\/www.mundoagropecuario.cl\/new\/cooperativas-del-sur-destaco-trabajo-colaborativo-en-agroimpacta\/#primaryimage"},"thumbnailUrl":"https:\/\/www.mundoagropecuario.cl\/new\/wp-content\/uploads\/2025\/06\/Sur6-scaled.jpg","keywords":["Agricultura","Agro","AgroImpacta Los Lagos","Asociaci\u00f3n Gremial de Cooperativas del Sur","Mauricio Rojas","vicepresidente de Libercoop"],"articleSection":["Agricultura"],"inLanguage":"es"},{"@type":"WebPage","@id":"https:\/\/www.mundoagropecuario.cl\/new\/cooperativas-del-sur-destaco-trabajo-colaborativo-en-agroimpacta\/","url":"https:\/\/www.mundoagropecuario.cl\/new\/cooperativas-del-sur-destaco-trabajo-colaborativo-en-agroimpacta\/","name":"Cooperativas del Sur destac\u00f3 trabajo colaborativo en Agroimpacta - Mundoagropecuario","isPartOf":{"@id":"https:\/\/www.mundoagropecuario.cl\/new\/#website"},"primaryImageOfPage":{"@id":"https:\/\/www.mundoagropecuario.cl\/new\/cooperativas-del-sur-destaco-trabajo-colaborativo-en-agroimpacta\/#primaryimage"},"image":{"@id":"https:\/\/www.mundoagropecuario.cl\/new\/cooperativas-del-sur-destaco-trabajo-colaborativo-en-agroimpacta\/#primaryimage"},"thumbnailUrl":"https:\/\/www.mundoagropecuario.cl\/new\/wp-content\/uploads\/2025\/06\/Sur6-scaled.jpg","datePublished":"2025-06-13T14:06:09+00:00","dateModified":"2025-06-18T22:09:45+00:00","description":"El evento que reuni\u00f3 a m\u00e1s de 20 exponentes del mundo agr\u00edcola en Osorno, la Cooperativa del Sur tuvo una destacada participaci\u00f3n.","breadcrumb":{"@id":"https:\/\/www.mundoagropecuario.cl\/new\/cooperativas-del-sur-destaco-trabajo-colaborativo-en-agroimpacta\/#breadcrumb"},"inLanguage":"es","potentialAction":[{"@type":"ReadAction","target":["https:\/\/www.mundoagropecuario.cl\/new\/cooperativas-del-sur-destaco-trabajo-colaborativo-en-agroimpacta\/"]}]},{"@type":"ImageObject","inLanguage":"es","@id":"https:\/\/www.mundoagropecuario.cl\/new\/cooperativas-del-sur-destaco-trabajo-colaborativo-en-agroimpacta\/#primaryimage","url":"https:\/\/www.mundoagropecuario.cl\/new\/wp-content\/uploads\/2025\/06\/Sur6-scaled.jpg","contentUrl":"https:\/\/www.mundoagropecuario.cl\/new\/wp-content\/uploads\/2025\/06\/Sur6-scaled.jpg","width":679,"height":400},{"@type":"BreadcrumbList","@id":"https:\/\/www.mundoagropecuario.cl\/new\/cooperativas-del-sur-destaco-trabajo-colaborativo-en-agroimpacta\/#breadcrumb","itemListElement":[{"@type":"ListItem","position":1,"name":"Portada","item":"https:\/\/www.mundoagropecuario.cl\/new\/"},{"@type":"ListItem","position":2,"name":"Cooperativas del Sur destac\u00f3 trabajo colaborativo en Agroimpacta"}]},{"@type":"WebSite","@id":"https:\/\/www.mundoagropecuario.cl\/new\/#website","url":"https:\/\/www.mundoagropecuario.cl\/new\/","name":"Mundoagropecuario","description":"Mundo Agropecuario","publisher":{"@id":"https:\/\/www.mundoagropecuario.cl\/new\/#organization"},"potentialAction":[{"@type":"SearchAction","target":{"@type":"EntryPoint","urlTemplate":"https:\/\/www.mundoagropecuario.cl\/new\/?s={search_term_string}"},"query-input":{"@type":"PropertyValueSpecification","valueRequired":true,"valueName":"search_term_string"}}],"inLanguage":"es"},{"@type":"Organization","@id":"https:\/\/www.mundoagropecuario.cl\/new\/#organization","name":"Revista de Agricultura","url":"https:\/\/www.mundoagropecuario.cl\/new\/","logo":{"@type":"ImageObject","inLanguage":"es","@id":"https:\/\/www.mundoagropecuario.cl\/new\/#\/schema\/logo\/image\/","url":"https:\/\/www.mundoagropecuario.cl\/new\/wp-content\/uploads\/2020\/11\/PORTAL-1-1.png","contentUrl":"https:\/\/www.mundoagropecuario.cl\/new\/wp-content\/uploads\/2020\/11\/PORTAL-1-1.png","width":1026,"height":100,"caption":"Revista de Agricultura"},"image":{"@id":"https:\/\/www.mundoagropecuario.cl\/new\/#\/schema\/logo\/image\/"},"sameAs":["https:\/\/www.facebook.com\/mundo.agropecuario.3","https:\/\/x.com\/MundoAgropecuar","https:\/\/www.linkedin.com\/in\/mundo-agropecuario-934009201\/"]},{"@type":"Person","@id":"https:\/\/www.mundoagropecuario.cl\/new\/#\/schema\/person\/4e9f74a82a7dac260eb1c44b7eebeb18","name":"mundo","url":"https:\/\/www.mundoagropecuario.cl\/new\/author\/mundo\/"}]}},"_links":{"self":[{"href":"https:\/\/www.mundoagropecuario.cl\/new\/wp-json\/wp\/v2\/posts\/26927","targetHints":{"allow":["GET"]}}],"collection":[{"href":"https:\/\/www.mundoagropecuario.cl\/new\/wp-json\/wp\/v2\/posts"}],"about":[{"href":"https:\/\/www.mundoagropecuario.cl\/new\/wp-json\/wp\/v2\/types\/post"}],"author":[{"embeddable":true,"href":"https:\/\/www.mundoagropecuario.cl\/new\/wp-json\/wp\/v2\/users\/2"}],"replies":[{"embeddable":true,"href":"https:\/\/www.mundoagropecuario.cl\/new\/wp-json\/wp\/v2\/comments?post=26927"}],"version-history":[{"count":1,"href":"https:\/\/www.mundoagropecuario.cl\/new\/wp-json\/wp\/v2\/posts\/26927\/revisions"}],"predecessor-version":[{"id":26931,"href":"https:\/\/www.mundoagropecuario.cl\/new\/wp-json\/wp\/v2\/posts\/26927\/revisions\/26931"}],"wp:featuredmedia":[{"embeddable":true,"href":"https:\/\/www.mundoagropecuario.cl\/new\/wp-json\/wp\/v2\/media\/26930"}],"wp:attachment":[{"href":"https:\/\/www.mundoagropecuario.cl\/new\/wp-json\/wp\/v2\/media?parent=26927"}],"wp:term":[{"taxonomy":"category","embeddable":true,"href":"https:\/\/www.mundoagropecuario.cl\/new\/wp-json\/wp\/v2\/categories?post=26927"},{"taxonomy":"post_tag","embeddable":true,"href":"https:\/\/www.mundoagropecuario.cl\/new\/wp-json\/wp\/v2\/tags?post=26927"}],"curies":[{"name":"wp","href":"https:\/\/api.w.org\/{rel}","templated":true}]}}