{"id":26919,"date":"2025-06-05T14:54:30","date_gmt":"2025-06-05T17:54:30","guid":{"rendered":"https:\/\/www.mundoagropecuario.cl\/new\/?p=26919"},"modified":"2025-06-18T12:05:07","modified_gmt":"2025-06-18T15:05:07","slug":"prochile-y-gremios-definen-hoja-de-ruta-para-proxima-temporada-de-cerezas","status":"publish","type":"post","link":"https:\/\/www.mundoagropecuario.cl\/new\/prochile-y-gremios-definen-hoja-de-ruta-para-proxima-temporada-de-cerezas\/","title":{"rendered":"ProChile y gremios definen hoja de ruta para pr\u00f3xima temporada de cerezas"},"content":{"rendered":"<p>Con el fin de evaluar lo que fue la temporada 2024 \u2013 2025 y fortalecer las acciones de promoci\u00f3n de cara a la siguiente, el Director General de ProChile, Ignacio Fern\u00e1ndez, se reuni\u00f3 con Antonio Walker, Presidente de SNA; Victor Cat\u00e1n, Presidente de Fedefruta, e Iv\u00e1n Marambio, Presidente de Frutas de Chile. La reuni\u00f3n, adem\u00e1s, cont\u00f3 con la presencia de la Directora Nacional de Odepa, Andrea Garc\u00eda.<\/p>\n<p>En la instancia, se revisaron las exportaciones de la temporada pasada, la importancia de China y las opciones que tiene esta fruta fresca para diversificar los mercados de destino, tanto dentro del gigante asi\u00e1tico como hacia otros mercados de Asia y el resto del mundo.<\/p>\n<p>Asimismo, se defini\u00f3 una hoja de ruta en base a la construcci\u00f3n de un relato com\u00fan y posibles acciones de promoci\u00f3n para enfrentar lo que ser\u00e1 la temporada 2025-2026 para esta fruta que en 2024 cerr\u00f3 con exportaciones por US$ 3.091 millones y en lo que va de este a\u00f1o, los env\u00edos ya suman US$ 2.243 millones.<\/p>\n<p>\u201cEsta reuni\u00f3n es parte del trabajo p\u00fablico \u2013 privado que como ProChile llevamos adelante para el fortalecimiento de la promoci\u00f3n internacional de nuestros productos y el apoyo para que las empresas diversifiquen sus mercados de destino. Las cerezas son hoy el tercer producto m\u00e1s exportado de Chile, con un impacto muy positivo en la econom\u00eda del pa\u00eds e impulsan el conocimiento y la imagen de Chile en los mercados internacionales. Estamos trabajando para que la pr\u00f3xima temporada sea exitosa y este producto siga conquistando a los consumidores del mundo\u201d, se\u00f1al\u00f3 Ignacio Fern\u00e1ndez, Director General de ProChile.<\/p>\n<h3>Trabajo conjunto<\/h3>\n<p>Por su parte, Iv\u00e1n Marambio, Presidente de Frutas de Chile destac\u00f3 que \u201ccomo Frutas de Chile valoramos inmensamente el espacio que nos da ProChile para avanzar en conjunto en la promoci\u00f3n de la fruta chilena y especialmente para las cerezas. Asimismo, consideramos que el mensaje que entregamos se potencia cuando los gremios que representamos a la fruticultura nos unimos y trabajamos juntos\u201d.<\/p>\n<p>\u201cLas cerezas son clave en nuestras exportaciones, siendo un motor econ\u00f3mico para miles de familias productoras y un referente de calidad de nuestros productos en mercados internacionales. De cara a la pr\u00f3xima temporada, es esencial diversificar los destinos de exportaci\u00f3n, fortalecer nuestra presencia en mercados como China y explorar nuevas oportunidades en Asia y otras regiones. La colaboraci\u00f3n entre gremios y autoridades es fundamental para seguir consolidando el \u00e9xito de esta fruta, que cerr\u00f3 2024 con exportaciones por m\u00e1s de 3.000 millones de d\u00f3lares, manteniendo a Chile como l\u00edder mundial en la producci\u00f3n de cerezas\u201d, Antonio Walker Prieto, presidente de la Sociedad Nacional de Agricultura.<\/p>\n<p>Asimismo, V\u00edctor Cat\u00e1n, Presidente de Fedefruta dijo que \u201cconcurrimos al llamado que nos hizo el Director General de ProChile a una reuni\u00f3n para dise\u00f1ar y planificar la pr\u00f3xima temporada de cerezas, producto que tiene mayor relevancia en el \u00faltimo tiempo dentro de la fruticultura chilena. Con este trabajo conjunto esperamos el mayor \u00e9xito de cara al 2026\u201d.<\/p>\n<p>Cabe destacar que esta reuni\u00f3n es parte de las acciones que ProChile lleva adelante con distintos gremios productivos con el fin de promover las exportaciones nacionales de bienes y servicios.<\/p>\n","protected":false},"excerpt":{"rendered":"<p>ProChile y gremios trazan estrategia conjunta para potenciar la pr\u00f3xima temporada de cerezas y diversificar mercados internacionales.<\/p>\n","protected":false},"author":7,"featured_media":26921,"comment_status":"closed","ping_status":"closed","sticky":false,"template":"","format":"standard","meta":{"footnotes":""},"categories":[1945],"tags":[1105,2245,9237,2254,601,2075,7119],"class_list":["post-26919","post","type-post","status-publish","format-standard","has-post-thumbnail","hentry","category-agricultura","tag-exportaciones","tag-frutas","tag-frutas-de-chile","tag-fruticultura","tag-prochile","tag-sna","tag-sociedad-nacional-de-agricultura"],"yoast_head":"<!-- This site is optimized with the Yoast SEO plugin v26.6 - https:\/\/yoast.com\/wordpress\/plugins\/seo\/ -->\n<title>ProChile y gremios definen hoja de ruta para pr\u00f3xima temporada de cerezas - Mundoagropecuario<\/title>\n<meta name=\"description\" content=\"ProChile y gremios trazan estrategia conjunta para potenciar la pr\u00f3xima temporada de cerezas y diversificar mercados internacionales.\" \/>\n<meta name=\"robots\" content=\"index, follow, max-snippet:-1, max-image-preview:large, max-video-preview:-1\" \/>\n<link rel=\"canonical\" href=\"https:\/\/www.mundoagropecuario.cl\/new\/prochile-y-gremios-definen-hoja-de-ruta-para-proxima-temporada-de-cerezas\/\" \/>\n<meta property=\"og:locale\" content=\"es_ES\" \/>\n<meta property=\"og:type\" content=\"article\" \/>\n<meta property=\"og:title\" content=\"ProChile y gremios definen hoja de ruta para pr\u00f3xima temporada de cerezas - Mundoagropecuario\" \/>\n<meta property=\"og:description\" content=\"ProChile y gremios trazan estrategia conjunta para potenciar la pr\u00f3xima temporada de cerezas y diversificar mercados internacionales.\" \/>\n<meta property=\"og:url\" content=\"https:\/\/www.mundoagropecuario.cl\/new\/prochile-y-gremios-definen-hoja-de-ruta-para-proxima-temporada-de-cerezas\/\" \/>\n<meta property=\"og:site_name\" content=\"Mundoagropecuario\" \/>\n<meta property=\"article:publisher\" content=\"https:\/\/www.facebook.com\/mundo.agropecuario.3\" \/>\n<meta property=\"article:published_time\" content=\"2025-06-05T17:54:30+00:00\" \/>\n<meta property=\"article:modified_time\" content=\"2025-06-18T15:05:07+00:00\" \/>\n<meta property=\"og:image\" content=\"https:\/\/www.mundoagropecuario.cl\/new\/wp-content\/uploads\/2025\/06\/cerezas-scaled.jpg\" \/>\n\t<meta property=\"og:image:width\" content=\"720\" \/>\n\t<meta property=\"og:image:height\" content=\"384\" \/>\n\t<meta property=\"og:image:type\" content=\"image\/jpeg\" \/>\n<meta name=\"author\" content=\"mbarrueto\" \/>\n<meta name=\"twitter:card\" content=\"summary_large_image\" \/>\n<meta name=\"twitter:creator\" content=\"@MundoAgropecuar\" \/>\n<meta name=\"twitter:site\" content=\"@MundoAgropecuar\" \/>\n<meta name=\"twitter:label1\" content=\"Escrito por\" \/>\n\t<meta name=\"twitter:data1\" content=\"mbarrueto\" \/>\n\t<meta name=\"twitter:label2\" content=\"Tiempo de lectura\" \/>\n\t<meta name=\"twitter:data2\" content=\"3 minutos\" \/>\n<script type=\"application\/ld+json\" class=\"yoast-schema-graph\">{\"@context\":\"https:\/\/schema.org\",\"@graph\":[{\"@type\":\"Article\",\"@id\":\"https:\/\/www.mundoagropecuario.cl\/new\/prochile-y-gremios-definen-hoja-de-ruta-para-proxima-temporada-de-cerezas\/#article\",\"isPartOf\":{\"@id\":\"https:\/\/www.mundoagropecuario.cl\/new\/prochile-y-gremios-definen-hoja-de-ruta-para-proxima-temporada-de-cerezas\/\"},\"author\":{\"name\":\"mbarrueto\",\"@id\":\"https:\/\/www.mundoagropecuario.cl\/new\/#\/schema\/person\/c024c52c60fd5efe1264603fb44f4871\"},\"headline\":\"ProChile y gremios definen hoja de ruta para pr\u00f3xima temporada de cerezas\",\"datePublished\":\"2025-06-05T17:54:30+00:00\",\"dateModified\":\"2025-06-18T15:05:07+00:00\",\"mainEntityOfPage\":{\"@id\":\"https:\/\/www.mundoagropecuario.cl\/new\/prochile-y-gremios-definen-hoja-de-ruta-para-proxima-temporada-de-cerezas\/\"},\"wordCount\":562,\"publisher\":{\"@id\":\"https:\/\/www.mundoagropecuario.cl\/new\/#organization\"},\"image\":{\"@id\":\"https:\/\/www.mundoagropecuario.cl\/new\/prochile-y-gremios-definen-hoja-de-ruta-para-proxima-temporada-de-cerezas\/#primaryimage\"},\"thumbnailUrl\":\"https:\/\/www.mundoagropecuario.cl\/new\/wp-content\/uploads\/2025\/06\/cerezas-scaled.jpg\",\"keywords\":[\"Exportaciones\",\"Frutas\",\"Frutas de Chile\",\"Fruticultura\",\"ProChile\",\"SNA\",\"Sociedad Nacional de Agricultura\"],\"articleSection\":[\"Agricultura\"],\"inLanguage\":\"es\"},{\"@type\":\"WebPage\",\"@id\":\"https:\/\/www.mundoagropecuario.cl\/new\/prochile-y-gremios-definen-hoja-de-ruta-para-proxima-temporada-de-cerezas\/\",\"url\":\"https:\/\/www.mundoagropecuario.cl\/new\/prochile-y-gremios-definen-hoja-de-ruta-para-proxima-temporada-de-cerezas\/\",\"name\":\"ProChile y gremios definen hoja de ruta para pr\u00f3xima temporada de cerezas - Mundoagropecuario\",\"isPartOf\":{\"@id\":\"https:\/\/www.mundoagropecuario.cl\/new\/#website\"},\"primaryImageOfPage\":{\"@id\":\"https:\/\/www.mundoagropecuario.cl\/new\/prochile-y-gremios-definen-hoja-de-ruta-para-proxima-temporada-de-cerezas\/#primaryimage\"},\"image\":{\"@id\":\"https:\/\/www.mundoagropecuario.cl\/new\/prochile-y-gremios-definen-hoja-de-ruta-para-proxima-temporada-de-cerezas\/#primaryimage\"},\"thumbnailUrl\":\"https:\/\/www.mundoagropecuario.cl\/new\/wp-content\/uploads\/2025\/06\/cerezas-scaled.jpg\",\"datePublished\":\"2025-06-05T17:54:30+00:00\",\"dateModified\":\"2025-06-18T15:05:07+00:00\",\"description\":\"ProChile y gremios trazan estrategia conjunta para potenciar la pr\u00f3xima temporada de cerezas y diversificar mercados internacionales.\",\"breadcrumb\":{\"@id\":\"https:\/\/www.mundoagropecuario.cl\/new\/prochile-y-gremios-definen-hoja-de-ruta-para-proxima-temporada-de-cerezas\/#breadcrumb\"},\"inLanguage\":\"es\",\"potentialAction\":[{\"@type\":\"ReadAction\",\"target\":[\"https:\/\/www.mundoagropecuario.cl\/new\/prochile-y-gremios-definen-hoja-de-ruta-para-proxima-temporada-de-cerezas\/\"]}]},{\"@type\":\"ImageObject\",\"inLanguage\":\"es\",\"@id\":\"https:\/\/www.mundoagropecuario.cl\/new\/prochile-y-gremios-definen-hoja-de-ruta-para-proxima-temporada-de-cerezas\/#primaryimage\",\"url\":\"https:\/\/www.mundoagropecuario.cl\/new\/wp-content\/uploads\/2025\/06\/cerezas-scaled.jpg\",\"contentUrl\":\"https:\/\/www.mundoagropecuario.cl\/new\/wp-content\/uploads\/2025\/06\/cerezas-scaled.jpg\",\"width\":720,\"height\":384},{\"@type\":\"BreadcrumbList\",\"@id\":\"https:\/\/www.mundoagropecuario.cl\/new\/prochile-y-gremios-definen-hoja-de-ruta-para-proxima-temporada-de-cerezas\/#breadcrumb\",\"itemListElement\":[{\"@type\":\"ListItem\",\"position\":1,\"name\":\"Portada\",\"item\":\"https:\/\/www.mundoagropecuario.cl\/new\/\"},{\"@type\":\"ListItem\",\"position\":2,\"name\":\"ProChile y gremios definen hoja de ruta para pr\u00f3xima temporada de cerezas\"}]},{\"@type\":\"WebSite\",\"@id\":\"https:\/\/www.mundoagropecuario.cl\/new\/#website\",\"url\":\"https:\/\/www.mundoagropecuario.cl\/new\/\",\"name\":\"Mundoagropecuario\",\"description\":\"Mundo Agropecuario\",\"publisher\":{\"@id\":\"https:\/\/www.mundoagropecuario.cl\/new\/#organization\"},\"potentialAction\":[{\"@type\":\"SearchAction\",\"target\":{\"@type\":\"EntryPoint\",\"urlTemplate\":\"https:\/\/www.mundoagropecuario.cl\/new\/?s={search_term_string}\"},\"query-input\":{\"@type\":\"PropertyValueSpecification\",\"valueRequired\":true,\"valueName\":\"search_term_string\"}}],\"inLanguage\":\"es\"},{\"@type\":\"Organization\",\"@id\":\"https:\/\/www.mundoagropecuario.cl\/new\/#organization\",\"name\":\"Revista de Agricultura\",\"url\":\"https:\/\/www.mundoagropecuario.cl\/new\/\",\"logo\":{\"@type\":\"ImageObject\",\"inLanguage\":\"es\",\"@id\":\"https:\/\/www.mundoagropecuario.cl\/new\/#\/schema\/logo\/image\/\",\"url\":\"https:\/\/www.mundoagropecuario.cl\/new\/wp-content\/uploads\/2020\/11\/PORTAL-1-1.png\",\"contentUrl\":\"https:\/\/www.mundoagropecuario.cl\/new\/wp-content\/uploads\/2020\/11\/PORTAL-1-1.png\",\"width\":1026,\"height\":100,\"caption\":\"Revista de Agricultura\"},\"image\":{\"@id\":\"https:\/\/www.mundoagropecuario.cl\/new\/#\/schema\/logo\/image\/\"},\"sameAs\":[\"https:\/\/www.facebook.com\/mundo.agropecuario.3\",\"https:\/\/x.com\/MundoAgropecuar\",\"https:\/\/www.linkedin.com\/in\/mundo-agropecuario-934009201\/\"]},{\"@type\":\"Person\",\"@id\":\"https:\/\/www.mundoagropecuario.cl\/new\/#\/schema\/person\/c024c52c60fd5efe1264603fb44f4871\",\"name\":\"mbarrueto\",\"url\":\"https:\/\/www.mundoagropecuario.cl\/new\/author\/mbarrueto\/\"}]}<\/script>\n<!-- \/ Yoast SEO plugin. -->","yoast_head_json":{"title":"ProChile y gremios definen hoja de ruta para pr\u00f3xima temporada de cerezas - Mundoagropecuario","description":"ProChile y gremios trazan estrategia conjunta para potenciar la pr\u00f3xima temporada de cerezas y diversificar mercados internacionales.","robots":{"index":"index","follow":"follow","max-snippet":"max-snippet:-1","max-image-preview":"max-image-preview:large","max-video-preview":"max-video-preview:-1"},"canonical":"https:\/\/www.mundoagropecuario.cl\/new\/prochile-y-gremios-definen-hoja-de-ruta-para-proxima-temporada-de-cerezas\/","og_locale":"es_ES","og_type":"article","og_title":"ProChile y gremios definen hoja de ruta para pr\u00f3xima temporada de cerezas - Mundoagropecuario","og_description":"ProChile y gremios trazan estrategia conjunta para potenciar la pr\u00f3xima temporada de cerezas y diversificar mercados internacionales.","og_url":"https:\/\/www.mundoagropecuario.cl\/new\/prochile-y-gremios-definen-hoja-de-ruta-para-proxima-temporada-de-cerezas\/","og_site_name":"Mundoagropecuario","article_publisher":"https:\/\/www.facebook.com\/mundo.agropecuario.3","article_published_time":"2025-06-05T17:54:30+00:00","article_modified_time":"2025-06-18T15:05:07+00:00","og_image":[{"width":720,"height":384,"url":"https:\/\/www.mundoagropecuario.cl\/new\/wp-content\/uploads\/2025\/06\/cerezas-scaled.jpg","type":"image\/jpeg"}],"author":"mbarrueto","twitter_card":"summary_large_image","twitter_creator":"@MundoAgropecuar","twitter_site":"@MundoAgropecuar","twitter_misc":{"Escrito por":"mbarrueto","Tiempo de lectura":"3 minutos"},"schema":{"@context":"https:\/\/schema.org","@graph":[{"@type":"Article","@id":"https:\/\/www.mundoagropecuario.cl\/new\/prochile-y-gremios-definen-hoja-de-ruta-para-proxima-temporada-de-cerezas\/#article","isPartOf":{"@id":"https:\/\/www.mundoagropecuario.cl\/new\/prochile-y-gremios-definen-hoja-de-ruta-para-proxima-temporada-de-cerezas\/"},"author":{"name":"mbarrueto","@id":"https:\/\/www.mundoagropecuario.cl\/new\/#\/schema\/person\/c024c52c60fd5efe1264603fb44f4871"},"headline":"ProChile y gremios definen hoja de ruta para pr\u00f3xima temporada de cerezas","datePublished":"2025-06-05T17:54:30+00:00","dateModified":"2025-06-18T15:05:07+00:00","mainEntityOfPage":{"@id":"https:\/\/www.mundoagropecuario.cl\/new\/prochile-y-gremios-definen-hoja-de-ruta-para-proxima-temporada-de-cerezas\/"},"wordCount":562,"publisher":{"@id":"https:\/\/www.mundoagropecuario.cl\/new\/#organization"},"image":{"@id":"https:\/\/www.mundoagropecuario.cl\/new\/prochile-y-gremios-definen-hoja-de-ruta-para-proxima-temporada-de-cerezas\/#primaryimage"},"thumbnailUrl":"https:\/\/www.mundoagropecuario.cl\/new\/wp-content\/uploads\/2025\/06\/cerezas-scaled.jpg","keywords":["Exportaciones","Frutas","Frutas de Chile","Fruticultura","ProChile","SNA","Sociedad Nacional de Agricultura"],"articleSection":["Agricultura"],"inLanguage":"es"},{"@type":"WebPage","@id":"https:\/\/www.mundoagropecuario.cl\/new\/prochile-y-gremios-definen-hoja-de-ruta-para-proxima-temporada-de-cerezas\/","url":"https:\/\/www.mundoagropecuario.cl\/new\/prochile-y-gremios-definen-hoja-de-ruta-para-proxima-temporada-de-cerezas\/","name":"ProChile y gremios definen hoja de ruta para pr\u00f3xima temporada de cerezas - Mundoagropecuario","isPartOf":{"@id":"https:\/\/www.mundoagropecuario.cl\/new\/#website"},"primaryImageOfPage":{"@id":"https:\/\/www.mundoagropecuario.cl\/new\/prochile-y-gremios-definen-hoja-de-ruta-para-proxima-temporada-de-cerezas\/#primaryimage"},"image":{"@id":"https:\/\/www.mundoagropecuario.cl\/new\/prochile-y-gremios-definen-hoja-de-ruta-para-proxima-temporada-de-cerezas\/#primaryimage"},"thumbnailUrl":"https:\/\/www.mundoagropecuario.cl\/new\/wp-content\/uploads\/2025\/06\/cerezas-scaled.jpg","datePublished":"2025-06-05T17:54:30+00:00","dateModified":"2025-06-18T15:05:07+00:00","description":"ProChile y gremios trazan estrategia conjunta para potenciar la pr\u00f3xima temporada de cerezas y diversificar mercados internacionales.","breadcrumb":{"@id":"https:\/\/www.mundoagropecuario.cl\/new\/prochile-y-gremios-definen-hoja-de-ruta-para-proxima-temporada-de-cerezas\/#breadcrumb"},"inLanguage":"es","potentialAction":[{"@type":"ReadAction","target":["https:\/\/www.mundoagropecuario.cl\/new\/prochile-y-gremios-definen-hoja-de-ruta-para-proxima-temporada-de-cerezas\/"]}]},{"@type":"ImageObject","inLanguage":"es","@id":"https:\/\/www.mundoagropecuario.cl\/new\/prochile-y-gremios-definen-hoja-de-ruta-para-proxima-temporada-de-cerezas\/#primaryimage","url":"https:\/\/www.mundoagropecuario.cl\/new\/wp-content\/uploads\/2025\/06\/cerezas-scaled.jpg","contentUrl":"https:\/\/www.mundoagropecuario.cl\/new\/wp-content\/uploads\/2025\/06\/cerezas-scaled.jpg","width":720,"height":384},{"@type":"BreadcrumbList","@id":"https:\/\/www.mundoagropecuario.cl\/new\/prochile-y-gremios-definen-hoja-de-ruta-para-proxima-temporada-de-cerezas\/#breadcrumb","itemListElement":[{"@type":"ListItem","position":1,"name":"Portada","item":"https:\/\/www.mundoagropecuario.cl\/new\/"},{"@type":"ListItem","position":2,"name":"ProChile y gremios definen hoja de ruta para pr\u00f3xima temporada de cerezas"}]},{"@type":"WebSite","@id":"https:\/\/www.mundoagropecuario.cl\/new\/#website","url":"https:\/\/www.mundoagropecuario.cl\/new\/","name":"Mundoagropecuario","description":"Mundo Agropecuario","publisher":{"@id":"https:\/\/www.mundoagropecuario.cl\/new\/#organization"},"potentialAction":[{"@type":"SearchAction","target":{"@type":"EntryPoint","urlTemplate":"https:\/\/www.mundoagropecuario.cl\/new\/?s={search_term_string}"},"query-input":{"@type":"PropertyValueSpecification","valueRequired":true,"valueName":"search_term_string"}}],"inLanguage":"es"},{"@type":"Organization","@id":"https:\/\/www.mundoagropecuario.cl\/new\/#organization","name":"Revista de Agricultura","url":"https:\/\/www.mundoagropecuario.cl\/new\/","logo":{"@type":"ImageObject","inLanguage":"es","@id":"https:\/\/www.mundoagropecuario.cl\/new\/#\/schema\/logo\/image\/","url":"https:\/\/www.mundoagropecuario.cl\/new\/wp-content\/uploads\/2020\/11\/PORTAL-1-1.png","contentUrl":"https:\/\/www.mundoagropecuario.cl\/new\/wp-content\/uploads\/2020\/11\/PORTAL-1-1.png","width":1026,"height":100,"caption":"Revista de Agricultura"},"image":{"@id":"https:\/\/www.mundoagropecuario.cl\/new\/#\/schema\/logo\/image\/"},"sameAs":["https:\/\/www.facebook.com\/mundo.agropecuario.3","https:\/\/x.com\/MundoAgropecuar","https:\/\/www.linkedin.com\/in\/mundo-agropecuario-934009201\/"]},{"@type":"Person","@id":"https:\/\/www.mundoagropecuario.cl\/new\/#\/schema\/person\/c024c52c60fd5efe1264603fb44f4871","name":"mbarrueto","url":"https:\/\/www.mundoagropecuario.cl\/new\/author\/mbarrueto\/"}]}},"_links":{"self":[{"href":"https:\/\/www.mundoagropecuario.cl\/new\/wp-json\/wp\/v2\/posts\/26919","targetHints":{"allow":["GET"]}}],"collection":[{"href":"https:\/\/www.mundoagropecuario.cl\/new\/wp-json\/wp\/v2\/posts"}],"about":[{"href":"https:\/\/www.mundoagropecuario.cl\/new\/wp-json\/wp\/v2\/types\/post"}],"author":[{"embeddable":true,"href":"https:\/\/www.mundoagropecuario.cl\/new\/wp-json\/wp\/v2\/users\/7"}],"replies":[{"embeddable":true,"href":"https:\/\/www.mundoagropecuario.cl\/new\/wp-json\/wp\/v2\/comments?post=26919"}],"version-history":[{"count":2,"href":"https:\/\/www.mundoagropecuario.cl\/new\/wp-json\/wp\/v2\/posts\/26919\/revisions"}],"predecessor-version":[{"id":26922,"href":"https:\/\/www.mundoagropecuario.cl\/new\/wp-json\/wp\/v2\/posts\/26919\/revisions\/26922"}],"wp:featuredmedia":[{"embeddable":true,"href":"https:\/\/www.mundoagropecuario.cl\/new\/wp-json\/wp\/v2\/media\/26921"}],"wp:attachment":[{"href":"https:\/\/www.mundoagropecuario.cl\/new\/wp-json\/wp\/v2\/media?parent=26919"}],"wp:term":[{"taxonomy":"category","embeddable":true,"href":"https:\/\/www.mundoagropecuario.cl\/new\/wp-json\/wp\/v2\/categories?post=26919"},{"taxonomy":"post_tag","embeddable":true,"href":"https:\/\/www.mundoagropecuario.cl\/new\/wp-json\/wp\/v2\/tags?post=26919"}],"curies":[{"name":"wp","href":"https:\/\/api.w.org\/{rel}","templated":true}]}}