{"id":26912,"date":"2025-06-03T10:13:15","date_gmt":"2025-06-03T13:13:15","guid":{"rendered":"https:\/\/www.mundoagropecuario.cl\/new\/?p=26912"},"modified":"2025-06-16T18:18:39","modified_gmt":"2025-06-16T21:18:39","slug":"inia-chile-inauguro-banco-de-germoplasma-de-la-papa-en-osorno","status":"publish","type":"post","link":"https:\/\/www.mundoagropecuario.cl\/new\/inia-chile-inauguro-banco-de-germoplasma-de-la-papa-en-osorno\/","title":{"rendered":"INIA Chile inaugur\u00f3 Banco de Germoplasma de la Papa en Osorno"},"content":{"rendered":"<p style=\"font-weight: 400;\">En el marco de la conmemoraci\u00f3n del D\u00eda Internacional de la Papa, el Instituto de Investigaciones Agropecuarias (INIA), inaugur\u00f3 el Banco de Germoplasma de Papa en la Regi\u00f3n de Los Lagos, instalaciones que tendr\u00e1n por objetivo conservar la diversidad de variedades de nativas y tradicionales de este importante cultivo en el pa\u00eds.<\/p>\n<p style=\"font-weight: 400;\">Se trata de una infraestructura desarrollada con el apoyo del Ministerio de Ciencia, Tecnolog\u00eda, Conocimiento e Innovaci\u00f3n, y la colaboraci\u00f3n del Centro Internacional de la Papa (CIP), que fortalecer\u00e1 el trabajo que INIA permitiendo traer al pa\u00eds la t\u00e9cnica de crioconservaci\u00f3n, para la conservaci\u00f3n a largo plazo de este tub\u00e9rculo.<\/p>\n<p style=\"font-weight: 400;\">A la actividad asistieron el director nacional de INIA Chile, Carlos Furche; la delegada presidencial de la Provincia de Osorno, Claudia Pailalef; los ex directores nacionales de INIA, Julio Kalazich e Iris Lobos; y actores relevantes del sector agr\u00edcola regional.<\/p>\n<p style=\"font-weight: 400;\">Para Carlos Furche, \u201ceste acto que hemos realizado hoy d\u00eda de inauguraci\u00f3n del Banco Germoplasma de Papa tiene importancia en varias dimensiones; desde luego la tiene porque se trata de contribuir a preservar el patrimonio gen\u00e9tico de un cultivo que es esencial para nuestra alimentaci\u00f3n que es la papa, que es tradicional, que tiene adem\u00e1s vinculaci\u00f3n cultural particularmente con las regiones del sur de Chile\u201d.<\/p>\n<p style=\"font-weight: 400;\">\u201cINIA es formalmente el curador de los recursos fitogen\u00e9ticos de nuestro pa\u00eds, y este es el tipo de actividad y de acciones en que el INIA es absolutamente insustituible. Esto o lo hace el INIA o no lo hace nadie en nuestro pa\u00eds\u201d, subray\u00f3.<\/p>\n<h3>Cinco bancos activos<\/h3>\n<p><img loading=\"lazy\" decoding=\"async\" class=\"wp-image-26914 \" src=\"https:\/\/www.mundoagropecuario.cl\/new\/wp-content\/uploads\/2025\/06\/FOTO-1-2-711x400.jpg\" alt=\"\" width=\"504\" height=\"284\" srcset=\"https:\/\/www.mundoagropecuario.cl\/new\/wp-content\/uploads\/2025\/06\/FOTO-1-2-scaled.jpg 711w, https:\/\/www.mundoagropecuario.cl\/new\/wp-content\/uploads\/2025\/06\/FOTO-1-2-236x133.jpg 236w, https:\/\/www.mundoagropecuario.cl\/new\/wp-content\/uploads\/2025\/06\/FOTO-1-2-768x432.jpg 768w, https:\/\/www.mundoagropecuario.cl\/new\/wp-content\/uploads\/2025\/06\/FOTO-1-2-1536x864.jpg 1536w, https:\/\/www.mundoagropecuario.cl\/new\/wp-content\/uploads\/2025\/06\/FOTO-1-2-2048x1152.jpg 2048w\" sizes=\"auto, (max-width: 504px) 100vw, 504px\" \/><\/p>\n<p style=\"font-weight: 400;\">Adem\u00e1s, inform\u00f3 que el INIA tiene \u201ccinco bancos de germoplasma activos en distintas regiones de Chile; tenemos un banco base en la Regi\u00f3n de Coquimbo cerca de Vicu\u00f1a y espero que en el tiempo que viene podamos inaugurar el primer banco de recursos gen\u00e9ticos, zoogen\u00e9ticos, y que consigamos dejar encaminada la futura construcci\u00f3n de un banco recursos gen\u00e9ticos para la Patagonia\u201d.<\/p>\n<p style=\"font-weight: 400;\">La delegada presidencial Provincial de Osorno, Claudia Pailalef,\u00a0tambi\u00e9n relev\u00f3 la importancia de este banco reci\u00e9n inaugurado. \u201cA nombre del gobierno del Presidente Gabriel Boric estamos muy contentos y agradecidos con la tarea que hoy d\u00eda desempe\u00f1a el INIA ac\u00e1 en la provincia de Osorno y que en el caso de este banco de germoplasma, que va a permitir\u00a0\u00a0conservar material gen\u00e9tico de diversas variedades de papa de la Regi\u00f3n de Los Lagos y tambi\u00e9n de otras zonas del pa\u00eds\u201d, indic\u00f3.<\/p>\n<p style=\"font-weight: 400;\">Agreg\u00f3 que \u201cla papa, como todos sabemos, es una especie muy importante para la econom\u00eda de las familias, pero tambi\u00e9n genera un impacto significativo en el desarrollo de la agricultura en todas sus expresiones ac\u00e1 en la regi\u00f3n\u201d y en ese sentido agradeci\u00f3 el trabajo y compromiso de todos los funcionarios que han hecho carrera en esta hermosa instituci\u00f3n y en forma muy especial un mensaje de reconocimiento a quienes hoy d\u00eda partieron: el doctor Jos\u00e9 Santos Rojas, fundador de INIA La Pampa y la ingeniera agr\u00f3noma Sandra Orena Alvarado, que fue la primera subdirectora del centro experimental de esta repartici\u00f3n\u201d.<\/p>\n<h3 style=\"font-weight: 400;\"><strong>Potenciando el cultivo<\/strong><\/h3>\n<p style=\"font-weight: 400;\">En Chile se han descrito oficialmente alrededor de 250 variedades de papa pertenecientes a la especie\u00a0<em>Solanum tuberosum<\/em>\u00a0L. Por otro lado, La Regi\u00f3n de Los Lagos tiene la mayor producci\u00f3n de papa del pa\u00eds, con una producci\u00f3n anualmente entre 250.000 a 450.000 toneladas, constituy\u00e9ndose en un rubro tradicional en el territorio.<\/p>\n<p style=\"font-weight: 400;\">La encargada del Banco de Germoplasma de Papa de INIA, Sandra Alva, destac\u00f3 que \u201ceste banco tiene distintos m\u00e9todos de conservaci\u00f3n y que el de m\u00e1s largo plazo puede permitir la conservaci\u00f3n, a trav\u00e9s de crioconservaci\u00f3n, de recursos gen\u00e9ticos de papa por 100 a\u00f1os para que futuras generaciones puedan acceder a este material\u201d.\u00a0Actualmente en dependencias INIA Remehue hay una colecci\u00f3n de m\u00e1s de 450 accesiones de papas nativas, que migrar\u00e1n a las nuevas instalaciones.<\/p>\n<p style=\"font-weight: 400;\">Por su parte, el productor de papa y vicepresidente de la Asociaci\u00f3n Chilena de la Papa, ACHIPA, Arturo Carrillo, expres\u00f3 que \u201ces s\u00faper importante el INIA a nivel nacional para la producci\u00f3n sobre todo de semillas de buena calidad y semilla sana, entonces esta modernizaci\u00f3n es excelente para producir material de mejor calidad y que va a redundar en una mayor producci\u00f3n a futuro\u201d.<\/p>\n","protected":false},"excerpt":{"rendered":"<p>Nuevo banco de INIA resguardar\u00e1 variedades nativas de papa del sur de Chile como patrimonio agr\u00edcola y cultural.<\/p>\n","protected":false},"author":7,"featured_media":26917,"comment_status":"closed","ping_status":"closed","sticky":false,"template":"","format":"standard","meta":{"footnotes":""},"categories":[1945],"tags":[2090,3127,7618,2052,6567,2234,2128,4155,6557],"class_list":["post-26912","post","type-post","status-publish","format-standard","has-post-thumbnail","hentry","category-agricultura","tag-agricultura","tag-agro","tag-industria-agricola","tag-inia","tag-instituto-de-investigaciones-agropecuarias","tag-papa","tag-papas","tag-papas-nativas","tag-sector-agricola"],"yoast_head":"<!-- This site is optimized with the Yoast SEO plugin v26.6 - https:\/\/yoast.com\/wordpress\/plugins\/seo\/ -->\n<title>INIA Chile inaugur\u00f3 Banco de Germoplasma de la Papa en Osorno - Mundoagropecuario<\/title>\n<meta name=\"description\" content=\"Nuevo banco de INIA resguardar\u00e1 variedades nativas de papa del sur de Chile como patrimonio agr\u00edcola y cultural.\" \/>\n<meta name=\"robots\" content=\"index, follow, max-snippet:-1, max-image-preview:large, max-video-preview:-1\" \/>\n<link rel=\"canonical\" href=\"https:\/\/www.mundoagropecuario.cl\/new\/inia-chile-inauguro-banco-de-germoplasma-de-la-papa-en-osorno\/\" \/>\n<meta property=\"og:locale\" content=\"es_ES\" \/>\n<meta property=\"og:type\" content=\"article\" \/>\n<meta property=\"og:title\" content=\"INIA Chile inaugur\u00f3 Banco de Germoplasma de la Papa en Osorno - Mundoagropecuario\" \/>\n<meta property=\"og:description\" content=\"Nuevo banco de INIA resguardar\u00e1 variedades nativas de papa del sur de Chile como patrimonio agr\u00edcola y cultural.\" \/>\n<meta property=\"og:url\" content=\"https:\/\/www.mundoagropecuario.cl\/new\/inia-chile-inauguro-banco-de-germoplasma-de-la-papa-en-osorno\/\" \/>\n<meta property=\"og:site_name\" content=\"Mundoagropecuario\" \/>\n<meta property=\"article:publisher\" content=\"https:\/\/www.facebook.com\/mundo.agropecuario.3\" \/>\n<meta property=\"article:published_time\" content=\"2025-06-03T13:13:15+00:00\" \/>\n<meta property=\"article:modified_time\" content=\"2025-06-16T21:18:39+00:00\" \/>\n<meta property=\"og:image\" content=\"https:\/\/www.mundoagropecuario.cl\/new\/wp-content\/uploads\/2025\/06\/papa-scaled.jpg\" \/>\n\t<meta property=\"og:image:width\" content=\"720\" \/>\n\t<meta property=\"og:image:height\" content=\"384\" \/>\n\t<meta property=\"og:image:type\" content=\"image\/jpeg\" \/>\n<meta name=\"author\" content=\"mbarrueto\" \/>\n<meta name=\"twitter:card\" content=\"summary_large_image\" \/>\n<meta name=\"twitter:creator\" content=\"@MundoAgropecuar\" \/>\n<meta name=\"twitter:site\" content=\"@MundoAgropecuar\" \/>\n<meta name=\"twitter:label1\" content=\"Escrito por\" \/>\n\t<meta name=\"twitter:data1\" content=\"mbarrueto\" \/>\n\t<meta name=\"twitter:label2\" content=\"Tiempo de lectura\" \/>\n\t<meta name=\"twitter:data2\" content=\"4 minutos\" \/>\n<script type=\"application\/ld+json\" class=\"yoast-schema-graph\">{\"@context\":\"https:\/\/schema.org\",\"@graph\":[{\"@type\":\"Article\",\"@id\":\"https:\/\/www.mundoagropecuario.cl\/new\/inia-chile-inauguro-banco-de-germoplasma-de-la-papa-en-osorno\/#article\",\"isPartOf\":{\"@id\":\"https:\/\/www.mundoagropecuario.cl\/new\/inia-chile-inauguro-banco-de-germoplasma-de-la-papa-en-osorno\/\"},\"author\":{\"name\":\"mbarrueto\",\"@id\":\"https:\/\/www.mundoagropecuario.cl\/new\/#\/schema\/person\/c024c52c60fd5efe1264603fb44f4871\"},\"headline\":\"INIA Chile inaugur\u00f3 Banco de Germoplasma de la Papa en Osorno\",\"datePublished\":\"2025-06-03T13:13:15+00:00\",\"dateModified\":\"2025-06-16T21:18:39+00:00\",\"mainEntityOfPage\":{\"@id\":\"https:\/\/www.mundoagropecuario.cl\/new\/inia-chile-inauguro-banco-de-germoplasma-de-la-papa-en-osorno\/\"},\"wordCount\":763,\"publisher\":{\"@id\":\"https:\/\/www.mundoagropecuario.cl\/new\/#organization\"},\"image\":{\"@id\":\"https:\/\/www.mundoagropecuario.cl\/new\/inia-chile-inauguro-banco-de-germoplasma-de-la-papa-en-osorno\/#primaryimage\"},\"thumbnailUrl\":\"https:\/\/www.mundoagropecuario.cl\/new\/wp-content\/uploads\/2025\/06\/papa-scaled.jpg\",\"keywords\":[\"Agricultura\",\"Agro\",\"industria agr\u00edcola\",\"INIA\",\"Instituto de Investigaciones Agropecuarias\",\"Papa\",\"Papas\",\"papas nativas\",\"Sector agr\u00edcola\"],\"articleSection\":[\"Agricultura\"],\"inLanguage\":\"es\"},{\"@type\":\"WebPage\",\"@id\":\"https:\/\/www.mundoagropecuario.cl\/new\/inia-chile-inauguro-banco-de-germoplasma-de-la-papa-en-osorno\/\",\"url\":\"https:\/\/www.mundoagropecuario.cl\/new\/inia-chile-inauguro-banco-de-germoplasma-de-la-papa-en-osorno\/\",\"name\":\"INIA Chile inaugur\u00f3 Banco de Germoplasma de la Papa en Osorno - Mundoagropecuario\",\"isPartOf\":{\"@id\":\"https:\/\/www.mundoagropecuario.cl\/new\/#website\"},\"primaryImageOfPage\":{\"@id\":\"https:\/\/www.mundoagropecuario.cl\/new\/inia-chile-inauguro-banco-de-germoplasma-de-la-papa-en-osorno\/#primaryimage\"},\"image\":{\"@id\":\"https:\/\/www.mundoagropecuario.cl\/new\/inia-chile-inauguro-banco-de-germoplasma-de-la-papa-en-osorno\/#primaryimage\"},\"thumbnailUrl\":\"https:\/\/www.mundoagropecuario.cl\/new\/wp-content\/uploads\/2025\/06\/papa-scaled.jpg\",\"datePublished\":\"2025-06-03T13:13:15+00:00\",\"dateModified\":\"2025-06-16T21:18:39+00:00\",\"description\":\"Nuevo banco de INIA resguardar\u00e1 variedades nativas de papa del sur de Chile como patrimonio agr\u00edcola y cultural.\",\"breadcrumb\":{\"@id\":\"https:\/\/www.mundoagropecuario.cl\/new\/inia-chile-inauguro-banco-de-germoplasma-de-la-papa-en-osorno\/#breadcrumb\"},\"inLanguage\":\"es\",\"potentialAction\":[{\"@type\":\"ReadAction\",\"target\":[\"https:\/\/www.mundoagropecuario.cl\/new\/inia-chile-inauguro-banco-de-germoplasma-de-la-papa-en-osorno\/\"]}]},{\"@type\":\"ImageObject\",\"inLanguage\":\"es\",\"@id\":\"https:\/\/www.mundoagropecuario.cl\/new\/inia-chile-inauguro-banco-de-germoplasma-de-la-papa-en-osorno\/#primaryimage\",\"url\":\"https:\/\/www.mundoagropecuario.cl\/new\/wp-content\/uploads\/2025\/06\/papa-scaled.jpg\",\"contentUrl\":\"https:\/\/www.mundoagropecuario.cl\/new\/wp-content\/uploads\/2025\/06\/papa-scaled.jpg\",\"width\":720,\"height\":384},{\"@type\":\"BreadcrumbList\",\"@id\":\"https:\/\/www.mundoagropecuario.cl\/new\/inia-chile-inauguro-banco-de-germoplasma-de-la-papa-en-osorno\/#breadcrumb\",\"itemListElement\":[{\"@type\":\"ListItem\",\"position\":1,\"name\":\"Portada\",\"item\":\"https:\/\/www.mundoagropecuario.cl\/new\/\"},{\"@type\":\"ListItem\",\"position\":2,\"name\":\"INIA Chile inaugur\u00f3 Banco de Germoplasma de la Papa en Osorno\"}]},{\"@type\":\"WebSite\",\"@id\":\"https:\/\/www.mundoagropecuario.cl\/new\/#website\",\"url\":\"https:\/\/www.mundoagropecuario.cl\/new\/\",\"name\":\"Mundoagropecuario\",\"description\":\"Mundo Agropecuario\",\"publisher\":{\"@id\":\"https:\/\/www.mundoagropecuario.cl\/new\/#organization\"},\"potentialAction\":[{\"@type\":\"SearchAction\",\"target\":{\"@type\":\"EntryPoint\",\"urlTemplate\":\"https:\/\/www.mundoagropecuario.cl\/new\/?s={search_term_string}\"},\"query-input\":{\"@type\":\"PropertyValueSpecification\",\"valueRequired\":true,\"valueName\":\"search_term_string\"}}],\"inLanguage\":\"es\"},{\"@type\":\"Organization\",\"@id\":\"https:\/\/www.mundoagropecuario.cl\/new\/#organization\",\"name\":\"Revista de Agricultura\",\"url\":\"https:\/\/www.mundoagropecuario.cl\/new\/\",\"logo\":{\"@type\":\"ImageObject\",\"inLanguage\":\"es\",\"@id\":\"https:\/\/www.mundoagropecuario.cl\/new\/#\/schema\/logo\/image\/\",\"url\":\"https:\/\/www.mundoagropecuario.cl\/new\/wp-content\/uploads\/2020\/11\/PORTAL-1-1.png\",\"contentUrl\":\"https:\/\/www.mundoagropecuario.cl\/new\/wp-content\/uploads\/2020\/11\/PORTAL-1-1.png\",\"width\":1026,\"height\":100,\"caption\":\"Revista de Agricultura\"},\"image\":{\"@id\":\"https:\/\/www.mundoagropecuario.cl\/new\/#\/schema\/logo\/image\/\"},\"sameAs\":[\"https:\/\/www.facebook.com\/mundo.agropecuario.3\",\"https:\/\/x.com\/MundoAgropecuar\",\"https:\/\/www.linkedin.com\/in\/mundo-agropecuario-934009201\/\"]},{\"@type\":\"Person\",\"@id\":\"https:\/\/www.mundoagropecuario.cl\/new\/#\/schema\/person\/c024c52c60fd5efe1264603fb44f4871\",\"name\":\"mbarrueto\",\"url\":\"https:\/\/www.mundoagropecuario.cl\/new\/author\/mbarrueto\/\"}]}<\/script>\n<!-- \/ Yoast SEO plugin. -->","yoast_head_json":{"title":"INIA Chile inaugur\u00f3 Banco de Germoplasma de la Papa en Osorno - Mundoagropecuario","description":"Nuevo banco de INIA resguardar\u00e1 variedades nativas de papa del sur de Chile como patrimonio agr\u00edcola y cultural.","robots":{"index":"index","follow":"follow","max-snippet":"max-snippet:-1","max-image-preview":"max-image-preview:large","max-video-preview":"max-video-preview:-1"},"canonical":"https:\/\/www.mundoagropecuario.cl\/new\/inia-chile-inauguro-banco-de-germoplasma-de-la-papa-en-osorno\/","og_locale":"es_ES","og_type":"article","og_title":"INIA Chile inaugur\u00f3 Banco de Germoplasma de la Papa en Osorno - Mundoagropecuario","og_description":"Nuevo banco de INIA resguardar\u00e1 variedades nativas de papa del sur de Chile como patrimonio agr\u00edcola y cultural.","og_url":"https:\/\/www.mundoagropecuario.cl\/new\/inia-chile-inauguro-banco-de-germoplasma-de-la-papa-en-osorno\/","og_site_name":"Mundoagropecuario","article_publisher":"https:\/\/www.facebook.com\/mundo.agropecuario.3","article_published_time":"2025-06-03T13:13:15+00:00","article_modified_time":"2025-06-16T21:18:39+00:00","og_image":[{"width":720,"height":384,"url":"https:\/\/www.mundoagropecuario.cl\/new\/wp-content\/uploads\/2025\/06\/papa-scaled.jpg","type":"image\/jpeg"}],"author":"mbarrueto","twitter_card":"summary_large_image","twitter_creator":"@MundoAgropecuar","twitter_site":"@MundoAgropecuar","twitter_misc":{"Escrito por":"mbarrueto","Tiempo de lectura":"4 minutos"},"schema":{"@context":"https:\/\/schema.org","@graph":[{"@type":"Article","@id":"https:\/\/www.mundoagropecuario.cl\/new\/inia-chile-inauguro-banco-de-germoplasma-de-la-papa-en-osorno\/#article","isPartOf":{"@id":"https:\/\/www.mundoagropecuario.cl\/new\/inia-chile-inauguro-banco-de-germoplasma-de-la-papa-en-osorno\/"},"author":{"name":"mbarrueto","@id":"https:\/\/www.mundoagropecuario.cl\/new\/#\/schema\/person\/c024c52c60fd5efe1264603fb44f4871"},"headline":"INIA Chile inaugur\u00f3 Banco de Germoplasma de la Papa en Osorno","datePublished":"2025-06-03T13:13:15+00:00","dateModified":"2025-06-16T21:18:39+00:00","mainEntityOfPage":{"@id":"https:\/\/www.mundoagropecuario.cl\/new\/inia-chile-inauguro-banco-de-germoplasma-de-la-papa-en-osorno\/"},"wordCount":763,"publisher":{"@id":"https:\/\/www.mundoagropecuario.cl\/new\/#organization"},"image":{"@id":"https:\/\/www.mundoagropecuario.cl\/new\/inia-chile-inauguro-banco-de-germoplasma-de-la-papa-en-osorno\/#primaryimage"},"thumbnailUrl":"https:\/\/www.mundoagropecuario.cl\/new\/wp-content\/uploads\/2025\/06\/papa-scaled.jpg","keywords":["Agricultura","Agro","industria agr\u00edcola","INIA","Instituto de Investigaciones Agropecuarias","Papa","Papas","papas nativas","Sector agr\u00edcola"],"articleSection":["Agricultura"],"inLanguage":"es"},{"@type":"WebPage","@id":"https:\/\/www.mundoagropecuario.cl\/new\/inia-chile-inauguro-banco-de-germoplasma-de-la-papa-en-osorno\/","url":"https:\/\/www.mundoagropecuario.cl\/new\/inia-chile-inauguro-banco-de-germoplasma-de-la-papa-en-osorno\/","name":"INIA Chile inaugur\u00f3 Banco de Germoplasma de la Papa en Osorno - Mundoagropecuario","isPartOf":{"@id":"https:\/\/www.mundoagropecuario.cl\/new\/#website"},"primaryImageOfPage":{"@id":"https:\/\/www.mundoagropecuario.cl\/new\/inia-chile-inauguro-banco-de-germoplasma-de-la-papa-en-osorno\/#primaryimage"},"image":{"@id":"https:\/\/www.mundoagropecuario.cl\/new\/inia-chile-inauguro-banco-de-germoplasma-de-la-papa-en-osorno\/#primaryimage"},"thumbnailUrl":"https:\/\/www.mundoagropecuario.cl\/new\/wp-content\/uploads\/2025\/06\/papa-scaled.jpg","datePublished":"2025-06-03T13:13:15+00:00","dateModified":"2025-06-16T21:18:39+00:00","description":"Nuevo banco de INIA resguardar\u00e1 variedades nativas de papa del sur de Chile como patrimonio agr\u00edcola y cultural.","breadcrumb":{"@id":"https:\/\/www.mundoagropecuario.cl\/new\/inia-chile-inauguro-banco-de-germoplasma-de-la-papa-en-osorno\/#breadcrumb"},"inLanguage":"es","potentialAction":[{"@type":"ReadAction","target":["https:\/\/www.mundoagropecuario.cl\/new\/inia-chile-inauguro-banco-de-germoplasma-de-la-papa-en-osorno\/"]}]},{"@type":"ImageObject","inLanguage":"es","@id":"https:\/\/www.mundoagropecuario.cl\/new\/inia-chile-inauguro-banco-de-germoplasma-de-la-papa-en-osorno\/#primaryimage","url":"https:\/\/www.mundoagropecuario.cl\/new\/wp-content\/uploads\/2025\/06\/papa-scaled.jpg","contentUrl":"https:\/\/www.mundoagropecuario.cl\/new\/wp-content\/uploads\/2025\/06\/papa-scaled.jpg","width":720,"height":384},{"@type":"BreadcrumbList","@id":"https:\/\/www.mundoagropecuario.cl\/new\/inia-chile-inauguro-banco-de-germoplasma-de-la-papa-en-osorno\/#breadcrumb","itemListElement":[{"@type":"ListItem","position":1,"name":"Portada","item":"https:\/\/www.mundoagropecuario.cl\/new\/"},{"@type":"ListItem","position":2,"name":"INIA Chile inaugur\u00f3 Banco de Germoplasma de la Papa en Osorno"}]},{"@type":"WebSite","@id":"https:\/\/www.mundoagropecuario.cl\/new\/#website","url":"https:\/\/www.mundoagropecuario.cl\/new\/","name":"Mundoagropecuario","description":"Mundo Agropecuario","publisher":{"@id":"https:\/\/www.mundoagropecuario.cl\/new\/#organization"},"potentialAction":[{"@type":"SearchAction","target":{"@type":"EntryPoint","urlTemplate":"https:\/\/www.mundoagropecuario.cl\/new\/?s={search_term_string}"},"query-input":{"@type":"PropertyValueSpecification","valueRequired":true,"valueName":"search_term_string"}}],"inLanguage":"es"},{"@type":"Organization","@id":"https:\/\/www.mundoagropecuario.cl\/new\/#organization","name":"Revista de Agricultura","url":"https:\/\/www.mundoagropecuario.cl\/new\/","logo":{"@type":"ImageObject","inLanguage":"es","@id":"https:\/\/www.mundoagropecuario.cl\/new\/#\/schema\/logo\/image\/","url":"https:\/\/www.mundoagropecuario.cl\/new\/wp-content\/uploads\/2020\/11\/PORTAL-1-1.png","contentUrl":"https:\/\/www.mundoagropecuario.cl\/new\/wp-content\/uploads\/2020\/11\/PORTAL-1-1.png","width":1026,"height":100,"caption":"Revista de Agricultura"},"image":{"@id":"https:\/\/www.mundoagropecuario.cl\/new\/#\/schema\/logo\/image\/"},"sameAs":["https:\/\/www.facebook.com\/mundo.agropecuario.3","https:\/\/x.com\/MundoAgropecuar","https:\/\/www.linkedin.com\/in\/mundo-agropecuario-934009201\/"]},{"@type":"Person","@id":"https:\/\/www.mundoagropecuario.cl\/new\/#\/schema\/person\/c024c52c60fd5efe1264603fb44f4871","name":"mbarrueto","url":"https:\/\/www.mundoagropecuario.cl\/new\/author\/mbarrueto\/"}]}},"_links":{"self":[{"href":"https:\/\/www.mundoagropecuario.cl\/new\/wp-json\/wp\/v2\/posts\/26912","targetHints":{"allow":["GET"]}}],"collection":[{"href":"https:\/\/www.mundoagropecuario.cl\/new\/wp-json\/wp\/v2\/posts"}],"about":[{"href":"https:\/\/www.mundoagropecuario.cl\/new\/wp-json\/wp\/v2\/types\/post"}],"author":[{"embeddable":true,"href":"https:\/\/www.mundoagropecuario.cl\/new\/wp-json\/wp\/v2\/users\/7"}],"replies":[{"embeddable":true,"href":"https:\/\/www.mundoagropecuario.cl\/new\/wp-json\/wp\/v2\/comments?post=26912"}],"version-history":[{"count":4,"href":"https:\/\/www.mundoagropecuario.cl\/new\/wp-json\/wp\/v2\/posts\/26912\/revisions"}],"predecessor-version":[{"id":26918,"href":"https:\/\/www.mundoagropecuario.cl\/new\/wp-json\/wp\/v2\/posts\/26912\/revisions\/26918"}],"wp:featuredmedia":[{"embeddable":true,"href":"https:\/\/www.mundoagropecuario.cl\/new\/wp-json\/wp\/v2\/media\/26917"}],"wp:attachment":[{"href":"https:\/\/www.mundoagropecuario.cl\/new\/wp-json\/wp\/v2\/media?parent=26912"}],"wp:term":[{"taxonomy":"category","embeddable":true,"href":"https:\/\/www.mundoagropecuario.cl\/new\/wp-json\/wp\/v2\/categories?post=26912"},{"taxonomy":"post_tag","embeddable":true,"href":"https:\/\/www.mundoagropecuario.cl\/new\/wp-json\/wp\/v2\/tags?post=26912"}],"curies":[{"name":"wp","href":"https:\/\/api.w.org\/{rel}","templated":true}]}}