{"id":26909,"date":"2025-06-02T14:45:19","date_gmt":"2025-06-02T17:45:19","guid":{"rendered":"https:\/\/www.mundoagropecuario.cl\/new\/?p=26909"},"modified":"2025-06-16T18:18:14","modified_gmt":"2025-06-16T21:18:14","slug":"chile-sera-sede-del-world-dairy-summit-2025-por-primera-vez-en-sudamerica","status":"publish","type":"post","link":"https:\/\/www.mundoagropecuario.cl\/new\/chile-sera-sede-del-world-dairy-summit-2025-por-primera-vez-en-sudamerica\/","title":{"rendered":"Chile ser\u00e1 sede del World Dairy Summit 2025 por primera vez en Sudam\u00e9rica"},"content":{"rendered":"<p data-start=\"274\" data-end=\"799\">En el marco del D\u00eda Mundial de la Leche, ProChile destac\u00f3 el crecimiento sostenido del sector l\u00e1cteo nacional, que en 2024 alcanz\u00f3 exportaciones por <strong data-start=\"454\" data-end=\"474\">US$ 260 millones<\/strong>, lo que representa un incremento del <strong data-start=\"512\" data-end=\"547\">16,8\u202f% respecto al a\u00f1o anterior<\/strong>. Los productos l\u00e1cteos chilenos llegaron a <strong data-start=\"591\" data-end=\"622\">40 mercados internacionales<\/strong>, siendo los principales destinos <strong data-start=\"656\" data-end=\"690\">Norteam\u00e9rica (US$ 58 millones)<\/strong>, <strong data-start=\"692\" data-end=\"720\">M\u00e9xico (US$ 40 millones)<\/strong>, <strong data-start=\"722\" data-end=\"752\">Colombia (US$ 26 millones)<\/strong>, <strong data-start=\"754\" data-end=\"798\">Per\u00fa y Brasil (US$ 20 millones cada uno)<\/strong>.<\/p>\n<p data-start=\"801\" data-end=\"1222\">En este contexto, Chile se prepara para un hito sin precedentes: ser\u00e1 sede por primera vez en Sudam\u00e9rica del <strong data-start=\"910\" data-end=\"975\">World Dairy Summit de la International Dairy Federation (IDF)<\/strong>, que se celebrar\u00e1 del <strong data-start=\"998\" data-end=\"1033\">20 al 23 de octubre en Santiago<\/strong>. Se trata del evento internacional m\u00e1s importante de la industria l\u00e1ctea, donde se dar\u00e1n cita los pa\u00edses m\u00e1s desarrollados del rubro, junto a empresas, investigadores y l\u00edderes del sector.<\/p>\n<h3 data-start=\"801\" data-end=\"1222\">Industria l\u00e1ctea chilena<\/h3>\n<p data-start=\"1224\" data-end=\"1630\">\u201cEs una oportunidad \u00fanica para mostrar la diversidad de productos que ofrece este sector, los avances en \u00e1reas como sustentabilidad, bienestar animal, producci\u00f3n de leche y nutrici\u00f3n humana, entre otros\u201d, destac\u00f3 ProChile en sus redes sociales, donde tambi\u00e9n se subray\u00f3 que la industria l\u00e1ctea es \u201cclave para la econom\u00eda chilena y mundial\u201d, y que el pa\u00eds se ha \u201cconsolidado como un referente por su innovaci\u00f3n y desarrollo\u201d.<\/p>\n<p data-start=\"1632\" data-end=\"1901\">La participaci\u00f3n de Chile como anfitri\u00f3n refuerza su posici\u00f3n estrat\u00e9gica en el mercado global, permitiendo generar alianzas comerciales, posicionar productos de alto valor agregado y mostrar al mundo los est\u00e1ndares alcanzados en calidad, trazabilidad y sostenibilidad.<\/p>\n","protected":false},"excerpt":{"rendered":"<p>Chile acoger\u00e1 el World Dairy Summit 2025, el mayor evento global del sector l\u00e1cteo, mientras sus exportaciones crecieron 16,8\u202f% y llegaron a 40 mercados.<\/p>\n","protected":false},"author":7,"featured_media":26910,"comment_status":"closed","ping_status":"closed","sticky":false,"template":"","format":"standard","meta":{"footnotes":""},"categories":[1945],"tags":[2068,4135,2141,2051,3068,2684,9796],"class_list":["post-26909","post","type-post","status-publish","format-standard","has-post-thumbnail","hentry","category-agricultura","tag-industria-lactea","tag-lacteo","tag-lacteos","tag-leche","tag-lecheros","tag-world-dairy-summit","tag-world-dairy-summit-2025"],"yoast_head":"<!-- This site is optimized with the Yoast SEO plugin v26.6 - https:\/\/yoast.com\/wordpress\/plugins\/seo\/ -->\n<title>Chile ser\u00e1 sede del World Dairy Summit 2025 por primera vez en Sudam\u00e9rica - Mundoagropecuario<\/title>\n<meta name=\"description\" content=\"Chile ser\u00e1 sede del World Dairy Summit 2025, y destaca el alza de 16,8\u202f% en exportaciones l\u00e1cteas, que llegaron a 40 mercados internacionales.\" \/>\n<meta name=\"robots\" content=\"index, follow, max-snippet:-1, max-image-preview:large, max-video-preview:-1\" \/>\n<link rel=\"canonical\" href=\"https:\/\/www.mundoagropecuario.cl\/new\/chile-sera-sede-del-world-dairy-summit-2025-por-primera-vez-en-sudamerica\/\" \/>\n<meta property=\"og:locale\" content=\"es_ES\" \/>\n<meta property=\"og:type\" content=\"article\" \/>\n<meta property=\"og:title\" content=\"Chile ser\u00e1 sede del World Dairy Summit 2025 por primera vez en Sudam\u00e9rica - Mundoagropecuario\" \/>\n<meta property=\"og:description\" content=\"Chile ser\u00e1 sede del World Dairy Summit 2025, y destaca el alza de 16,8\u202f% en exportaciones l\u00e1cteas, que llegaron a 40 mercados internacionales.\" \/>\n<meta property=\"og:url\" content=\"https:\/\/www.mundoagropecuario.cl\/new\/chile-sera-sede-del-world-dairy-summit-2025-por-primera-vez-en-sudamerica\/\" \/>\n<meta property=\"og:site_name\" content=\"Mundoagropecuario\" \/>\n<meta property=\"article:publisher\" content=\"https:\/\/www.facebook.com\/mundo.agropecuario.3\" \/>\n<meta property=\"article:published_time\" content=\"2025-06-02T17:45:19+00:00\" \/>\n<meta property=\"article:modified_time\" content=\"2025-06-16T21:18:14+00:00\" \/>\n<meta property=\"og:image\" content=\"https:\/\/www.mundoagropecuario.cl\/new\/wp-content\/uploads\/2025\/06\/Plantilla-estandar-mundo-acuicola-2025-06-02T134239.092-scaled.jpg\" \/>\n\t<meta property=\"og:image:width\" content=\"720\" \/>\n\t<meta property=\"og:image:height\" content=\"384\" \/>\n\t<meta property=\"og:image:type\" content=\"image\/jpeg\" \/>\n<meta name=\"author\" content=\"mbarrueto\" \/>\n<meta name=\"twitter:card\" content=\"summary_large_image\" \/>\n<meta name=\"twitter:creator\" content=\"@MundoAgropecuar\" \/>\n<meta name=\"twitter:site\" content=\"@MundoAgropecuar\" \/>\n<meta name=\"twitter:label1\" content=\"Escrito por\" \/>\n\t<meta name=\"twitter:data1\" content=\"mbarrueto\" \/>\n\t<meta name=\"twitter:label2\" content=\"Tiempo de lectura\" \/>\n\t<meta name=\"twitter:data2\" content=\"2 minutos\" \/>\n<script type=\"application\/ld+json\" class=\"yoast-schema-graph\">{\"@context\":\"https:\/\/schema.org\",\"@graph\":[{\"@type\":\"Article\",\"@id\":\"https:\/\/www.mundoagropecuario.cl\/new\/chile-sera-sede-del-world-dairy-summit-2025-por-primera-vez-en-sudamerica\/#article\",\"isPartOf\":{\"@id\":\"https:\/\/www.mundoagropecuario.cl\/new\/chile-sera-sede-del-world-dairy-summit-2025-por-primera-vez-en-sudamerica\/\"},\"author\":{\"name\":\"mbarrueto\",\"@id\":\"https:\/\/www.mundoagropecuario.cl\/new\/#\/schema\/person\/c024c52c60fd5efe1264603fb44f4871\"},\"headline\":\"Chile ser\u00e1 sede del World Dairy Summit 2025 por primera vez en Sudam\u00e9rica\",\"datePublished\":\"2025-06-02T17:45:19+00:00\",\"dateModified\":\"2025-06-16T21:18:14+00:00\",\"mainEntityOfPage\":{\"@id\":\"https:\/\/www.mundoagropecuario.cl\/new\/chile-sera-sede-del-world-dairy-summit-2025-por-primera-vez-en-sudamerica\/\"},\"wordCount\":274,\"publisher\":{\"@id\":\"https:\/\/www.mundoagropecuario.cl\/new\/#organization\"},\"image\":{\"@id\":\"https:\/\/www.mundoagropecuario.cl\/new\/chile-sera-sede-del-world-dairy-summit-2025-por-primera-vez-en-sudamerica\/#primaryimage\"},\"thumbnailUrl\":\"https:\/\/www.mundoagropecuario.cl\/new\/wp-content\/uploads\/2025\/06\/Plantilla-estandar-mundo-acuicola-2025-06-02T134239.092-scaled.jpg\",\"keywords\":[\"Industria l\u00e1ctea\",\"Lacteo\",\"L\u00e1cteos\",\"Leche\",\"lecheros\",\"World Dairy Summit\",\"World Dairy Summit 2025\"],\"articleSection\":[\"Agricultura\"],\"inLanguage\":\"es\"},{\"@type\":\"WebPage\",\"@id\":\"https:\/\/www.mundoagropecuario.cl\/new\/chile-sera-sede-del-world-dairy-summit-2025-por-primera-vez-en-sudamerica\/\",\"url\":\"https:\/\/www.mundoagropecuario.cl\/new\/chile-sera-sede-del-world-dairy-summit-2025-por-primera-vez-en-sudamerica\/\",\"name\":\"Chile ser\u00e1 sede del World Dairy Summit 2025 por primera vez en Sudam\u00e9rica - Mundoagropecuario\",\"isPartOf\":{\"@id\":\"https:\/\/www.mundoagropecuario.cl\/new\/#website\"},\"primaryImageOfPage\":{\"@id\":\"https:\/\/www.mundoagropecuario.cl\/new\/chile-sera-sede-del-world-dairy-summit-2025-por-primera-vez-en-sudamerica\/#primaryimage\"},\"image\":{\"@id\":\"https:\/\/www.mundoagropecuario.cl\/new\/chile-sera-sede-del-world-dairy-summit-2025-por-primera-vez-en-sudamerica\/#primaryimage\"},\"thumbnailUrl\":\"https:\/\/www.mundoagropecuario.cl\/new\/wp-content\/uploads\/2025\/06\/Plantilla-estandar-mundo-acuicola-2025-06-02T134239.092-scaled.jpg\",\"datePublished\":\"2025-06-02T17:45:19+00:00\",\"dateModified\":\"2025-06-16T21:18:14+00:00\",\"description\":\"Chile ser\u00e1 sede del World Dairy Summit 2025, y destaca el alza de 16,8\u202f% en exportaciones l\u00e1cteas, que llegaron a 40 mercados internacionales.\",\"breadcrumb\":{\"@id\":\"https:\/\/www.mundoagropecuario.cl\/new\/chile-sera-sede-del-world-dairy-summit-2025-por-primera-vez-en-sudamerica\/#breadcrumb\"},\"inLanguage\":\"es\",\"potentialAction\":[{\"@type\":\"ReadAction\",\"target\":[\"https:\/\/www.mundoagropecuario.cl\/new\/chile-sera-sede-del-world-dairy-summit-2025-por-primera-vez-en-sudamerica\/\"]}]},{\"@type\":\"ImageObject\",\"inLanguage\":\"es\",\"@id\":\"https:\/\/www.mundoagropecuario.cl\/new\/chile-sera-sede-del-world-dairy-summit-2025-por-primera-vez-en-sudamerica\/#primaryimage\",\"url\":\"https:\/\/www.mundoagropecuario.cl\/new\/wp-content\/uploads\/2025\/06\/Plantilla-estandar-mundo-acuicola-2025-06-02T134239.092-scaled.jpg\",\"contentUrl\":\"https:\/\/www.mundoagropecuario.cl\/new\/wp-content\/uploads\/2025\/06\/Plantilla-estandar-mundo-acuicola-2025-06-02T134239.092-scaled.jpg\",\"width\":720,\"height\":384},{\"@type\":\"BreadcrumbList\",\"@id\":\"https:\/\/www.mundoagropecuario.cl\/new\/chile-sera-sede-del-world-dairy-summit-2025-por-primera-vez-en-sudamerica\/#breadcrumb\",\"itemListElement\":[{\"@type\":\"ListItem\",\"position\":1,\"name\":\"Portada\",\"item\":\"https:\/\/www.mundoagropecuario.cl\/new\/\"},{\"@type\":\"ListItem\",\"position\":2,\"name\":\"Chile ser\u00e1 sede del World Dairy Summit 2025 por primera vez en Sudam\u00e9rica\"}]},{\"@type\":\"WebSite\",\"@id\":\"https:\/\/www.mundoagropecuario.cl\/new\/#website\",\"url\":\"https:\/\/www.mundoagropecuario.cl\/new\/\",\"name\":\"Mundoagropecuario\",\"description\":\"Mundo Agropecuario\",\"publisher\":{\"@id\":\"https:\/\/www.mundoagropecuario.cl\/new\/#organization\"},\"potentialAction\":[{\"@type\":\"SearchAction\",\"target\":{\"@type\":\"EntryPoint\",\"urlTemplate\":\"https:\/\/www.mundoagropecuario.cl\/new\/?s={search_term_string}\"},\"query-input\":{\"@type\":\"PropertyValueSpecification\",\"valueRequired\":true,\"valueName\":\"search_term_string\"}}],\"inLanguage\":\"es\"},{\"@type\":\"Organization\",\"@id\":\"https:\/\/www.mundoagropecuario.cl\/new\/#organization\",\"name\":\"Revista de Agricultura\",\"url\":\"https:\/\/www.mundoagropecuario.cl\/new\/\",\"logo\":{\"@type\":\"ImageObject\",\"inLanguage\":\"es\",\"@id\":\"https:\/\/www.mundoagropecuario.cl\/new\/#\/schema\/logo\/image\/\",\"url\":\"https:\/\/www.mundoagropecuario.cl\/new\/wp-content\/uploads\/2020\/11\/PORTAL-1-1.png\",\"contentUrl\":\"https:\/\/www.mundoagropecuario.cl\/new\/wp-content\/uploads\/2020\/11\/PORTAL-1-1.png\",\"width\":1026,\"height\":100,\"caption\":\"Revista de Agricultura\"},\"image\":{\"@id\":\"https:\/\/www.mundoagropecuario.cl\/new\/#\/schema\/logo\/image\/\"},\"sameAs\":[\"https:\/\/www.facebook.com\/mundo.agropecuario.3\",\"https:\/\/x.com\/MundoAgropecuar\",\"https:\/\/www.linkedin.com\/in\/mundo-agropecuario-934009201\/\"]},{\"@type\":\"Person\",\"@id\":\"https:\/\/www.mundoagropecuario.cl\/new\/#\/schema\/person\/c024c52c60fd5efe1264603fb44f4871\",\"name\":\"mbarrueto\",\"url\":\"https:\/\/www.mundoagropecuario.cl\/new\/author\/mbarrueto\/\"}]}<\/script>\n<!-- \/ Yoast SEO plugin. -->","yoast_head_json":{"title":"Chile ser\u00e1 sede del World Dairy Summit 2025 por primera vez en Sudam\u00e9rica - Mundoagropecuario","description":"Chile ser\u00e1 sede del World Dairy Summit 2025, y destaca el alza de 16,8\u202f% en exportaciones l\u00e1cteas, que llegaron a 40 mercados internacionales.","robots":{"index":"index","follow":"follow","max-snippet":"max-snippet:-1","max-image-preview":"max-image-preview:large","max-video-preview":"max-video-preview:-1"},"canonical":"https:\/\/www.mundoagropecuario.cl\/new\/chile-sera-sede-del-world-dairy-summit-2025-por-primera-vez-en-sudamerica\/","og_locale":"es_ES","og_type":"article","og_title":"Chile ser\u00e1 sede del World Dairy Summit 2025 por primera vez en Sudam\u00e9rica - Mundoagropecuario","og_description":"Chile ser\u00e1 sede del World Dairy Summit 2025, y destaca el alza de 16,8\u202f% en exportaciones l\u00e1cteas, que llegaron a 40 mercados internacionales.","og_url":"https:\/\/www.mundoagropecuario.cl\/new\/chile-sera-sede-del-world-dairy-summit-2025-por-primera-vez-en-sudamerica\/","og_site_name":"Mundoagropecuario","article_publisher":"https:\/\/www.facebook.com\/mundo.agropecuario.3","article_published_time":"2025-06-02T17:45:19+00:00","article_modified_time":"2025-06-16T21:18:14+00:00","og_image":[{"width":720,"height":384,"url":"https:\/\/www.mundoagropecuario.cl\/new\/wp-content\/uploads\/2025\/06\/Plantilla-estandar-mundo-acuicola-2025-06-02T134239.092-scaled.jpg","type":"image\/jpeg"}],"author":"mbarrueto","twitter_card":"summary_large_image","twitter_creator":"@MundoAgropecuar","twitter_site":"@MundoAgropecuar","twitter_misc":{"Escrito por":"mbarrueto","Tiempo de lectura":"2 minutos"},"schema":{"@context":"https:\/\/schema.org","@graph":[{"@type":"Article","@id":"https:\/\/www.mundoagropecuario.cl\/new\/chile-sera-sede-del-world-dairy-summit-2025-por-primera-vez-en-sudamerica\/#article","isPartOf":{"@id":"https:\/\/www.mundoagropecuario.cl\/new\/chile-sera-sede-del-world-dairy-summit-2025-por-primera-vez-en-sudamerica\/"},"author":{"name":"mbarrueto","@id":"https:\/\/www.mundoagropecuario.cl\/new\/#\/schema\/person\/c024c52c60fd5efe1264603fb44f4871"},"headline":"Chile ser\u00e1 sede del World Dairy Summit 2025 por primera vez en Sudam\u00e9rica","datePublished":"2025-06-02T17:45:19+00:00","dateModified":"2025-06-16T21:18:14+00:00","mainEntityOfPage":{"@id":"https:\/\/www.mundoagropecuario.cl\/new\/chile-sera-sede-del-world-dairy-summit-2025-por-primera-vez-en-sudamerica\/"},"wordCount":274,"publisher":{"@id":"https:\/\/www.mundoagropecuario.cl\/new\/#organization"},"image":{"@id":"https:\/\/www.mundoagropecuario.cl\/new\/chile-sera-sede-del-world-dairy-summit-2025-por-primera-vez-en-sudamerica\/#primaryimage"},"thumbnailUrl":"https:\/\/www.mundoagropecuario.cl\/new\/wp-content\/uploads\/2025\/06\/Plantilla-estandar-mundo-acuicola-2025-06-02T134239.092-scaled.jpg","keywords":["Industria l\u00e1ctea","Lacteo","L\u00e1cteos","Leche","lecheros","World Dairy Summit","World Dairy Summit 2025"],"articleSection":["Agricultura"],"inLanguage":"es"},{"@type":"WebPage","@id":"https:\/\/www.mundoagropecuario.cl\/new\/chile-sera-sede-del-world-dairy-summit-2025-por-primera-vez-en-sudamerica\/","url":"https:\/\/www.mundoagropecuario.cl\/new\/chile-sera-sede-del-world-dairy-summit-2025-por-primera-vez-en-sudamerica\/","name":"Chile ser\u00e1 sede del World Dairy Summit 2025 por primera vez en Sudam\u00e9rica - Mundoagropecuario","isPartOf":{"@id":"https:\/\/www.mundoagropecuario.cl\/new\/#website"},"primaryImageOfPage":{"@id":"https:\/\/www.mundoagropecuario.cl\/new\/chile-sera-sede-del-world-dairy-summit-2025-por-primera-vez-en-sudamerica\/#primaryimage"},"image":{"@id":"https:\/\/www.mundoagropecuario.cl\/new\/chile-sera-sede-del-world-dairy-summit-2025-por-primera-vez-en-sudamerica\/#primaryimage"},"thumbnailUrl":"https:\/\/www.mundoagropecuario.cl\/new\/wp-content\/uploads\/2025\/06\/Plantilla-estandar-mundo-acuicola-2025-06-02T134239.092-scaled.jpg","datePublished":"2025-06-02T17:45:19+00:00","dateModified":"2025-06-16T21:18:14+00:00","description":"Chile ser\u00e1 sede del World Dairy Summit 2025, y destaca el alza de 16,8\u202f% en exportaciones l\u00e1cteas, que llegaron a 40 mercados internacionales.","breadcrumb":{"@id":"https:\/\/www.mundoagropecuario.cl\/new\/chile-sera-sede-del-world-dairy-summit-2025-por-primera-vez-en-sudamerica\/#breadcrumb"},"inLanguage":"es","potentialAction":[{"@type":"ReadAction","target":["https:\/\/www.mundoagropecuario.cl\/new\/chile-sera-sede-del-world-dairy-summit-2025-por-primera-vez-en-sudamerica\/"]}]},{"@type":"ImageObject","inLanguage":"es","@id":"https:\/\/www.mundoagropecuario.cl\/new\/chile-sera-sede-del-world-dairy-summit-2025-por-primera-vez-en-sudamerica\/#primaryimage","url":"https:\/\/www.mundoagropecuario.cl\/new\/wp-content\/uploads\/2025\/06\/Plantilla-estandar-mundo-acuicola-2025-06-02T134239.092-scaled.jpg","contentUrl":"https:\/\/www.mundoagropecuario.cl\/new\/wp-content\/uploads\/2025\/06\/Plantilla-estandar-mundo-acuicola-2025-06-02T134239.092-scaled.jpg","width":720,"height":384},{"@type":"BreadcrumbList","@id":"https:\/\/www.mundoagropecuario.cl\/new\/chile-sera-sede-del-world-dairy-summit-2025-por-primera-vez-en-sudamerica\/#breadcrumb","itemListElement":[{"@type":"ListItem","position":1,"name":"Portada","item":"https:\/\/www.mundoagropecuario.cl\/new\/"},{"@type":"ListItem","position":2,"name":"Chile ser\u00e1 sede del World Dairy Summit 2025 por primera vez en Sudam\u00e9rica"}]},{"@type":"WebSite","@id":"https:\/\/www.mundoagropecuario.cl\/new\/#website","url":"https:\/\/www.mundoagropecuario.cl\/new\/","name":"Mundoagropecuario","description":"Mundo Agropecuario","publisher":{"@id":"https:\/\/www.mundoagropecuario.cl\/new\/#organization"},"potentialAction":[{"@type":"SearchAction","target":{"@type":"EntryPoint","urlTemplate":"https:\/\/www.mundoagropecuario.cl\/new\/?s={search_term_string}"},"query-input":{"@type":"PropertyValueSpecification","valueRequired":true,"valueName":"search_term_string"}}],"inLanguage":"es"},{"@type":"Organization","@id":"https:\/\/www.mundoagropecuario.cl\/new\/#organization","name":"Revista de Agricultura","url":"https:\/\/www.mundoagropecuario.cl\/new\/","logo":{"@type":"ImageObject","inLanguage":"es","@id":"https:\/\/www.mundoagropecuario.cl\/new\/#\/schema\/logo\/image\/","url":"https:\/\/www.mundoagropecuario.cl\/new\/wp-content\/uploads\/2020\/11\/PORTAL-1-1.png","contentUrl":"https:\/\/www.mundoagropecuario.cl\/new\/wp-content\/uploads\/2020\/11\/PORTAL-1-1.png","width":1026,"height":100,"caption":"Revista de Agricultura"},"image":{"@id":"https:\/\/www.mundoagropecuario.cl\/new\/#\/schema\/logo\/image\/"},"sameAs":["https:\/\/www.facebook.com\/mundo.agropecuario.3","https:\/\/x.com\/MundoAgropecuar","https:\/\/www.linkedin.com\/in\/mundo-agropecuario-934009201\/"]},{"@type":"Person","@id":"https:\/\/www.mundoagropecuario.cl\/new\/#\/schema\/person\/c024c52c60fd5efe1264603fb44f4871","name":"mbarrueto","url":"https:\/\/www.mundoagropecuario.cl\/new\/author\/mbarrueto\/"}]}},"_links":{"self":[{"href":"https:\/\/www.mundoagropecuario.cl\/new\/wp-json\/wp\/v2\/posts\/26909","targetHints":{"allow":["GET"]}}],"collection":[{"href":"https:\/\/www.mundoagropecuario.cl\/new\/wp-json\/wp\/v2\/posts"}],"about":[{"href":"https:\/\/www.mundoagropecuario.cl\/new\/wp-json\/wp\/v2\/types\/post"}],"author":[{"embeddable":true,"href":"https:\/\/www.mundoagropecuario.cl\/new\/wp-json\/wp\/v2\/users\/7"}],"replies":[{"embeddable":true,"href":"https:\/\/www.mundoagropecuario.cl\/new\/wp-json\/wp\/v2\/comments?post=26909"}],"version-history":[{"count":1,"href":"https:\/\/www.mundoagropecuario.cl\/new\/wp-json\/wp\/v2\/posts\/26909\/revisions"}],"predecessor-version":[{"id":26911,"href":"https:\/\/www.mundoagropecuario.cl\/new\/wp-json\/wp\/v2\/posts\/26909\/revisions\/26911"}],"wp:featuredmedia":[{"embeddable":true,"href":"https:\/\/www.mundoagropecuario.cl\/new\/wp-json\/wp\/v2\/media\/26910"}],"wp:attachment":[{"href":"https:\/\/www.mundoagropecuario.cl\/new\/wp-json\/wp\/v2\/media?parent=26909"}],"wp:term":[{"taxonomy":"category","embeddable":true,"href":"https:\/\/www.mundoagropecuario.cl\/new\/wp-json\/wp\/v2\/categories?post=26909"},{"taxonomy":"post_tag","embeddable":true,"href":"https:\/\/www.mundoagropecuario.cl\/new\/wp-json\/wp\/v2\/tags?post=26909"}],"curies":[{"name":"wp","href":"https:\/\/api.w.org\/{rel}","templated":true}]}}