{"id":26906,"date":"2025-06-02T13:45:59","date_gmt":"2025-06-02T16:45:59","guid":{"rendered":"https:\/\/www.mundoagropecuario.cl\/new\/?p=26906"},"modified":"2025-06-16T18:17:41","modified_gmt":"2025-06-16T21:17:41","slug":"avellana-europea-del-sur-de-chile-llega-a-nuevos-mercados-internacionales","status":"publish","type":"post","link":"https:\/\/www.mundoagropecuario.cl\/new\/avellana-europea-del-sur-de-chile-llega-a-nuevos-mercados-internacionales\/","title":{"rendered":"Avellana europea del sur de Chile llega a nuevos mercados internacionales"},"content":{"rendered":"<p style=\"font-weight: 400;\">A la fecha, el Servicio Agr\u00edcola y Ganadero (SAG) regi\u00f3n de Los Lagos ha certificado el env\u00edo de 250 mil kilos de avellana europea. La temporada comenz\u00f3 en marzo y se extender\u00e1 hasta octubre. Este fruto se exporta a diferentes mercados para ser utilizado en la industria del chocolate, un sector que privilegia calidad, tama\u00f1o, y est\u00e1ndar sanitario.<\/p>\n<p style=\"font-weight: 400;\">\u201cSe trata de un fruto con m\u00faltiples usos industriales lo que ha favorecido su posicionamiento en mercados extranjeros. Es un producto que se cultiva mayoritariamente en la provincia de Osorno, y es exportado principalmente a Europa, donde se utiliza en la fabricaci\u00f3n de chocolates, harinas, aceites, aromas, y tambi\u00e9n snack\u201d, explic\u00f3 Francisco Briones, Director Regional del SAG Los Lagos.<\/p>\n<p style=\"font-weight: 400;\">Una de las empresas destacadas en esta \u00e1rea es Nefuen Trading Chile SpA. Su gerente general, Pablo Ureta Edwards, inform\u00f3 que, recientemente la empresa ha incursionado en nuevos mercados. A fines de 2024, enviaron 18.000 kg de la variedad Dorris y 2.000 kg de Yamhill a Australia. A comienzos de 2025, exportaron adem\u00e1s 5.730 kg de avellanas Sacajawea y Mac Donald como partida de prueba a Vietnam, en Asia. Para la temporada 2025, la empresa proyecta procesar m\u00e1s de 2.000 toneladas de avellanas europeas, siendo los principales destinos Alemania, Espa\u00f1a e Italia.<\/p>\n<h3 style=\"font-weight: 400;\"><strong>Huertos<\/strong><\/h3>\n<p style=\"font-weight: 400;\">Los huertos de avellano europeo son un rubro emergente en el sur del pa\u00eds.\u00a0En la regi\u00f3n de Los Lagos, la actividad comenz\u00f3 de manera incipiente el a\u00f1o 2018 y ha crecido significativamente en superficie plantada. Seg\u00fan datos del Catastro Frut\u00edcola, la regi\u00f3n cuenta con 1.412 hect\u00e1reas, distribuidas principalmente en las comunas de Puyehue, San Pablo, Puerto Octay, R\u00edo Negro y Osorno. Tambi\u00e9n existen huertos en la provincia de Llanquihue (comunas de Frutillar y Llanquihue).<\/p>\n<p style=\"font-weight: 400;\">\u201cEl crecimiento en la exportaci\u00f3n de avellana europea responde a una combinaci\u00f3n de factores. Por un lado, hay demanda internacional; y por otro, la regi\u00f3n posee caracter\u00edsticas clim\u00e1ticas y suelos que propician el desarrollo de este rubro\u201d, enfatiz\u00f3 Briones. Asimismo, la autoridad regional valor\u00f3 el compromiso de los productores locales por consolidar este rubro como una alternativa dentro de la agroindustria regional\u201d.<\/p>\n<p style=\"font-weight: 400;\">El SAG cumple un rol clave en el proceso de exportaci\u00f3n, al realizar la inspecci\u00f3n fitosanitaria del producto antes de su despacho, verificando que cumpla con los requisitos establecidos por los mercados de destino tales como la ausencia de plagas, embalaje, etiquetado, entre otros.<\/p>\n","protected":false},"excerpt":{"rendered":"<p>Exportaciones de avellana europea crecen con env\u00edos a Europa, Australia y Asia, consolidando un rubro emergente y con alto potencial.<\/p>\n","protected":false},"author":7,"featured_media":26907,"comment_status":"closed","ping_status":"closed","sticky":false,"template":"","format":"standard","meta":{"footnotes":""},"categories":[1945],"tags":[3127,3533,7949,3459,3646,2277,2585],"class_list":["post-26906","post","type-post","status-publish","format-standard","has-post-thumbnail","hentry","category-agricultura","tag-agro","tag-avellana","tag-avellana-europea","tag-avellanas","tag-frutos-secos","tag-sag-los-lagos","tag-servicio-agricola-y-ganadero"],"yoast_head":"<!-- This site is optimized with the Yoast SEO plugin v26.6 - https:\/\/yoast.com\/wordpress\/plugins\/seo\/ -->\n<title>Avellana europea del sur de Chile llega a nuevos mercados internacionales - Mundoagropecuario<\/title>\n<meta name=\"description\" content=\"Exportaciones de avellana europea crecen con env\u00edos a Europa, Australia y Asia, consolidando un rubro emergente y con alto potencial.\" \/>\n<meta name=\"robots\" content=\"index, follow, max-snippet:-1, max-image-preview:large, max-video-preview:-1\" \/>\n<link rel=\"canonical\" href=\"https:\/\/www.mundoagropecuario.cl\/new\/avellana-europea-del-sur-de-chile-llega-a-nuevos-mercados-internacionales\/\" \/>\n<meta property=\"og:locale\" content=\"es_ES\" \/>\n<meta property=\"og:type\" content=\"article\" \/>\n<meta property=\"og:title\" content=\"Avellana europea del sur de Chile llega a nuevos mercados internacionales - Mundoagropecuario\" \/>\n<meta property=\"og:description\" content=\"Exportaciones de avellana europea crecen con env\u00edos a Europa, Australia y Asia, consolidando un rubro emergente y con alto potencial.\" \/>\n<meta property=\"og:url\" content=\"https:\/\/www.mundoagropecuario.cl\/new\/avellana-europea-del-sur-de-chile-llega-a-nuevos-mercados-internacionales\/\" \/>\n<meta property=\"og:site_name\" content=\"Mundoagropecuario\" \/>\n<meta property=\"article:publisher\" content=\"https:\/\/www.facebook.com\/mundo.agropecuario.3\" \/>\n<meta property=\"article:published_time\" content=\"2025-06-02T16:45:59+00:00\" \/>\n<meta property=\"article:modified_time\" content=\"2025-06-16T21:17:41+00:00\" \/>\n<meta property=\"og:image\" content=\"https:\/\/www.mundoagropecuario.cl\/new\/wp-content\/uploads\/2025\/06\/Plantilla-estandar-mundo-acuicola-2025-06-02T124357.927-scaled.jpg\" \/>\n\t<meta property=\"og:image:width\" content=\"720\" \/>\n\t<meta property=\"og:image:height\" content=\"384\" \/>\n\t<meta property=\"og:image:type\" content=\"image\/jpeg\" \/>\n<meta name=\"author\" content=\"mbarrueto\" \/>\n<meta name=\"twitter:card\" content=\"summary_large_image\" \/>\n<meta name=\"twitter:creator\" content=\"@MundoAgropecuar\" \/>\n<meta name=\"twitter:site\" content=\"@MundoAgropecuar\" \/>\n<meta name=\"twitter:label1\" content=\"Escrito por\" \/>\n\t<meta name=\"twitter:data1\" content=\"mbarrueto\" \/>\n\t<meta name=\"twitter:label2\" content=\"Tiempo de lectura\" \/>\n\t<meta name=\"twitter:data2\" content=\"2 minutos\" \/>\n<script type=\"application\/ld+json\" class=\"yoast-schema-graph\">{\"@context\":\"https:\/\/schema.org\",\"@graph\":[{\"@type\":\"Article\",\"@id\":\"https:\/\/www.mundoagropecuario.cl\/new\/avellana-europea-del-sur-de-chile-llega-a-nuevos-mercados-internacionales\/#article\",\"isPartOf\":{\"@id\":\"https:\/\/www.mundoagropecuario.cl\/new\/avellana-europea-del-sur-de-chile-llega-a-nuevos-mercados-internacionales\/\"},\"author\":{\"name\":\"mbarrueto\",\"@id\":\"https:\/\/www.mundoagropecuario.cl\/new\/#\/schema\/person\/c024c52c60fd5efe1264603fb44f4871\"},\"headline\":\"Avellana europea del sur de Chile llega a nuevos mercados internacionales\",\"datePublished\":\"2025-06-02T16:45:59+00:00\",\"dateModified\":\"2025-06-16T21:17:41+00:00\",\"mainEntityOfPage\":{\"@id\":\"https:\/\/www.mundoagropecuario.cl\/new\/avellana-europea-del-sur-de-chile-llega-a-nuevos-mercados-internacionales\/\"},\"wordCount\":419,\"publisher\":{\"@id\":\"https:\/\/www.mundoagropecuario.cl\/new\/#organization\"},\"image\":{\"@id\":\"https:\/\/www.mundoagropecuario.cl\/new\/avellana-europea-del-sur-de-chile-llega-a-nuevos-mercados-internacionales\/#primaryimage\"},\"thumbnailUrl\":\"https:\/\/www.mundoagropecuario.cl\/new\/wp-content\/uploads\/2025\/06\/Plantilla-estandar-mundo-acuicola-2025-06-02T124357.927-scaled.jpg\",\"keywords\":[\"Agro\",\"avellana\",\"avellana europea\",\"avellanas\",\"frutos secos\",\"SAG Los Lagos\",\"Servicio Agr\u00edcola y Ganadero\"],\"articleSection\":[\"Agricultura\"],\"inLanguage\":\"es\"},{\"@type\":\"WebPage\",\"@id\":\"https:\/\/www.mundoagropecuario.cl\/new\/avellana-europea-del-sur-de-chile-llega-a-nuevos-mercados-internacionales\/\",\"url\":\"https:\/\/www.mundoagropecuario.cl\/new\/avellana-europea-del-sur-de-chile-llega-a-nuevos-mercados-internacionales\/\",\"name\":\"Avellana europea del sur de Chile llega a nuevos mercados internacionales - Mundoagropecuario\",\"isPartOf\":{\"@id\":\"https:\/\/www.mundoagropecuario.cl\/new\/#website\"},\"primaryImageOfPage\":{\"@id\":\"https:\/\/www.mundoagropecuario.cl\/new\/avellana-europea-del-sur-de-chile-llega-a-nuevos-mercados-internacionales\/#primaryimage\"},\"image\":{\"@id\":\"https:\/\/www.mundoagropecuario.cl\/new\/avellana-europea-del-sur-de-chile-llega-a-nuevos-mercados-internacionales\/#primaryimage\"},\"thumbnailUrl\":\"https:\/\/www.mundoagropecuario.cl\/new\/wp-content\/uploads\/2025\/06\/Plantilla-estandar-mundo-acuicola-2025-06-02T124357.927-scaled.jpg\",\"datePublished\":\"2025-06-02T16:45:59+00:00\",\"dateModified\":\"2025-06-16T21:17:41+00:00\",\"description\":\"Exportaciones de avellana europea crecen con env\u00edos a Europa, Australia y Asia, consolidando un rubro emergente y con alto potencial.\",\"breadcrumb\":{\"@id\":\"https:\/\/www.mundoagropecuario.cl\/new\/avellana-europea-del-sur-de-chile-llega-a-nuevos-mercados-internacionales\/#breadcrumb\"},\"inLanguage\":\"es\",\"potentialAction\":[{\"@type\":\"ReadAction\",\"target\":[\"https:\/\/www.mundoagropecuario.cl\/new\/avellana-europea-del-sur-de-chile-llega-a-nuevos-mercados-internacionales\/\"]}]},{\"@type\":\"ImageObject\",\"inLanguage\":\"es\",\"@id\":\"https:\/\/www.mundoagropecuario.cl\/new\/avellana-europea-del-sur-de-chile-llega-a-nuevos-mercados-internacionales\/#primaryimage\",\"url\":\"https:\/\/www.mundoagropecuario.cl\/new\/wp-content\/uploads\/2025\/06\/Plantilla-estandar-mundo-acuicola-2025-06-02T124357.927-scaled.jpg\",\"contentUrl\":\"https:\/\/www.mundoagropecuario.cl\/new\/wp-content\/uploads\/2025\/06\/Plantilla-estandar-mundo-acuicola-2025-06-02T124357.927-scaled.jpg\",\"width\":720,\"height\":384},{\"@type\":\"BreadcrumbList\",\"@id\":\"https:\/\/www.mundoagropecuario.cl\/new\/avellana-europea-del-sur-de-chile-llega-a-nuevos-mercados-internacionales\/#breadcrumb\",\"itemListElement\":[{\"@type\":\"ListItem\",\"position\":1,\"name\":\"Portada\",\"item\":\"https:\/\/www.mundoagropecuario.cl\/new\/\"},{\"@type\":\"ListItem\",\"position\":2,\"name\":\"Avellana europea del sur de Chile llega a nuevos mercados internacionales\"}]},{\"@type\":\"WebSite\",\"@id\":\"https:\/\/www.mundoagropecuario.cl\/new\/#website\",\"url\":\"https:\/\/www.mundoagropecuario.cl\/new\/\",\"name\":\"Mundoagropecuario\",\"description\":\"Mundo Agropecuario\",\"publisher\":{\"@id\":\"https:\/\/www.mundoagropecuario.cl\/new\/#organization\"},\"potentialAction\":[{\"@type\":\"SearchAction\",\"target\":{\"@type\":\"EntryPoint\",\"urlTemplate\":\"https:\/\/www.mundoagropecuario.cl\/new\/?s={search_term_string}\"},\"query-input\":{\"@type\":\"PropertyValueSpecification\",\"valueRequired\":true,\"valueName\":\"search_term_string\"}}],\"inLanguage\":\"es\"},{\"@type\":\"Organization\",\"@id\":\"https:\/\/www.mundoagropecuario.cl\/new\/#organization\",\"name\":\"Revista de Agricultura\",\"url\":\"https:\/\/www.mundoagropecuario.cl\/new\/\",\"logo\":{\"@type\":\"ImageObject\",\"inLanguage\":\"es\",\"@id\":\"https:\/\/www.mundoagropecuario.cl\/new\/#\/schema\/logo\/image\/\",\"url\":\"https:\/\/www.mundoagropecuario.cl\/new\/wp-content\/uploads\/2020\/11\/PORTAL-1-1.png\",\"contentUrl\":\"https:\/\/www.mundoagropecuario.cl\/new\/wp-content\/uploads\/2020\/11\/PORTAL-1-1.png\",\"width\":1026,\"height\":100,\"caption\":\"Revista de Agricultura\"},\"image\":{\"@id\":\"https:\/\/www.mundoagropecuario.cl\/new\/#\/schema\/logo\/image\/\"},\"sameAs\":[\"https:\/\/www.facebook.com\/mundo.agropecuario.3\",\"https:\/\/x.com\/MundoAgropecuar\",\"https:\/\/www.linkedin.com\/in\/mundo-agropecuario-934009201\/\"]},{\"@type\":\"Person\",\"@id\":\"https:\/\/www.mundoagropecuario.cl\/new\/#\/schema\/person\/c024c52c60fd5efe1264603fb44f4871\",\"name\":\"mbarrueto\",\"url\":\"https:\/\/www.mundoagropecuario.cl\/new\/author\/mbarrueto\/\"}]}<\/script>\n<!-- \/ Yoast SEO plugin. -->","yoast_head_json":{"title":"Avellana europea del sur de Chile llega a nuevos mercados internacionales - Mundoagropecuario","description":"Exportaciones de avellana europea crecen con env\u00edos a Europa, Australia y Asia, consolidando un rubro emergente y con alto potencial.","robots":{"index":"index","follow":"follow","max-snippet":"max-snippet:-1","max-image-preview":"max-image-preview:large","max-video-preview":"max-video-preview:-1"},"canonical":"https:\/\/www.mundoagropecuario.cl\/new\/avellana-europea-del-sur-de-chile-llega-a-nuevos-mercados-internacionales\/","og_locale":"es_ES","og_type":"article","og_title":"Avellana europea del sur de Chile llega a nuevos mercados internacionales - Mundoagropecuario","og_description":"Exportaciones de avellana europea crecen con env\u00edos a Europa, Australia y Asia, consolidando un rubro emergente y con alto potencial.","og_url":"https:\/\/www.mundoagropecuario.cl\/new\/avellana-europea-del-sur-de-chile-llega-a-nuevos-mercados-internacionales\/","og_site_name":"Mundoagropecuario","article_publisher":"https:\/\/www.facebook.com\/mundo.agropecuario.3","article_published_time":"2025-06-02T16:45:59+00:00","article_modified_time":"2025-06-16T21:17:41+00:00","og_image":[{"width":720,"height":384,"url":"https:\/\/www.mundoagropecuario.cl\/new\/wp-content\/uploads\/2025\/06\/Plantilla-estandar-mundo-acuicola-2025-06-02T124357.927-scaled.jpg","type":"image\/jpeg"}],"author":"mbarrueto","twitter_card":"summary_large_image","twitter_creator":"@MundoAgropecuar","twitter_site":"@MundoAgropecuar","twitter_misc":{"Escrito por":"mbarrueto","Tiempo de lectura":"2 minutos"},"schema":{"@context":"https:\/\/schema.org","@graph":[{"@type":"Article","@id":"https:\/\/www.mundoagropecuario.cl\/new\/avellana-europea-del-sur-de-chile-llega-a-nuevos-mercados-internacionales\/#article","isPartOf":{"@id":"https:\/\/www.mundoagropecuario.cl\/new\/avellana-europea-del-sur-de-chile-llega-a-nuevos-mercados-internacionales\/"},"author":{"name":"mbarrueto","@id":"https:\/\/www.mundoagropecuario.cl\/new\/#\/schema\/person\/c024c52c60fd5efe1264603fb44f4871"},"headline":"Avellana europea del sur de Chile llega a nuevos mercados internacionales","datePublished":"2025-06-02T16:45:59+00:00","dateModified":"2025-06-16T21:17:41+00:00","mainEntityOfPage":{"@id":"https:\/\/www.mundoagropecuario.cl\/new\/avellana-europea-del-sur-de-chile-llega-a-nuevos-mercados-internacionales\/"},"wordCount":419,"publisher":{"@id":"https:\/\/www.mundoagropecuario.cl\/new\/#organization"},"image":{"@id":"https:\/\/www.mundoagropecuario.cl\/new\/avellana-europea-del-sur-de-chile-llega-a-nuevos-mercados-internacionales\/#primaryimage"},"thumbnailUrl":"https:\/\/www.mundoagropecuario.cl\/new\/wp-content\/uploads\/2025\/06\/Plantilla-estandar-mundo-acuicola-2025-06-02T124357.927-scaled.jpg","keywords":["Agro","avellana","avellana europea","avellanas","frutos secos","SAG Los Lagos","Servicio Agr\u00edcola y Ganadero"],"articleSection":["Agricultura"],"inLanguage":"es"},{"@type":"WebPage","@id":"https:\/\/www.mundoagropecuario.cl\/new\/avellana-europea-del-sur-de-chile-llega-a-nuevos-mercados-internacionales\/","url":"https:\/\/www.mundoagropecuario.cl\/new\/avellana-europea-del-sur-de-chile-llega-a-nuevos-mercados-internacionales\/","name":"Avellana europea del sur de Chile llega a nuevos mercados internacionales - Mundoagropecuario","isPartOf":{"@id":"https:\/\/www.mundoagropecuario.cl\/new\/#website"},"primaryImageOfPage":{"@id":"https:\/\/www.mundoagropecuario.cl\/new\/avellana-europea-del-sur-de-chile-llega-a-nuevos-mercados-internacionales\/#primaryimage"},"image":{"@id":"https:\/\/www.mundoagropecuario.cl\/new\/avellana-europea-del-sur-de-chile-llega-a-nuevos-mercados-internacionales\/#primaryimage"},"thumbnailUrl":"https:\/\/www.mundoagropecuario.cl\/new\/wp-content\/uploads\/2025\/06\/Plantilla-estandar-mundo-acuicola-2025-06-02T124357.927-scaled.jpg","datePublished":"2025-06-02T16:45:59+00:00","dateModified":"2025-06-16T21:17:41+00:00","description":"Exportaciones de avellana europea crecen con env\u00edos a Europa, Australia y Asia, consolidando un rubro emergente y con alto potencial.","breadcrumb":{"@id":"https:\/\/www.mundoagropecuario.cl\/new\/avellana-europea-del-sur-de-chile-llega-a-nuevos-mercados-internacionales\/#breadcrumb"},"inLanguage":"es","potentialAction":[{"@type":"ReadAction","target":["https:\/\/www.mundoagropecuario.cl\/new\/avellana-europea-del-sur-de-chile-llega-a-nuevos-mercados-internacionales\/"]}]},{"@type":"ImageObject","inLanguage":"es","@id":"https:\/\/www.mundoagropecuario.cl\/new\/avellana-europea-del-sur-de-chile-llega-a-nuevos-mercados-internacionales\/#primaryimage","url":"https:\/\/www.mundoagropecuario.cl\/new\/wp-content\/uploads\/2025\/06\/Plantilla-estandar-mundo-acuicola-2025-06-02T124357.927-scaled.jpg","contentUrl":"https:\/\/www.mundoagropecuario.cl\/new\/wp-content\/uploads\/2025\/06\/Plantilla-estandar-mundo-acuicola-2025-06-02T124357.927-scaled.jpg","width":720,"height":384},{"@type":"BreadcrumbList","@id":"https:\/\/www.mundoagropecuario.cl\/new\/avellana-europea-del-sur-de-chile-llega-a-nuevos-mercados-internacionales\/#breadcrumb","itemListElement":[{"@type":"ListItem","position":1,"name":"Portada","item":"https:\/\/www.mundoagropecuario.cl\/new\/"},{"@type":"ListItem","position":2,"name":"Avellana europea del sur de Chile llega a nuevos mercados internacionales"}]},{"@type":"WebSite","@id":"https:\/\/www.mundoagropecuario.cl\/new\/#website","url":"https:\/\/www.mundoagropecuario.cl\/new\/","name":"Mundoagropecuario","description":"Mundo Agropecuario","publisher":{"@id":"https:\/\/www.mundoagropecuario.cl\/new\/#organization"},"potentialAction":[{"@type":"SearchAction","target":{"@type":"EntryPoint","urlTemplate":"https:\/\/www.mundoagropecuario.cl\/new\/?s={search_term_string}"},"query-input":{"@type":"PropertyValueSpecification","valueRequired":true,"valueName":"search_term_string"}}],"inLanguage":"es"},{"@type":"Organization","@id":"https:\/\/www.mundoagropecuario.cl\/new\/#organization","name":"Revista de Agricultura","url":"https:\/\/www.mundoagropecuario.cl\/new\/","logo":{"@type":"ImageObject","inLanguage":"es","@id":"https:\/\/www.mundoagropecuario.cl\/new\/#\/schema\/logo\/image\/","url":"https:\/\/www.mundoagropecuario.cl\/new\/wp-content\/uploads\/2020\/11\/PORTAL-1-1.png","contentUrl":"https:\/\/www.mundoagropecuario.cl\/new\/wp-content\/uploads\/2020\/11\/PORTAL-1-1.png","width":1026,"height":100,"caption":"Revista de Agricultura"},"image":{"@id":"https:\/\/www.mundoagropecuario.cl\/new\/#\/schema\/logo\/image\/"},"sameAs":["https:\/\/www.facebook.com\/mundo.agropecuario.3","https:\/\/x.com\/MundoAgropecuar","https:\/\/www.linkedin.com\/in\/mundo-agropecuario-934009201\/"]},{"@type":"Person","@id":"https:\/\/www.mundoagropecuario.cl\/new\/#\/schema\/person\/c024c52c60fd5efe1264603fb44f4871","name":"mbarrueto","url":"https:\/\/www.mundoagropecuario.cl\/new\/author\/mbarrueto\/"}]}},"_links":{"self":[{"href":"https:\/\/www.mundoagropecuario.cl\/new\/wp-json\/wp\/v2\/posts\/26906","targetHints":{"allow":["GET"]}}],"collection":[{"href":"https:\/\/www.mundoagropecuario.cl\/new\/wp-json\/wp\/v2\/posts"}],"about":[{"href":"https:\/\/www.mundoagropecuario.cl\/new\/wp-json\/wp\/v2\/types\/post"}],"author":[{"embeddable":true,"href":"https:\/\/www.mundoagropecuario.cl\/new\/wp-json\/wp\/v2\/users\/7"}],"replies":[{"embeddable":true,"href":"https:\/\/www.mundoagropecuario.cl\/new\/wp-json\/wp\/v2\/comments?post=26906"}],"version-history":[{"count":1,"href":"https:\/\/www.mundoagropecuario.cl\/new\/wp-json\/wp\/v2\/posts\/26906\/revisions"}],"predecessor-version":[{"id":26908,"href":"https:\/\/www.mundoagropecuario.cl\/new\/wp-json\/wp\/v2\/posts\/26906\/revisions\/26908"}],"wp:featuredmedia":[{"embeddable":true,"href":"https:\/\/www.mundoagropecuario.cl\/new\/wp-json\/wp\/v2\/media\/26907"}],"wp:attachment":[{"href":"https:\/\/www.mundoagropecuario.cl\/new\/wp-json\/wp\/v2\/media?parent=26906"}],"wp:term":[{"taxonomy":"category","embeddable":true,"href":"https:\/\/www.mundoagropecuario.cl\/new\/wp-json\/wp\/v2\/categories?post=26906"},{"taxonomy":"post_tag","embeddable":true,"href":"https:\/\/www.mundoagropecuario.cl\/new\/wp-json\/wp\/v2\/tags?post=26906"}],"curies":[{"name":"wp","href":"https:\/\/api.w.org\/{rel}","templated":true}]}}