{"id":26903,"date":"2025-06-02T13:35:49","date_gmt":"2025-06-02T16:35:49","guid":{"rendered":"https:\/\/www.mundoagropecuario.cl\/new\/?p=26903"},"modified":"2025-06-13T11:37:50","modified_gmt":"2025-06-13T14:37:50","slug":"sna-critica-falta-de-hoja-de-ruta-en-cuenta-publica-2025","status":"publish","type":"post","link":"https:\/\/www.mundoagropecuario.cl\/new\/sna-critica-falta-de-hoja-de-ruta-en-cuenta-publica-2025\/","title":{"rendered":"SNA critica falta de hoja de ruta en Cuenta P\u00fablica 2025"},"content":{"rendered":"<p data-start=\"178\" data-end=\"424\">La Sociedad Nacional de Agricultura (SNA) reaccion\u00f3 este domingo a la Cuenta P\u00fablica 2025 del Presidente Gabriel Boric, valorando algunas menciones al agro, pero advirtiendo la falta de una agenda estructural que d\u00e9 certezas al sector productivo.<\/p>\n<p data-start=\"426\" data-end=\"838\">El gremio destac\u00f3 como se\u00f1ales positivas el <strong data-start=\"470\" data-end=\"496\">programa Tierras Vivas<\/strong>, el <strong data-start=\"501\" data-end=\"535\">aumento de recursos para riego<\/strong> y el <strong data-start=\"541\" data-end=\"578\">impulso a los mercados campesinos<\/strong>, iniciativas mencionadas por el mandatario en el discurso del s\u00e1bado ante el Congreso Pleno. No obstante, el presidente de la SNA, Antonio Walker, manifest\u00f3 que estos avances no bastan para enfrentar los desaf\u00edos de fondo que atraviesa la agricultura chilena.<\/p>\n<p data-start=\"840\" data-end=\"1106\">\u201c<strong data-start=\"841\" data-end=\"1053\">Valoramos que el Presidente haya incluido referencias al agro (&#8230;). Son avances importantes, pero seguimos echando de menos una hoja de ruta clara para abordar los desaf\u00edos estructurales que enfrenta el pa\u00eds<\/strong>\u201d, afirm\u00f3 Walker a trav\u00e9s de una declaraci\u00f3n p\u00fablica.<\/p>\n<h3 data-start=\"840\" data-end=\"1106\">Panorama nacional<\/h3>\n<p data-start=\"1108\" data-end=\"1401\">Desde la SNA lamentaron que el mensaje del mandatario tuviera \u201cun tono m\u00e1s pol\u00edtico que resolutivo\u201d, en un contexto nacional donde, seg\u00fan indicaron, <strong data-start=\"1257\" data-end=\"1364\">se requieren se\u00f1ales concretas para reactivar la inversi\u00f3n, mejorar el empleo y fortalecer la seguridad<\/strong>, especialmente en las zonas rurales.<\/p>\n<p data-start=\"1403\" data-end=\"1690\">Entre los puntos cr\u00edticos, el gremio reiter\u00f3 la necesidad de <strong data-start=\"1464\" data-end=\"1596\">superar las trabas en permisos, contar con una institucionalidad h\u00eddrica robusta y definir una agenda clara en comercio exterior<\/strong>, materias que no habr\u00edan sido abordadas con suficiente profundidad durante la Cuenta P\u00fablica.<\/p>\n<p data-start=\"1692\" data-end=\"2050\">Finalmente, Walker insisti\u00f3 en que el agro puede ser un actor clave para la recuperaci\u00f3n nacional: \u201c<strong data-start=\"1792\" data-end=\"1896\">El agro es parte de la soluci\u00f3n: aporta a las exportaciones, el crecimiento y el desarrollo regional<\/strong>\u201d. Y cerr\u00f3 su declaraci\u00f3n con un llamado a aprovechar los meses que restan de gobierno para construir acuerdos que entreguen certezas al mundo productivo.<\/p>\n","protected":false},"excerpt":{"rendered":"<p>La gremial valor\u00f3 anuncios para el agro, pero advirti\u00f3 ausencia de medidas estructurales para inversi\u00f3n, empleo y seguridad rural en la Cuenta P\u00fablica 2025.<\/p>\n","protected":false},"author":7,"featured_media":26904,"comment_status":"closed","ping_status":"closed","sticky":false,"template":"","format":"standard","meta":{"footnotes":""},"categories":[1987],"tags":[4124,2090,3127,2075,7119],"class_list":["post-26903","post","type-post","status-publish","format-standard","has-post-thumbnail","hentry","category-instituciones","tag-agricola","tag-agricultura","tag-agro","tag-sna","tag-sociedad-nacional-de-agricultura"],"yoast_head":"<!-- This site is optimized with the Yoast SEO plugin v26.6 - https:\/\/yoast.com\/wordpress\/plugins\/seo\/ -->\n<title>SNA critica falta de hoja de ruta en Cuenta P\u00fablica 2025 - Mundoagropecuario<\/title>\n<meta name=\"description\" content=\"La gremial valor\u00f3 anuncios para el agro, pero advirti\u00f3 ausencia de medidas estructurales para inversi\u00f3n, empleo y seguridad rural.\" \/>\n<meta name=\"robots\" content=\"index, follow, max-snippet:-1, max-image-preview:large, max-video-preview:-1\" \/>\n<link rel=\"canonical\" href=\"https:\/\/www.mundoagropecuario.cl\/new\/sna-critica-falta-de-hoja-de-ruta-en-cuenta-publica-2025\/\" \/>\n<meta property=\"og:locale\" content=\"es_ES\" \/>\n<meta property=\"og:type\" content=\"article\" \/>\n<meta property=\"og:title\" content=\"SNA critica falta de hoja de ruta en Cuenta P\u00fablica 2025 - Mundoagropecuario\" \/>\n<meta property=\"og:description\" content=\"La gremial valor\u00f3 anuncios para el agro, pero advirti\u00f3 ausencia de medidas estructurales para inversi\u00f3n, empleo y seguridad rural.\" \/>\n<meta property=\"og:url\" content=\"https:\/\/www.mundoagropecuario.cl\/new\/sna-critica-falta-de-hoja-de-ruta-en-cuenta-publica-2025\/\" \/>\n<meta property=\"og:site_name\" content=\"Mundoagropecuario\" \/>\n<meta property=\"article:publisher\" content=\"https:\/\/www.facebook.com\/mundo.agropecuario.3\" \/>\n<meta property=\"article:published_time\" content=\"2025-06-02T16:35:49+00:00\" \/>\n<meta property=\"article:modified_time\" content=\"2025-06-13T14:37:50+00:00\" \/>\n<meta property=\"og:image\" content=\"https:\/\/www.mundoagropecuario.cl\/new\/wp-content\/uploads\/2025\/06\/walker-scaled.jpg\" \/>\n\t<meta property=\"og:image:width\" content=\"720\" \/>\n\t<meta property=\"og:image:height\" content=\"384\" \/>\n\t<meta property=\"og:image:type\" content=\"image\/jpeg\" \/>\n<meta name=\"author\" content=\"mbarrueto\" \/>\n<meta name=\"twitter:card\" content=\"summary_large_image\" \/>\n<meta name=\"twitter:creator\" content=\"@MundoAgropecuar\" \/>\n<meta name=\"twitter:site\" content=\"@MundoAgropecuar\" \/>\n<meta name=\"twitter:label1\" content=\"Escrito por\" \/>\n\t<meta name=\"twitter:data1\" content=\"mbarrueto\" \/>\n\t<meta name=\"twitter:label2\" content=\"Tiempo de lectura\" \/>\n\t<meta name=\"twitter:data2\" content=\"2 minutos\" \/>\n<script type=\"application\/ld+json\" class=\"yoast-schema-graph\">{\"@context\":\"https:\/\/schema.org\",\"@graph\":[{\"@type\":\"Article\",\"@id\":\"https:\/\/www.mundoagropecuario.cl\/new\/sna-critica-falta-de-hoja-de-ruta-en-cuenta-publica-2025\/#article\",\"isPartOf\":{\"@id\":\"https:\/\/www.mundoagropecuario.cl\/new\/sna-critica-falta-de-hoja-de-ruta-en-cuenta-publica-2025\/\"},\"author\":{\"name\":\"mbarrueto\",\"@id\":\"https:\/\/www.mundoagropecuario.cl\/new\/#\/schema\/person\/c024c52c60fd5efe1264603fb44f4871\"},\"headline\":\"SNA critica falta de hoja de ruta en Cuenta P\u00fablica 2025\",\"datePublished\":\"2025-06-02T16:35:49+00:00\",\"dateModified\":\"2025-06-13T14:37:50+00:00\",\"mainEntityOfPage\":{\"@id\":\"https:\/\/www.mundoagropecuario.cl\/new\/sna-critica-falta-de-hoja-de-ruta-en-cuenta-publica-2025\/\"},\"wordCount\":314,\"publisher\":{\"@id\":\"https:\/\/www.mundoagropecuario.cl\/new\/#organization\"},\"image\":{\"@id\":\"https:\/\/www.mundoagropecuario.cl\/new\/sna-critica-falta-de-hoja-de-ruta-en-cuenta-publica-2025\/#primaryimage\"},\"thumbnailUrl\":\"https:\/\/www.mundoagropecuario.cl\/new\/wp-content\/uploads\/2025\/06\/walker-scaled.jpg\",\"keywords\":[\"agricola\",\"Agricultura\",\"Agro\",\"SNA\",\"Sociedad Nacional de Agricultura\"],\"articleSection\":[\"Instituciones\"],\"inLanguage\":\"es\"},{\"@type\":\"WebPage\",\"@id\":\"https:\/\/www.mundoagropecuario.cl\/new\/sna-critica-falta-de-hoja-de-ruta-en-cuenta-publica-2025\/\",\"url\":\"https:\/\/www.mundoagropecuario.cl\/new\/sna-critica-falta-de-hoja-de-ruta-en-cuenta-publica-2025\/\",\"name\":\"SNA critica falta de hoja de ruta en Cuenta P\u00fablica 2025 - Mundoagropecuario\",\"isPartOf\":{\"@id\":\"https:\/\/www.mundoagropecuario.cl\/new\/#website\"},\"primaryImageOfPage\":{\"@id\":\"https:\/\/www.mundoagropecuario.cl\/new\/sna-critica-falta-de-hoja-de-ruta-en-cuenta-publica-2025\/#primaryimage\"},\"image\":{\"@id\":\"https:\/\/www.mundoagropecuario.cl\/new\/sna-critica-falta-de-hoja-de-ruta-en-cuenta-publica-2025\/#primaryimage\"},\"thumbnailUrl\":\"https:\/\/www.mundoagropecuario.cl\/new\/wp-content\/uploads\/2025\/06\/walker-scaled.jpg\",\"datePublished\":\"2025-06-02T16:35:49+00:00\",\"dateModified\":\"2025-06-13T14:37:50+00:00\",\"description\":\"La gremial valor\u00f3 anuncios para el agro, pero advirti\u00f3 ausencia de medidas estructurales para inversi\u00f3n, empleo y seguridad rural.\",\"breadcrumb\":{\"@id\":\"https:\/\/www.mundoagropecuario.cl\/new\/sna-critica-falta-de-hoja-de-ruta-en-cuenta-publica-2025\/#breadcrumb\"},\"inLanguage\":\"es\",\"potentialAction\":[{\"@type\":\"ReadAction\",\"target\":[\"https:\/\/www.mundoagropecuario.cl\/new\/sna-critica-falta-de-hoja-de-ruta-en-cuenta-publica-2025\/\"]}]},{\"@type\":\"ImageObject\",\"inLanguage\":\"es\",\"@id\":\"https:\/\/www.mundoagropecuario.cl\/new\/sna-critica-falta-de-hoja-de-ruta-en-cuenta-publica-2025\/#primaryimage\",\"url\":\"https:\/\/www.mundoagropecuario.cl\/new\/wp-content\/uploads\/2025\/06\/walker-scaled.jpg\",\"contentUrl\":\"https:\/\/www.mundoagropecuario.cl\/new\/wp-content\/uploads\/2025\/06\/walker-scaled.jpg\",\"width\":720,\"height\":384},{\"@type\":\"BreadcrumbList\",\"@id\":\"https:\/\/www.mundoagropecuario.cl\/new\/sna-critica-falta-de-hoja-de-ruta-en-cuenta-publica-2025\/#breadcrumb\",\"itemListElement\":[{\"@type\":\"ListItem\",\"position\":1,\"name\":\"Portada\",\"item\":\"https:\/\/www.mundoagropecuario.cl\/new\/\"},{\"@type\":\"ListItem\",\"position\":2,\"name\":\"SNA critica falta de hoja de ruta en Cuenta P\u00fablica 2025\"}]},{\"@type\":\"WebSite\",\"@id\":\"https:\/\/www.mundoagropecuario.cl\/new\/#website\",\"url\":\"https:\/\/www.mundoagropecuario.cl\/new\/\",\"name\":\"Mundoagropecuario\",\"description\":\"Mundo Agropecuario\",\"publisher\":{\"@id\":\"https:\/\/www.mundoagropecuario.cl\/new\/#organization\"},\"potentialAction\":[{\"@type\":\"SearchAction\",\"target\":{\"@type\":\"EntryPoint\",\"urlTemplate\":\"https:\/\/www.mundoagropecuario.cl\/new\/?s={search_term_string}\"},\"query-input\":{\"@type\":\"PropertyValueSpecification\",\"valueRequired\":true,\"valueName\":\"search_term_string\"}}],\"inLanguage\":\"es\"},{\"@type\":\"Organization\",\"@id\":\"https:\/\/www.mundoagropecuario.cl\/new\/#organization\",\"name\":\"Revista de Agricultura\",\"url\":\"https:\/\/www.mundoagropecuario.cl\/new\/\",\"logo\":{\"@type\":\"ImageObject\",\"inLanguage\":\"es\",\"@id\":\"https:\/\/www.mundoagropecuario.cl\/new\/#\/schema\/logo\/image\/\",\"url\":\"https:\/\/www.mundoagropecuario.cl\/new\/wp-content\/uploads\/2020\/11\/PORTAL-1-1.png\",\"contentUrl\":\"https:\/\/www.mundoagropecuario.cl\/new\/wp-content\/uploads\/2020\/11\/PORTAL-1-1.png\",\"width\":1026,\"height\":100,\"caption\":\"Revista de Agricultura\"},\"image\":{\"@id\":\"https:\/\/www.mundoagropecuario.cl\/new\/#\/schema\/logo\/image\/\"},\"sameAs\":[\"https:\/\/www.facebook.com\/mundo.agropecuario.3\",\"https:\/\/x.com\/MundoAgropecuar\",\"https:\/\/www.linkedin.com\/in\/mundo-agropecuario-934009201\/\"]},{\"@type\":\"Person\",\"@id\":\"https:\/\/www.mundoagropecuario.cl\/new\/#\/schema\/person\/c024c52c60fd5efe1264603fb44f4871\",\"name\":\"mbarrueto\",\"url\":\"https:\/\/www.mundoagropecuario.cl\/new\/author\/mbarrueto\/\"}]}<\/script>\n<!-- \/ Yoast SEO plugin. -->","yoast_head_json":{"title":"SNA critica falta de hoja de ruta en Cuenta P\u00fablica 2025 - Mundoagropecuario","description":"La gremial valor\u00f3 anuncios para el agro, pero advirti\u00f3 ausencia de medidas estructurales para inversi\u00f3n, empleo y seguridad rural.","robots":{"index":"index","follow":"follow","max-snippet":"max-snippet:-1","max-image-preview":"max-image-preview:large","max-video-preview":"max-video-preview:-1"},"canonical":"https:\/\/www.mundoagropecuario.cl\/new\/sna-critica-falta-de-hoja-de-ruta-en-cuenta-publica-2025\/","og_locale":"es_ES","og_type":"article","og_title":"SNA critica falta de hoja de ruta en Cuenta P\u00fablica 2025 - Mundoagropecuario","og_description":"La gremial valor\u00f3 anuncios para el agro, pero advirti\u00f3 ausencia de medidas estructurales para inversi\u00f3n, empleo y seguridad rural.","og_url":"https:\/\/www.mundoagropecuario.cl\/new\/sna-critica-falta-de-hoja-de-ruta-en-cuenta-publica-2025\/","og_site_name":"Mundoagropecuario","article_publisher":"https:\/\/www.facebook.com\/mundo.agropecuario.3","article_published_time":"2025-06-02T16:35:49+00:00","article_modified_time":"2025-06-13T14:37:50+00:00","og_image":[{"width":720,"height":384,"url":"https:\/\/www.mundoagropecuario.cl\/new\/wp-content\/uploads\/2025\/06\/walker-scaled.jpg","type":"image\/jpeg"}],"author":"mbarrueto","twitter_card":"summary_large_image","twitter_creator":"@MundoAgropecuar","twitter_site":"@MundoAgropecuar","twitter_misc":{"Escrito por":"mbarrueto","Tiempo de lectura":"2 minutos"},"schema":{"@context":"https:\/\/schema.org","@graph":[{"@type":"Article","@id":"https:\/\/www.mundoagropecuario.cl\/new\/sna-critica-falta-de-hoja-de-ruta-en-cuenta-publica-2025\/#article","isPartOf":{"@id":"https:\/\/www.mundoagropecuario.cl\/new\/sna-critica-falta-de-hoja-de-ruta-en-cuenta-publica-2025\/"},"author":{"name":"mbarrueto","@id":"https:\/\/www.mundoagropecuario.cl\/new\/#\/schema\/person\/c024c52c60fd5efe1264603fb44f4871"},"headline":"SNA critica falta de hoja de ruta en Cuenta P\u00fablica 2025","datePublished":"2025-06-02T16:35:49+00:00","dateModified":"2025-06-13T14:37:50+00:00","mainEntityOfPage":{"@id":"https:\/\/www.mundoagropecuario.cl\/new\/sna-critica-falta-de-hoja-de-ruta-en-cuenta-publica-2025\/"},"wordCount":314,"publisher":{"@id":"https:\/\/www.mundoagropecuario.cl\/new\/#organization"},"image":{"@id":"https:\/\/www.mundoagropecuario.cl\/new\/sna-critica-falta-de-hoja-de-ruta-en-cuenta-publica-2025\/#primaryimage"},"thumbnailUrl":"https:\/\/www.mundoagropecuario.cl\/new\/wp-content\/uploads\/2025\/06\/walker-scaled.jpg","keywords":["agricola","Agricultura","Agro","SNA","Sociedad Nacional de Agricultura"],"articleSection":["Instituciones"],"inLanguage":"es"},{"@type":"WebPage","@id":"https:\/\/www.mundoagropecuario.cl\/new\/sna-critica-falta-de-hoja-de-ruta-en-cuenta-publica-2025\/","url":"https:\/\/www.mundoagropecuario.cl\/new\/sna-critica-falta-de-hoja-de-ruta-en-cuenta-publica-2025\/","name":"SNA critica falta de hoja de ruta en Cuenta P\u00fablica 2025 - Mundoagropecuario","isPartOf":{"@id":"https:\/\/www.mundoagropecuario.cl\/new\/#website"},"primaryImageOfPage":{"@id":"https:\/\/www.mundoagropecuario.cl\/new\/sna-critica-falta-de-hoja-de-ruta-en-cuenta-publica-2025\/#primaryimage"},"image":{"@id":"https:\/\/www.mundoagropecuario.cl\/new\/sna-critica-falta-de-hoja-de-ruta-en-cuenta-publica-2025\/#primaryimage"},"thumbnailUrl":"https:\/\/www.mundoagropecuario.cl\/new\/wp-content\/uploads\/2025\/06\/walker-scaled.jpg","datePublished":"2025-06-02T16:35:49+00:00","dateModified":"2025-06-13T14:37:50+00:00","description":"La gremial valor\u00f3 anuncios para el agro, pero advirti\u00f3 ausencia de medidas estructurales para inversi\u00f3n, empleo y seguridad rural.","breadcrumb":{"@id":"https:\/\/www.mundoagropecuario.cl\/new\/sna-critica-falta-de-hoja-de-ruta-en-cuenta-publica-2025\/#breadcrumb"},"inLanguage":"es","potentialAction":[{"@type":"ReadAction","target":["https:\/\/www.mundoagropecuario.cl\/new\/sna-critica-falta-de-hoja-de-ruta-en-cuenta-publica-2025\/"]}]},{"@type":"ImageObject","inLanguage":"es","@id":"https:\/\/www.mundoagropecuario.cl\/new\/sna-critica-falta-de-hoja-de-ruta-en-cuenta-publica-2025\/#primaryimage","url":"https:\/\/www.mundoagropecuario.cl\/new\/wp-content\/uploads\/2025\/06\/walker-scaled.jpg","contentUrl":"https:\/\/www.mundoagropecuario.cl\/new\/wp-content\/uploads\/2025\/06\/walker-scaled.jpg","width":720,"height":384},{"@type":"BreadcrumbList","@id":"https:\/\/www.mundoagropecuario.cl\/new\/sna-critica-falta-de-hoja-de-ruta-en-cuenta-publica-2025\/#breadcrumb","itemListElement":[{"@type":"ListItem","position":1,"name":"Portada","item":"https:\/\/www.mundoagropecuario.cl\/new\/"},{"@type":"ListItem","position":2,"name":"SNA critica falta de hoja de ruta en Cuenta P\u00fablica 2025"}]},{"@type":"WebSite","@id":"https:\/\/www.mundoagropecuario.cl\/new\/#website","url":"https:\/\/www.mundoagropecuario.cl\/new\/","name":"Mundoagropecuario","description":"Mundo Agropecuario","publisher":{"@id":"https:\/\/www.mundoagropecuario.cl\/new\/#organization"},"potentialAction":[{"@type":"SearchAction","target":{"@type":"EntryPoint","urlTemplate":"https:\/\/www.mundoagropecuario.cl\/new\/?s={search_term_string}"},"query-input":{"@type":"PropertyValueSpecification","valueRequired":true,"valueName":"search_term_string"}}],"inLanguage":"es"},{"@type":"Organization","@id":"https:\/\/www.mundoagropecuario.cl\/new\/#organization","name":"Revista de Agricultura","url":"https:\/\/www.mundoagropecuario.cl\/new\/","logo":{"@type":"ImageObject","inLanguage":"es","@id":"https:\/\/www.mundoagropecuario.cl\/new\/#\/schema\/logo\/image\/","url":"https:\/\/www.mundoagropecuario.cl\/new\/wp-content\/uploads\/2020\/11\/PORTAL-1-1.png","contentUrl":"https:\/\/www.mundoagropecuario.cl\/new\/wp-content\/uploads\/2020\/11\/PORTAL-1-1.png","width":1026,"height":100,"caption":"Revista de Agricultura"},"image":{"@id":"https:\/\/www.mundoagropecuario.cl\/new\/#\/schema\/logo\/image\/"},"sameAs":["https:\/\/www.facebook.com\/mundo.agropecuario.3","https:\/\/x.com\/MundoAgropecuar","https:\/\/www.linkedin.com\/in\/mundo-agropecuario-934009201\/"]},{"@type":"Person","@id":"https:\/\/www.mundoagropecuario.cl\/new\/#\/schema\/person\/c024c52c60fd5efe1264603fb44f4871","name":"mbarrueto","url":"https:\/\/www.mundoagropecuario.cl\/new\/author\/mbarrueto\/"}]}},"_links":{"self":[{"href":"https:\/\/www.mundoagropecuario.cl\/new\/wp-json\/wp\/v2\/posts\/26903","targetHints":{"allow":["GET"]}}],"collection":[{"href":"https:\/\/www.mundoagropecuario.cl\/new\/wp-json\/wp\/v2\/posts"}],"about":[{"href":"https:\/\/www.mundoagropecuario.cl\/new\/wp-json\/wp\/v2\/types\/post"}],"author":[{"embeddable":true,"href":"https:\/\/www.mundoagropecuario.cl\/new\/wp-json\/wp\/v2\/users\/7"}],"replies":[{"embeddable":true,"href":"https:\/\/www.mundoagropecuario.cl\/new\/wp-json\/wp\/v2\/comments?post=26903"}],"version-history":[{"count":1,"href":"https:\/\/www.mundoagropecuario.cl\/new\/wp-json\/wp\/v2\/posts\/26903\/revisions"}],"predecessor-version":[{"id":26905,"href":"https:\/\/www.mundoagropecuario.cl\/new\/wp-json\/wp\/v2\/posts\/26903\/revisions\/26905"}],"wp:featuredmedia":[{"embeddable":true,"href":"https:\/\/www.mundoagropecuario.cl\/new\/wp-json\/wp\/v2\/media\/26904"}],"wp:attachment":[{"href":"https:\/\/www.mundoagropecuario.cl\/new\/wp-json\/wp\/v2\/media?parent=26903"}],"wp:term":[{"taxonomy":"category","embeddable":true,"href":"https:\/\/www.mundoagropecuario.cl\/new\/wp-json\/wp\/v2\/categories?post=26903"},{"taxonomy":"post_tag","embeddable":true,"href":"https:\/\/www.mundoagropecuario.cl\/new\/wp-json\/wp\/v2\/tags?post=26903"}],"curies":[{"name":"wp","href":"https:\/\/api.w.org\/{rel}","templated":true}]}}