{"id":26896,"date":"2025-05-30T10:00:32","date_gmt":"2025-05-30T13:00:32","guid":{"rendered":"https:\/\/www.mundoagropecuario.cl\/new\/?p=26896"},"modified":"2025-06-13T11:18:08","modified_gmt":"2025-06-13T14:18:08","slug":"presentan-avances-en-bioplaguicidas-para-cultivos-de-repollo","status":"publish","type":"post","link":"https:\/\/www.mundoagropecuario.cl\/new\/presentan-avances-en-bioplaguicidas-para-cultivos-de-repollo\/","title":{"rendered":"Presentan avances en bioplaguicidas para cultivos de repollo"},"content":{"rendered":"<p>En INIA La Platina se realiz\u00f3 el seminario de cierre del proyecto \u201cDesarrollo de bioplaguicidas para el control de plagas en cultivos de brassicas\u201d, financiado por el Concurso IDEA 2022 de ANID.<\/p>\n<p>La jornada reuni\u00f3 a agricultores, t\u00e9cnicos, acad\u00e9micos y representantes de empresas de bioinsumos, quienes participaron en exposiciones t\u00e9cnicas y en una actividad pr\u00e1ctica en terreno. En esta instancia, se mostraron los efectos reales del uso de bioinsumos en cultivos de repollo, como parte de un plan de manejo integrado que combina nutrici\u00f3n de s\u00edntesis, nutrici\u00f3n org\u00e1nica, solubilizadores de nutrientes y controladores biol\u00f3gicos.<\/p>\n<h3>Ponencias<\/h3>\n<p>Las exposiciones del seminario estuvieron a cargo de los investigadores de INIA La Platina:<\/p>\n<ul>\n<li>Nancy Vitta, especialista en entomolog\u00eda, quien present\u00f3 el manejo integrado de plagas (MIP) en brassicas;<\/li>\n<li>Fabiola Altimira, especialista en biotecnolog\u00eda, quien explic\u00f3 los mecanismos de acci\u00f3n de los hongos entomopat\u00f3genos (HEP); y<\/li>\n<li>Eduardo Tapia, l\u00edder del proyecto, quien comparti\u00f3 los principales resultados obtenidos.<\/li>\n<\/ul>\n<p>Resultados del proyecto: avances hacia una agricultura m\u00e1s sustentable<\/p>\n<p>Eduardo Tapia destac\u00f3 que \u201cel proyecto desarrollado en INIA La Platina se centr\u00f3 en dise\u00f1ar estrategias de control biol\u00f3gico para plagas en cultivos de brassicas, integrando el uso de microorganismos ben\u00e9ficos, pr\u00e1cticas nutricionales y manejo cultural. Los ensayos demostrativos mostraron mejoras significativas en la sanidad de las plantas y una reducci\u00f3n en el uso de insumos qu\u00edmicos, avanzando hacia la producci\u00f3n de alimentos m\u00e1s inocuos.\u201d<\/p>\n<p>Adem\u00e1s, agreg\u00f3 que la ejecuci\u00f3n del proyecto involucr\u00f3 a un equipo multidisciplinario de investigadores de INIA y la activa participaci\u00f3n de agricultores colaboradores, quienes implementaron las parcelas demostrativas siguiendo los protocolos del Servicio Agr\u00edcola y Ganadero (SAG).<\/p>\n<p>\u201cDe cara a las pr\u00f3ximas etapas, proyectamos un escalamiento comercial de los productos desarrollados, en conjunto con la empresa Bioinsumos Nativa, lo que permitir\u00e1 disponibilidad de estas tecnolog\u00edas al mercado agr\u00edcola nacional\u201d, anunci\u00f3 Tapia, quien enfatiz\u00f3 en<\/p>\n<p>\u201cQueremos invitar a los agricultores a confiar en estas nuevas herramientas, desarrolladas junto a ellos, que permiten construir una agricultura m\u00e1s resiliente y con respaldo cient\u00edfico.\u201d<\/p>\n<h3>Balance y proyecci\u00f3n: fortaleciendo la seguridad alimentaria<\/h3>\n<p>Durante el seminario, el director de INIA La Platina, Bruno Defilippi, destac\u00f3 la relevancia del proyecto y su proyecci\u00f3n futura. \u201cTrabajos como este no solo contribuyen al control de plagas como el pulg\u00f3n en cultivos de gran importancia nutricional, como las brassicas, sino que tambi\u00e9n impactan directamente en la seguridad alimentaria. Hoy, m\u00e1s que nunca, necesitamos garantizar productos de calidad, en un contexto donde las plagas y enfermedades se ven afectadas por el cambio clim\u00e1tico. Agradecemos a las empresas colaboradoras y a todo el equipo liderado por Eduardo Tapia, quienes han logrado no solo cerrar exitosamente esta etapa, sino tambi\u00e9n proyectar el desarrollo de bioplaguicidas como una l\u00ednea estrat\u00e9gica de INIA. Seguiremos trabajando para que estas soluciones lleguen a m\u00e1s agricultores, a la academia y a las empresas que desarrollan nuevos productos\u201d, indic\u00f3.<\/p>\n","protected":false},"excerpt":{"rendered":"<p>INIA La Platina present\u00f3 avances en control biol\u00f3gico de plagas en brassicas, destacando resultados con bioinsumos y proyecci\u00f3n comercial del proyecto.<\/p>\n","protected":false},"author":7,"featured_media":26897,"comment_status":"closed","ping_status":"closed","sticky":false,"template":"","format":"standard","meta":{"footnotes":""},"categories":[1945],"tags":[4124,2090,3127,9795,2052,2525,2635,5655],"class_list":["post-26896","post","type-post","status-publish","format-standard","has-post-thumbnail","hentry","category-agricultura","tag-agricola","tag-agricultura","tag-agro","tag-brassicas","tag-inia","tag-inia-la-platina","tag-plagas","tag-repollo"],"yoast_head":"<!-- This site is optimized with the Yoast SEO plugin v26.6 - https:\/\/yoast.com\/wordpress\/plugins\/seo\/ -->\n<title>Presentan avances en bioplaguicidas para cultivos de repollo - Mundoagropecuario<\/title>\n<meta name=\"description\" content=\"INIA La Platina present\u00f3 resultados de bioplaguicidas para brassicas, con reducci\u00f3n de qu\u00edmicos y mejoras en sanidad y seguridad alimentaria.\" \/>\n<meta name=\"robots\" content=\"index, follow, max-snippet:-1, max-image-preview:large, max-video-preview:-1\" \/>\n<link rel=\"canonical\" href=\"https:\/\/www.mundoagropecuario.cl\/new\/presentan-avances-en-bioplaguicidas-para-cultivos-de-repollo\/\" \/>\n<meta property=\"og:locale\" content=\"es_ES\" \/>\n<meta property=\"og:type\" content=\"article\" \/>\n<meta property=\"og:title\" content=\"Presentan avances en bioplaguicidas para cultivos de repollo - Mundoagropecuario\" \/>\n<meta property=\"og:description\" content=\"INIA La Platina present\u00f3 resultados de bioplaguicidas para brassicas, con reducci\u00f3n de qu\u00edmicos y mejoras en sanidad y seguridad alimentaria.\" \/>\n<meta property=\"og:url\" content=\"https:\/\/www.mundoagropecuario.cl\/new\/presentan-avances-en-bioplaguicidas-para-cultivos-de-repollo\/\" \/>\n<meta property=\"og:site_name\" content=\"Mundoagropecuario\" \/>\n<meta property=\"article:publisher\" content=\"https:\/\/www.facebook.com\/mundo.agropecuario.3\" \/>\n<meta property=\"article:published_time\" content=\"2025-05-30T13:00:32+00:00\" \/>\n<meta property=\"article:modified_time\" content=\"2025-06-13T14:18:08+00:00\" \/>\n<meta property=\"og:image\" content=\"https:\/\/www.mundoagropecuario.cl\/new\/wp-content\/uploads\/2025\/05\/Plantilla-estandar-mundo-acuicola-2025-05-29T153418.504-scaled.jpg\" \/>\n\t<meta property=\"og:image:width\" content=\"720\" \/>\n\t<meta property=\"og:image:height\" content=\"384\" \/>\n\t<meta property=\"og:image:type\" content=\"image\/jpeg\" \/>\n<meta name=\"author\" content=\"mbarrueto\" \/>\n<meta name=\"twitter:card\" content=\"summary_large_image\" \/>\n<meta name=\"twitter:creator\" content=\"@MundoAgropecuar\" \/>\n<meta name=\"twitter:site\" content=\"@MundoAgropecuar\" \/>\n<meta name=\"twitter:label1\" content=\"Escrito por\" \/>\n\t<meta name=\"twitter:data1\" content=\"mbarrueto\" \/>\n\t<meta name=\"twitter:label2\" content=\"Tiempo de lectura\" \/>\n\t<meta name=\"twitter:data2\" content=\"3 minutos\" \/>\n<script type=\"application\/ld+json\" class=\"yoast-schema-graph\">{\"@context\":\"https:\/\/schema.org\",\"@graph\":[{\"@type\":\"Article\",\"@id\":\"https:\/\/www.mundoagropecuario.cl\/new\/presentan-avances-en-bioplaguicidas-para-cultivos-de-repollo\/#article\",\"isPartOf\":{\"@id\":\"https:\/\/www.mundoagropecuario.cl\/new\/presentan-avances-en-bioplaguicidas-para-cultivos-de-repollo\/\"},\"author\":{\"name\":\"mbarrueto\",\"@id\":\"https:\/\/www.mundoagropecuario.cl\/new\/#\/schema\/person\/c024c52c60fd5efe1264603fb44f4871\"},\"headline\":\"Presentan avances en bioplaguicidas para cultivos de repollo\",\"datePublished\":\"2025-05-30T13:00:32+00:00\",\"dateModified\":\"2025-06-13T14:18:08+00:00\",\"mainEntityOfPage\":{\"@id\":\"https:\/\/www.mundoagropecuario.cl\/new\/presentan-avances-en-bioplaguicidas-para-cultivos-de-repollo\/\"},\"wordCount\":515,\"publisher\":{\"@id\":\"https:\/\/www.mundoagropecuario.cl\/new\/#organization\"},\"image\":{\"@id\":\"https:\/\/www.mundoagropecuario.cl\/new\/presentan-avances-en-bioplaguicidas-para-cultivos-de-repollo\/#primaryimage\"},\"thumbnailUrl\":\"https:\/\/www.mundoagropecuario.cl\/new\/wp-content\/uploads\/2025\/05\/Plantilla-estandar-mundo-acuicola-2025-05-29T153418.504-scaled.jpg\",\"keywords\":[\"agricola\",\"Agricultura\",\"Agro\",\"brassicas\",\"INIA\",\"INIA La Platina\",\"plagas\",\"repollo\"],\"articleSection\":[\"Agricultura\"],\"inLanguage\":\"es\"},{\"@type\":\"WebPage\",\"@id\":\"https:\/\/www.mundoagropecuario.cl\/new\/presentan-avances-en-bioplaguicidas-para-cultivos-de-repollo\/\",\"url\":\"https:\/\/www.mundoagropecuario.cl\/new\/presentan-avances-en-bioplaguicidas-para-cultivos-de-repollo\/\",\"name\":\"Presentan avances en bioplaguicidas para cultivos de repollo - Mundoagropecuario\",\"isPartOf\":{\"@id\":\"https:\/\/www.mundoagropecuario.cl\/new\/#website\"},\"primaryImageOfPage\":{\"@id\":\"https:\/\/www.mundoagropecuario.cl\/new\/presentan-avances-en-bioplaguicidas-para-cultivos-de-repollo\/#primaryimage\"},\"image\":{\"@id\":\"https:\/\/www.mundoagropecuario.cl\/new\/presentan-avances-en-bioplaguicidas-para-cultivos-de-repollo\/#primaryimage\"},\"thumbnailUrl\":\"https:\/\/www.mundoagropecuario.cl\/new\/wp-content\/uploads\/2025\/05\/Plantilla-estandar-mundo-acuicola-2025-05-29T153418.504-scaled.jpg\",\"datePublished\":\"2025-05-30T13:00:32+00:00\",\"dateModified\":\"2025-06-13T14:18:08+00:00\",\"description\":\"INIA La Platina present\u00f3 resultados de bioplaguicidas para brassicas, con reducci\u00f3n de qu\u00edmicos y mejoras en sanidad y seguridad alimentaria.\",\"breadcrumb\":{\"@id\":\"https:\/\/www.mundoagropecuario.cl\/new\/presentan-avances-en-bioplaguicidas-para-cultivos-de-repollo\/#breadcrumb\"},\"inLanguage\":\"es\",\"potentialAction\":[{\"@type\":\"ReadAction\",\"target\":[\"https:\/\/www.mundoagropecuario.cl\/new\/presentan-avances-en-bioplaguicidas-para-cultivos-de-repollo\/\"]}]},{\"@type\":\"ImageObject\",\"inLanguage\":\"es\",\"@id\":\"https:\/\/www.mundoagropecuario.cl\/new\/presentan-avances-en-bioplaguicidas-para-cultivos-de-repollo\/#primaryimage\",\"url\":\"https:\/\/www.mundoagropecuario.cl\/new\/wp-content\/uploads\/2025\/05\/Plantilla-estandar-mundo-acuicola-2025-05-29T153418.504-scaled.jpg\",\"contentUrl\":\"https:\/\/www.mundoagropecuario.cl\/new\/wp-content\/uploads\/2025\/05\/Plantilla-estandar-mundo-acuicola-2025-05-29T153418.504-scaled.jpg\",\"width\":720,\"height\":384},{\"@type\":\"BreadcrumbList\",\"@id\":\"https:\/\/www.mundoagropecuario.cl\/new\/presentan-avances-en-bioplaguicidas-para-cultivos-de-repollo\/#breadcrumb\",\"itemListElement\":[{\"@type\":\"ListItem\",\"position\":1,\"name\":\"Portada\",\"item\":\"https:\/\/www.mundoagropecuario.cl\/new\/\"},{\"@type\":\"ListItem\",\"position\":2,\"name\":\"Presentan avances en bioplaguicidas para cultivos de repollo\"}]},{\"@type\":\"WebSite\",\"@id\":\"https:\/\/www.mundoagropecuario.cl\/new\/#website\",\"url\":\"https:\/\/www.mundoagropecuario.cl\/new\/\",\"name\":\"Mundoagropecuario\",\"description\":\"Mundo Agropecuario\",\"publisher\":{\"@id\":\"https:\/\/www.mundoagropecuario.cl\/new\/#organization\"},\"potentialAction\":[{\"@type\":\"SearchAction\",\"target\":{\"@type\":\"EntryPoint\",\"urlTemplate\":\"https:\/\/www.mundoagropecuario.cl\/new\/?s={search_term_string}\"},\"query-input\":{\"@type\":\"PropertyValueSpecification\",\"valueRequired\":true,\"valueName\":\"search_term_string\"}}],\"inLanguage\":\"es\"},{\"@type\":\"Organization\",\"@id\":\"https:\/\/www.mundoagropecuario.cl\/new\/#organization\",\"name\":\"Revista de Agricultura\",\"url\":\"https:\/\/www.mundoagropecuario.cl\/new\/\",\"logo\":{\"@type\":\"ImageObject\",\"inLanguage\":\"es\",\"@id\":\"https:\/\/www.mundoagropecuario.cl\/new\/#\/schema\/logo\/image\/\",\"url\":\"https:\/\/www.mundoagropecuario.cl\/new\/wp-content\/uploads\/2020\/11\/PORTAL-1-1.png\",\"contentUrl\":\"https:\/\/www.mundoagropecuario.cl\/new\/wp-content\/uploads\/2020\/11\/PORTAL-1-1.png\",\"width\":1026,\"height\":100,\"caption\":\"Revista de Agricultura\"},\"image\":{\"@id\":\"https:\/\/www.mundoagropecuario.cl\/new\/#\/schema\/logo\/image\/\"},\"sameAs\":[\"https:\/\/www.facebook.com\/mundo.agropecuario.3\",\"https:\/\/x.com\/MundoAgropecuar\",\"https:\/\/www.linkedin.com\/in\/mundo-agropecuario-934009201\/\"]},{\"@type\":\"Person\",\"@id\":\"https:\/\/www.mundoagropecuario.cl\/new\/#\/schema\/person\/c024c52c60fd5efe1264603fb44f4871\",\"name\":\"mbarrueto\",\"url\":\"https:\/\/www.mundoagropecuario.cl\/new\/author\/mbarrueto\/\"}]}<\/script>\n<!-- \/ Yoast SEO plugin. -->","yoast_head_json":{"title":"Presentan avances en bioplaguicidas para cultivos de repollo - Mundoagropecuario","description":"INIA La Platina present\u00f3 resultados de bioplaguicidas para brassicas, con reducci\u00f3n de qu\u00edmicos y mejoras en sanidad y seguridad alimentaria.","robots":{"index":"index","follow":"follow","max-snippet":"max-snippet:-1","max-image-preview":"max-image-preview:large","max-video-preview":"max-video-preview:-1"},"canonical":"https:\/\/www.mundoagropecuario.cl\/new\/presentan-avances-en-bioplaguicidas-para-cultivos-de-repollo\/","og_locale":"es_ES","og_type":"article","og_title":"Presentan avances en bioplaguicidas para cultivos de repollo - Mundoagropecuario","og_description":"INIA La Platina present\u00f3 resultados de bioplaguicidas para brassicas, con reducci\u00f3n de qu\u00edmicos y mejoras en sanidad y seguridad alimentaria.","og_url":"https:\/\/www.mundoagropecuario.cl\/new\/presentan-avances-en-bioplaguicidas-para-cultivos-de-repollo\/","og_site_name":"Mundoagropecuario","article_publisher":"https:\/\/www.facebook.com\/mundo.agropecuario.3","article_published_time":"2025-05-30T13:00:32+00:00","article_modified_time":"2025-06-13T14:18:08+00:00","og_image":[{"width":720,"height":384,"url":"https:\/\/www.mundoagropecuario.cl\/new\/wp-content\/uploads\/2025\/05\/Plantilla-estandar-mundo-acuicola-2025-05-29T153418.504-scaled.jpg","type":"image\/jpeg"}],"author":"mbarrueto","twitter_card":"summary_large_image","twitter_creator":"@MundoAgropecuar","twitter_site":"@MundoAgropecuar","twitter_misc":{"Escrito por":"mbarrueto","Tiempo de lectura":"3 minutos"},"schema":{"@context":"https:\/\/schema.org","@graph":[{"@type":"Article","@id":"https:\/\/www.mundoagropecuario.cl\/new\/presentan-avances-en-bioplaguicidas-para-cultivos-de-repollo\/#article","isPartOf":{"@id":"https:\/\/www.mundoagropecuario.cl\/new\/presentan-avances-en-bioplaguicidas-para-cultivos-de-repollo\/"},"author":{"name":"mbarrueto","@id":"https:\/\/www.mundoagropecuario.cl\/new\/#\/schema\/person\/c024c52c60fd5efe1264603fb44f4871"},"headline":"Presentan avances en bioplaguicidas para cultivos de repollo","datePublished":"2025-05-30T13:00:32+00:00","dateModified":"2025-06-13T14:18:08+00:00","mainEntityOfPage":{"@id":"https:\/\/www.mundoagropecuario.cl\/new\/presentan-avances-en-bioplaguicidas-para-cultivos-de-repollo\/"},"wordCount":515,"publisher":{"@id":"https:\/\/www.mundoagropecuario.cl\/new\/#organization"},"image":{"@id":"https:\/\/www.mundoagropecuario.cl\/new\/presentan-avances-en-bioplaguicidas-para-cultivos-de-repollo\/#primaryimage"},"thumbnailUrl":"https:\/\/www.mundoagropecuario.cl\/new\/wp-content\/uploads\/2025\/05\/Plantilla-estandar-mundo-acuicola-2025-05-29T153418.504-scaled.jpg","keywords":["agricola","Agricultura","Agro","brassicas","INIA","INIA La Platina","plagas","repollo"],"articleSection":["Agricultura"],"inLanguage":"es"},{"@type":"WebPage","@id":"https:\/\/www.mundoagropecuario.cl\/new\/presentan-avances-en-bioplaguicidas-para-cultivos-de-repollo\/","url":"https:\/\/www.mundoagropecuario.cl\/new\/presentan-avances-en-bioplaguicidas-para-cultivos-de-repollo\/","name":"Presentan avances en bioplaguicidas para cultivos de repollo - Mundoagropecuario","isPartOf":{"@id":"https:\/\/www.mundoagropecuario.cl\/new\/#website"},"primaryImageOfPage":{"@id":"https:\/\/www.mundoagropecuario.cl\/new\/presentan-avances-en-bioplaguicidas-para-cultivos-de-repollo\/#primaryimage"},"image":{"@id":"https:\/\/www.mundoagropecuario.cl\/new\/presentan-avances-en-bioplaguicidas-para-cultivos-de-repollo\/#primaryimage"},"thumbnailUrl":"https:\/\/www.mundoagropecuario.cl\/new\/wp-content\/uploads\/2025\/05\/Plantilla-estandar-mundo-acuicola-2025-05-29T153418.504-scaled.jpg","datePublished":"2025-05-30T13:00:32+00:00","dateModified":"2025-06-13T14:18:08+00:00","description":"INIA La Platina present\u00f3 resultados de bioplaguicidas para brassicas, con reducci\u00f3n de qu\u00edmicos y mejoras en sanidad y seguridad alimentaria.","breadcrumb":{"@id":"https:\/\/www.mundoagropecuario.cl\/new\/presentan-avances-en-bioplaguicidas-para-cultivos-de-repollo\/#breadcrumb"},"inLanguage":"es","potentialAction":[{"@type":"ReadAction","target":["https:\/\/www.mundoagropecuario.cl\/new\/presentan-avances-en-bioplaguicidas-para-cultivos-de-repollo\/"]}]},{"@type":"ImageObject","inLanguage":"es","@id":"https:\/\/www.mundoagropecuario.cl\/new\/presentan-avances-en-bioplaguicidas-para-cultivos-de-repollo\/#primaryimage","url":"https:\/\/www.mundoagropecuario.cl\/new\/wp-content\/uploads\/2025\/05\/Plantilla-estandar-mundo-acuicola-2025-05-29T153418.504-scaled.jpg","contentUrl":"https:\/\/www.mundoagropecuario.cl\/new\/wp-content\/uploads\/2025\/05\/Plantilla-estandar-mundo-acuicola-2025-05-29T153418.504-scaled.jpg","width":720,"height":384},{"@type":"BreadcrumbList","@id":"https:\/\/www.mundoagropecuario.cl\/new\/presentan-avances-en-bioplaguicidas-para-cultivos-de-repollo\/#breadcrumb","itemListElement":[{"@type":"ListItem","position":1,"name":"Portada","item":"https:\/\/www.mundoagropecuario.cl\/new\/"},{"@type":"ListItem","position":2,"name":"Presentan avances en bioplaguicidas para cultivos de repollo"}]},{"@type":"WebSite","@id":"https:\/\/www.mundoagropecuario.cl\/new\/#website","url":"https:\/\/www.mundoagropecuario.cl\/new\/","name":"Mundoagropecuario","description":"Mundo Agropecuario","publisher":{"@id":"https:\/\/www.mundoagropecuario.cl\/new\/#organization"},"potentialAction":[{"@type":"SearchAction","target":{"@type":"EntryPoint","urlTemplate":"https:\/\/www.mundoagropecuario.cl\/new\/?s={search_term_string}"},"query-input":{"@type":"PropertyValueSpecification","valueRequired":true,"valueName":"search_term_string"}}],"inLanguage":"es"},{"@type":"Organization","@id":"https:\/\/www.mundoagropecuario.cl\/new\/#organization","name":"Revista de Agricultura","url":"https:\/\/www.mundoagropecuario.cl\/new\/","logo":{"@type":"ImageObject","inLanguage":"es","@id":"https:\/\/www.mundoagropecuario.cl\/new\/#\/schema\/logo\/image\/","url":"https:\/\/www.mundoagropecuario.cl\/new\/wp-content\/uploads\/2020\/11\/PORTAL-1-1.png","contentUrl":"https:\/\/www.mundoagropecuario.cl\/new\/wp-content\/uploads\/2020\/11\/PORTAL-1-1.png","width":1026,"height":100,"caption":"Revista de Agricultura"},"image":{"@id":"https:\/\/www.mundoagropecuario.cl\/new\/#\/schema\/logo\/image\/"},"sameAs":["https:\/\/www.facebook.com\/mundo.agropecuario.3","https:\/\/x.com\/MundoAgropecuar","https:\/\/www.linkedin.com\/in\/mundo-agropecuario-934009201\/"]},{"@type":"Person","@id":"https:\/\/www.mundoagropecuario.cl\/new\/#\/schema\/person\/c024c52c60fd5efe1264603fb44f4871","name":"mbarrueto","url":"https:\/\/www.mundoagropecuario.cl\/new\/author\/mbarrueto\/"}]}},"_links":{"self":[{"href":"https:\/\/www.mundoagropecuario.cl\/new\/wp-json\/wp\/v2\/posts\/26896","targetHints":{"allow":["GET"]}}],"collection":[{"href":"https:\/\/www.mundoagropecuario.cl\/new\/wp-json\/wp\/v2\/posts"}],"about":[{"href":"https:\/\/www.mundoagropecuario.cl\/new\/wp-json\/wp\/v2\/types\/post"}],"author":[{"embeddable":true,"href":"https:\/\/www.mundoagropecuario.cl\/new\/wp-json\/wp\/v2\/users\/7"}],"replies":[{"embeddable":true,"href":"https:\/\/www.mundoagropecuario.cl\/new\/wp-json\/wp\/v2\/comments?post=26896"}],"version-history":[{"count":3,"href":"https:\/\/www.mundoagropecuario.cl\/new\/wp-json\/wp\/v2\/posts\/26896\/revisions"}],"predecessor-version":[{"id":26900,"href":"https:\/\/www.mundoagropecuario.cl\/new\/wp-json\/wp\/v2\/posts\/26896\/revisions\/26900"}],"wp:featuredmedia":[{"embeddable":true,"href":"https:\/\/www.mundoagropecuario.cl\/new\/wp-json\/wp\/v2\/media\/26897"}],"wp:attachment":[{"href":"https:\/\/www.mundoagropecuario.cl\/new\/wp-json\/wp\/v2\/media?parent=26896"}],"wp:term":[{"taxonomy":"category","embeddable":true,"href":"https:\/\/www.mundoagropecuario.cl\/new\/wp-json\/wp\/v2\/categories?post=26896"},{"taxonomy":"post_tag","embeddable":true,"href":"https:\/\/www.mundoagropecuario.cl\/new\/wp-json\/wp\/v2\/tags?post=26896"}],"curies":[{"name":"wp","href":"https:\/\/api.w.org\/{rel}","templated":true}]}}