{"id":26871,"date":"2025-05-26T10:00:59","date_gmt":"2025-05-26T13:00:59","guid":{"rendered":"https:\/\/www.mundoagropecuario.cl\/new\/?p=26871"},"modified":"2025-06-02T16:55:52","modified_gmt":"2025-06-02T19:55:52","slug":"invitan-a-jornada-gratuita-y-virtual-tecnologias-para-reducir-los-riesgos-en-el-agro","status":"publish","type":"post","link":"https:\/\/www.mundoagropecuario.cl\/new\/invitan-a-jornada-gratuita-y-virtual-tecnologias-para-reducir-los-riesgos-en-el-agro\/","title":{"rendered":"Invitan a jornada gratuita y virtual \u201cTecnolog\u00edas para reducir los riesgos en el agro\u201d"},"content":{"rendered":"<p>\u201cTecnolog\u00edas para reducir los riesgos en el agro\u201d se titula el pr\u00f3ximo Panorama Agroclim\u00e1tico Estacional; encuentro en l\u00ednea completamente gratuito al cual est\u00e1n invitados el mi\u00e9rcoles 28 de mayo de 10 a 12:30 horas, todos los agricultores, t\u00e9cnicos, investigadores y profesionales del sector silvoagropecuario que est\u00e9n interesados en informarse tanto acerca de la situaci\u00f3n agroclim\u00e1tica en perspectiva como las tecnolog\u00edas para reducir los riesgos en el agro.<\/p>\n<p>Estos encuentros semestrales del Ministerio de Agricultura, a trav\u00e9s de la Unidad de Gesti\u00f3n de Riesgo de Desastres Agr\u00edcolas (UGRA), tienen como prop\u00f3sito analizar la situaci\u00f3n clim\u00e1tica en perspectiva para la temporada y son una instancia para el fortalecimiento de las capacidades de profesionales relacionadas con la gesti\u00f3n de riesgos de desastres y adaptaci\u00f3n a la variabilidad y cambio clim\u00e1tico en la agricultura.<\/p>\n<h3>Temas y expositores<\/h3>\n<p>El encuentro virtual dar\u00e1 inicio con la exposici\u00f3n de la situaci\u00f3n meteorol\u00f3gica en perspectiva por parte del jefe de la Secci\u00f3n de Meteorolog\u00eda Agr\u00edcola de la Direcci\u00f3n Meteorol\u00f3gica de Chile (DMC); Juan Quintana Arenas, para continuar con la situaci\u00f3n hidrol\u00f3gica y proyecci\u00f3n para los pr\u00f3ximos meses, en la voz del profesional de Meteorolog\u00eda y Nieves de la Direcci\u00f3n General de Aguas (DGA); Hernaldo Leyton Bustos.<\/p>\n<p>El segundo bloque tratar\u00e1 los siguientes temas: Sequ\u00eda &#8211; uso eficiente del recurso h\u00eddrico en cultivo de frutales a cargo del especialista de INIA Intihuasi Giovanni Lobos Lobos; cultivo bajo paneles solares a cargo del especialista de INIA Quilamapu Jorge Retamal Salgado; Control de heladas por aspersi\u00f3n en altura, a cargo del especialista INIA La Cruz Jaime Salvo del Pedregal y; AI, Rob\u00f3tica y el tiempo real para el agro a cargo del especialista de la Universidad O\u2019Higgins Rodrigo Verschae Tannenbaum.<\/p>\n<p>El an\u00e1lisis final de los temas tratados en este encuentro ser\u00e1 desarrollado por el profesional en gesti\u00f3n de riesgos de desastres de la Secretar\u00eda Regional Ministerial de Agricultura de la regi\u00f3n de Atacama Claudio Henr\u00edquez S\u00e1nchez.<br \/>\nPara inscribirse y acceder al programa con las tem\u00e1ticas y expositores de la actividad haga clic en el siguiente enlace: https:\/\/forms.gle\/drc1q7g3Pg3tMCWg7<\/p>\n","protected":false},"excerpt":{"rendered":"<p>Se trata del pr\u00f3ximo Panorama Agroclim\u00e1tico Estacional, encuentro que se realizar\u00e1 el mi\u00e9rcoles 28 de mayo de 10 a 12:30 horas.<\/p>\n","protected":false},"author":2,"featured_media":26872,"comment_status":"closed","ping_status":"closed","sticky":false,"template":"","format":"standard","meta":{"footnotes":""},"categories":[1945],"tags":[4124,2090,3127,2328,9197,5604],"class_list":["post-26871","post","type-post","status-publish","format-standard","has-post-thumbnail","hentry","category-agricultura","tag-agricola","tag-agricultura","tag-agro","tag-ministerio-de-agricultura","tag-sector-agropecuario","tag-sector-silvoagropecuario"],"yoast_head":"<!-- This site is optimized with the Yoast SEO plugin v26.6 - https:\/\/yoast.com\/wordpress\/plugins\/seo\/ -->\n<title>Invitan a jornada gratuita y virtual \u201cTecnolog\u00edas para reducir los riesgos en el agro\u201d - Mundoagropecuario<\/title>\n<meta name=\"description\" content=\"Se trata del pr\u00f3ximo Panorama Agroclim\u00e1tico Estacional, encuentro que se realizar\u00e1 el mi\u00e9rcoles 28 de mayo de 10 a 12:30 horas.\" \/>\n<meta name=\"robots\" content=\"index, follow, max-snippet:-1, max-image-preview:large, max-video-preview:-1\" \/>\n<link rel=\"canonical\" href=\"https:\/\/www.mundoagropecuario.cl\/new\/invitan-a-jornada-gratuita-y-virtual-tecnologias-para-reducir-los-riesgos-en-el-agro\/\" \/>\n<meta property=\"og:locale\" content=\"es_ES\" \/>\n<meta property=\"og:type\" content=\"article\" \/>\n<meta property=\"og:title\" content=\"Invitan a jornada gratuita y virtual \u201cTecnolog\u00edas para reducir los riesgos en el agro\u201d - Mundoagropecuario\" \/>\n<meta property=\"og:description\" content=\"Se trata del pr\u00f3ximo Panorama Agroclim\u00e1tico Estacional, encuentro que se realizar\u00e1 el mi\u00e9rcoles 28 de mayo de 10 a 12:30 horas.\" \/>\n<meta property=\"og:url\" content=\"https:\/\/www.mundoagropecuario.cl\/new\/invitan-a-jornada-gratuita-y-virtual-tecnologias-para-reducir-los-riesgos-en-el-agro\/\" \/>\n<meta property=\"og:site_name\" content=\"Mundoagropecuario\" \/>\n<meta property=\"article:publisher\" content=\"https:\/\/www.facebook.com\/mundo.agropecuario.3\" \/>\n<meta property=\"article:published_time\" content=\"2025-05-26T13:00:59+00:00\" \/>\n<meta property=\"article:modified_time\" content=\"2025-06-02T19:55:52+00:00\" \/>\n<meta property=\"og:image\" content=\"https:\/\/www.mundoagropecuario.cl\/new\/wp-content\/uploads\/2025\/05\/Plantilla-estandar-mundo-acuicola-2025-05-23T164329.254-scaled.jpg\" \/>\n\t<meta property=\"og:image:width\" content=\"720\" \/>\n\t<meta property=\"og:image:height\" content=\"384\" \/>\n\t<meta property=\"og:image:type\" content=\"image\/jpeg\" \/>\n<meta name=\"author\" content=\"mundo\" \/>\n<meta name=\"twitter:card\" content=\"summary_large_image\" \/>\n<meta name=\"twitter:creator\" content=\"@MundoAgropecuar\" \/>\n<meta name=\"twitter:site\" content=\"@MundoAgropecuar\" \/>\n<meta name=\"twitter:label1\" content=\"Escrito por\" \/>\n\t<meta name=\"twitter:data1\" content=\"mundo\" \/>\n\t<meta name=\"twitter:label2\" content=\"Tiempo de lectura\" \/>\n\t<meta name=\"twitter:data2\" content=\"2 minutos\" \/>\n<script type=\"application\/ld+json\" class=\"yoast-schema-graph\">{\"@context\":\"https:\/\/schema.org\",\"@graph\":[{\"@type\":\"Article\",\"@id\":\"https:\/\/www.mundoagropecuario.cl\/new\/invitan-a-jornada-gratuita-y-virtual-tecnologias-para-reducir-los-riesgos-en-el-agro\/#article\",\"isPartOf\":{\"@id\":\"https:\/\/www.mundoagropecuario.cl\/new\/invitan-a-jornada-gratuita-y-virtual-tecnologias-para-reducir-los-riesgos-en-el-agro\/\"},\"author\":{\"name\":\"mundo\",\"@id\":\"https:\/\/www.mundoagropecuario.cl\/new\/#\/schema\/person\/4e9f74a82a7dac260eb1c44b7eebeb18\"},\"headline\":\"Invitan a jornada gratuita y virtual \u201cTecnolog\u00edas para reducir los riesgos en el agro\u201d\",\"datePublished\":\"2025-05-26T13:00:59+00:00\",\"dateModified\":\"2025-06-02T19:55:52+00:00\",\"mainEntityOfPage\":{\"@id\":\"https:\/\/www.mundoagropecuario.cl\/new\/invitan-a-jornada-gratuita-y-virtual-tecnologias-para-reducir-los-riesgos-en-el-agro\/\"},\"wordCount\":401,\"publisher\":{\"@id\":\"https:\/\/www.mundoagropecuario.cl\/new\/#organization\"},\"image\":{\"@id\":\"https:\/\/www.mundoagropecuario.cl\/new\/invitan-a-jornada-gratuita-y-virtual-tecnologias-para-reducir-los-riesgos-en-el-agro\/#primaryimage\"},\"thumbnailUrl\":\"https:\/\/www.mundoagropecuario.cl\/new\/wp-content\/uploads\/2025\/05\/Plantilla-estandar-mundo-acuicola-2025-05-23T164329.254-scaled.jpg\",\"keywords\":[\"agricola\",\"Agricultura\",\"Agro\",\"Ministerio de Agricultura\",\"sector agropecuario\",\"Sector Silvoagropecuario\"],\"articleSection\":[\"Agricultura\"],\"inLanguage\":\"es\"},{\"@type\":\"WebPage\",\"@id\":\"https:\/\/www.mundoagropecuario.cl\/new\/invitan-a-jornada-gratuita-y-virtual-tecnologias-para-reducir-los-riesgos-en-el-agro\/\",\"url\":\"https:\/\/www.mundoagropecuario.cl\/new\/invitan-a-jornada-gratuita-y-virtual-tecnologias-para-reducir-los-riesgos-en-el-agro\/\",\"name\":\"Invitan a jornada gratuita y virtual \u201cTecnolog\u00edas para reducir los riesgos en el agro\u201d - Mundoagropecuario\",\"isPartOf\":{\"@id\":\"https:\/\/www.mundoagropecuario.cl\/new\/#website\"},\"primaryImageOfPage\":{\"@id\":\"https:\/\/www.mundoagropecuario.cl\/new\/invitan-a-jornada-gratuita-y-virtual-tecnologias-para-reducir-los-riesgos-en-el-agro\/#primaryimage\"},\"image\":{\"@id\":\"https:\/\/www.mundoagropecuario.cl\/new\/invitan-a-jornada-gratuita-y-virtual-tecnologias-para-reducir-los-riesgos-en-el-agro\/#primaryimage\"},\"thumbnailUrl\":\"https:\/\/www.mundoagropecuario.cl\/new\/wp-content\/uploads\/2025\/05\/Plantilla-estandar-mundo-acuicola-2025-05-23T164329.254-scaled.jpg\",\"datePublished\":\"2025-05-26T13:00:59+00:00\",\"dateModified\":\"2025-06-02T19:55:52+00:00\",\"description\":\"Se trata del pr\u00f3ximo Panorama Agroclim\u00e1tico Estacional, encuentro que se realizar\u00e1 el mi\u00e9rcoles 28 de mayo de 10 a 12:30 horas.\",\"breadcrumb\":{\"@id\":\"https:\/\/www.mundoagropecuario.cl\/new\/invitan-a-jornada-gratuita-y-virtual-tecnologias-para-reducir-los-riesgos-en-el-agro\/#breadcrumb\"},\"inLanguage\":\"es\",\"potentialAction\":[{\"@type\":\"ReadAction\",\"target\":[\"https:\/\/www.mundoagropecuario.cl\/new\/invitan-a-jornada-gratuita-y-virtual-tecnologias-para-reducir-los-riesgos-en-el-agro\/\"]}]},{\"@type\":\"ImageObject\",\"inLanguage\":\"es\",\"@id\":\"https:\/\/www.mundoagropecuario.cl\/new\/invitan-a-jornada-gratuita-y-virtual-tecnologias-para-reducir-los-riesgos-en-el-agro\/#primaryimage\",\"url\":\"https:\/\/www.mundoagropecuario.cl\/new\/wp-content\/uploads\/2025\/05\/Plantilla-estandar-mundo-acuicola-2025-05-23T164329.254-scaled.jpg\",\"contentUrl\":\"https:\/\/www.mundoagropecuario.cl\/new\/wp-content\/uploads\/2025\/05\/Plantilla-estandar-mundo-acuicola-2025-05-23T164329.254-scaled.jpg\",\"width\":720,\"height\":384},{\"@type\":\"BreadcrumbList\",\"@id\":\"https:\/\/www.mundoagropecuario.cl\/new\/invitan-a-jornada-gratuita-y-virtual-tecnologias-para-reducir-los-riesgos-en-el-agro\/#breadcrumb\",\"itemListElement\":[{\"@type\":\"ListItem\",\"position\":1,\"name\":\"Portada\",\"item\":\"https:\/\/www.mundoagropecuario.cl\/new\/\"},{\"@type\":\"ListItem\",\"position\":2,\"name\":\"Invitan a jornada gratuita y virtual \u201cTecnolog\u00edas para reducir los riesgos en el agro\u201d\"}]},{\"@type\":\"WebSite\",\"@id\":\"https:\/\/www.mundoagropecuario.cl\/new\/#website\",\"url\":\"https:\/\/www.mundoagropecuario.cl\/new\/\",\"name\":\"Mundoagropecuario\",\"description\":\"Mundo Agropecuario\",\"publisher\":{\"@id\":\"https:\/\/www.mundoagropecuario.cl\/new\/#organization\"},\"potentialAction\":[{\"@type\":\"SearchAction\",\"target\":{\"@type\":\"EntryPoint\",\"urlTemplate\":\"https:\/\/www.mundoagropecuario.cl\/new\/?s={search_term_string}\"},\"query-input\":{\"@type\":\"PropertyValueSpecification\",\"valueRequired\":true,\"valueName\":\"search_term_string\"}}],\"inLanguage\":\"es\"},{\"@type\":\"Organization\",\"@id\":\"https:\/\/www.mundoagropecuario.cl\/new\/#organization\",\"name\":\"Revista de Agricultura\",\"url\":\"https:\/\/www.mundoagropecuario.cl\/new\/\",\"logo\":{\"@type\":\"ImageObject\",\"inLanguage\":\"es\",\"@id\":\"https:\/\/www.mundoagropecuario.cl\/new\/#\/schema\/logo\/image\/\",\"url\":\"https:\/\/www.mundoagropecuario.cl\/new\/wp-content\/uploads\/2020\/11\/PORTAL-1-1.png\",\"contentUrl\":\"https:\/\/www.mundoagropecuario.cl\/new\/wp-content\/uploads\/2020\/11\/PORTAL-1-1.png\",\"width\":1026,\"height\":100,\"caption\":\"Revista de Agricultura\"},\"image\":{\"@id\":\"https:\/\/www.mundoagropecuario.cl\/new\/#\/schema\/logo\/image\/\"},\"sameAs\":[\"https:\/\/www.facebook.com\/mundo.agropecuario.3\",\"https:\/\/x.com\/MundoAgropecuar\",\"https:\/\/www.linkedin.com\/in\/mundo-agropecuario-934009201\/\"]},{\"@type\":\"Person\",\"@id\":\"https:\/\/www.mundoagropecuario.cl\/new\/#\/schema\/person\/4e9f74a82a7dac260eb1c44b7eebeb18\",\"name\":\"mundo\",\"url\":\"https:\/\/www.mundoagropecuario.cl\/new\/author\/mundo\/\"}]}<\/script>\n<!-- \/ Yoast SEO plugin. -->","yoast_head_json":{"title":"Invitan a jornada gratuita y virtual \u201cTecnolog\u00edas para reducir los riesgos en el agro\u201d - Mundoagropecuario","description":"Se trata del pr\u00f3ximo Panorama Agroclim\u00e1tico Estacional, encuentro que se realizar\u00e1 el mi\u00e9rcoles 28 de mayo de 10 a 12:30 horas.","robots":{"index":"index","follow":"follow","max-snippet":"max-snippet:-1","max-image-preview":"max-image-preview:large","max-video-preview":"max-video-preview:-1"},"canonical":"https:\/\/www.mundoagropecuario.cl\/new\/invitan-a-jornada-gratuita-y-virtual-tecnologias-para-reducir-los-riesgos-en-el-agro\/","og_locale":"es_ES","og_type":"article","og_title":"Invitan a jornada gratuita y virtual \u201cTecnolog\u00edas para reducir los riesgos en el agro\u201d - Mundoagropecuario","og_description":"Se trata del pr\u00f3ximo Panorama Agroclim\u00e1tico Estacional, encuentro que se realizar\u00e1 el mi\u00e9rcoles 28 de mayo de 10 a 12:30 horas.","og_url":"https:\/\/www.mundoagropecuario.cl\/new\/invitan-a-jornada-gratuita-y-virtual-tecnologias-para-reducir-los-riesgos-en-el-agro\/","og_site_name":"Mundoagropecuario","article_publisher":"https:\/\/www.facebook.com\/mundo.agropecuario.3","article_published_time":"2025-05-26T13:00:59+00:00","article_modified_time":"2025-06-02T19:55:52+00:00","og_image":[{"width":720,"height":384,"url":"https:\/\/www.mundoagropecuario.cl\/new\/wp-content\/uploads\/2025\/05\/Plantilla-estandar-mundo-acuicola-2025-05-23T164329.254-scaled.jpg","type":"image\/jpeg"}],"author":"mundo","twitter_card":"summary_large_image","twitter_creator":"@MundoAgropecuar","twitter_site":"@MundoAgropecuar","twitter_misc":{"Escrito por":"mundo","Tiempo de lectura":"2 minutos"},"schema":{"@context":"https:\/\/schema.org","@graph":[{"@type":"Article","@id":"https:\/\/www.mundoagropecuario.cl\/new\/invitan-a-jornada-gratuita-y-virtual-tecnologias-para-reducir-los-riesgos-en-el-agro\/#article","isPartOf":{"@id":"https:\/\/www.mundoagropecuario.cl\/new\/invitan-a-jornada-gratuita-y-virtual-tecnologias-para-reducir-los-riesgos-en-el-agro\/"},"author":{"name":"mundo","@id":"https:\/\/www.mundoagropecuario.cl\/new\/#\/schema\/person\/4e9f74a82a7dac260eb1c44b7eebeb18"},"headline":"Invitan a jornada gratuita y virtual \u201cTecnolog\u00edas para reducir los riesgos en el agro\u201d","datePublished":"2025-05-26T13:00:59+00:00","dateModified":"2025-06-02T19:55:52+00:00","mainEntityOfPage":{"@id":"https:\/\/www.mundoagropecuario.cl\/new\/invitan-a-jornada-gratuita-y-virtual-tecnologias-para-reducir-los-riesgos-en-el-agro\/"},"wordCount":401,"publisher":{"@id":"https:\/\/www.mundoagropecuario.cl\/new\/#organization"},"image":{"@id":"https:\/\/www.mundoagropecuario.cl\/new\/invitan-a-jornada-gratuita-y-virtual-tecnologias-para-reducir-los-riesgos-en-el-agro\/#primaryimage"},"thumbnailUrl":"https:\/\/www.mundoagropecuario.cl\/new\/wp-content\/uploads\/2025\/05\/Plantilla-estandar-mundo-acuicola-2025-05-23T164329.254-scaled.jpg","keywords":["agricola","Agricultura","Agro","Ministerio de Agricultura","sector agropecuario","Sector Silvoagropecuario"],"articleSection":["Agricultura"],"inLanguage":"es"},{"@type":"WebPage","@id":"https:\/\/www.mundoagropecuario.cl\/new\/invitan-a-jornada-gratuita-y-virtual-tecnologias-para-reducir-los-riesgos-en-el-agro\/","url":"https:\/\/www.mundoagropecuario.cl\/new\/invitan-a-jornada-gratuita-y-virtual-tecnologias-para-reducir-los-riesgos-en-el-agro\/","name":"Invitan a jornada gratuita y virtual \u201cTecnolog\u00edas para reducir los riesgos en el agro\u201d - Mundoagropecuario","isPartOf":{"@id":"https:\/\/www.mundoagropecuario.cl\/new\/#website"},"primaryImageOfPage":{"@id":"https:\/\/www.mundoagropecuario.cl\/new\/invitan-a-jornada-gratuita-y-virtual-tecnologias-para-reducir-los-riesgos-en-el-agro\/#primaryimage"},"image":{"@id":"https:\/\/www.mundoagropecuario.cl\/new\/invitan-a-jornada-gratuita-y-virtual-tecnologias-para-reducir-los-riesgos-en-el-agro\/#primaryimage"},"thumbnailUrl":"https:\/\/www.mundoagropecuario.cl\/new\/wp-content\/uploads\/2025\/05\/Plantilla-estandar-mundo-acuicola-2025-05-23T164329.254-scaled.jpg","datePublished":"2025-05-26T13:00:59+00:00","dateModified":"2025-06-02T19:55:52+00:00","description":"Se trata del pr\u00f3ximo Panorama Agroclim\u00e1tico Estacional, encuentro que se realizar\u00e1 el mi\u00e9rcoles 28 de mayo de 10 a 12:30 horas.","breadcrumb":{"@id":"https:\/\/www.mundoagropecuario.cl\/new\/invitan-a-jornada-gratuita-y-virtual-tecnologias-para-reducir-los-riesgos-en-el-agro\/#breadcrumb"},"inLanguage":"es","potentialAction":[{"@type":"ReadAction","target":["https:\/\/www.mundoagropecuario.cl\/new\/invitan-a-jornada-gratuita-y-virtual-tecnologias-para-reducir-los-riesgos-en-el-agro\/"]}]},{"@type":"ImageObject","inLanguage":"es","@id":"https:\/\/www.mundoagropecuario.cl\/new\/invitan-a-jornada-gratuita-y-virtual-tecnologias-para-reducir-los-riesgos-en-el-agro\/#primaryimage","url":"https:\/\/www.mundoagropecuario.cl\/new\/wp-content\/uploads\/2025\/05\/Plantilla-estandar-mundo-acuicola-2025-05-23T164329.254-scaled.jpg","contentUrl":"https:\/\/www.mundoagropecuario.cl\/new\/wp-content\/uploads\/2025\/05\/Plantilla-estandar-mundo-acuicola-2025-05-23T164329.254-scaled.jpg","width":720,"height":384},{"@type":"BreadcrumbList","@id":"https:\/\/www.mundoagropecuario.cl\/new\/invitan-a-jornada-gratuita-y-virtual-tecnologias-para-reducir-los-riesgos-en-el-agro\/#breadcrumb","itemListElement":[{"@type":"ListItem","position":1,"name":"Portada","item":"https:\/\/www.mundoagropecuario.cl\/new\/"},{"@type":"ListItem","position":2,"name":"Invitan a jornada gratuita y virtual \u201cTecnolog\u00edas para reducir los riesgos en el agro\u201d"}]},{"@type":"WebSite","@id":"https:\/\/www.mundoagropecuario.cl\/new\/#website","url":"https:\/\/www.mundoagropecuario.cl\/new\/","name":"Mundoagropecuario","description":"Mundo Agropecuario","publisher":{"@id":"https:\/\/www.mundoagropecuario.cl\/new\/#organization"},"potentialAction":[{"@type":"SearchAction","target":{"@type":"EntryPoint","urlTemplate":"https:\/\/www.mundoagropecuario.cl\/new\/?s={search_term_string}"},"query-input":{"@type":"PropertyValueSpecification","valueRequired":true,"valueName":"search_term_string"}}],"inLanguage":"es"},{"@type":"Organization","@id":"https:\/\/www.mundoagropecuario.cl\/new\/#organization","name":"Revista de Agricultura","url":"https:\/\/www.mundoagropecuario.cl\/new\/","logo":{"@type":"ImageObject","inLanguage":"es","@id":"https:\/\/www.mundoagropecuario.cl\/new\/#\/schema\/logo\/image\/","url":"https:\/\/www.mundoagropecuario.cl\/new\/wp-content\/uploads\/2020\/11\/PORTAL-1-1.png","contentUrl":"https:\/\/www.mundoagropecuario.cl\/new\/wp-content\/uploads\/2020\/11\/PORTAL-1-1.png","width":1026,"height":100,"caption":"Revista de Agricultura"},"image":{"@id":"https:\/\/www.mundoagropecuario.cl\/new\/#\/schema\/logo\/image\/"},"sameAs":["https:\/\/www.facebook.com\/mundo.agropecuario.3","https:\/\/x.com\/MundoAgropecuar","https:\/\/www.linkedin.com\/in\/mundo-agropecuario-934009201\/"]},{"@type":"Person","@id":"https:\/\/www.mundoagropecuario.cl\/new\/#\/schema\/person\/4e9f74a82a7dac260eb1c44b7eebeb18","name":"mundo","url":"https:\/\/www.mundoagropecuario.cl\/new\/author\/mundo\/"}]}},"_links":{"self":[{"href":"https:\/\/www.mundoagropecuario.cl\/new\/wp-json\/wp\/v2\/posts\/26871","targetHints":{"allow":["GET"]}}],"collection":[{"href":"https:\/\/www.mundoagropecuario.cl\/new\/wp-json\/wp\/v2\/posts"}],"about":[{"href":"https:\/\/www.mundoagropecuario.cl\/new\/wp-json\/wp\/v2\/types\/post"}],"author":[{"embeddable":true,"href":"https:\/\/www.mundoagropecuario.cl\/new\/wp-json\/wp\/v2\/users\/2"}],"replies":[{"embeddable":true,"href":"https:\/\/www.mundoagropecuario.cl\/new\/wp-json\/wp\/v2\/comments?post=26871"}],"version-history":[{"count":1,"href":"https:\/\/www.mundoagropecuario.cl\/new\/wp-json\/wp\/v2\/posts\/26871\/revisions"}],"predecessor-version":[{"id":26873,"href":"https:\/\/www.mundoagropecuario.cl\/new\/wp-json\/wp\/v2\/posts\/26871\/revisions\/26873"}],"wp:featuredmedia":[{"embeddable":true,"href":"https:\/\/www.mundoagropecuario.cl\/new\/wp-json\/wp\/v2\/media\/26872"}],"wp:attachment":[{"href":"https:\/\/www.mundoagropecuario.cl\/new\/wp-json\/wp\/v2\/media?parent=26871"}],"wp:term":[{"taxonomy":"category","embeddable":true,"href":"https:\/\/www.mundoagropecuario.cl\/new\/wp-json\/wp\/v2\/categories?post=26871"},{"taxonomy":"post_tag","embeddable":true,"href":"https:\/\/www.mundoagropecuario.cl\/new\/wp-json\/wp\/v2\/tags?post=26871"}],"curies":[{"name":"wp","href":"https:\/\/api.w.org\/{rel}","templated":true}]}}