{"id":26851,"date":"2025-05-22T09:27:48","date_gmt":"2025-05-22T12:27:48","guid":{"rendered":"https:\/\/www.mundoagropecuario.cl\/new\/?p=26851"},"modified":"2025-06-02T16:53:46","modified_gmt":"2025-06-02T19:53:46","slug":"larvas-del-suelo-en-otono-como-prevenir-perdidas-en-frutales-en-nuble","status":"publish","type":"post","link":"https:\/\/www.mundoagropecuario.cl\/new\/larvas-del-suelo-en-otono-como-prevenir-perdidas-en-frutales-en-nuble\/","title":{"rendered":"Larvas del suelo en oto\u00f1o: c\u00f3mo prevenir p\u00e9rdidas en frutales en \u00d1uble"},"content":{"rendered":"<div class=\"jeg_main_content col-md-8\">\n<div class=\"jeg_inner_content\">\n<div class=\"entry-content no-share\">\n<div class=\"content-inner \">\n<p>Con la llegada del oto\u00f1o, los huertos frutales de la regi\u00f3n de \u00d1uble enfrentan una amenaza silenciosa pero de alto impacto: las larvas del suelo. Diversas especies de insectos en estado larval se alimentan de las ra\u00edces de los \u00e1rboles, debilitando su sistema radicular, reduciendo su capacidad de absorber agua y nutrientes, y provocando una ca\u00edda en la producci\u00f3n futura e incluso la muerte de plantas. Frente a esto, especialistas en entomolog\u00eda y manejo agroecol\u00f3gico llamaron a los productores a actuar de manera preventiva.<\/p>\n<p>\u201cEl monitoreo es clave, porque el ataque de larvas a las ra\u00edces de la planta reduce considerablemente su volumen radicular, lo que limita su desarrollo para la pr\u00f3xima temporada y facilita el ingreso de enfermedades del suelo\u201d, explic\u00f3 el investigador INIA Quilamapu y Director del Proyecto de Fruticultura Sostenible y Resiliente al Cambio Clim\u00e1tico en la Regi\u00f3n de \u00d1uble, Dr. Jorge Retamal; iniciativa que en su respectivo Ciclo de Capacitaciones, aborda el monitoreo y mitigaci\u00f3n de da\u00f1os por larvas de suelo en huertos frutales.<\/p>\n<h3>Monitoreo<\/h3>\n<p>Por su parte, el ingeniero agr\u00f3nomo Daniel Ortiz, complement\u00f3 que el monitoreo debe realizarse en oto\u00f1o mediante calicatas o excavaciones de aproximadamente 30\u00d730 cm de superficie y 40 cm de profundidad, en al menos 10 puntos por hect\u00e1rea.<\/p>\n<p>\u201cLo que buscamos es detectar la presencia de larvas y, a partir de eso, identificarlas. No todas son plagas, pero si se confirma que atacan frutales, entonces se debe definir la mejor estrategia de control, idealmente comenzando por alternativas biol\u00f3gicas como los hongos entomopat\u00f3genos\u201d, agreg\u00f3 Ortiz.<\/p>\n<p>La ingeniera agr\u00f3noma, Marta Rodr\u00edguez, subray\u00f3 que esta es una \u00e9poca clave para actuar. \u201cEstamos en oto\u00f1o, un momento en que muchas de estas larvas est\u00e1n activas bajo tierra, aliment\u00e1ndose de las ra\u00edces finas de los \u00e1rboles. Si no se detectan a tiempo, el da\u00f1o se ver\u00e1 reflejado en la temporada siguiente con menor vigor de las plantas, ca\u00edda en la floraci\u00f3n o incluso p\u00e9rdida de ejemplares\u201d, advirti\u00f3.<\/p>\n<p>Rodr\u00edguez se\u00f1al\u00f3 que muchas veces los agricultores cometen el error de aplicar insecticidas sin haber hecho un diagn\u00f3stico, o porque recibieron una recomendaci\u00f3n gen\u00e9rica. \u201cAplicar productos por calendario, sin saber si realmente hay plaga o cu\u00e1ntas larvas hay, es un grave error. Adem\u00e1s de ser un gasto innecesario, puede dejar residuos peligrosos en la fruta o afectar organismos ben\u00e9ficos del suelo\u201d, advirti\u00f3.<\/p>\n<h3>Cabrito: detecci\u00f3n a tiempo, es clave<\/h3>\n<p>El ingeniero agr\u00f3nomo y ex investigador de INIA Quilamapu por m\u00e1s de 30 a\u00f1os, Marcos Gerding, fue enf\u00e1tico en que el primer paso siempre debe ser identificar correctamente la especie. \u201cHay muchas larvas que causan da\u00f1o y otras que no. Algunas incluso ayudan al ecosistema del suelo. Identificar bien, nos permite saber con precisi\u00f3n c\u00f3mo y cu\u00e1ndo intervenir, evitando errores costosos y aplicaciones innecesarias\u201d, explic\u00f3.<\/p>\n<p>El investigador de INIA Quilamapu, Dr. Luis Devotto, coincide que las larvas son el estado m\u00e1s peligroso de los \u201ccabritos\u201d, ya que barrenan las ra\u00edces. \u201cA medida que se alimentan, crean un t\u00fanel en direcci\u00f3n al cuello de la planta, ya que es el lugar predilecto para transformarse en pupa y luego en adulto. Esta forma de alimentarse hace que el umbral tolerable de larvas sea muy bajo (cercano a cero), ya que en muchos casos basta una larva por planta para producir la muerte de \u00e9sta\u201d, explic\u00f3 el experto.<\/p>\n<p>Agreg\u00f3 que \u201clos productores deben abordar a la brevedad, es la detecci\u00f3n temprana de los cabritos en los huertos, ya que las detecciones por sintomatolog\u00edas visuales tradicionales (cambios de color de la planta y\/o brotaci\u00f3n d\u00e9bil) han demostrado ser demasiado tard\u00edas, concluye, Devotto.<\/p>\n<h3>Control Biol\u00f3gico<\/h3>\n<p>Frente al ataque de las larvas, el control biol\u00f3gico aparece como una herramienta efectiva y sostenible. Para la ingeniera agr\u00f3noma, Marta Rodr\u00edguez, existen dos grandes grupos de enemigos naturales que hoy est\u00e1n disponibles en el mercado: los hongos entomopat\u00f3genos, que provocan enfermedades en las larvas; y los nematodos entomopat\u00f3genos, peque\u00f1os organismos que parasitan y eliminan a las larvas da\u00f1inas sin afectar al cultivo. \u201cEstos productos tienen la ventaja de no dejar residuos qu\u00edmicos y de actuar de forma precisa sobre el objetivo, sin da\u00f1ar el ecosistema del suelo\u201d, a\u00f1adi\u00f3.<\/p>\n<p>Por \u00faltimo, el investigador INIA y director del proyecto de Fruticultura Sostenible, Jorge Retamal, subray\u00f3 que \u201cla clave est\u00e1 en la prevenci\u00f3n\u201d. Esto implica no solo el monitoreo y la identificaci\u00f3n, sino tambi\u00e9n conocer los umbrales de da\u00f1o de cada especie para tomar decisiones informadas.<\/p>\n<h4><strong><img decoding=\"async\" class=\"emoji\" role=\"img\" draggable=\"false\" src=\"https:\/\/s.w.org\/images\/core\/emoji\/15.1.0\/svg\/1f4cc.svg\" alt=\"\" data-pin-no-hover=\"true\" \/>\u00a0Recomendaciones para productores:<\/strong><\/h4>\n<ul class=\"wp-block-list\">\n<li>Realizar 10 calicatas por hect\u00e1rea, de 30x30x60 cm, cerca del tronco de las plantas.<\/li>\n<li>Identificar correctamente las larvas encontradas, ya que no todas son da\u00f1inas.<\/li>\n<li>Utilizar control biol\u00f3gico cuando se confirme la presencia de larvas perjudiciales.<\/li>\n<li>Evitar aplicaciones qu\u00edmicas innecesarias o por calendario, ya que pueden generar residuos y ser ineficientes.<\/li>\n<li>Considerar el uso de hongos y nematodos entomopat\u00f3genos como aliados en el control sustentable.<\/li>\n<\/ul>\n<h4><strong><img decoding=\"async\" class=\"emoji\" role=\"img\" draggable=\"false\" src=\"https:\/\/s.w.org\/images\/core\/emoji\/15.1.0\/svg\/1f4cc.svg\" alt=\"\" data-pin-no-hover=\"true\" \/>\u00a0Datos destacados:<\/strong><\/h4>\n<ul class=\"wp-block-list\">\n<li>El monitoreo debe iniciarse en oto\u00f1o, cuando las larvas est\u00e1n activas en el suelo.<\/li>\n<li>Las larvas afectan el sistema radicular, impactando la producci\u00f3n de la temporada siguiente.<\/li>\n<li>El control biol\u00f3gico es eficaz y evita residuos qu\u00edmicos en fruta y suelo.<\/li>\n<li>No todas las larvas son plagas: la identificaci\u00f3n correcta evita intervenciones innecesarias.<\/li>\n<\/ul>\n<\/div>\n<\/div>\n<\/div>\n<\/div>\n<div class=\"jeg_sidebar jeg_sticky_sidebar col-md-4\">\n<div class=\"jegStickyHolder\">\n<div class=\"theiaStickySidebar\"><\/div>\n<\/div>\n<\/div>\n","protected":false},"excerpt":{"rendered":"<p>Especialistas alertan sobre el da\u00f1o de larvas en ra\u00edces de frutales en \u00d1uble y entregan claves para prevenir p\u00e9rdidas con control biol\u00f3gico y monitoreo.<\/p>\n","protected":false},"author":2,"featured_media":26852,"comment_status":"closed","ping_status":"closed","sticky":false,"template":"","format":"standard","meta":{"footnotes":""},"categories":[1945],"tags":[3688,2245,2934,2254,9790,2635],"class_list":["post-26851","post","type-post","status-publish","format-standard","has-post-thumbnail","hentry","category-agricultura","tag-frutales","tag-frutas","tag-fruticola","tag-fruticultura","tag-larvas-del-suelo","tag-plagas"],"yoast_head":"<!-- This site is optimized with the Yoast SEO plugin v26.6 - https:\/\/yoast.com\/wordpress\/plugins\/seo\/ -->\n<title>Larvas del suelo en oto\u00f1o: c\u00f3mo prevenir p\u00e9rdidas en frutales en \u00d1uble - Mundoagropecuario<\/title>\n<meta name=\"description\" content=\"Especialistas alertan sobre el da\u00f1o de larvas en ra\u00edces de frutales en \u00d1uble y entregan claves para prevenir p\u00e9rdidas.\" \/>\n<meta name=\"robots\" content=\"index, follow, max-snippet:-1, max-image-preview:large, max-video-preview:-1\" \/>\n<link rel=\"canonical\" href=\"https:\/\/www.mundoagropecuario.cl\/new\/larvas-del-suelo-en-otono-como-prevenir-perdidas-en-frutales-en-nuble\/\" \/>\n<meta property=\"og:locale\" content=\"es_ES\" \/>\n<meta property=\"og:type\" content=\"article\" \/>\n<meta property=\"og:title\" content=\"Larvas del suelo en oto\u00f1o: c\u00f3mo prevenir p\u00e9rdidas en frutales en \u00d1uble - Mundoagropecuario\" \/>\n<meta property=\"og:description\" content=\"Especialistas alertan sobre el da\u00f1o de larvas en ra\u00edces de frutales en \u00d1uble y entregan claves para prevenir p\u00e9rdidas.\" \/>\n<meta property=\"og:url\" content=\"https:\/\/www.mundoagropecuario.cl\/new\/larvas-del-suelo-en-otono-como-prevenir-perdidas-en-frutales-en-nuble\/\" \/>\n<meta property=\"og:site_name\" content=\"Mundoagropecuario\" \/>\n<meta property=\"article:publisher\" content=\"https:\/\/www.facebook.com\/mundo.agropecuario.3\" \/>\n<meta property=\"article:published_time\" content=\"2025-05-22T12:27:48+00:00\" \/>\n<meta property=\"article:modified_time\" content=\"2025-06-02T19:53:46+00:00\" \/>\n<meta property=\"og:image\" content=\"https:\/\/www.mundoagropecuario.cl\/new\/wp-content\/uploads\/2025\/05\/Plantilla-estandar-mundo-acuicola-2025-05-20T172919.370-scaled.jpg\" \/>\n\t<meta property=\"og:image:width\" content=\"720\" \/>\n\t<meta property=\"og:image:height\" content=\"384\" \/>\n\t<meta property=\"og:image:type\" content=\"image\/jpeg\" \/>\n<meta name=\"author\" content=\"mundo\" \/>\n<meta name=\"twitter:card\" content=\"summary_large_image\" \/>\n<meta name=\"twitter:creator\" content=\"@MundoAgropecuar\" \/>\n<meta name=\"twitter:site\" content=\"@MundoAgropecuar\" \/>\n<meta name=\"twitter:label1\" content=\"Escrito por\" \/>\n\t<meta name=\"twitter:data1\" content=\"mundo\" \/>\n\t<meta name=\"twitter:label2\" content=\"Tiempo de lectura\" \/>\n\t<meta name=\"twitter:data2\" content=\"5 minutos\" \/>\n<script type=\"application\/ld+json\" class=\"yoast-schema-graph\">{\"@context\":\"https:\/\/schema.org\",\"@graph\":[{\"@type\":\"Article\",\"@id\":\"https:\/\/www.mundoagropecuario.cl\/new\/larvas-del-suelo-en-otono-como-prevenir-perdidas-en-frutales-en-nuble\/#article\",\"isPartOf\":{\"@id\":\"https:\/\/www.mundoagropecuario.cl\/new\/larvas-del-suelo-en-otono-como-prevenir-perdidas-en-frutales-en-nuble\/\"},\"author\":{\"name\":\"mundo\",\"@id\":\"https:\/\/www.mundoagropecuario.cl\/new\/#\/schema\/person\/4e9f74a82a7dac260eb1c44b7eebeb18\"},\"headline\":\"Larvas del suelo en oto\u00f1o: c\u00f3mo prevenir p\u00e9rdidas en frutales en \u00d1uble\",\"datePublished\":\"2025-05-22T12:27:48+00:00\",\"dateModified\":\"2025-06-02T19:53:46+00:00\",\"mainEntityOfPage\":{\"@id\":\"https:\/\/www.mundoagropecuario.cl\/new\/larvas-del-suelo-en-otono-como-prevenir-perdidas-en-frutales-en-nuble\/\"},\"wordCount\":938,\"publisher\":{\"@id\":\"https:\/\/www.mundoagropecuario.cl\/new\/#organization\"},\"image\":{\"@id\":\"https:\/\/www.mundoagropecuario.cl\/new\/larvas-del-suelo-en-otono-como-prevenir-perdidas-en-frutales-en-nuble\/#primaryimage\"},\"thumbnailUrl\":\"https:\/\/www.mundoagropecuario.cl\/new\/wp-content\/uploads\/2025\/05\/Plantilla-estandar-mundo-acuicola-2025-05-20T172919.370-scaled.jpg\",\"keywords\":[\"frutales\",\"Frutas\",\"frut\u00edcola\",\"Fruticultura\",\"larvas del suelo\",\"plagas\"],\"articleSection\":[\"Agricultura\"],\"inLanguage\":\"es\"},{\"@type\":\"WebPage\",\"@id\":\"https:\/\/www.mundoagropecuario.cl\/new\/larvas-del-suelo-en-otono-como-prevenir-perdidas-en-frutales-en-nuble\/\",\"url\":\"https:\/\/www.mundoagropecuario.cl\/new\/larvas-del-suelo-en-otono-como-prevenir-perdidas-en-frutales-en-nuble\/\",\"name\":\"Larvas del suelo en oto\u00f1o: c\u00f3mo prevenir p\u00e9rdidas en frutales en \u00d1uble - Mundoagropecuario\",\"isPartOf\":{\"@id\":\"https:\/\/www.mundoagropecuario.cl\/new\/#website\"},\"primaryImageOfPage\":{\"@id\":\"https:\/\/www.mundoagropecuario.cl\/new\/larvas-del-suelo-en-otono-como-prevenir-perdidas-en-frutales-en-nuble\/#primaryimage\"},\"image\":{\"@id\":\"https:\/\/www.mundoagropecuario.cl\/new\/larvas-del-suelo-en-otono-como-prevenir-perdidas-en-frutales-en-nuble\/#primaryimage\"},\"thumbnailUrl\":\"https:\/\/www.mundoagropecuario.cl\/new\/wp-content\/uploads\/2025\/05\/Plantilla-estandar-mundo-acuicola-2025-05-20T172919.370-scaled.jpg\",\"datePublished\":\"2025-05-22T12:27:48+00:00\",\"dateModified\":\"2025-06-02T19:53:46+00:00\",\"description\":\"Especialistas alertan sobre el da\u00f1o de larvas en ra\u00edces de frutales en \u00d1uble y entregan claves para prevenir p\u00e9rdidas.\",\"breadcrumb\":{\"@id\":\"https:\/\/www.mundoagropecuario.cl\/new\/larvas-del-suelo-en-otono-como-prevenir-perdidas-en-frutales-en-nuble\/#breadcrumb\"},\"inLanguage\":\"es\",\"potentialAction\":[{\"@type\":\"ReadAction\",\"target\":[\"https:\/\/www.mundoagropecuario.cl\/new\/larvas-del-suelo-en-otono-como-prevenir-perdidas-en-frutales-en-nuble\/\"]}]},{\"@type\":\"ImageObject\",\"inLanguage\":\"es\",\"@id\":\"https:\/\/www.mundoagropecuario.cl\/new\/larvas-del-suelo-en-otono-como-prevenir-perdidas-en-frutales-en-nuble\/#primaryimage\",\"url\":\"https:\/\/www.mundoagropecuario.cl\/new\/wp-content\/uploads\/2025\/05\/Plantilla-estandar-mundo-acuicola-2025-05-20T172919.370-scaled.jpg\",\"contentUrl\":\"https:\/\/www.mundoagropecuario.cl\/new\/wp-content\/uploads\/2025\/05\/Plantilla-estandar-mundo-acuicola-2025-05-20T172919.370-scaled.jpg\",\"width\":720,\"height\":384},{\"@type\":\"BreadcrumbList\",\"@id\":\"https:\/\/www.mundoagropecuario.cl\/new\/larvas-del-suelo-en-otono-como-prevenir-perdidas-en-frutales-en-nuble\/#breadcrumb\",\"itemListElement\":[{\"@type\":\"ListItem\",\"position\":1,\"name\":\"Portada\",\"item\":\"https:\/\/www.mundoagropecuario.cl\/new\/\"},{\"@type\":\"ListItem\",\"position\":2,\"name\":\"Larvas del suelo en oto\u00f1o: c\u00f3mo prevenir p\u00e9rdidas en frutales en \u00d1uble\"}]},{\"@type\":\"WebSite\",\"@id\":\"https:\/\/www.mundoagropecuario.cl\/new\/#website\",\"url\":\"https:\/\/www.mundoagropecuario.cl\/new\/\",\"name\":\"Mundoagropecuario\",\"description\":\"Mundo Agropecuario\",\"publisher\":{\"@id\":\"https:\/\/www.mundoagropecuario.cl\/new\/#organization\"},\"potentialAction\":[{\"@type\":\"SearchAction\",\"target\":{\"@type\":\"EntryPoint\",\"urlTemplate\":\"https:\/\/www.mundoagropecuario.cl\/new\/?s={search_term_string}\"},\"query-input\":{\"@type\":\"PropertyValueSpecification\",\"valueRequired\":true,\"valueName\":\"search_term_string\"}}],\"inLanguage\":\"es\"},{\"@type\":\"Organization\",\"@id\":\"https:\/\/www.mundoagropecuario.cl\/new\/#organization\",\"name\":\"Revista de Agricultura\",\"url\":\"https:\/\/www.mundoagropecuario.cl\/new\/\",\"logo\":{\"@type\":\"ImageObject\",\"inLanguage\":\"es\",\"@id\":\"https:\/\/www.mundoagropecuario.cl\/new\/#\/schema\/logo\/image\/\",\"url\":\"https:\/\/www.mundoagropecuario.cl\/new\/wp-content\/uploads\/2020\/11\/PORTAL-1-1.png\",\"contentUrl\":\"https:\/\/www.mundoagropecuario.cl\/new\/wp-content\/uploads\/2020\/11\/PORTAL-1-1.png\",\"width\":1026,\"height\":100,\"caption\":\"Revista de Agricultura\"},\"image\":{\"@id\":\"https:\/\/www.mundoagropecuario.cl\/new\/#\/schema\/logo\/image\/\"},\"sameAs\":[\"https:\/\/www.facebook.com\/mundo.agropecuario.3\",\"https:\/\/x.com\/MundoAgropecuar\",\"https:\/\/www.linkedin.com\/in\/mundo-agropecuario-934009201\/\"]},{\"@type\":\"Person\",\"@id\":\"https:\/\/www.mundoagropecuario.cl\/new\/#\/schema\/person\/4e9f74a82a7dac260eb1c44b7eebeb18\",\"name\":\"mundo\",\"url\":\"https:\/\/www.mundoagropecuario.cl\/new\/author\/mundo\/\"}]}<\/script>\n<!-- \/ Yoast SEO plugin. -->","yoast_head_json":{"title":"Larvas del suelo en oto\u00f1o: c\u00f3mo prevenir p\u00e9rdidas en frutales en \u00d1uble - Mundoagropecuario","description":"Especialistas alertan sobre el da\u00f1o de larvas en ra\u00edces de frutales en \u00d1uble y entregan claves para prevenir p\u00e9rdidas.","robots":{"index":"index","follow":"follow","max-snippet":"max-snippet:-1","max-image-preview":"max-image-preview:large","max-video-preview":"max-video-preview:-1"},"canonical":"https:\/\/www.mundoagropecuario.cl\/new\/larvas-del-suelo-en-otono-como-prevenir-perdidas-en-frutales-en-nuble\/","og_locale":"es_ES","og_type":"article","og_title":"Larvas del suelo en oto\u00f1o: c\u00f3mo prevenir p\u00e9rdidas en frutales en \u00d1uble - Mundoagropecuario","og_description":"Especialistas alertan sobre el da\u00f1o de larvas en ra\u00edces de frutales en \u00d1uble y entregan claves para prevenir p\u00e9rdidas.","og_url":"https:\/\/www.mundoagropecuario.cl\/new\/larvas-del-suelo-en-otono-como-prevenir-perdidas-en-frutales-en-nuble\/","og_site_name":"Mundoagropecuario","article_publisher":"https:\/\/www.facebook.com\/mundo.agropecuario.3","article_published_time":"2025-05-22T12:27:48+00:00","article_modified_time":"2025-06-02T19:53:46+00:00","og_image":[{"width":720,"height":384,"url":"https:\/\/www.mundoagropecuario.cl\/new\/wp-content\/uploads\/2025\/05\/Plantilla-estandar-mundo-acuicola-2025-05-20T172919.370-scaled.jpg","type":"image\/jpeg"}],"author":"mundo","twitter_card":"summary_large_image","twitter_creator":"@MundoAgropecuar","twitter_site":"@MundoAgropecuar","twitter_misc":{"Escrito por":"mundo","Tiempo de lectura":"5 minutos"},"schema":{"@context":"https:\/\/schema.org","@graph":[{"@type":"Article","@id":"https:\/\/www.mundoagropecuario.cl\/new\/larvas-del-suelo-en-otono-como-prevenir-perdidas-en-frutales-en-nuble\/#article","isPartOf":{"@id":"https:\/\/www.mundoagropecuario.cl\/new\/larvas-del-suelo-en-otono-como-prevenir-perdidas-en-frutales-en-nuble\/"},"author":{"name":"mundo","@id":"https:\/\/www.mundoagropecuario.cl\/new\/#\/schema\/person\/4e9f74a82a7dac260eb1c44b7eebeb18"},"headline":"Larvas del suelo en oto\u00f1o: c\u00f3mo prevenir p\u00e9rdidas en frutales en \u00d1uble","datePublished":"2025-05-22T12:27:48+00:00","dateModified":"2025-06-02T19:53:46+00:00","mainEntityOfPage":{"@id":"https:\/\/www.mundoagropecuario.cl\/new\/larvas-del-suelo-en-otono-como-prevenir-perdidas-en-frutales-en-nuble\/"},"wordCount":938,"publisher":{"@id":"https:\/\/www.mundoagropecuario.cl\/new\/#organization"},"image":{"@id":"https:\/\/www.mundoagropecuario.cl\/new\/larvas-del-suelo-en-otono-como-prevenir-perdidas-en-frutales-en-nuble\/#primaryimage"},"thumbnailUrl":"https:\/\/www.mundoagropecuario.cl\/new\/wp-content\/uploads\/2025\/05\/Plantilla-estandar-mundo-acuicola-2025-05-20T172919.370-scaled.jpg","keywords":["frutales","Frutas","frut\u00edcola","Fruticultura","larvas del suelo","plagas"],"articleSection":["Agricultura"],"inLanguage":"es"},{"@type":"WebPage","@id":"https:\/\/www.mundoagropecuario.cl\/new\/larvas-del-suelo-en-otono-como-prevenir-perdidas-en-frutales-en-nuble\/","url":"https:\/\/www.mundoagropecuario.cl\/new\/larvas-del-suelo-en-otono-como-prevenir-perdidas-en-frutales-en-nuble\/","name":"Larvas del suelo en oto\u00f1o: c\u00f3mo prevenir p\u00e9rdidas en frutales en \u00d1uble - Mundoagropecuario","isPartOf":{"@id":"https:\/\/www.mundoagropecuario.cl\/new\/#website"},"primaryImageOfPage":{"@id":"https:\/\/www.mundoagropecuario.cl\/new\/larvas-del-suelo-en-otono-como-prevenir-perdidas-en-frutales-en-nuble\/#primaryimage"},"image":{"@id":"https:\/\/www.mundoagropecuario.cl\/new\/larvas-del-suelo-en-otono-como-prevenir-perdidas-en-frutales-en-nuble\/#primaryimage"},"thumbnailUrl":"https:\/\/www.mundoagropecuario.cl\/new\/wp-content\/uploads\/2025\/05\/Plantilla-estandar-mundo-acuicola-2025-05-20T172919.370-scaled.jpg","datePublished":"2025-05-22T12:27:48+00:00","dateModified":"2025-06-02T19:53:46+00:00","description":"Especialistas alertan sobre el da\u00f1o de larvas en ra\u00edces de frutales en \u00d1uble y entregan claves para prevenir p\u00e9rdidas.","breadcrumb":{"@id":"https:\/\/www.mundoagropecuario.cl\/new\/larvas-del-suelo-en-otono-como-prevenir-perdidas-en-frutales-en-nuble\/#breadcrumb"},"inLanguage":"es","potentialAction":[{"@type":"ReadAction","target":["https:\/\/www.mundoagropecuario.cl\/new\/larvas-del-suelo-en-otono-como-prevenir-perdidas-en-frutales-en-nuble\/"]}]},{"@type":"ImageObject","inLanguage":"es","@id":"https:\/\/www.mundoagropecuario.cl\/new\/larvas-del-suelo-en-otono-como-prevenir-perdidas-en-frutales-en-nuble\/#primaryimage","url":"https:\/\/www.mundoagropecuario.cl\/new\/wp-content\/uploads\/2025\/05\/Plantilla-estandar-mundo-acuicola-2025-05-20T172919.370-scaled.jpg","contentUrl":"https:\/\/www.mundoagropecuario.cl\/new\/wp-content\/uploads\/2025\/05\/Plantilla-estandar-mundo-acuicola-2025-05-20T172919.370-scaled.jpg","width":720,"height":384},{"@type":"BreadcrumbList","@id":"https:\/\/www.mundoagropecuario.cl\/new\/larvas-del-suelo-en-otono-como-prevenir-perdidas-en-frutales-en-nuble\/#breadcrumb","itemListElement":[{"@type":"ListItem","position":1,"name":"Portada","item":"https:\/\/www.mundoagropecuario.cl\/new\/"},{"@type":"ListItem","position":2,"name":"Larvas del suelo en oto\u00f1o: c\u00f3mo prevenir p\u00e9rdidas en frutales en \u00d1uble"}]},{"@type":"WebSite","@id":"https:\/\/www.mundoagropecuario.cl\/new\/#website","url":"https:\/\/www.mundoagropecuario.cl\/new\/","name":"Mundoagropecuario","description":"Mundo Agropecuario","publisher":{"@id":"https:\/\/www.mundoagropecuario.cl\/new\/#organization"},"potentialAction":[{"@type":"SearchAction","target":{"@type":"EntryPoint","urlTemplate":"https:\/\/www.mundoagropecuario.cl\/new\/?s={search_term_string}"},"query-input":{"@type":"PropertyValueSpecification","valueRequired":true,"valueName":"search_term_string"}}],"inLanguage":"es"},{"@type":"Organization","@id":"https:\/\/www.mundoagropecuario.cl\/new\/#organization","name":"Revista de Agricultura","url":"https:\/\/www.mundoagropecuario.cl\/new\/","logo":{"@type":"ImageObject","inLanguage":"es","@id":"https:\/\/www.mundoagropecuario.cl\/new\/#\/schema\/logo\/image\/","url":"https:\/\/www.mundoagropecuario.cl\/new\/wp-content\/uploads\/2020\/11\/PORTAL-1-1.png","contentUrl":"https:\/\/www.mundoagropecuario.cl\/new\/wp-content\/uploads\/2020\/11\/PORTAL-1-1.png","width":1026,"height":100,"caption":"Revista de Agricultura"},"image":{"@id":"https:\/\/www.mundoagropecuario.cl\/new\/#\/schema\/logo\/image\/"},"sameAs":["https:\/\/www.facebook.com\/mundo.agropecuario.3","https:\/\/x.com\/MundoAgropecuar","https:\/\/www.linkedin.com\/in\/mundo-agropecuario-934009201\/"]},{"@type":"Person","@id":"https:\/\/www.mundoagropecuario.cl\/new\/#\/schema\/person\/4e9f74a82a7dac260eb1c44b7eebeb18","name":"mundo","url":"https:\/\/www.mundoagropecuario.cl\/new\/author\/mundo\/"}]}},"_links":{"self":[{"href":"https:\/\/www.mundoagropecuario.cl\/new\/wp-json\/wp\/v2\/posts\/26851","targetHints":{"allow":["GET"]}}],"collection":[{"href":"https:\/\/www.mundoagropecuario.cl\/new\/wp-json\/wp\/v2\/posts"}],"about":[{"href":"https:\/\/www.mundoagropecuario.cl\/new\/wp-json\/wp\/v2\/types\/post"}],"author":[{"embeddable":true,"href":"https:\/\/www.mundoagropecuario.cl\/new\/wp-json\/wp\/v2\/users\/2"}],"replies":[{"embeddable":true,"href":"https:\/\/www.mundoagropecuario.cl\/new\/wp-json\/wp\/v2\/comments?post=26851"}],"version-history":[{"count":1,"href":"https:\/\/www.mundoagropecuario.cl\/new\/wp-json\/wp\/v2\/posts\/26851\/revisions"}],"predecessor-version":[{"id":26853,"href":"https:\/\/www.mundoagropecuario.cl\/new\/wp-json\/wp\/v2\/posts\/26851\/revisions\/26853"}],"wp:featuredmedia":[{"embeddable":true,"href":"https:\/\/www.mundoagropecuario.cl\/new\/wp-json\/wp\/v2\/media\/26852"}],"wp:attachment":[{"href":"https:\/\/www.mundoagropecuario.cl\/new\/wp-json\/wp\/v2\/media?parent=26851"}],"wp:term":[{"taxonomy":"category","embeddable":true,"href":"https:\/\/www.mundoagropecuario.cl\/new\/wp-json\/wp\/v2\/categories?post=26851"},{"taxonomy":"post_tag","embeddable":true,"href":"https:\/\/www.mundoagropecuario.cl\/new\/wp-json\/wp\/v2\/tags?post=26851"}],"curies":[{"name":"wp","href":"https:\/\/api.w.org\/{rel}","templated":true}]}}