{"id":26845,"date":"2025-05-20T17:01:26","date_gmt":"2025-05-20T20:01:26","guid":{"rendered":"https:\/\/www.mundoagropecuario.cl\/new\/?p=26845"},"modified":"2025-05-27T11:27:46","modified_gmt":"2025-05-27T14:27:46","slug":"estudio-alerta-sobre-efecto-del-calor-en-calidad-de-la-frambuesa-chilena","status":"publish","type":"post","link":"https:\/\/www.mundoagropecuario.cl\/new\/estudio-alerta-sobre-efecto-del-calor-en-calidad-de-la-frambuesa-chilena\/","title":{"rendered":"Estudio alerta sobre efecto del calor en calidad de la frambuesa chilena"},"content":{"rendered":"<p>Las frambuesas son frutas deliciosas y que aportan beneficios a la salud, pues son una fuente valiosa de vitaminas, minerales, fibra diet\u00e9tica y compuestos antioxidantes. Pero, al igual que muchos cultivos frutales, podr\u00edan verse afectados por el cambio clim\u00e1tico, en particular por el aumento de la temperatura.<\/p>\n<p>Con esta pregunta en mente, investigadores de la Universidad Austral de Chile y del Centro Regional de Estudios en Alimentos Saludables (CREAS), en el marco del proyecto FONDECYT 1221725, evaluaron el impacto del incremento de temperatura en la calidad y propiedades funcionales de la frambuesa (Rubus idaeus L.), variedad Heritage, considerando tanto condiciones de campo como experimentos en c\u00e1maras t\u00e9rmicas con un alza aproximada de 4 \u00b0C.<\/p>\n<h3>Resultados<\/h3>\n<p>El estudio, titulado \u201cEfectos del aumento de la temperatura durante el crecimiento y la maduraci\u00f3n del fruto sobre la calidad, las propiedades sensoriales y antioxidantes de la frambuesa (Rubus idaeus L.) cv. Heritage\u201d y publicado en la\u00a0<a href=\"https:\/\/doi.org\/10.3390\/foods14071201\" target=\"_blank\" rel=\"noopener\" data-saferedirecturl=\"https:\/\/www.google.com\/url?q=https:\/\/doi.org\/10.3390\/foods14071201&amp;source=gmail&amp;ust=1747840784720000&amp;usg=AOvVaw2XP1_7NS9-CYVoq0EUF1VE\">Revista Foods<\/a>, analiz\u00f3 c\u00f3mo las variaciones t\u00e9rmicas, consecuencia del cambio clim\u00e1tico, inciden en atributos tales como tama\u00f1o, textura, contenido de s\u00f3lidos solubles, as\u00ed como en compuestos bioactivos como flavonoides, antocianinas y vitamina C. Se desarrollaron experimentos en dos huertos ubicados en regiones con condiciones agroclim\u00e1ticas contrastantes en Chile: Casablanca (Regi\u00f3n de Valpara\u00edso) y Paillaco (Regi\u00f3n de Los R\u00edos). En ambos sitios se emplearon c\u00e1maras que incrementan la temperatura ambiente en aproximadamente 4 \u00b0C.<\/p>\n<p>Los resultados revelaron que, aunque las frambuesas expuestas a alzas de temperatura alcanzaron un mayor tama\u00f1o, presentaron una textura m\u00e1s blanda en comparaci\u00f3n con las frutas del control. Adem\u00e1s, se observ\u00f3 una disminuci\u00f3n en el contenido de s\u00f3lidos solubles y vitamina C en las muestras sometidas a altas temperaturas, mientras que la acidez titulable no mostr\u00f3 un patr\u00f3n consistente. No se identific\u00f3 un comportamiento claro en cuanto a los niveles de flavonoides y antocianinas.<\/p>\n<p>Por otra parte, el an\u00e1lisis sensorial identific\u00f3 menor uniformidad del color en las frutas de la zona central expuestas al aumento t\u00e9rmico. Otros par\u00e1metros sensoriales no se vieron afectados, ni tampoco en el huerto de la zona sur.<\/p>\n<p>Estos hallazgos sugieren que el aumento de la temperatura, asociado al cambio clim\u00e1tico, podr\u00eda afectar tanto la calidad como algunos atributos funcionales de la frambuesa. Sin embargo, es posible que dichos cambios no sean percibidos a nivel sensorial por los consumidores, a excepci\u00f3n de ciertos aspectos visuales como la uniformidad del color.<\/p>\n","protected":false},"excerpt":{"rendered":"<p>Estudio chileno muestra que el calor reduce vitamina C y textura en frambuesas, aunque sin gran impacto en sabor o percepci\u00f3n sensorial.<\/p>\n","protected":false},"author":2,"featured_media":26846,"comment_status":"closed","ping_status":"closed","sticky":false,"template":"","format":"standard","meta":{"footnotes":""},"categories":[1945],"tags":[459,2024,2245,9242,1072],"class_list":["post-26845","post","type-post","status-publish","format-standard","has-post-thumbnail","hentry","category-agricultura","tag-fondecyt","tag-frambuesas","tag-frutas","tag-industria-fruticola","tag-universidad-austral-de-chile"],"yoast_head":"<!-- This site is optimized with the Yoast SEO plugin v26.6 - https:\/\/yoast.com\/wordpress\/plugins\/seo\/ -->\n<title>Estudio alerta sobre efecto del calor en calidad de la frambuesa chilena - Mundoagropecuario<\/title>\n<meta name=\"description\" content=\"Estudio chileno muestra que el calor reduce vitamina C y textura en frambuesas, aunque sin gran impacto en sabor o percepci\u00f3n sensorial.\" \/>\n<meta name=\"robots\" content=\"index, follow, max-snippet:-1, max-image-preview:large, max-video-preview:-1\" \/>\n<link rel=\"canonical\" href=\"https:\/\/www.mundoagropecuario.cl\/new\/estudio-alerta-sobre-efecto-del-calor-en-calidad-de-la-frambuesa-chilena\/\" \/>\n<meta property=\"og:locale\" content=\"es_ES\" \/>\n<meta property=\"og:type\" content=\"article\" \/>\n<meta property=\"og:title\" content=\"Estudio alerta sobre efecto del calor en calidad de la frambuesa chilena - Mundoagropecuario\" \/>\n<meta property=\"og:description\" content=\"Estudio chileno muestra que el calor reduce vitamina C y textura en frambuesas, aunque sin gran impacto en sabor o percepci\u00f3n sensorial.\" \/>\n<meta property=\"og:url\" content=\"https:\/\/www.mundoagropecuario.cl\/new\/estudio-alerta-sobre-efecto-del-calor-en-calidad-de-la-frambuesa-chilena\/\" \/>\n<meta property=\"og:site_name\" content=\"Mundoagropecuario\" \/>\n<meta property=\"article:publisher\" content=\"https:\/\/www.facebook.com\/mundo.agropecuario.3\" \/>\n<meta property=\"article:published_time\" content=\"2025-05-20T20:01:26+00:00\" \/>\n<meta property=\"article:modified_time\" content=\"2025-05-27T14:27:46+00:00\" \/>\n<meta property=\"og:image\" content=\"https:\/\/www.mundoagropecuario.cl\/new\/wp-content\/uploads\/2025\/05\/Plantilla-estandar-mundo-acuicola-2025-05-20T155431.972-scaled.jpg\" \/>\n\t<meta property=\"og:image:width\" content=\"720\" \/>\n\t<meta property=\"og:image:height\" content=\"384\" \/>\n\t<meta property=\"og:image:type\" content=\"image\/jpeg\" \/>\n<meta name=\"author\" content=\"mundo\" \/>\n<meta name=\"twitter:card\" content=\"summary_large_image\" \/>\n<meta name=\"twitter:creator\" content=\"@MundoAgropecuar\" \/>\n<meta name=\"twitter:site\" content=\"@MundoAgropecuar\" \/>\n<meta name=\"twitter:label1\" content=\"Escrito por\" \/>\n\t<meta name=\"twitter:data1\" content=\"mundo\" \/>\n\t<meta name=\"twitter:label2\" content=\"Tiempo de lectura\" \/>\n\t<meta name=\"twitter:data2\" content=\"2 minutos\" \/>\n<script type=\"application\/ld+json\" class=\"yoast-schema-graph\">{\"@context\":\"https:\/\/schema.org\",\"@graph\":[{\"@type\":\"Article\",\"@id\":\"https:\/\/www.mundoagropecuario.cl\/new\/estudio-alerta-sobre-efecto-del-calor-en-calidad-de-la-frambuesa-chilena\/#article\",\"isPartOf\":{\"@id\":\"https:\/\/www.mundoagropecuario.cl\/new\/estudio-alerta-sobre-efecto-del-calor-en-calidad-de-la-frambuesa-chilena\/\"},\"author\":{\"name\":\"mundo\",\"@id\":\"https:\/\/www.mundoagropecuario.cl\/new\/#\/schema\/person\/4e9f74a82a7dac260eb1c44b7eebeb18\"},\"headline\":\"Estudio alerta sobre efecto del calor en calidad de la frambuesa chilena\",\"datePublished\":\"2025-05-20T20:01:26+00:00\",\"dateModified\":\"2025-05-27T14:27:46+00:00\",\"mainEntityOfPage\":{\"@id\":\"https:\/\/www.mundoagropecuario.cl\/new\/estudio-alerta-sobre-efecto-del-calor-en-calidad-de-la-frambuesa-chilena\/\"},\"wordCount\":428,\"publisher\":{\"@id\":\"https:\/\/www.mundoagropecuario.cl\/new\/#organization\"},\"image\":{\"@id\":\"https:\/\/www.mundoagropecuario.cl\/new\/estudio-alerta-sobre-efecto-del-calor-en-calidad-de-la-frambuesa-chilena\/#primaryimage\"},\"thumbnailUrl\":\"https:\/\/www.mundoagropecuario.cl\/new\/wp-content\/uploads\/2025\/05\/Plantilla-estandar-mundo-acuicola-2025-05-20T155431.972-scaled.jpg\",\"keywords\":[\"Fondecyt\",\"frambuesas\",\"Frutas\",\"industria frut\u00edcola\",\"Universidad Austral de Chile\"],\"articleSection\":[\"Agricultura\"],\"inLanguage\":\"es\"},{\"@type\":\"WebPage\",\"@id\":\"https:\/\/www.mundoagropecuario.cl\/new\/estudio-alerta-sobre-efecto-del-calor-en-calidad-de-la-frambuesa-chilena\/\",\"url\":\"https:\/\/www.mundoagropecuario.cl\/new\/estudio-alerta-sobre-efecto-del-calor-en-calidad-de-la-frambuesa-chilena\/\",\"name\":\"Estudio alerta sobre efecto del calor en calidad de la frambuesa chilena - Mundoagropecuario\",\"isPartOf\":{\"@id\":\"https:\/\/www.mundoagropecuario.cl\/new\/#website\"},\"primaryImageOfPage\":{\"@id\":\"https:\/\/www.mundoagropecuario.cl\/new\/estudio-alerta-sobre-efecto-del-calor-en-calidad-de-la-frambuesa-chilena\/#primaryimage\"},\"image\":{\"@id\":\"https:\/\/www.mundoagropecuario.cl\/new\/estudio-alerta-sobre-efecto-del-calor-en-calidad-de-la-frambuesa-chilena\/#primaryimage\"},\"thumbnailUrl\":\"https:\/\/www.mundoagropecuario.cl\/new\/wp-content\/uploads\/2025\/05\/Plantilla-estandar-mundo-acuicola-2025-05-20T155431.972-scaled.jpg\",\"datePublished\":\"2025-05-20T20:01:26+00:00\",\"dateModified\":\"2025-05-27T14:27:46+00:00\",\"description\":\"Estudio chileno muestra que el calor reduce vitamina C y textura en frambuesas, aunque sin gran impacto en sabor o percepci\u00f3n sensorial.\",\"breadcrumb\":{\"@id\":\"https:\/\/www.mundoagropecuario.cl\/new\/estudio-alerta-sobre-efecto-del-calor-en-calidad-de-la-frambuesa-chilena\/#breadcrumb\"},\"inLanguage\":\"es\",\"potentialAction\":[{\"@type\":\"ReadAction\",\"target\":[\"https:\/\/www.mundoagropecuario.cl\/new\/estudio-alerta-sobre-efecto-del-calor-en-calidad-de-la-frambuesa-chilena\/\"]}]},{\"@type\":\"ImageObject\",\"inLanguage\":\"es\",\"@id\":\"https:\/\/www.mundoagropecuario.cl\/new\/estudio-alerta-sobre-efecto-del-calor-en-calidad-de-la-frambuesa-chilena\/#primaryimage\",\"url\":\"https:\/\/www.mundoagropecuario.cl\/new\/wp-content\/uploads\/2025\/05\/Plantilla-estandar-mundo-acuicola-2025-05-20T155431.972-scaled.jpg\",\"contentUrl\":\"https:\/\/www.mundoagropecuario.cl\/new\/wp-content\/uploads\/2025\/05\/Plantilla-estandar-mundo-acuicola-2025-05-20T155431.972-scaled.jpg\",\"width\":720,\"height\":384},{\"@type\":\"BreadcrumbList\",\"@id\":\"https:\/\/www.mundoagropecuario.cl\/new\/estudio-alerta-sobre-efecto-del-calor-en-calidad-de-la-frambuesa-chilena\/#breadcrumb\",\"itemListElement\":[{\"@type\":\"ListItem\",\"position\":1,\"name\":\"Portada\",\"item\":\"https:\/\/www.mundoagropecuario.cl\/new\/\"},{\"@type\":\"ListItem\",\"position\":2,\"name\":\"Estudio alerta sobre efecto del calor en calidad de la frambuesa chilena\"}]},{\"@type\":\"WebSite\",\"@id\":\"https:\/\/www.mundoagropecuario.cl\/new\/#website\",\"url\":\"https:\/\/www.mundoagropecuario.cl\/new\/\",\"name\":\"Mundoagropecuario\",\"description\":\"Mundo Agropecuario\",\"publisher\":{\"@id\":\"https:\/\/www.mundoagropecuario.cl\/new\/#organization\"},\"potentialAction\":[{\"@type\":\"SearchAction\",\"target\":{\"@type\":\"EntryPoint\",\"urlTemplate\":\"https:\/\/www.mundoagropecuario.cl\/new\/?s={search_term_string}\"},\"query-input\":{\"@type\":\"PropertyValueSpecification\",\"valueRequired\":true,\"valueName\":\"search_term_string\"}}],\"inLanguage\":\"es\"},{\"@type\":\"Organization\",\"@id\":\"https:\/\/www.mundoagropecuario.cl\/new\/#organization\",\"name\":\"Revista de Agricultura\",\"url\":\"https:\/\/www.mundoagropecuario.cl\/new\/\",\"logo\":{\"@type\":\"ImageObject\",\"inLanguage\":\"es\",\"@id\":\"https:\/\/www.mundoagropecuario.cl\/new\/#\/schema\/logo\/image\/\",\"url\":\"https:\/\/www.mundoagropecuario.cl\/new\/wp-content\/uploads\/2020\/11\/PORTAL-1-1.png\",\"contentUrl\":\"https:\/\/www.mundoagropecuario.cl\/new\/wp-content\/uploads\/2020\/11\/PORTAL-1-1.png\",\"width\":1026,\"height\":100,\"caption\":\"Revista de Agricultura\"},\"image\":{\"@id\":\"https:\/\/www.mundoagropecuario.cl\/new\/#\/schema\/logo\/image\/\"},\"sameAs\":[\"https:\/\/www.facebook.com\/mundo.agropecuario.3\",\"https:\/\/x.com\/MundoAgropecuar\",\"https:\/\/www.linkedin.com\/in\/mundo-agropecuario-934009201\/\"]},{\"@type\":\"Person\",\"@id\":\"https:\/\/www.mundoagropecuario.cl\/new\/#\/schema\/person\/4e9f74a82a7dac260eb1c44b7eebeb18\",\"name\":\"mundo\",\"url\":\"https:\/\/www.mundoagropecuario.cl\/new\/author\/mundo\/\"}]}<\/script>\n<!-- \/ Yoast SEO plugin. -->","yoast_head_json":{"title":"Estudio alerta sobre efecto del calor en calidad de la frambuesa chilena - Mundoagropecuario","description":"Estudio chileno muestra que el calor reduce vitamina C y textura en frambuesas, aunque sin gran impacto en sabor o percepci\u00f3n sensorial.","robots":{"index":"index","follow":"follow","max-snippet":"max-snippet:-1","max-image-preview":"max-image-preview:large","max-video-preview":"max-video-preview:-1"},"canonical":"https:\/\/www.mundoagropecuario.cl\/new\/estudio-alerta-sobre-efecto-del-calor-en-calidad-de-la-frambuesa-chilena\/","og_locale":"es_ES","og_type":"article","og_title":"Estudio alerta sobre efecto del calor en calidad de la frambuesa chilena - Mundoagropecuario","og_description":"Estudio chileno muestra que el calor reduce vitamina C y textura en frambuesas, aunque sin gran impacto en sabor o percepci\u00f3n sensorial.","og_url":"https:\/\/www.mundoagropecuario.cl\/new\/estudio-alerta-sobre-efecto-del-calor-en-calidad-de-la-frambuesa-chilena\/","og_site_name":"Mundoagropecuario","article_publisher":"https:\/\/www.facebook.com\/mundo.agropecuario.3","article_published_time":"2025-05-20T20:01:26+00:00","article_modified_time":"2025-05-27T14:27:46+00:00","og_image":[{"width":720,"height":384,"url":"https:\/\/www.mundoagropecuario.cl\/new\/wp-content\/uploads\/2025\/05\/Plantilla-estandar-mundo-acuicola-2025-05-20T155431.972-scaled.jpg","type":"image\/jpeg"}],"author":"mundo","twitter_card":"summary_large_image","twitter_creator":"@MundoAgropecuar","twitter_site":"@MundoAgropecuar","twitter_misc":{"Escrito por":"mundo","Tiempo de lectura":"2 minutos"},"schema":{"@context":"https:\/\/schema.org","@graph":[{"@type":"Article","@id":"https:\/\/www.mundoagropecuario.cl\/new\/estudio-alerta-sobre-efecto-del-calor-en-calidad-de-la-frambuesa-chilena\/#article","isPartOf":{"@id":"https:\/\/www.mundoagropecuario.cl\/new\/estudio-alerta-sobre-efecto-del-calor-en-calidad-de-la-frambuesa-chilena\/"},"author":{"name":"mundo","@id":"https:\/\/www.mundoagropecuario.cl\/new\/#\/schema\/person\/4e9f74a82a7dac260eb1c44b7eebeb18"},"headline":"Estudio alerta sobre efecto del calor en calidad de la frambuesa chilena","datePublished":"2025-05-20T20:01:26+00:00","dateModified":"2025-05-27T14:27:46+00:00","mainEntityOfPage":{"@id":"https:\/\/www.mundoagropecuario.cl\/new\/estudio-alerta-sobre-efecto-del-calor-en-calidad-de-la-frambuesa-chilena\/"},"wordCount":428,"publisher":{"@id":"https:\/\/www.mundoagropecuario.cl\/new\/#organization"},"image":{"@id":"https:\/\/www.mundoagropecuario.cl\/new\/estudio-alerta-sobre-efecto-del-calor-en-calidad-de-la-frambuesa-chilena\/#primaryimage"},"thumbnailUrl":"https:\/\/www.mundoagropecuario.cl\/new\/wp-content\/uploads\/2025\/05\/Plantilla-estandar-mundo-acuicola-2025-05-20T155431.972-scaled.jpg","keywords":["Fondecyt","frambuesas","Frutas","industria frut\u00edcola","Universidad Austral de Chile"],"articleSection":["Agricultura"],"inLanguage":"es"},{"@type":"WebPage","@id":"https:\/\/www.mundoagropecuario.cl\/new\/estudio-alerta-sobre-efecto-del-calor-en-calidad-de-la-frambuesa-chilena\/","url":"https:\/\/www.mundoagropecuario.cl\/new\/estudio-alerta-sobre-efecto-del-calor-en-calidad-de-la-frambuesa-chilena\/","name":"Estudio alerta sobre efecto del calor en calidad de la frambuesa chilena - Mundoagropecuario","isPartOf":{"@id":"https:\/\/www.mundoagropecuario.cl\/new\/#website"},"primaryImageOfPage":{"@id":"https:\/\/www.mundoagropecuario.cl\/new\/estudio-alerta-sobre-efecto-del-calor-en-calidad-de-la-frambuesa-chilena\/#primaryimage"},"image":{"@id":"https:\/\/www.mundoagropecuario.cl\/new\/estudio-alerta-sobre-efecto-del-calor-en-calidad-de-la-frambuesa-chilena\/#primaryimage"},"thumbnailUrl":"https:\/\/www.mundoagropecuario.cl\/new\/wp-content\/uploads\/2025\/05\/Plantilla-estandar-mundo-acuicola-2025-05-20T155431.972-scaled.jpg","datePublished":"2025-05-20T20:01:26+00:00","dateModified":"2025-05-27T14:27:46+00:00","description":"Estudio chileno muestra que el calor reduce vitamina C y textura en frambuesas, aunque sin gran impacto en sabor o percepci\u00f3n sensorial.","breadcrumb":{"@id":"https:\/\/www.mundoagropecuario.cl\/new\/estudio-alerta-sobre-efecto-del-calor-en-calidad-de-la-frambuesa-chilena\/#breadcrumb"},"inLanguage":"es","potentialAction":[{"@type":"ReadAction","target":["https:\/\/www.mundoagropecuario.cl\/new\/estudio-alerta-sobre-efecto-del-calor-en-calidad-de-la-frambuesa-chilena\/"]}]},{"@type":"ImageObject","inLanguage":"es","@id":"https:\/\/www.mundoagropecuario.cl\/new\/estudio-alerta-sobre-efecto-del-calor-en-calidad-de-la-frambuesa-chilena\/#primaryimage","url":"https:\/\/www.mundoagropecuario.cl\/new\/wp-content\/uploads\/2025\/05\/Plantilla-estandar-mundo-acuicola-2025-05-20T155431.972-scaled.jpg","contentUrl":"https:\/\/www.mundoagropecuario.cl\/new\/wp-content\/uploads\/2025\/05\/Plantilla-estandar-mundo-acuicola-2025-05-20T155431.972-scaled.jpg","width":720,"height":384},{"@type":"BreadcrumbList","@id":"https:\/\/www.mundoagropecuario.cl\/new\/estudio-alerta-sobre-efecto-del-calor-en-calidad-de-la-frambuesa-chilena\/#breadcrumb","itemListElement":[{"@type":"ListItem","position":1,"name":"Portada","item":"https:\/\/www.mundoagropecuario.cl\/new\/"},{"@type":"ListItem","position":2,"name":"Estudio alerta sobre efecto del calor en calidad de la frambuesa chilena"}]},{"@type":"WebSite","@id":"https:\/\/www.mundoagropecuario.cl\/new\/#website","url":"https:\/\/www.mundoagropecuario.cl\/new\/","name":"Mundoagropecuario","description":"Mundo Agropecuario","publisher":{"@id":"https:\/\/www.mundoagropecuario.cl\/new\/#organization"},"potentialAction":[{"@type":"SearchAction","target":{"@type":"EntryPoint","urlTemplate":"https:\/\/www.mundoagropecuario.cl\/new\/?s={search_term_string}"},"query-input":{"@type":"PropertyValueSpecification","valueRequired":true,"valueName":"search_term_string"}}],"inLanguage":"es"},{"@type":"Organization","@id":"https:\/\/www.mundoagropecuario.cl\/new\/#organization","name":"Revista de Agricultura","url":"https:\/\/www.mundoagropecuario.cl\/new\/","logo":{"@type":"ImageObject","inLanguage":"es","@id":"https:\/\/www.mundoagropecuario.cl\/new\/#\/schema\/logo\/image\/","url":"https:\/\/www.mundoagropecuario.cl\/new\/wp-content\/uploads\/2020\/11\/PORTAL-1-1.png","contentUrl":"https:\/\/www.mundoagropecuario.cl\/new\/wp-content\/uploads\/2020\/11\/PORTAL-1-1.png","width":1026,"height":100,"caption":"Revista de Agricultura"},"image":{"@id":"https:\/\/www.mundoagropecuario.cl\/new\/#\/schema\/logo\/image\/"},"sameAs":["https:\/\/www.facebook.com\/mundo.agropecuario.3","https:\/\/x.com\/MundoAgropecuar","https:\/\/www.linkedin.com\/in\/mundo-agropecuario-934009201\/"]},{"@type":"Person","@id":"https:\/\/www.mundoagropecuario.cl\/new\/#\/schema\/person\/4e9f74a82a7dac260eb1c44b7eebeb18","name":"mundo","url":"https:\/\/www.mundoagropecuario.cl\/new\/author\/mundo\/"}]}},"_links":{"self":[{"href":"https:\/\/www.mundoagropecuario.cl\/new\/wp-json\/wp\/v2\/posts\/26845","targetHints":{"allow":["GET"]}}],"collection":[{"href":"https:\/\/www.mundoagropecuario.cl\/new\/wp-json\/wp\/v2\/posts"}],"about":[{"href":"https:\/\/www.mundoagropecuario.cl\/new\/wp-json\/wp\/v2\/types\/post"}],"author":[{"embeddable":true,"href":"https:\/\/www.mundoagropecuario.cl\/new\/wp-json\/wp\/v2\/users\/2"}],"replies":[{"embeddable":true,"href":"https:\/\/www.mundoagropecuario.cl\/new\/wp-json\/wp\/v2\/comments?post=26845"}],"version-history":[{"count":1,"href":"https:\/\/www.mundoagropecuario.cl\/new\/wp-json\/wp\/v2\/posts\/26845\/revisions"}],"predecessor-version":[{"id":26847,"href":"https:\/\/www.mundoagropecuario.cl\/new\/wp-json\/wp\/v2\/posts\/26845\/revisions\/26847"}],"wp:featuredmedia":[{"embeddable":true,"href":"https:\/\/www.mundoagropecuario.cl\/new\/wp-json\/wp\/v2\/media\/26846"}],"wp:attachment":[{"href":"https:\/\/www.mundoagropecuario.cl\/new\/wp-json\/wp\/v2\/media?parent=26845"}],"wp:term":[{"taxonomy":"category","embeddable":true,"href":"https:\/\/www.mundoagropecuario.cl\/new\/wp-json\/wp\/v2\/categories?post=26845"},{"taxonomy":"post_tag","embeddable":true,"href":"https:\/\/www.mundoagropecuario.cl\/new\/wp-json\/wp\/v2\/tags?post=26845"}],"curies":[{"name":"wp","href":"https:\/\/api.w.org\/{rel}","templated":true}]}}