{"id":26838,"date":"2025-05-20T14:06:38","date_gmt":"2025-05-20T17:06:38","guid":{"rendered":"https:\/\/www.mundoagropecuario.cl\/new\/?p=26838"},"modified":"2025-05-27T11:26:49","modified_gmt":"2025-05-27T14:26:49","slug":"nestle-chile-logra-reducir-el-uso-de-mas-de-21-mil-kilos-de-plastico-virgen","status":"publish","type":"post","link":"https:\/\/www.mundoagropecuario.cl\/new\/nestle-chile-logra-reducir-el-uso-de-mas-de-21-mil-kilos-de-plastico-virgen\/","title":{"rendered":"Nestl\u00e9 Chile logra reducir el uso de m\u00e1s de 21 mil kilos de pl\u00e1stico virgen"},"content":{"rendered":"<p>Nestl\u00e9\u00a0Chile avanza para alcanzar sus metas en torno al reciclaje, la reducci\u00f3n del uso de pl\u00e1stico virgen, as\u00ed como la generaci\u00f3n de innovaciones para el redise\u00f1o de sus envases y embalajes.<\/p>\n<p>\u201c<em>Los envases cumplen un rol crucial en asegurar la inocuidad alimentaria, pero tambi\u00e9n tienen un impacto ambiental que no podemos ignorar. Desde esa perspectiva, hemos trazado objetivos ambiciosos para lograr que m\u00e1s del 95% de nuestros envases sean reciclables para este a\u00f1o y reducir en un tercio el uso de pl\u00e1stico virgen\u201d,\u00a0<\/em>explic\u00f3 Gabriela Guarda, gerente de Sustentabilidad de Nestl\u00e9 Chile.<\/p>\n<p>A nivel global, en 2024 la compa\u00f1\u00eda redujo en 21,3% el uso de pl\u00e1stico virgen en sus envases y embalajes, mientras que en Chile ha logrado utilizar hasta un 90% de resina reciclada en empaques secundarios y terciarios, reduciendo el uso de m\u00e1s de 21.000 kg de pl\u00e1stico virgen.<\/p>\n<h3>\u201cElijo Reciclar\u201d<\/h3>\n<p>Asimismo, m\u00e1s de 250 productos del portafolio de Nestl\u00e9 Chile ya cuentan con el sello \u201cElijo Reciclar\u201d, y recibi\u00f3 la certificaci\u00f3n del Acuerdo de Producci\u00f3n Limpia que dio origen a este sello, que es\u00a0la primera ecoetiqueta masiva del pa\u00eds que busca incentivar la preferencia por parte del consumidor de productos con envases m\u00e1s sustentables, adem\u00e1s de entregar informaci\u00f3n clara y confiable sobre su reciclabilidad y disposici\u00f3n final.<\/p>\n<p>La innovaci\u00f3n en Nestl\u00e9 Chile ha sido clave para avanzar, siendo valorada con la reciente obtenci\u00f3n del primer lugar del \u201cPackaging Innovation Award\u201d, otorgado por Co-inventa y Laben Chile de la Universidad de Santiago, por la transformaci\u00f3n del envase de casata de helado Savory, que migr\u00f3 de poliestireno (PS) a un formato monomaterial de polipropileno (PP), facilitando su reciclaje.<\/p>\n<p>En paralelo, el trabajo con recicladores de base se ha transformado en otro eje clave, algo que no s\u00f3lo optimiza la cadena de reciclaje, sino que tambi\u00e9n reconoce y dignifica una labor hist\u00f3ricamente invisibilizada. Desde 2021, Nestl\u00e9 mantiene una alianza con Latitud R con el fin de formalizar, capacitar y apoyar a los recicladores de base del pa\u00eds. En 2024, este trabajo colaborativo permiti\u00f3 recuperar m\u00e1s de 12.600 toneladas de materiales, de los cuales un 16% correspondi\u00f3 a pl\u00e1stico.<\/p>\n","protected":false},"excerpt":{"rendered":"<p>La compa\u00f1\u00eda contin\u00faa avanzando en econom\u00eda circular e innovaci\u00f3n en el redise\u00f1o de sus envases y embalajes. Nestl\u00e9 Chile avanza para alcanzar sus metas en torno al reciclaje, la reducci\u00f3n del uso de pl\u00e1stico virgen, as\u00ed como la generaci\u00f3n de innovaciones para el redise\u00f1o de sus envases y embalajes.<\/p>\n<p>\u201cLos envases cumplen un rol crucial en asegurar la inocuidad alimentaria, pero tambi\u00e9n tienen un impacto ambiental que no podemos ignorar. Desde esa perspectiva, hemos trazado objetivos ambiciosos para lograr que m\u00e1s del 95% de nuestros envases sean reciclables para este a\u00f1o y reducir en un tercio el uso de pl\u00e1stico virgen\u201d, explic\u00f3 Gabriela Guarda, gerente de Sustentabilidad de Nestl\u00e9 Chile.<\/p>\n<p>A nivel global, en 2024 la compa\u00f1\u00eda redujo en 21,3% el uso de pl\u00e1stico virgen en sus envases y embalajes, mientras que en Chile ha logrado utilizar hasta un 90% de resina reciclada en empaques secundarios y terciarios, reduciendo el uso de m\u00e1s de 21.000 kg de pl\u00e1stico virgen.<\/p>\n<p>Asimismo, m\u00e1s de 250 productos del portafolio de Nestl\u00e9 Chile ya cuentan con el sello \u201cElijo Reciclar\u201d, y recibi\u00f3 la certificaci\u00f3n del Acuerdo de Producci\u00f3n Limpia que dio origen a este sello, que es la primera ecoetiqueta masiva del pa\u00eds que busca incentivar la preferencia por parte del consumidor de productos con envases m\u00e1s sustentables, adem\u00e1s de entregar informaci\u00f3n clara y confiable sobre su reciclabilidad y disposici\u00f3n final.<\/p>\n<p>La innovaci\u00f3n en Nestl\u00e9 Chile ha sido clave para avanzar, siendo valorada con la reciente obtenci\u00f3n del primer lugar del \u201cPackaging Innovation Award\u201d, otorgado por Co-inventa y Laben Chile de la Universidad de Santiago, por la transformaci\u00f3n del envase de casata de helado Savory, que migr\u00f3 de poliestireno (PS) a un formato monomaterial de polipropileno (PP), facilitando su reciclaje.<\/p>\n<p>En paralelo, el trabajo con recicladores de base se ha transformado en otro eje clave, algo que no s\u00f3lo optimiza la cadena de reciclaje, sino que tambi\u00e9n reconoce y dignifica una labor hist\u00f3ricamente invisibilizada. Desde 2021, Nestl\u00e9 mantiene una alianza con Latitud R con el fin de formalizar, capacitar y apoyar a los recicladores de base del pa\u00eds. En 2024, este trabajo colaborativo permiti\u00f3 recuperar m\u00e1s de 12.600 toneladas de materiales, de los cuales un 16% correspondi\u00f3 a pl\u00e1stico.<br \/>\nLa compa\u00f1\u00eda contin\u00faa avanzando en econom\u00eda circular e innovaci\u00f3n en el redise\u00f1o de sus envases y embalajes.<\/p>\n","protected":false},"author":2,"featured_media":26839,"comment_status":"closed","ping_status":"closed","sticky":false,"template":"","format":"standard","meta":{"footnotes":""},"categories":[1946],"tags":[3473,2150,4985,552,6029],"class_list":["post-26838","post","type-post","status-publish","format-standard","has-post-thumbnail","hentry","category-lacteos","tag-economia-circular","tag-nestle","tag-nestle-chile","tag-reciclaje","tag-sostenibilidad"],"yoast_head":"<!-- This site is optimized with the Yoast SEO plugin v26.6 - https:\/\/yoast.com\/wordpress\/plugins\/seo\/ -->\n<title>Nestl\u00e9 Chile logra reducir el uso de m\u00e1s de 21 mil kilos de pl\u00e1stico virgen - Mundoagropecuario<\/title>\n<meta name=\"description\" content=\"La compa\u00f1\u00eda contin\u00faa avanzando en econom\u00eda circular e innovaci\u00f3n en el redise\u00f1o de sus envases y embalajes.\" \/>\n<meta name=\"robots\" content=\"index, follow, max-snippet:-1, max-image-preview:large, max-video-preview:-1\" \/>\n<link rel=\"canonical\" href=\"https:\/\/www.mundoagropecuario.cl\/new\/nestle-chile-logra-reducir-el-uso-de-mas-de-21-mil-kilos-de-plastico-virgen\/\" \/>\n<meta property=\"og:locale\" content=\"es_ES\" \/>\n<meta property=\"og:type\" content=\"article\" \/>\n<meta property=\"og:title\" content=\"Nestl\u00e9 Chile logra reducir el uso de m\u00e1s de 21 mil kilos de pl\u00e1stico virgen - Mundoagropecuario\" \/>\n<meta property=\"og:description\" content=\"La compa\u00f1\u00eda contin\u00faa avanzando en econom\u00eda circular e innovaci\u00f3n en el redise\u00f1o de sus envases y embalajes.\" \/>\n<meta property=\"og:url\" content=\"https:\/\/www.mundoagropecuario.cl\/new\/nestle-chile-logra-reducir-el-uso-de-mas-de-21-mil-kilos-de-plastico-virgen\/\" \/>\n<meta property=\"og:site_name\" content=\"Mundoagropecuario\" \/>\n<meta property=\"article:publisher\" content=\"https:\/\/www.facebook.com\/mundo.agropecuario.3\" \/>\n<meta property=\"article:published_time\" content=\"2025-05-20T17:06:38+00:00\" \/>\n<meta property=\"article:modified_time\" content=\"2025-05-27T14:26:49+00:00\" \/>\n<meta property=\"og:image\" content=\"https:\/\/www.mundoagropecuario.cl\/new\/wp-content\/uploads\/2025\/05\/Plantilla-estandar-mundo-acuicola-2025-05-20T130523.858-scaled.jpg\" \/>\n\t<meta property=\"og:image:width\" content=\"720\" \/>\n\t<meta property=\"og:image:height\" content=\"384\" \/>\n\t<meta property=\"og:image:type\" content=\"image\/jpeg\" \/>\n<meta name=\"author\" content=\"mundo\" \/>\n<meta name=\"twitter:card\" content=\"summary_large_image\" \/>\n<meta name=\"twitter:creator\" content=\"@MundoAgropecuar\" \/>\n<meta name=\"twitter:site\" content=\"@MundoAgropecuar\" \/>\n<meta name=\"twitter:label1\" content=\"Escrito por\" \/>\n\t<meta name=\"twitter:data1\" content=\"mundo\" \/>\n\t<meta name=\"twitter:label2\" content=\"Tiempo de lectura\" \/>\n\t<meta name=\"twitter:data2\" content=\"2 minutos\" \/>\n<script type=\"application\/ld+json\" class=\"yoast-schema-graph\">{\"@context\":\"https:\/\/schema.org\",\"@graph\":[{\"@type\":\"Article\",\"@id\":\"https:\/\/www.mundoagropecuario.cl\/new\/nestle-chile-logra-reducir-el-uso-de-mas-de-21-mil-kilos-de-plastico-virgen\/#article\",\"isPartOf\":{\"@id\":\"https:\/\/www.mundoagropecuario.cl\/new\/nestle-chile-logra-reducir-el-uso-de-mas-de-21-mil-kilos-de-plastico-virgen\/\"},\"author\":{\"name\":\"mundo\",\"@id\":\"https:\/\/www.mundoagropecuario.cl\/new\/#\/schema\/person\/4e9f74a82a7dac260eb1c44b7eebeb18\"},\"headline\":\"Nestl\u00e9 Chile logra reducir el uso de m\u00e1s de 21 mil kilos de pl\u00e1stico virgen\",\"datePublished\":\"2025-05-20T17:06:38+00:00\",\"dateModified\":\"2025-05-27T14:26:49+00:00\",\"mainEntityOfPage\":{\"@id\":\"https:\/\/www.mundoagropecuario.cl\/new\/nestle-chile-logra-reducir-el-uso-de-mas-de-21-mil-kilos-de-plastico-virgen\/\"},\"wordCount\":385,\"publisher\":{\"@id\":\"https:\/\/www.mundoagropecuario.cl\/new\/#organization\"},\"image\":{\"@id\":\"https:\/\/www.mundoagropecuario.cl\/new\/nestle-chile-logra-reducir-el-uso-de-mas-de-21-mil-kilos-de-plastico-virgen\/#primaryimage\"},\"thumbnailUrl\":\"https:\/\/www.mundoagropecuario.cl\/new\/wp-content\/uploads\/2025\/05\/Plantilla-estandar-mundo-acuicola-2025-05-20T130523.858-scaled.jpg\",\"keywords\":[\"econom\u00eda circular\",\"Nestl\u00e9\",\"Nestl\u00e9 Chile.\",\"reciclaje\",\"sostenibilidad\"],\"articleSection\":[\"L\u00e1cteos\"],\"inLanguage\":\"es\"},{\"@type\":\"WebPage\",\"@id\":\"https:\/\/www.mundoagropecuario.cl\/new\/nestle-chile-logra-reducir-el-uso-de-mas-de-21-mil-kilos-de-plastico-virgen\/\",\"url\":\"https:\/\/www.mundoagropecuario.cl\/new\/nestle-chile-logra-reducir-el-uso-de-mas-de-21-mil-kilos-de-plastico-virgen\/\",\"name\":\"Nestl\u00e9 Chile logra reducir el uso de m\u00e1s de 21 mil kilos de pl\u00e1stico virgen - Mundoagropecuario\",\"isPartOf\":{\"@id\":\"https:\/\/www.mundoagropecuario.cl\/new\/#website\"},\"primaryImageOfPage\":{\"@id\":\"https:\/\/www.mundoagropecuario.cl\/new\/nestle-chile-logra-reducir-el-uso-de-mas-de-21-mil-kilos-de-plastico-virgen\/#primaryimage\"},\"image\":{\"@id\":\"https:\/\/www.mundoagropecuario.cl\/new\/nestle-chile-logra-reducir-el-uso-de-mas-de-21-mil-kilos-de-plastico-virgen\/#primaryimage\"},\"thumbnailUrl\":\"https:\/\/www.mundoagropecuario.cl\/new\/wp-content\/uploads\/2025\/05\/Plantilla-estandar-mundo-acuicola-2025-05-20T130523.858-scaled.jpg\",\"datePublished\":\"2025-05-20T17:06:38+00:00\",\"dateModified\":\"2025-05-27T14:26:49+00:00\",\"description\":\"La compa\u00f1\u00eda contin\u00faa avanzando en econom\u00eda circular e innovaci\u00f3n en el redise\u00f1o de sus envases y embalajes.\",\"breadcrumb\":{\"@id\":\"https:\/\/www.mundoagropecuario.cl\/new\/nestle-chile-logra-reducir-el-uso-de-mas-de-21-mil-kilos-de-plastico-virgen\/#breadcrumb\"},\"inLanguage\":\"es\",\"potentialAction\":[{\"@type\":\"ReadAction\",\"target\":[\"https:\/\/www.mundoagropecuario.cl\/new\/nestle-chile-logra-reducir-el-uso-de-mas-de-21-mil-kilos-de-plastico-virgen\/\"]}]},{\"@type\":\"ImageObject\",\"inLanguage\":\"es\",\"@id\":\"https:\/\/www.mundoagropecuario.cl\/new\/nestle-chile-logra-reducir-el-uso-de-mas-de-21-mil-kilos-de-plastico-virgen\/#primaryimage\",\"url\":\"https:\/\/www.mundoagropecuario.cl\/new\/wp-content\/uploads\/2025\/05\/Plantilla-estandar-mundo-acuicola-2025-05-20T130523.858-scaled.jpg\",\"contentUrl\":\"https:\/\/www.mundoagropecuario.cl\/new\/wp-content\/uploads\/2025\/05\/Plantilla-estandar-mundo-acuicola-2025-05-20T130523.858-scaled.jpg\",\"width\":720,\"height\":384},{\"@type\":\"BreadcrumbList\",\"@id\":\"https:\/\/www.mundoagropecuario.cl\/new\/nestle-chile-logra-reducir-el-uso-de-mas-de-21-mil-kilos-de-plastico-virgen\/#breadcrumb\",\"itemListElement\":[{\"@type\":\"ListItem\",\"position\":1,\"name\":\"Portada\",\"item\":\"https:\/\/www.mundoagropecuario.cl\/new\/\"},{\"@type\":\"ListItem\",\"position\":2,\"name\":\"Nestl\u00e9 Chile logra reducir el uso de m\u00e1s de 21 mil kilos de pl\u00e1stico virgen\"}]},{\"@type\":\"WebSite\",\"@id\":\"https:\/\/www.mundoagropecuario.cl\/new\/#website\",\"url\":\"https:\/\/www.mundoagropecuario.cl\/new\/\",\"name\":\"Mundoagropecuario\",\"description\":\"Mundo Agropecuario\",\"publisher\":{\"@id\":\"https:\/\/www.mundoagropecuario.cl\/new\/#organization\"},\"potentialAction\":[{\"@type\":\"SearchAction\",\"target\":{\"@type\":\"EntryPoint\",\"urlTemplate\":\"https:\/\/www.mundoagropecuario.cl\/new\/?s={search_term_string}\"},\"query-input\":{\"@type\":\"PropertyValueSpecification\",\"valueRequired\":true,\"valueName\":\"search_term_string\"}}],\"inLanguage\":\"es\"},{\"@type\":\"Organization\",\"@id\":\"https:\/\/www.mundoagropecuario.cl\/new\/#organization\",\"name\":\"Revista de Agricultura\",\"url\":\"https:\/\/www.mundoagropecuario.cl\/new\/\",\"logo\":{\"@type\":\"ImageObject\",\"inLanguage\":\"es\",\"@id\":\"https:\/\/www.mundoagropecuario.cl\/new\/#\/schema\/logo\/image\/\",\"url\":\"https:\/\/www.mundoagropecuario.cl\/new\/wp-content\/uploads\/2020\/11\/PORTAL-1-1.png\",\"contentUrl\":\"https:\/\/www.mundoagropecuario.cl\/new\/wp-content\/uploads\/2020\/11\/PORTAL-1-1.png\",\"width\":1026,\"height\":100,\"caption\":\"Revista de Agricultura\"},\"image\":{\"@id\":\"https:\/\/www.mundoagropecuario.cl\/new\/#\/schema\/logo\/image\/\"},\"sameAs\":[\"https:\/\/www.facebook.com\/mundo.agropecuario.3\",\"https:\/\/x.com\/MundoAgropecuar\",\"https:\/\/www.linkedin.com\/in\/mundo-agropecuario-934009201\/\"]},{\"@type\":\"Person\",\"@id\":\"https:\/\/www.mundoagropecuario.cl\/new\/#\/schema\/person\/4e9f74a82a7dac260eb1c44b7eebeb18\",\"name\":\"mundo\",\"url\":\"https:\/\/www.mundoagropecuario.cl\/new\/author\/mundo\/\"}]}<\/script>\n<!-- \/ Yoast SEO plugin. -->","yoast_head_json":{"title":"Nestl\u00e9 Chile logra reducir el uso de m\u00e1s de 21 mil kilos de pl\u00e1stico virgen - Mundoagropecuario","description":"La compa\u00f1\u00eda contin\u00faa avanzando en econom\u00eda circular e innovaci\u00f3n en el redise\u00f1o de sus envases y embalajes.","robots":{"index":"index","follow":"follow","max-snippet":"max-snippet:-1","max-image-preview":"max-image-preview:large","max-video-preview":"max-video-preview:-1"},"canonical":"https:\/\/www.mundoagropecuario.cl\/new\/nestle-chile-logra-reducir-el-uso-de-mas-de-21-mil-kilos-de-plastico-virgen\/","og_locale":"es_ES","og_type":"article","og_title":"Nestl\u00e9 Chile logra reducir el uso de m\u00e1s de 21 mil kilos de pl\u00e1stico virgen - Mundoagropecuario","og_description":"La compa\u00f1\u00eda contin\u00faa avanzando en econom\u00eda circular e innovaci\u00f3n en el redise\u00f1o de sus envases y embalajes.","og_url":"https:\/\/www.mundoagropecuario.cl\/new\/nestle-chile-logra-reducir-el-uso-de-mas-de-21-mil-kilos-de-plastico-virgen\/","og_site_name":"Mundoagropecuario","article_publisher":"https:\/\/www.facebook.com\/mundo.agropecuario.3","article_published_time":"2025-05-20T17:06:38+00:00","article_modified_time":"2025-05-27T14:26:49+00:00","og_image":[{"width":720,"height":384,"url":"https:\/\/www.mundoagropecuario.cl\/new\/wp-content\/uploads\/2025\/05\/Plantilla-estandar-mundo-acuicola-2025-05-20T130523.858-scaled.jpg","type":"image\/jpeg"}],"author":"mundo","twitter_card":"summary_large_image","twitter_creator":"@MundoAgropecuar","twitter_site":"@MundoAgropecuar","twitter_misc":{"Escrito por":"mundo","Tiempo de lectura":"2 minutos"},"schema":{"@context":"https:\/\/schema.org","@graph":[{"@type":"Article","@id":"https:\/\/www.mundoagropecuario.cl\/new\/nestle-chile-logra-reducir-el-uso-de-mas-de-21-mil-kilos-de-plastico-virgen\/#article","isPartOf":{"@id":"https:\/\/www.mundoagropecuario.cl\/new\/nestle-chile-logra-reducir-el-uso-de-mas-de-21-mil-kilos-de-plastico-virgen\/"},"author":{"name":"mundo","@id":"https:\/\/www.mundoagropecuario.cl\/new\/#\/schema\/person\/4e9f74a82a7dac260eb1c44b7eebeb18"},"headline":"Nestl\u00e9 Chile logra reducir el uso de m\u00e1s de 21 mil kilos de pl\u00e1stico virgen","datePublished":"2025-05-20T17:06:38+00:00","dateModified":"2025-05-27T14:26:49+00:00","mainEntityOfPage":{"@id":"https:\/\/www.mundoagropecuario.cl\/new\/nestle-chile-logra-reducir-el-uso-de-mas-de-21-mil-kilos-de-plastico-virgen\/"},"wordCount":385,"publisher":{"@id":"https:\/\/www.mundoagropecuario.cl\/new\/#organization"},"image":{"@id":"https:\/\/www.mundoagropecuario.cl\/new\/nestle-chile-logra-reducir-el-uso-de-mas-de-21-mil-kilos-de-plastico-virgen\/#primaryimage"},"thumbnailUrl":"https:\/\/www.mundoagropecuario.cl\/new\/wp-content\/uploads\/2025\/05\/Plantilla-estandar-mundo-acuicola-2025-05-20T130523.858-scaled.jpg","keywords":["econom\u00eda circular","Nestl\u00e9","Nestl\u00e9 Chile.","reciclaje","sostenibilidad"],"articleSection":["L\u00e1cteos"],"inLanguage":"es"},{"@type":"WebPage","@id":"https:\/\/www.mundoagropecuario.cl\/new\/nestle-chile-logra-reducir-el-uso-de-mas-de-21-mil-kilos-de-plastico-virgen\/","url":"https:\/\/www.mundoagropecuario.cl\/new\/nestle-chile-logra-reducir-el-uso-de-mas-de-21-mil-kilos-de-plastico-virgen\/","name":"Nestl\u00e9 Chile logra reducir el uso de m\u00e1s de 21 mil kilos de pl\u00e1stico virgen - Mundoagropecuario","isPartOf":{"@id":"https:\/\/www.mundoagropecuario.cl\/new\/#website"},"primaryImageOfPage":{"@id":"https:\/\/www.mundoagropecuario.cl\/new\/nestle-chile-logra-reducir-el-uso-de-mas-de-21-mil-kilos-de-plastico-virgen\/#primaryimage"},"image":{"@id":"https:\/\/www.mundoagropecuario.cl\/new\/nestle-chile-logra-reducir-el-uso-de-mas-de-21-mil-kilos-de-plastico-virgen\/#primaryimage"},"thumbnailUrl":"https:\/\/www.mundoagropecuario.cl\/new\/wp-content\/uploads\/2025\/05\/Plantilla-estandar-mundo-acuicola-2025-05-20T130523.858-scaled.jpg","datePublished":"2025-05-20T17:06:38+00:00","dateModified":"2025-05-27T14:26:49+00:00","description":"La compa\u00f1\u00eda contin\u00faa avanzando en econom\u00eda circular e innovaci\u00f3n en el redise\u00f1o de sus envases y embalajes.","breadcrumb":{"@id":"https:\/\/www.mundoagropecuario.cl\/new\/nestle-chile-logra-reducir-el-uso-de-mas-de-21-mil-kilos-de-plastico-virgen\/#breadcrumb"},"inLanguage":"es","potentialAction":[{"@type":"ReadAction","target":["https:\/\/www.mundoagropecuario.cl\/new\/nestle-chile-logra-reducir-el-uso-de-mas-de-21-mil-kilos-de-plastico-virgen\/"]}]},{"@type":"ImageObject","inLanguage":"es","@id":"https:\/\/www.mundoagropecuario.cl\/new\/nestle-chile-logra-reducir-el-uso-de-mas-de-21-mil-kilos-de-plastico-virgen\/#primaryimage","url":"https:\/\/www.mundoagropecuario.cl\/new\/wp-content\/uploads\/2025\/05\/Plantilla-estandar-mundo-acuicola-2025-05-20T130523.858-scaled.jpg","contentUrl":"https:\/\/www.mundoagropecuario.cl\/new\/wp-content\/uploads\/2025\/05\/Plantilla-estandar-mundo-acuicola-2025-05-20T130523.858-scaled.jpg","width":720,"height":384},{"@type":"BreadcrumbList","@id":"https:\/\/www.mundoagropecuario.cl\/new\/nestle-chile-logra-reducir-el-uso-de-mas-de-21-mil-kilos-de-plastico-virgen\/#breadcrumb","itemListElement":[{"@type":"ListItem","position":1,"name":"Portada","item":"https:\/\/www.mundoagropecuario.cl\/new\/"},{"@type":"ListItem","position":2,"name":"Nestl\u00e9 Chile logra reducir el uso de m\u00e1s de 21 mil kilos de pl\u00e1stico virgen"}]},{"@type":"WebSite","@id":"https:\/\/www.mundoagropecuario.cl\/new\/#website","url":"https:\/\/www.mundoagropecuario.cl\/new\/","name":"Mundoagropecuario","description":"Mundo Agropecuario","publisher":{"@id":"https:\/\/www.mundoagropecuario.cl\/new\/#organization"},"potentialAction":[{"@type":"SearchAction","target":{"@type":"EntryPoint","urlTemplate":"https:\/\/www.mundoagropecuario.cl\/new\/?s={search_term_string}"},"query-input":{"@type":"PropertyValueSpecification","valueRequired":true,"valueName":"search_term_string"}}],"inLanguage":"es"},{"@type":"Organization","@id":"https:\/\/www.mundoagropecuario.cl\/new\/#organization","name":"Revista de Agricultura","url":"https:\/\/www.mundoagropecuario.cl\/new\/","logo":{"@type":"ImageObject","inLanguage":"es","@id":"https:\/\/www.mundoagropecuario.cl\/new\/#\/schema\/logo\/image\/","url":"https:\/\/www.mundoagropecuario.cl\/new\/wp-content\/uploads\/2020\/11\/PORTAL-1-1.png","contentUrl":"https:\/\/www.mundoagropecuario.cl\/new\/wp-content\/uploads\/2020\/11\/PORTAL-1-1.png","width":1026,"height":100,"caption":"Revista de Agricultura"},"image":{"@id":"https:\/\/www.mundoagropecuario.cl\/new\/#\/schema\/logo\/image\/"},"sameAs":["https:\/\/www.facebook.com\/mundo.agropecuario.3","https:\/\/x.com\/MundoAgropecuar","https:\/\/www.linkedin.com\/in\/mundo-agropecuario-934009201\/"]},{"@type":"Person","@id":"https:\/\/www.mundoagropecuario.cl\/new\/#\/schema\/person\/4e9f74a82a7dac260eb1c44b7eebeb18","name":"mundo","url":"https:\/\/www.mundoagropecuario.cl\/new\/author\/mundo\/"}]}},"_links":{"self":[{"href":"https:\/\/www.mundoagropecuario.cl\/new\/wp-json\/wp\/v2\/posts\/26838","targetHints":{"allow":["GET"]}}],"collection":[{"href":"https:\/\/www.mundoagropecuario.cl\/new\/wp-json\/wp\/v2\/posts"}],"about":[{"href":"https:\/\/www.mundoagropecuario.cl\/new\/wp-json\/wp\/v2\/types\/post"}],"author":[{"embeddable":true,"href":"https:\/\/www.mundoagropecuario.cl\/new\/wp-json\/wp\/v2\/users\/2"}],"replies":[{"embeddable":true,"href":"https:\/\/www.mundoagropecuario.cl\/new\/wp-json\/wp\/v2\/comments?post=26838"}],"version-history":[{"count":1,"href":"https:\/\/www.mundoagropecuario.cl\/new\/wp-json\/wp\/v2\/posts\/26838\/revisions"}],"predecessor-version":[{"id":26840,"href":"https:\/\/www.mundoagropecuario.cl\/new\/wp-json\/wp\/v2\/posts\/26838\/revisions\/26840"}],"wp:featuredmedia":[{"embeddable":true,"href":"https:\/\/www.mundoagropecuario.cl\/new\/wp-json\/wp\/v2\/media\/26839"}],"wp:attachment":[{"href":"https:\/\/www.mundoagropecuario.cl\/new\/wp-json\/wp\/v2\/media?parent=26838"}],"wp:term":[{"taxonomy":"category","embeddable":true,"href":"https:\/\/www.mundoagropecuario.cl\/new\/wp-json\/wp\/v2\/categories?post=26838"},{"taxonomy":"post_tag","embeddable":true,"href":"https:\/\/www.mundoagropecuario.cl\/new\/wp-json\/wp\/v2\/tags?post=26838"}],"curies":[{"name":"wp","href":"https:\/\/api.w.org\/{rel}","templated":true}]}}