{"id":26826,"date":"2025-05-19T17:27:18","date_gmt":"2025-05-19T20:27:18","guid":{"rendered":"https:\/\/www.mundoagropecuario.cl\/new\/?p=26826"},"modified":"2025-05-22T13:14:18","modified_gmt":"2025-05-22T16:14:18","slug":"inia-intihuasi-lidera-simposio-internacional-sobre-recarga-de-acuiferos","status":"publish","type":"post","link":"https:\/\/www.mundoagropecuario.cl\/new\/inia-intihuasi-lidera-simposio-internacional-sobre-recarga-de-acuiferos\/","title":{"rendered":"INIA Intihuasi lidera simposio internacional sobre recarga de acu\u00edferos"},"content":{"rendered":"<p>Este 16 de mayo, se desarroll\u00f3 con \u00e9xito el simposio internacional \u201cRecarga gestionada de acu\u00edferos\u201d organizada por el Instituto de Investigaciones Agropecuarias INIA Intihuasi en colaboraci\u00f3n con la Embajada del Reino de los Pa\u00edses Bajos en Chile. Actividad que se enmarca en el proyecto \u201cRestauraci\u00f3n hidrol\u00f3gica y ambiental del acu\u00edfero Pan de Az\u00facar\u201d que es financiada gracias al Gobierno Regional de Coquimbo, a trav\u00e9s del Fondo Nacional de Desarrollo Regional (FNDR).<\/p>\n<div class=\"et_pb_with_border et_pb_column_2_3 et_pb_column et_pb_column_1_tb_body et_pb_css_mix_blend_mode_passthrough\">\n<div class=\"et_pb_module et_pb_post_content et_pb_post_content_0_tb_body dropcappost\">\n<p>La instancia incluy\u00f3 una nutrida variedad de exposiciones dictadas por expertos, entre ellos: el doctor Ernesto Cort\u00e9s, profesor e investigador de la Universidad Cat\u00f3lica del Norte; Betsy Romero, hidroge\u00f3loga del instituto neerland\u00e9s Deltares (Pa\u00edses Bajos); Ignacio Far\u00edas, m\u00e1ster en hidrolog\u00eda de la Universidad de Utrecht (Pa\u00edses Bajos); Cinthya \u00c1lvarez, directora regional de la Direcci\u00f3n General de Aguas; y Francisco Meza, investigador de INIA Intihuasi y director de la iniciativa.<\/p>\n<h3><strong>Experiencia de los Pa\u00edses Bajos<\/strong><\/h3>\n<p>El simposio tuvo como principal objetivo intercambiar experiencias respecto a la recarga gestionada de acu\u00edferos, utilizando los resultados de los proyectos realizados en Chile, como es el caso de INIA Intihuasi, generando un espacio de di\u00e1logo entorno a la tem\u00e1tica y promoviendo su difusi\u00f3n.<\/p>\n<p>As\u00ed lo destac\u00f3 el gobernador regional Crist\u00f3bal Juli\u00e1, quien sostuvo\u00a0\u201cINIA toma esta experiencia de los Pa\u00edses Bajos para aplicarlo en Chile a trav\u00e9s del financiamiento de un FNDR del Gobierno Regional, en el que expresamos junto al CORE que estamos comprometidos con soluciones para el tema h\u00eddrico de nuestra regi\u00f3n, por eso, seguiremos apoyando estas iniciativas\u201d.<\/p>\n<p>En la misma l\u00ednea, la embajadora de Pa\u00edses Bajos en Chile, Elke Merks-Schaapveld, valor\u00f3 la colaboraci\u00f3n internacional para poder buscar alternativas que permitan enfrentar situaciones complejas como la escasez h\u00eddrica.<\/p>\n<p>\u201cSomos un pa\u00eds en el que tenemos mucha agua, pero que, producto del cambio clim\u00e1tico, hoy d\u00eda pasamos por una sequ\u00eda, entonces, podemos aprender de muchas cosas que ocurren en Chile, el que tambi\u00e9n necesita diversas soluciones para manejar el tema del agua\u201d\u00a0expres\u00f3.<\/p>\n<p>Por su parte, el Consejero Regional y presidente de la Comisi\u00f3n de Recursos H\u00eddricos del CORE, Francisco Corral, asegur\u00f3 que existe un alto inter\u00e9s en este proyecto porque\u00a0\u201cforma parte de una estrategia integrada para avanzar en la seguridad h\u00eddrica de la regi\u00f3n y para conseguir esa seguridad no basta con una desalaci\u00f3n solamente o la reutilizaci\u00f3n de agua, son todas a la vez las que pueden funcionar\u201d.<\/p>\n<h3>Alternativas para grandes desaf\u00edos<\/h3>\n<p>Con un encuentro centrado en casos de estudio internacionales en materia de recarga de acu\u00edferos, sumado a metodolog\u00edas investigativas y de gobernanzas relacionadas a la materia, el simposio puso en el centro de la atenci\u00f3n a distintos aspectos de un tema en com\u00fan, alternativa que puede convertirse en una opci\u00f3n efectiva para enfrentar la escasez h\u00eddrica de la regi\u00f3n de Coquimbo.<\/p>\n<p>Proyecto implementado en la Parcela Experimental de INIA Intihuasi en Pan de Az\u00facar, que marca un precedente en Chile. As\u00ed lo destaca Francisco Meza, quien explica\u00a0\u201ceste es una iniciativa pionera, no hay otra que se ejecute por inyecci\u00f3n, pero es un piloto de investigaci\u00f3n aplicada (\u2026)\u00a0 sienta las bases del inicio de trabajo y estudios que tienen que ver c\u00f3mo detectar y usar embalses subterr\u00e1neos\u201d.<\/p>\n<h3><strong>Acu\u00edferos subterr\u00e1neos<\/strong><\/h3>\n<p>En tanto, el director regional de INIA Intihuasi, Claudio Balbont\u00edn, se\u00f1al\u00f3\u00a0\u201ctenemos un regalo de la naturaleza que son los acu\u00edferos subterr\u00e1neos, espacios que podr\u00edamos utilizar con agua, y es eso justamente lo que aborda este proyecto (\u2026) utilizar todas las herramientas disponibles es nuestra misi\u00f3n, pero siempre haciendo las cosas con un cuidado por el medio ambiente y bas\u00e1ndonos en ciencia para poder desarrollar este tipo de soluciones\u201d.<\/p>\n<p>Finalmente, y tras su exposici\u00f3n titulada \u201cModelamiento de escenarios de recarga\u201d, Betsy Romero coment\u00f3 que\u00a0\u201cme parece que todo el conocimiento que tenemos en Europa, por m\u00e1s que sean condiciones distintas, es muy valioso, lo pudimos ver cuando los profesionales nos visitaron en Pa\u00edses Bajos, en donde analizamos c\u00f3mo ellos pod\u00edan aplicar alguna de las soluciones que hemos desarrollado all\u00e1\u201d.<\/p>\n<p>Cabe mencionar que, en el lugar se instalaron m\u00f3dulos de los diferentes proyectos y programas que impulsa el Centro Regional INIA Intihuasi y que fueron recorridos por las y los asistentes, vitrinas para la investigaci\u00f3n que d\u00eda a d\u00eda desarrollan las y los profesionales de la instituci\u00f3n.<\/p>\n<\/div>\n<\/div>\n","protected":false},"excerpt":{"rendered":"<p>En medio de compleja crisis h\u00eddrica en Coquimbo, INIA organiz\u00f3 simposio sobre recarga de acu\u00edferos con expertos de Chile y Pa\u00edses Bajos.<\/p>\n","protected":false},"author":2,"featured_media":26827,"comment_status":"closed","ping_status":"closed","sticky":false,"template":"","format":"standard","meta":{"footnotes":""},"categories":[1945],"tags":[2090,3127,4318,2052,2480,6567],"class_list":["post-26826","post","type-post","status-publish","format-standard","has-post-thumbnail","hentry","category-agricultura","tag-agricultura","tag-agro","tag-crisis-hidrica","tag-inia","tag-inia-intihuasi","tag-instituto-de-investigaciones-agropecuarias"],"yoast_head":"<!-- This site is optimized with the Yoast SEO plugin v26.6 - https:\/\/yoast.com\/wordpress\/plugins\/seo\/ -->\n<title>INIA Intihuasi lidera simposio internacional sobre recarga de acu\u00edferos - Mundoagropecuario<\/title>\n<meta name=\"description\" content=\"En medio de compleja crisis h\u00eddrica en Coquimbo, INIA organiz\u00f3 simposio sobre recarga de acu\u00edferos con expertos de Chile y Pa\u00edses Bajos.\" \/>\n<meta name=\"robots\" content=\"index, follow, max-snippet:-1, max-image-preview:large, max-video-preview:-1\" \/>\n<link rel=\"canonical\" href=\"https:\/\/www.mundoagropecuario.cl\/new\/inia-intihuasi-lidera-simposio-internacional-sobre-recarga-de-acuiferos\/\" \/>\n<meta property=\"og:locale\" content=\"es_ES\" \/>\n<meta property=\"og:type\" content=\"article\" \/>\n<meta property=\"og:title\" content=\"INIA Intihuasi lidera simposio internacional sobre recarga de acu\u00edferos - Mundoagropecuario\" \/>\n<meta property=\"og:description\" content=\"En medio de compleja crisis h\u00eddrica en Coquimbo, INIA organiz\u00f3 simposio sobre recarga de acu\u00edferos con expertos de Chile y Pa\u00edses Bajos.\" \/>\n<meta property=\"og:url\" content=\"https:\/\/www.mundoagropecuario.cl\/new\/inia-intihuasi-lidera-simposio-internacional-sobre-recarga-de-acuiferos\/\" \/>\n<meta property=\"og:site_name\" content=\"Mundoagropecuario\" \/>\n<meta property=\"article:publisher\" content=\"https:\/\/www.facebook.com\/mundo.agropecuario.3\" \/>\n<meta property=\"article:published_time\" content=\"2025-05-19T20:27:18+00:00\" \/>\n<meta property=\"article:modified_time\" content=\"2025-05-22T16:14:18+00:00\" \/>\n<meta property=\"og:image\" content=\"https:\/\/www.mundoagropecuario.cl\/new\/wp-content\/uploads\/2025\/05\/Plantilla-estandar-mundo-acuicola-2025-05-19T162546.720-scaled.jpg\" \/>\n\t<meta property=\"og:image:width\" content=\"720\" \/>\n\t<meta property=\"og:image:height\" content=\"384\" \/>\n\t<meta property=\"og:image:type\" content=\"image\/jpeg\" \/>\n<meta name=\"author\" content=\"mundo\" \/>\n<meta name=\"twitter:card\" content=\"summary_large_image\" \/>\n<meta name=\"twitter:creator\" content=\"@MundoAgropecuar\" \/>\n<meta name=\"twitter:site\" content=\"@MundoAgropecuar\" \/>\n<meta name=\"twitter:label1\" content=\"Escrito por\" \/>\n\t<meta name=\"twitter:data1\" content=\"mundo\" \/>\n\t<meta name=\"twitter:label2\" content=\"Tiempo de lectura\" \/>\n\t<meta name=\"twitter:data2\" content=\"4 minutos\" \/>\n<script type=\"application\/ld+json\" class=\"yoast-schema-graph\">{\"@context\":\"https:\/\/schema.org\",\"@graph\":[{\"@type\":\"Article\",\"@id\":\"https:\/\/www.mundoagropecuario.cl\/new\/inia-intihuasi-lidera-simposio-internacional-sobre-recarga-de-acuiferos\/#article\",\"isPartOf\":{\"@id\":\"https:\/\/www.mundoagropecuario.cl\/new\/inia-intihuasi-lidera-simposio-internacional-sobre-recarga-de-acuiferos\/\"},\"author\":{\"name\":\"mundo\",\"@id\":\"https:\/\/www.mundoagropecuario.cl\/new\/#\/schema\/person\/4e9f74a82a7dac260eb1c44b7eebeb18\"},\"headline\":\"INIA Intihuasi lidera simposio internacional sobre recarga de acu\u00edferos\",\"datePublished\":\"2025-05-19T20:27:18+00:00\",\"dateModified\":\"2025-05-22T16:14:18+00:00\",\"mainEntityOfPage\":{\"@id\":\"https:\/\/www.mundoagropecuario.cl\/new\/inia-intihuasi-lidera-simposio-internacional-sobre-recarga-de-acuiferos\/\"},\"wordCount\":780,\"publisher\":{\"@id\":\"https:\/\/www.mundoagropecuario.cl\/new\/#organization\"},\"image\":{\"@id\":\"https:\/\/www.mundoagropecuario.cl\/new\/inia-intihuasi-lidera-simposio-internacional-sobre-recarga-de-acuiferos\/#primaryimage\"},\"thumbnailUrl\":\"https:\/\/www.mundoagropecuario.cl\/new\/wp-content\/uploads\/2025\/05\/Plantilla-estandar-mundo-acuicola-2025-05-19T162546.720-scaled.jpg\",\"keywords\":[\"Agricultura\",\"Agro\",\"crisis hidrica\",\"INIA\",\"INIA Intihuasi\",\"Instituto de Investigaciones Agropecuarias\"],\"articleSection\":[\"Agricultura\"],\"inLanguage\":\"es\"},{\"@type\":\"WebPage\",\"@id\":\"https:\/\/www.mundoagropecuario.cl\/new\/inia-intihuasi-lidera-simposio-internacional-sobre-recarga-de-acuiferos\/\",\"url\":\"https:\/\/www.mundoagropecuario.cl\/new\/inia-intihuasi-lidera-simposio-internacional-sobre-recarga-de-acuiferos\/\",\"name\":\"INIA Intihuasi lidera simposio internacional sobre recarga de acu\u00edferos - Mundoagropecuario\",\"isPartOf\":{\"@id\":\"https:\/\/www.mundoagropecuario.cl\/new\/#website\"},\"primaryImageOfPage\":{\"@id\":\"https:\/\/www.mundoagropecuario.cl\/new\/inia-intihuasi-lidera-simposio-internacional-sobre-recarga-de-acuiferos\/#primaryimage\"},\"image\":{\"@id\":\"https:\/\/www.mundoagropecuario.cl\/new\/inia-intihuasi-lidera-simposio-internacional-sobre-recarga-de-acuiferos\/#primaryimage\"},\"thumbnailUrl\":\"https:\/\/www.mundoagropecuario.cl\/new\/wp-content\/uploads\/2025\/05\/Plantilla-estandar-mundo-acuicola-2025-05-19T162546.720-scaled.jpg\",\"datePublished\":\"2025-05-19T20:27:18+00:00\",\"dateModified\":\"2025-05-22T16:14:18+00:00\",\"description\":\"En medio de compleja crisis h\u00eddrica en Coquimbo, INIA organiz\u00f3 simposio sobre recarga de acu\u00edferos con expertos de Chile y Pa\u00edses Bajos.\",\"breadcrumb\":{\"@id\":\"https:\/\/www.mundoagropecuario.cl\/new\/inia-intihuasi-lidera-simposio-internacional-sobre-recarga-de-acuiferos\/#breadcrumb\"},\"inLanguage\":\"es\",\"potentialAction\":[{\"@type\":\"ReadAction\",\"target\":[\"https:\/\/www.mundoagropecuario.cl\/new\/inia-intihuasi-lidera-simposio-internacional-sobre-recarga-de-acuiferos\/\"]}]},{\"@type\":\"ImageObject\",\"inLanguage\":\"es\",\"@id\":\"https:\/\/www.mundoagropecuario.cl\/new\/inia-intihuasi-lidera-simposio-internacional-sobre-recarga-de-acuiferos\/#primaryimage\",\"url\":\"https:\/\/www.mundoagropecuario.cl\/new\/wp-content\/uploads\/2025\/05\/Plantilla-estandar-mundo-acuicola-2025-05-19T162546.720-scaled.jpg\",\"contentUrl\":\"https:\/\/www.mundoagropecuario.cl\/new\/wp-content\/uploads\/2025\/05\/Plantilla-estandar-mundo-acuicola-2025-05-19T162546.720-scaled.jpg\",\"width\":720,\"height\":384},{\"@type\":\"BreadcrumbList\",\"@id\":\"https:\/\/www.mundoagropecuario.cl\/new\/inia-intihuasi-lidera-simposio-internacional-sobre-recarga-de-acuiferos\/#breadcrumb\",\"itemListElement\":[{\"@type\":\"ListItem\",\"position\":1,\"name\":\"Portada\",\"item\":\"https:\/\/www.mundoagropecuario.cl\/new\/\"},{\"@type\":\"ListItem\",\"position\":2,\"name\":\"INIA Intihuasi lidera simposio internacional sobre recarga de acu\u00edferos\"}]},{\"@type\":\"WebSite\",\"@id\":\"https:\/\/www.mundoagropecuario.cl\/new\/#website\",\"url\":\"https:\/\/www.mundoagropecuario.cl\/new\/\",\"name\":\"Mundoagropecuario\",\"description\":\"Mundo Agropecuario\",\"publisher\":{\"@id\":\"https:\/\/www.mundoagropecuario.cl\/new\/#organization\"},\"potentialAction\":[{\"@type\":\"SearchAction\",\"target\":{\"@type\":\"EntryPoint\",\"urlTemplate\":\"https:\/\/www.mundoagropecuario.cl\/new\/?s={search_term_string}\"},\"query-input\":{\"@type\":\"PropertyValueSpecification\",\"valueRequired\":true,\"valueName\":\"search_term_string\"}}],\"inLanguage\":\"es\"},{\"@type\":\"Organization\",\"@id\":\"https:\/\/www.mundoagropecuario.cl\/new\/#organization\",\"name\":\"Revista de Agricultura\",\"url\":\"https:\/\/www.mundoagropecuario.cl\/new\/\",\"logo\":{\"@type\":\"ImageObject\",\"inLanguage\":\"es\",\"@id\":\"https:\/\/www.mundoagropecuario.cl\/new\/#\/schema\/logo\/image\/\",\"url\":\"https:\/\/www.mundoagropecuario.cl\/new\/wp-content\/uploads\/2020\/11\/PORTAL-1-1.png\",\"contentUrl\":\"https:\/\/www.mundoagropecuario.cl\/new\/wp-content\/uploads\/2020\/11\/PORTAL-1-1.png\",\"width\":1026,\"height\":100,\"caption\":\"Revista de Agricultura\"},\"image\":{\"@id\":\"https:\/\/www.mundoagropecuario.cl\/new\/#\/schema\/logo\/image\/\"},\"sameAs\":[\"https:\/\/www.facebook.com\/mundo.agropecuario.3\",\"https:\/\/x.com\/MundoAgropecuar\",\"https:\/\/www.linkedin.com\/in\/mundo-agropecuario-934009201\/\"]},{\"@type\":\"Person\",\"@id\":\"https:\/\/www.mundoagropecuario.cl\/new\/#\/schema\/person\/4e9f74a82a7dac260eb1c44b7eebeb18\",\"name\":\"mundo\",\"url\":\"https:\/\/www.mundoagropecuario.cl\/new\/author\/mundo\/\"}]}<\/script>\n<!-- \/ Yoast SEO plugin. -->","yoast_head_json":{"title":"INIA Intihuasi lidera simposio internacional sobre recarga de acu\u00edferos - Mundoagropecuario","description":"En medio de compleja crisis h\u00eddrica en Coquimbo, INIA organiz\u00f3 simposio sobre recarga de acu\u00edferos con expertos de Chile y Pa\u00edses Bajos.","robots":{"index":"index","follow":"follow","max-snippet":"max-snippet:-1","max-image-preview":"max-image-preview:large","max-video-preview":"max-video-preview:-1"},"canonical":"https:\/\/www.mundoagropecuario.cl\/new\/inia-intihuasi-lidera-simposio-internacional-sobre-recarga-de-acuiferos\/","og_locale":"es_ES","og_type":"article","og_title":"INIA Intihuasi lidera simposio internacional sobre recarga de acu\u00edferos - Mundoagropecuario","og_description":"En medio de compleja crisis h\u00eddrica en Coquimbo, INIA organiz\u00f3 simposio sobre recarga de acu\u00edferos con expertos de Chile y Pa\u00edses Bajos.","og_url":"https:\/\/www.mundoagropecuario.cl\/new\/inia-intihuasi-lidera-simposio-internacional-sobre-recarga-de-acuiferos\/","og_site_name":"Mundoagropecuario","article_publisher":"https:\/\/www.facebook.com\/mundo.agropecuario.3","article_published_time":"2025-05-19T20:27:18+00:00","article_modified_time":"2025-05-22T16:14:18+00:00","og_image":[{"width":720,"height":384,"url":"https:\/\/www.mundoagropecuario.cl\/new\/wp-content\/uploads\/2025\/05\/Plantilla-estandar-mundo-acuicola-2025-05-19T162546.720-scaled.jpg","type":"image\/jpeg"}],"author":"mundo","twitter_card":"summary_large_image","twitter_creator":"@MundoAgropecuar","twitter_site":"@MundoAgropecuar","twitter_misc":{"Escrito por":"mundo","Tiempo de lectura":"4 minutos"},"schema":{"@context":"https:\/\/schema.org","@graph":[{"@type":"Article","@id":"https:\/\/www.mundoagropecuario.cl\/new\/inia-intihuasi-lidera-simposio-internacional-sobre-recarga-de-acuiferos\/#article","isPartOf":{"@id":"https:\/\/www.mundoagropecuario.cl\/new\/inia-intihuasi-lidera-simposio-internacional-sobre-recarga-de-acuiferos\/"},"author":{"name":"mundo","@id":"https:\/\/www.mundoagropecuario.cl\/new\/#\/schema\/person\/4e9f74a82a7dac260eb1c44b7eebeb18"},"headline":"INIA Intihuasi lidera simposio internacional sobre recarga de acu\u00edferos","datePublished":"2025-05-19T20:27:18+00:00","dateModified":"2025-05-22T16:14:18+00:00","mainEntityOfPage":{"@id":"https:\/\/www.mundoagropecuario.cl\/new\/inia-intihuasi-lidera-simposio-internacional-sobre-recarga-de-acuiferos\/"},"wordCount":780,"publisher":{"@id":"https:\/\/www.mundoagropecuario.cl\/new\/#organization"},"image":{"@id":"https:\/\/www.mundoagropecuario.cl\/new\/inia-intihuasi-lidera-simposio-internacional-sobre-recarga-de-acuiferos\/#primaryimage"},"thumbnailUrl":"https:\/\/www.mundoagropecuario.cl\/new\/wp-content\/uploads\/2025\/05\/Plantilla-estandar-mundo-acuicola-2025-05-19T162546.720-scaled.jpg","keywords":["Agricultura","Agro","crisis hidrica","INIA","INIA Intihuasi","Instituto de Investigaciones Agropecuarias"],"articleSection":["Agricultura"],"inLanguage":"es"},{"@type":"WebPage","@id":"https:\/\/www.mundoagropecuario.cl\/new\/inia-intihuasi-lidera-simposio-internacional-sobre-recarga-de-acuiferos\/","url":"https:\/\/www.mundoagropecuario.cl\/new\/inia-intihuasi-lidera-simposio-internacional-sobre-recarga-de-acuiferos\/","name":"INIA Intihuasi lidera simposio internacional sobre recarga de acu\u00edferos - Mundoagropecuario","isPartOf":{"@id":"https:\/\/www.mundoagropecuario.cl\/new\/#website"},"primaryImageOfPage":{"@id":"https:\/\/www.mundoagropecuario.cl\/new\/inia-intihuasi-lidera-simposio-internacional-sobre-recarga-de-acuiferos\/#primaryimage"},"image":{"@id":"https:\/\/www.mundoagropecuario.cl\/new\/inia-intihuasi-lidera-simposio-internacional-sobre-recarga-de-acuiferos\/#primaryimage"},"thumbnailUrl":"https:\/\/www.mundoagropecuario.cl\/new\/wp-content\/uploads\/2025\/05\/Plantilla-estandar-mundo-acuicola-2025-05-19T162546.720-scaled.jpg","datePublished":"2025-05-19T20:27:18+00:00","dateModified":"2025-05-22T16:14:18+00:00","description":"En medio de compleja crisis h\u00eddrica en Coquimbo, INIA organiz\u00f3 simposio sobre recarga de acu\u00edferos con expertos de Chile y Pa\u00edses Bajos.","breadcrumb":{"@id":"https:\/\/www.mundoagropecuario.cl\/new\/inia-intihuasi-lidera-simposio-internacional-sobre-recarga-de-acuiferos\/#breadcrumb"},"inLanguage":"es","potentialAction":[{"@type":"ReadAction","target":["https:\/\/www.mundoagropecuario.cl\/new\/inia-intihuasi-lidera-simposio-internacional-sobre-recarga-de-acuiferos\/"]}]},{"@type":"ImageObject","inLanguage":"es","@id":"https:\/\/www.mundoagropecuario.cl\/new\/inia-intihuasi-lidera-simposio-internacional-sobre-recarga-de-acuiferos\/#primaryimage","url":"https:\/\/www.mundoagropecuario.cl\/new\/wp-content\/uploads\/2025\/05\/Plantilla-estandar-mundo-acuicola-2025-05-19T162546.720-scaled.jpg","contentUrl":"https:\/\/www.mundoagropecuario.cl\/new\/wp-content\/uploads\/2025\/05\/Plantilla-estandar-mundo-acuicola-2025-05-19T162546.720-scaled.jpg","width":720,"height":384},{"@type":"BreadcrumbList","@id":"https:\/\/www.mundoagropecuario.cl\/new\/inia-intihuasi-lidera-simposio-internacional-sobre-recarga-de-acuiferos\/#breadcrumb","itemListElement":[{"@type":"ListItem","position":1,"name":"Portada","item":"https:\/\/www.mundoagropecuario.cl\/new\/"},{"@type":"ListItem","position":2,"name":"INIA Intihuasi lidera simposio internacional sobre recarga de acu\u00edferos"}]},{"@type":"WebSite","@id":"https:\/\/www.mundoagropecuario.cl\/new\/#website","url":"https:\/\/www.mundoagropecuario.cl\/new\/","name":"Mundoagropecuario","description":"Mundo Agropecuario","publisher":{"@id":"https:\/\/www.mundoagropecuario.cl\/new\/#organization"},"potentialAction":[{"@type":"SearchAction","target":{"@type":"EntryPoint","urlTemplate":"https:\/\/www.mundoagropecuario.cl\/new\/?s={search_term_string}"},"query-input":{"@type":"PropertyValueSpecification","valueRequired":true,"valueName":"search_term_string"}}],"inLanguage":"es"},{"@type":"Organization","@id":"https:\/\/www.mundoagropecuario.cl\/new\/#organization","name":"Revista de Agricultura","url":"https:\/\/www.mundoagropecuario.cl\/new\/","logo":{"@type":"ImageObject","inLanguage":"es","@id":"https:\/\/www.mundoagropecuario.cl\/new\/#\/schema\/logo\/image\/","url":"https:\/\/www.mundoagropecuario.cl\/new\/wp-content\/uploads\/2020\/11\/PORTAL-1-1.png","contentUrl":"https:\/\/www.mundoagropecuario.cl\/new\/wp-content\/uploads\/2020\/11\/PORTAL-1-1.png","width":1026,"height":100,"caption":"Revista de Agricultura"},"image":{"@id":"https:\/\/www.mundoagropecuario.cl\/new\/#\/schema\/logo\/image\/"},"sameAs":["https:\/\/www.facebook.com\/mundo.agropecuario.3","https:\/\/x.com\/MundoAgropecuar","https:\/\/www.linkedin.com\/in\/mundo-agropecuario-934009201\/"]},{"@type":"Person","@id":"https:\/\/www.mundoagropecuario.cl\/new\/#\/schema\/person\/4e9f74a82a7dac260eb1c44b7eebeb18","name":"mundo","url":"https:\/\/www.mundoagropecuario.cl\/new\/author\/mundo\/"}]}},"_links":{"self":[{"href":"https:\/\/www.mundoagropecuario.cl\/new\/wp-json\/wp\/v2\/posts\/26826","targetHints":{"allow":["GET"]}}],"collection":[{"href":"https:\/\/www.mundoagropecuario.cl\/new\/wp-json\/wp\/v2\/posts"}],"about":[{"href":"https:\/\/www.mundoagropecuario.cl\/new\/wp-json\/wp\/v2\/types\/post"}],"author":[{"embeddable":true,"href":"https:\/\/www.mundoagropecuario.cl\/new\/wp-json\/wp\/v2\/users\/2"}],"replies":[{"embeddable":true,"href":"https:\/\/www.mundoagropecuario.cl\/new\/wp-json\/wp\/v2\/comments?post=26826"}],"version-history":[{"count":2,"href":"https:\/\/www.mundoagropecuario.cl\/new\/wp-json\/wp\/v2\/posts\/26826\/revisions"}],"predecessor-version":[{"id":26844,"href":"https:\/\/www.mundoagropecuario.cl\/new\/wp-json\/wp\/v2\/posts\/26826\/revisions\/26844"}],"wp:featuredmedia":[{"embeddable":true,"href":"https:\/\/www.mundoagropecuario.cl\/new\/wp-json\/wp\/v2\/media\/26827"}],"wp:attachment":[{"href":"https:\/\/www.mundoagropecuario.cl\/new\/wp-json\/wp\/v2\/media?parent=26826"}],"wp:term":[{"taxonomy":"category","embeddable":true,"href":"https:\/\/www.mundoagropecuario.cl\/new\/wp-json\/wp\/v2\/categories?post=26826"},{"taxonomy":"post_tag","embeddable":true,"href":"https:\/\/www.mundoagropecuario.cl\/new\/wp-json\/wp\/v2\/tags?post=26826"}],"curies":[{"name":"wp","href":"https:\/\/api.w.org\/{rel}","templated":true}]}}