{"id":26780,"date":"2025-05-14T10:13:58","date_gmt":"2025-05-14T13:13:58","guid":{"rendered":"https:\/\/www.mundoagropecuario.cl\/new\/?p=26780"},"modified":"2025-05-22T13:16:10","modified_gmt":"2025-05-22T16:16:10","slug":"columna-ong-campo-seguro-cuestiona-propuestas-de-la-comision-para-la-paz","status":"publish","type":"post","link":"https:\/\/www.mundoagropecuario.cl\/new\/columna-ong-campo-seguro-cuestiona-propuestas-de-la-comision-para-la-paz\/","title":{"rendered":"Columna: ONG Campo Seguro cuestiona propuestas de la Comisi\u00f3n para la Paz"},"content":{"rendered":"<blockquote><p><em>En su columna, la ONG Campo Seguro se refiere cr\u00edticamente a las propuestas entregadas por la Comisi\u00f3n para la Paz y el Entendimiento, cuestionando su efectividad ante la persistencia del terrorismo rural y la falta de garant\u00edas m\u00ednimas de seguridad para v\u00edctimas, propietarios y productores en el sur del pa\u00eds.<\/em><\/p><\/blockquote>\n<p><span style=\"font-weight: 400;\">La entrega de las propuestas de la Comisi\u00f3n para la Paz y el Entendimiento, ha generado, sin sorpresas, la cuadratura pol\u00edtica de uno y otro sector, por sobre su contenido. El no otorgamiento de unanimidad, precisamente de un representante agropecuario, que visibiliz\u00f3 a propietarios, v\u00edctimas y productore, implica que gran parte de las problem\u00e1ticas seguir\u00e1n perpetu\u00e1ndose.\u00a0\u00a0\u00a0<\/span><\/p>\n<p><span style=\"font-weight: 400;\">El atributo de la paz -seg\u00fan la Comisi\u00f3n- quedar\u00e1 supeditado a lo que determinen los tribunales de justicia respecto al terrorismo; las org\u00e1nicas radicales terroristas han desestimado las propuestas; y los actos terroristas contin\u00faan. \u00bfSer\u00e1 posible que estas propuestas terminen con las amenazas, coerciones, usurpaciones, atentados terroristas y el objetivo de lograr el desplazamiento forzado de personas y actividades productivas?.<\/span><\/p>\n<p><span style=\"font-weight: 400;\">Frente a esto, cabe preguntarse: \u00bftendr\u00e1n que \u201cacatarse\u201d estas propuestas carentes de se\u00f1ales en torno al terrorismo, seg\u00fan lo que indica irresponsablemente el Senador Iv\u00e1n Flores, adem\u00e1s, ex presidente de la Comisi\u00f3n de Seguridad del Senado? o se aborda punto por punto, como lo se\u00f1ala la Senadora Mar\u00eda Jos\u00e9 Gatica, respecto a que no se establecen condiciones m\u00ednimas de seguridad y se crean nuevos organismos aut\u00f3nomos, para diluir la acci\u00f3n efectiva del Estado.<\/span><\/p>\n<p><span style=\"font-weight: 400;\">Nuestro llamado es a los partidos pol\u00edticos y parlamentarios a actuar de manera sensata y responsable, analizar previamente cada una de las propuestas y no repetir los errores de la propia Ley de Desarrollo Ind\u00edgena y de la Ley de Espacios Costeros de Pueblos Originarios (Ley Lafkenche).<\/span><\/p>\n","protected":false},"excerpt":{"rendered":"<p>La ONG advierte que propuestas sin enfoque en seguridad perpet\u00faan amenazas y atentados que afectan a productores y propietarios rurales.<\/p>\n","protected":false},"author":2,"featured_media":26781,"comment_status":"closed","ping_status":"closed","sticky":false,"template":"","format":"standard","meta":{"footnotes":""},"categories":[126],"tags":[7542,9447,9778,9431,9777],"class_list":["post-26780","post","type-post","status-publish","format-standard","has-post-thumbnail","hentry","category-noticias","tag-campo","tag-campo-seguro","tag-comision-para-la-paz-y-el-entendimiento","tag-ong-campo-seguro","tag-terrorismo"],"yoast_head":"<!-- This site is optimized with the Yoast SEO plugin v26.6 - https:\/\/yoast.com\/wordpress\/plugins\/seo\/ -->\n<title>Columna: ONG Campo Seguro cuestiona propuestas de la Comisi\u00f3n para la Paz - Mundoagropecuario<\/title>\n<meta name=\"description\" content=\"La ONG advierte que propuestas sin enfoque en seguridad perpet\u00faan amenazas y atentados que afectan a productores y propietarios rurales.\" \/>\n<meta name=\"robots\" content=\"index, follow, max-snippet:-1, max-image-preview:large, max-video-preview:-1\" \/>\n<link rel=\"canonical\" href=\"https:\/\/www.mundoagropecuario.cl\/new\/columna-ong-campo-seguro-cuestiona-propuestas-de-la-comision-para-la-paz\/\" \/>\n<meta property=\"og:locale\" content=\"es_ES\" \/>\n<meta property=\"og:type\" content=\"article\" \/>\n<meta property=\"og:title\" content=\"Columna: ONG Campo Seguro cuestiona propuestas de la Comisi\u00f3n para la Paz - Mundoagropecuario\" \/>\n<meta property=\"og:description\" content=\"La ONG advierte que propuestas sin enfoque en seguridad perpet\u00faan amenazas y atentados que afectan a productores y propietarios rurales.\" \/>\n<meta property=\"og:url\" content=\"https:\/\/www.mundoagropecuario.cl\/new\/columna-ong-campo-seguro-cuestiona-propuestas-de-la-comision-para-la-paz\/\" \/>\n<meta property=\"og:site_name\" content=\"Mundoagropecuario\" \/>\n<meta property=\"article:publisher\" content=\"https:\/\/www.facebook.com\/mundo.agropecuario.3\" \/>\n<meta property=\"article:published_time\" content=\"2025-05-14T13:13:58+00:00\" \/>\n<meta property=\"article:modified_time\" content=\"2025-05-22T16:16:10+00:00\" \/>\n<meta property=\"og:image\" content=\"https:\/\/www.mundoagropecuario.cl\/new\/wp-content\/uploads\/2025\/05\/Plantilla-estandar-mundo-acuicola-96-scaled.jpg\" \/>\n\t<meta property=\"og:image:width\" content=\"720\" \/>\n\t<meta property=\"og:image:height\" content=\"384\" \/>\n\t<meta property=\"og:image:type\" content=\"image\/jpeg\" \/>\n<meta name=\"author\" content=\"mundo\" \/>\n<meta name=\"twitter:card\" content=\"summary_large_image\" \/>\n<meta name=\"twitter:creator\" content=\"@MundoAgropecuar\" \/>\n<meta name=\"twitter:site\" content=\"@MundoAgropecuar\" \/>\n<meta name=\"twitter:label1\" content=\"Escrito por\" \/>\n\t<meta name=\"twitter:data1\" content=\"mundo\" \/>\n\t<meta name=\"twitter:label2\" content=\"Tiempo de lectura\" \/>\n\t<meta name=\"twitter:data2\" content=\"2 minutos\" \/>\n<script type=\"application\/ld+json\" class=\"yoast-schema-graph\">{\"@context\":\"https:\/\/schema.org\",\"@graph\":[{\"@type\":\"Article\",\"@id\":\"https:\/\/www.mundoagropecuario.cl\/new\/columna-ong-campo-seguro-cuestiona-propuestas-de-la-comision-para-la-paz\/#article\",\"isPartOf\":{\"@id\":\"https:\/\/www.mundoagropecuario.cl\/new\/columna-ong-campo-seguro-cuestiona-propuestas-de-la-comision-para-la-paz\/\"},\"author\":{\"name\":\"mundo\",\"@id\":\"https:\/\/www.mundoagropecuario.cl\/new\/#\/schema\/person\/4e9f74a82a7dac260eb1c44b7eebeb18\"},\"headline\":\"Columna: ONG Campo Seguro cuestiona propuestas de la Comisi\u00f3n para la Paz\",\"datePublished\":\"2025-05-14T13:13:58+00:00\",\"dateModified\":\"2025-05-22T16:16:10+00:00\",\"mainEntityOfPage\":{\"@id\":\"https:\/\/www.mundoagropecuario.cl\/new\/columna-ong-campo-seguro-cuestiona-propuestas-de-la-comision-para-la-paz\/\"},\"wordCount\":328,\"publisher\":{\"@id\":\"https:\/\/www.mundoagropecuario.cl\/new\/#organization\"},\"image\":{\"@id\":\"https:\/\/www.mundoagropecuario.cl\/new\/columna-ong-campo-seguro-cuestiona-propuestas-de-la-comision-para-la-paz\/#primaryimage\"},\"thumbnailUrl\":\"https:\/\/www.mundoagropecuario.cl\/new\/wp-content\/uploads\/2025\/05\/Plantilla-estandar-mundo-acuicola-96-scaled.jpg\",\"keywords\":[\"Campo\",\"Campo Seguro\",\"Comisi\u00f3n para la Paz y el Entendimiento\",\"ONG Campo Seguro\",\"terrorismo\"],\"articleSection\":[\"Noticias\"],\"inLanguage\":\"es\"},{\"@type\":\"WebPage\",\"@id\":\"https:\/\/www.mundoagropecuario.cl\/new\/columna-ong-campo-seguro-cuestiona-propuestas-de-la-comision-para-la-paz\/\",\"url\":\"https:\/\/www.mundoagropecuario.cl\/new\/columna-ong-campo-seguro-cuestiona-propuestas-de-la-comision-para-la-paz\/\",\"name\":\"Columna: ONG Campo Seguro cuestiona propuestas de la Comisi\u00f3n para la Paz - Mundoagropecuario\",\"isPartOf\":{\"@id\":\"https:\/\/www.mundoagropecuario.cl\/new\/#website\"},\"primaryImageOfPage\":{\"@id\":\"https:\/\/www.mundoagropecuario.cl\/new\/columna-ong-campo-seguro-cuestiona-propuestas-de-la-comision-para-la-paz\/#primaryimage\"},\"image\":{\"@id\":\"https:\/\/www.mundoagropecuario.cl\/new\/columna-ong-campo-seguro-cuestiona-propuestas-de-la-comision-para-la-paz\/#primaryimage\"},\"thumbnailUrl\":\"https:\/\/www.mundoagropecuario.cl\/new\/wp-content\/uploads\/2025\/05\/Plantilla-estandar-mundo-acuicola-96-scaled.jpg\",\"datePublished\":\"2025-05-14T13:13:58+00:00\",\"dateModified\":\"2025-05-22T16:16:10+00:00\",\"description\":\"La ONG advierte que propuestas sin enfoque en seguridad perpet\u00faan amenazas y atentados que afectan a productores y propietarios rurales.\",\"breadcrumb\":{\"@id\":\"https:\/\/www.mundoagropecuario.cl\/new\/columna-ong-campo-seguro-cuestiona-propuestas-de-la-comision-para-la-paz\/#breadcrumb\"},\"inLanguage\":\"es\",\"potentialAction\":[{\"@type\":\"ReadAction\",\"target\":[\"https:\/\/www.mundoagropecuario.cl\/new\/columna-ong-campo-seguro-cuestiona-propuestas-de-la-comision-para-la-paz\/\"]}]},{\"@type\":\"ImageObject\",\"inLanguage\":\"es\",\"@id\":\"https:\/\/www.mundoagropecuario.cl\/new\/columna-ong-campo-seguro-cuestiona-propuestas-de-la-comision-para-la-paz\/#primaryimage\",\"url\":\"https:\/\/www.mundoagropecuario.cl\/new\/wp-content\/uploads\/2025\/05\/Plantilla-estandar-mundo-acuicola-96-scaled.jpg\",\"contentUrl\":\"https:\/\/www.mundoagropecuario.cl\/new\/wp-content\/uploads\/2025\/05\/Plantilla-estandar-mundo-acuicola-96-scaled.jpg\",\"width\":720,\"height\":384},{\"@type\":\"BreadcrumbList\",\"@id\":\"https:\/\/www.mundoagropecuario.cl\/new\/columna-ong-campo-seguro-cuestiona-propuestas-de-la-comision-para-la-paz\/#breadcrumb\",\"itemListElement\":[{\"@type\":\"ListItem\",\"position\":1,\"name\":\"Portada\",\"item\":\"https:\/\/www.mundoagropecuario.cl\/new\/\"},{\"@type\":\"ListItem\",\"position\":2,\"name\":\"Columna: ONG Campo Seguro cuestiona propuestas de la Comisi\u00f3n para la Paz\"}]},{\"@type\":\"WebSite\",\"@id\":\"https:\/\/www.mundoagropecuario.cl\/new\/#website\",\"url\":\"https:\/\/www.mundoagropecuario.cl\/new\/\",\"name\":\"Mundoagropecuario\",\"description\":\"Mundo Agropecuario\",\"publisher\":{\"@id\":\"https:\/\/www.mundoagropecuario.cl\/new\/#organization\"},\"potentialAction\":[{\"@type\":\"SearchAction\",\"target\":{\"@type\":\"EntryPoint\",\"urlTemplate\":\"https:\/\/www.mundoagropecuario.cl\/new\/?s={search_term_string}\"},\"query-input\":{\"@type\":\"PropertyValueSpecification\",\"valueRequired\":true,\"valueName\":\"search_term_string\"}}],\"inLanguage\":\"es\"},{\"@type\":\"Organization\",\"@id\":\"https:\/\/www.mundoagropecuario.cl\/new\/#organization\",\"name\":\"Revista de Agricultura\",\"url\":\"https:\/\/www.mundoagropecuario.cl\/new\/\",\"logo\":{\"@type\":\"ImageObject\",\"inLanguage\":\"es\",\"@id\":\"https:\/\/www.mundoagropecuario.cl\/new\/#\/schema\/logo\/image\/\",\"url\":\"https:\/\/www.mundoagropecuario.cl\/new\/wp-content\/uploads\/2020\/11\/PORTAL-1-1.png\",\"contentUrl\":\"https:\/\/www.mundoagropecuario.cl\/new\/wp-content\/uploads\/2020\/11\/PORTAL-1-1.png\",\"width\":1026,\"height\":100,\"caption\":\"Revista de Agricultura\"},\"image\":{\"@id\":\"https:\/\/www.mundoagropecuario.cl\/new\/#\/schema\/logo\/image\/\"},\"sameAs\":[\"https:\/\/www.facebook.com\/mundo.agropecuario.3\",\"https:\/\/x.com\/MundoAgropecuar\",\"https:\/\/www.linkedin.com\/in\/mundo-agropecuario-934009201\/\"]},{\"@type\":\"Person\",\"@id\":\"https:\/\/www.mundoagropecuario.cl\/new\/#\/schema\/person\/4e9f74a82a7dac260eb1c44b7eebeb18\",\"name\":\"mundo\",\"url\":\"https:\/\/www.mundoagropecuario.cl\/new\/author\/mundo\/\"}]}<\/script>\n<!-- \/ Yoast SEO plugin. -->","yoast_head_json":{"title":"Columna: ONG Campo Seguro cuestiona propuestas de la Comisi\u00f3n para la Paz - Mundoagropecuario","description":"La ONG advierte que propuestas sin enfoque en seguridad perpet\u00faan amenazas y atentados que afectan a productores y propietarios rurales.","robots":{"index":"index","follow":"follow","max-snippet":"max-snippet:-1","max-image-preview":"max-image-preview:large","max-video-preview":"max-video-preview:-1"},"canonical":"https:\/\/www.mundoagropecuario.cl\/new\/columna-ong-campo-seguro-cuestiona-propuestas-de-la-comision-para-la-paz\/","og_locale":"es_ES","og_type":"article","og_title":"Columna: ONG Campo Seguro cuestiona propuestas de la Comisi\u00f3n para la Paz - Mundoagropecuario","og_description":"La ONG advierte que propuestas sin enfoque en seguridad perpet\u00faan amenazas y atentados que afectan a productores y propietarios rurales.","og_url":"https:\/\/www.mundoagropecuario.cl\/new\/columna-ong-campo-seguro-cuestiona-propuestas-de-la-comision-para-la-paz\/","og_site_name":"Mundoagropecuario","article_publisher":"https:\/\/www.facebook.com\/mundo.agropecuario.3","article_published_time":"2025-05-14T13:13:58+00:00","article_modified_time":"2025-05-22T16:16:10+00:00","og_image":[{"width":720,"height":384,"url":"https:\/\/www.mundoagropecuario.cl\/new\/wp-content\/uploads\/2025\/05\/Plantilla-estandar-mundo-acuicola-96-scaled.jpg","type":"image\/jpeg"}],"author":"mundo","twitter_card":"summary_large_image","twitter_creator":"@MundoAgropecuar","twitter_site":"@MundoAgropecuar","twitter_misc":{"Escrito por":"mundo","Tiempo de lectura":"2 minutos"},"schema":{"@context":"https:\/\/schema.org","@graph":[{"@type":"Article","@id":"https:\/\/www.mundoagropecuario.cl\/new\/columna-ong-campo-seguro-cuestiona-propuestas-de-la-comision-para-la-paz\/#article","isPartOf":{"@id":"https:\/\/www.mundoagropecuario.cl\/new\/columna-ong-campo-seguro-cuestiona-propuestas-de-la-comision-para-la-paz\/"},"author":{"name":"mundo","@id":"https:\/\/www.mundoagropecuario.cl\/new\/#\/schema\/person\/4e9f74a82a7dac260eb1c44b7eebeb18"},"headline":"Columna: ONG Campo Seguro cuestiona propuestas de la Comisi\u00f3n para la Paz","datePublished":"2025-05-14T13:13:58+00:00","dateModified":"2025-05-22T16:16:10+00:00","mainEntityOfPage":{"@id":"https:\/\/www.mundoagropecuario.cl\/new\/columna-ong-campo-seguro-cuestiona-propuestas-de-la-comision-para-la-paz\/"},"wordCount":328,"publisher":{"@id":"https:\/\/www.mundoagropecuario.cl\/new\/#organization"},"image":{"@id":"https:\/\/www.mundoagropecuario.cl\/new\/columna-ong-campo-seguro-cuestiona-propuestas-de-la-comision-para-la-paz\/#primaryimage"},"thumbnailUrl":"https:\/\/www.mundoagropecuario.cl\/new\/wp-content\/uploads\/2025\/05\/Plantilla-estandar-mundo-acuicola-96-scaled.jpg","keywords":["Campo","Campo Seguro","Comisi\u00f3n para la Paz y el Entendimiento","ONG Campo Seguro","terrorismo"],"articleSection":["Noticias"],"inLanguage":"es"},{"@type":"WebPage","@id":"https:\/\/www.mundoagropecuario.cl\/new\/columna-ong-campo-seguro-cuestiona-propuestas-de-la-comision-para-la-paz\/","url":"https:\/\/www.mundoagropecuario.cl\/new\/columna-ong-campo-seguro-cuestiona-propuestas-de-la-comision-para-la-paz\/","name":"Columna: ONG Campo Seguro cuestiona propuestas de la Comisi\u00f3n para la Paz - Mundoagropecuario","isPartOf":{"@id":"https:\/\/www.mundoagropecuario.cl\/new\/#website"},"primaryImageOfPage":{"@id":"https:\/\/www.mundoagropecuario.cl\/new\/columna-ong-campo-seguro-cuestiona-propuestas-de-la-comision-para-la-paz\/#primaryimage"},"image":{"@id":"https:\/\/www.mundoagropecuario.cl\/new\/columna-ong-campo-seguro-cuestiona-propuestas-de-la-comision-para-la-paz\/#primaryimage"},"thumbnailUrl":"https:\/\/www.mundoagropecuario.cl\/new\/wp-content\/uploads\/2025\/05\/Plantilla-estandar-mundo-acuicola-96-scaled.jpg","datePublished":"2025-05-14T13:13:58+00:00","dateModified":"2025-05-22T16:16:10+00:00","description":"La ONG advierte que propuestas sin enfoque en seguridad perpet\u00faan amenazas y atentados que afectan a productores y propietarios rurales.","breadcrumb":{"@id":"https:\/\/www.mundoagropecuario.cl\/new\/columna-ong-campo-seguro-cuestiona-propuestas-de-la-comision-para-la-paz\/#breadcrumb"},"inLanguage":"es","potentialAction":[{"@type":"ReadAction","target":["https:\/\/www.mundoagropecuario.cl\/new\/columna-ong-campo-seguro-cuestiona-propuestas-de-la-comision-para-la-paz\/"]}]},{"@type":"ImageObject","inLanguage":"es","@id":"https:\/\/www.mundoagropecuario.cl\/new\/columna-ong-campo-seguro-cuestiona-propuestas-de-la-comision-para-la-paz\/#primaryimage","url":"https:\/\/www.mundoagropecuario.cl\/new\/wp-content\/uploads\/2025\/05\/Plantilla-estandar-mundo-acuicola-96-scaled.jpg","contentUrl":"https:\/\/www.mundoagropecuario.cl\/new\/wp-content\/uploads\/2025\/05\/Plantilla-estandar-mundo-acuicola-96-scaled.jpg","width":720,"height":384},{"@type":"BreadcrumbList","@id":"https:\/\/www.mundoagropecuario.cl\/new\/columna-ong-campo-seguro-cuestiona-propuestas-de-la-comision-para-la-paz\/#breadcrumb","itemListElement":[{"@type":"ListItem","position":1,"name":"Portada","item":"https:\/\/www.mundoagropecuario.cl\/new\/"},{"@type":"ListItem","position":2,"name":"Columna: ONG Campo Seguro cuestiona propuestas de la Comisi\u00f3n para la Paz"}]},{"@type":"WebSite","@id":"https:\/\/www.mundoagropecuario.cl\/new\/#website","url":"https:\/\/www.mundoagropecuario.cl\/new\/","name":"Mundoagropecuario","description":"Mundo Agropecuario","publisher":{"@id":"https:\/\/www.mundoagropecuario.cl\/new\/#organization"},"potentialAction":[{"@type":"SearchAction","target":{"@type":"EntryPoint","urlTemplate":"https:\/\/www.mundoagropecuario.cl\/new\/?s={search_term_string}"},"query-input":{"@type":"PropertyValueSpecification","valueRequired":true,"valueName":"search_term_string"}}],"inLanguage":"es"},{"@type":"Organization","@id":"https:\/\/www.mundoagropecuario.cl\/new\/#organization","name":"Revista de Agricultura","url":"https:\/\/www.mundoagropecuario.cl\/new\/","logo":{"@type":"ImageObject","inLanguage":"es","@id":"https:\/\/www.mundoagropecuario.cl\/new\/#\/schema\/logo\/image\/","url":"https:\/\/www.mundoagropecuario.cl\/new\/wp-content\/uploads\/2020\/11\/PORTAL-1-1.png","contentUrl":"https:\/\/www.mundoagropecuario.cl\/new\/wp-content\/uploads\/2020\/11\/PORTAL-1-1.png","width":1026,"height":100,"caption":"Revista de Agricultura"},"image":{"@id":"https:\/\/www.mundoagropecuario.cl\/new\/#\/schema\/logo\/image\/"},"sameAs":["https:\/\/www.facebook.com\/mundo.agropecuario.3","https:\/\/x.com\/MundoAgropecuar","https:\/\/www.linkedin.com\/in\/mundo-agropecuario-934009201\/"]},{"@type":"Person","@id":"https:\/\/www.mundoagropecuario.cl\/new\/#\/schema\/person\/4e9f74a82a7dac260eb1c44b7eebeb18","name":"mundo","url":"https:\/\/www.mundoagropecuario.cl\/new\/author\/mundo\/"}]}},"_links":{"self":[{"href":"https:\/\/www.mundoagropecuario.cl\/new\/wp-json\/wp\/v2\/posts\/26780","targetHints":{"allow":["GET"]}}],"collection":[{"href":"https:\/\/www.mundoagropecuario.cl\/new\/wp-json\/wp\/v2\/posts"}],"about":[{"href":"https:\/\/www.mundoagropecuario.cl\/new\/wp-json\/wp\/v2\/types\/post"}],"author":[{"embeddable":true,"href":"https:\/\/www.mundoagropecuario.cl\/new\/wp-json\/wp\/v2\/users\/2"}],"replies":[{"embeddable":true,"href":"https:\/\/www.mundoagropecuario.cl\/new\/wp-json\/wp\/v2\/comments?post=26780"}],"version-history":[{"count":1,"href":"https:\/\/www.mundoagropecuario.cl\/new\/wp-json\/wp\/v2\/posts\/26780\/revisions"}],"predecessor-version":[{"id":26782,"href":"https:\/\/www.mundoagropecuario.cl\/new\/wp-json\/wp\/v2\/posts\/26780\/revisions\/26782"}],"wp:featuredmedia":[{"embeddable":true,"href":"https:\/\/www.mundoagropecuario.cl\/new\/wp-json\/wp\/v2\/media\/26781"}],"wp:attachment":[{"href":"https:\/\/www.mundoagropecuario.cl\/new\/wp-json\/wp\/v2\/media?parent=26780"}],"wp:term":[{"taxonomy":"category","embeddable":true,"href":"https:\/\/www.mundoagropecuario.cl\/new\/wp-json\/wp\/v2\/categories?post=26780"},{"taxonomy":"post_tag","embeddable":true,"href":"https:\/\/www.mundoagropecuario.cl\/new\/wp-json\/wp\/v2\/tags?post=26780"}],"curies":[{"name":"wp","href":"https:\/\/api.w.org\/{rel}","templated":true}]}}