{"id":26724,"date":"2025-05-08T10:00:12","date_gmt":"2025-05-08T13:00:12","guid":{"rendered":"https:\/\/www.mundoagropecuario.cl\/new\/?p=26724"},"modified":"2025-05-13T13:26:26","modified_gmt":"2025-05-13T16:26:26","slug":"puerto-valparaiso-cierra-temporada-fruticola-con-alza-del-217","status":"publish","type":"post","link":"https:\/\/www.mundoagropecuario.cl\/new\/puerto-valparaiso-cierra-temporada-fruticola-con-alza-del-217\/","title":{"rendered":"Puerto Valpara\u00edso cierra temporada frut\u00edcola con alza del 21,7%"},"content":{"rendered":"<p>Un aumento significativo registr\u00f3 el env\u00edo de carga hortofrut\u00edcola desde Puerto Valpara\u00edso a los distintos mercados, en el balance de la temporada alta de exportaci\u00f3n de fruta que se desarroll\u00f3 entre noviembre 2024 y marzo 2025. En concreto, durante este periodo se exportaron 961.223 toneladas, lo que se tradujo en un 21,7% m\u00e1s que en el ciclo anterior.<\/p>\n<p>En el detalle se muestra que las cerezas fueron el tipo de fruta con mayor volumen enviado durante la temporada, con 285.077 toneladas movilizadas, equivalente a casi un tercio del total transferido. Lo siguen la uva de mesa con 254.316 toneladas; los nectarines con 200.165 toneladas y los ar\u00e1ndanos con 65.603 toneladas. Otras de las frutas enviadas desde Puerto Valpara\u00edso fueron los duraznos, peras, manzanas y paltas.<\/p>\n<p>Asimismo, a pesar de la alta demanda operacional, el sistema log\u00edstico portuario absorbi\u00f3 de buena manera esta cifra de toneladas movilizadas, donde se evidenci\u00f3 la importancia del PCS Silogport en el ingreso de los camiones, mejorando los tiempos de temporadas previas, pero seg\u00fan explican desde la estatal portuaria, a\u00fan con oportunidades de mejora que deben ser trabajadas.<\/p>\n<h3>Satisfechos<\/h3>\n<p>Juan Marcos Mancilla, gerente de Log\u00edstica de Puerto Valpara\u00edso, indic\u00f3 que \u201ca la luz de los n\u00fameros estamos muy satisfechos por c\u00f3mo se enfrent\u00f3 esta desafiante temporada, donde se realizaron reuniones de trabajo peri\u00f3dicas, a trav\u00e9s de la Mesa T\u00e1ctica que se conform\u00f3 para estos fines, con un muy buen resultado, que se ve reflejado en estas cifras. En esa l\u00ednea, la participaci\u00f3n de todos los actores involucrados fue, es y ser\u00e1 fundamental para lograr operar de la manera m\u00e1s eficiente y segura\u201d.<\/p>\n<p>\u201cEs importante recalcar que, al realizar el balance de esta temporada, nos impusimos algunos desaf\u00edos a tratar durante la siguiente temporada para seguir mejorando en nuestra operaci\u00f3n. La gesti\u00f3n con camiones de contenedores vac\u00edos de exportaci\u00f3n; el reforzamiento en el Sistema de Agendamiento; el ingreso a la ZEAL de los camiones desde el extraportuario al puerto; perfeccionamiento para reducir los tiempos de estad\u00eda de exportaci\u00f3n; y mejoras a las medidas de amortiguaci\u00f3n de contenedores en los escenarios de congesti\u00f3n, son algunos de los aspectos que se han acordado en fortalecer de cara al futuro\u201d, complement\u00f3 el ejecutivo.<\/p>\n<h3>Coordinaci\u00f3n<\/h3>\n<p>Braulio Cubillos, presidente del Foro Log\u00edstico de Valpara\u00edso (Folovap) y director regional de Aduana, se\u00f1al\u00f3 que \u201cpara nosotros como foro log\u00edstico tambi\u00e9n es un desaf\u00edo mantener los niveles de coordinaci\u00f3n suficientes para que este tipo de crecimiento se puedan sostener en el tiempo y, por lo dem\u00e1s, proyectar. Yo creo que en este caso ha sido, un buen dato de cierre de a\u00f1o, pero tambi\u00e9n con un llamado de atenci\u00f3n para que el proceso de trabajo y de coordinaci\u00f3n que se est\u00e1 realizando, se profundice a\u00fan m\u00e1s para tener mejores resultados en el futuro\u201d.<\/p>\n<p>Rodrigo Gallardo, secretario general de Frutas de Chile, se refiri\u00f3 al esfuerzo en optimizaci\u00f3n de procesos que signific\u00f3 particularmente esta temporada de fruta, destacando que \u201cel Puerto de Valpara\u00edso ha sido un actor clave. Primero, por el volumen de fruta que mueve, pero tambi\u00e9n por el programa que pusieron en marcha previo al inicio de la temporada para prepararse, para alistarse, para ajustar todas las piezas del sistema. Eso, sin duda, contribuy\u00f3 a que la temporada resultara como result\u00f3. Y al mismo tiempo, las sesiones semanales de la mesa t\u00e9cnica tambi\u00e9n permitieron ir haciendo seguimiento a ese plan, que, sin duda, ayud\u00f3 a que las cosas resultaran bien. Valoramos mucho ese esfuerzo y esperamos que sea un esfuerzo permanente en el puerto y en la comunidad log\u00edstica de Valpara\u00edso\u201d.<\/p>\n","protected":false},"excerpt":{"rendered":"<p>Puerto Valpara\u00edso export\u00f3 m\u00e1s de 961 mil toneladas de fruta entre noviembre y marzo, con un 21,7% de aumento respecto al ciclo anterior.<\/p>\n","protected":false},"author":2,"featured_media":26725,"comment_status":"closed","ping_status":"closed","sticky":false,"template":"","format":"standard","meta":{"footnotes":""},"categories":[1986],"tags":[3301,1105,2245,2934,9242,3699,2178,3196,9763,3124,3045],"class_list":["post-26724","post","type-post","status-publish","format-standard","has-post-thumbnail","hentry","category-frutas","tag-duraznos","tag-exportaciones","tag-frutas","tag-fruticola","tag-industria-fruticola","tag-manzanas","tag-paltas","tag-peras","tag-puerto-valparaiso","tag-uva","tag-uva-de-mesa"],"yoast_head":"<!-- This site is optimized with the Yoast SEO plugin v26.6 - https:\/\/yoast.com\/wordpress\/plugins\/seo\/ -->\n<title>Puerto Valpara\u00edso cierra temporada frut\u00edcola con alza del 21,7% - Mundoagropecuario<\/title>\n<meta name=\"description\" content=\"Puerto Valpara\u00edso export\u00f3 m\u00e1s de 961 mil toneladas de fruta entre noviembre y marzo, con un 21,7% de aumento respecto al ciclo anterior.\" \/>\n<meta name=\"robots\" content=\"index, follow, max-snippet:-1, max-image-preview:large, max-video-preview:-1\" \/>\n<link rel=\"canonical\" href=\"https:\/\/www.mundoagropecuario.cl\/new\/puerto-valparaiso-cierra-temporada-fruticola-con-alza-del-217\/\" \/>\n<meta property=\"og:locale\" content=\"es_ES\" \/>\n<meta property=\"og:type\" content=\"article\" \/>\n<meta property=\"og:title\" content=\"Puerto Valpara\u00edso cierra temporada frut\u00edcola con alza del 21,7% - Mundoagropecuario\" \/>\n<meta property=\"og:description\" content=\"Puerto Valpara\u00edso export\u00f3 m\u00e1s de 961 mil toneladas de fruta entre noviembre y marzo, con un 21,7% de aumento respecto al ciclo anterior.\" \/>\n<meta property=\"og:url\" content=\"https:\/\/www.mundoagropecuario.cl\/new\/puerto-valparaiso-cierra-temporada-fruticola-con-alza-del-217\/\" \/>\n<meta property=\"og:site_name\" content=\"Mundoagropecuario\" \/>\n<meta property=\"article:publisher\" content=\"https:\/\/www.facebook.com\/mundo.agropecuario.3\" \/>\n<meta property=\"article:published_time\" content=\"2025-05-08T13:00:12+00:00\" \/>\n<meta property=\"article:modified_time\" content=\"2025-05-13T16:26:26+00:00\" \/>\n<meta property=\"og:image\" content=\"https:\/\/www.mundoagropecuario.cl\/new\/wp-content\/uploads\/2025\/05\/Plantilla-estandar-mundo-acuicola-77-scaled.jpg\" \/>\n\t<meta property=\"og:image:width\" content=\"720\" \/>\n\t<meta property=\"og:image:height\" content=\"384\" \/>\n\t<meta property=\"og:image:type\" content=\"image\/jpeg\" \/>\n<meta name=\"author\" content=\"mundo\" \/>\n<meta name=\"twitter:card\" content=\"summary_large_image\" \/>\n<meta name=\"twitter:creator\" content=\"@MundoAgropecuar\" \/>\n<meta name=\"twitter:site\" content=\"@MundoAgropecuar\" \/>\n<meta name=\"twitter:label1\" content=\"Escrito por\" \/>\n\t<meta name=\"twitter:data1\" content=\"mundo\" \/>\n\t<meta name=\"twitter:label2\" content=\"Tiempo de lectura\" \/>\n\t<meta name=\"twitter:data2\" content=\"3 minutos\" \/>\n<script type=\"application\/ld+json\" class=\"yoast-schema-graph\">{\"@context\":\"https:\/\/schema.org\",\"@graph\":[{\"@type\":\"Article\",\"@id\":\"https:\/\/www.mundoagropecuario.cl\/new\/puerto-valparaiso-cierra-temporada-fruticola-con-alza-del-217\/#article\",\"isPartOf\":{\"@id\":\"https:\/\/www.mundoagropecuario.cl\/new\/puerto-valparaiso-cierra-temporada-fruticola-con-alza-del-217\/\"},\"author\":{\"name\":\"mundo\",\"@id\":\"https:\/\/www.mundoagropecuario.cl\/new\/#\/schema\/person\/4e9f74a82a7dac260eb1c44b7eebeb18\"},\"headline\":\"Puerto Valpara\u00edso cierra temporada frut\u00edcola con alza del 21,7%\",\"datePublished\":\"2025-05-08T13:00:12+00:00\",\"dateModified\":\"2025-05-13T16:26:26+00:00\",\"mainEntityOfPage\":{\"@id\":\"https:\/\/www.mundoagropecuario.cl\/new\/puerto-valparaiso-cierra-temporada-fruticola-con-alza-del-217\/\"},\"wordCount\":640,\"publisher\":{\"@id\":\"https:\/\/www.mundoagropecuario.cl\/new\/#organization\"},\"image\":{\"@id\":\"https:\/\/www.mundoagropecuario.cl\/new\/puerto-valparaiso-cierra-temporada-fruticola-con-alza-del-217\/#primaryimage\"},\"thumbnailUrl\":\"https:\/\/www.mundoagropecuario.cl\/new\/wp-content\/uploads\/2025\/05\/Plantilla-estandar-mundo-acuicola-77-scaled.jpg\",\"keywords\":[\"duraznos\",\"Exportaciones\",\"Frutas\",\"frut\u00edcola\",\"industria frut\u00edcola\",\"manzanas\",\"Paltas\",\"peras\",\"Puerto Valpara\u00edso\",\"uva\",\"Uva de mesa\"],\"articleSection\":[\"Frutas\"],\"inLanguage\":\"es\"},{\"@type\":\"WebPage\",\"@id\":\"https:\/\/www.mundoagropecuario.cl\/new\/puerto-valparaiso-cierra-temporada-fruticola-con-alza-del-217\/\",\"url\":\"https:\/\/www.mundoagropecuario.cl\/new\/puerto-valparaiso-cierra-temporada-fruticola-con-alza-del-217\/\",\"name\":\"Puerto Valpara\u00edso cierra temporada frut\u00edcola con alza del 21,7% - Mundoagropecuario\",\"isPartOf\":{\"@id\":\"https:\/\/www.mundoagropecuario.cl\/new\/#website\"},\"primaryImageOfPage\":{\"@id\":\"https:\/\/www.mundoagropecuario.cl\/new\/puerto-valparaiso-cierra-temporada-fruticola-con-alza-del-217\/#primaryimage\"},\"image\":{\"@id\":\"https:\/\/www.mundoagropecuario.cl\/new\/puerto-valparaiso-cierra-temporada-fruticola-con-alza-del-217\/#primaryimage\"},\"thumbnailUrl\":\"https:\/\/www.mundoagropecuario.cl\/new\/wp-content\/uploads\/2025\/05\/Plantilla-estandar-mundo-acuicola-77-scaled.jpg\",\"datePublished\":\"2025-05-08T13:00:12+00:00\",\"dateModified\":\"2025-05-13T16:26:26+00:00\",\"description\":\"Puerto Valpara\u00edso export\u00f3 m\u00e1s de 961 mil toneladas de fruta entre noviembre y marzo, con un 21,7% de aumento respecto al ciclo anterior.\",\"breadcrumb\":{\"@id\":\"https:\/\/www.mundoagropecuario.cl\/new\/puerto-valparaiso-cierra-temporada-fruticola-con-alza-del-217\/#breadcrumb\"},\"inLanguage\":\"es\",\"potentialAction\":[{\"@type\":\"ReadAction\",\"target\":[\"https:\/\/www.mundoagropecuario.cl\/new\/puerto-valparaiso-cierra-temporada-fruticola-con-alza-del-217\/\"]}]},{\"@type\":\"ImageObject\",\"inLanguage\":\"es\",\"@id\":\"https:\/\/www.mundoagropecuario.cl\/new\/puerto-valparaiso-cierra-temporada-fruticola-con-alza-del-217\/#primaryimage\",\"url\":\"https:\/\/www.mundoagropecuario.cl\/new\/wp-content\/uploads\/2025\/05\/Plantilla-estandar-mundo-acuicola-77-scaled.jpg\",\"contentUrl\":\"https:\/\/www.mundoagropecuario.cl\/new\/wp-content\/uploads\/2025\/05\/Plantilla-estandar-mundo-acuicola-77-scaled.jpg\",\"width\":720,\"height\":384},{\"@type\":\"BreadcrumbList\",\"@id\":\"https:\/\/www.mundoagropecuario.cl\/new\/puerto-valparaiso-cierra-temporada-fruticola-con-alza-del-217\/#breadcrumb\",\"itemListElement\":[{\"@type\":\"ListItem\",\"position\":1,\"name\":\"Portada\",\"item\":\"https:\/\/www.mundoagropecuario.cl\/new\/\"},{\"@type\":\"ListItem\",\"position\":2,\"name\":\"Puerto Valpara\u00edso cierra temporada frut\u00edcola con alza del 21,7%\"}]},{\"@type\":\"WebSite\",\"@id\":\"https:\/\/www.mundoagropecuario.cl\/new\/#website\",\"url\":\"https:\/\/www.mundoagropecuario.cl\/new\/\",\"name\":\"Mundoagropecuario\",\"description\":\"Mundo Agropecuario\",\"publisher\":{\"@id\":\"https:\/\/www.mundoagropecuario.cl\/new\/#organization\"},\"potentialAction\":[{\"@type\":\"SearchAction\",\"target\":{\"@type\":\"EntryPoint\",\"urlTemplate\":\"https:\/\/www.mundoagropecuario.cl\/new\/?s={search_term_string}\"},\"query-input\":{\"@type\":\"PropertyValueSpecification\",\"valueRequired\":true,\"valueName\":\"search_term_string\"}}],\"inLanguage\":\"es\"},{\"@type\":\"Organization\",\"@id\":\"https:\/\/www.mundoagropecuario.cl\/new\/#organization\",\"name\":\"Revista de Agricultura\",\"url\":\"https:\/\/www.mundoagropecuario.cl\/new\/\",\"logo\":{\"@type\":\"ImageObject\",\"inLanguage\":\"es\",\"@id\":\"https:\/\/www.mundoagropecuario.cl\/new\/#\/schema\/logo\/image\/\",\"url\":\"https:\/\/www.mundoagropecuario.cl\/new\/wp-content\/uploads\/2020\/11\/PORTAL-1-1.png\",\"contentUrl\":\"https:\/\/www.mundoagropecuario.cl\/new\/wp-content\/uploads\/2020\/11\/PORTAL-1-1.png\",\"width\":1026,\"height\":100,\"caption\":\"Revista de Agricultura\"},\"image\":{\"@id\":\"https:\/\/www.mundoagropecuario.cl\/new\/#\/schema\/logo\/image\/\"},\"sameAs\":[\"https:\/\/www.facebook.com\/mundo.agropecuario.3\",\"https:\/\/x.com\/MundoAgropecuar\",\"https:\/\/www.linkedin.com\/in\/mundo-agropecuario-934009201\/\"]},{\"@type\":\"Person\",\"@id\":\"https:\/\/www.mundoagropecuario.cl\/new\/#\/schema\/person\/4e9f74a82a7dac260eb1c44b7eebeb18\",\"name\":\"mundo\",\"url\":\"https:\/\/www.mundoagropecuario.cl\/new\/author\/mundo\/\"}]}<\/script>\n<!-- \/ Yoast SEO plugin. -->","yoast_head_json":{"title":"Puerto Valpara\u00edso cierra temporada frut\u00edcola con alza del 21,7% - Mundoagropecuario","description":"Puerto Valpara\u00edso export\u00f3 m\u00e1s de 961 mil toneladas de fruta entre noviembre y marzo, con un 21,7% de aumento respecto al ciclo anterior.","robots":{"index":"index","follow":"follow","max-snippet":"max-snippet:-1","max-image-preview":"max-image-preview:large","max-video-preview":"max-video-preview:-1"},"canonical":"https:\/\/www.mundoagropecuario.cl\/new\/puerto-valparaiso-cierra-temporada-fruticola-con-alza-del-217\/","og_locale":"es_ES","og_type":"article","og_title":"Puerto Valpara\u00edso cierra temporada frut\u00edcola con alza del 21,7% - Mundoagropecuario","og_description":"Puerto Valpara\u00edso export\u00f3 m\u00e1s de 961 mil toneladas de fruta entre noviembre y marzo, con un 21,7% de aumento respecto al ciclo anterior.","og_url":"https:\/\/www.mundoagropecuario.cl\/new\/puerto-valparaiso-cierra-temporada-fruticola-con-alza-del-217\/","og_site_name":"Mundoagropecuario","article_publisher":"https:\/\/www.facebook.com\/mundo.agropecuario.3","article_published_time":"2025-05-08T13:00:12+00:00","article_modified_time":"2025-05-13T16:26:26+00:00","og_image":[{"width":720,"height":384,"url":"https:\/\/www.mundoagropecuario.cl\/new\/wp-content\/uploads\/2025\/05\/Plantilla-estandar-mundo-acuicola-77-scaled.jpg","type":"image\/jpeg"}],"author":"mundo","twitter_card":"summary_large_image","twitter_creator":"@MundoAgropecuar","twitter_site":"@MundoAgropecuar","twitter_misc":{"Escrito por":"mundo","Tiempo de lectura":"3 minutos"},"schema":{"@context":"https:\/\/schema.org","@graph":[{"@type":"Article","@id":"https:\/\/www.mundoagropecuario.cl\/new\/puerto-valparaiso-cierra-temporada-fruticola-con-alza-del-217\/#article","isPartOf":{"@id":"https:\/\/www.mundoagropecuario.cl\/new\/puerto-valparaiso-cierra-temporada-fruticola-con-alza-del-217\/"},"author":{"name":"mundo","@id":"https:\/\/www.mundoagropecuario.cl\/new\/#\/schema\/person\/4e9f74a82a7dac260eb1c44b7eebeb18"},"headline":"Puerto Valpara\u00edso cierra temporada frut\u00edcola con alza del 21,7%","datePublished":"2025-05-08T13:00:12+00:00","dateModified":"2025-05-13T16:26:26+00:00","mainEntityOfPage":{"@id":"https:\/\/www.mundoagropecuario.cl\/new\/puerto-valparaiso-cierra-temporada-fruticola-con-alza-del-217\/"},"wordCount":640,"publisher":{"@id":"https:\/\/www.mundoagropecuario.cl\/new\/#organization"},"image":{"@id":"https:\/\/www.mundoagropecuario.cl\/new\/puerto-valparaiso-cierra-temporada-fruticola-con-alza-del-217\/#primaryimage"},"thumbnailUrl":"https:\/\/www.mundoagropecuario.cl\/new\/wp-content\/uploads\/2025\/05\/Plantilla-estandar-mundo-acuicola-77-scaled.jpg","keywords":["duraznos","Exportaciones","Frutas","frut\u00edcola","industria frut\u00edcola","manzanas","Paltas","peras","Puerto Valpara\u00edso","uva","Uva de mesa"],"articleSection":["Frutas"],"inLanguage":"es"},{"@type":"WebPage","@id":"https:\/\/www.mundoagropecuario.cl\/new\/puerto-valparaiso-cierra-temporada-fruticola-con-alza-del-217\/","url":"https:\/\/www.mundoagropecuario.cl\/new\/puerto-valparaiso-cierra-temporada-fruticola-con-alza-del-217\/","name":"Puerto Valpara\u00edso cierra temporada frut\u00edcola con alza del 21,7% - Mundoagropecuario","isPartOf":{"@id":"https:\/\/www.mundoagropecuario.cl\/new\/#website"},"primaryImageOfPage":{"@id":"https:\/\/www.mundoagropecuario.cl\/new\/puerto-valparaiso-cierra-temporada-fruticola-con-alza-del-217\/#primaryimage"},"image":{"@id":"https:\/\/www.mundoagropecuario.cl\/new\/puerto-valparaiso-cierra-temporada-fruticola-con-alza-del-217\/#primaryimage"},"thumbnailUrl":"https:\/\/www.mundoagropecuario.cl\/new\/wp-content\/uploads\/2025\/05\/Plantilla-estandar-mundo-acuicola-77-scaled.jpg","datePublished":"2025-05-08T13:00:12+00:00","dateModified":"2025-05-13T16:26:26+00:00","description":"Puerto Valpara\u00edso export\u00f3 m\u00e1s de 961 mil toneladas de fruta entre noviembre y marzo, con un 21,7% de aumento respecto al ciclo anterior.","breadcrumb":{"@id":"https:\/\/www.mundoagropecuario.cl\/new\/puerto-valparaiso-cierra-temporada-fruticola-con-alza-del-217\/#breadcrumb"},"inLanguage":"es","potentialAction":[{"@type":"ReadAction","target":["https:\/\/www.mundoagropecuario.cl\/new\/puerto-valparaiso-cierra-temporada-fruticola-con-alza-del-217\/"]}]},{"@type":"ImageObject","inLanguage":"es","@id":"https:\/\/www.mundoagropecuario.cl\/new\/puerto-valparaiso-cierra-temporada-fruticola-con-alza-del-217\/#primaryimage","url":"https:\/\/www.mundoagropecuario.cl\/new\/wp-content\/uploads\/2025\/05\/Plantilla-estandar-mundo-acuicola-77-scaled.jpg","contentUrl":"https:\/\/www.mundoagropecuario.cl\/new\/wp-content\/uploads\/2025\/05\/Plantilla-estandar-mundo-acuicola-77-scaled.jpg","width":720,"height":384},{"@type":"BreadcrumbList","@id":"https:\/\/www.mundoagropecuario.cl\/new\/puerto-valparaiso-cierra-temporada-fruticola-con-alza-del-217\/#breadcrumb","itemListElement":[{"@type":"ListItem","position":1,"name":"Portada","item":"https:\/\/www.mundoagropecuario.cl\/new\/"},{"@type":"ListItem","position":2,"name":"Puerto Valpara\u00edso cierra temporada frut\u00edcola con alza del 21,7%"}]},{"@type":"WebSite","@id":"https:\/\/www.mundoagropecuario.cl\/new\/#website","url":"https:\/\/www.mundoagropecuario.cl\/new\/","name":"Mundoagropecuario","description":"Mundo Agropecuario","publisher":{"@id":"https:\/\/www.mundoagropecuario.cl\/new\/#organization"},"potentialAction":[{"@type":"SearchAction","target":{"@type":"EntryPoint","urlTemplate":"https:\/\/www.mundoagropecuario.cl\/new\/?s={search_term_string}"},"query-input":{"@type":"PropertyValueSpecification","valueRequired":true,"valueName":"search_term_string"}}],"inLanguage":"es"},{"@type":"Organization","@id":"https:\/\/www.mundoagropecuario.cl\/new\/#organization","name":"Revista de Agricultura","url":"https:\/\/www.mundoagropecuario.cl\/new\/","logo":{"@type":"ImageObject","inLanguage":"es","@id":"https:\/\/www.mundoagropecuario.cl\/new\/#\/schema\/logo\/image\/","url":"https:\/\/www.mundoagropecuario.cl\/new\/wp-content\/uploads\/2020\/11\/PORTAL-1-1.png","contentUrl":"https:\/\/www.mundoagropecuario.cl\/new\/wp-content\/uploads\/2020\/11\/PORTAL-1-1.png","width":1026,"height":100,"caption":"Revista de Agricultura"},"image":{"@id":"https:\/\/www.mundoagropecuario.cl\/new\/#\/schema\/logo\/image\/"},"sameAs":["https:\/\/www.facebook.com\/mundo.agropecuario.3","https:\/\/x.com\/MundoAgropecuar","https:\/\/www.linkedin.com\/in\/mundo-agropecuario-934009201\/"]},{"@type":"Person","@id":"https:\/\/www.mundoagropecuario.cl\/new\/#\/schema\/person\/4e9f74a82a7dac260eb1c44b7eebeb18","name":"mundo","url":"https:\/\/www.mundoagropecuario.cl\/new\/author\/mundo\/"}]}},"_links":{"self":[{"href":"https:\/\/www.mundoagropecuario.cl\/new\/wp-json\/wp\/v2\/posts\/26724","targetHints":{"allow":["GET"]}}],"collection":[{"href":"https:\/\/www.mundoagropecuario.cl\/new\/wp-json\/wp\/v2\/posts"}],"about":[{"href":"https:\/\/www.mundoagropecuario.cl\/new\/wp-json\/wp\/v2\/types\/post"}],"author":[{"embeddable":true,"href":"https:\/\/www.mundoagropecuario.cl\/new\/wp-json\/wp\/v2\/users\/2"}],"replies":[{"embeddable":true,"href":"https:\/\/www.mundoagropecuario.cl\/new\/wp-json\/wp\/v2\/comments?post=26724"}],"version-history":[{"count":1,"href":"https:\/\/www.mundoagropecuario.cl\/new\/wp-json\/wp\/v2\/posts\/26724\/revisions"}],"predecessor-version":[{"id":26726,"href":"https:\/\/www.mundoagropecuario.cl\/new\/wp-json\/wp\/v2\/posts\/26724\/revisions\/26726"}],"wp:featuredmedia":[{"embeddable":true,"href":"https:\/\/www.mundoagropecuario.cl\/new\/wp-json\/wp\/v2\/media\/26725"}],"wp:attachment":[{"href":"https:\/\/www.mundoagropecuario.cl\/new\/wp-json\/wp\/v2\/media?parent=26724"}],"wp:term":[{"taxonomy":"category","embeddable":true,"href":"https:\/\/www.mundoagropecuario.cl\/new\/wp-json\/wp\/v2\/categories?post=26724"},{"taxonomy":"post_tag","embeddable":true,"href":"https:\/\/www.mundoagropecuario.cl\/new\/wp-json\/wp\/v2\/tags?post=26724"}],"curies":[{"name":"wp","href":"https:\/\/api.w.org\/{rel}","templated":true}]}}