{"id":26721,"date":"2025-05-08T10:00:00","date_gmt":"2025-05-08T13:00:00","guid":{"rendered":"https:\/\/www.mundoagropecuario.cl\/new\/?p=26721"},"modified":"2025-05-13T13:26:44","modified_gmt":"2025-05-13T16:26:44","slug":"en-puerto-montt-se-llevo-a-cabo-premiacion-regional-del-concurso-historias-de-nuestra-tierra","status":"publish","type":"post","link":"https:\/\/www.mundoagropecuario.cl\/new\/en-puerto-montt-se-llevo-a-cabo-premiacion-regional-del-concurso-historias-de-nuestra-tierra\/","title":{"rendered":"En Puerto Montt se llev\u00f3 a cabo premiaci\u00f3n regional del concurso Historias de nuestra tierra"},"content":{"rendered":"<p>Con un emocionante encuentro literario, donde hubo poes\u00eda, testimonios, di\u00e1logos y la invitaci\u00f3n a conformar un espacio de conversaci\u00f3n bajo el alero de la seremi de Agricultura y con la participaci\u00f3n de las y los ganadores del concurso \u201cHistorias de Nuestra Tierra\u201d, se llev\u00f3 a cabo en Puerto Montt, la premiaci\u00f3n del certamen que ya lleva 32 a\u00f1os construyendo memoria en nuestro pa\u00eds.<\/p>\n<p>M\u00e1s de 4.600 obras fueron recibidas desde todo Chile, y de ellas el jurado de este tradicional concurso organizado por la Fundaci\u00f3n de Comunicaciones, Capacitaci\u00f3n y Cultura del Agro (FUCOA), escogi\u00f3 10 obras regionales y dos nacionales en las categor\u00edas de Cuento, Poes\u00eda y Dibujo. Las obras recibidas destacan por preservar y transmitir la riqueza de las tradiciones, mitos, leyendas y saberes del mundo rural del pa\u00eds.<\/p>\n<h3>Premiaci\u00f3n<\/h3>\n<p>\u201cFue una muy linda premiaci\u00f3n la que tuvimos ac\u00e1 en Puerto Montt. En otras ocasiones la hemos hecho itinerante, pero hoy quer\u00edamos reunirnos para escucharnos, para conversar. Quer\u00edamos hacer algo m\u00e1s c\u00e1lido, donde tambi\u00e9n a trav\u00e9s de relatos en d\u00e9cima pudimos generar un espacio donde las tradiciones, los relatos estuvieron muy presentes\u201d expres\u00f3 la Secretaria Ministerial de Agricultura, Tania Salas Araya.<\/p>\n<p>Por su parte Joaqu\u00edn Asencio Vel\u00e1squez, de la localidad de Cululil, quien obtuvo el primer lugar regional de la categor\u00eda \u201ccuento menor de 14\u201d, no s\u00f3lo expres\u00f3 su felicidad por el premio, sino que tambi\u00e9n inst\u00f3 a las y los estudiantes, j\u00f3venes, a participar de este evento nacional.<\/p>\n<p>\u201cNunca esper\u00e9 obtener un premio tan grande. Para m\u00ed fue muy emocionante saber que hab\u00eda ganado. Yo vivo en el campo, y escrib\u00ed sobre una historia que me contaron. As\u00ed que no esperaba este premio\u201d se\u00f1al\u00f3 emocionado.<\/p>\n<p>En tanto el director de Indap Los Lagos, Francisco Parada, quien particip\u00f3 en la jornada, manifest\u00f3 que \u201ces importante reconocer el papel fundamental que juega la cultura en este componente identitario que tiene el campo, las tradiciones, el patrimonio inmaterial, por lo tanto, siempre vamos a estar presentes para poyar y reconocer este papel\u201d.<\/p>\n<h3>Tradiciones<\/h3>\n<p>Ximena Burgos, quien gan\u00f3 el primer lugar regional de poes\u00eda, elogi\u00f3 la iniciativa de Fucoa, \u201cpues existen pocas posibilidades para escribir sobre las tradiciones. Como poeta he ganado varios premios a nivel nacional, sin embargo, cuesta que los tradicional, aquellos que nos habilita como ser humanos en la tierra, sea aceptado en el mundo del conocimiento, Por eso es importante que existan este tipo de encuentros\u201d.<\/p>\n<p>Durante el evento, tambi\u00e9n nos acompa\u00f1\u00f3 el actor y director de la compa\u00f1\u00eda de Teatro \u201cAlopa\u201d, Iv\u00e1n Alvarez Araya, quien, junto con agradecer la invitaci\u00f3n a la ceremonia, manifest\u00f3 su deseo que \u201ceste concurso ojal\u00e1 exista por otros 33 a\u00f1os m\u00e1s, ya que es una instancia enriquecedora, ya que es muy importante que el arte, la cultura del campo y de la monta\u00f1a est\u00e9n presentes siempre.\u201d<\/p>\n<p>La premiaci\u00f3n cont\u00f3 con la destacada participaci\u00f3n del poeta y cantor popular Mario C\u00e1rdenas Godoy, quien encant\u00f3 a las y los invitados con sus declamaciones. Adem\u00e1s, se cont\u00f3 con la presencia de la Seremi de Gobierno, Danitza Ortiz; la Seremi de las Culturas, Ana mar\u00eda Santos y el director regional del Sag, Francisco Briones.<\/p>\n<h3>Ganadores<\/h3>\n<p>En la categor\u00eda Cuento Menor, el primer lugar fue otorgado a Joaqu\u00edn Andr\u00e9s Asencio Vel\u00e1zquez, de Cululil (Los Muermos), por su obra \u201cLa Doncella del lago\u201d; mientras que Maite Valeska Navarrete, de Puerto Montt, obtuvo el segundo lugar con su obra \u201cLa leyenda de Vicente P\u00e9rez Rosales\u201d.<\/p>\n<p>En Poes\u00eda, el primer lugar regional fue para Mar\u00eda Ximena Burgos, de Puerto Montt, con su poema \u201cAugurio\u201d; el segundo lugar fue otorgado a Constanza L\u00f3pez Cabello, de Osorno, con su poema \u201cDeseo a(u)stral de equinoccio de oto\u00f1o\u201d; el tercer lugar lo obtuvo Sara Aucapan Aucapan, de Osorno, con su obra \u201cAn\u00fcmka Trekakel\u00fc\u201d; y Julio Torres S\u00e1nchez, de Puerto Montt, obtuvo una menci\u00f3n honrosa por su trabajo \u201cLa \u00faltima gota del sur\u201d.<\/p>\n<p>Por otro lado, en la categor\u00eda Cuento Mayor, el primer lugar fue para Jorge Garc\u00eda Fuentealba, de Ancud, por el texto \u201cLa noche de los chalilos\u201d; en tanto que Mirna Isabel Y\u00e1\u00f1ez, de Osorno, obtuvo el segundo lugar con la obra \u201cRegalo\u201d; finalmente el tercer lugar regional fue para Luis Soussi Contreras, por su cuento \u201cD\u00eda de escuela en las islas\u201d.<\/p>\n<p>En Dibujo Educaci\u00f3n B\u00e1sica, la obra \u201cLa casa de los sue\u00f1os\u201d de la estudiante de Quinchao, Amalia Salas Gajardo, de siete a\u00f1os, obtuvo el tercer lugar nacional. Mientras que Lilian Victoria Buschmann, de Osorno, obtuvo el premio especial \u201cmito y leyendas\u201d por su trabajo \u201cGranja m\u00edtica del sur\u201d. Y finalmente, la estudiante del colegio \u201cSan Javier\u201d de Puerto Montt, Rosario Sandoval Guaquiante, obtuvo el tercer lugar nacional, en la categor\u00eda educaci\u00f3n media, con su trabajo \u201cLa mariscadora\u201d.<\/p>\n<h3>Convocatoria 2025<\/h3>\n<p>La convocatoria 2025 ofrece una variedad de premios para ni\u00f1os, ni\u00f1as, j\u00f3venes y adultos. Los ganadores recibir\u00e1n premios como notebooks, tablets, sets de escritura y hasta 500 mil pesos. Adem\u00e1s, todas las obras ganadoras se publicar\u00e1n en la &#8220;Antolog\u00eda&#8221; anual de FUCOA. Entre las novedades, se incluyen premios especiales en Cocina Tradicional y Gastronom\u00eda Chilena, que buscan resaltar la cultura de los platos ancestrales y t\u00edpicos de las distintas regiones de Chile. Tambi\u00e9n se ha ampliado el Premio a la Participaci\u00f3n Educativa, premiando a escuelas y docentes que destaquen en la categor\u00eda de cuento con notebooks o tablets.<\/p>\n<p>Otros premios especiales siguen vigentes, como &#8220;Pueblos Originarios&#8221;, para el cuento que mejor represente a los pueblos ind\u00edgenas de Chile, y &#8220;Mujer Rural&#8221;, para el cuento que valore el rol femenino en el mundo rural. Las obras pueden enviarse hasta el 27 de junio de 2025 a trav\u00e9s del sitio web www.historiasdenuestratierra.cl, donde tambi\u00e9n se pueden consultar las bases, resultados anteriores y material educativo sobre el concurso.<\/p>\n","protected":false},"excerpt":{"rendered":"<p>Desde Cululil hasta Quinchao son los ganadores regionales en el concurso \u201cHistorias de Nuestra Tierra\u201d de la regi\u00f3n de Los Lagos.<\/p>\n","protected":false},"author":2,"featured_media":26722,"comment_status":"closed","ping_status":"closed","sticky":false,"template":"","format":"standard","meta":{"footnotes":""},"categories":[126],"tags":[4124,2090,3127,2155,1992,9579,2035,1978],"class_list":["post-26721","post","type-post","status-publish","format-standard","has-post-thumbnail","hentry","category-noticias","tag-agricola","tag-agricultura","tag-agro","tag-fucoa","tag-indap","tag-instituto-de-desarrollo-agropecuario","tag-minagri","tag-seremi-de-agricultura"],"yoast_head":"<!-- This site is optimized with the Yoast SEO plugin v26.6 - https:\/\/yoast.com\/wordpress\/plugins\/seo\/ -->\n<title>En Puerto Montt se llev\u00f3 a cabo premiaci\u00f3n regional del concurso Historias de nuestra tierra - Mundoagropecuario<\/title>\n<meta name=\"description\" content=\"Desde Cululil hasta Quinchao son los ganadores regionales en el concurso \u201cHistorias de Nuestra Tierra\u201d de la regi\u00f3n de Los Lagos.\" \/>\n<meta name=\"robots\" content=\"index, follow, max-snippet:-1, max-image-preview:large, max-video-preview:-1\" \/>\n<link rel=\"canonical\" href=\"https:\/\/www.mundoagropecuario.cl\/new\/en-puerto-montt-se-llevo-a-cabo-premiacion-regional-del-concurso-historias-de-nuestra-tierra\/\" \/>\n<meta property=\"og:locale\" content=\"es_ES\" \/>\n<meta property=\"og:type\" content=\"article\" \/>\n<meta property=\"og:title\" content=\"En Puerto Montt se llev\u00f3 a cabo premiaci\u00f3n regional del concurso Historias de nuestra tierra - Mundoagropecuario\" \/>\n<meta property=\"og:description\" content=\"Desde Cululil hasta Quinchao son los ganadores regionales en el concurso \u201cHistorias de Nuestra Tierra\u201d de la regi\u00f3n de Los Lagos.\" \/>\n<meta property=\"og:url\" content=\"https:\/\/www.mundoagropecuario.cl\/new\/en-puerto-montt-se-llevo-a-cabo-premiacion-regional-del-concurso-historias-de-nuestra-tierra\/\" \/>\n<meta property=\"og:site_name\" content=\"Mundoagropecuario\" \/>\n<meta property=\"article:publisher\" content=\"https:\/\/www.facebook.com\/mundo.agropecuario.3\" \/>\n<meta property=\"article:published_time\" content=\"2025-05-08T13:00:00+00:00\" \/>\n<meta property=\"article:modified_time\" content=\"2025-05-13T16:26:44+00:00\" \/>\n<meta property=\"og:image\" content=\"https:\/\/www.mundoagropecuario.cl\/new\/wp-content\/uploads\/2025\/05\/Plantilla-estandar-mundo-acuicola-76-scaled.jpg\" \/>\n\t<meta property=\"og:image:width\" content=\"720\" \/>\n\t<meta property=\"og:image:height\" content=\"384\" \/>\n\t<meta property=\"og:image:type\" content=\"image\/jpeg\" \/>\n<meta name=\"author\" content=\"mundo\" \/>\n<meta name=\"twitter:card\" content=\"summary_large_image\" \/>\n<meta name=\"twitter:creator\" content=\"@MundoAgropecuar\" \/>\n<meta name=\"twitter:site\" content=\"@MundoAgropecuar\" \/>\n<meta name=\"twitter:label1\" content=\"Escrito por\" \/>\n\t<meta name=\"twitter:data1\" content=\"mundo\" \/>\n\t<meta name=\"twitter:label2\" content=\"Tiempo de lectura\" \/>\n\t<meta name=\"twitter:data2\" content=\"5 minutos\" \/>\n<script type=\"application\/ld+json\" class=\"yoast-schema-graph\">{\"@context\":\"https:\/\/schema.org\",\"@graph\":[{\"@type\":\"Article\",\"@id\":\"https:\/\/www.mundoagropecuario.cl\/new\/en-puerto-montt-se-llevo-a-cabo-premiacion-regional-del-concurso-historias-de-nuestra-tierra\/#article\",\"isPartOf\":{\"@id\":\"https:\/\/www.mundoagropecuario.cl\/new\/en-puerto-montt-se-llevo-a-cabo-premiacion-regional-del-concurso-historias-de-nuestra-tierra\/\"},\"author\":{\"name\":\"mundo\",\"@id\":\"https:\/\/www.mundoagropecuario.cl\/new\/#\/schema\/person\/4e9f74a82a7dac260eb1c44b7eebeb18\"},\"headline\":\"En Puerto Montt se llev\u00f3 a cabo premiaci\u00f3n regional del concurso Historias de nuestra tierra\",\"datePublished\":\"2025-05-08T13:00:00+00:00\",\"dateModified\":\"2025-05-13T16:26:44+00:00\",\"mainEntityOfPage\":{\"@id\":\"https:\/\/www.mundoagropecuario.cl\/new\/en-puerto-montt-se-llevo-a-cabo-premiacion-regional-del-concurso-historias-de-nuestra-tierra\/\"},\"wordCount\":1036,\"publisher\":{\"@id\":\"https:\/\/www.mundoagropecuario.cl\/new\/#organization\"},\"image\":{\"@id\":\"https:\/\/www.mundoagropecuario.cl\/new\/en-puerto-montt-se-llevo-a-cabo-premiacion-regional-del-concurso-historias-de-nuestra-tierra\/#primaryimage\"},\"thumbnailUrl\":\"https:\/\/www.mundoagropecuario.cl\/new\/wp-content\/uploads\/2025\/05\/Plantilla-estandar-mundo-acuicola-76-scaled.jpg\",\"keywords\":[\"agricola\",\"Agricultura\",\"Agro\",\"Fucoa\",\"Indap\",\"Instituto de Desarrollo Agropecuario\",\"Minagri\",\"seremi de Agricultura\"],\"articleSection\":[\"Noticias\"],\"inLanguage\":\"es\"},{\"@type\":\"WebPage\",\"@id\":\"https:\/\/www.mundoagropecuario.cl\/new\/en-puerto-montt-se-llevo-a-cabo-premiacion-regional-del-concurso-historias-de-nuestra-tierra\/\",\"url\":\"https:\/\/www.mundoagropecuario.cl\/new\/en-puerto-montt-se-llevo-a-cabo-premiacion-regional-del-concurso-historias-de-nuestra-tierra\/\",\"name\":\"En Puerto Montt se llev\u00f3 a cabo premiaci\u00f3n regional del concurso Historias de nuestra tierra - Mundoagropecuario\",\"isPartOf\":{\"@id\":\"https:\/\/www.mundoagropecuario.cl\/new\/#website\"},\"primaryImageOfPage\":{\"@id\":\"https:\/\/www.mundoagropecuario.cl\/new\/en-puerto-montt-se-llevo-a-cabo-premiacion-regional-del-concurso-historias-de-nuestra-tierra\/#primaryimage\"},\"image\":{\"@id\":\"https:\/\/www.mundoagropecuario.cl\/new\/en-puerto-montt-se-llevo-a-cabo-premiacion-regional-del-concurso-historias-de-nuestra-tierra\/#primaryimage\"},\"thumbnailUrl\":\"https:\/\/www.mundoagropecuario.cl\/new\/wp-content\/uploads\/2025\/05\/Plantilla-estandar-mundo-acuicola-76-scaled.jpg\",\"datePublished\":\"2025-05-08T13:00:00+00:00\",\"dateModified\":\"2025-05-13T16:26:44+00:00\",\"description\":\"Desde Cululil hasta Quinchao son los ganadores regionales en el concurso \u201cHistorias de Nuestra Tierra\u201d de la regi\u00f3n de Los Lagos.\",\"breadcrumb\":{\"@id\":\"https:\/\/www.mundoagropecuario.cl\/new\/en-puerto-montt-se-llevo-a-cabo-premiacion-regional-del-concurso-historias-de-nuestra-tierra\/#breadcrumb\"},\"inLanguage\":\"es\",\"potentialAction\":[{\"@type\":\"ReadAction\",\"target\":[\"https:\/\/www.mundoagropecuario.cl\/new\/en-puerto-montt-se-llevo-a-cabo-premiacion-regional-del-concurso-historias-de-nuestra-tierra\/\"]}]},{\"@type\":\"ImageObject\",\"inLanguage\":\"es\",\"@id\":\"https:\/\/www.mundoagropecuario.cl\/new\/en-puerto-montt-se-llevo-a-cabo-premiacion-regional-del-concurso-historias-de-nuestra-tierra\/#primaryimage\",\"url\":\"https:\/\/www.mundoagropecuario.cl\/new\/wp-content\/uploads\/2025\/05\/Plantilla-estandar-mundo-acuicola-76-scaled.jpg\",\"contentUrl\":\"https:\/\/www.mundoagropecuario.cl\/new\/wp-content\/uploads\/2025\/05\/Plantilla-estandar-mundo-acuicola-76-scaled.jpg\",\"width\":720,\"height\":384},{\"@type\":\"BreadcrumbList\",\"@id\":\"https:\/\/www.mundoagropecuario.cl\/new\/en-puerto-montt-se-llevo-a-cabo-premiacion-regional-del-concurso-historias-de-nuestra-tierra\/#breadcrumb\",\"itemListElement\":[{\"@type\":\"ListItem\",\"position\":1,\"name\":\"Portada\",\"item\":\"https:\/\/www.mundoagropecuario.cl\/new\/\"},{\"@type\":\"ListItem\",\"position\":2,\"name\":\"En Puerto Montt se llev\u00f3 a cabo premiaci\u00f3n regional del concurso Historias de nuestra tierra\"}]},{\"@type\":\"WebSite\",\"@id\":\"https:\/\/www.mundoagropecuario.cl\/new\/#website\",\"url\":\"https:\/\/www.mundoagropecuario.cl\/new\/\",\"name\":\"Mundoagropecuario\",\"description\":\"Mundo Agropecuario\",\"publisher\":{\"@id\":\"https:\/\/www.mundoagropecuario.cl\/new\/#organization\"},\"potentialAction\":[{\"@type\":\"SearchAction\",\"target\":{\"@type\":\"EntryPoint\",\"urlTemplate\":\"https:\/\/www.mundoagropecuario.cl\/new\/?s={search_term_string}\"},\"query-input\":{\"@type\":\"PropertyValueSpecification\",\"valueRequired\":true,\"valueName\":\"search_term_string\"}}],\"inLanguage\":\"es\"},{\"@type\":\"Organization\",\"@id\":\"https:\/\/www.mundoagropecuario.cl\/new\/#organization\",\"name\":\"Revista de Agricultura\",\"url\":\"https:\/\/www.mundoagropecuario.cl\/new\/\",\"logo\":{\"@type\":\"ImageObject\",\"inLanguage\":\"es\",\"@id\":\"https:\/\/www.mundoagropecuario.cl\/new\/#\/schema\/logo\/image\/\",\"url\":\"https:\/\/www.mundoagropecuario.cl\/new\/wp-content\/uploads\/2020\/11\/PORTAL-1-1.png\",\"contentUrl\":\"https:\/\/www.mundoagropecuario.cl\/new\/wp-content\/uploads\/2020\/11\/PORTAL-1-1.png\",\"width\":1026,\"height\":100,\"caption\":\"Revista de Agricultura\"},\"image\":{\"@id\":\"https:\/\/www.mundoagropecuario.cl\/new\/#\/schema\/logo\/image\/\"},\"sameAs\":[\"https:\/\/www.facebook.com\/mundo.agropecuario.3\",\"https:\/\/x.com\/MundoAgropecuar\",\"https:\/\/www.linkedin.com\/in\/mundo-agropecuario-934009201\/\"]},{\"@type\":\"Person\",\"@id\":\"https:\/\/www.mundoagropecuario.cl\/new\/#\/schema\/person\/4e9f74a82a7dac260eb1c44b7eebeb18\",\"name\":\"mundo\",\"url\":\"https:\/\/www.mundoagropecuario.cl\/new\/author\/mundo\/\"}]}<\/script>\n<!-- \/ Yoast SEO plugin. -->","yoast_head_json":{"title":"En Puerto Montt se llev\u00f3 a cabo premiaci\u00f3n regional del concurso Historias de nuestra tierra - Mundoagropecuario","description":"Desde Cululil hasta Quinchao son los ganadores regionales en el concurso \u201cHistorias de Nuestra Tierra\u201d de la regi\u00f3n de Los Lagos.","robots":{"index":"index","follow":"follow","max-snippet":"max-snippet:-1","max-image-preview":"max-image-preview:large","max-video-preview":"max-video-preview:-1"},"canonical":"https:\/\/www.mundoagropecuario.cl\/new\/en-puerto-montt-se-llevo-a-cabo-premiacion-regional-del-concurso-historias-de-nuestra-tierra\/","og_locale":"es_ES","og_type":"article","og_title":"En Puerto Montt se llev\u00f3 a cabo premiaci\u00f3n regional del concurso Historias de nuestra tierra - Mundoagropecuario","og_description":"Desde Cululil hasta Quinchao son los ganadores regionales en el concurso \u201cHistorias de Nuestra Tierra\u201d de la regi\u00f3n de Los Lagos.","og_url":"https:\/\/www.mundoagropecuario.cl\/new\/en-puerto-montt-se-llevo-a-cabo-premiacion-regional-del-concurso-historias-de-nuestra-tierra\/","og_site_name":"Mundoagropecuario","article_publisher":"https:\/\/www.facebook.com\/mundo.agropecuario.3","article_published_time":"2025-05-08T13:00:00+00:00","article_modified_time":"2025-05-13T16:26:44+00:00","og_image":[{"width":720,"height":384,"url":"https:\/\/www.mundoagropecuario.cl\/new\/wp-content\/uploads\/2025\/05\/Plantilla-estandar-mundo-acuicola-76-scaled.jpg","type":"image\/jpeg"}],"author":"mundo","twitter_card":"summary_large_image","twitter_creator":"@MundoAgropecuar","twitter_site":"@MundoAgropecuar","twitter_misc":{"Escrito por":"mundo","Tiempo de lectura":"5 minutos"},"schema":{"@context":"https:\/\/schema.org","@graph":[{"@type":"Article","@id":"https:\/\/www.mundoagropecuario.cl\/new\/en-puerto-montt-se-llevo-a-cabo-premiacion-regional-del-concurso-historias-de-nuestra-tierra\/#article","isPartOf":{"@id":"https:\/\/www.mundoagropecuario.cl\/new\/en-puerto-montt-se-llevo-a-cabo-premiacion-regional-del-concurso-historias-de-nuestra-tierra\/"},"author":{"name":"mundo","@id":"https:\/\/www.mundoagropecuario.cl\/new\/#\/schema\/person\/4e9f74a82a7dac260eb1c44b7eebeb18"},"headline":"En Puerto Montt se llev\u00f3 a cabo premiaci\u00f3n regional del concurso Historias de nuestra tierra","datePublished":"2025-05-08T13:00:00+00:00","dateModified":"2025-05-13T16:26:44+00:00","mainEntityOfPage":{"@id":"https:\/\/www.mundoagropecuario.cl\/new\/en-puerto-montt-se-llevo-a-cabo-premiacion-regional-del-concurso-historias-de-nuestra-tierra\/"},"wordCount":1036,"publisher":{"@id":"https:\/\/www.mundoagropecuario.cl\/new\/#organization"},"image":{"@id":"https:\/\/www.mundoagropecuario.cl\/new\/en-puerto-montt-se-llevo-a-cabo-premiacion-regional-del-concurso-historias-de-nuestra-tierra\/#primaryimage"},"thumbnailUrl":"https:\/\/www.mundoagropecuario.cl\/new\/wp-content\/uploads\/2025\/05\/Plantilla-estandar-mundo-acuicola-76-scaled.jpg","keywords":["agricola","Agricultura","Agro","Fucoa","Indap","Instituto de Desarrollo Agropecuario","Minagri","seremi de Agricultura"],"articleSection":["Noticias"],"inLanguage":"es"},{"@type":"WebPage","@id":"https:\/\/www.mundoagropecuario.cl\/new\/en-puerto-montt-se-llevo-a-cabo-premiacion-regional-del-concurso-historias-de-nuestra-tierra\/","url":"https:\/\/www.mundoagropecuario.cl\/new\/en-puerto-montt-se-llevo-a-cabo-premiacion-regional-del-concurso-historias-de-nuestra-tierra\/","name":"En Puerto Montt se llev\u00f3 a cabo premiaci\u00f3n regional del concurso Historias de nuestra tierra - Mundoagropecuario","isPartOf":{"@id":"https:\/\/www.mundoagropecuario.cl\/new\/#website"},"primaryImageOfPage":{"@id":"https:\/\/www.mundoagropecuario.cl\/new\/en-puerto-montt-se-llevo-a-cabo-premiacion-regional-del-concurso-historias-de-nuestra-tierra\/#primaryimage"},"image":{"@id":"https:\/\/www.mundoagropecuario.cl\/new\/en-puerto-montt-se-llevo-a-cabo-premiacion-regional-del-concurso-historias-de-nuestra-tierra\/#primaryimage"},"thumbnailUrl":"https:\/\/www.mundoagropecuario.cl\/new\/wp-content\/uploads\/2025\/05\/Plantilla-estandar-mundo-acuicola-76-scaled.jpg","datePublished":"2025-05-08T13:00:00+00:00","dateModified":"2025-05-13T16:26:44+00:00","description":"Desde Cululil hasta Quinchao son los ganadores regionales en el concurso \u201cHistorias de Nuestra Tierra\u201d de la regi\u00f3n de Los Lagos.","breadcrumb":{"@id":"https:\/\/www.mundoagropecuario.cl\/new\/en-puerto-montt-se-llevo-a-cabo-premiacion-regional-del-concurso-historias-de-nuestra-tierra\/#breadcrumb"},"inLanguage":"es","potentialAction":[{"@type":"ReadAction","target":["https:\/\/www.mundoagropecuario.cl\/new\/en-puerto-montt-se-llevo-a-cabo-premiacion-regional-del-concurso-historias-de-nuestra-tierra\/"]}]},{"@type":"ImageObject","inLanguage":"es","@id":"https:\/\/www.mundoagropecuario.cl\/new\/en-puerto-montt-se-llevo-a-cabo-premiacion-regional-del-concurso-historias-de-nuestra-tierra\/#primaryimage","url":"https:\/\/www.mundoagropecuario.cl\/new\/wp-content\/uploads\/2025\/05\/Plantilla-estandar-mundo-acuicola-76-scaled.jpg","contentUrl":"https:\/\/www.mundoagropecuario.cl\/new\/wp-content\/uploads\/2025\/05\/Plantilla-estandar-mundo-acuicola-76-scaled.jpg","width":720,"height":384},{"@type":"BreadcrumbList","@id":"https:\/\/www.mundoagropecuario.cl\/new\/en-puerto-montt-se-llevo-a-cabo-premiacion-regional-del-concurso-historias-de-nuestra-tierra\/#breadcrumb","itemListElement":[{"@type":"ListItem","position":1,"name":"Portada","item":"https:\/\/www.mundoagropecuario.cl\/new\/"},{"@type":"ListItem","position":2,"name":"En Puerto Montt se llev\u00f3 a cabo premiaci\u00f3n regional del concurso Historias de nuestra tierra"}]},{"@type":"WebSite","@id":"https:\/\/www.mundoagropecuario.cl\/new\/#website","url":"https:\/\/www.mundoagropecuario.cl\/new\/","name":"Mundoagropecuario","description":"Mundo Agropecuario","publisher":{"@id":"https:\/\/www.mundoagropecuario.cl\/new\/#organization"},"potentialAction":[{"@type":"SearchAction","target":{"@type":"EntryPoint","urlTemplate":"https:\/\/www.mundoagropecuario.cl\/new\/?s={search_term_string}"},"query-input":{"@type":"PropertyValueSpecification","valueRequired":true,"valueName":"search_term_string"}}],"inLanguage":"es"},{"@type":"Organization","@id":"https:\/\/www.mundoagropecuario.cl\/new\/#organization","name":"Revista de Agricultura","url":"https:\/\/www.mundoagropecuario.cl\/new\/","logo":{"@type":"ImageObject","inLanguage":"es","@id":"https:\/\/www.mundoagropecuario.cl\/new\/#\/schema\/logo\/image\/","url":"https:\/\/www.mundoagropecuario.cl\/new\/wp-content\/uploads\/2020\/11\/PORTAL-1-1.png","contentUrl":"https:\/\/www.mundoagropecuario.cl\/new\/wp-content\/uploads\/2020\/11\/PORTAL-1-1.png","width":1026,"height":100,"caption":"Revista de Agricultura"},"image":{"@id":"https:\/\/www.mundoagropecuario.cl\/new\/#\/schema\/logo\/image\/"},"sameAs":["https:\/\/www.facebook.com\/mundo.agropecuario.3","https:\/\/x.com\/MundoAgropecuar","https:\/\/www.linkedin.com\/in\/mundo-agropecuario-934009201\/"]},{"@type":"Person","@id":"https:\/\/www.mundoagropecuario.cl\/new\/#\/schema\/person\/4e9f74a82a7dac260eb1c44b7eebeb18","name":"mundo","url":"https:\/\/www.mundoagropecuario.cl\/new\/author\/mundo\/"}]}},"_links":{"self":[{"href":"https:\/\/www.mundoagropecuario.cl\/new\/wp-json\/wp\/v2\/posts\/26721","targetHints":{"allow":["GET"]}}],"collection":[{"href":"https:\/\/www.mundoagropecuario.cl\/new\/wp-json\/wp\/v2\/posts"}],"about":[{"href":"https:\/\/www.mundoagropecuario.cl\/new\/wp-json\/wp\/v2\/types\/post"}],"author":[{"embeddable":true,"href":"https:\/\/www.mundoagropecuario.cl\/new\/wp-json\/wp\/v2\/users\/2"}],"replies":[{"embeddable":true,"href":"https:\/\/www.mundoagropecuario.cl\/new\/wp-json\/wp\/v2\/comments?post=26721"}],"version-history":[{"count":1,"href":"https:\/\/www.mundoagropecuario.cl\/new\/wp-json\/wp\/v2\/posts\/26721\/revisions"}],"predecessor-version":[{"id":26723,"href":"https:\/\/www.mundoagropecuario.cl\/new\/wp-json\/wp\/v2\/posts\/26721\/revisions\/26723"}],"wp:featuredmedia":[{"embeddable":true,"href":"https:\/\/www.mundoagropecuario.cl\/new\/wp-json\/wp\/v2\/media\/26722"}],"wp:attachment":[{"href":"https:\/\/www.mundoagropecuario.cl\/new\/wp-json\/wp\/v2\/media?parent=26721"}],"wp:term":[{"taxonomy":"category","embeddable":true,"href":"https:\/\/www.mundoagropecuario.cl\/new\/wp-json\/wp\/v2\/categories?post=26721"},{"taxonomy":"post_tag","embeddable":true,"href":"https:\/\/www.mundoagropecuario.cl\/new\/wp-json\/wp\/v2\/tags?post=26721"}],"curies":[{"name":"wp","href":"https:\/\/api.w.org\/{rel}","templated":true}]}}