{"id":26697,"date":"2025-05-06T12:03:09","date_gmt":"2025-05-06T15:03:09","guid":{"rendered":"https:\/\/www.mundoagropecuario.cl\/new\/?p=26697"},"modified":"2025-05-13T13:25:39","modified_gmt":"2025-05-13T16:25:39","slug":"destacan-baja-de-hasta-un-50-en-el-precio-del-limon-y-la-naranja","status":"publish","type":"post","link":"https:\/\/www.mundoagropecuario.cl\/new\/destacan-baja-de-hasta-un-50-en-el-precio-del-limon-y-la-naranja\/","title":{"rendered":"Destacan baja de hasta un 50% en el precio del lim\u00f3n y la naranja"},"content":{"rendered":"<p>El\u00a0ministro de Agricultura, Esteban Valenzuela, entreg\u00f3 un nuevo reporte de precios de los Mejores Alimentos de Temporada (MAT),\u00a0indicador elaborado por la Oficina de Estudios y Pol\u00edticas Agrarias, Odepa, que da cuenta de la evoluci\u00f3n del valor de los productos que m\u00e1s consumen los chilenos en estas fechas.<\/p>\n<p>Tal como lo explic\u00f3 el titular del agro, existen productos que han anotado un importante descenso en su valor, como es el caso de los c\u00edtricos, que \u201cprobablemente tengan una reducci\u00f3n de casi el 50% del precio del lim\u00f3n y la naranja por la alta oferta\u201d, seg\u00fan se\u00f1al\u00f3 Valenzuela.<\/p>\n<p>\u201c\u00bfQu\u00e9 m\u00e1s est\u00e1 barato? Seg\u00fan los datos de Odepa, el <strong>poroto verde<\/strong> est\u00e1 a $1.500, en promedio, en las ferias libres. Tambi\u00e9n es un buen momento para la <strong>betarraga<\/strong>, que con <strong>lim\u00f3n<\/strong> y <strong>cebolla<\/strong> son buenas opciones. La <strong>lechuga<\/strong> ha resistido su precio y se ubica entre $700 y m\u00e1s al norte a $900 pesos en las ferias libres, lo cual es un buen canal de alimentaci\u00f3n sana. Por su parte, el <strong>br\u00f3coli<\/strong> est\u00e1 con precios razonables, el <strong>zapallo italiano<\/strong>, dependiendo de la regi\u00f3n, entre $300 a $400, incluso en algunas regiones del norte, como Coquimbo a $250. El <strong>pollo<\/strong> ha seguido con precios razonables, en torno de $3.000 a $3.200 en distintas regiones del pa\u00eds\u201d, detall\u00f3 la autoridad.<\/p>\n<h3>Llaman a revisar valores<\/h3>\n<div class=\"elementor-column elementor-col-66 elementor-top-column elementor-element elementor-element-2286a670\" data-id=\"2286a670\" data-element_type=\"column\" data-settings=\"{&quot;background_background&quot;:&quot;classic&quot;}\">\n<div class=\"elementor-widget-wrap elementor-element-populated\">\n<div class=\"elementor-element elementor-element-3160fac elementor-widget elementor-widget-theme-post-content\" data-id=\"3160fac\" data-element_type=\"widget\" data-widget_type=\"theme-post-content.default\">\n<div class=\"elementor-widget-container\">\n<p>Por su parte, la\u00a0subdirectora nacional de Odepa, Andrea Acu\u00f1a, explic\u00f3 que \u201cla \u00faltima publicaci\u00f3n da cuenta de importantes bajas en el precio de los <strong>kiwis<\/strong>, principalmente porque ha empezado la temporada de cosecha en la regi\u00f3n de O\u2019Higgins. La <strong>lechuga<\/strong> tambi\u00e9n ha tenido una baja importante en todo el pa\u00eds, el <strong>lim\u00f3n<\/strong>, las <strong>naranjas<\/strong>. Como siempre el llamado es a que revisen la informaci\u00f3n que est\u00e1 disponible en la p\u00e1gina web de Odepa, www.odepa.gov.cl donde se pueden revisar los precios de los distintos productos en las distintas regiones y tambi\u00e9n por los canales de comercializaci\u00f3n\u201d, puntualiz\u00f3.<\/p>\n<p>Finalmente, el\u00a0administrador general de Lo Valledor, Gonzalo Bravo, enfatiz\u00f3 en que, si el clima lo permite, \u201cla producci\u00f3n de <strong>tomates<\/strong> va a seguir aumentando, las hortalizas en la regi\u00f3n de coquimbo se encuentran en producci\u00f3n total, la zona centro va a seguir aumentando y en la Regi\u00f3n Metropolitana se est\u00e1 produciendo de forma normal, as\u00ed que esperamos que los precios se mantengan. La agricultura en general, tanto a gran escala, como los peque\u00f1os y medianos agricultores, son los que todos los d\u00edas ponen nuestros productos en la mesa\u201d.<\/p>\n<\/div>\n<\/div>\n<\/div>\n<\/div>\n","protected":false},"excerpt":{"rendered":"<p>En tanto, respecto del precio del huevo, se calcula que debiera mantenerse entre los $215 \u2013 $235 pesos la unidad.<\/p>\n","protected":false},"author":2,"featured_media":26698,"comment_status":"closed","ping_status":"closed","sticky":false,"template":"","format":"standard","meta":{"footnotes":""},"categories":[1986],"tags":[3127,2188,9757,2035,2328,2066,3401],"class_list":["post-26697","post","type-post","status-publish","format-standard","has-post-thumbnail","hentry","category-frutas","tag-agro","tag-alimentos","tag-mejores-alimentos-de-temporada","tag-minagri","tag-ministerio-de-agricultura","tag-odepa","tag-precios"],"yoast_head":"<!-- This site is optimized with the Yoast SEO plugin v26.6 - https:\/\/yoast.com\/wordpress\/plugins\/seo\/ -->\n<title>Destacan baja de hasta un 50% en el precio del lim\u00f3n y la naranja - Mundoagropecuario<\/title>\n<meta name=\"description\" content=\"En tanto, respecto del precio del huevo, se calcula que debiera mantenerse entre los $215 \u2013 $235 pesos la unidad.\" \/>\n<meta name=\"robots\" content=\"index, follow, max-snippet:-1, max-image-preview:large, max-video-preview:-1\" \/>\n<link rel=\"canonical\" href=\"https:\/\/www.mundoagropecuario.cl\/new\/destacan-baja-de-hasta-un-50-en-el-precio-del-limon-y-la-naranja\/\" \/>\n<meta property=\"og:locale\" content=\"es_ES\" \/>\n<meta property=\"og:type\" content=\"article\" \/>\n<meta property=\"og:title\" content=\"Destacan baja de hasta un 50% en el precio del lim\u00f3n y la naranja - Mundoagropecuario\" \/>\n<meta property=\"og:description\" content=\"En tanto, respecto del precio del huevo, se calcula que debiera mantenerse entre los $215 \u2013 $235 pesos la unidad.\" \/>\n<meta property=\"og:url\" content=\"https:\/\/www.mundoagropecuario.cl\/new\/destacan-baja-de-hasta-un-50-en-el-precio-del-limon-y-la-naranja\/\" \/>\n<meta property=\"og:site_name\" content=\"Mundoagropecuario\" \/>\n<meta property=\"article:publisher\" content=\"https:\/\/www.facebook.com\/mundo.agropecuario.3\" \/>\n<meta property=\"article:published_time\" content=\"2025-05-06T15:03:09+00:00\" \/>\n<meta property=\"article:modified_time\" content=\"2025-05-13T16:25:39+00:00\" \/>\n<meta property=\"og:image\" content=\"https:\/\/www.mundoagropecuario.cl\/new\/wp-content\/uploads\/2025\/05\/Plantilla-estandar-mundo-acuicola-69-scaled.jpg\" \/>\n\t<meta property=\"og:image:width\" content=\"720\" \/>\n\t<meta property=\"og:image:height\" content=\"384\" \/>\n\t<meta property=\"og:image:type\" content=\"image\/jpeg\" \/>\n<meta name=\"author\" content=\"mundo\" \/>\n<meta name=\"twitter:card\" content=\"summary_large_image\" \/>\n<meta name=\"twitter:creator\" content=\"@MundoAgropecuar\" \/>\n<meta name=\"twitter:site\" content=\"@MundoAgropecuar\" \/>\n<meta name=\"twitter:label1\" content=\"Escrito por\" \/>\n\t<meta name=\"twitter:data1\" content=\"mundo\" \/>\n\t<meta name=\"twitter:label2\" content=\"Tiempo de lectura\" \/>\n\t<meta name=\"twitter:data2\" content=\"3 minutos\" \/>\n<script type=\"application\/ld+json\" class=\"yoast-schema-graph\">{\"@context\":\"https:\/\/schema.org\",\"@graph\":[{\"@type\":\"Article\",\"@id\":\"https:\/\/www.mundoagropecuario.cl\/new\/destacan-baja-de-hasta-un-50-en-el-precio-del-limon-y-la-naranja\/#article\",\"isPartOf\":{\"@id\":\"https:\/\/www.mundoagropecuario.cl\/new\/destacan-baja-de-hasta-un-50-en-el-precio-del-limon-y-la-naranja\/\"},\"author\":{\"name\":\"mundo\",\"@id\":\"https:\/\/www.mundoagropecuario.cl\/new\/#\/schema\/person\/4e9f74a82a7dac260eb1c44b7eebeb18\"},\"headline\":\"Destacan baja de hasta un 50% en el precio del lim\u00f3n y la naranja\",\"datePublished\":\"2025-05-06T15:03:09+00:00\",\"dateModified\":\"2025-05-13T16:25:39+00:00\",\"mainEntityOfPage\":{\"@id\":\"https:\/\/www.mundoagropecuario.cl\/new\/destacan-baja-de-hasta-un-50-en-el-precio-del-limon-y-la-naranja\/\"},\"wordCount\":449,\"publisher\":{\"@id\":\"https:\/\/www.mundoagropecuario.cl\/new\/#organization\"},\"image\":{\"@id\":\"https:\/\/www.mundoagropecuario.cl\/new\/destacan-baja-de-hasta-un-50-en-el-precio-del-limon-y-la-naranja\/#primaryimage\"},\"thumbnailUrl\":\"https:\/\/www.mundoagropecuario.cl\/new\/wp-content\/uploads\/2025\/05\/Plantilla-estandar-mundo-acuicola-69-scaled.jpg\",\"keywords\":[\"Agro\",\"Alimentos\",\"Mejores Alimentos de Temporada\",\"Minagri\",\"Ministerio de Agricultura\",\"Odepa\",\"precios\"],\"articleSection\":[\"Frutas\"],\"inLanguage\":\"es\"},{\"@type\":\"WebPage\",\"@id\":\"https:\/\/www.mundoagropecuario.cl\/new\/destacan-baja-de-hasta-un-50-en-el-precio-del-limon-y-la-naranja\/\",\"url\":\"https:\/\/www.mundoagropecuario.cl\/new\/destacan-baja-de-hasta-un-50-en-el-precio-del-limon-y-la-naranja\/\",\"name\":\"Destacan baja de hasta un 50% en el precio del lim\u00f3n y la naranja - Mundoagropecuario\",\"isPartOf\":{\"@id\":\"https:\/\/www.mundoagropecuario.cl\/new\/#website\"},\"primaryImageOfPage\":{\"@id\":\"https:\/\/www.mundoagropecuario.cl\/new\/destacan-baja-de-hasta-un-50-en-el-precio-del-limon-y-la-naranja\/#primaryimage\"},\"image\":{\"@id\":\"https:\/\/www.mundoagropecuario.cl\/new\/destacan-baja-de-hasta-un-50-en-el-precio-del-limon-y-la-naranja\/#primaryimage\"},\"thumbnailUrl\":\"https:\/\/www.mundoagropecuario.cl\/new\/wp-content\/uploads\/2025\/05\/Plantilla-estandar-mundo-acuicola-69-scaled.jpg\",\"datePublished\":\"2025-05-06T15:03:09+00:00\",\"dateModified\":\"2025-05-13T16:25:39+00:00\",\"description\":\"En tanto, respecto del precio del huevo, se calcula que debiera mantenerse entre los $215 \u2013 $235 pesos la unidad.\",\"breadcrumb\":{\"@id\":\"https:\/\/www.mundoagropecuario.cl\/new\/destacan-baja-de-hasta-un-50-en-el-precio-del-limon-y-la-naranja\/#breadcrumb\"},\"inLanguage\":\"es\",\"potentialAction\":[{\"@type\":\"ReadAction\",\"target\":[\"https:\/\/www.mundoagropecuario.cl\/new\/destacan-baja-de-hasta-un-50-en-el-precio-del-limon-y-la-naranja\/\"]}]},{\"@type\":\"ImageObject\",\"inLanguage\":\"es\",\"@id\":\"https:\/\/www.mundoagropecuario.cl\/new\/destacan-baja-de-hasta-un-50-en-el-precio-del-limon-y-la-naranja\/#primaryimage\",\"url\":\"https:\/\/www.mundoagropecuario.cl\/new\/wp-content\/uploads\/2025\/05\/Plantilla-estandar-mundo-acuicola-69-scaled.jpg\",\"contentUrl\":\"https:\/\/www.mundoagropecuario.cl\/new\/wp-content\/uploads\/2025\/05\/Plantilla-estandar-mundo-acuicola-69-scaled.jpg\",\"width\":720,\"height\":384},{\"@type\":\"BreadcrumbList\",\"@id\":\"https:\/\/www.mundoagropecuario.cl\/new\/destacan-baja-de-hasta-un-50-en-el-precio-del-limon-y-la-naranja\/#breadcrumb\",\"itemListElement\":[{\"@type\":\"ListItem\",\"position\":1,\"name\":\"Portada\",\"item\":\"https:\/\/www.mundoagropecuario.cl\/new\/\"},{\"@type\":\"ListItem\",\"position\":2,\"name\":\"Destacan baja de hasta un 50% en el precio del lim\u00f3n y la naranja\"}]},{\"@type\":\"WebSite\",\"@id\":\"https:\/\/www.mundoagropecuario.cl\/new\/#website\",\"url\":\"https:\/\/www.mundoagropecuario.cl\/new\/\",\"name\":\"Mundoagropecuario\",\"description\":\"Mundo Agropecuario\",\"publisher\":{\"@id\":\"https:\/\/www.mundoagropecuario.cl\/new\/#organization\"},\"potentialAction\":[{\"@type\":\"SearchAction\",\"target\":{\"@type\":\"EntryPoint\",\"urlTemplate\":\"https:\/\/www.mundoagropecuario.cl\/new\/?s={search_term_string}\"},\"query-input\":{\"@type\":\"PropertyValueSpecification\",\"valueRequired\":true,\"valueName\":\"search_term_string\"}}],\"inLanguage\":\"es\"},{\"@type\":\"Organization\",\"@id\":\"https:\/\/www.mundoagropecuario.cl\/new\/#organization\",\"name\":\"Revista de Agricultura\",\"url\":\"https:\/\/www.mundoagropecuario.cl\/new\/\",\"logo\":{\"@type\":\"ImageObject\",\"inLanguage\":\"es\",\"@id\":\"https:\/\/www.mundoagropecuario.cl\/new\/#\/schema\/logo\/image\/\",\"url\":\"https:\/\/www.mundoagropecuario.cl\/new\/wp-content\/uploads\/2020\/11\/PORTAL-1-1.png\",\"contentUrl\":\"https:\/\/www.mundoagropecuario.cl\/new\/wp-content\/uploads\/2020\/11\/PORTAL-1-1.png\",\"width\":1026,\"height\":100,\"caption\":\"Revista de Agricultura\"},\"image\":{\"@id\":\"https:\/\/www.mundoagropecuario.cl\/new\/#\/schema\/logo\/image\/\"},\"sameAs\":[\"https:\/\/www.facebook.com\/mundo.agropecuario.3\",\"https:\/\/x.com\/MundoAgropecuar\",\"https:\/\/www.linkedin.com\/in\/mundo-agropecuario-934009201\/\"]},{\"@type\":\"Person\",\"@id\":\"https:\/\/www.mundoagropecuario.cl\/new\/#\/schema\/person\/4e9f74a82a7dac260eb1c44b7eebeb18\",\"name\":\"mundo\",\"url\":\"https:\/\/www.mundoagropecuario.cl\/new\/author\/mundo\/\"}]}<\/script>\n<!-- \/ Yoast SEO plugin. -->","yoast_head_json":{"title":"Destacan baja de hasta un 50% en el precio del lim\u00f3n y la naranja - Mundoagropecuario","description":"En tanto, respecto del precio del huevo, se calcula que debiera mantenerse entre los $215 \u2013 $235 pesos la unidad.","robots":{"index":"index","follow":"follow","max-snippet":"max-snippet:-1","max-image-preview":"max-image-preview:large","max-video-preview":"max-video-preview:-1"},"canonical":"https:\/\/www.mundoagropecuario.cl\/new\/destacan-baja-de-hasta-un-50-en-el-precio-del-limon-y-la-naranja\/","og_locale":"es_ES","og_type":"article","og_title":"Destacan baja de hasta un 50% en el precio del lim\u00f3n y la naranja - Mundoagropecuario","og_description":"En tanto, respecto del precio del huevo, se calcula que debiera mantenerse entre los $215 \u2013 $235 pesos la unidad.","og_url":"https:\/\/www.mundoagropecuario.cl\/new\/destacan-baja-de-hasta-un-50-en-el-precio-del-limon-y-la-naranja\/","og_site_name":"Mundoagropecuario","article_publisher":"https:\/\/www.facebook.com\/mundo.agropecuario.3","article_published_time":"2025-05-06T15:03:09+00:00","article_modified_time":"2025-05-13T16:25:39+00:00","og_image":[{"width":720,"height":384,"url":"https:\/\/www.mundoagropecuario.cl\/new\/wp-content\/uploads\/2025\/05\/Plantilla-estandar-mundo-acuicola-69-scaled.jpg","type":"image\/jpeg"}],"author":"mundo","twitter_card":"summary_large_image","twitter_creator":"@MundoAgropecuar","twitter_site":"@MundoAgropecuar","twitter_misc":{"Escrito por":"mundo","Tiempo de lectura":"3 minutos"},"schema":{"@context":"https:\/\/schema.org","@graph":[{"@type":"Article","@id":"https:\/\/www.mundoagropecuario.cl\/new\/destacan-baja-de-hasta-un-50-en-el-precio-del-limon-y-la-naranja\/#article","isPartOf":{"@id":"https:\/\/www.mundoagropecuario.cl\/new\/destacan-baja-de-hasta-un-50-en-el-precio-del-limon-y-la-naranja\/"},"author":{"name":"mundo","@id":"https:\/\/www.mundoagropecuario.cl\/new\/#\/schema\/person\/4e9f74a82a7dac260eb1c44b7eebeb18"},"headline":"Destacan baja de hasta un 50% en el precio del lim\u00f3n y la naranja","datePublished":"2025-05-06T15:03:09+00:00","dateModified":"2025-05-13T16:25:39+00:00","mainEntityOfPage":{"@id":"https:\/\/www.mundoagropecuario.cl\/new\/destacan-baja-de-hasta-un-50-en-el-precio-del-limon-y-la-naranja\/"},"wordCount":449,"publisher":{"@id":"https:\/\/www.mundoagropecuario.cl\/new\/#organization"},"image":{"@id":"https:\/\/www.mundoagropecuario.cl\/new\/destacan-baja-de-hasta-un-50-en-el-precio-del-limon-y-la-naranja\/#primaryimage"},"thumbnailUrl":"https:\/\/www.mundoagropecuario.cl\/new\/wp-content\/uploads\/2025\/05\/Plantilla-estandar-mundo-acuicola-69-scaled.jpg","keywords":["Agro","Alimentos","Mejores Alimentos de Temporada","Minagri","Ministerio de Agricultura","Odepa","precios"],"articleSection":["Frutas"],"inLanguage":"es"},{"@type":"WebPage","@id":"https:\/\/www.mundoagropecuario.cl\/new\/destacan-baja-de-hasta-un-50-en-el-precio-del-limon-y-la-naranja\/","url":"https:\/\/www.mundoagropecuario.cl\/new\/destacan-baja-de-hasta-un-50-en-el-precio-del-limon-y-la-naranja\/","name":"Destacan baja de hasta un 50% en el precio del lim\u00f3n y la naranja - Mundoagropecuario","isPartOf":{"@id":"https:\/\/www.mundoagropecuario.cl\/new\/#website"},"primaryImageOfPage":{"@id":"https:\/\/www.mundoagropecuario.cl\/new\/destacan-baja-de-hasta-un-50-en-el-precio-del-limon-y-la-naranja\/#primaryimage"},"image":{"@id":"https:\/\/www.mundoagropecuario.cl\/new\/destacan-baja-de-hasta-un-50-en-el-precio-del-limon-y-la-naranja\/#primaryimage"},"thumbnailUrl":"https:\/\/www.mundoagropecuario.cl\/new\/wp-content\/uploads\/2025\/05\/Plantilla-estandar-mundo-acuicola-69-scaled.jpg","datePublished":"2025-05-06T15:03:09+00:00","dateModified":"2025-05-13T16:25:39+00:00","description":"En tanto, respecto del precio del huevo, se calcula que debiera mantenerse entre los $215 \u2013 $235 pesos la unidad.","breadcrumb":{"@id":"https:\/\/www.mundoagropecuario.cl\/new\/destacan-baja-de-hasta-un-50-en-el-precio-del-limon-y-la-naranja\/#breadcrumb"},"inLanguage":"es","potentialAction":[{"@type":"ReadAction","target":["https:\/\/www.mundoagropecuario.cl\/new\/destacan-baja-de-hasta-un-50-en-el-precio-del-limon-y-la-naranja\/"]}]},{"@type":"ImageObject","inLanguage":"es","@id":"https:\/\/www.mundoagropecuario.cl\/new\/destacan-baja-de-hasta-un-50-en-el-precio-del-limon-y-la-naranja\/#primaryimage","url":"https:\/\/www.mundoagropecuario.cl\/new\/wp-content\/uploads\/2025\/05\/Plantilla-estandar-mundo-acuicola-69-scaled.jpg","contentUrl":"https:\/\/www.mundoagropecuario.cl\/new\/wp-content\/uploads\/2025\/05\/Plantilla-estandar-mundo-acuicola-69-scaled.jpg","width":720,"height":384},{"@type":"BreadcrumbList","@id":"https:\/\/www.mundoagropecuario.cl\/new\/destacan-baja-de-hasta-un-50-en-el-precio-del-limon-y-la-naranja\/#breadcrumb","itemListElement":[{"@type":"ListItem","position":1,"name":"Portada","item":"https:\/\/www.mundoagropecuario.cl\/new\/"},{"@type":"ListItem","position":2,"name":"Destacan baja de hasta un 50% en el precio del lim\u00f3n y la naranja"}]},{"@type":"WebSite","@id":"https:\/\/www.mundoagropecuario.cl\/new\/#website","url":"https:\/\/www.mundoagropecuario.cl\/new\/","name":"Mundoagropecuario","description":"Mundo Agropecuario","publisher":{"@id":"https:\/\/www.mundoagropecuario.cl\/new\/#organization"},"potentialAction":[{"@type":"SearchAction","target":{"@type":"EntryPoint","urlTemplate":"https:\/\/www.mundoagropecuario.cl\/new\/?s={search_term_string}"},"query-input":{"@type":"PropertyValueSpecification","valueRequired":true,"valueName":"search_term_string"}}],"inLanguage":"es"},{"@type":"Organization","@id":"https:\/\/www.mundoagropecuario.cl\/new\/#organization","name":"Revista de Agricultura","url":"https:\/\/www.mundoagropecuario.cl\/new\/","logo":{"@type":"ImageObject","inLanguage":"es","@id":"https:\/\/www.mundoagropecuario.cl\/new\/#\/schema\/logo\/image\/","url":"https:\/\/www.mundoagropecuario.cl\/new\/wp-content\/uploads\/2020\/11\/PORTAL-1-1.png","contentUrl":"https:\/\/www.mundoagropecuario.cl\/new\/wp-content\/uploads\/2020\/11\/PORTAL-1-1.png","width":1026,"height":100,"caption":"Revista de Agricultura"},"image":{"@id":"https:\/\/www.mundoagropecuario.cl\/new\/#\/schema\/logo\/image\/"},"sameAs":["https:\/\/www.facebook.com\/mundo.agropecuario.3","https:\/\/x.com\/MundoAgropecuar","https:\/\/www.linkedin.com\/in\/mundo-agropecuario-934009201\/"]},{"@type":"Person","@id":"https:\/\/www.mundoagropecuario.cl\/new\/#\/schema\/person\/4e9f74a82a7dac260eb1c44b7eebeb18","name":"mundo","url":"https:\/\/www.mundoagropecuario.cl\/new\/author\/mundo\/"}]}},"_links":{"self":[{"href":"https:\/\/www.mundoagropecuario.cl\/new\/wp-json\/wp\/v2\/posts\/26697","targetHints":{"allow":["GET"]}}],"collection":[{"href":"https:\/\/www.mundoagropecuario.cl\/new\/wp-json\/wp\/v2\/posts"}],"about":[{"href":"https:\/\/www.mundoagropecuario.cl\/new\/wp-json\/wp\/v2\/types\/post"}],"author":[{"embeddable":true,"href":"https:\/\/www.mundoagropecuario.cl\/new\/wp-json\/wp\/v2\/users\/2"}],"replies":[{"embeddable":true,"href":"https:\/\/www.mundoagropecuario.cl\/new\/wp-json\/wp\/v2\/comments?post=26697"}],"version-history":[{"count":1,"href":"https:\/\/www.mundoagropecuario.cl\/new\/wp-json\/wp\/v2\/posts\/26697\/revisions"}],"predecessor-version":[{"id":26699,"href":"https:\/\/www.mundoagropecuario.cl\/new\/wp-json\/wp\/v2\/posts\/26697\/revisions\/26699"}],"wp:featuredmedia":[{"embeddable":true,"href":"https:\/\/www.mundoagropecuario.cl\/new\/wp-json\/wp\/v2\/media\/26698"}],"wp:attachment":[{"href":"https:\/\/www.mundoagropecuario.cl\/new\/wp-json\/wp\/v2\/media?parent=26697"}],"wp:term":[{"taxonomy":"category","embeddable":true,"href":"https:\/\/www.mundoagropecuario.cl\/new\/wp-json\/wp\/v2\/categories?post=26697"},{"taxonomy":"post_tag","embeddable":true,"href":"https:\/\/www.mundoagropecuario.cl\/new\/wp-json\/wp\/v2\/tags?post=26697"}],"curies":[{"name":"wp","href":"https:\/\/api.w.org\/{rel}","templated":true}]}}