{"id":26682,"date":"2025-05-05T13:07:26","date_gmt":"2025-05-05T16:07:26","guid":{"rendered":"https:\/\/www.mundoagropecuario.cl\/new\/?p=26682"},"modified":"2025-05-13T13:25:02","modified_gmt":"2025-05-13T16:25:02","slug":"chile-busca-ampliar-exportaciones-agricolas-con-mision-a-vietnam","status":"publish","type":"post","link":"https:\/\/www.mundoagropecuario.cl\/new\/chile-busca-ampliar-exportaciones-agricolas-con-mision-a-vietnam\/","title":{"rendered":"Chile busca ampliar exportaciones agr\u00edcolas con misi\u00f3n a Vietnam"},"content":{"rendered":"<p>Con el objetivo de ampliar las exportaciones chilenas hacia el Sudeste Asi\u00e1tico, una delegaci\u00f3n p\u00fablico-privada encabezada por el Servicio Agr\u00edcola y Ganadero (SAG) se alista para concretar una misi\u00f3n comercial a Vietnam entre el 18 y el 20 de mayo. La visita busca avanzar en la apertura del mercado vietnamita para kiwis, ar\u00e1ndanos y cerezas chilenas \u2014estas \u00faltimas con miras a establecer un protocolo de env\u00edo por v\u00eda a\u00e9rea\u2014 as\u00ed como tambi\u00e9n impulsar el ingreso de la carne de cerdo nacional.<\/p>\n<p>La preparaci\u00f3n de esta misi\u00f3n incluy\u00f3 una reuni\u00f3n estrat\u00e9gica entre el director nacional del SAG, Jos\u00e9 Guajardo, representantes del gremio Frutas de Chile y Asprocer, y el embajador de Vietnam en Chile, Nguyen Viet Cuong, acompa\u00f1ado por miembros de su equipo diplom\u00e1tico.<\/p>\n<h3>Proyecciones<\/h3>\n<p>\u201cPrimero que todo, agradecemos al Embajador y su equipo que nos haya dado cita de manera tan r\u00e1pida, pues la reuni\u00f3n fue muy importante, ya que, estamos preparando una visita al Asia, y en particular a Vietnam, un pa\u00eds con el cual tenemos muy buenas relaciones comerciales. Un pa\u00eds que crece d\u00eda a d\u00eda, y en el cual nuestros productos agr\u00edcolas han tenido una muy buena aceptaci\u00f3n\u201d, expres\u00f3 Guajardo.<\/p>\n<p>El director del SAG tambi\u00e9n destac\u00f3 las expectativas de esta nueva etapa de vinculaci\u00f3n: \u201cEsperamos que esta misi\u00f3n que emprenderemos desde el 18 al 20 de mayo sea muy frut\u00edfera, y por lo mismo, esta reuni\u00f3n con el Embajador ha sido un tremendo aporte. Esperamos tener muy buenos resultados en nuestro viaje\u201d.<\/p>\n<p>Por parte del sector exportador, el gerente general de Frutas de Chile, Miguel Canala-Echeverr\u00eda, valor\u00f3 la oportunidad de profundizar el intercambio comercial con Vietnam, actualmente el s\u00e9ptimo destino asi\u00e1tico para las frutas chilenas. \u201cDurante la temporada 2023-24, enviamos cerca de 2 mil toneladas de frutas frescas. Hoy, este mercado permite nuestras exportaciones de manzanas, uvas de mesa y cerezas frescas. Esta temporada 2024-25 hemos visto un crecimiento muy importante de los env\u00edos que supera el 100%, lo cual reafirma nuestra estrategia respecto a crecer en los mercados del Sudeste de Asia\u201d.<\/p>\n<h3>Kiwis<\/h3>\n<p>Canala-Echeverr\u00eda agreg\u00f3 que \u201cagradecemos al SAG el integrarnos en esta pr\u00f3xima misi\u00f3n al Asia, especialmente a Vietnam, donde nos encontramos en la \u00faltima etapa para la apertura de nuestros kiwis, y ahora esperamos avanzar en el ingreso de nuestros ar\u00e1ndanos frescos y mejorar las condiciones de entrada de las cerezas, logrando un protocolo para el env\u00edo de ellas v\u00eda a\u00e9rea\u201d.<\/p>\n<p>Durante su estad\u00eda en Vietnam, la delegaci\u00f3n chilena sostendr\u00e1 reuniones t\u00e9cnicas con autoridades del Ministerio de Agricultura y Desarrollo Rural y del Departamento de Sanidad Vegetal y Animal. Adem\u00e1s, contempla una visita al puerto de Hai Phong, donde observar\u00e1n el proceso de inspecci\u00f3n fitosanitaria y las condiciones de recepci\u00f3n de la fruta chilena en destino.<\/p>\n<p>A la cabeza de la comitiva estar\u00e1n el director nacional del SAG, Jos\u00e9 Guajardo; Hern\u00e1n Valenzuela, jefe del Departamento de Asuntos Internacionales del SAG; y Cassandra Pacheco, coordinadora de mercados de la Oficina de Estudios y Pol\u00edticas Agrarias (ODEPA). En representaci\u00f3n del sector privado participar\u00e1n Miguel Canala-Echeverr\u00eda (Frutas de Chile) y Rodrigo Casta\u00f1\u00f3n (Asprocer).<\/p>\n<p>De acuerdo con datos de Frutas de Chile, en lo que va de la temporada 2024-25, Chile ha exportado m\u00e1s de 3.000 toneladas de fruta fresca a Vietnam, lo que representa un incremento del 133% respecto al periodo anterior. Las cerezas lideran el volumen exportado con un 94% del total, seguidas por las uvas de mesa, con un 6%.<\/p>\n","protected":false},"excerpt":{"rendered":"<p>Delegaci\u00f3n chilena viaja a Vietnam en mayo para abrir mercado a kiwis, ar\u00e1ndanos, cerezas por v\u00eda a\u00e9rea y carne de cerdo.<\/p>\n","protected":false},"author":2,"featured_media":26683,"comment_status":"closed","ping_status":"closed","sticky":false,"template":"","format":"standard","meta":{"footnotes":""},"categories":[1945],"tags":[2090,1105,4093,2245,9237,2036,2585,2685],"class_list":["post-26682","post","type-post","status-publish","format-standard","has-post-thumbnail","hentry","category-agricultura","tag-agricultura","tag-exportaciones","tag-exportaciones-agricolas","tag-frutas","tag-frutas-de-chile","tag-sag","tag-servicio-agricola-y-ganadero","tag-vietnam"],"yoast_head":"<!-- This site is optimized with the Yoast SEO plugin v26.6 - https:\/\/yoast.com\/wordpress\/plugins\/seo\/ -->\n<title>Chile busca ampliar exportaciones agr\u00edcolas con misi\u00f3n a Vietnam - Mundoagropecuario<\/title>\n<meta name=\"description\" content=\"Delegaci\u00f3n chilena viaja a Vietnam en mayo para abrir mercado a kiwis, ar\u00e1ndanos, cerezas por v\u00eda a\u00e9rea y carne de cerdo.\" \/>\n<meta name=\"robots\" content=\"index, follow, max-snippet:-1, max-image-preview:large, max-video-preview:-1\" \/>\n<link rel=\"canonical\" href=\"https:\/\/www.mundoagropecuario.cl\/new\/chile-busca-ampliar-exportaciones-agricolas-con-mision-a-vietnam\/\" \/>\n<meta property=\"og:locale\" content=\"es_ES\" \/>\n<meta property=\"og:type\" content=\"article\" \/>\n<meta property=\"og:title\" content=\"Chile busca ampliar exportaciones agr\u00edcolas con misi\u00f3n a Vietnam - Mundoagropecuario\" \/>\n<meta property=\"og:description\" content=\"Delegaci\u00f3n chilena viaja a Vietnam en mayo para abrir mercado a kiwis, ar\u00e1ndanos, cerezas por v\u00eda a\u00e9rea y carne de cerdo.\" \/>\n<meta property=\"og:url\" content=\"https:\/\/www.mundoagropecuario.cl\/new\/chile-busca-ampliar-exportaciones-agricolas-con-mision-a-vietnam\/\" \/>\n<meta property=\"og:site_name\" content=\"Mundoagropecuario\" \/>\n<meta property=\"article:publisher\" content=\"https:\/\/www.facebook.com\/mundo.agropecuario.3\" \/>\n<meta property=\"article:published_time\" content=\"2025-05-05T16:07:26+00:00\" \/>\n<meta property=\"article:modified_time\" content=\"2025-05-13T16:25:02+00:00\" \/>\n<meta property=\"og:image\" content=\"https:\/\/www.mundoagropecuario.cl\/new\/wp-content\/uploads\/2025\/05\/Plantilla-estandar-mundo-acuicola-63-scaled.jpg\" \/>\n\t<meta property=\"og:image:width\" content=\"720\" \/>\n\t<meta property=\"og:image:height\" content=\"384\" \/>\n\t<meta property=\"og:image:type\" content=\"image\/jpeg\" \/>\n<meta name=\"author\" content=\"mundo\" \/>\n<meta name=\"twitter:card\" content=\"summary_large_image\" \/>\n<meta name=\"twitter:creator\" content=\"@MundoAgropecuar\" \/>\n<meta name=\"twitter:site\" content=\"@MundoAgropecuar\" \/>\n<meta name=\"twitter:label1\" content=\"Escrito por\" \/>\n\t<meta name=\"twitter:data1\" content=\"mundo\" \/>\n\t<meta name=\"twitter:label2\" content=\"Tiempo de lectura\" \/>\n\t<meta name=\"twitter:data2\" content=\"3 minutos\" \/>\n<script type=\"application\/ld+json\" class=\"yoast-schema-graph\">{\"@context\":\"https:\/\/schema.org\",\"@graph\":[{\"@type\":\"Article\",\"@id\":\"https:\/\/www.mundoagropecuario.cl\/new\/chile-busca-ampliar-exportaciones-agricolas-con-mision-a-vietnam\/#article\",\"isPartOf\":{\"@id\":\"https:\/\/www.mundoagropecuario.cl\/new\/chile-busca-ampliar-exportaciones-agricolas-con-mision-a-vietnam\/\"},\"author\":{\"name\":\"mundo\",\"@id\":\"https:\/\/www.mundoagropecuario.cl\/new\/#\/schema\/person\/4e9f74a82a7dac260eb1c44b7eebeb18\"},\"headline\":\"Chile busca ampliar exportaciones agr\u00edcolas con misi\u00f3n a Vietnam\",\"datePublished\":\"2025-05-05T16:07:26+00:00\",\"dateModified\":\"2025-05-13T16:25:02+00:00\",\"mainEntityOfPage\":{\"@id\":\"https:\/\/www.mundoagropecuario.cl\/new\/chile-busca-ampliar-exportaciones-agricolas-con-mision-a-vietnam\/\"},\"wordCount\":621,\"publisher\":{\"@id\":\"https:\/\/www.mundoagropecuario.cl\/new\/#organization\"},\"image\":{\"@id\":\"https:\/\/www.mundoagropecuario.cl\/new\/chile-busca-ampliar-exportaciones-agricolas-con-mision-a-vietnam\/#primaryimage\"},\"thumbnailUrl\":\"https:\/\/www.mundoagropecuario.cl\/new\/wp-content\/uploads\/2025\/05\/Plantilla-estandar-mundo-acuicola-63-scaled.jpg\",\"keywords\":[\"Agricultura\",\"Exportaciones\",\"exportaciones agricolas\",\"Frutas\",\"Frutas de Chile\",\"SAG\",\"Servicio Agr\u00edcola y Ganadero\",\"Vietnam\"],\"articleSection\":[\"Agricultura\"],\"inLanguage\":\"es\"},{\"@type\":\"WebPage\",\"@id\":\"https:\/\/www.mundoagropecuario.cl\/new\/chile-busca-ampliar-exportaciones-agricolas-con-mision-a-vietnam\/\",\"url\":\"https:\/\/www.mundoagropecuario.cl\/new\/chile-busca-ampliar-exportaciones-agricolas-con-mision-a-vietnam\/\",\"name\":\"Chile busca ampliar exportaciones agr\u00edcolas con misi\u00f3n a Vietnam - Mundoagropecuario\",\"isPartOf\":{\"@id\":\"https:\/\/www.mundoagropecuario.cl\/new\/#website\"},\"primaryImageOfPage\":{\"@id\":\"https:\/\/www.mundoagropecuario.cl\/new\/chile-busca-ampliar-exportaciones-agricolas-con-mision-a-vietnam\/#primaryimage\"},\"image\":{\"@id\":\"https:\/\/www.mundoagropecuario.cl\/new\/chile-busca-ampliar-exportaciones-agricolas-con-mision-a-vietnam\/#primaryimage\"},\"thumbnailUrl\":\"https:\/\/www.mundoagropecuario.cl\/new\/wp-content\/uploads\/2025\/05\/Plantilla-estandar-mundo-acuicola-63-scaled.jpg\",\"datePublished\":\"2025-05-05T16:07:26+00:00\",\"dateModified\":\"2025-05-13T16:25:02+00:00\",\"description\":\"Delegaci\u00f3n chilena viaja a Vietnam en mayo para abrir mercado a kiwis, ar\u00e1ndanos, cerezas por v\u00eda a\u00e9rea y carne de cerdo.\",\"breadcrumb\":{\"@id\":\"https:\/\/www.mundoagropecuario.cl\/new\/chile-busca-ampliar-exportaciones-agricolas-con-mision-a-vietnam\/#breadcrumb\"},\"inLanguage\":\"es\",\"potentialAction\":[{\"@type\":\"ReadAction\",\"target\":[\"https:\/\/www.mundoagropecuario.cl\/new\/chile-busca-ampliar-exportaciones-agricolas-con-mision-a-vietnam\/\"]}]},{\"@type\":\"ImageObject\",\"inLanguage\":\"es\",\"@id\":\"https:\/\/www.mundoagropecuario.cl\/new\/chile-busca-ampliar-exportaciones-agricolas-con-mision-a-vietnam\/#primaryimage\",\"url\":\"https:\/\/www.mundoagropecuario.cl\/new\/wp-content\/uploads\/2025\/05\/Plantilla-estandar-mundo-acuicola-63-scaled.jpg\",\"contentUrl\":\"https:\/\/www.mundoagropecuario.cl\/new\/wp-content\/uploads\/2025\/05\/Plantilla-estandar-mundo-acuicola-63-scaled.jpg\",\"width\":720,\"height\":384},{\"@type\":\"BreadcrumbList\",\"@id\":\"https:\/\/www.mundoagropecuario.cl\/new\/chile-busca-ampliar-exportaciones-agricolas-con-mision-a-vietnam\/#breadcrumb\",\"itemListElement\":[{\"@type\":\"ListItem\",\"position\":1,\"name\":\"Portada\",\"item\":\"https:\/\/www.mundoagropecuario.cl\/new\/\"},{\"@type\":\"ListItem\",\"position\":2,\"name\":\"Chile busca ampliar exportaciones agr\u00edcolas con misi\u00f3n a Vietnam\"}]},{\"@type\":\"WebSite\",\"@id\":\"https:\/\/www.mundoagropecuario.cl\/new\/#website\",\"url\":\"https:\/\/www.mundoagropecuario.cl\/new\/\",\"name\":\"Mundoagropecuario\",\"description\":\"Mundo Agropecuario\",\"publisher\":{\"@id\":\"https:\/\/www.mundoagropecuario.cl\/new\/#organization\"},\"potentialAction\":[{\"@type\":\"SearchAction\",\"target\":{\"@type\":\"EntryPoint\",\"urlTemplate\":\"https:\/\/www.mundoagropecuario.cl\/new\/?s={search_term_string}\"},\"query-input\":{\"@type\":\"PropertyValueSpecification\",\"valueRequired\":true,\"valueName\":\"search_term_string\"}}],\"inLanguage\":\"es\"},{\"@type\":\"Organization\",\"@id\":\"https:\/\/www.mundoagropecuario.cl\/new\/#organization\",\"name\":\"Revista de Agricultura\",\"url\":\"https:\/\/www.mundoagropecuario.cl\/new\/\",\"logo\":{\"@type\":\"ImageObject\",\"inLanguage\":\"es\",\"@id\":\"https:\/\/www.mundoagropecuario.cl\/new\/#\/schema\/logo\/image\/\",\"url\":\"https:\/\/www.mundoagropecuario.cl\/new\/wp-content\/uploads\/2020\/11\/PORTAL-1-1.png\",\"contentUrl\":\"https:\/\/www.mundoagropecuario.cl\/new\/wp-content\/uploads\/2020\/11\/PORTAL-1-1.png\",\"width\":1026,\"height\":100,\"caption\":\"Revista de Agricultura\"},\"image\":{\"@id\":\"https:\/\/www.mundoagropecuario.cl\/new\/#\/schema\/logo\/image\/\"},\"sameAs\":[\"https:\/\/www.facebook.com\/mundo.agropecuario.3\",\"https:\/\/x.com\/MundoAgropecuar\",\"https:\/\/www.linkedin.com\/in\/mundo-agropecuario-934009201\/\"]},{\"@type\":\"Person\",\"@id\":\"https:\/\/www.mundoagropecuario.cl\/new\/#\/schema\/person\/4e9f74a82a7dac260eb1c44b7eebeb18\",\"name\":\"mundo\",\"url\":\"https:\/\/www.mundoagropecuario.cl\/new\/author\/mundo\/\"}]}<\/script>\n<!-- \/ Yoast SEO plugin. -->","yoast_head_json":{"title":"Chile busca ampliar exportaciones agr\u00edcolas con misi\u00f3n a Vietnam - Mundoagropecuario","description":"Delegaci\u00f3n chilena viaja a Vietnam en mayo para abrir mercado a kiwis, ar\u00e1ndanos, cerezas por v\u00eda a\u00e9rea y carne de cerdo.","robots":{"index":"index","follow":"follow","max-snippet":"max-snippet:-1","max-image-preview":"max-image-preview:large","max-video-preview":"max-video-preview:-1"},"canonical":"https:\/\/www.mundoagropecuario.cl\/new\/chile-busca-ampliar-exportaciones-agricolas-con-mision-a-vietnam\/","og_locale":"es_ES","og_type":"article","og_title":"Chile busca ampliar exportaciones agr\u00edcolas con misi\u00f3n a Vietnam - Mundoagropecuario","og_description":"Delegaci\u00f3n chilena viaja a Vietnam en mayo para abrir mercado a kiwis, ar\u00e1ndanos, cerezas por v\u00eda a\u00e9rea y carne de cerdo.","og_url":"https:\/\/www.mundoagropecuario.cl\/new\/chile-busca-ampliar-exportaciones-agricolas-con-mision-a-vietnam\/","og_site_name":"Mundoagropecuario","article_publisher":"https:\/\/www.facebook.com\/mundo.agropecuario.3","article_published_time":"2025-05-05T16:07:26+00:00","article_modified_time":"2025-05-13T16:25:02+00:00","og_image":[{"width":720,"height":384,"url":"https:\/\/www.mundoagropecuario.cl\/new\/wp-content\/uploads\/2025\/05\/Plantilla-estandar-mundo-acuicola-63-scaled.jpg","type":"image\/jpeg"}],"author":"mundo","twitter_card":"summary_large_image","twitter_creator":"@MundoAgropecuar","twitter_site":"@MundoAgropecuar","twitter_misc":{"Escrito por":"mundo","Tiempo de lectura":"3 minutos"},"schema":{"@context":"https:\/\/schema.org","@graph":[{"@type":"Article","@id":"https:\/\/www.mundoagropecuario.cl\/new\/chile-busca-ampliar-exportaciones-agricolas-con-mision-a-vietnam\/#article","isPartOf":{"@id":"https:\/\/www.mundoagropecuario.cl\/new\/chile-busca-ampliar-exportaciones-agricolas-con-mision-a-vietnam\/"},"author":{"name":"mundo","@id":"https:\/\/www.mundoagropecuario.cl\/new\/#\/schema\/person\/4e9f74a82a7dac260eb1c44b7eebeb18"},"headline":"Chile busca ampliar exportaciones agr\u00edcolas con misi\u00f3n a Vietnam","datePublished":"2025-05-05T16:07:26+00:00","dateModified":"2025-05-13T16:25:02+00:00","mainEntityOfPage":{"@id":"https:\/\/www.mundoagropecuario.cl\/new\/chile-busca-ampliar-exportaciones-agricolas-con-mision-a-vietnam\/"},"wordCount":621,"publisher":{"@id":"https:\/\/www.mundoagropecuario.cl\/new\/#organization"},"image":{"@id":"https:\/\/www.mundoagropecuario.cl\/new\/chile-busca-ampliar-exportaciones-agricolas-con-mision-a-vietnam\/#primaryimage"},"thumbnailUrl":"https:\/\/www.mundoagropecuario.cl\/new\/wp-content\/uploads\/2025\/05\/Plantilla-estandar-mundo-acuicola-63-scaled.jpg","keywords":["Agricultura","Exportaciones","exportaciones agricolas","Frutas","Frutas de Chile","SAG","Servicio Agr\u00edcola y Ganadero","Vietnam"],"articleSection":["Agricultura"],"inLanguage":"es"},{"@type":"WebPage","@id":"https:\/\/www.mundoagropecuario.cl\/new\/chile-busca-ampliar-exportaciones-agricolas-con-mision-a-vietnam\/","url":"https:\/\/www.mundoagropecuario.cl\/new\/chile-busca-ampliar-exportaciones-agricolas-con-mision-a-vietnam\/","name":"Chile busca ampliar exportaciones agr\u00edcolas con misi\u00f3n a Vietnam - Mundoagropecuario","isPartOf":{"@id":"https:\/\/www.mundoagropecuario.cl\/new\/#website"},"primaryImageOfPage":{"@id":"https:\/\/www.mundoagropecuario.cl\/new\/chile-busca-ampliar-exportaciones-agricolas-con-mision-a-vietnam\/#primaryimage"},"image":{"@id":"https:\/\/www.mundoagropecuario.cl\/new\/chile-busca-ampliar-exportaciones-agricolas-con-mision-a-vietnam\/#primaryimage"},"thumbnailUrl":"https:\/\/www.mundoagropecuario.cl\/new\/wp-content\/uploads\/2025\/05\/Plantilla-estandar-mundo-acuicola-63-scaled.jpg","datePublished":"2025-05-05T16:07:26+00:00","dateModified":"2025-05-13T16:25:02+00:00","description":"Delegaci\u00f3n chilena viaja a Vietnam en mayo para abrir mercado a kiwis, ar\u00e1ndanos, cerezas por v\u00eda a\u00e9rea y carne de cerdo.","breadcrumb":{"@id":"https:\/\/www.mundoagropecuario.cl\/new\/chile-busca-ampliar-exportaciones-agricolas-con-mision-a-vietnam\/#breadcrumb"},"inLanguage":"es","potentialAction":[{"@type":"ReadAction","target":["https:\/\/www.mundoagropecuario.cl\/new\/chile-busca-ampliar-exportaciones-agricolas-con-mision-a-vietnam\/"]}]},{"@type":"ImageObject","inLanguage":"es","@id":"https:\/\/www.mundoagropecuario.cl\/new\/chile-busca-ampliar-exportaciones-agricolas-con-mision-a-vietnam\/#primaryimage","url":"https:\/\/www.mundoagropecuario.cl\/new\/wp-content\/uploads\/2025\/05\/Plantilla-estandar-mundo-acuicola-63-scaled.jpg","contentUrl":"https:\/\/www.mundoagropecuario.cl\/new\/wp-content\/uploads\/2025\/05\/Plantilla-estandar-mundo-acuicola-63-scaled.jpg","width":720,"height":384},{"@type":"BreadcrumbList","@id":"https:\/\/www.mundoagropecuario.cl\/new\/chile-busca-ampliar-exportaciones-agricolas-con-mision-a-vietnam\/#breadcrumb","itemListElement":[{"@type":"ListItem","position":1,"name":"Portada","item":"https:\/\/www.mundoagropecuario.cl\/new\/"},{"@type":"ListItem","position":2,"name":"Chile busca ampliar exportaciones agr\u00edcolas con misi\u00f3n a Vietnam"}]},{"@type":"WebSite","@id":"https:\/\/www.mundoagropecuario.cl\/new\/#website","url":"https:\/\/www.mundoagropecuario.cl\/new\/","name":"Mundoagropecuario","description":"Mundo Agropecuario","publisher":{"@id":"https:\/\/www.mundoagropecuario.cl\/new\/#organization"},"potentialAction":[{"@type":"SearchAction","target":{"@type":"EntryPoint","urlTemplate":"https:\/\/www.mundoagropecuario.cl\/new\/?s={search_term_string}"},"query-input":{"@type":"PropertyValueSpecification","valueRequired":true,"valueName":"search_term_string"}}],"inLanguage":"es"},{"@type":"Organization","@id":"https:\/\/www.mundoagropecuario.cl\/new\/#organization","name":"Revista de Agricultura","url":"https:\/\/www.mundoagropecuario.cl\/new\/","logo":{"@type":"ImageObject","inLanguage":"es","@id":"https:\/\/www.mundoagropecuario.cl\/new\/#\/schema\/logo\/image\/","url":"https:\/\/www.mundoagropecuario.cl\/new\/wp-content\/uploads\/2020\/11\/PORTAL-1-1.png","contentUrl":"https:\/\/www.mundoagropecuario.cl\/new\/wp-content\/uploads\/2020\/11\/PORTAL-1-1.png","width":1026,"height":100,"caption":"Revista de Agricultura"},"image":{"@id":"https:\/\/www.mundoagropecuario.cl\/new\/#\/schema\/logo\/image\/"},"sameAs":["https:\/\/www.facebook.com\/mundo.agropecuario.3","https:\/\/x.com\/MundoAgropecuar","https:\/\/www.linkedin.com\/in\/mundo-agropecuario-934009201\/"]},{"@type":"Person","@id":"https:\/\/www.mundoagropecuario.cl\/new\/#\/schema\/person\/4e9f74a82a7dac260eb1c44b7eebeb18","name":"mundo","url":"https:\/\/www.mundoagropecuario.cl\/new\/author\/mundo\/"}]}},"_links":{"self":[{"href":"https:\/\/www.mundoagropecuario.cl\/new\/wp-json\/wp\/v2\/posts\/26682","targetHints":{"allow":["GET"]}}],"collection":[{"href":"https:\/\/www.mundoagropecuario.cl\/new\/wp-json\/wp\/v2\/posts"}],"about":[{"href":"https:\/\/www.mundoagropecuario.cl\/new\/wp-json\/wp\/v2\/types\/post"}],"author":[{"embeddable":true,"href":"https:\/\/www.mundoagropecuario.cl\/new\/wp-json\/wp\/v2\/users\/2"}],"replies":[{"embeddable":true,"href":"https:\/\/www.mundoagropecuario.cl\/new\/wp-json\/wp\/v2\/comments?post=26682"}],"version-history":[{"count":1,"href":"https:\/\/www.mundoagropecuario.cl\/new\/wp-json\/wp\/v2\/posts\/26682\/revisions"}],"predecessor-version":[{"id":26684,"href":"https:\/\/www.mundoagropecuario.cl\/new\/wp-json\/wp\/v2\/posts\/26682\/revisions\/26684"}],"wp:featuredmedia":[{"embeddable":true,"href":"https:\/\/www.mundoagropecuario.cl\/new\/wp-json\/wp\/v2\/media\/26683"}],"wp:attachment":[{"href":"https:\/\/www.mundoagropecuario.cl\/new\/wp-json\/wp\/v2\/media?parent=26682"}],"wp:term":[{"taxonomy":"category","embeddable":true,"href":"https:\/\/www.mundoagropecuario.cl\/new\/wp-json\/wp\/v2\/categories?post=26682"},{"taxonomy":"post_tag","embeddable":true,"href":"https:\/\/www.mundoagropecuario.cl\/new\/wp-json\/wp\/v2\/tags?post=26682"}],"curies":[{"name":"wp","href":"https:\/\/api.w.org\/{rel}","templated":true}]}}