{"id":26679,"date":"2025-05-02T17:17:08","date_gmt":"2025-05-02T20:17:08","guid":{"rendered":"https:\/\/www.mundoagropecuario.cl\/new\/?p=26679"},"modified":"2025-05-13T13:24:52","modified_gmt":"2025-05-13T16:24:52","slug":"impulsado-por-el-sector-fruticola-y-alimentos-imacec-de-marzo-crecio-en-38","status":"publish","type":"post","link":"https:\/\/www.mundoagropecuario.cl\/new\/impulsado-por-el-sector-fruticola-y-alimentos-imacec-de-marzo-crecio-en-38\/","title":{"rendered":"Impulsado por el sector frut\u00edcola y alimentos Imacec de marzo creci\u00f3 en 3,8%"},"content":{"rendered":"<p>El Banco Central de Chile se\u00f1al\u00f3 que, con la informaci\u00f3n preliminar, el Imacec de marzo de 2025 creci\u00f3 3,8% en comparaci\u00f3n con igual mes del a\u00f1o anterior. La serie desestacionalizada aument\u00f3 0,8% respecto del mes precedente y creci\u00f3 2,9% en doce meses. El mes registr\u00f3 un d\u00eda h\u00e1bil m\u00e1s que marzo de 2024.<\/p>\n<p>El resultado del Imacec se explic\u00f3 por el crecimiento de todos sus componentes, destacando el desempe\u00f1o de la producci\u00f3n de bienes. En tanto, el aumento del Imacec en t\u00e9rminos desestacionalizados fue determinado por la miner\u00eda.<\/p>\n<p>La producci\u00f3n de bienes creci\u00f3 4,4%, resultado que se explic\u00f3 por todas sus actividades. Destac\u00f3 el desempe\u00f1o del resto de bienes y de la industria manufacturera, impulsados por la producci\u00f3n frut\u00edcola y la elaboraci\u00f3n de alimentos, respectivamente. En tanto, la miner\u00eda tambi\u00e9n creci\u00f3 debido a una mayor extracci\u00f3n de cobre.<\/p>\n<p>El ministro de Agricultura, Esteban Valenzuela, explic\u00f3 que el impulso de la fruticultura y los alimentos en el buen comportamiento del Imacec es una buena noticia para el sector. &#8220;Seguiremos trabajando en la misma direcci\u00f3n para seguir profundizando los buenos resultados sectoriales, ya que claramente vemos que aportamos al dinamismo de la econom\u00eda nacional&#8221;, explic\u00f3.<\/p>\n","protected":false},"excerpt":{"rendered":"<p>El Imacec de marzo 2025 creci\u00f3 3,8% interanual, destacando el aporte del sector agr\u00edcola al dinamismo econ\u00f3mico.<\/p>\n","protected":false},"author":2,"featured_media":26680,"comment_status":"closed","ping_status":"closed","sticky":false,"template":"","format":"standard","meta":{"footnotes":""},"categories":[1986],"tags":[638,2254,9753,9242,9212],"class_list":["post-26679","post","type-post","status-publish","format-standard","has-post-thumbnail","hentry","category-frutas","tag-banco-central","tag-fruticultura","tag-imacec","tag-industria-fruticola","tag-sector-fruticola"],"yoast_head":"<!-- This site is optimized with the Yoast SEO plugin v26.6 - https:\/\/yoast.com\/wordpress\/plugins\/seo\/ -->\n<title>Impulsado por el sector frut\u00edcola y alimentos Imacec de marzo creci\u00f3 en 3,8% - Mundoagropecuario<\/title>\n<meta name=\"description\" content=\"El Imacec de marzo 2025 creci\u00f3 3,8% interanual, destacando el aporte del sector agr\u00edcola al dinamismo econ\u00f3mico.\" \/>\n<meta name=\"robots\" content=\"index, follow, max-snippet:-1, max-image-preview:large, max-video-preview:-1\" \/>\n<link rel=\"canonical\" href=\"https:\/\/www.mundoagropecuario.cl\/new\/impulsado-por-el-sector-fruticola-y-alimentos-imacec-de-marzo-crecio-en-38\/\" \/>\n<meta property=\"og:locale\" content=\"es_ES\" \/>\n<meta property=\"og:type\" content=\"article\" \/>\n<meta property=\"og:title\" content=\"Impulsado por el sector frut\u00edcola y alimentos Imacec de marzo creci\u00f3 en 3,8% - Mundoagropecuario\" \/>\n<meta property=\"og:description\" content=\"El Imacec de marzo 2025 creci\u00f3 3,8% interanual, destacando el aporte del sector agr\u00edcola al dinamismo econ\u00f3mico.\" \/>\n<meta property=\"og:url\" content=\"https:\/\/www.mundoagropecuario.cl\/new\/impulsado-por-el-sector-fruticola-y-alimentos-imacec-de-marzo-crecio-en-38\/\" \/>\n<meta property=\"og:site_name\" content=\"Mundoagropecuario\" \/>\n<meta property=\"article:publisher\" content=\"https:\/\/www.facebook.com\/mundo.agropecuario.3\" \/>\n<meta property=\"article:published_time\" content=\"2025-05-02T20:17:08+00:00\" \/>\n<meta property=\"article:modified_time\" content=\"2025-05-13T16:24:52+00:00\" \/>\n<meta property=\"og:image\" content=\"https:\/\/www.mundoagropecuario.cl\/new\/wp-content\/uploads\/2025\/05\/Imagen-Referencial-FU-02-16-scaled.jpg\" \/>\n\t<meta property=\"og:image:width\" content=\"720\" \/>\n\t<meta property=\"og:image:height\" content=\"377\" \/>\n\t<meta property=\"og:image:type\" content=\"image\/jpeg\" \/>\n<meta name=\"author\" content=\"mundo\" \/>\n<meta name=\"twitter:card\" content=\"summary_large_image\" \/>\n<meta name=\"twitter:creator\" content=\"@MundoAgropecuar\" \/>\n<meta name=\"twitter:site\" content=\"@MundoAgropecuar\" \/>\n<meta name=\"twitter:label1\" content=\"Escrito por\" \/>\n\t<meta name=\"twitter:data1\" content=\"mundo\" \/>\n\t<meta name=\"twitter:label2\" content=\"Tiempo de lectura\" \/>\n\t<meta name=\"twitter:data2\" content=\"2 minutos\" \/>\n<script type=\"application\/ld+json\" class=\"yoast-schema-graph\">{\"@context\":\"https:\/\/schema.org\",\"@graph\":[{\"@type\":\"Article\",\"@id\":\"https:\/\/www.mundoagropecuario.cl\/new\/impulsado-por-el-sector-fruticola-y-alimentos-imacec-de-marzo-crecio-en-38\/#article\",\"isPartOf\":{\"@id\":\"https:\/\/www.mundoagropecuario.cl\/new\/impulsado-por-el-sector-fruticola-y-alimentos-imacec-de-marzo-crecio-en-38\/\"},\"author\":{\"name\":\"mundo\",\"@id\":\"https:\/\/www.mundoagropecuario.cl\/new\/#\/schema\/person\/4e9f74a82a7dac260eb1c44b7eebeb18\"},\"headline\":\"Impulsado por el sector frut\u00edcola y alimentos Imacec de marzo creci\u00f3 en 3,8%\",\"datePublished\":\"2025-05-02T20:17:08+00:00\",\"dateModified\":\"2025-05-13T16:24:52+00:00\",\"mainEntityOfPage\":{\"@id\":\"https:\/\/www.mundoagropecuario.cl\/new\/impulsado-por-el-sector-fruticola-y-alimentos-imacec-de-marzo-crecio-en-38\/\"},\"wordCount\":221,\"publisher\":{\"@id\":\"https:\/\/www.mundoagropecuario.cl\/new\/#organization\"},\"image\":{\"@id\":\"https:\/\/www.mundoagropecuario.cl\/new\/impulsado-por-el-sector-fruticola-y-alimentos-imacec-de-marzo-crecio-en-38\/#primaryimage\"},\"thumbnailUrl\":\"https:\/\/www.mundoagropecuario.cl\/new\/wp-content\/uploads\/2025\/05\/Imagen-Referencial-FU-02-16-scaled.jpg\",\"keywords\":[\"Banco Central\",\"Fruticultura\",\"Imacec\",\"industria frut\u00edcola\",\"sector frut\u00edcola\"],\"articleSection\":[\"Frutas\"],\"inLanguage\":\"es\"},{\"@type\":\"WebPage\",\"@id\":\"https:\/\/www.mundoagropecuario.cl\/new\/impulsado-por-el-sector-fruticola-y-alimentos-imacec-de-marzo-crecio-en-38\/\",\"url\":\"https:\/\/www.mundoagropecuario.cl\/new\/impulsado-por-el-sector-fruticola-y-alimentos-imacec-de-marzo-crecio-en-38\/\",\"name\":\"Impulsado por el sector frut\u00edcola y alimentos Imacec de marzo creci\u00f3 en 3,8% - Mundoagropecuario\",\"isPartOf\":{\"@id\":\"https:\/\/www.mundoagropecuario.cl\/new\/#website\"},\"primaryImageOfPage\":{\"@id\":\"https:\/\/www.mundoagropecuario.cl\/new\/impulsado-por-el-sector-fruticola-y-alimentos-imacec-de-marzo-crecio-en-38\/#primaryimage\"},\"image\":{\"@id\":\"https:\/\/www.mundoagropecuario.cl\/new\/impulsado-por-el-sector-fruticola-y-alimentos-imacec-de-marzo-crecio-en-38\/#primaryimage\"},\"thumbnailUrl\":\"https:\/\/www.mundoagropecuario.cl\/new\/wp-content\/uploads\/2025\/05\/Imagen-Referencial-FU-02-16-scaled.jpg\",\"datePublished\":\"2025-05-02T20:17:08+00:00\",\"dateModified\":\"2025-05-13T16:24:52+00:00\",\"description\":\"El Imacec de marzo 2025 creci\u00f3 3,8% interanual, destacando el aporte del sector agr\u00edcola al dinamismo econ\u00f3mico.\",\"breadcrumb\":{\"@id\":\"https:\/\/www.mundoagropecuario.cl\/new\/impulsado-por-el-sector-fruticola-y-alimentos-imacec-de-marzo-crecio-en-38\/#breadcrumb\"},\"inLanguage\":\"es\",\"potentialAction\":[{\"@type\":\"ReadAction\",\"target\":[\"https:\/\/www.mundoagropecuario.cl\/new\/impulsado-por-el-sector-fruticola-y-alimentos-imacec-de-marzo-crecio-en-38\/\"]}]},{\"@type\":\"ImageObject\",\"inLanguage\":\"es\",\"@id\":\"https:\/\/www.mundoagropecuario.cl\/new\/impulsado-por-el-sector-fruticola-y-alimentos-imacec-de-marzo-crecio-en-38\/#primaryimage\",\"url\":\"https:\/\/www.mundoagropecuario.cl\/new\/wp-content\/uploads\/2025\/05\/Imagen-Referencial-FU-02-16-scaled.jpg\",\"contentUrl\":\"https:\/\/www.mundoagropecuario.cl\/new\/wp-content\/uploads\/2025\/05\/Imagen-Referencial-FU-02-16-scaled.jpg\",\"width\":720,\"height\":377},{\"@type\":\"BreadcrumbList\",\"@id\":\"https:\/\/www.mundoagropecuario.cl\/new\/impulsado-por-el-sector-fruticola-y-alimentos-imacec-de-marzo-crecio-en-38\/#breadcrumb\",\"itemListElement\":[{\"@type\":\"ListItem\",\"position\":1,\"name\":\"Portada\",\"item\":\"https:\/\/www.mundoagropecuario.cl\/new\/\"},{\"@type\":\"ListItem\",\"position\":2,\"name\":\"Impulsado por el sector frut\u00edcola y alimentos Imacec de marzo creci\u00f3 en 3,8%\"}]},{\"@type\":\"WebSite\",\"@id\":\"https:\/\/www.mundoagropecuario.cl\/new\/#website\",\"url\":\"https:\/\/www.mundoagropecuario.cl\/new\/\",\"name\":\"Mundoagropecuario\",\"description\":\"Mundo Agropecuario\",\"publisher\":{\"@id\":\"https:\/\/www.mundoagropecuario.cl\/new\/#organization\"},\"potentialAction\":[{\"@type\":\"SearchAction\",\"target\":{\"@type\":\"EntryPoint\",\"urlTemplate\":\"https:\/\/www.mundoagropecuario.cl\/new\/?s={search_term_string}\"},\"query-input\":{\"@type\":\"PropertyValueSpecification\",\"valueRequired\":true,\"valueName\":\"search_term_string\"}}],\"inLanguage\":\"es\"},{\"@type\":\"Organization\",\"@id\":\"https:\/\/www.mundoagropecuario.cl\/new\/#organization\",\"name\":\"Revista de Agricultura\",\"url\":\"https:\/\/www.mundoagropecuario.cl\/new\/\",\"logo\":{\"@type\":\"ImageObject\",\"inLanguage\":\"es\",\"@id\":\"https:\/\/www.mundoagropecuario.cl\/new\/#\/schema\/logo\/image\/\",\"url\":\"https:\/\/www.mundoagropecuario.cl\/new\/wp-content\/uploads\/2020\/11\/PORTAL-1-1.png\",\"contentUrl\":\"https:\/\/www.mundoagropecuario.cl\/new\/wp-content\/uploads\/2020\/11\/PORTAL-1-1.png\",\"width\":1026,\"height\":100,\"caption\":\"Revista de Agricultura\"},\"image\":{\"@id\":\"https:\/\/www.mundoagropecuario.cl\/new\/#\/schema\/logo\/image\/\"},\"sameAs\":[\"https:\/\/www.facebook.com\/mundo.agropecuario.3\",\"https:\/\/x.com\/MundoAgropecuar\",\"https:\/\/www.linkedin.com\/in\/mundo-agropecuario-934009201\/\"]},{\"@type\":\"Person\",\"@id\":\"https:\/\/www.mundoagropecuario.cl\/new\/#\/schema\/person\/4e9f74a82a7dac260eb1c44b7eebeb18\",\"name\":\"mundo\",\"url\":\"https:\/\/www.mundoagropecuario.cl\/new\/author\/mundo\/\"}]}<\/script>\n<!-- \/ Yoast SEO plugin. -->","yoast_head_json":{"title":"Impulsado por el sector frut\u00edcola y alimentos Imacec de marzo creci\u00f3 en 3,8% - Mundoagropecuario","description":"El Imacec de marzo 2025 creci\u00f3 3,8% interanual, destacando el aporte del sector agr\u00edcola al dinamismo econ\u00f3mico.","robots":{"index":"index","follow":"follow","max-snippet":"max-snippet:-1","max-image-preview":"max-image-preview:large","max-video-preview":"max-video-preview:-1"},"canonical":"https:\/\/www.mundoagropecuario.cl\/new\/impulsado-por-el-sector-fruticola-y-alimentos-imacec-de-marzo-crecio-en-38\/","og_locale":"es_ES","og_type":"article","og_title":"Impulsado por el sector frut\u00edcola y alimentos Imacec de marzo creci\u00f3 en 3,8% - Mundoagropecuario","og_description":"El Imacec de marzo 2025 creci\u00f3 3,8% interanual, destacando el aporte del sector agr\u00edcola al dinamismo econ\u00f3mico.","og_url":"https:\/\/www.mundoagropecuario.cl\/new\/impulsado-por-el-sector-fruticola-y-alimentos-imacec-de-marzo-crecio-en-38\/","og_site_name":"Mundoagropecuario","article_publisher":"https:\/\/www.facebook.com\/mundo.agropecuario.3","article_published_time":"2025-05-02T20:17:08+00:00","article_modified_time":"2025-05-13T16:24:52+00:00","og_image":[{"width":720,"height":377,"url":"https:\/\/www.mundoagropecuario.cl\/new\/wp-content\/uploads\/2025\/05\/Imagen-Referencial-FU-02-16-scaled.jpg","type":"image\/jpeg"}],"author":"mundo","twitter_card":"summary_large_image","twitter_creator":"@MundoAgropecuar","twitter_site":"@MundoAgropecuar","twitter_misc":{"Escrito por":"mundo","Tiempo de lectura":"2 minutos"},"schema":{"@context":"https:\/\/schema.org","@graph":[{"@type":"Article","@id":"https:\/\/www.mundoagropecuario.cl\/new\/impulsado-por-el-sector-fruticola-y-alimentos-imacec-de-marzo-crecio-en-38\/#article","isPartOf":{"@id":"https:\/\/www.mundoagropecuario.cl\/new\/impulsado-por-el-sector-fruticola-y-alimentos-imacec-de-marzo-crecio-en-38\/"},"author":{"name":"mundo","@id":"https:\/\/www.mundoagropecuario.cl\/new\/#\/schema\/person\/4e9f74a82a7dac260eb1c44b7eebeb18"},"headline":"Impulsado por el sector frut\u00edcola y alimentos Imacec de marzo creci\u00f3 en 3,8%","datePublished":"2025-05-02T20:17:08+00:00","dateModified":"2025-05-13T16:24:52+00:00","mainEntityOfPage":{"@id":"https:\/\/www.mundoagropecuario.cl\/new\/impulsado-por-el-sector-fruticola-y-alimentos-imacec-de-marzo-crecio-en-38\/"},"wordCount":221,"publisher":{"@id":"https:\/\/www.mundoagropecuario.cl\/new\/#organization"},"image":{"@id":"https:\/\/www.mundoagropecuario.cl\/new\/impulsado-por-el-sector-fruticola-y-alimentos-imacec-de-marzo-crecio-en-38\/#primaryimage"},"thumbnailUrl":"https:\/\/www.mundoagropecuario.cl\/new\/wp-content\/uploads\/2025\/05\/Imagen-Referencial-FU-02-16-scaled.jpg","keywords":["Banco Central","Fruticultura","Imacec","industria frut\u00edcola","sector frut\u00edcola"],"articleSection":["Frutas"],"inLanguage":"es"},{"@type":"WebPage","@id":"https:\/\/www.mundoagropecuario.cl\/new\/impulsado-por-el-sector-fruticola-y-alimentos-imacec-de-marzo-crecio-en-38\/","url":"https:\/\/www.mundoagropecuario.cl\/new\/impulsado-por-el-sector-fruticola-y-alimentos-imacec-de-marzo-crecio-en-38\/","name":"Impulsado por el sector frut\u00edcola y alimentos Imacec de marzo creci\u00f3 en 3,8% - Mundoagropecuario","isPartOf":{"@id":"https:\/\/www.mundoagropecuario.cl\/new\/#website"},"primaryImageOfPage":{"@id":"https:\/\/www.mundoagropecuario.cl\/new\/impulsado-por-el-sector-fruticola-y-alimentos-imacec-de-marzo-crecio-en-38\/#primaryimage"},"image":{"@id":"https:\/\/www.mundoagropecuario.cl\/new\/impulsado-por-el-sector-fruticola-y-alimentos-imacec-de-marzo-crecio-en-38\/#primaryimage"},"thumbnailUrl":"https:\/\/www.mundoagropecuario.cl\/new\/wp-content\/uploads\/2025\/05\/Imagen-Referencial-FU-02-16-scaled.jpg","datePublished":"2025-05-02T20:17:08+00:00","dateModified":"2025-05-13T16:24:52+00:00","description":"El Imacec de marzo 2025 creci\u00f3 3,8% interanual, destacando el aporte del sector agr\u00edcola al dinamismo econ\u00f3mico.","breadcrumb":{"@id":"https:\/\/www.mundoagropecuario.cl\/new\/impulsado-por-el-sector-fruticola-y-alimentos-imacec-de-marzo-crecio-en-38\/#breadcrumb"},"inLanguage":"es","potentialAction":[{"@type":"ReadAction","target":["https:\/\/www.mundoagropecuario.cl\/new\/impulsado-por-el-sector-fruticola-y-alimentos-imacec-de-marzo-crecio-en-38\/"]}]},{"@type":"ImageObject","inLanguage":"es","@id":"https:\/\/www.mundoagropecuario.cl\/new\/impulsado-por-el-sector-fruticola-y-alimentos-imacec-de-marzo-crecio-en-38\/#primaryimage","url":"https:\/\/www.mundoagropecuario.cl\/new\/wp-content\/uploads\/2025\/05\/Imagen-Referencial-FU-02-16-scaled.jpg","contentUrl":"https:\/\/www.mundoagropecuario.cl\/new\/wp-content\/uploads\/2025\/05\/Imagen-Referencial-FU-02-16-scaled.jpg","width":720,"height":377},{"@type":"BreadcrumbList","@id":"https:\/\/www.mundoagropecuario.cl\/new\/impulsado-por-el-sector-fruticola-y-alimentos-imacec-de-marzo-crecio-en-38\/#breadcrumb","itemListElement":[{"@type":"ListItem","position":1,"name":"Portada","item":"https:\/\/www.mundoagropecuario.cl\/new\/"},{"@type":"ListItem","position":2,"name":"Impulsado por el sector frut\u00edcola y alimentos Imacec de marzo creci\u00f3 en 3,8%"}]},{"@type":"WebSite","@id":"https:\/\/www.mundoagropecuario.cl\/new\/#website","url":"https:\/\/www.mundoagropecuario.cl\/new\/","name":"Mundoagropecuario","description":"Mundo Agropecuario","publisher":{"@id":"https:\/\/www.mundoagropecuario.cl\/new\/#organization"},"potentialAction":[{"@type":"SearchAction","target":{"@type":"EntryPoint","urlTemplate":"https:\/\/www.mundoagropecuario.cl\/new\/?s={search_term_string}"},"query-input":{"@type":"PropertyValueSpecification","valueRequired":true,"valueName":"search_term_string"}}],"inLanguage":"es"},{"@type":"Organization","@id":"https:\/\/www.mundoagropecuario.cl\/new\/#organization","name":"Revista de Agricultura","url":"https:\/\/www.mundoagropecuario.cl\/new\/","logo":{"@type":"ImageObject","inLanguage":"es","@id":"https:\/\/www.mundoagropecuario.cl\/new\/#\/schema\/logo\/image\/","url":"https:\/\/www.mundoagropecuario.cl\/new\/wp-content\/uploads\/2020\/11\/PORTAL-1-1.png","contentUrl":"https:\/\/www.mundoagropecuario.cl\/new\/wp-content\/uploads\/2020\/11\/PORTAL-1-1.png","width":1026,"height":100,"caption":"Revista de Agricultura"},"image":{"@id":"https:\/\/www.mundoagropecuario.cl\/new\/#\/schema\/logo\/image\/"},"sameAs":["https:\/\/www.facebook.com\/mundo.agropecuario.3","https:\/\/x.com\/MundoAgropecuar","https:\/\/www.linkedin.com\/in\/mundo-agropecuario-934009201\/"]},{"@type":"Person","@id":"https:\/\/www.mundoagropecuario.cl\/new\/#\/schema\/person\/4e9f74a82a7dac260eb1c44b7eebeb18","name":"mundo","url":"https:\/\/www.mundoagropecuario.cl\/new\/author\/mundo\/"}]}},"_links":{"self":[{"href":"https:\/\/www.mundoagropecuario.cl\/new\/wp-json\/wp\/v2\/posts\/26679","targetHints":{"allow":["GET"]}}],"collection":[{"href":"https:\/\/www.mundoagropecuario.cl\/new\/wp-json\/wp\/v2\/posts"}],"about":[{"href":"https:\/\/www.mundoagropecuario.cl\/new\/wp-json\/wp\/v2\/types\/post"}],"author":[{"embeddable":true,"href":"https:\/\/www.mundoagropecuario.cl\/new\/wp-json\/wp\/v2\/users\/2"}],"replies":[{"embeddable":true,"href":"https:\/\/www.mundoagropecuario.cl\/new\/wp-json\/wp\/v2\/comments?post=26679"}],"version-history":[{"count":1,"href":"https:\/\/www.mundoagropecuario.cl\/new\/wp-json\/wp\/v2\/posts\/26679\/revisions"}],"predecessor-version":[{"id":26681,"href":"https:\/\/www.mundoagropecuario.cl\/new\/wp-json\/wp\/v2\/posts\/26679\/revisions\/26681"}],"wp:featuredmedia":[{"embeddable":true,"href":"https:\/\/www.mundoagropecuario.cl\/new\/wp-json\/wp\/v2\/media\/26680"}],"wp:attachment":[{"href":"https:\/\/www.mundoagropecuario.cl\/new\/wp-json\/wp\/v2\/media?parent=26679"}],"wp:term":[{"taxonomy":"category","embeddable":true,"href":"https:\/\/www.mundoagropecuario.cl\/new\/wp-json\/wp\/v2\/categories?post=26679"},{"taxonomy":"post_tag","embeddable":true,"href":"https:\/\/www.mundoagropecuario.cl\/new\/wp-json\/wp\/v2\/tags?post=26679"}],"curies":[{"name":"wp","href":"https:\/\/api.w.org\/{rel}","templated":true}]}}