{"id":26673,"date":"2025-05-02T13:48:38","date_gmt":"2025-05-02T16:48:38","guid":{"rendered":"https:\/\/www.mundoagropecuario.cl\/new\/?p=26673"},"modified":"2025-05-13T13:24:38","modified_gmt":"2025-05-13T16:24:38","slug":"aproleche-rechaza-falta-de-unanimidad-de-comision-paz-y-entendimiento","status":"publish","type":"post","link":"https:\/\/www.mundoagropecuario.cl\/new\/aproleche-rechaza-falta-de-unanimidad-de-comision-paz-y-entendimiento\/","title":{"rendered":"Aproleche rechaza falta de unanimidad de Comisi\u00f3n Paz y Entendimiento"},"content":{"rendered":"<p>A ra\u00edz de los recientes resultados de la Comisi\u00f3n para la Paz y Entendimiento, la cual entreg\u00f3 una propuesta que no cont\u00f3 con un acuerdo un\u00e1nime luego dos a\u00f1os de trabajo, Aproleche Osorno rechaza la validez del documento a falta del consenso para aprobar el documento, y entrega su respaldo al presidente de los agricultores de Malleco, Sebasti\u00e1n Naveill\u00e1n, quien vot\u00f3 en contra debido a la considerable suma de hect\u00e1reas a disponer, para futuras entregas a comunidades ind\u00edgenas.<\/p>\n<p>Al respecto Marcos Winkler, presidente de Aproleche Osorno y Fedeleche, se\u00f1al\u00f3 que \u201cChile requiere de garantizar su seguridad alimentaria, y lo que hoy nos pide esta Comisi\u00f3n es que nuestro pa\u00eds deber\u00e1 ceder m\u00e1s de 200 mil hect\u00e1reas a comunidades, las cuales son necesarias para generar alimento para el futuro. Rechazamos categ\u00f3ricamente esta enorme suma de hect\u00e1reas, las que sin duda saldr\u00e1n de los campos de los agricultores\u201d.<\/p>\n<p>A su vez, Winkler sostuvo que \u201capoyamos la valent\u00eda de Sebast\u00edan Naveill\u00e1n de atreverse a ir en contra de una Comisi\u00f3n que no entreg\u00f3 una propuesta que respetara a todos los chilenos, y que garantizara una soluci\u00f3n viable a un conflicto que es necesario resolver. Estamos atentos y analizaremos el informe final punto por punto, pero sin duda, el proceso queda gravemente da\u00f1ado debido a este lamentable desenlace.<\/p>\n","protected":false},"excerpt":{"rendered":"<p>Aproleche Osorno rechaza la propuesta de la Comisi\u00f3n para la Paz por falta de consenso y respalda a Sebasti\u00e1n Naveill\u00e1n.<\/p>\n","protected":false},"author":2,"featured_media":26674,"comment_status":"closed","ping_status":"closed","sticky":false,"template":"","format":"standard","meta":{"footnotes":""},"categories":[126],"tags":[2057,2126,9751,2058],"class_list":["post-26673","post","type-post","status-publish","format-standard","has-post-thumbnail","hentry","category-noticias","tag-aproleche","tag-aproleche-osorno","tag-comision-para-la-paz-y-entendimiento","tag-fedeleche"],"yoast_head":"<!-- This site is optimized with the Yoast SEO plugin v26.6 - https:\/\/yoast.com\/wordpress\/plugins\/seo\/ -->\n<title>Aproleche rechaza falta de unanimidad de Comisi\u00f3n Paz y Entendimiento - Mundoagropecuario<\/title>\n<meta name=\"description\" content=\"Aproleche Osorno rechaza la propuesta de la Comisi\u00f3n para la Paz por falta de consenso y respalda a Sebasti\u00e1n Naveill\u00e1n.\" \/>\n<meta name=\"robots\" content=\"index, follow, max-snippet:-1, max-image-preview:large, max-video-preview:-1\" \/>\n<link rel=\"canonical\" href=\"https:\/\/www.mundoagropecuario.cl\/new\/aproleche-rechaza-falta-de-unanimidad-de-comision-paz-y-entendimiento\/\" \/>\n<meta property=\"og:locale\" content=\"es_ES\" \/>\n<meta property=\"og:type\" content=\"article\" \/>\n<meta property=\"og:title\" content=\"Aproleche rechaza falta de unanimidad de Comisi\u00f3n Paz y Entendimiento - Mundoagropecuario\" \/>\n<meta property=\"og:description\" content=\"Aproleche Osorno rechaza la propuesta de la Comisi\u00f3n para la Paz por falta de consenso y respalda a Sebasti\u00e1n Naveill\u00e1n.\" \/>\n<meta property=\"og:url\" content=\"https:\/\/www.mundoagropecuario.cl\/new\/aproleche-rechaza-falta-de-unanimidad-de-comision-paz-y-entendimiento\/\" \/>\n<meta property=\"og:site_name\" content=\"Mundoagropecuario\" \/>\n<meta property=\"article:publisher\" content=\"https:\/\/www.facebook.com\/mundo.agropecuario.3\" \/>\n<meta property=\"article:published_time\" content=\"2025-05-02T16:48:38+00:00\" \/>\n<meta property=\"article:modified_time\" content=\"2025-05-13T16:24:38+00:00\" \/>\n<meta property=\"og:image\" content=\"https:\/\/www.mundoagropecuario.cl\/new\/wp-content\/uploads\/2025\/05\/Plantilla-estandar-mundo-acuicola-58-scaled.jpg\" \/>\n\t<meta property=\"og:image:width\" content=\"720\" \/>\n\t<meta property=\"og:image:height\" content=\"384\" \/>\n\t<meta property=\"og:image:type\" content=\"image\/jpeg\" \/>\n<meta name=\"author\" content=\"mundo\" \/>\n<meta name=\"twitter:card\" content=\"summary_large_image\" \/>\n<meta name=\"twitter:creator\" content=\"@MundoAgropecuar\" \/>\n<meta name=\"twitter:site\" content=\"@MundoAgropecuar\" \/>\n<meta name=\"twitter:label1\" content=\"Escrito por\" \/>\n\t<meta name=\"twitter:data1\" content=\"mundo\" \/>\n\t<meta name=\"twitter:label2\" content=\"Tiempo de lectura\" \/>\n\t<meta name=\"twitter:data2\" content=\"2 minutos\" \/>\n<script type=\"application\/ld+json\" class=\"yoast-schema-graph\">{\"@context\":\"https:\/\/schema.org\",\"@graph\":[{\"@type\":\"Article\",\"@id\":\"https:\/\/www.mundoagropecuario.cl\/new\/aproleche-rechaza-falta-de-unanimidad-de-comision-paz-y-entendimiento\/#article\",\"isPartOf\":{\"@id\":\"https:\/\/www.mundoagropecuario.cl\/new\/aproleche-rechaza-falta-de-unanimidad-de-comision-paz-y-entendimiento\/\"},\"author\":{\"name\":\"mundo\",\"@id\":\"https:\/\/www.mundoagropecuario.cl\/new\/#\/schema\/person\/4e9f74a82a7dac260eb1c44b7eebeb18\"},\"headline\":\"Aproleche rechaza falta de unanimidad de Comisi\u00f3n Paz y Entendimiento\",\"datePublished\":\"2025-05-02T16:48:38+00:00\",\"dateModified\":\"2025-05-13T16:24:38+00:00\",\"mainEntityOfPage\":{\"@id\":\"https:\/\/www.mundoagropecuario.cl\/new\/aproleche-rechaza-falta-de-unanimidad-de-comision-paz-y-entendimiento\/\"},\"wordCount\":246,\"publisher\":{\"@id\":\"https:\/\/www.mundoagropecuario.cl\/new\/#organization\"},\"image\":{\"@id\":\"https:\/\/www.mundoagropecuario.cl\/new\/aproleche-rechaza-falta-de-unanimidad-de-comision-paz-y-entendimiento\/#primaryimage\"},\"thumbnailUrl\":\"https:\/\/www.mundoagropecuario.cl\/new\/wp-content\/uploads\/2025\/05\/Plantilla-estandar-mundo-acuicola-58-scaled.jpg\",\"keywords\":[\"Aproleche\",\"Aproleche Osorno\",\"Comisi\u00f3n para la Paz y Entendimiento\",\"Fedeleche\"],\"articleSection\":[\"Noticias\"],\"inLanguage\":\"es\"},{\"@type\":\"WebPage\",\"@id\":\"https:\/\/www.mundoagropecuario.cl\/new\/aproleche-rechaza-falta-de-unanimidad-de-comision-paz-y-entendimiento\/\",\"url\":\"https:\/\/www.mundoagropecuario.cl\/new\/aproleche-rechaza-falta-de-unanimidad-de-comision-paz-y-entendimiento\/\",\"name\":\"Aproleche rechaza falta de unanimidad de Comisi\u00f3n Paz y Entendimiento - Mundoagropecuario\",\"isPartOf\":{\"@id\":\"https:\/\/www.mundoagropecuario.cl\/new\/#website\"},\"primaryImageOfPage\":{\"@id\":\"https:\/\/www.mundoagropecuario.cl\/new\/aproleche-rechaza-falta-de-unanimidad-de-comision-paz-y-entendimiento\/#primaryimage\"},\"image\":{\"@id\":\"https:\/\/www.mundoagropecuario.cl\/new\/aproleche-rechaza-falta-de-unanimidad-de-comision-paz-y-entendimiento\/#primaryimage\"},\"thumbnailUrl\":\"https:\/\/www.mundoagropecuario.cl\/new\/wp-content\/uploads\/2025\/05\/Plantilla-estandar-mundo-acuicola-58-scaled.jpg\",\"datePublished\":\"2025-05-02T16:48:38+00:00\",\"dateModified\":\"2025-05-13T16:24:38+00:00\",\"description\":\"Aproleche Osorno rechaza la propuesta de la Comisi\u00f3n para la Paz por falta de consenso y respalda a Sebasti\u00e1n Naveill\u00e1n.\",\"breadcrumb\":{\"@id\":\"https:\/\/www.mundoagropecuario.cl\/new\/aproleche-rechaza-falta-de-unanimidad-de-comision-paz-y-entendimiento\/#breadcrumb\"},\"inLanguage\":\"es\",\"potentialAction\":[{\"@type\":\"ReadAction\",\"target\":[\"https:\/\/www.mundoagropecuario.cl\/new\/aproleche-rechaza-falta-de-unanimidad-de-comision-paz-y-entendimiento\/\"]}]},{\"@type\":\"ImageObject\",\"inLanguage\":\"es\",\"@id\":\"https:\/\/www.mundoagropecuario.cl\/new\/aproleche-rechaza-falta-de-unanimidad-de-comision-paz-y-entendimiento\/#primaryimage\",\"url\":\"https:\/\/www.mundoagropecuario.cl\/new\/wp-content\/uploads\/2025\/05\/Plantilla-estandar-mundo-acuicola-58-scaled.jpg\",\"contentUrl\":\"https:\/\/www.mundoagropecuario.cl\/new\/wp-content\/uploads\/2025\/05\/Plantilla-estandar-mundo-acuicola-58-scaled.jpg\",\"width\":720,\"height\":384},{\"@type\":\"BreadcrumbList\",\"@id\":\"https:\/\/www.mundoagropecuario.cl\/new\/aproleche-rechaza-falta-de-unanimidad-de-comision-paz-y-entendimiento\/#breadcrumb\",\"itemListElement\":[{\"@type\":\"ListItem\",\"position\":1,\"name\":\"Portada\",\"item\":\"https:\/\/www.mundoagropecuario.cl\/new\/\"},{\"@type\":\"ListItem\",\"position\":2,\"name\":\"Aproleche rechaza falta de unanimidad de Comisi\u00f3n Paz y Entendimiento\"}]},{\"@type\":\"WebSite\",\"@id\":\"https:\/\/www.mundoagropecuario.cl\/new\/#website\",\"url\":\"https:\/\/www.mundoagropecuario.cl\/new\/\",\"name\":\"Mundoagropecuario\",\"description\":\"Mundo Agropecuario\",\"publisher\":{\"@id\":\"https:\/\/www.mundoagropecuario.cl\/new\/#organization\"},\"potentialAction\":[{\"@type\":\"SearchAction\",\"target\":{\"@type\":\"EntryPoint\",\"urlTemplate\":\"https:\/\/www.mundoagropecuario.cl\/new\/?s={search_term_string}\"},\"query-input\":{\"@type\":\"PropertyValueSpecification\",\"valueRequired\":true,\"valueName\":\"search_term_string\"}}],\"inLanguage\":\"es\"},{\"@type\":\"Organization\",\"@id\":\"https:\/\/www.mundoagropecuario.cl\/new\/#organization\",\"name\":\"Revista de Agricultura\",\"url\":\"https:\/\/www.mundoagropecuario.cl\/new\/\",\"logo\":{\"@type\":\"ImageObject\",\"inLanguage\":\"es\",\"@id\":\"https:\/\/www.mundoagropecuario.cl\/new\/#\/schema\/logo\/image\/\",\"url\":\"https:\/\/www.mundoagropecuario.cl\/new\/wp-content\/uploads\/2020\/11\/PORTAL-1-1.png\",\"contentUrl\":\"https:\/\/www.mundoagropecuario.cl\/new\/wp-content\/uploads\/2020\/11\/PORTAL-1-1.png\",\"width\":1026,\"height\":100,\"caption\":\"Revista de Agricultura\"},\"image\":{\"@id\":\"https:\/\/www.mundoagropecuario.cl\/new\/#\/schema\/logo\/image\/\"},\"sameAs\":[\"https:\/\/www.facebook.com\/mundo.agropecuario.3\",\"https:\/\/x.com\/MundoAgropecuar\",\"https:\/\/www.linkedin.com\/in\/mundo-agropecuario-934009201\/\"]},{\"@type\":\"Person\",\"@id\":\"https:\/\/www.mundoagropecuario.cl\/new\/#\/schema\/person\/4e9f74a82a7dac260eb1c44b7eebeb18\",\"name\":\"mundo\",\"url\":\"https:\/\/www.mundoagropecuario.cl\/new\/author\/mundo\/\"}]}<\/script>\n<!-- \/ Yoast SEO plugin. -->","yoast_head_json":{"title":"Aproleche rechaza falta de unanimidad de Comisi\u00f3n Paz y Entendimiento - Mundoagropecuario","description":"Aproleche Osorno rechaza la propuesta de la Comisi\u00f3n para la Paz por falta de consenso y respalda a Sebasti\u00e1n Naveill\u00e1n.","robots":{"index":"index","follow":"follow","max-snippet":"max-snippet:-1","max-image-preview":"max-image-preview:large","max-video-preview":"max-video-preview:-1"},"canonical":"https:\/\/www.mundoagropecuario.cl\/new\/aproleche-rechaza-falta-de-unanimidad-de-comision-paz-y-entendimiento\/","og_locale":"es_ES","og_type":"article","og_title":"Aproleche rechaza falta de unanimidad de Comisi\u00f3n Paz y Entendimiento - Mundoagropecuario","og_description":"Aproleche Osorno rechaza la propuesta de la Comisi\u00f3n para la Paz por falta de consenso y respalda a Sebasti\u00e1n Naveill\u00e1n.","og_url":"https:\/\/www.mundoagropecuario.cl\/new\/aproleche-rechaza-falta-de-unanimidad-de-comision-paz-y-entendimiento\/","og_site_name":"Mundoagropecuario","article_publisher":"https:\/\/www.facebook.com\/mundo.agropecuario.3","article_published_time":"2025-05-02T16:48:38+00:00","article_modified_time":"2025-05-13T16:24:38+00:00","og_image":[{"width":720,"height":384,"url":"https:\/\/www.mundoagropecuario.cl\/new\/wp-content\/uploads\/2025\/05\/Plantilla-estandar-mundo-acuicola-58-scaled.jpg","type":"image\/jpeg"}],"author":"mundo","twitter_card":"summary_large_image","twitter_creator":"@MundoAgropecuar","twitter_site":"@MundoAgropecuar","twitter_misc":{"Escrito por":"mundo","Tiempo de lectura":"2 minutos"},"schema":{"@context":"https:\/\/schema.org","@graph":[{"@type":"Article","@id":"https:\/\/www.mundoagropecuario.cl\/new\/aproleche-rechaza-falta-de-unanimidad-de-comision-paz-y-entendimiento\/#article","isPartOf":{"@id":"https:\/\/www.mundoagropecuario.cl\/new\/aproleche-rechaza-falta-de-unanimidad-de-comision-paz-y-entendimiento\/"},"author":{"name":"mundo","@id":"https:\/\/www.mundoagropecuario.cl\/new\/#\/schema\/person\/4e9f74a82a7dac260eb1c44b7eebeb18"},"headline":"Aproleche rechaza falta de unanimidad de Comisi\u00f3n Paz y Entendimiento","datePublished":"2025-05-02T16:48:38+00:00","dateModified":"2025-05-13T16:24:38+00:00","mainEntityOfPage":{"@id":"https:\/\/www.mundoagropecuario.cl\/new\/aproleche-rechaza-falta-de-unanimidad-de-comision-paz-y-entendimiento\/"},"wordCount":246,"publisher":{"@id":"https:\/\/www.mundoagropecuario.cl\/new\/#organization"},"image":{"@id":"https:\/\/www.mundoagropecuario.cl\/new\/aproleche-rechaza-falta-de-unanimidad-de-comision-paz-y-entendimiento\/#primaryimage"},"thumbnailUrl":"https:\/\/www.mundoagropecuario.cl\/new\/wp-content\/uploads\/2025\/05\/Plantilla-estandar-mundo-acuicola-58-scaled.jpg","keywords":["Aproleche","Aproleche Osorno","Comisi\u00f3n para la Paz y Entendimiento","Fedeleche"],"articleSection":["Noticias"],"inLanguage":"es"},{"@type":"WebPage","@id":"https:\/\/www.mundoagropecuario.cl\/new\/aproleche-rechaza-falta-de-unanimidad-de-comision-paz-y-entendimiento\/","url":"https:\/\/www.mundoagropecuario.cl\/new\/aproleche-rechaza-falta-de-unanimidad-de-comision-paz-y-entendimiento\/","name":"Aproleche rechaza falta de unanimidad de Comisi\u00f3n Paz y Entendimiento - Mundoagropecuario","isPartOf":{"@id":"https:\/\/www.mundoagropecuario.cl\/new\/#website"},"primaryImageOfPage":{"@id":"https:\/\/www.mundoagropecuario.cl\/new\/aproleche-rechaza-falta-de-unanimidad-de-comision-paz-y-entendimiento\/#primaryimage"},"image":{"@id":"https:\/\/www.mundoagropecuario.cl\/new\/aproleche-rechaza-falta-de-unanimidad-de-comision-paz-y-entendimiento\/#primaryimage"},"thumbnailUrl":"https:\/\/www.mundoagropecuario.cl\/new\/wp-content\/uploads\/2025\/05\/Plantilla-estandar-mundo-acuicola-58-scaled.jpg","datePublished":"2025-05-02T16:48:38+00:00","dateModified":"2025-05-13T16:24:38+00:00","description":"Aproleche Osorno rechaza la propuesta de la Comisi\u00f3n para la Paz por falta de consenso y respalda a Sebasti\u00e1n Naveill\u00e1n.","breadcrumb":{"@id":"https:\/\/www.mundoagropecuario.cl\/new\/aproleche-rechaza-falta-de-unanimidad-de-comision-paz-y-entendimiento\/#breadcrumb"},"inLanguage":"es","potentialAction":[{"@type":"ReadAction","target":["https:\/\/www.mundoagropecuario.cl\/new\/aproleche-rechaza-falta-de-unanimidad-de-comision-paz-y-entendimiento\/"]}]},{"@type":"ImageObject","inLanguage":"es","@id":"https:\/\/www.mundoagropecuario.cl\/new\/aproleche-rechaza-falta-de-unanimidad-de-comision-paz-y-entendimiento\/#primaryimage","url":"https:\/\/www.mundoagropecuario.cl\/new\/wp-content\/uploads\/2025\/05\/Plantilla-estandar-mundo-acuicola-58-scaled.jpg","contentUrl":"https:\/\/www.mundoagropecuario.cl\/new\/wp-content\/uploads\/2025\/05\/Plantilla-estandar-mundo-acuicola-58-scaled.jpg","width":720,"height":384},{"@type":"BreadcrumbList","@id":"https:\/\/www.mundoagropecuario.cl\/new\/aproleche-rechaza-falta-de-unanimidad-de-comision-paz-y-entendimiento\/#breadcrumb","itemListElement":[{"@type":"ListItem","position":1,"name":"Portada","item":"https:\/\/www.mundoagropecuario.cl\/new\/"},{"@type":"ListItem","position":2,"name":"Aproleche rechaza falta de unanimidad de Comisi\u00f3n Paz y Entendimiento"}]},{"@type":"WebSite","@id":"https:\/\/www.mundoagropecuario.cl\/new\/#website","url":"https:\/\/www.mundoagropecuario.cl\/new\/","name":"Mundoagropecuario","description":"Mundo Agropecuario","publisher":{"@id":"https:\/\/www.mundoagropecuario.cl\/new\/#organization"},"potentialAction":[{"@type":"SearchAction","target":{"@type":"EntryPoint","urlTemplate":"https:\/\/www.mundoagropecuario.cl\/new\/?s={search_term_string}"},"query-input":{"@type":"PropertyValueSpecification","valueRequired":true,"valueName":"search_term_string"}}],"inLanguage":"es"},{"@type":"Organization","@id":"https:\/\/www.mundoagropecuario.cl\/new\/#organization","name":"Revista de Agricultura","url":"https:\/\/www.mundoagropecuario.cl\/new\/","logo":{"@type":"ImageObject","inLanguage":"es","@id":"https:\/\/www.mundoagropecuario.cl\/new\/#\/schema\/logo\/image\/","url":"https:\/\/www.mundoagropecuario.cl\/new\/wp-content\/uploads\/2020\/11\/PORTAL-1-1.png","contentUrl":"https:\/\/www.mundoagropecuario.cl\/new\/wp-content\/uploads\/2020\/11\/PORTAL-1-1.png","width":1026,"height":100,"caption":"Revista de Agricultura"},"image":{"@id":"https:\/\/www.mundoagropecuario.cl\/new\/#\/schema\/logo\/image\/"},"sameAs":["https:\/\/www.facebook.com\/mundo.agropecuario.3","https:\/\/x.com\/MundoAgropecuar","https:\/\/www.linkedin.com\/in\/mundo-agropecuario-934009201\/"]},{"@type":"Person","@id":"https:\/\/www.mundoagropecuario.cl\/new\/#\/schema\/person\/4e9f74a82a7dac260eb1c44b7eebeb18","name":"mundo","url":"https:\/\/www.mundoagropecuario.cl\/new\/author\/mundo\/"}]}},"_links":{"self":[{"href":"https:\/\/www.mundoagropecuario.cl\/new\/wp-json\/wp\/v2\/posts\/26673","targetHints":{"allow":["GET"]}}],"collection":[{"href":"https:\/\/www.mundoagropecuario.cl\/new\/wp-json\/wp\/v2\/posts"}],"about":[{"href":"https:\/\/www.mundoagropecuario.cl\/new\/wp-json\/wp\/v2\/types\/post"}],"author":[{"embeddable":true,"href":"https:\/\/www.mundoagropecuario.cl\/new\/wp-json\/wp\/v2\/users\/2"}],"replies":[{"embeddable":true,"href":"https:\/\/www.mundoagropecuario.cl\/new\/wp-json\/wp\/v2\/comments?post=26673"}],"version-history":[{"count":1,"href":"https:\/\/www.mundoagropecuario.cl\/new\/wp-json\/wp\/v2\/posts\/26673\/revisions"}],"predecessor-version":[{"id":26675,"href":"https:\/\/www.mundoagropecuario.cl\/new\/wp-json\/wp\/v2\/posts\/26673\/revisions\/26675"}],"wp:featuredmedia":[{"embeddable":true,"href":"https:\/\/www.mundoagropecuario.cl\/new\/wp-json\/wp\/v2\/media\/26674"}],"wp:attachment":[{"href":"https:\/\/www.mundoagropecuario.cl\/new\/wp-json\/wp\/v2\/media?parent=26673"}],"wp:term":[{"taxonomy":"category","embeddable":true,"href":"https:\/\/www.mundoagropecuario.cl\/new\/wp-json\/wp\/v2\/categories?post=26673"},{"taxonomy":"post_tag","embeddable":true,"href":"https:\/\/www.mundoagropecuario.cl\/new\/wp-json\/wp\/v2\/tags?post=26673"}],"curies":[{"name":"wp","href":"https:\/\/api.w.org\/{rel}","templated":true}]}}