{"id":26645,"date":"2025-04-28T16:24:43","date_gmt":"2025-04-28T19:24:43","guid":{"rendered":"https:\/\/www.mundoagropecuario.cl\/new\/?p=26645"},"modified":"2025-05-13T13:23:35","modified_gmt":"2025-05-13T16:23:35","slug":"investigacion-busca-potenciar-el-valor-nutricional-del-arandano","status":"publish","type":"post","link":"https:\/\/www.mundoagropecuario.cl\/new\/investigacion-busca-potenciar-el-valor-nutricional-del-arandano\/","title":{"rendered":"Investigaci\u00f3n busca potenciar el valor nutricional del ar\u00e1ndano"},"content":{"rendered":"<p><span style=\"font-weight: 400;\">Lograr que el ar\u00e1ndano sea a\u00fan m\u00e1s nutritivo, saludable y funcional, sin modificar sus cualidades como alimento fresco, es el objetivo de un proyecto realizado en la sede Talca de la Universidad Aut\u00f3noma y liderado por la doctora Carolina Parra.\u00a0<\/span><\/p>\n<p><span style=\"font-weight: 400;\">Su investigaci\u00f3n -un Fondecyt Postdoctoral, iniciado en el 2024 y en proceso de ejecuci\u00f3n- busca evaluar el efecto de la aplicaci\u00f3n poscosecha de \u00e1cido absc\u00edsico (ABA), una hormona vegetal clave en el desarrollo y la defensa frente al estr\u00e9s ambiental, sobre los frutos de ar\u00e1ndano.<\/span><\/p>\n<p><span style=\"font-weight: 400;\">Con 86.264 toneladas exportadas, Chile se ubic\u00f3 en la temporada 2022\/23 como el segundo mayor exportador de ar\u00e1ndanos del planeta, representando el 19% del total. Las regiones del Maule y \u00d1uble lideraron los env\u00edos, con aumentos significativos en sus vol\u00famenes.<\/span><\/p>\n<p><span style=\"font-weight: 400;\">\u201cLa hip\u00f3tesis es que la aplicaci\u00f3n de ABA permitir\u00e1 mejorar las caracter\u00edsticas nutricionales de los frutos, aumentando su capacidad de defensa frente al envejecimiento celular y potenciando sus efectos prebi\u00f3ticos\u201d, explic\u00f3 la investigadora. Esto se lograr\u00eda, a\u00f1adi\u00f3, a trav\u00e9s de un aumento en la expresi\u00f3n de genes y en la actividad de enzimas relacionadas con un tipo de fibra con m\u00faltiples beneficios para la salud intestinal.<\/span><\/p>\n<p><span style=\"font-weight: 400;\">Seg\u00fan detalla la acad\u00e9mica, \u201cal aplicar ABA en la etapa postcosecha, esperamos potenciar la capacidad antioxidante del fruto, incrementando naturalmente compuestos como fenoles, flavonoides y antocianinas. Estos antioxidantes, una vez consumidos, pueden ayudar al organismo a combatir el estr\u00e9s oxidativo, un proceso relacionado con el envejecimiento celular y diversas enfermedades cr\u00f3nicas\u201d.<\/span><\/p>\n<p><span style=\"font-weight: 400;\">La investigaci\u00f3n se desarrollar\u00e1 con frutos recolectados en una huerta comercial de Cauquenes, en la Regi\u00f3n del Maule. \u201cLa idea es aplicar ABA tras la cosecha y luego monitorear los cambios que ocurren en las horas y d\u00edas siguientes\u201d, indic\u00f3.<\/span><\/p>\n<h3>Beneficios para la salud<\/h3>\n<p><span style=\"font-weight: 400;\">Adem\u00e1s de fortalecer su perfil antioxidante, el objetivo es aumentar el contenido de fructooligosac\u00e1ridos (FOS) en el fruto. \u201cEstas fibras naturales tienen un efecto prebi\u00f3tico, lo que significa que alimentan a las bacterias \u2018buenas\u2019 del intestino. Esto se asocia a una mejor digesti\u00f3n, fortalecimiento del sistema inmune e incluso prevenci\u00f3n de enfermedades cr\u00f3nicas\u201d, se\u00f1al\u00f3 la investigadora.<\/span><\/p>\n<p><span style=\"font-weight: 400;\">Respecto al potencial impacto de esta investigaci\u00f3n en la industria del ar\u00e1ndano en Chile y en la salud de los consumidores, la Dra. Parra es clara: \u201cNuestro objetivo principal es generar conocimiento que sea \u00fatil tanto para el \u00e1mbito cient\u00edfico como para el sector productivo. Aunque estamos a\u00fan en una fase experimental, creemos que este estudio puede ofrecer ideas interesantes para mejorar la calidad nutricional de los ar\u00e1ndanos chilenos\u201d.<\/span><\/p>\n<p><span style=\"font-weight: 400;\">Y concluye: \u201cNo se trata de promover al ar\u00e1ndano como un remedio milagroso, pero s\u00ed de avanzar hacia un alimento con un perfil nutricional m\u00e1s completo. Cada vez m\u00e1s personas valoran aquellos productos que, adem\u00e1s de ser sabrosos, pueden aportar beneficios adicionales a la salud\u201d.<\/span><\/p>\n","protected":false},"excerpt":{"rendered":"<p>Investigaci\u00f3n de la Universidad Aut\u00f3noma de Chile busca potenciar el valor nutricional y los efectos prebi\u00f3ticos del ar\u00e1ndano. <\/p>\n","protected":false},"author":2,"featured_media":26647,"comment_status":"closed","ping_status":"closed","sticky":false,"template":"","format":"standard","meta":{"footnotes":""},"categories":[1986],"tags":[9730,2096,459,9729],"class_list":["post-26645","post","type-post","status-publish","format-standard","has-post-thumbnail","hentry","category-frutas","tag-acido-abscisico","tag-arandanos","tag-fondecyt","tag-universidad-autonoma"],"yoast_head":"<!-- This site is optimized with the Yoast SEO plugin v26.6 - https:\/\/yoast.com\/wordpress\/plugins\/seo\/ -->\n<title>Investigaci\u00f3n busca potenciar el valor nutricional del ar\u00e1ndano - Mundoagropecuario<\/title>\n<meta name=\"description\" content=\"Investigaci\u00f3n de la Universidad Aut\u00f3noma de Chile busca potenciar el valor nutricional y los efectos prebi\u00f3ticos del ar\u00e1ndano.\" \/>\n<meta name=\"robots\" content=\"index, follow, max-snippet:-1, max-image-preview:large, max-video-preview:-1\" \/>\n<link rel=\"canonical\" href=\"https:\/\/www.mundoagropecuario.cl\/new\/investigacion-busca-potenciar-el-valor-nutricional-del-arandano\/\" \/>\n<meta property=\"og:locale\" content=\"es_ES\" \/>\n<meta property=\"og:type\" content=\"article\" \/>\n<meta property=\"og:title\" content=\"Investigaci\u00f3n busca potenciar el valor nutricional del ar\u00e1ndano - Mundoagropecuario\" \/>\n<meta property=\"og:description\" content=\"Investigaci\u00f3n de la Universidad Aut\u00f3noma de Chile busca potenciar el valor nutricional y los efectos prebi\u00f3ticos del ar\u00e1ndano.\" \/>\n<meta property=\"og:url\" content=\"https:\/\/www.mundoagropecuario.cl\/new\/investigacion-busca-potenciar-el-valor-nutricional-del-arandano\/\" \/>\n<meta property=\"og:site_name\" content=\"Mundoagropecuario\" \/>\n<meta property=\"article:publisher\" content=\"https:\/\/www.facebook.com\/mundo.agropecuario.3\" \/>\n<meta property=\"article:published_time\" content=\"2025-04-28T19:24:43+00:00\" \/>\n<meta property=\"article:modified_time\" content=\"2025-05-13T16:23:35+00:00\" \/>\n<meta property=\"og:image\" content=\"https:\/\/www.mundoagropecuario.cl\/new\/wp-content\/uploads\/2025\/04\/Plantilla-estandar-mundo-acuicola-41-scaled.jpg\" \/>\n\t<meta property=\"og:image:width\" content=\"720\" \/>\n\t<meta property=\"og:image:height\" content=\"384\" \/>\n\t<meta property=\"og:image:type\" content=\"image\/jpeg\" \/>\n<meta name=\"author\" content=\"mundo\" \/>\n<meta name=\"twitter:card\" content=\"summary_large_image\" \/>\n<meta name=\"twitter:creator\" content=\"@MundoAgropecuar\" \/>\n<meta name=\"twitter:site\" content=\"@MundoAgropecuar\" \/>\n<meta name=\"twitter:label1\" content=\"Escrito por\" \/>\n\t<meta name=\"twitter:data1\" content=\"mundo\" \/>\n\t<meta name=\"twitter:label2\" content=\"Tiempo de lectura\" \/>\n\t<meta name=\"twitter:data2\" content=\"3 minutos\" \/>\n<script type=\"application\/ld+json\" class=\"yoast-schema-graph\">{\"@context\":\"https:\/\/schema.org\",\"@graph\":[{\"@type\":\"Article\",\"@id\":\"https:\/\/www.mundoagropecuario.cl\/new\/investigacion-busca-potenciar-el-valor-nutricional-del-arandano\/#article\",\"isPartOf\":{\"@id\":\"https:\/\/www.mundoagropecuario.cl\/new\/investigacion-busca-potenciar-el-valor-nutricional-del-arandano\/\"},\"author\":{\"name\":\"mundo\",\"@id\":\"https:\/\/www.mundoagropecuario.cl\/new\/#\/schema\/person\/4e9f74a82a7dac260eb1c44b7eebeb18\"},\"headline\":\"Investigaci\u00f3n busca potenciar el valor nutricional del ar\u00e1ndano\",\"datePublished\":\"2025-04-28T19:24:43+00:00\",\"dateModified\":\"2025-05-13T16:23:35+00:00\",\"mainEntityOfPage\":{\"@id\":\"https:\/\/www.mundoagropecuario.cl\/new\/investigacion-busca-potenciar-el-valor-nutricional-del-arandano\/\"},\"wordCount\":507,\"publisher\":{\"@id\":\"https:\/\/www.mundoagropecuario.cl\/new\/#organization\"},\"image\":{\"@id\":\"https:\/\/www.mundoagropecuario.cl\/new\/investigacion-busca-potenciar-el-valor-nutricional-del-arandano\/#primaryimage\"},\"thumbnailUrl\":\"https:\/\/www.mundoagropecuario.cl\/new\/wp-content\/uploads\/2025\/04\/Plantilla-estandar-mundo-acuicola-41-scaled.jpg\",\"keywords\":[\"\u00e1cido absc\u00edsico\",\"Ar\u00e1ndanos\",\"Fondecyt\",\"Universidad Aut\u00f3noma\"],\"articleSection\":[\"Frutas\"],\"inLanguage\":\"es\"},{\"@type\":\"WebPage\",\"@id\":\"https:\/\/www.mundoagropecuario.cl\/new\/investigacion-busca-potenciar-el-valor-nutricional-del-arandano\/\",\"url\":\"https:\/\/www.mundoagropecuario.cl\/new\/investigacion-busca-potenciar-el-valor-nutricional-del-arandano\/\",\"name\":\"Investigaci\u00f3n busca potenciar el valor nutricional del ar\u00e1ndano - Mundoagropecuario\",\"isPartOf\":{\"@id\":\"https:\/\/www.mundoagropecuario.cl\/new\/#website\"},\"primaryImageOfPage\":{\"@id\":\"https:\/\/www.mundoagropecuario.cl\/new\/investigacion-busca-potenciar-el-valor-nutricional-del-arandano\/#primaryimage\"},\"image\":{\"@id\":\"https:\/\/www.mundoagropecuario.cl\/new\/investigacion-busca-potenciar-el-valor-nutricional-del-arandano\/#primaryimage\"},\"thumbnailUrl\":\"https:\/\/www.mundoagropecuario.cl\/new\/wp-content\/uploads\/2025\/04\/Plantilla-estandar-mundo-acuicola-41-scaled.jpg\",\"datePublished\":\"2025-04-28T19:24:43+00:00\",\"dateModified\":\"2025-05-13T16:23:35+00:00\",\"description\":\"Investigaci\u00f3n de la Universidad Aut\u00f3noma de Chile busca potenciar el valor nutricional y los efectos prebi\u00f3ticos del ar\u00e1ndano.\",\"breadcrumb\":{\"@id\":\"https:\/\/www.mundoagropecuario.cl\/new\/investigacion-busca-potenciar-el-valor-nutricional-del-arandano\/#breadcrumb\"},\"inLanguage\":\"es\",\"potentialAction\":[{\"@type\":\"ReadAction\",\"target\":[\"https:\/\/www.mundoagropecuario.cl\/new\/investigacion-busca-potenciar-el-valor-nutricional-del-arandano\/\"]}]},{\"@type\":\"ImageObject\",\"inLanguage\":\"es\",\"@id\":\"https:\/\/www.mundoagropecuario.cl\/new\/investigacion-busca-potenciar-el-valor-nutricional-del-arandano\/#primaryimage\",\"url\":\"https:\/\/www.mundoagropecuario.cl\/new\/wp-content\/uploads\/2025\/04\/Plantilla-estandar-mundo-acuicola-41-scaled.jpg\",\"contentUrl\":\"https:\/\/www.mundoagropecuario.cl\/new\/wp-content\/uploads\/2025\/04\/Plantilla-estandar-mundo-acuicola-41-scaled.jpg\",\"width\":720,\"height\":384},{\"@type\":\"BreadcrumbList\",\"@id\":\"https:\/\/www.mundoagropecuario.cl\/new\/investigacion-busca-potenciar-el-valor-nutricional-del-arandano\/#breadcrumb\",\"itemListElement\":[{\"@type\":\"ListItem\",\"position\":1,\"name\":\"Portada\",\"item\":\"https:\/\/www.mundoagropecuario.cl\/new\/\"},{\"@type\":\"ListItem\",\"position\":2,\"name\":\"Investigaci\u00f3n busca potenciar el valor nutricional del ar\u00e1ndano\"}]},{\"@type\":\"WebSite\",\"@id\":\"https:\/\/www.mundoagropecuario.cl\/new\/#website\",\"url\":\"https:\/\/www.mundoagropecuario.cl\/new\/\",\"name\":\"Mundoagropecuario\",\"description\":\"Mundo Agropecuario\",\"publisher\":{\"@id\":\"https:\/\/www.mundoagropecuario.cl\/new\/#organization\"},\"potentialAction\":[{\"@type\":\"SearchAction\",\"target\":{\"@type\":\"EntryPoint\",\"urlTemplate\":\"https:\/\/www.mundoagropecuario.cl\/new\/?s={search_term_string}\"},\"query-input\":{\"@type\":\"PropertyValueSpecification\",\"valueRequired\":true,\"valueName\":\"search_term_string\"}}],\"inLanguage\":\"es\"},{\"@type\":\"Organization\",\"@id\":\"https:\/\/www.mundoagropecuario.cl\/new\/#organization\",\"name\":\"Revista de Agricultura\",\"url\":\"https:\/\/www.mundoagropecuario.cl\/new\/\",\"logo\":{\"@type\":\"ImageObject\",\"inLanguage\":\"es\",\"@id\":\"https:\/\/www.mundoagropecuario.cl\/new\/#\/schema\/logo\/image\/\",\"url\":\"https:\/\/www.mundoagropecuario.cl\/new\/wp-content\/uploads\/2020\/11\/PORTAL-1-1.png\",\"contentUrl\":\"https:\/\/www.mundoagropecuario.cl\/new\/wp-content\/uploads\/2020\/11\/PORTAL-1-1.png\",\"width\":1026,\"height\":100,\"caption\":\"Revista de Agricultura\"},\"image\":{\"@id\":\"https:\/\/www.mundoagropecuario.cl\/new\/#\/schema\/logo\/image\/\"},\"sameAs\":[\"https:\/\/www.facebook.com\/mundo.agropecuario.3\",\"https:\/\/x.com\/MundoAgropecuar\",\"https:\/\/www.linkedin.com\/in\/mundo-agropecuario-934009201\/\"]},{\"@type\":\"Person\",\"@id\":\"https:\/\/www.mundoagropecuario.cl\/new\/#\/schema\/person\/4e9f74a82a7dac260eb1c44b7eebeb18\",\"name\":\"mundo\",\"url\":\"https:\/\/www.mundoagropecuario.cl\/new\/author\/mundo\/\"}]}<\/script>\n<!-- \/ Yoast SEO plugin. -->","yoast_head_json":{"title":"Investigaci\u00f3n busca potenciar el valor nutricional del ar\u00e1ndano - Mundoagropecuario","description":"Investigaci\u00f3n de la Universidad Aut\u00f3noma de Chile busca potenciar el valor nutricional y los efectos prebi\u00f3ticos del ar\u00e1ndano.","robots":{"index":"index","follow":"follow","max-snippet":"max-snippet:-1","max-image-preview":"max-image-preview:large","max-video-preview":"max-video-preview:-1"},"canonical":"https:\/\/www.mundoagropecuario.cl\/new\/investigacion-busca-potenciar-el-valor-nutricional-del-arandano\/","og_locale":"es_ES","og_type":"article","og_title":"Investigaci\u00f3n busca potenciar el valor nutricional del ar\u00e1ndano - Mundoagropecuario","og_description":"Investigaci\u00f3n de la Universidad Aut\u00f3noma de Chile busca potenciar el valor nutricional y los efectos prebi\u00f3ticos del ar\u00e1ndano.","og_url":"https:\/\/www.mundoagropecuario.cl\/new\/investigacion-busca-potenciar-el-valor-nutricional-del-arandano\/","og_site_name":"Mundoagropecuario","article_publisher":"https:\/\/www.facebook.com\/mundo.agropecuario.3","article_published_time":"2025-04-28T19:24:43+00:00","article_modified_time":"2025-05-13T16:23:35+00:00","og_image":[{"width":720,"height":384,"url":"https:\/\/www.mundoagropecuario.cl\/new\/wp-content\/uploads\/2025\/04\/Plantilla-estandar-mundo-acuicola-41-scaled.jpg","type":"image\/jpeg"}],"author":"mundo","twitter_card":"summary_large_image","twitter_creator":"@MundoAgropecuar","twitter_site":"@MundoAgropecuar","twitter_misc":{"Escrito por":"mundo","Tiempo de lectura":"3 minutos"},"schema":{"@context":"https:\/\/schema.org","@graph":[{"@type":"Article","@id":"https:\/\/www.mundoagropecuario.cl\/new\/investigacion-busca-potenciar-el-valor-nutricional-del-arandano\/#article","isPartOf":{"@id":"https:\/\/www.mundoagropecuario.cl\/new\/investigacion-busca-potenciar-el-valor-nutricional-del-arandano\/"},"author":{"name":"mundo","@id":"https:\/\/www.mundoagropecuario.cl\/new\/#\/schema\/person\/4e9f74a82a7dac260eb1c44b7eebeb18"},"headline":"Investigaci\u00f3n busca potenciar el valor nutricional del ar\u00e1ndano","datePublished":"2025-04-28T19:24:43+00:00","dateModified":"2025-05-13T16:23:35+00:00","mainEntityOfPage":{"@id":"https:\/\/www.mundoagropecuario.cl\/new\/investigacion-busca-potenciar-el-valor-nutricional-del-arandano\/"},"wordCount":507,"publisher":{"@id":"https:\/\/www.mundoagropecuario.cl\/new\/#organization"},"image":{"@id":"https:\/\/www.mundoagropecuario.cl\/new\/investigacion-busca-potenciar-el-valor-nutricional-del-arandano\/#primaryimage"},"thumbnailUrl":"https:\/\/www.mundoagropecuario.cl\/new\/wp-content\/uploads\/2025\/04\/Plantilla-estandar-mundo-acuicola-41-scaled.jpg","keywords":["\u00e1cido absc\u00edsico","Ar\u00e1ndanos","Fondecyt","Universidad Aut\u00f3noma"],"articleSection":["Frutas"],"inLanguage":"es"},{"@type":"WebPage","@id":"https:\/\/www.mundoagropecuario.cl\/new\/investigacion-busca-potenciar-el-valor-nutricional-del-arandano\/","url":"https:\/\/www.mundoagropecuario.cl\/new\/investigacion-busca-potenciar-el-valor-nutricional-del-arandano\/","name":"Investigaci\u00f3n busca potenciar el valor nutricional del ar\u00e1ndano - Mundoagropecuario","isPartOf":{"@id":"https:\/\/www.mundoagropecuario.cl\/new\/#website"},"primaryImageOfPage":{"@id":"https:\/\/www.mundoagropecuario.cl\/new\/investigacion-busca-potenciar-el-valor-nutricional-del-arandano\/#primaryimage"},"image":{"@id":"https:\/\/www.mundoagropecuario.cl\/new\/investigacion-busca-potenciar-el-valor-nutricional-del-arandano\/#primaryimage"},"thumbnailUrl":"https:\/\/www.mundoagropecuario.cl\/new\/wp-content\/uploads\/2025\/04\/Plantilla-estandar-mundo-acuicola-41-scaled.jpg","datePublished":"2025-04-28T19:24:43+00:00","dateModified":"2025-05-13T16:23:35+00:00","description":"Investigaci\u00f3n de la Universidad Aut\u00f3noma de Chile busca potenciar el valor nutricional y los efectos prebi\u00f3ticos del ar\u00e1ndano.","breadcrumb":{"@id":"https:\/\/www.mundoagropecuario.cl\/new\/investigacion-busca-potenciar-el-valor-nutricional-del-arandano\/#breadcrumb"},"inLanguage":"es","potentialAction":[{"@type":"ReadAction","target":["https:\/\/www.mundoagropecuario.cl\/new\/investigacion-busca-potenciar-el-valor-nutricional-del-arandano\/"]}]},{"@type":"ImageObject","inLanguage":"es","@id":"https:\/\/www.mundoagropecuario.cl\/new\/investigacion-busca-potenciar-el-valor-nutricional-del-arandano\/#primaryimage","url":"https:\/\/www.mundoagropecuario.cl\/new\/wp-content\/uploads\/2025\/04\/Plantilla-estandar-mundo-acuicola-41-scaled.jpg","contentUrl":"https:\/\/www.mundoagropecuario.cl\/new\/wp-content\/uploads\/2025\/04\/Plantilla-estandar-mundo-acuicola-41-scaled.jpg","width":720,"height":384},{"@type":"BreadcrumbList","@id":"https:\/\/www.mundoagropecuario.cl\/new\/investigacion-busca-potenciar-el-valor-nutricional-del-arandano\/#breadcrumb","itemListElement":[{"@type":"ListItem","position":1,"name":"Portada","item":"https:\/\/www.mundoagropecuario.cl\/new\/"},{"@type":"ListItem","position":2,"name":"Investigaci\u00f3n busca potenciar el valor nutricional del ar\u00e1ndano"}]},{"@type":"WebSite","@id":"https:\/\/www.mundoagropecuario.cl\/new\/#website","url":"https:\/\/www.mundoagropecuario.cl\/new\/","name":"Mundoagropecuario","description":"Mundo Agropecuario","publisher":{"@id":"https:\/\/www.mundoagropecuario.cl\/new\/#organization"},"potentialAction":[{"@type":"SearchAction","target":{"@type":"EntryPoint","urlTemplate":"https:\/\/www.mundoagropecuario.cl\/new\/?s={search_term_string}"},"query-input":{"@type":"PropertyValueSpecification","valueRequired":true,"valueName":"search_term_string"}}],"inLanguage":"es"},{"@type":"Organization","@id":"https:\/\/www.mundoagropecuario.cl\/new\/#organization","name":"Revista de Agricultura","url":"https:\/\/www.mundoagropecuario.cl\/new\/","logo":{"@type":"ImageObject","inLanguage":"es","@id":"https:\/\/www.mundoagropecuario.cl\/new\/#\/schema\/logo\/image\/","url":"https:\/\/www.mundoagropecuario.cl\/new\/wp-content\/uploads\/2020\/11\/PORTAL-1-1.png","contentUrl":"https:\/\/www.mundoagropecuario.cl\/new\/wp-content\/uploads\/2020\/11\/PORTAL-1-1.png","width":1026,"height":100,"caption":"Revista de Agricultura"},"image":{"@id":"https:\/\/www.mundoagropecuario.cl\/new\/#\/schema\/logo\/image\/"},"sameAs":["https:\/\/www.facebook.com\/mundo.agropecuario.3","https:\/\/x.com\/MundoAgropecuar","https:\/\/www.linkedin.com\/in\/mundo-agropecuario-934009201\/"]},{"@type":"Person","@id":"https:\/\/www.mundoagropecuario.cl\/new\/#\/schema\/person\/4e9f74a82a7dac260eb1c44b7eebeb18","name":"mundo","url":"https:\/\/www.mundoagropecuario.cl\/new\/author\/mundo\/"}]}},"_links":{"self":[{"href":"https:\/\/www.mundoagropecuario.cl\/new\/wp-json\/wp\/v2\/posts\/26645","targetHints":{"allow":["GET"]}}],"collection":[{"href":"https:\/\/www.mundoagropecuario.cl\/new\/wp-json\/wp\/v2\/posts"}],"about":[{"href":"https:\/\/www.mundoagropecuario.cl\/new\/wp-json\/wp\/v2\/types\/post"}],"author":[{"embeddable":true,"href":"https:\/\/www.mundoagropecuario.cl\/new\/wp-json\/wp\/v2\/users\/2"}],"replies":[{"embeddable":true,"href":"https:\/\/www.mundoagropecuario.cl\/new\/wp-json\/wp\/v2\/comments?post=26645"}],"version-history":[{"count":1,"href":"https:\/\/www.mundoagropecuario.cl\/new\/wp-json\/wp\/v2\/posts\/26645\/revisions"}],"predecessor-version":[{"id":26646,"href":"https:\/\/www.mundoagropecuario.cl\/new\/wp-json\/wp\/v2\/posts\/26645\/revisions\/26646"}],"wp:featuredmedia":[{"embeddable":true,"href":"https:\/\/www.mundoagropecuario.cl\/new\/wp-json\/wp\/v2\/media\/26647"}],"wp:attachment":[{"href":"https:\/\/www.mundoagropecuario.cl\/new\/wp-json\/wp\/v2\/media?parent=26645"}],"wp:term":[{"taxonomy":"category","embeddable":true,"href":"https:\/\/www.mundoagropecuario.cl\/new\/wp-json\/wp\/v2\/categories?post=26645"},{"taxonomy":"post_tag","embeddable":true,"href":"https:\/\/www.mundoagropecuario.cl\/new\/wp-json\/wp\/v2\/tags?post=26645"}],"curies":[{"name":"wp","href":"https:\/\/api.w.org\/{rel}","templated":true}]}}