{"id":26630,"date":"2025-04-14T11:42:02","date_gmt":"2025-04-14T14:42:02","guid":{"rendered":"https:\/\/www.mundoagropecuario.cl\/new\/?p=26630"},"modified":"2025-05-13T13:23:15","modified_gmt":"2025-05-13T16:23:15","slug":"sag-los-lagos-certifica-primera-exportacion-de-bulbos-de-tulipanes-para-el-mercado-de-peru","status":"publish","type":"post","link":"https:\/\/www.mundoagropecuario.cl\/new\/sag-los-lagos-certifica-primera-exportacion-de-bulbos-de-tulipanes-para-el-mercado-de-peru\/","title":{"rendered":"SAG Los Lagos certifica primera exportaci\u00f3n de bulbos de tulipanes para el mercado de Per\u00fa"},"content":{"rendered":"<p>Desde la comuna de Puyehue, en la provincia de Osorno, saldr\u00e1 el primer env\u00edo de bulbos de tulipanes con destino a Per\u00fa. La exportaci\u00f3n es una carga de la empresa Southern Tulips SpA y la condici\u00f3n sanitaria fue certificada por el Servicio Agr\u00edcola y Ganadero, de acuerdo a los requisitos solicitados por el pa\u00eds importador.<\/p>\n<p><a href=\"https:\/\/www.mundoagropecuario.cl\/new\/wp-content\/uploads\/2025\/04\/bulbos-de-tulipan_02-scaled.jpg\"><img loading=\"lazy\" decoding=\"async\" class=\"alignleft wp-image-26633 size-full\" src=\"https:\/\/www.mundoagropecuario.cl\/new\/wp-content\/uploads\/2025\/04\/bulbos-de-tulipan_02-scaled.jpg\" alt=\"\" width=\"450\" height=\"400\" srcset=\"https:\/\/www.mundoagropecuario.cl\/new\/wp-content\/uploads\/2025\/04\/bulbos-de-tulipan_02-scaled.jpg 450w, https:\/\/www.mundoagropecuario.cl\/new\/wp-content\/uploads\/2025\/04\/bulbos-de-tulipan_02-150x133.jpg 150w, https:\/\/www.mundoagropecuario.cl\/new\/wp-content\/uploads\/2025\/04\/bulbos-de-tulipan_02-80x70.jpg 80w\" sizes=\"auto, (max-width: 450px) 100vw, 450px\" \/><\/a>\u201cEsta exportaci\u00f3n marca un hito al ser el primer despacho de este producto a ese mercado y refuerza el prestigio de la zona como un polo de desarrollo agroexportador\u201d, expres\u00f3 Francisco Briones, Director Regional del SAG.<\/p>\n<p>La Regi\u00f3n de Los Lagos, reconocida por su clima privilegiado y suelos f\u00e9rtiles, ha logrado posicionarse, junto a la regi\u00f3n de Los R\u00edos, como un referente en la producci\u00f3n de bulbos de flores que destacan por sus atributos sanitarios.<\/p>\n<p>Seg\u00fan explic\u00f3 el Director Regional del SAG, este primer env\u00edo a Per\u00fa es el resultado de gestiones mancomunadas entre el sector privado y p\u00fablico que, despu\u00e9s de siete a\u00f1os, se materializa. Fundamental en este proceso fue el trabajo en conjunto entre la empresa antes se\u00f1alada y el Servicio Agr\u00edcola y Ganadero que personalizado un rol clave en la inspecci\u00f3n en campo y luego en la certificaci\u00f3n de los bulbos a exportar\u201d.<\/p>\n<p>\u201cEl SAG realiz\u00f3 rigurosos controles fitosanitarios para asegurar que los bulbos cumplieran con los est\u00e1ndares de sanidad exigidos por el pa\u00eds importador. Gracias a su labor, se garantiza la trazabilidad y seguridad del env\u00edo, lo que respalda la confianza en la producci\u00f3n chilena\u201d, reforz\u00f3 Briones.<\/p>\n<p>Cabe indicar que Southern Tulips SpA es la \u00fanica empresa en Chile que produce y exporta bulbos de tulipanes a mercados como Pa\u00edses Bajos, China, Estados Unidos, M\u00e9xico, Costa Rica, Uruguay, ya desde ahora a Per\u00fa.<\/p>\n<p>La empresa proyecta continuar aumentando, cada temporada, la superficie de siembra, en un 15% aproximadamente. Actualmente, dispone de 135 hect\u00e1reas en predios ubicados entre las regiones de Los R\u00edos y de Los Lagos.<\/p>\n<p><a href=\"https:\/\/www.mundoagropecuario.cl\/new\/wp-content\/uploads\/2025\/04\/bulbos-de-tulipan_04-scaled.jpg\"><img loading=\"lazy\" decoding=\"async\" class=\"alignnone wp-image-26631 \" src=\"https:\/\/www.mundoagropecuario.cl\/new\/wp-content\/uploads\/2025\/04\/bulbos-de-tulipan_04-scaled.jpg\" alt=\"\" width=\"904\" height=\"409\" \/><\/a><\/p>\n","protected":false},"excerpt":{"rendered":"<p>Esta exportaci\u00f3n marca un hito al ser el primer despacho de este producto a ese mercado y refuerza el prestigio de la zona como un polo de desarrollo agroexportador.<\/p>\n","protected":false},"author":2,"featured_media":26632,"comment_status":"closed","ping_status":"closed","sticky":false,"template":"","format":"standard","meta":{"footnotes":""},"categories":[1945],"tags":[2090,3127,9724,4260,9725,2036,2277,9726],"class_list":["post-26630","post","type-post","status-publish","format-standard","has-post-thumbnail","hentry","category-agricultura","tag-agricultura","tag-agro","tag-bulbos-de-tulipanes","tag-director-regional-del-sag","tag-francisco-briones","tag-sag","tag-sag-los-lagos","tag-southern-tulips-spa"],"yoast_head":"<!-- This site is optimized with the Yoast SEO plugin v26.6 - https:\/\/yoast.com\/wordpress\/plugins\/seo\/ -->\n<title>SAG Los Lagos certifica primera exportaci\u00f3n de bulbos de tulipanes para el mercado de Per\u00fa - Mundoagropecuario<\/title>\n<meta name=\"description\" content=\"Esta exportaci\u00f3n marca un hito al ser el primer despacho de este producto a ese mercado y refuerza el prestigio de la zona.\" \/>\n<meta name=\"robots\" content=\"index, follow, max-snippet:-1, max-image-preview:large, max-video-preview:-1\" \/>\n<link rel=\"canonical\" href=\"https:\/\/www.mundoagropecuario.cl\/new\/sag-los-lagos-certifica-primera-exportacion-de-bulbos-de-tulipanes-para-el-mercado-de-peru\/\" \/>\n<meta property=\"og:locale\" content=\"es_ES\" \/>\n<meta property=\"og:type\" content=\"article\" \/>\n<meta property=\"og:title\" content=\"SAG Los Lagos certifica primera exportaci\u00f3n de bulbos de tulipanes para el mercado de Per\u00fa - Mundoagropecuario\" \/>\n<meta property=\"og:description\" content=\"Esta exportaci\u00f3n marca un hito al ser el primer despacho de este producto a ese mercado y refuerza el prestigio de la zona.\" \/>\n<meta property=\"og:url\" content=\"https:\/\/www.mundoagropecuario.cl\/new\/sag-los-lagos-certifica-primera-exportacion-de-bulbos-de-tulipanes-para-el-mercado-de-peru\/\" \/>\n<meta property=\"og:site_name\" content=\"Mundoagropecuario\" \/>\n<meta property=\"article:publisher\" content=\"https:\/\/www.facebook.com\/mundo.agropecuario.3\" \/>\n<meta property=\"article:published_time\" content=\"2025-04-14T14:42:02+00:00\" \/>\n<meta property=\"article:modified_time\" content=\"2025-05-13T16:23:15+00:00\" \/>\n<meta property=\"og:image\" content=\"https:\/\/www.mundoagropecuario.cl\/new\/wp-content\/uploads\/2025\/04\/bulbos-de-tulipan_01-scaled.jpg\" \/>\n\t<meta property=\"og:image:width\" content=\"686\" \/>\n\t<meta property=\"og:image:height\" content=\"400\" \/>\n\t<meta property=\"og:image:type\" content=\"image\/jpeg\" \/>\n<meta name=\"author\" content=\"mundo\" \/>\n<meta name=\"twitter:card\" content=\"summary_large_image\" \/>\n<meta name=\"twitter:creator\" content=\"@MundoAgropecuar\" \/>\n<meta name=\"twitter:site\" content=\"@MundoAgropecuar\" \/>\n<meta name=\"twitter:label1\" content=\"Escrito por\" \/>\n\t<meta name=\"twitter:data1\" content=\"mundo\" \/>\n\t<meta name=\"twitter:label2\" content=\"Tiempo de lectura\" \/>\n\t<meta name=\"twitter:data2\" content=\"3 minutos\" \/>\n<script type=\"application\/ld+json\" class=\"yoast-schema-graph\">{\"@context\":\"https:\/\/schema.org\",\"@graph\":[{\"@type\":\"Article\",\"@id\":\"https:\/\/www.mundoagropecuario.cl\/new\/sag-los-lagos-certifica-primera-exportacion-de-bulbos-de-tulipanes-para-el-mercado-de-peru\/#article\",\"isPartOf\":{\"@id\":\"https:\/\/www.mundoagropecuario.cl\/new\/sag-los-lagos-certifica-primera-exportacion-de-bulbos-de-tulipanes-para-el-mercado-de-peru\/\"},\"author\":{\"name\":\"mundo\",\"@id\":\"https:\/\/www.mundoagropecuario.cl\/new\/#\/schema\/person\/4e9f74a82a7dac260eb1c44b7eebeb18\"},\"headline\":\"SAG Los Lagos certifica primera exportaci\u00f3n de bulbos de tulipanes para el mercado de Per\u00fa\",\"datePublished\":\"2025-04-14T14:42:02+00:00\",\"dateModified\":\"2025-05-13T16:23:15+00:00\",\"mainEntityOfPage\":{\"@id\":\"https:\/\/www.mundoagropecuario.cl\/new\/sag-los-lagos-certifica-primera-exportacion-de-bulbos-de-tulipanes-para-el-mercado-de-peru\/\"},\"wordCount\":357,\"publisher\":{\"@id\":\"https:\/\/www.mundoagropecuario.cl\/new\/#organization\"},\"image\":{\"@id\":\"https:\/\/www.mundoagropecuario.cl\/new\/sag-los-lagos-certifica-primera-exportacion-de-bulbos-de-tulipanes-para-el-mercado-de-peru\/#primaryimage\"},\"thumbnailUrl\":\"https:\/\/www.mundoagropecuario.cl\/new\/wp-content\/uploads\/2025\/04\/bulbos-de-tulipan_01-scaled.jpg\",\"keywords\":[\"Agricultura\",\"Agro\",\"bulbos de tulipanes\",\"Director Regional del SAG\",\"Francisco Briones\",\"SAG\",\"SAG Los Lagos\",\"Southern Tulips SpA\"],\"articleSection\":[\"Agricultura\"],\"inLanguage\":\"es\"},{\"@type\":\"WebPage\",\"@id\":\"https:\/\/www.mundoagropecuario.cl\/new\/sag-los-lagos-certifica-primera-exportacion-de-bulbos-de-tulipanes-para-el-mercado-de-peru\/\",\"url\":\"https:\/\/www.mundoagropecuario.cl\/new\/sag-los-lagos-certifica-primera-exportacion-de-bulbos-de-tulipanes-para-el-mercado-de-peru\/\",\"name\":\"SAG Los Lagos certifica primera exportaci\u00f3n de bulbos de tulipanes para el mercado de Per\u00fa - Mundoagropecuario\",\"isPartOf\":{\"@id\":\"https:\/\/www.mundoagropecuario.cl\/new\/#website\"},\"primaryImageOfPage\":{\"@id\":\"https:\/\/www.mundoagropecuario.cl\/new\/sag-los-lagos-certifica-primera-exportacion-de-bulbos-de-tulipanes-para-el-mercado-de-peru\/#primaryimage\"},\"image\":{\"@id\":\"https:\/\/www.mundoagropecuario.cl\/new\/sag-los-lagos-certifica-primera-exportacion-de-bulbos-de-tulipanes-para-el-mercado-de-peru\/#primaryimage\"},\"thumbnailUrl\":\"https:\/\/www.mundoagropecuario.cl\/new\/wp-content\/uploads\/2025\/04\/bulbos-de-tulipan_01-scaled.jpg\",\"datePublished\":\"2025-04-14T14:42:02+00:00\",\"dateModified\":\"2025-05-13T16:23:15+00:00\",\"description\":\"Esta exportaci\u00f3n marca un hito al ser el primer despacho de este producto a ese mercado y refuerza el prestigio de la zona.\",\"breadcrumb\":{\"@id\":\"https:\/\/www.mundoagropecuario.cl\/new\/sag-los-lagos-certifica-primera-exportacion-de-bulbos-de-tulipanes-para-el-mercado-de-peru\/#breadcrumb\"},\"inLanguage\":\"es\",\"potentialAction\":[{\"@type\":\"ReadAction\",\"target\":[\"https:\/\/www.mundoagropecuario.cl\/new\/sag-los-lagos-certifica-primera-exportacion-de-bulbos-de-tulipanes-para-el-mercado-de-peru\/\"]}]},{\"@type\":\"ImageObject\",\"inLanguage\":\"es\",\"@id\":\"https:\/\/www.mundoagropecuario.cl\/new\/sag-los-lagos-certifica-primera-exportacion-de-bulbos-de-tulipanes-para-el-mercado-de-peru\/#primaryimage\",\"url\":\"https:\/\/www.mundoagropecuario.cl\/new\/wp-content\/uploads\/2025\/04\/bulbos-de-tulipan_01-scaled.jpg\",\"contentUrl\":\"https:\/\/www.mundoagropecuario.cl\/new\/wp-content\/uploads\/2025\/04\/bulbos-de-tulipan_01-scaled.jpg\",\"width\":686,\"height\":400},{\"@type\":\"BreadcrumbList\",\"@id\":\"https:\/\/www.mundoagropecuario.cl\/new\/sag-los-lagos-certifica-primera-exportacion-de-bulbos-de-tulipanes-para-el-mercado-de-peru\/#breadcrumb\",\"itemListElement\":[{\"@type\":\"ListItem\",\"position\":1,\"name\":\"Portada\",\"item\":\"https:\/\/www.mundoagropecuario.cl\/new\/\"},{\"@type\":\"ListItem\",\"position\":2,\"name\":\"SAG Los Lagos certifica primera exportaci\u00f3n de bulbos de tulipanes para el mercado de Per\u00fa\"}]},{\"@type\":\"WebSite\",\"@id\":\"https:\/\/www.mundoagropecuario.cl\/new\/#website\",\"url\":\"https:\/\/www.mundoagropecuario.cl\/new\/\",\"name\":\"Mundoagropecuario\",\"description\":\"Mundo Agropecuario\",\"publisher\":{\"@id\":\"https:\/\/www.mundoagropecuario.cl\/new\/#organization\"},\"potentialAction\":[{\"@type\":\"SearchAction\",\"target\":{\"@type\":\"EntryPoint\",\"urlTemplate\":\"https:\/\/www.mundoagropecuario.cl\/new\/?s={search_term_string}\"},\"query-input\":{\"@type\":\"PropertyValueSpecification\",\"valueRequired\":true,\"valueName\":\"search_term_string\"}}],\"inLanguage\":\"es\"},{\"@type\":\"Organization\",\"@id\":\"https:\/\/www.mundoagropecuario.cl\/new\/#organization\",\"name\":\"Revista de Agricultura\",\"url\":\"https:\/\/www.mundoagropecuario.cl\/new\/\",\"logo\":{\"@type\":\"ImageObject\",\"inLanguage\":\"es\",\"@id\":\"https:\/\/www.mundoagropecuario.cl\/new\/#\/schema\/logo\/image\/\",\"url\":\"https:\/\/www.mundoagropecuario.cl\/new\/wp-content\/uploads\/2020\/11\/PORTAL-1-1.png\",\"contentUrl\":\"https:\/\/www.mundoagropecuario.cl\/new\/wp-content\/uploads\/2020\/11\/PORTAL-1-1.png\",\"width\":1026,\"height\":100,\"caption\":\"Revista de Agricultura\"},\"image\":{\"@id\":\"https:\/\/www.mundoagropecuario.cl\/new\/#\/schema\/logo\/image\/\"},\"sameAs\":[\"https:\/\/www.facebook.com\/mundo.agropecuario.3\",\"https:\/\/x.com\/MundoAgropecuar\",\"https:\/\/www.linkedin.com\/in\/mundo-agropecuario-934009201\/\"]},{\"@type\":\"Person\",\"@id\":\"https:\/\/www.mundoagropecuario.cl\/new\/#\/schema\/person\/4e9f74a82a7dac260eb1c44b7eebeb18\",\"name\":\"mundo\",\"url\":\"https:\/\/www.mundoagropecuario.cl\/new\/author\/mundo\/\"}]}<\/script>\n<!-- \/ Yoast SEO plugin. -->","yoast_head_json":{"title":"SAG Los Lagos certifica primera exportaci\u00f3n de bulbos de tulipanes para el mercado de Per\u00fa - Mundoagropecuario","description":"Esta exportaci\u00f3n marca un hito al ser el primer despacho de este producto a ese mercado y refuerza el prestigio de la zona.","robots":{"index":"index","follow":"follow","max-snippet":"max-snippet:-1","max-image-preview":"max-image-preview:large","max-video-preview":"max-video-preview:-1"},"canonical":"https:\/\/www.mundoagropecuario.cl\/new\/sag-los-lagos-certifica-primera-exportacion-de-bulbos-de-tulipanes-para-el-mercado-de-peru\/","og_locale":"es_ES","og_type":"article","og_title":"SAG Los Lagos certifica primera exportaci\u00f3n de bulbos de tulipanes para el mercado de Per\u00fa - Mundoagropecuario","og_description":"Esta exportaci\u00f3n marca un hito al ser el primer despacho de este producto a ese mercado y refuerza el prestigio de la zona.","og_url":"https:\/\/www.mundoagropecuario.cl\/new\/sag-los-lagos-certifica-primera-exportacion-de-bulbos-de-tulipanes-para-el-mercado-de-peru\/","og_site_name":"Mundoagropecuario","article_publisher":"https:\/\/www.facebook.com\/mundo.agropecuario.3","article_published_time":"2025-04-14T14:42:02+00:00","article_modified_time":"2025-05-13T16:23:15+00:00","og_image":[{"width":686,"height":400,"url":"https:\/\/www.mundoagropecuario.cl\/new\/wp-content\/uploads\/2025\/04\/bulbos-de-tulipan_01-scaled.jpg","type":"image\/jpeg"}],"author":"mundo","twitter_card":"summary_large_image","twitter_creator":"@MundoAgropecuar","twitter_site":"@MundoAgropecuar","twitter_misc":{"Escrito por":"mundo","Tiempo de lectura":"3 minutos"},"schema":{"@context":"https:\/\/schema.org","@graph":[{"@type":"Article","@id":"https:\/\/www.mundoagropecuario.cl\/new\/sag-los-lagos-certifica-primera-exportacion-de-bulbos-de-tulipanes-para-el-mercado-de-peru\/#article","isPartOf":{"@id":"https:\/\/www.mundoagropecuario.cl\/new\/sag-los-lagos-certifica-primera-exportacion-de-bulbos-de-tulipanes-para-el-mercado-de-peru\/"},"author":{"name":"mundo","@id":"https:\/\/www.mundoagropecuario.cl\/new\/#\/schema\/person\/4e9f74a82a7dac260eb1c44b7eebeb18"},"headline":"SAG Los Lagos certifica primera exportaci\u00f3n de bulbos de tulipanes para el mercado de Per\u00fa","datePublished":"2025-04-14T14:42:02+00:00","dateModified":"2025-05-13T16:23:15+00:00","mainEntityOfPage":{"@id":"https:\/\/www.mundoagropecuario.cl\/new\/sag-los-lagos-certifica-primera-exportacion-de-bulbos-de-tulipanes-para-el-mercado-de-peru\/"},"wordCount":357,"publisher":{"@id":"https:\/\/www.mundoagropecuario.cl\/new\/#organization"},"image":{"@id":"https:\/\/www.mundoagropecuario.cl\/new\/sag-los-lagos-certifica-primera-exportacion-de-bulbos-de-tulipanes-para-el-mercado-de-peru\/#primaryimage"},"thumbnailUrl":"https:\/\/www.mundoagropecuario.cl\/new\/wp-content\/uploads\/2025\/04\/bulbos-de-tulipan_01-scaled.jpg","keywords":["Agricultura","Agro","bulbos de tulipanes","Director Regional del SAG","Francisco Briones","SAG","SAG Los Lagos","Southern Tulips SpA"],"articleSection":["Agricultura"],"inLanguage":"es"},{"@type":"WebPage","@id":"https:\/\/www.mundoagropecuario.cl\/new\/sag-los-lagos-certifica-primera-exportacion-de-bulbos-de-tulipanes-para-el-mercado-de-peru\/","url":"https:\/\/www.mundoagropecuario.cl\/new\/sag-los-lagos-certifica-primera-exportacion-de-bulbos-de-tulipanes-para-el-mercado-de-peru\/","name":"SAG Los Lagos certifica primera exportaci\u00f3n de bulbos de tulipanes para el mercado de Per\u00fa - Mundoagropecuario","isPartOf":{"@id":"https:\/\/www.mundoagropecuario.cl\/new\/#website"},"primaryImageOfPage":{"@id":"https:\/\/www.mundoagropecuario.cl\/new\/sag-los-lagos-certifica-primera-exportacion-de-bulbos-de-tulipanes-para-el-mercado-de-peru\/#primaryimage"},"image":{"@id":"https:\/\/www.mundoagropecuario.cl\/new\/sag-los-lagos-certifica-primera-exportacion-de-bulbos-de-tulipanes-para-el-mercado-de-peru\/#primaryimage"},"thumbnailUrl":"https:\/\/www.mundoagropecuario.cl\/new\/wp-content\/uploads\/2025\/04\/bulbos-de-tulipan_01-scaled.jpg","datePublished":"2025-04-14T14:42:02+00:00","dateModified":"2025-05-13T16:23:15+00:00","description":"Esta exportaci\u00f3n marca un hito al ser el primer despacho de este producto a ese mercado y refuerza el prestigio de la zona.","breadcrumb":{"@id":"https:\/\/www.mundoagropecuario.cl\/new\/sag-los-lagos-certifica-primera-exportacion-de-bulbos-de-tulipanes-para-el-mercado-de-peru\/#breadcrumb"},"inLanguage":"es","potentialAction":[{"@type":"ReadAction","target":["https:\/\/www.mundoagropecuario.cl\/new\/sag-los-lagos-certifica-primera-exportacion-de-bulbos-de-tulipanes-para-el-mercado-de-peru\/"]}]},{"@type":"ImageObject","inLanguage":"es","@id":"https:\/\/www.mundoagropecuario.cl\/new\/sag-los-lagos-certifica-primera-exportacion-de-bulbos-de-tulipanes-para-el-mercado-de-peru\/#primaryimage","url":"https:\/\/www.mundoagropecuario.cl\/new\/wp-content\/uploads\/2025\/04\/bulbos-de-tulipan_01-scaled.jpg","contentUrl":"https:\/\/www.mundoagropecuario.cl\/new\/wp-content\/uploads\/2025\/04\/bulbos-de-tulipan_01-scaled.jpg","width":686,"height":400},{"@type":"BreadcrumbList","@id":"https:\/\/www.mundoagropecuario.cl\/new\/sag-los-lagos-certifica-primera-exportacion-de-bulbos-de-tulipanes-para-el-mercado-de-peru\/#breadcrumb","itemListElement":[{"@type":"ListItem","position":1,"name":"Portada","item":"https:\/\/www.mundoagropecuario.cl\/new\/"},{"@type":"ListItem","position":2,"name":"SAG Los Lagos certifica primera exportaci\u00f3n de bulbos de tulipanes para el mercado de Per\u00fa"}]},{"@type":"WebSite","@id":"https:\/\/www.mundoagropecuario.cl\/new\/#website","url":"https:\/\/www.mundoagropecuario.cl\/new\/","name":"Mundoagropecuario","description":"Mundo Agropecuario","publisher":{"@id":"https:\/\/www.mundoagropecuario.cl\/new\/#organization"},"potentialAction":[{"@type":"SearchAction","target":{"@type":"EntryPoint","urlTemplate":"https:\/\/www.mundoagropecuario.cl\/new\/?s={search_term_string}"},"query-input":{"@type":"PropertyValueSpecification","valueRequired":true,"valueName":"search_term_string"}}],"inLanguage":"es"},{"@type":"Organization","@id":"https:\/\/www.mundoagropecuario.cl\/new\/#organization","name":"Revista de Agricultura","url":"https:\/\/www.mundoagropecuario.cl\/new\/","logo":{"@type":"ImageObject","inLanguage":"es","@id":"https:\/\/www.mundoagropecuario.cl\/new\/#\/schema\/logo\/image\/","url":"https:\/\/www.mundoagropecuario.cl\/new\/wp-content\/uploads\/2020\/11\/PORTAL-1-1.png","contentUrl":"https:\/\/www.mundoagropecuario.cl\/new\/wp-content\/uploads\/2020\/11\/PORTAL-1-1.png","width":1026,"height":100,"caption":"Revista de Agricultura"},"image":{"@id":"https:\/\/www.mundoagropecuario.cl\/new\/#\/schema\/logo\/image\/"},"sameAs":["https:\/\/www.facebook.com\/mundo.agropecuario.3","https:\/\/x.com\/MundoAgropecuar","https:\/\/www.linkedin.com\/in\/mundo-agropecuario-934009201\/"]},{"@type":"Person","@id":"https:\/\/www.mundoagropecuario.cl\/new\/#\/schema\/person\/4e9f74a82a7dac260eb1c44b7eebeb18","name":"mundo","url":"https:\/\/www.mundoagropecuario.cl\/new\/author\/mundo\/"}]}},"_links":{"self":[{"href":"https:\/\/www.mundoagropecuario.cl\/new\/wp-json\/wp\/v2\/posts\/26630","targetHints":{"allow":["GET"]}}],"collection":[{"href":"https:\/\/www.mundoagropecuario.cl\/new\/wp-json\/wp\/v2\/posts"}],"about":[{"href":"https:\/\/www.mundoagropecuario.cl\/new\/wp-json\/wp\/v2\/types\/post"}],"author":[{"embeddable":true,"href":"https:\/\/www.mundoagropecuario.cl\/new\/wp-json\/wp\/v2\/users\/2"}],"replies":[{"embeddable":true,"href":"https:\/\/www.mundoagropecuario.cl\/new\/wp-json\/wp\/v2\/comments?post=26630"}],"version-history":[{"count":1,"href":"https:\/\/www.mundoagropecuario.cl\/new\/wp-json\/wp\/v2\/posts\/26630\/revisions"}],"predecessor-version":[{"id":26634,"href":"https:\/\/www.mundoagropecuario.cl\/new\/wp-json\/wp\/v2\/posts\/26630\/revisions\/26634"}],"wp:featuredmedia":[{"embeddable":true,"href":"https:\/\/www.mundoagropecuario.cl\/new\/wp-json\/wp\/v2\/media\/26632"}],"wp:attachment":[{"href":"https:\/\/www.mundoagropecuario.cl\/new\/wp-json\/wp\/v2\/media?parent=26630"}],"wp:term":[{"taxonomy":"category","embeddable":true,"href":"https:\/\/www.mundoagropecuario.cl\/new\/wp-json\/wp\/v2\/categories?post=26630"},{"taxonomy":"post_tag","embeddable":true,"href":"https:\/\/www.mundoagropecuario.cl\/new\/wp-json\/wp\/v2\/tags?post=26630"}],"curies":[{"name":"wp","href":"https:\/\/api.w.org\/{rel}","templated":true}]}}