{"id":26622,"date":"2025-04-14T11:05:46","date_gmt":"2025-04-14T14:05:46","guid":{"rendered":"https:\/\/www.mundoagropecuario.cl\/new\/?p=26622"},"modified":"2025-05-13T13:22:48","modified_gmt":"2025-05-13T16:22:48","slug":"resiliencia-y-liderazgo-femenino-marcaran-la-xii-edicion-del-seminario-de-mujeres-lideres-del-sur","status":"publish","type":"post","link":"https:\/\/www.mundoagropecuario.cl\/new\/resiliencia-y-liderazgo-femenino-marcaran-la-xii-edicion-del-seminario-de-mujeres-lideres-del-sur\/","title":{"rendered":"Resiliencia y liderazgo femenino marcar\u00e1n la XII edici\u00f3n del Seminario de Mujeres L\u00edderes del Sur"},"content":{"rendered":"<p>Con el firme compromiso de seguir impulsando el liderazgo femenino en el mundo agropecuario y m\u00e1s all\u00e1, Aproleche Osorno realiz\u00f3 el lanzamiento oficial de la duod\u00e9cima edici\u00f3n del Seminario de Mujeres L\u00edderes del Sur de Chile, una instancia que se ha consolidado como un espacio clave de encuentro, inspiraci\u00f3n y transformaci\u00f3n.<\/p>\n<p><a href=\"https:\/\/www.mundoagropecuario.cl\/new\/wp-content\/uploads\/2025\/04\/Nota-3-scaled.jpg\"><img loading=\"lazy\" decoding=\"async\" class=\"wp-image-26623 alignright\" src=\"https:\/\/www.mundoagropecuario.cl\/new\/wp-content\/uploads\/2025\/04\/Nota-3-scaled.jpg\" alt=\"\" width=\"551\" height=\"364\" \/><\/a>Bajo el lema \u201cEl poder de la resiliencia\u201d, este a\u00f1o el Seminario buscar\u00e1 poner en valor la capacidad de las mujeres para adaptarse, resistir y transformar sus realidades, en un contexto donde la equidad de g\u00e9nero y la participaci\u00f3n activa se vuelven cada vez m\u00e1s urgentes y necesarias.<\/p>\n<p>Durante el lanzamiento, se destac\u00f3 el respaldo de representantes del mundo p\u00fablico, privado y gremial, junto con un especial agradecimiento a los auspiciadores y aliados estrat\u00e9gicos que hacen posible esta iniciativa: Ilustre Municipalidad de Osorno, Cl\u00ednica Alemana, Nestl\u00e9, Salfa Sur, Inacap, Dimak, Hotel Sonesta Osorno, Soprole, Zoetis, Saesa y Diario Emprende.<\/p>\n<p>En la ocasi\u00f3n, la gerente de Aproleche Osorno, Anita Jans, pronunci\u00f3 unas palabras de bienvenida, destacando el crecimiento y la consolidaci\u00f3n de este evento como un referente regional en materia de liderazgo y empoderamiento femenino.<\/p>\n<p>Una de las novedades m\u00e1s significativas anunciadas fue la alianza con Cl\u00ednica Alemana Osorno, que pondr\u00e1 a disposici\u00f3n de los asistentes un chequeo preventivo a costo cero, promoviendo el autocuidado como un componente fundamental del liderazgo integral.<\/p>\n<p>De esta manera, el Seminario contar\u00e1 con la participaci\u00f3n de destacadas figuras nacionales. Entre ellas, la atleta Natalia Duco, actual r\u00e9cord nacional en lanzamiento de bala en todas sus categor\u00edas, y la presentadora y activista social Ang\u00e9lica Castro, quienes compartir\u00e1n sus historias de vida, superaci\u00f3n y liderazgo con prop\u00f3sito. Adem\u00e1s, la conducci\u00f3n de esta iniciativa estar\u00e1 nuevamente a cargo del reconocido animador y bailar\u00edn, Iv\u00e1n Cabrera.<\/p>\n<p><a href=\"https:\/\/www.mundoagropecuario.cl\/new\/wp-content\/uploads\/2025\/04\/Nota-21-scaled.jpg\"><img loading=\"lazy\" decoding=\"async\" class=\"alignleft wp-image-26624 \" src=\"https:\/\/www.mundoagropecuario.cl\/new\/wp-content\/uploads\/2025\/04\/Nota-21-scaled.jpg\" alt=\"\" width=\"615\" height=\"394\" \/><\/a>Anita Jans, gerente de Aproleche Osorno, sostuvo que &#8220;estamos muy orgullosos de presentar una nueva edici\u00f3n de este Seminario que, a\u00f1o tras a\u00f1o, ha ido creciendo en alcance e impacto. Creemos firmemente que el liderazgo femenino es una fuerza transformadora, y este encuentro busca justamente eso: visibilizar, conectar y fortalecer a las mujeres del sur de Chile&#8221;.<\/p>\n<p>A su vez, apunt\u00f3 que \u201ceste a\u00f1o, con el lema &#8216;El poder de la resiliencia&#8217;, queremos destacar la capacidad de adaptaci\u00f3n, fortaleza y empuje que caracteriza a tantas mujeres que lideran desde distintos espacios\u201d.<\/p>\n<p>Desde Aproleche Osorno, invitan a toda la comunidad a sumarse a este encuentro que busca visibilizar y fortalecer el rol de las mujeres en todos los \u00e1mbitos de la sociedad.<\/p>\n<p>Para inscribirse pueden hacerlo en www.aproleche.cl a partir de la primera semana de mayo.<\/p>\n","protected":false},"excerpt":{"rendered":"<p>La cita se llevar\u00e1 a cabo el pr\u00f3ximo mi\u00e9rcoles 14 de mayo a las 14:00 horas, en una jornada que promete ser un punto de conexi\u00f3n entre experiencias, aprendizajes y liderazgos diversos.<\/p>\n","protected":false},"author":2,"featured_media":26625,"comment_status":"closed","ping_status":"closed","sticky":false,"template":"","format":"standard","meta":{"footnotes":""},"categories":[2831],"tags":[2090,3127,9721,7858,9722,431,9720,9723,2150,2161,8705,7857,7948,2298,657],"class_list":["post-26622","post","type-post","status-publish","format-standard","has-post-thumbnail","hentry","category-eventos","tag-agricultura","tag-agro","tag-clinica-alemana","tag-dimak","tag-hotel-sonesta-osorno","tag-inacap","tag-lideres-del-sur","tag-mujeres-lideres-del-sur","tag-nestle","tag-osorno","tag-saesa","tag-salfa-sur","tag-seminario-de-mujeres","tag-soprole","tag-zoetis"],"yoast_head":"<!-- This site is optimized with the Yoast SEO plugin v26.6 - https:\/\/yoast.com\/wordpress\/plugins\/seo\/ -->\n<title>Resiliencia y liderazgo femenino marcar\u00e1n la XII edici\u00f3n del Seminario de Mujeres L\u00edderes del Sur - Mundoagropecuario<\/title>\n<meta name=\"description\" content=\"La cita se llevar\u00e1 a cabo el pr\u00f3ximo mi\u00e9rcoles 14 de mayo a las 14:00 horas, en una jornada que promete ser un punto de conexi\u00f3n\" \/>\n<meta name=\"robots\" content=\"index, follow, max-snippet:-1, max-image-preview:large, max-video-preview:-1\" \/>\n<link rel=\"canonical\" href=\"https:\/\/www.mundoagropecuario.cl\/new\/resiliencia-y-liderazgo-femenino-marcaran-la-xii-edicion-del-seminario-de-mujeres-lideres-del-sur\/\" \/>\n<meta property=\"og:locale\" content=\"es_ES\" \/>\n<meta property=\"og:type\" content=\"article\" \/>\n<meta property=\"og:title\" content=\"Resiliencia y liderazgo femenino marcar\u00e1n la XII edici\u00f3n del Seminario de Mujeres L\u00edderes del Sur - Mundoagropecuario\" \/>\n<meta property=\"og:description\" content=\"La cita se llevar\u00e1 a cabo el pr\u00f3ximo mi\u00e9rcoles 14 de mayo a las 14:00 horas, en una jornada que promete ser un punto de conexi\u00f3n\" \/>\n<meta property=\"og:url\" content=\"https:\/\/www.mundoagropecuario.cl\/new\/resiliencia-y-liderazgo-femenino-marcaran-la-xii-edicion-del-seminario-de-mujeres-lideres-del-sur\/\" \/>\n<meta property=\"og:site_name\" content=\"Mundoagropecuario\" \/>\n<meta property=\"article:publisher\" content=\"https:\/\/www.facebook.com\/mundo.agropecuario.3\" \/>\n<meta property=\"article:published_time\" content=\"2025-04-14T14:05:46+00:00\" \/>\n<meta property=\"article:modified_time\" content=\"2025-05-13T16:22:48+00:00\" \/>\n<meta property=\"og:image\" content=\"https:\/\/www.mundoagropecuario.cl\/new\/wp-content\/uploads\/2025\/04\/Nota-scaled.jpg\" \/>\n\t<meta property=\"og:image:width\" content=\"701\" \/>\n\t<meta property=\"og:image:height\" content=\"400\" \/>\n\t<meta property=\"og:image:type\" content=\"image\/jpeg\" \/>\n<meta name=\"author\" content=\"mundo\" \/>\n<meta name=\"twitter:card\" content=\"summary_large_image\" \/>\n<meta name=\"twitter:creator\" content=\"@MundoAgropecuar\" \/>\n<meta name=\"twitter:site\" content=\"@MundoAgropecuar\" \/>\n<meta name=\"twitter:label1\" content=\"Escrito por\" \/>\n\t<meta name=\"twitter:data1\" content=\"mundo\" \/>\n\t<meta name=\"twitter:label2\" content=\"Tiempo de lectura\" \/>\n\t<meta name=\"twitter:data2\" content=\"3 minutos\" \/>\n<script type=\"application\/ld+json\" class=\"yoast-schema-graph\">{\"@context\":\"https:\/\/schema.org\",\"@graph\":[{\"@type\":\"Article\",\"@id\":\"https:\/\/www.mundoagropecuario.cl\/new\/resiliencia-y-liderazgo-femenino-marcaran-la-xii-edicion-del-seminario-de-mujeres-lideres-del-sur\/#article\",\"isPartOf\":{\"@id\":\"https:\/\/www.mundoagropecuario.cl\/new\/resiliencia-y-liderazgo-femenino-marcaran-la-xii-edicion-del-seminario-de-mujeres-lideres-del-sur\/\"},\"author\":{\"name\":\"mundo\",\"@id\":\"https:\/\/www.mundoagropecuario.cl\/new\/#\/schema\/person\/4e9f74a82a7dac260eb1c44b7eebeb18\"},\"headline\":\"Resiliencia y liderazgo femenino marcar\u00e1n la XII edici\u00f3n del Seminario de Mujeres L\u00edderes del Sur\",\"datePublished\":\"2025-04-14T14:05:46+00:00\",\"dateModified\":\"2025-05-13T16:22:48+00:00\",\"mainEntityOfPage\":{\"@id\":\"https:\/\/www.mundoagropecuario.cl\/new\/resiliencia-y-liderazgo-femenino-marcaran-la-xii-edicion-del-seminario-de-mujeres-lideres-del-sur\/\"},\"wordCount\":477,\"publisher\":{\"@id\":\"https:\/\/www.mundoagropecuario.cl\/new\/#organization\"},\"image\":{\"@id\":\"https:\/\/www.mundoagropecuario.cl\/new\/resiliencia-y-liderazgo-femenino-marcaran-la-xii-edicion-del-seminario-de-mujeres-lideres-del-sur\/#primaryimage\"},\"thumbnailUrl\":\"https:\/\/www.mundoagropecuario.cl\/new\/wp-content\/uploads\/2025\/04\/Nota-scaled.jpg\",\"keywords\":[\"Agricultura\",\"Agro\",\"Cl\u00ednica Alemana\",\"Dimak\",\"Hotel Sonesta Osorno\",\"Inacap\",\"L\u00edderes del Sur\",\"Mujeres L\u00edderes del Sur\",\"Nestl\u00e9\",\"Osorno\",\"Saesa\",\"Salfa Sur\",\"Seminario de Mujeres\",\"Soprole\",\"Zoetis\"],\"articleSection\":[\"Eventos\"],\"inLanguage\":\"es\"},{\"@type\":\"WebPage\",\"@id\":\"https:\/\/www.mundoagropecuario.cl\/new\/resiliencia-y-liderazgo-femenino-marcaran-la-xii-edicion-del-seminario-de-mujeres-lideres-del-sur\/\",\"url\":\"https:\/\/www.mundoagropecuario.cl\/new\/resiliencia-y-liderazgo-femenino-marcaran-la-xii-edicion-del-seminario-de-mujeres-lideres-del-sur\/\",\"name\":\"Resiliencia y liderazgo femenino marcar\u00e1n la XII edici\u00f3n del Seminario de Mujeres L\u00edderes del Sur - Mundoagropecuario\",\"isPartOf\":{\"@id\":\"https:\/\/www.mundoagropecuario.cl\/new\/#website\"},\"primaryImageOfPage\":{\"@id\":\"https:\/\/www.mundoagropecuario.cl\/new\/resiliencia-y-liderazgo-femenino-marcaran-la-xii-edicion-del-seminario-de-mujeres-lideres-del-sur\/#primaryimage\"},\"image\":{\"@id\":\"https:\/\/www.mundoagropecuario.cl\/new\/resiliencia-y-liderazgo-femenino-marcaran-la-xii-edicion-del-seminario-de-mujeres-lideres-del-sur\/#primaryimage\"},\"thumbnailUrl\":\"https:\/\/www.mundoagropecuario.cl\/new\/wp-content\/uploads\/2025\/04\/Nota-scaled.jpg\",\"datePublished\":\"2025-04-14T14:05:46+00:00\",\"dateModified\":\"2025-05-13T16:22:48+00:00\",\"description\":\"La cita se llevar\u00e1 a cabo el pr\u00f3ximo mi\u00e9rcoles 14 de mayo a las 14:00 horas, en una jornada que promete ser un punto de conexi\u00f3n\",\"breadcrumb\":{\"@id\":\"https:\/\/www.mundoagropecuario.cl\/new\/resiliencia-y-liderazgo-femenino-marcaran-la-xii-edicion-del-seminario-de-mujeres-lideres-del-sur\/#breadcrumb\"},\"inLanguage\":\"es\",\"potentialAction\":[{\"@type\":\"ReadAction\",\"target\":[\"https:\/\/www.mundoagropecuario.cl\/new\/resiliencia-y-liderazgo-femenino-marcaran-la-xii-edicion-del-seminario-de-mujeres-lideres-del-sur\/\"]}]},{\"@type\":\"ImageObject\",\"inLanguage\":\"es\",\"@id\":\"https:\/\/www.mundoagropecuario.cl\/new\/resiliencia-y-liderazgo-femenino-marcaran-la-xii-edicion-del-seminario-de-mujeres-lideres-del-sur\/#primaryimage\",\"url\":\"https:\/\/www.mundoagropecuario.cl\/new\/wp-content\/uploads\/2025\/04\/Nota-scaled.jpg\",\"contentUrl\":\"https:\/\/www.mundoagropecuario.cl\/new\/wp-content\/uploads\/2025\/04\/Nota-scaled.jpg\",\"width\":701,\"height\":400},{\"@type\":\"BreadcrumbList\",\"@id\":\"https:\/\/www.mundoagropecuario.cl\/new\/resiliencia-y-liderazgo-femenino-marcaran-la-xii-edicion-del-seminario-de-mujeres-lideres-del-sur\/#breadcrumb\",\"itemListElement\":[{\"@type\":\"ListItem\",\"position\":1,\"name\":\"Portada\",\"item\":\"https:\/\/www.mundoagropecuario.cl\/new\/\"},{\"@type\":\"ListItem\",\"position\":2,\"name\":\"Resiliencia y liderazgo femenino marcar\u00e1n la XII edici\u00f3n del Seminario de Mujeres L\u00edderes del Sur\"}]},{\"@type\":\"WebSite\",\"@id\":\"https:\/\/www.mundoagropecuario.cl\/new\/#website\",\"url\":\"https:\/\/www.mundoagropecuario.cl\/new\/\",\"name\":\"Mundoagropecuario\",\"description\":\"Mundo Agropecuario\",\"publisher\":{\"@id\":\"https:\/\/www.mundoagropecuario.cl\/new\/#organization\"},\"potentialAction\":[{\"@type\":\"SearchAction\",\"target\":{\"@type\":\"EntryPoint\",\"urlTemplate\":\"https:\/\/www.mundoagropecuario.cl\/new\/?s={search_term_string}\"},\"query-input\":{\"@type\":\"PropertyValueSpecification\",\"valueRequired\":true,\"valueName\":\"search_term_string\"}}],\"inLanguage\":\"es\"},{\"@type\":\"Organization\",\"@id\":\"https:\/\/www.mundoagropecuario.cl\/new\/#organization\",\"name\":\"Revista de Agricultura\",\"url\":\"https:\/\/www.mundoagropecuario.cl\/new\/\",\"logo\":{\"@type\":\"ImageObject\",\"inLanguage\":\"es\",\"@id\":\"https:\/\/www.mundoagropecuario.cl\/new\/#\/schema\/logo\/image\/\",\"url\":\"https:\/\/www.mundoagropecuario.cl\/new\/wp-content\/uploads\/2020\/11\/PORTAL-1-1.png\",\"contentUrl\":\"https:\/\/www.mundoagropecuario.cl\/new\/wp-content\/uploads\/2020\/11\/PORTAL-1-1.png\",\"width\":1026,\"height\":100,\"caption\":\"Revista de Agricultura\"},\"image\":{\"@id\":\"https:\/\/www.mundoagropecuario.cl\/new\/#\/schema\/logo\/image\/\"},\"sameAs\":[\"https:\/\/www.facebook.com\/mundo.agropecuario.3\",\"https:\/\/x.com\/MundoAgropecuar\",\"https:\/\/www.linkedin.com\/in\/mundo-agropecuario-934009201\/\"]},{\"@type\":\"Person\",\"@id\":\"https:\/\/www.mundoagropecuario.cl\/new\/#\/schema\/person\/4e9f74a82a7dac260eb1c44b7eebeb18\",\"name\":\"mundo\",\"url\":\"https:\/\/www.mundoagropecuario.cl\/new\/author\/mundo\/\"}]}<\/script>\n<!-- \/ Yoast SEO plugin. -->","yoast_head_json":{"title":"Resiliencia y liderazgo femenino marcar\u00e1n la XII edici\u00f3n del Seminario de Mujeres L\u00edderes del Sur - Mundoagropecuario","description":"La cita se llevar\u00e1 a cabo el pr\u00f3ximo mi\u00e9rcoles 14 de mayo a las 14:00 horas, en una jornada que promete ser un punto de conexi\u00f3n","robots":{"index":"index","follow":"follow","max-snippet":"max-snippet:-1","max-image-preview":"max-image-preview:large","max-video-preview":"max-video-preview:-1"},"canonical":"https:\/\/www.mundoagropecuario.cl\/new\/resiliencia-y-liderazgo-femenino-marcaran-la-xii-edicion-del-seminario-de-mujeres-lideres-del-sur\/","og_locale":"es_ES","og_type":"article","og_title":"Resiliencia y liderazgo femenino marcar\u00e1n la XII edici\u00f3n del Seminario de Mujeres L\u00edderes del Sur - Mundoagropecuario","og_description":"La cita se llevar\u00e1 a cabo el pr\u00f3ximo mi\u00e9rcoles 14 de mayo a las 14:00 horas, en una jornada que promete ser un punto de conexi\u00f3n","og_url":"https:\/\/www.mundoagropecuario.cl\/new\/resiliencia-y-liderazgo-femenino-marcaran-la-xii-edicion-del-seminario-de-mujeres-lideres-del-sur\/","og_site_name":"Mundoagropecuario","article_publisher":"https:\/\/www.facebook.com\/mundo.agropecuario.3","article_published_time":"2025-04-14T14:05:46+00:00","article_modified_time":"2025-05-13T16:22:48+00:00","og_image":[{"width":701,"height":400,"url":"https:\/\/www.mundoagropecuario.cl\/new\/wp-content\/uploads\/2025\/04\/Nota-scaled.jpg","type":"image\/jpeg"}],"author":"mundo","twitter_card":"summary_large_image","twitter_creator":"@MundoAgropecuar","twitter_site":"@MundoAgropecuar","twitter_misc":{"Escrito por":"mundo","Tiempo de lectura":"3 minutos"},"schema":{"@context":"https:\/\/schema.org","@graph":[{"@type":"Article","@id":"https:\/\/www.mundoagropecuario.cl\/new\/resiliencia-y-liderazgo-femenino-marcaran-la-xii-edicion-del-seminario-de-mujeres-lideres-del-sur\/#article","isPartOf":{"@id":"https:\/\/www.mundoagropecuario.cl\/new\/resiliencia-y-liderazgo-femenino-marcaran-la-xii-edicion-del-seminario-de-mujeres-lideres-del-sur\/"},"author":{"name":"mundo","@id":"https:\/\/www.mundoagropecuario.cl\/new\/#\/schema\/person\/4e9f74a82a7dac260eb1c44b7eebeb18"},"headline":"Resiliencia y liderazgo femenino marcar\u00e1n la XII edici\u00f3n del Seminario de Mujeres L\u00edderes del Sur","datePublished":"2025-04-14T14:05:46+00:00","dateModified":"2025-05-13T16:22:48+00:00","mainEntityOfPage":{"@id":"https:\/\/www.mundoagropecuario.cl\/new\/resiliencia-y-liderazgo-femenino-marcaran-la-xii-edicion-del-seminario-de-mujeres-lideres-del-sur\/"},"wordCount":477,"publisher":{"@id":"https:\/\/www.mundoagropecuario.cl\/new\/#organization"},"image":{"@id":"https:\/\/www.mundoagropecuario.cl\/new\/resiliencia-y-liderazgo-femenino-marcaran-la-xii-edicion-del-seminario-de-mujeres-lideres-del-sur\/#primaryimage"},"thumbnailUrl":"https:\/\/www.mundoagropecuario.cl\/new\/wp-content\/uploads\/2025\/04\/Nota-scaled.jpg","keywords":["Agricultura","Agro","Cl\u00ednica Alemana","Dimak","Hotel Sonesta Osorno","Inacap","L\u00edderes del Sur","Mujeres L\u00edderes del Sur","Nestl\u00e9","Osorno","Saesa","Salfa Sur","Seminario de Mujeres","Soprole","Zoetis"],"articleSection":["Eventos"],"inLanguage":"es"},{"@type":"WebPage","@id":"https:\/\/www.mundoagropecuario.cl\/new\/resiliencia-y-liderazgo-femenino-marcaran-la-xii-edicion-del-seminario-de-mujeres-lideres-del-sur\/","url":"https:\/\/www.mundoagropecuario.cl\/new\/resiliencia-y-liderazgo-femenino-marcaran-la-xii-edicion-del-seminario-de-mujeres-lideres-del-sur\/","name":"Resiliencia y liderazgo femenino marcar\u00e1n la XII edici\u00f3n del Seminario de Mujeres L\u00edderes del Sur - Mundoagropecuario","isPartOf":{"@id":"https:\/\/www.mundoagropecuario.cl\/new\/#website"},"primaryImageOfPage":{"@id":"https:\/\/www.mundoagropecuario.cl\/new\/resiliencia-y-liderazgo-femenino-marcaran-la-xii-edicion-del-seminario-de-mujeres-lideres-del-sur\/#primaryimage"},"image":{"@id":"https:\/\/www.mundoagropecuario.cl\/new\/resiliencia-y-liderazgo-femenino-marcaran-la-xii-edicion-del-seminario-de-mujeres-lideres-del-sur\/#primaryimage"},"thumbnailUrl":"https:\/\/www.mundoagropecuario.cl\/new\/wp-content\/uploads\/2025\/04\/Nota-scaled.jpg","datePublished":"2025-04-14T14:05:46+00:00","dateModified":"2025-05-13T16:22:48+00:00","description":"La cita se llevar\u00e1 a cabo el pr\u00f3ximo mi\u00e9rcoles 14 de mayo a las 14:00 horas, en una jornada que promete ser un punto de conexi\u00f3n","breadcrumb":{"@id":"https:\/\/www.mundoagropecuario.cl\/new\/resiliencia-y-liderazgo-femenino-marcaran-la-xii-edicion-del-seminario-de-mujeres-lideres-del-sur\/#breadcrumb"},"inLanguage":"es","potentialAction":[{"@type":"ReadAction","target":["https:\/\/www.mundoagropecuario.cl\/new\/resiliencia-y-liderazgo-femenino-marcaran-la-xii-edicion-del-seminario-de-mujeres-lideres-del-sur\/"]}]},{"@type":"ImageObject","inLanguage":"es","@id":"https:\/\/www.mundoagropecuario.cl\/new\/resiliencia-y-liderazgo-femenino-marcaran-la-xii-edicion-del-seminario-de-mujeres-lideres-del-sur\/#primaryimage","url":"https:\/\/www.mundoagropecuario.cl\/new\/wp-content\/uploads\/2025\/04\/Nota-scaled.jpg","contentUrl":"https:\/\/www.mundoagropecuario.cl\/new\/wp-content\/uploads\/2025\/04\/Nota-scaled.jpg","width":701,"height":400},{"@type":"BreadcrumbList","@id":"https:\/\/www.mundoagropecuario.cl\/new\/resiliencia-y-liderazgo-femenino-marcaran-la-xii-edicion-del-seminario-de-mujeres-lideres-del-sur\/#breadcrumb","itemListElement":[{"@type":"ListItem","position":1,"name":"Portada","item":"https:\/\/www.mundoagropecuario.cl\/new\/"},{"@type":"ListItem","position":2,"name":"Resiliencia y liderazgo femenino marcar\u00e1n la XII edici\u00f3n del Seminario de Mujeres L\u00edderes del Sur"}]},{"@type":"WebSite","@id":"https:\/\/www.mundoagropecuario.cl\/new\/#website","url":"https:\/\/www.mundoagropecuario.cl\/new\/","name":"Mundoagropecuario","description":"Mundo Agropecuario","publisher":{"@id":"https:\/\/www.mundoagropecuario.cl\/new\/#organization"},"potentialAction":[{"@type":"SearchAction","target":{"@type":"EntryPoint","urlTemplate":"https:\/\/www.mundoagropecuario.cl\/new\/?s={search_term_string}"},"query-input":{"@type":"PropertyValueSpecification","valueRequired":true,"valueName":"search_term_string"}}],"inLanguage":"es"},{"@type":"Organization","@id":"https:\/\/www.mundoagropecuario.cl\/new\/#organization","name":"Revista de Agricultura","url":"https:\/\/www.mundoagropecuario.cl\/new\/","logo":{"@type":"ImageObject","inLanguage":"es","@id":"https:\/\/www.mundoagropecuario.cl\/new\/#\/schema\/logo\/image\/","url":"https:\/\/www.mundoagropecuario.cl\/new\/wp-content\/uploads\/2020\/11\/PORTAL-1-1.png","contentUrl":"https:\/\/www.mundoagropecuario.cl\/new\/wp-content\/uploads\/2020\/11\/PORTAL-1-1.png","width":1026,"height":100,"caption":"Revista de Agricultura"},"image":{"@id":"https:\/\/www.mundoagropecuario.cl\/new\/#\/schema\/logo\/image\/"},"sameAs":["https:\/\/www.facebook.com\/mundo.agropecuario.3","https:\/\/x.com\/MundoAgropecuar","https:\/\/www.linkedin.com\/in\/mundo-agropecuario-934009201\/"]},{"@type":"Person","@id":"https:\/\/www.mundoagropecuario.cl\/new\/#\/schema\/person\/4e9f74a82a7dac260eb1c44b7eebeb18","name":"mundo","url":"https:\/\/www.mundoagropecuario.cl\/new\/author\/mundo\/"}]}},"_links":{"self":[{"href":"https:\/\/www.mundoagropecuario.cl\/new\/wp-json\/wp\/v2\/posts\/26622","targetHints":{"allow":["GET"]}}],"collection":[{"href":"https:\/\/www.mundoagropecuario.cl\/new\/wp-json\/wp\/v2\/posts"}],"about":[{"href":"https:\/\/www.mundoagropecuario.cl\/new\/wp-json\/wp\/v2\/types\/post"}],"author":[{"embeddable":true,"href":"https:\/\/www.mundoagropecuario.cl\/new\/wp-json\/wp\/v2\/users\/2"}],"replies":[{"embeddable":true,"href":"https:\/\/www.mundoagropecuario.cl\/new\/wp-json\/wp\/v2\/comments?post=26622"}],"version-history":[{"count":1,"href":"https:\/\/www.mundoagropecuario.cl\/new\/wp-json\/wp\/v2\/posts\/26622\/revisions"}],"predecessor-version":[{"id":26626,"href":"https:\/\/www.mundoagropecuario.cl\/new\/wp-json\/wp\/v2\/posts\/26622\/revisions\/26626"}],"wp:featuredmedia":[{"embeddable":true,"href":"https:\/\/www.mundoagropecuario.cl\/new\/wp-json\/wp\/v2\/media\/26625"}],"wp:attachment":[{"href":"https:\/\/www.mundoagropecuario.cl\/new\/wp-json\/wp\/v2\/media?parent=26622"}],"wp:term":[{"taxonomy":"category","embeddable":true,"href":"https:\/\/www.mundoagropecuario.cl\/new\/wp-json\/wp\/v2\/categories?post=26622"},{"taxonomy":"post_tag","embeddable":true,"href":"https:\/\/www.mundoagropecuario.cl\/new\/wp-json\/wp\/v2\/tags?post=26622"}],"curies":[{"name":"wp","href":"https:\/\/api.w.org\/{rel}","templated":true}]}}