{"id":26617,"date":"2025-04-09T18:20:48","date_gmt":"2025-04-09T21:20:48","guid":{"rendered":"https:\/\/www.mundoagropecuario.cl\/new\/?p=26617"},"modified":"2025-05-13T13:22:31","modified_gmt":"2025-05-13T16:22:31","slug":"cumbre-mundial-de-la-leche-presentan-atractivo-programa-tecnico-de-charlas-y-foros","status":"publish","type":"post","link":"https:\/\/www.mundoagropecuario.cl\/new\/cumbre-mundial-de-la-leche-presentan-atractivo-programa-tecnico-de-charlas-y-foros\/","title":{"rendered":"Cumbre Mundial de la Leche: Presentan atractivo programa t\u00e9cnico de charlas y foros"},"content":{"rendered":"<p>Cuando faltan poco m\u00e1s de 6 meses para la realizaci\u00f3n en Chile de la Cumbre Mundial de la Leche, la IDF WDS 2025, el programa t\u00e9cnico de este encuentro fue presentado al sector l\u00e1cteo global, donde se destaca la sustentabilidad del sector l\u00e1cteo como lema y mensaje de esta actividad.<\/p>\n<p>El secretario nacional de la IDF en Chile, Octavio Oltra, resalt\u00f3 el trabajo del equipo t\u00e9cnico del Consorcio Lechero que, junto al apoyo de los socios del Comit\u00e9 Nacional, prepararon y coordinaron este programa con charlistas y expositores de todo el mundo, bajo el est\u00e1ndar y respaldo t\u00e9cnico de la International Dairy Federation.<\/p>\n<p><a href=\"https:\/\/www.mundoagropecuario.cl\/new\/wp-content\/uploads\/2023\/08\/primer-plano-leche-organica-queso-gourmet-1-scaled.jpg\"><img loading=\"lazy\" decoding=\"async\" class=\"alignright wp-image-24611 \" src=\"https:\/\/www.mundoagropecuario.cl\/new\/wp-content\/uploads\/2023\/08\/primer-plano-leche-organica-queso-gourmet-1-scaled.jpg\" alt=\"\" width=\"507\" height=\"392\" \/><\/a>\u201cEl lema de esta cumbre es \u201cNutriendo un mundo sostenible\u201d y es ese el foco que incluyen las charlas, exposiciones y foros que se desarrollar\u00e1n en este encuentro, para el cual esperamos a alrededor de mil participantes, provenientes de m\u00e1s de 50 pa\u00edses.<\/p>\n<p>\u201cHoy m\u00e1s que nunca, los l\u00e1cteos forman parte de una alimentaci\u00f3n saludable proveniente de sistemas sostenibles, por lo que temas y expositores nos entregar\u00e1n claves y mensajes para reforzarlo, tomando en cuenta la importancia social, ambiental y econ\u00f3mica de la producci\u00f3n de la leche en el mundo\u201d, dijo Oltra.<\/p>\n<p>El programa tem\u00e1tico de esta Cumbre, que se realizar\u00e1 en Santiago entre el 20 y 23 de octubre, se complementar\u00e1 con los 5 tours t\u00e9cnicos a las distintas zonas productivas lecheras de Chile, para lo cual tambi\u00e9n se dar\u00e1 a conocer destinos y programas pr\u00f3ximamente.<\/p>\n<p>\u201cEs la primera vez que se realiza esta Cumbre en Latinoam\u00e9rica, por lo que se trata de un hito para la lecher\u00eda continental, en que esperamos contar con la participaci\u00f3n activa de representantes de los distintos eslabones de este sector, en una oportunidad hist\u00f3rica para que puedan compartir y ver temas comunes con sus pares de todo el mundo\u201d, explic\u00f3 Oltra.<\/p>\n<p><strong>Premios<\/strong><\/p>\n<p>En plena etapa de postulaciones se encuentran el concurso para cient\u00edficos j\u00f3venes \u201cPavel Jelen\u201d, como tambi\u00e9n el de posters y abstracts, Se suman los premios IDF Dairy Innovation Awards que, entre otras distinciones, ser\u00e1n entregadas durante la realizaci\u00f3n de la IDF WDS 2025 en octubre.<\/p>\n<p>Toda la informaci\u00f3n sobre el programa, inscripciones, expositores, actividades y sponsors est\u00e1 disponible en la p\u00e1gina web www.idfwds2025.com .<\/p>\n<p>Fuente: https:\/\/es.edairynews.com<\/p>\n","protected":false},"excerpt":{"rendered":"<p>El lema de esta cumbre es \u201cNutriendo un mundo sostenible\u201d y es ese el foco que incluyen las charlas, exposiciones y foros que se desarrollar\u00e1n en este encuentro internacional.<\/p>\n","protected":false},"author":2,"featured_media":26618,"comment_status":"closed","ping_status":"closed","sticky":false,"template":"","format":"standard","meta":{"footnotes":""},"categories":[1946],"tags":[2090,3127,9719,9235,2141,2051,2433,3222],"class_list":["post-26617","post","type-post","status-publish","format-standard","has-post-thumbnail","hentry","category-lacteos","tag-agricultura","tag-agro","tag-cumbre-en-latinoamerica","tag-cumbre-mundial-de-la-leche","tag-lacteos","tag-leche","tag-octavio-oltra","tag-sector-lechero"],"yoast_head":"<!-- This site is optimized with the Yoast SEO plugin v26.6 - https:\/\/yoast.com\/wordpress\/plugins\/seo\/ -->\n<title>Cumbre Mundial de la Leche: Presentan atractivo programa t\u00e9cnico de charlas y foros - Mundoagropecuario<\/title>\n<meta name=\"description\" content=\"El lema de esta cumbre es \u201cNutriendo un mundo sostenible\u201d y es ese el foco que incluyen las charlas, exposiciones y foros.\" \/>\n<meta name=\"robots\" content=\"index, follow, max-snippet:-1, max-image-preview:large, max-video-preview:-1\" \/>\n<link rel=\"canonical\" href=\"https:\/\/www.mundoagropecuario.cl\/new\/cumbre-mundial-de-la-leche-presentan-atractivo-programa-tecnico-de-charlas-y-foros\/\" \/>\n<meta property=\"og:locale\" content=\"es_ES\" \/>\n<meta property=\"og:type\" content=\"article\" \/>\n<meta property=\"og:title\" content=\"Cumbre Mundial de la Leche: Presentan atractivo programa t\u00e9cnico de charlas y foros - Mundoagropecuario\" \/>\n<meta property=\"og:description\" content=\"El lema de esta cumbre es \u201cNutriendo un mundo sostenible\u201d y es ese el foco que incluyen las charlas, exposiciones y foros.\" \/>\n<meta property=\"og:url\" content=\"https:\/\/www.mundoagropecuario.cl\/new\/cumbre-mundial-de-la-leche-presentan-atractivo-programa-tecnico-de-charlas-y-foros\/\" \/>\n<meta property=\"og:site_name\" content=\"Mundoagropecuario\" \/>\n<meta property=\"article:publisher\" content=\"https:\/\/www.facebook.com\/mundo.agropecuario.3\" \/>\n<meta property=\"article:published_time\" content=\"2025-04-09T21:20:48+00:00\" \/>\n<meta property=\"article:modified_time\" content=\"2025-05-13T16:22:31+00:00\" \/>\n<meta property=\"og:image\" content=\"https:\/\/www.mundoagropecuario.cl\/new\/wp-content\/uploads\/2025\/04\/Cumbre-scaled.jpg\" \/>\n\t<meta property=\"og:image:width\" content=\"694\" \/>\n\t<meta property=\"og:image:height\" content=\"400\" \/>\n\t<meta property=\"og:image:type\" content=\"image\/jpeg\" \/>\n<meta name=\"author\" content=\"mundo\" \/>\n<meta name=\"twitter:card\" content=\"summary_large_image\" \/>\n<meta name=\"twitter:creator\" content=\"@MundoAgropecuar\" \/>\n<meta name=\"twitter:site\" content=\"@MundoAgropecuar\" \/>\n<meta name=\"twitter:label1\" content=\"Escrito por\" \/>\n\t<meta name=\"twitter:data1\" content=\"mundo\" \/>\n\t<meta name=\"twitter:label2\" content=\"Tiempo de lectura\" \/>\n\t<meta name=\"twitter:data2\" content=\"3 minutos\" \/>\n<script type=\"application\/ld+json\" class=\"yoast-schema-graph\">{\"@context\":\"https:\/\/schema.org\",\"@graph\":[{\"@type\":\"Article\",\"@id\":\"https:\/\/www.mundoagropecuario.cl\/new\/cumbre-mundial-de-la-leche-presentan-atractivo-programa-tecnico-de-charlas-y-foros\/#article\",\"isPartOf\":{\"@id\":\"https:\/\/www.mundoagropecuario.cl\/new\/cumbre-mundial-de-la-leche-presentan-atractivo-programa-tecnico-de-charlas-y-foros\/\"},\"author\":{\"name\":\"mundo\",\"@id\":\"https:\/\/www.mundoagropecuario.cl\/new\/#\/schema\/person\/4e9f74a82a7dac260eb1c44b7eebeb18\"},\"headline\":\"Cumbre Mundial de la Leche: Presentan atractivo programa t\u00e9cnico de charlas y foros\",\"datePublished\":\"2025-04-09T21:20:48+00:00\",\"dateModified\":\"2025-05-13T16:22:31+00:00\",\"mainEntityOfPage\":{\"@id\":\"https:\/\/www.mundoagropecuario.cl\/new\/cumbre-mundial-de-la-leche-presentan-atractivo-programa-tecnico-de-charlas-y-foros\/\"},\"wordCount\":411,\"publisher\":{\"@id\":\"https:\/\/www.mundoagropecuario.cl\/new\/#organization\"},\"image\":{\"@id\":\"https:\/\/www.mundoagropecuario.cl\/new\/cumbre-mundial-de-la-leche-presentan-atractivo-programa-tecnico-de-charlas-y-foros\/#primaryimage\"},\"thumbnailUrl\":\"https:\/\/www.mundoagropecuario.cl\/new\/wp-content\/uploads\/2025\/04\/Cumbre-scaled.jpg\",\"keywords\":[\"Agricultura\",\"Agro\",\"Cumbre en Latinoam\u00e9rica\",\"Cumbre mundial de la leche\",\"L\u00e1cteos\",\"Leche\",\"Octavio Oltra\",\"sector lechero\"],\"articleSection\":[\"L\u00e1cteos\"],\"inLanguage\":\"es\"},{\"@type\":\"WebPage\",\"@id\":\"https:\/\/www.mundoagropecuario.cl\/new\/cumbre-mundial-de-la-leche-presentan-atractivo-programa-tecnico-de-charlas-y-foros\/\",\"url\":\"https:\/\/www.mundoagropecuario.cl\/new\/cumbre-mundial-de-la-leche-presentan-atractivo-programa-tecnico-de-charlas-y-foros\/\",\"name\":\"Cumbre Mundial de la Leche: Presentan atractivo programa t\u00e9cnico de charlas y foros - Mundoagropecuario\",\"isPartOf\":{\"@id\":\"https:\/\/www.mundoagropecuario.cl\/new\/#website\"},\"primaryImageOfPage\":{\"@id\":\"https:\/\/www.mundoagropecuario.cl\/new\/cumbre-mundial-de-la-leche-presentan-atractivo-programa-tecnico-de-charlas-y-foros\/#primaryimage\"},\"image\":{\"@id\":\"https:\/\/www.mundoagropecuario.cl\/new\/cumbre-mundial-de-la-leche-presentan-atractivo-programa-tecnico-de-charlas-y-foros\/#primaryimage\"},\"thumbnailUrl\":\"https:\/\/www.mundoagropecuario.cl\/new\/wp-content\/uploads\/2025\/04\/Cumbre-scaled.jpg\",\"datePublished\":\"2025-04-09T21:20:48+00:00\",\"dateModified\":\"2025-05-13T16:22:31+00:00\",\"description\":\"El lema de esta cumbre es \u201cNutriendo un mundo sostenible\u201d y es ese el foco que incluyen las charlas, exposiciones y foros.\",\"breadcrumb\":{\"@id\":\"https:\/\/www.mundoagropecuario.cl\/new\/cumbre-mundial-de-la-leche-presentan-atractivo-programa-tecnico-de-charlas-y-foros\/#breadcrumb\"},\"inLanguage\":\"es\",\"potentialAction\":[{\"@type\":\"ReadAction\",\"target\":[\"https:\/\/www.mundoagropecuario.cl\/new\/cumbre-mundial-de-la-leche-presentan-atractivo-programa-tecnico-de-charlas-y-foros\/\"]}]},{\"@type\":\"ImageObject\",\"inLanguage\":\"es\",\"@id\":\"https:\/\/www.mundoagropecuario.cl\/new\/cumbre-mundial-de-la-leche-presentan-atractivo-programa-tecnico-de-charlas-y-foros\/#primaryimage\",\"url\":\"https:\/\/www.mundoagropecuario.cl\/new\/wp-content\/uploads\/2025\/04\/Cumbre-scaled.jpg\",\"contentUrl\":\"https:\/\/www.mundoagropecuario.cl\/new\/wp-content\/uploads\/2025\/04\/Cumbre-scaled.jpg\",\"width\":694,\"height\":400},{\"@type\":\"BreadcrumbList\",\"@id\":\"https:\/\/www.mundoagropecuario.cl\/new\/cumbre-mundial-de-la-leche-presentan-atractivo-programa-tecnico-de-charlas-y-foros\/#breadcrumb\",\"itemListElement\":[{\"@type\":\"ListItem\",\"position\":1,\"name\":\"Portada\",\"item\":\"https:\/\/www.mundoagropecuario.cl\/new\/\"},{\"@type\":\"ListItem\",\"position\":2,\"name\":\"Cumbre Mundial de la Leche: Presentan atractivo programa t\u00e9cnico de charlas y foros\"}]},{\"@type\":\"WebSite\",\"@id\":\"https:\/\/www.mundoagropecuario.cl\/new\/#website\",\"url\":\"https:\/\/www.mundoagropecuario.cl\/new\/\",\"name\":\"Mundoagropecuario\",\"description\":\"Mundo Agropecuario\",\"publisher\":{\"@id\":\"https:\/\/www.mundoagropecuario.cl\/new\/#organization\"},\"potentialAction\":[{\"@type\":\"SearchAction\",\"target\":{\"@type\":\"EntryPoint\",\"urlTemplate\":\"https:\/\/www.mundoagropecuario.cl\/new\/?s={search_term_string}\"},\"query-input\":{\"@type\":\"PropertyValueSpecification\",\"valueRequired\":true,\"valueName\":\"search_term_string\"}}],\"inLanguage\":\"es\"},{\"@type\":\"Organization\",\"@id\":\"https:\/\/www.mundoagropecuario.cl\/new\/#organization\",\"name\":\"Revista de Agricultura\",\"url\":\"https:\/\/www.mundoagropecuario.cl\/new\/\",\"logo\":{\"@type\":\"ImageObject\",\"inLanguage\":\"es\",\"@id\":\"https:\/\/www.mundoagropecuario.cl\/new\/#\/schema\/logo\/image\/\",\"url\":\"https:\/\/www.mundoagropecuario.cl\/new\/wp-content\/uploads\/2020\/11\/PORTAL-1-1.png\",\"contentUrl\":\"https:\/\/www.mundoagropecuario.cl\/new\/wp-content\/uploads\/2020\/11\/PORTAL-1-1.png\",\"width\":1026,\"height\":100,\"caption\":\"Revista de Agricultura\"},\"image\":{\"@id\":\"https:\/\/www.mundoagropecuario.cl\/new\/#\/schema\/logo\/image\/\"},\"sameAs\":[\"https:\/\/www.facebook.com\/mundo.agropecuario.3\",\"https:\/\/x.com\/MundoAgropecuar\",\"https:\/\/www.linkedin.com\/in\/mundo-agropecuario-934009201\/\"]},{\"@type\":\"Person\",\"@id\":\"https:\/\/www.mundoagropecuario.cl\/new\/#\/schema\/person\/4e9f74a82a7dac260eb1c44b7eebeb18\",\"name\":\"mundo\",\"url\":\"https:\/\/www.mundoagropecuario.cl\/new\/author\/mundo\/\"}]}<\/script>\n<!-- \/ Yoast SEO plugin. -->","yoast_head_json":{"title":"Cumbre Mundial de la Leche: Presentan atractivo programa t\u00e9cnico de charlas y foros - Mundoagropecuario","description":"El lema de esta cumbre es \u201cNutriendo un mundo sostenible\u201d y es ese el foco que incluyen las charlas, exposiciones y foros.","robots":{"index":"index","follow":"follow","max-snippet":"max-snippet:-1","max-image-preview":"max-image-preview:large","max-video-preview":"max-video-preview:-1"},"canonical":"https:\/\/www.mundoagropecuario.cl\/new\/cumbre-mundial-de-la-leche-presentan-atractivo-programa-tecnico-de-charlas-y-foros\/","og_locale":"es_ES","og_type":"article","og_title":"Cumbre Mundial de la Leche: Presentan atractivo programa t\u00e9cnico de charlas y foros - Mundoagropecuario","og_description":"El lema de esta cumbre es \u201cNutriendo un mundo sostenible\u201d y es ese el foco que incluyen las charlas, exposiciones y foros.","og_url":"https:\/\/www.mundoagropecuario.cl\/new\/cumbre-mundial-de-la-leche-presentan-atractivo-programa-tecnico-de-charlas-y-foros\/","og_site_name":"Mundoagropecuario","article_publisher":"https:\/\/www.facebook.com\/mundo.agropecuario.3","article_published_time":"2025-04-09T21:20:48+00:00","article_modified_time":"2025-05-13T16:22:31+00:00","og_image":[{"width":694,"height":400,"url":"https:\/\/www.mundoagropecuario.cl\/new\/wp-content\/uploads\/2025\/04\/Cumbre-scaled.jpg","type":"image\/jpeg"}],"author":"mundo","twitter_card":"summary_large_image","twitter_creator":"@MundoAgropecuar","twitter_site":"@MundoAgropecuar","twitter_misc":{"Escrito por":"mundo","Tiempo de lectura":"3 minutos"},"schema":{"@context":"https:\/\/schema.org","@graph":[{"@type":"Article","@id":"https:\/\/www.mundoagropecuario.cl\/new\/cumbre-mundial-de-la-leche-presentan-atractivo-programa-tecnico-de-charlas-y-foros\/#article","isPartOf":{"@id":"https:\/\/www.mundoagropecuario.cl\/new\/cumbre-mundial-de-la-leche-presentan-atractivo-programa-tecnico-de-charlas-y-foros\/"},"author":{"name":"mundo","@id":"https:\/\/www.mundoagropecuario.cl\/new\/#\/schema\/person\/4e9f74a82a7dac260eb1c44b7eebeb18"},"headline":"Cumbre Mundial de la Leche: Presentan atractivo programa t\u00e9cnico de charlas y foros","datePublished":"2025-04-09T21:20:48+00:00","dateModified":"2025-05-13T16:22:31+00:00","mainEntityOfPage":{"@id":"https:\/\/www.mundoagropecuario.cl\/new\/cumbre-mundial-de-la-leche-presentan-atractivo-programa-tecnico-de-charlas-y-foros\/"},"wordCount":411,"publisher":{"@id":"https:\/\/www.mundoagropecuario.cl\/new\/#organization"},"image":{"@id":"https:\/\/www.mundoagropecuario.cl\/new\/cumbre-mundial-de-la-leche-presentan-atractivo-programa-tecnico-de-charlas-y-foros\/#primaryimage"},"thumbnailUrl":"https:\/\/www.mundoagropecuario.cl\/new\/wp-content\/uploads\/2025\/04\/Cumbre-scaled.jpg","keywords":["Agricultura","Agro","Cumbre en Latinoam\u00e9rica","Cumbre mundial de la leche","L\u00e1cteos","Leche","Octavio Oltra","sector lechero"],"articleSection":["L\u00e1cteos"],"inLanguage":"es"},{"@type":"WebPage","@id":"https:\/\/www.mundoagropecuario.cl\/new\/cumbre-mundial-de-la-leche-presentan-atractivo-programa-tecnico-de-charlas-y-foros\/","url":"https:\/\/www.mundoagropecuario.cl\/new\/cumbre-mundial-de-la-leche-presentan-atractivo-programa-tecnico-de-charlas-y-foros\/","name":"Cumbre Mundial de la Leche: Presentan atractivo programa t\u00e9cnico de charlas y foros - Mundoagropecuario","isPartOf":{"@id":"https:\/\/www.mundoagropecuario.cl\/new\/#website"},"primaryImageOfPage":{"@id":"https:\/\/www.mundoagropecuario.cl\/new\/cumbre-mundial-de-la-leche-presentan-atractivo-programa-tecnico-de-charlas-y-foros\/#primaryimage"},"image":{"@id":"https:\/\/www.mundoagropecuario.cl\/new\/cumbre-mundial-de-la-leche-presentan-atractivo-programa-tecnico-de-charlas-y-foros\/#primaryimage"},"thumbnailUrl":"https:\/\/www.mundoagropecuario.cl\/new\/wp-content\/uploads\/2025\/04\/Cumbre-scaled.jpg","datePublished":"2025-04-09T21:20:48+00:00","dateModified":"2025-05-13T16:22:31+00:00","description":"El lema de esta cumbre es \u201cNutriendo un mundo sostenible\u201d y es ese el foco que incluyen las charlas, exposiciones y foros.","breadcrumb":{"@id":"https:\/\/www.mundoagropecuario.cl\/new\/cumbre-mundial-de-la-leche-presentan-atractivo-programa-tecnico-de-charlas-y-foros\/#breadcrumb"},"inLanguage":"es","potentialAction":[{"@type":"ReadAction","target":["https:\/\/www.mundoagropecuario.cl\/new\/cumbre-mundial-de-la-leche-presentan-atractivo-programa-tecnico-de-charlas-y-foros\/"]}]},{"@type":"ImageObject","inLanguage":"es","@id":"https:\/\/www.mundoagropecuario.cl\/new\/cumbre-mundial-de-la-leche-presentan-atractivo-programa-tecnico-de-charlas-y-foros\/#primaryimage","url":"https:\/\/www.mundoagropecuario.cl\/new\/wp-content\/uploads\/2025\/04\/Cumbre-scaled.jpg","contentUrl":"https:\/\/www.mundoagropecuario.cl\/new\/wp-content\/uploads\/2025\/04\/Cumbre-scaled.jpg","width":694,"height":400},{"@type":"BreadcrumbList","@id":"https:\/\/www.mundoagropecuario.cl\/new\/cumbre-mundial-de-la-leche-presentan-atractivo-programa-tecnico-de-charlas-y-foros\/#breadcrumb","itemListElement":[{"@type":"ListItem","position":1,"name":"Portada","item":"https:\/\/www.mundoagropecuario.cl\/new\/"},{"@type":"ListItem","position":2,"name":"Cumbre Mundial de la Leche: Presentan atractivo programa t\u00e9cnico de charlas y foros"}]},{"@type":"WebSite","@id":"https:\/\/www.mundoagropecuario.cl\/new\/#website","url":"https:\/\/www.mundoagropecuario.cl\/new\/","name":"Mundoagropecuario","description":"Mundo Agropecuario","publisher":{"@id":"https:\/\/www.mundoagropecuario.cl\/new\/#organization"},"potentialAction":[{"@type":"SearchAction","target":{"@type":"EntryPoint","urlTemplate":"https:\/\/www.mundoagropecuario.cl\/new\/?s={search_term_string}"},"query-input":{"@type":"PropertyValueSpecification","valueRequired":true,"valueName":"search_term_string"}}],"inLanguage":"es"},{"@type":"Organization","@id":"https:\/\/www.mundoagropecuario.cl\/new\/#organization","name":"Revista de Agricultura","url":"https:\/\/www.mundoagropecuario.cl\/new\/","logo":{"@type":"ImageObject","inLanguage":"es","@id":"https:\/\/www.mundoagropecuario.cl\/new\/#\/schema\/logo\/image\/","url":"https:\/\/www.mundoagropecuario.cl\/new\/wp-content\/uploads\/2020\/11\/PORTAL-1-1.png","contentUrl":"https:\/\/www.mundoagropecuario.cl\/new\/wp-content\/uploads\/2020\/11\/PORTAL-1-1.png","width":1026,"height":100,"caption":"Revista de Agricultura"},"image":{"@id":"https:\/\/www.mundoagropecuario.cl\/new\/#\/schema\/logo\/image\/"},"sameAs":["https:\/\/www.facebook.com\/mundo.agropecuario.3","https:\/\/x.com\/MundoAgropecuar","https:\/\/www.linkedin.com\/in\/mundo-agropecuario-934009201\/"]},{"@type":"Person","@id":"https:\/\/www.mundoagropecuario.cl\/new\/#\/schema\/person\/4e9f74a82a7dac260eb1c44b7eebeb18","name":"mundo","url":"https:\/\/www.mundoagropecuario.cl\/new\/author\/mundo\/"}]}},"_links":{"self":[{"href":"https:\/\/www.mundoagropecuario.cl\/new\/wp-json\/wp\/v2\/posts\/26617","targetHints":{"allow":["GET"]}}],"collection":[{"href":"https:\/\/www.mundoagropecuario.cl\/new\/wp-json\/wp\/v2\/posts"}],"about":[{"href":"https:\/\/www.mundoagropecuario.cl\/new\/wp-json\/wp\/v2\/types\/post"}],"author":[{"embeddable":true,"href":"https:\/\/www.mundoagropecuario.cl\/new\/wp-json\/wp\/v2\/users\/2"}],"replies":[{"embeddable":true,"href":"https:\/\/www.mundoagropecuario.cl\/new\/wp-json\/wp\/v2\/comments?post=26617"}],"version-history":[{"count":1,"href":"https:\/\/www.mundoagropecuario.cl\/new\/wp-json\/wp\/v2\/posts\/26617\/revisions"}],"predecessor-version":[{"id":26619,"href":"https:\/\/www.mundoagropecuario.cl\/new\/wp-json\/wp\/v2\/posts\/26617\/revisions\/26619"}],"wp:featuredmedia":[{"embeddable":true,"href":"https:\/\/www.mundoagropecuario.cl\/new\/wp-json\/wp\/v2\/media\/26618"}],"wp:attachment":[{"href":"https:\/\/www.mundoagropecuario.cl\/new\/wp-json\/wp\/v2\/media?parent=26617"}],"wp:term":[{"taxonomy":"category","embeddable":true,"href":"https:\/\/www.mundoagropecuario.cl\/new\/wp-json\/wp\/v2\/categories?post=26617"},{"taxonomy":"post_tag","embeddable":true,"href":"https:\/\/www.mundoagropecuario.cl\/new\/wp-json\/wp\/v2\/tags?post=26617"}],"curies":[{"name":"wp","href":"https:\/\/api.w.org\/{rel}","templated":true}]}}