{"id":26564,"date":"2025-03-07T10:35:35","date_gmt":"2025-03-07T13:35:35","guid":{"rendered":"https:\/\/www.mundoagropecuario.cl\/new\/?p=26564"},"modified":"2025-03-10T18:08:06","modified_gmt":"2025-03-10T21:08:06","slug":"pti-de-la-carne-bovina-refuerza-su-impacto-en-los-lagos-con-nueva-hoja-de-ruta","status":"publish","type":"post","link":"https:\/\/www.mundoagropecuario.cl\/new\/pti-de-la-carne-bovina-refuerza-su-impacto-en-los-lagos-con-nueva-hoja-de-ruta\/","title":{"rendered":"PTI de la Carne Bovina refuerza su impacto en Los Lagos con nueva hoja de ruta"},"content":{"rendered":"<p>Puerto Montt fue el escenario de una nueva reuni\u00f3n de Gobernanza del Programa Territorial Integrado (PTI) de la Carne Bovina de Los Lagos, instancia clave para coordinar acciones y fortalecer la cadena de valor de la producci\u00f3n ganadera regional. El encuentro, realizado en las oficinas de Agrollanquihue, permiti\u00f3 evaluar avances y proyectar nuevas estrategias que contribuyan a la competitividad del sector, desde la producci\u00f3n hasta la comercializaci\u00f3n.<\/p>\n<p>El programa, impulsado por Corfo Los Lagos, re\u00fane a actores p\u00fablicos y privados relevantes, incluyendo la Seremi de Agricultura, la Divisi\u00f3n de Fomento Productivo del Gobierno Regional, INDAP, SAG, ProChile, INIA Remehue, cooperativas, productores, asociaciones gremiales y acad\u00e9micos de la Universidad de Los Lagos. De esta manera, esta red de colaboraci\u00f3n trabaja en conjunto para potenciar la competitividad del sector y fomentar la innovaci\u00f3n en la industria c\u00e1rnica.<\/p>\n<p>Fue as\u00ed como en esta jornada estuvieron presentes la Seremi de Los Lagos, Tania Salas, el director de Corfo Los Lagos, Eduardo Arancibia, y el subdirector de Corfo Los Lagos, David Espinoza. Esta instancia comenz\u00f3 con el saludo del director de Corfo Los Lagos, quien destac\u00f3 el impacto positivo del programa y la importancia del trabajo mancomunado en el fortalecimiento del rubro bovino. Posteriormente, la gestora del PTI, Loreto Santelices, present\u00f3 los avances del programa y las diversas actividades en ejecuci\u00f3n.<\/p>\n<p>Otro de los puntos importantes abordados fue el cierre del segundo a\u00f1o con todas las actividades realizadas y la renovaci\u00f3n del PTI para su tercer a\u00f1o de implementaci\u00f3n, lo que permitir\u00e1 consolidar estrategias y acciones claves para mejorar la calidad y sostenibilidad de la producci\u00f3n bovina en la regi\u00f3n.<\/p>\n<p>Con esta reuni\u00f3n, el PTI de la Carne Bovina de Los Lagos refuerza su rol como un motor de desarrollo para la industria c\u00e1rnica local, proyect\u00e1ndose hacia un futuro de mayores oportunidades para los productores y el crecimiento del mercado regional.<\/p>\n<h3>Impresiones<\/h3>\n<p>Tania Salas, Seremi de Agricultura de Los Lagos, se\u00f1al\u00f3 que &#8220;este programa se proyecta cada vez con m\u00e1s energ\u00eda, con m\u00e1s ganas de seguir fomentando el trabajo colaborativo entre el sector p\u00fablico y privado, que son clave para fortalecer la cadena productiva de la carne. Esto incluye el apoyo a los productores, la comercializaci\u00f3n de la carne y la promoci\u00f3n de su consumo local. Este a\u00f1o, y en las pr\u00f3ximas semanas, comenzaremos a realizar actividades significativas que convocar\u00e1n a productores y productoras de carne. Adem\u00e1s, lanzaremos iniciativas basadas en experiencias exitosas de otras regiones, como la Ruta de los Abastos, donde buscamos adaptarlas a la regi\u00f3n de Los Lagos, para que tengan la concordancia territorial y las necesidades que nos han planteado los privados de este rubro, as\u00ed que sentimos todos en conjunto que vamos por buen camino&#8221;.<\/p>\n<p>Por su parte, Eduardo Arancibia, director de Corfo Los Lagos, destac\u00f3 que &#8220;este PTI es uno de los mejor evaluados en la regi\u00f3n y es reconocido a nivel nacional como un ejemplo del trabajo p\u00fablico-privado que ha logrado resultados concretos en el sector, cumpliendo tambi\u00e9n con la planificaci\u00f3n de este tipo de programas, que son acotados a tres a\u00f1os. Con un diagn\u00f3stico de brechas que se ha trabajado constantemente, generando acciones directas para abordarlas. Por lo tanto, este ha sido un programa realmente muy bien realizado&#8221;.<\/p>\n<p>Finalmente, Rodrigo Lav\u00edn, presidente del PTI de la Carne Bovina Los Lagos, coment\u00f3 que &#8220;hoy se analizaron las \u00faltimas actividades que se est\u00e1n llevando a cabo en el segundo a\u00f1o del programa, evaluando tambi\u00e9n c\u00f3mo se cerrar\u00e1 este ciclo. Una de las actividades m\u00e1s relevantes ha sido visibilizar el papel de la mujer en la ganader\u00eda, especialmente en nuestra regi\u00f3n, un factor clave y motor de desarrollo para nosotros. Tambi\u00e9n discutimos y comenzamos a definir los objetivos para el tercer a\u00f1o, priorizando las metas m\u00e1s importantes. Entre ellas, claramente, est\u00e1 la promoci\u00f3n de los beneficios de la carne bovina en la nutrici\u00f3n de la poblaci\u00f3n, algo en lo que todos estamos de acuerdo&#8221;.<\/p>\n","protected":false},"excerpt":{"rendered":"<p>La organizaci\u00f3n proyecta su tercer ciclo con estrategias para fortalecer la ganader\u00eda y la comercializaci\u00f3n en la regi\u00f3n.<\/p>\n","protected":false},"author":2,"featured_media":26565,"comment_status":"closed","ping_status":"closed","sticky":false,"template":"","format":"standard","meta":{"footnotes":""},"categories":[1944],"tags":[8943,9699,579,9700,9672,9698,9205],"class_list":["post-26564","post","type-post","status-publish","format-standard","has-post-thumbnail","hentry","category-ganaderia","tag-carne-bovina-los-lagos","tag-comercializacion-de-carne-bovina","tag-corfo-los-lagos","tag-industria-carnica-regional","tag-innovacion-en-ganaderia","tag-produccion-ganadera-chile","tag-pti-de-la-carne-bovina-los-lagos"],"yoast_head":"<!-- This site is optimized with the Yoast SEO plugin v26.6 - https:\/\/yoast.com\/wordpress\/plugins\/seo\/ -->\n<title>PTI de la Carne Bovina refuerza su impacto en Los Lagos con nueva hoja de ruta - Mundoagropecuario<\/title>\n<meta name=\"description\" content=\"La organizaci\u00f3n proyecta su tercer ciclo con estrategias para fortalecer la ganader\u00eda y la comercializaci\u00f3n en la regi\u00f3n.\" \/>\n<meta name=\"robots\" content=\"index, follow, max-snippet:-1, max-image-preview:large, max-video-preview:-1\" \/>\n<link rel=\"canonical\" href=\"https:\/\/www.mundoagropecuario.cl\/new\/pti-de-la-carne-bovina-refuerza-su-impacto-en-los-lagos-con-nueva-hoja-de-ruta\/\" \/>\n<meta property=\"og:locale\" content=\"es_ES\" \/>\n<meta property=\"og:type\" content=\"article\" \/>\n<meta property=\"og:title\" content=\"PTI de la Carne Bovina refuerza su impacto en Los Lagos con nueva hoja de ruta - Mundoagropecuario\" \/>\n<meta property=\"og:description\" content=\"La organizaci\u00f3n proyecta su tercer ciclo con estrategias para fortalecer la ganader\u00eda y la comercializaci\u00f3n en la regi\u00f3n.\" \/>\n<meta property=\"og:url\" content=\"https:\/\/www.mundoagropecuario.cl\/new\/pti-de-la-carne-bovina-refuerza-su-impacto-en-los-lagos-con-nueva-hoja-de-ruta\/\" \/>\n<meta property=\"og:site_name\" content=\"Mundoagropecuario\" \/>\n<meta property=\"article:publisher\" content=\"https:\/\/www.facebook.com\/mundo.agropecuario.3\" \/>\n<meta property=\"article:published_time\" content=\"2025-03-07T13:35:35+00:00\" \/>\n<meta property=\"article:modified_time\" content=\"2025-03-10T21:08:06+00:00\" \/>\n<meta property=\"og:image\" content=\"https:\/\/www.mundoagropecuario.cl\/new\/wp-content\/uploads\/2025\/03\/Plantilla-estandar-mundo-acuicola-6-scaled.jpg\" \/>\n\t<meta property=\"og:image:width\" content=\"720\" \/>\n\t<meta property=\"og:image:height\" content=\"384\" \/>\n\t<meta property=\"og:image:type\" content=\"image\/jpeg\" \/>\n<meta name=\"author\" content=\"mundo\" \/>\n<meta name=\"twitter:card\" content=\"summary_large_image\" \/>\n<meta name=\"twitter:creator\" content=\"@MundoAgropecuar\" \/>\n<meta name=\"twitter:site\" content=\"@MundoAgropecuar\" \/>\n<meta name=\"twitter:label1\" content=\"Escrito por\" \/>\n\t<meta name=\"twitter:data1\" content=\"mundo\" \/>\n\t<meta name=\"twitter:label2\" content=\"Tiempo de lectura\" \/>\n\t<meta name=\"twitter:data2\" content=\"4 minutos\" \/>\n<script type=\"application\/ld+json\" class=\"yoast-schema-graph\">{\"@context\":\"https:\/\/schema.org\",\"@graph\":[{\"@type\":\"Article\",\"@id\":\"https:\/\/www.mundoagropecuario.cl\/new\/pti-de-la-carne-bovina-refuerza-su-impacto-en-los-lagos-con-nueva-hoja-de-ruta\/#article\",\"isPartOf\":{\"@id\":\"https:\/\/www.mundoagropecuario.cl\/new\/pti-de-la-carne-bovina-refuerza-su-impacto-en-los-lagos-con-nueva-hoja-de-ruta\/\"},\"author\":{\"name\":\"mundo\",\"@id\":\"https:\/\/www.mundoagropecuario.cl\/new\/#\/schema\/person\/4e9f74a82a7dac260eb1c44b7eebeb18\"},\"headline\":\"PTI de la Carne Bovina refuerza su impacto en Los Lagos con nueva hoja de ruta\",\"datePublished\":\"2025-03-07T13:35:35+00:00\",\"dateModified\":\"2025-03-10T21:08:06+00:00\",\"mainEntityOfPage\":{\"@id\":\"https:\/\/www.mundoagropecuario.cl\/new\/pti-de-la-carne-bovina-refuerza-su-impacto-en-los-lagos-con-nueva-hoja-de-ruta\/\"},\"wordCount\":713,\"publisher\":{\"@id\":\"https:\/\/www.mundoagropecuario.cl\/new\/#organization\"},\"image\":{\"@id\":\"https:\/\/www.mundoagropecuario.cl\/new\/pti-de-la-carne-bovina-refuerza-su-impacto-en-los-lagos-con-nueva-hoja-de-ruta\/#primaryimage\"},\"thumbnailUrl\":\"https:\/\/www.mundoagropecuario.cl\/new\/wp-content\/uploads\/2025\/03\/Plantilla-estandar-mundo-acuicola-6-scaled.jpg\",\"keywords\":[\"Carne Bovina Los Lagos.\",\"comercializaci\u00f3n de carne bovina\",\"Corfo Los Lagos\",\"industria c\u00e1rnica regional\",\"innovaci\u00f3n en ganader\u00eda\",\"producci\u00f3n ganadera Chile\",\"PTI de la Carne Bovina Los Lagos\"],\"articleSection\":[\"Ganader\u00eda\"],\"inLanguage\":\"es\"},{\"@type\":\"WebPage\",\"@id\":\"https:\/\/www.mundoagropecuario.cl\/new\/pti-de-la-carne-bovina-refuerza-su-impacto-en-los-lagos-con-nueva-hoja-de-ruta\/\",\"url\":\"https:\/\/www.mundoagropecuario.cl\/new\/pti-de-la-carne-bovina-refuerza-su-impacto-en-los-lagos-con-nueva-hoja-de-ruta\/\",\"name\":\"PTI de la Carne Bovina refuerza su impacto en Los Lagos con nueva hoja de ruta - Mundoagropecuario\",\"isPartOf\":{\"@id\":\"https:\/\/www.mundoagropecuario.cl\/new\/#website\"},\"primaryImageOfPage\":{\"@id\":\"https:\/\/www.mundoagropecuario.cl\/new\/pti-de-la-carne-bovina-refuerza-su-impacto-en-los-lagos-con-nueva-hoja-de-ruta\/#primaryimage\"},\"image\":{\"@id\":\"https:\/\/www.mundoagropecuario.cl\/new\/pti-de-la-carne-bovina-refuerza-su-impacto-en-los-lagos-con-nueva-hoja-de-ruta\/#primaryimage\"},\"thumbnailUrl\":\"https:\/\/www.mundoagropecuario.cl\/new\/wp-content\/uploads\/2025\/03\/Plantilla-estandar-mundo-acuicola-6-scaled.jpg\",\"datePublished\":\"2025-03-07T13:35:35+00:00\",\"dateModified\":\"2025-03-10T21:08:06+00:00\",\"description\":\"La organizaci\u00f3n proyecta su tercer ciclo con estrategias para fortalecer la ganader\u00eda y la comercializaci\u00f3n en la regi\u00f3n.\",\"breadcrumb\":{\"@id\":\"https:\/\/www.mundoagropecuario.cl\/new\/pti-de-la-carne-bovina-refuerza-su-impacto-en-los-lagos-con-nueva-hoja-de-ruta\/#breadcrumb\"},\"inLanguage\":\"es\",\"potentialAction\":[{\"@type\":\"ReadAction\",\"target\":[\"https:\/\/www.mundoagropecuario.cl\/new\/pti-de-la-carne-bovina-refuerza-su-impacto-en-los-lagos-con-nueva-hoja-de-ruta\/\"]}]},{\"@type\":\"ImageObject\",\"inLanguage\":\"es\",\"@id\":\"https:\/\/www.mundoagropecuario.cl\/new\/pti-de-la-carne-bovina-refuerza-su-impacto-en-los-lagos-con-nueva-hoja-de-ruta\/#primaryimage\",\"url\":\"https:\/\/www.mundoagropecuario.cl\/new\/wp-content\/uploads\/2025\/03\/Plantilla-estandar-mundo-acuicola-6-scaled.jpg\",\"contentUrl\":\"https:\/\/www.mundoagropecuario.cl\/new\/wp-content\/uploads\/2025\/03\/Plantilla-estandar-mundo-acuicola-6-scaled.jpg\",\"width\":720,\"height\":384},{\"@type\":\"BreadcrumbList\",\"@id\":\"https:\/\/www.mundoagropecuario.cl\/new\/pti-de-la-carne-bovina-refuerza-su-impacto-en-los-lagos-con-nueva-hoja-de-ruta\/#breadcrumb\",\"itemListElement\":[{\"@type\":\"ListItem\",\"position\":1,\"name\":\"Portada\",\"item\":\"https:\/\/www.mundoagropecuario.cl\/new\/\"},{\"@type\":\"ListItem\",\"position\":2,\"name\":\"PTI de la Carne Bovina refuerza su impacto en Los Lagos con nueva hoja de ruta\"}]},{\"@type\":\"WebSite\",\"@id\":\"https:\/\/www.mundoagropecuario.cl\/new\/#website\",\"url\":\"https:\/\/www.mundoagropecuario.cl\/new\/\",\"name\":\"Mundoagropecuario\",\"description\":\"Mundo Agropecuario\",\"publisher\":{\"@id\":\"https:\/\/www.mundoagropecuario.cl\/new\/#organization\"},\"potentialAction\":[{\"@type\":\"SearchAction\",\"target\":{\"@type\":\"EntryPoint\",\"urlTemplate\":\"https:\/\/www.mundoagropecuario.cl\/new\/?s={search_term_string}\"},\"query-input\":{\"@type\":\"PropertyValueSpecification\",\"valueRequired\":true,\"valueName\":\"search_term_string\"}}],\"inLanguage\":\"es\"},{\"@type\":\"Organization\",\"@id\":\"https:\/\/www.mundoagropecuario.cl\/new\/#organization\",\"name\":\"Revista de Agricultura\",\"url\":\"https:\/\/www.mundoagropecuario.cl\/new\/\",\"logo\":{\"@type\":\"ImageObject\",\"inLanguage\":\"es\",\"@id\":\"https:\/\/www.mundoagropecuario.cl\/new\/#\/schema\/logo\/image\/\",\"url\":\"https:\/\/www.mundoagropecuario.cl\/new\/wp-content\/uploads\/2020\/11\/PORTAL-1-1.png\",\"contentUrl\":\"https:\/\/www.mundoagropecuario.cl\/new\/wp-content\/uploads\/2020\/11\/PORTAL-1-1.png\",\"width\":1026,\"height\":100,\"caption\":\"Revista de Agricultura\"},\"image\":{\"@id\":\"https:\/\/www.mundoagropecuario.cl\/new\/#\/schema\/logo\/image\/\"},\"sameAs\":[\"https:\/\/www.facebook.com\/mundo.agropecuario.3\",\"https:\/\/x.com\/MundoAgropecuar\",\"https:\/\/www.linkedin.com\/in\/mundo-agropecuario-934009201\/\"]},{\"@type\":\"Person\",\"@id\":\"https:\/\/www.mundoagropecuario.cl\/new\/#\/schema\/person\/4e9f74a82a7dac260eb1c44b7eebeb18\",\"name\":\"mundo\",\"url\":\"https:\/\/www.mundoagropecuario.cl\/new\/author\/mundo\/\"}]}<\/script>\n<!-- \/ Yoast SEO plugin. -->","yoast_head_json":{"title":"PTI de la Carne Bovina refuerza su impacto en Los Lagos con nueva hoja de ruta - Mundoagropecuario","description":"La organizaci\u00f3n proyecta su tercer ciclo con estrategias para fortalecer la ganader\u00eda y la comercializaci\u00f3n en la regi\u00f3n.","robots":{"index":"index","follow":"follow","max-snippet":"max-snippet:-1","max-image-preview":"max-image-preview:large","max-video-preview":"max-video-preview:-1"},"canonical":"https:\/\/www.mundoagropecuario.cl\/new\/pti-de-la-carne-bovina-refuerza-su-impacto-en-los-lagos-con-nueva-hoja-de-ruta\/","og_locale":"es_ES","og_type":"article","og_title":"PTI de la Carne Bovina refuerza su impacto en Los Lagos con nueva hoja de ruta - Mundoagropecuario","og_description":"La organizaci\u00f3n proyecta su tercer ciclo con estrategias para fortalecer la ganader\u00eda y la comercializaci\u00f3n en la regi\u00f3n.","og_url":"https:\/\/www.mundoagropecuario.cl\/new\/pti-de-la-carne-bovina-refuerza-su-impacto-en-los-lagos-con-nueva-hoja-de-ruta\/","og_site_name":"Mundoagropecuario","article_publisher":"https:\/\/www.facebook.com\/mundo.agropecuario.3","article_published_time":"2025-03-07T13:35:35+00:00","article_modified_time":"2025-03-10T21:08:06+00:00","og_image":[{"width":720,"height":384,"url":"https:\/\/www.mundoagropecuario.cl\/new\/wp-content\/uploads\/2025\/03\/Plantilla-estandar-mundo-acuicola-6-scaled.jpg","type":"image\/jpeg"}],"author":"mundo","twitter_card":"summary_large_image","twitter_creator":"@MundoAgropecuar","twitter_site":"@MundoAgropecuar","twitter_misc":{"Escrito por":"mundo","Tiempo de lectura":"4 minutos"},"schema":{"@context":"https:\/\/schema.org","@graph":[{"@type":"Article","@id":"https:\/\/www.mundoagropecuario.cl\/new\/pti-de-la-carne-bovina-refuerza-su-impacto-en-los-lagos-con-nueva-hoja-de-ruta\/#article","isPartOf":{"@id":"https:\/\/www.mundoagropecuario.cl\/new\/pti-de-la-carne-bovina-refuerza-su-impacto-en-los-lagos-con-nueva-hoja-de-ruta\/"},"author":{"name":"mundo","@id":"https:\/\/www.mundoagropecuario.cl\/new\/#\/schema\/person\/4e9f74a82a7dac260eb1c44b7eebeb18"},"headline":"PTI de la Carne Bovina refuerza su impacto en Los Lagos con nueva hoja de ruta","datePublished":"2025-03-07T13:35:35+00:00","dateModified":"2025-03-10T21:08:06+00:00","mainEntityOfPage":{"@id":"https:\/\/www.mundoagropecuario.cl\/new\/pti-de-la-carne-bovina-refuerza-su-impacto-en-los-lagos-con-nueva-hoja-de-ruta\/"},"wordCount":713,"publisher":{"@id":"https:\/\/www.mundoagropecuario.cl\/new\/#organization"},"image":{"@id":"https:\/\/www.mundoagropecuario.cl\/new\/pti-de-la-carne-bovina-refuerza-su-impacto-en-los-lagos-con-nueva-hoja-de-ruta\/#primaryimage"},"thumbnailUrl":"https:\/\/www.mundoagropecuario.cl\/new\/wp-content\/uploads\/2025\/03\/Plantilla-estandar-mundo-acuicola-6-scaled.jpg","keywords":["Carne Bovina Los Lagos.","comercializaci\u00f3n de carne bovina","Corfo Los Lagos","industria c\u00e1rnica regional","innovaci\u00f3n en ganader\u00eda","producci\u00f3n ganadera Chile","PTI de la Carne Bovina Los Lagos"],"articleSection":["Ganader\u00eda"],"inLanguage":"es"},{"@type":"WebPage","@id":"https:\/\/www.mundoagropecuario.cl\/new\/pti-de-la-carne-bovina-refuerza-su-impacto-en-los-lagos-con-nueva-hoja-de-ruta\/","url":"https:\/\/www.mundoagropecuario.cl\/new\/pti-de-la-carne-bovina-refuerza-su-impacto-en-los-lagos-con-nueva-hoja-de-ruta\/","name":"PTI de la Carne Bovina refuerza su impacto en Los Lagos con nueva hoja de ruta - Mundoagropecuario","isPartOf":{"@id":"https:\/\/www.mundoagropecuario.cl\/new\/#website"},"primaryImageOfPage":{"@id":"https:\/\/www.mundoagropecuario.cl\/new\/pti-de-la-carne-bovina-refuerza-su-impacto-en-los-lagos-con-nueva-hoja-de-ruta\/#primaryimage"},"image":{"@id":"https:\/\/www.mundoagropecuario.cl\/new\/pti-de-la-carne-bovina-refuerza-su-impacto-en-los-lagos-con-nueva-hoja-de-ruta\/#primaryimage"},"thumbnailUrl":"https:\/\/www.mundoagropecuario.cl\/new\/wp-content\/uploads\/2025\/03\/Plantilla-estandar-mundo-acuicola-6-scaled.jpg","datePublished":"2025-03-07T13:35:35+00:00","dateModified":"2025-03-10T21:08:06+00:00","description":"La organizaci\u00f3n proyecta su tercer ciclo con estrategias para fortalecer la ganader\u00eda y la comercializaci\u00f3n en la regi\u00f3n.","breadcrumb":{"@id":"https:\/\/www.mundoagropecuario.cl\/new\/pti-de-la-carne-bovina-refuerza-su-impacto-en-los-lagos-con-nueva-hoja-de-ruta\/#breadcrumb"},"inLanguage":"es","potentialAction":[{"@type":"ReadAction","target":["https:\/\/www.mundoagropecuario.cl\/new\/pti-de-la-carne-bovina-refuerza-su-impacto-en-los-lagos-con-nueva-hoja-de-ruta\/"]}]},{"@type":"ImageObject","inLanguage":"es","@id":"https:\/\/www.mundoagropecuario.cl\/new\/pti-de-la-carne-bovina-refuerza-su-impacto-en-los-lagos-con-nueva-hoja-de-ruta\/#primaryimage","url":"https:\/\/www.mundoagropecuario.cl\/new\/wp-content\/uploads\/2025\/03\/Plantilla-estandar-mundo-acuicola-6-scaled.jpg","contentUrl":"https:\/\/www.mundoagropecuario.cl\/new\/wp-content\/uploads\/2025\/03\/Plantilla-estandar-mundo-acuicola-6-scaled.jpg","width":720,"height":384},{"@type":"BreadcrumbList","@id":"https:\/\/www.mundoagropecuario.cl\/new\/pti-de-la-carne-bovina-refuerza-su-impacto-en-los-lagos-con-nueva-hoja-de-ruta\/#breadcrumb","itemListElement":[{"@type":"ListItem","position":1,"name":"Portada","item":"https:\/\/www.mundoagropecuario.cl\/new\/"},{"@type":"ListItem","position":2,"name":"PTI de la Carne Bovina refuerza su impacto en Los Lagos con nueva hoja de ruta"}]},{"@type":"WebSite","@id":"https:\/\/www.mundoagropecuario.cl\/new\/#website","url":"https:\/\/www.mundoagropecuario.cl\/new\/","name":"Mundoagropecuario","description":"Mundo Agropecuario","publisher":{"@id":"https:\/\/www.mundoagropecuario.cl\/new\/#organization"},"potentialAction":[{"@type":"SearchAction","target":{"@type":"EntryPoint","urlTemplate":"https:\/\/www.mundoagropecuario.cl\/new\/?s={search_term_string}"},"query-input":{"@type":"PropertyValueSpecification","valueRequired":true,"valueName":"search_term_string"}}],"inLanguage":"es"},{"@type":"Organization","@id":"https:\/\/www.mundoagropecuario.cl\/new\/#organization","name":"Revista de Agricultura","url":"https:\/\/www.mundoagropecuario.cl\/new\/","logo":{"@type":"ImageObject","inLanguage":"es","@id":"https:\/\/www.mundoagropecuario.cl\/new\/#\/schema\/logo\/image\/","url":"https:\/\/www.mundoagropecuario.cl\/new\/wp-content\/uploads\/2020\/11\/PORTAL-1-1.png","contentUrl":"https:\/\/www.mundoagropecuario.cl\/new\/wp-content\/uploads\/2020\/11\/PORTAL-1-1.png","width":1026,"height":100,"caption":"Revista de Agricultura"},"image":{"@id":"https:\/\/www.mundoagropecuario.cl\/new\/#\/schema\/logo\/image\/"},"sameAs":["https:\/\/www.facebook.com\/mundo.agropecuario.3","https:\/\/x.com\/MundoAgropecuar","https:\/\/www.linkedin.com\/in\/mundo-agropecuario-934009201\/"]},{"@type":"Person","@id":"https:\/\/www.mundoagropecuario.cl\/new\/#\/schema\/person\/4e9f74a82a7dac260eb1c44b7eebeb18","name":"mundo","url":"https:\/\/www.mundoagropecuario.cl\/new\/author\/mundo\/"}]}},"_links":{"self":[{"href":"https:\/\/www.mundoagropecuario.cl\/new\/wp-json\/wp\/v2\/posts\/26564","targetHints":{"allow":["GET"]}}],"collection":[{"href":"https:\/\/www.mundoagropecuario.cl\/new\/wp-json\/wp\/v2\/posts"}],"about":[{"href":"https:\/\/www.mundoagropecuario.cl\/new\/wp-json\/wp\/v2\/types\/post"}],"author":[{"embeddable":true,"href":"https:\/\/www.mundoagropecuario.cl\/new\/wp-json\/wp\/v2\/users\/2"}],"replies":[{"embeddable":true,"href":"https:\/\/www.mundoagropecuario.cl\/new\/wp-json\/wp\/v2\/comments?post=26564"}],"version-history":[{"count":1,"href":"https:\/\/www.mundoagropecuario.cl\/new\/wp-json\/wp\/v2\/posts\/26564\/revisions"}],"predecessor-version":[{"id":26566,"href":"https:\/\/www.mundoagropecuario.cl\/new\/wp-json\/wp\/v2\/posts\/26564\/revisions\/26566"}],"wp:featuredmedia":[{"embeddable":true,"href":"https:\/\/www.mundoagropecuario.cl\/new\/wp-json\/wp\/v2\/media\/26565"}],"wp:attachment":[{"href":"https:\/\/www.mundoagropecuario.cl\/new\/wp-json\/wp\/v2\/media?parent=26564"}],"wp:term":[{"taxonomy":"category","embeddable":true,"href":"https:\/\/www.mundoagropecuario.cl\/new\/wp-json\/wp\/v2\/categories?post=26564"},{"taxonomy":"post_tag","embeddable":true,"href":"https:\/\/www.mundoagropecuario.cl\/new\/wp-json\/wp\/v2\/tags?post=26564"}],"curies":[{"name":"wp","href":"https:\/\/api.w.org\/{rel}","templated":true}]}}