{"id":26544,"date":"2025-02-27T13:16:02","date_gmt":"2025-02-27T16:16:02","guid":{"rendered":"https:\/\/www.mundoagropecuario.cl\/new\/?p=26544"},"modified":"2025-04-02T10:34:55","modified_gmt":"2025-04-02T13:34:55","slug":"aumentan-los-casos-de-abigeato-en-los-lagos-se-concentran-en-provincia-de-osorno","status":"publish","type":"post","link":"https:\/\/www.mundoagropecuario.cl\/new\/aumentan-los-casos-de-abigeato-en-los-lagos-se-concentran-en-provincia-de-osorno\/","title":{"rendered":"Aumentan los casos de abigeato en Los Lagos: Se concentran en provincia de Osorno"},"content":{"rendered":"<div dir=\"ltr\">\n<div class=\"gmail_quote\">\n<div dir=\"ltr\">\n<p>Ante los resultados de un nuevo aumento de la comisi\u00f3n del delito de abigeato en la Regi\u00f3n de Los Lagos durante el a\u00f1o 2024, la ONG Campo Seguro realiz\u00f3 un llamado de alerta a los organismos pertinentes en torno a su prevenci\u00f3n, persecuci\u00f3n y penalizaci\u00f3n. La Regi\u00f3n de Los Lagos present\u00f3 un aumento de un 17% durante el a\u00f1o 2024, respecto al a\u00f1o 2023, siendo particularmente alarmante el aumento del 26% en la Provincia de Osorno, con un alto impacto en las comunas de Purranque con un 125% de incremento, San Pablo y R\u00edo Negro con un 88% y en la provincia de Llanquihue, Puerto Varas, con un aumento del 129%. Por otro lado, se presentaron disminuciones importantes en Llanquihue con un 36%, Frutillar con un 33% y Puyehue con un 7%.<\/p>\n<p>El gerente y vocero de la organizaci\u00f3n no gubernamental, Francisco Mu\u00f1oz, sostuvo que \u201cLos organismos que act\u00faan sobre este delito, desde el aspecto preventivo, de persecuci\u00f3n penal y de fiscalizaciones de transporte, comercializaci\u00f3n y normas sanitarias, no deben abocarse s\u00f3lo en Fiestas Patrias en sus esfuerzos y coordinaci\u00f3n, debido a que las cifras demuestran que el delito se comete durante todo el a\u00f1o en forma estable y que, adem\u00e1s, es probable que exista una importante cifra negra de casos no denunciados debido a las bajas expectativas de persecuci\u00f3n penal\u201d.<\/p>\n<h3>Medidas<\/h3>\n<p>La ONG Campo Seguro manifest\u00f3 su preocupaci\u00f3n, particularmente en las comunas con aumentos explosivos de los casos en este delito, se\u00f1alando que, a su vez, se ha trabajado en el fortalecimiento de las Juntas de Vigilancia Rurales en comunas como Puyehue y Fresia; capacitando a productores pecuarios respecto a medidas de prevenci\u00f3n y denuncia, la que es relevante para la disposici\u00f3n de recursos policiales; presentaci\u00f3n de querellas ante imputados conocidos; junto con el apalancamiento de recursos para la instalaci\u00f3n de medios tecnol\u00f3gicos, que permitan disuadir y perseguir la comisi\u00f3n de este delito.<\/p>\n<p>Mu\u00f1oz sostiene que \u201cson de especial inter\u00e9s la calificaci\u00f3n de delito foco por parte del Ministerio P\u00fablico en la investigaci\u00f3n y persecuci\u00f3n de estas verdaderas mafias; y especialmente la pronta actualizaci\u00f3n de la Ley Antiabigeato, que se mantiene durante meses en la Comisi\u00f3n de Constituci\u00f3n del Senado y sin que el Gobierno califique urgencia, a pesar de la solicitud formal presentada a mediados del a\u00f1o 2024, resultando contradictorio que la Ley de Robo de Madera presente mejores herramientas de persecuci\u00f3n penal que este delito\u201d.<\/p>\n<\/div>\n<\/div>\n<\/div>\n","protected":false},"excerpt":{"rendered":"<p>La ONG Campo Seguro llam\u00f3 a los organismos del Estado a focalizar los esfuerzos en las comunas m\u00e1s afectadas.<\/p>\n","protected":false},"author":2,"featured_media":26545,"comment_status":"closed","ping_status":"closed","sticky":false,"template":"","format":"standard","meta":{"footnotes":""},"categories":[1944],"tags":[2226,3127,2187,9691,9431,563],"class_list":["post-26544","post","type-post","status-publish","format-standard","has-post-thumbnail","hentry","category-ganaderia","tag-abigeato","tag-agro","tag-ganaderia","tag-ley-antiabigeato","tag-ong-campo-seguro","tag-region-de-los-lagos"],"yoast_head":"<!-- This site is optimized with the Yoast SEO plugin v26.6 - https:\/\/yoast.com\/wordpress\/plugins\/seo\/ -->\n<title>Aumentan los casos de abigeato en Los Lagos: Se concentran en provincia de Osorno - Mundoagropecuario<\/title>\n<meta name=\"description\" content=\"La ONG Campo Seguro llam\u00f3 a los organismos del Estado a focalizar los esfuerzos en las comunas m\u00e1s afectadas.\" \/>\n<meta name=\"robots\" content=\"index, follow, max-snippet:-1, max-image-preview:large, max-video-preview:-1\" \/>\n<link rel=\"canonical\" href=\"https:\/\/www.mundoagropecuario.cl\/new\/aumentan-los-casos-de-abigeato-en-los-lagos-se-concentran-en-provincia-de-osorno\/\" \/>\n<meta property=\"og:locale\" content=\"es_ES\" \/>\n<meta property=\"og:type\" content=\"article\" \/>\n<meta property=\"og:title\" content=\"Aumentan los casos de abigeato en Los Lagos: Se concentran en provincia de Osorno - Mundoagropecuario\" \/>\n<meta property=\"og:description\" content=\"La ONG Campo Seguro llam\u00f3 a los organismos del Estado a focalizar los esfuerzos en las comunas m\u00e1s afectadas.\" \/>\n<meta property=\"og:url\" content=\"https:\/\/www.mundoagropecuario.cl\/new\/aumentan-los-casos-de-abigeato-en-los-lagos-se-concentran-en-provincia-de-osorno\/\" \/>\n<meta property=\"og:site_name\" content=\"Mundoagropecuario\" \/>\n<meta property=\"article:publisher\" content=\"https:\/\/www.facebook.com\/mundo.agropecuario.3\" \/>\n<meta property=\"article:published_time\" content=\"2025-02-27T16:16:02+00:00\" \/>\n<meta property=\"article:modified_time\" content=\"2025-04-02T13:34:55+00:00\" \/>\n<meta property=\"og:image\" content=\"https:\/\/www.mundoagropecuario.cl\/new\/wp-content\/uploads\/2025\/02\/Plantilla-estandar-mundo-acuicola-2025-02-27T131044.405-scaled.jpg\" \/>\n\t<meta property=\"og:image:width\" content=\"720\" \/>\n\t<meta property=\"og:image:height\" content=\"384\" \/>\n\t<meta property=\"og:image:type\" content=\"image\/jpeg\" \/>\n<meta name=\"author\" content=\"mundo\" \/>\n<meta name=\"twitter:card\" content=\"summary_large_image\" \/>\n<meta name=\"twitter:creator\" content=\"@MundoAgropecuar\" \/>\n<meta name=\"twitter:site\" content=\"@MundoAgropecuar\" \/>\n<meta name=\"twitter:label1\" content=\"Escrito por\" \/>\n\t<meta name=\"twitter:data1\" content=\"mundo\" \/>\n\t<meta name=\"twitter:label2\" content=\"Tiempo de lectura\" \/>\n\t<meta name=\"twitter:data2\" content=\"3 minutos\" \/>\n<script type=\"application\/ld+json\" class=\"yoast-schema-graph\">{\"@context\":\"https:\/\/schema.org\",\"@graph\":[{\"@type\":\"Article\",\"@id\":\"https:\/\/www.mundoagropecuario.cl\/new\/aumentan-los-casos-de-abigeato-en-los-lagos-se-concentran-en-provincia-de-osorno\/#article\",\"isPartOf\":{\"@id\":\"https:\/\/www.mundoagropecuario.cl\/new\/aumentan-los-casos-de-abigeato-en-los-lagos-se-concentran-en-provincia-de-osorno\/\"},\"author\":{\"name\":\"mundo\",\"@id\":\"https:\/\/www.mundoagropecuario.cl\/new\/#\/schema\/person\/4e9f74a82a7dac260eb1c44b7eebeb18\"},\"headline\":\"Aumentan los casos de abigeato en Los Lagos: Se concentran en provincia de Osorno\",\"datePublished\":\"2025-02-27T16:16:02+00:00\",\"dateModified\":\"2025-04-02T13:34:55+00:00\",\"mainEntityOfPage\":{\"@id\":\"https:\/\/www.mundoagropecuario.cl\/new\/aumentan-los-casos-de-abigeato-en-los-lagos-se-concentran-en-provincia-de-osorno\/\"},\"wordCount\":439,\"publisher\":{\"@id\":\"https:\/\/www.mundoagropecuario.cl\/new\/#organization\"},\"image\":{\"@id\":\"https:\/\/www.mundoagropecuario.cl\/new\/aumentan-los-casos-de-abigeato-en-los-lagos-se-concentran-en-provincia-de-osorno\/#primaryimage\"},\"thumbnailUrl\":\"https:\/\/www.mundoagropecuario.cl\/new\/wp-content\/uploads\/2025\/02\/Plantilla-estandar-mundo-acuicola-2025-02-27T131044.405-scaled.jpg\",\"keywords\":[\"Abigeato\",\"Agro\",\"Ganader\u00eda\",\"Ley Antiabigeato\",\"ONG Campo Seguro\",\"Regi\u00f3n de Los Lagos\"],\"articleSection\":[\"Ganader\u00eda\"],\"inLanguage\":\"es\"},{\"@type\":\"WebPage\",\"@id\":\"https:\/\/www.mundoagropecuario.cl\/new\/aumentan-los-casos-de-abigeato-en-los-lagos-se-concentran-en-provincia-de-osorno\/\",\"url\":\"https:\/\/www.mundoagropecuario.cl\/new\/aumentan-los-casos-de-abigeato-en-los-lagos-se-concentran-en-provincia-de-osorno\/\",\"name\":\"Aumentan los casos de abigeato en Los Lagos: Se concentran en provincia de Osorno - Mundoagropecuario\",\"isPartOf\":{\"@id\":\"https:\/\/www.mundoagropecuario.cl\/new\/#website\"},\"primaryImageOfPage\":{\"@id\":\"https:\/\/www.mundoagropecuario.cl\/new\/aumentan-los-casos-de-abigeato-en-los-lagos-se-concentran-en-provincia-de-osorno\/#primaryimage\"},\"image\":{\"@id\":\"https:\/\/www.mundoagropecuario.cl\/new\/aumentan-los-casos-de-abigeato-en-los-lagos-se-concentran-en-provincia-de-osorno\/#primaryimage\"},\"thumbnailUrl\":\"https:\/\/www.mundoagropecuario.cl\/new\/wp-content\/uploads\/2025\/02\/Plantilla-estandar-mundo-acuicola-2025-02-27T131044.405-scaled.jpg\",\"datePublished\":\"2025-02-27T16:16:02+00:00\",\"dateModified\":\"2025-04-02T13:34:55+00:00\",\"description\":\"La ONG Campo Seguro llam\u00f3 a los organismos del Estado a focalizar los esfuerzos en las comunas m\u00e1s afectadas.\",\"breadcrumb\":{\"@id\":\"https:\/\/www.mundoagropecuario.cl\/new\/aumentan-los-casos-de-abigeato-en-los-lagos-se-concentran-en-provincia-de-osorno\/#breadcrumb\"},\"inLanguage\":\"es\",\"potentialAction\":[{\"@type\":\"ReadAction\",\"target\":[\"https:\/\/www.mundoagropecuario.cl\/new\/aumentan-los-casos-de-abigeato-en-los-lagos-se-concentran-en-provincia-de-osorno\/\"]}]},{\"@type\":\"ImageObject\",\"inLanguage\":\"es\",\"@id\":\"https:\/\/www.mundoagropecuario.cl\/new\/aumentan-los-casos-de-abigeato-en-los-lagos-se-concentran-en-provincia-de-osorno\/#primaryimage\",\"url\":\"https:\/\/www.mundoagropecuario.cl\/new\/wp-content\/uploads\/2025\/02\/Plantilla-estandar-mundo-acuicola-2025-02-27T131044.405-scaled.jpg\",\"contentUrl\":\"https:\/\/www.mundoagropecuario.cl\/new\/wp-content\/uploads\/2025\/02\/Plantilla-estandar-mundo-acuicola-2025-02-27T131044.405-scaled.jpg\",\"width\":720,\"height\":384},{\"@type\":\"BreadcrumbList\",\"@id\":\"https:\/\/www.mundoagropecuario.cl\/new\/aumentan-los-casos-de-abigeato-en-los-lagos-se-concentran-en-provincia-de-osorno\/#breadcrumb\",\"itemListElement\":[{\"@type\":\"ListItem\",\"position\":1,\"name\":\"Portada\",\"item\":\"https:\/\/www.mundoagropecuario.cl\/new\/\"},{\"@type\":\"ListItem\",\"position\":2,\"name\":\"Aumentan los casos de abigeato en Los Lagos: Se concentran en provincia de Osorno\"}]},{\"@type\":\"WebSite\",\"@id\":\"https:\/\/www.mundoagropecuario.cl\/new\/#website\",\"url\":\"https:\/\/www.mundoagropecuario.cl\/new\/\",\"name\":\"Mundoagropecuario\",\"description\":\"Mundo Agropecuario\",\"publisher\":{\"@id\":\"https:\/\/www.mundoagropecuario.cl\/new\/#organization\"},\"potentialAction\":[{\"@type\":\"SearchAction\",\"target\":{\"@type\":\"EntryPoint\",\"urlTemplate\":\"https:\/\/www.mundoagropecuario.cl\/new\/?s={search_term_string}\"},\"query-input\":{\"@type\":\"PropertyValueSpecification\",\"valueRequired\":true,\"valueName\":\"search_term_string\"}}],\"inLanguage\":\"es\"},{\"@type\":\"Organization\",\"@id\":\"https:\/\/www.mundoagropecuario.cl\/new\/#organization\",\"name\":\"Revista de Agricultura\",\"url\":\"https:\/\/www.mundoagropecuario.cl\/new\/\",\"logo\":{\"@type\":\"ImageObject\",\"inLanguage\":\"es\",\"@id\":\"https:\/\/www.mundoagropecuario.cl\/new\/#\/schema\/logo\/image\/\",\"url\":\"https:\/\/www.mundoagropecuario.cl\/new\/wp-content\/uploads\/2020\/11\/PORTAL-1-1.png\",\"contentUrl\":\"https:\/\/www.mundoagropecuario.cl\/new\/wp-content\/uploads\/2020\/11\/PORTAL-1-1.png\",\"width\":1026,\"height\":100,\"caption\":\"Revista de Agricultura\"},\"image\":{\"@id\":\"https:\/\/www.mundoagropecuario.cl\/new\/#\/schema\/logo\/image\/\"},\"sameAs\":[\"https:\/\/www.facebook.com\/mundo.agropecuario.3\",\"https:\/\/x.com\/MundoAgropecuar\",\"https:\/\/www.linkedin.com\/in\/mundo-agropecuario-934009201\/\"]},{\"@type\":\"Person\",\"@id\":\"https:\/\/www.mundoagropecuario.cl\/new\/#\/schema\/person\/4e9f74a82a7dac260eb1c44b7eebeb18\",\"name\":\"mundo\",\"url\":\"https:\/\/www.mundoagropecuario.cl\/new\/author\/mundo\/\"}]}<\/script>\n<!-- \/ Yoast SEO plugin. -->","yoast_head_json":{"title":"Aumentan los casos de abigeato en Los Lagos: Se concentran en provincia de Osorno - Mundoagropecuario","description":"La ONG Campo Seguro llam\u00f3 a los organismos del Estado a focalizar los esfuerzos en las comunas m\u00e1s afectadas.","robots":{"index":"index","follow":"follow","max-snippet":"max-snippet:-1","max-image-preview":"max-image-preview:large","max-video-preview":"max-video-preview:-1"},"canonical":"https:\/\/www.mundoagropecuario.cl\/new\/aumentan-los-casos-de-abigeato-en-los-lagos-se-concentran-en-provincia-de-osorno\/","og_locale":"es_ES","og_type":"article","og_title":"Aumentan los casos de abigeato en Los Lagos: Se concentran en provincia de Osorno - Mundoagropecuario","og_description":"La ONG Campo Seguro llam\u00f3 a los organismos del Estado a focalizar los esfuerzos en las comunas m\u00e1s afectadas.","og_url":"https:\/\/www.mundoagropecuario.cl\/new\/aumentan-los-casos-de-abigeato-en-los-lagos-se-concentran-en-provincia-de-osorno\/","og_site_name":"Mundoagropecuario","article_publisher":"https:\/\/www.facebook.com\/mundo.agropecuario.3","article_published_time":"2025-02-27T16:16:02+00:00","article_modified_time":"2025-04-02T13:34:55+00:00","og_image":[{"width":720,"height":384,"url":"https:\/\/www.mundoagropecuario.cl\/new\/wp-content\/uploads\/2025\/02\/Plantilla-estandar-mundo-acuicola-2025-02-27T131044.405-scaled.jpg","type":"image\/jpeg"}],"author":"mundo","twitter_card":"summary_large_image","twitter_creator":"@MundoAgropecuar","twitter_site":"@MundoAgropecuar","twitter_misc":{"Escrito por":"mundo","Tiempo de lectura":"3 minutos"},"schema":{"@context":"https:\/\/schema.org","@graph":[{"@type":"Article","@id":"https:\/\/www.mundoagropecuario.cl\/new\/aumentan-los-casos-de-abigeato-en-los-lagos-se-concentran-en-provincia-de-osorno\/#article","isPartOf":{"@id":"https:\/\/www.mundoagropecuario.cl\/new\/aumentan-los-casos-de-abigeato-en-los-lagos-se-concentran-en-provincia-de-osorno\/"},"author":{"name":"mundo","@id":"https:\/\/www.mundoagropecuario.cl\/new\/#\/schema\/person\/4e9f74a82a7dac260eb1c44b7eebeb18"},"headline":"Aumentan los casos de abigeato en Los Lagos: Se concentran en provincia de Osorno","datePublished":"2025-02-27T16:16:02+00:00","dateModified":"2025-04-02T13:34:55+00:00","mainEntityOfPage":{"@id":"https:\/\/www.mundoagropecuario.cl\/new\/aumentan-los-casos-de-abigeato-en-los-lagos-se-concentran-en-provincia-de-osorno\/"},"wordCount":439,"publisher":{"@id":"https:\/\/www.mundoagropecuario.cl\/new\/#organization"},"image":{"@id":"https:\/\/www.mundoagropecuario.cl\/new\/aumentan-los-casos-de-abigeato-en-los-lagos-se-concentran-en-provincia-de-osorno\/#primaryimage"},"thumbnailUrl":"https:\/\/www.mundoagropecuario.cl\/new\/wp-content\/uploads\/2025\/02\/Plantilla-estandar-mundo-acuicola-2025-02-27T131044.405-scaled.jpg","keywords":["Abigeato","Agro","Ganader\u00eda","Ley Antiabigeato","ONG Campo Seguro","Regi\u00f3n de Los Lagos"],"articleSection":["Ganader\u00eda"],"inLanguage":"es"},{"@type":"WebPage","@id":"https:\/\/www.mundoagropecuario.cl\/new\/aumentan-los-casos-de-abigeato-en-los-lagos-se-concentran-en-provincia-de-osorno\/","url":"https:\/\/www.mundoagropecuario.cl\/new\/aumentan-los-casos-de-abigeato-en-los-lagos-se-concentran-en-provincia-de-osorno\/","name":"Aumentan los casos de abigeato en Los Lagos: Se concentran en provincia de Osorno - Mundoagropecuario","isPartOf":{"@id":"https:\/\/www.mundoagropecuario.cl\/new\/#website"},"primaryImageOfPage":{"@id":"https:\/\/www.mundoagropecuario.cl\/new\/aumentan-los-casos-de-abigeato-en-los-lagos-se-concentran-en-provincia-de-osorno\/#primaryimage"},"image":{"@id":"https:\/\/www.mundoagropecuario.cl\/new\/aumentan-los-casos-de-abigeato-en-los-lagos-se-concentran-en-provincia-de-osorno\/#primaryimage"},"thumbnailUrl":"https:\/\/www.mundoagropecuario.cl\/new\/wp-content\/uploads\/2025\/02\/Plantilla-estandar-mundo-acuicola-2025-02-27T131044.405-scaled.jpg","datePublished":"2025-02-27T16:16:02+00:00","dateModified":"2025-04-02T13:34:55+00:00","description":"La ONG Campo Seguro llam\u00f3 a los organismos del Estado a focalizar los esfuerzos en las comunas m\u00e1s afectadas.","breadcrumb":{"@id":"https:\/\/www.mundoagropecuario.cl\/new\/aumentan-los-casos-de-abigeato-en-los-lagos-se-concentran-en-provincia-de-osorno\/#breadcrumb"},"inLanguage":"es","potentialAction":[{"@type":"ReadAction","target":["https:\/\/www.mundoagropecuario.cl\/new\/aumentan-los-casos-de-abigeato-en-los-lagos-se-concentran-en-provincia-de-osorno\/"]}]},{"@type":"ImageObject","inLanguage":"es","@id":"https:\/\/www.mundoagropecuario.cl\/new\/aumentan-los-casos-de-abigeato-en-los-lagos-se-concentran-en-provincia-de-osorno\/#primaryimage","url":"https:\/\/www.mundoagropecuario.cl\/new\/wp-content\/uploads\/2025\/02\/Plantilla-estandar-mundo-acuicola-2025-02-27T131044.405-scaled.jpg","contentUrl":"https:\/\/www.mundoagropecuario.cl\/new\/wp-content\/uploads\/2025\/02\/Plantilla-estandar-mundo-acuicola-2025-02-27T131044.405-scaled.jpg","width":720,"height":384},{"@type":"BreadcrumbList","@id":"https:\/\/www.mundoagropecuario.cl\/new\/aumentan-los-casos-de-abigeato-en-los-lagos-se-concentran-en-provincia-de-osorno\/#breadcrumb","itemListElement":[{"@type":"ListItem","position":1,"name":"Portada","item":"https:\/\/www.mundoagropecuario.cl\/new\/"},{"@type":"ListItem","position":2,"name":"Aumentan los casos de abigeato en Los Lagos: Se concentran en provincia de Osorno"}]},{"@type":"WebSite","@id":"https:\/\/www.mundoagropecuario.cl\/new\/#website","url":"https:\/\/www.mundoagropecuario.cl\/new\/","name":"Mundoagropecuario","description":"Mundo Agropecuario","publisher":{"@id":"https:\/\/www.mundoagropecuario.cl\/new\/#organization"},"potentialAction":[{"@type":"SearchAction","target":{"@type":"EntryPoint","urlTemplate":"https:\/\/www.mundoagropecuario.cl\/new\/?s={search_term_string}"},"query-input":{"@type":"PropertyValueSpecification","valueRequired":true,"valueName":"search_term_string"}}],"inLanguage":"es"},{"@type":"Organization","@id":"https:\/\/www.mundoagropecuario.cl\/new\/#organization","name":"Revista de Agricultura","url":"https:\/\/www.mundoagropecuario.cl\/new\/","logo":{"@type":"ImageObject","inLanguage":"es","@id":"https:\/\/www.mundoagropecuario.cl\/new\/#\/schema\/logo\/image\/","url":"https:\/\/www.mundoagropecuario.cl\/new\/wp-content\/uploads\/2020\/11\/PORTAL-1-1.png","contentUrl":"https:\/\/www.mundoagropecuario.cl\/new\/wp-content\/uploads\/2020\/11\/PORTAL-1-1.png","width":1026,"height":100,"caption":"Revista de Agricultura"},"image":{"@id":"https:\/\/www.mundoagropecuario.cl\/new\/#\/schema\/logo\/image\/"},"sameAs":["https:\/\/www.facebook.com\/mundo.agropecuario.3","https:\/\/x.com\/MundoAgropecuar","https:\/\/www.linkedin.com\/in\/mundo-agropecuario-934009201\/"]},{"@type":"Person","@id":"https:\/\/www.mundoagropecuario.cl\/new\/#\/schema\/person\/4e9f74a82a7dac260eb1c44b7eebeb18","name":"mundo","url":"https:\/\/www.mundoagropecuario.cl\/new\/author\/mundo\/"}]}},"_links":{"self":[{"href":"https:\/\/www.mundoagropecuario.cl\/new\/wp-json\/wp\/v2\/posts\/26544","targetHints":{"allow":["GET"]}}],"collection":[{"href":"https:\/\/www.mundoagropecuario.cl\/new\/wp-json\/wp\/v2\/posts"}],"about":[{"href":"https:\/\/www.mundoagropecuario.cl\/new\/wp-json\/wp\/v2\/types\/post"}],"author":[{"embeddable":true,"href":"https:\/\/www.mundoagropecuario.cl\/new\/wp-json\/wp\/v2\/users\/2"}],"replies":[{"embeddable":true,"href":"https:\/\/www.mundoagropecuario.cl\/new\/wp-json\/wp\/v2\/comments?post=26544"}],"version-history":[{"count":2,"href":"https:\/\/www.mundoagropecuario.cl\/new\/wp-json\/wp\/v2\/posts\/26544\/revisions"}],"predecessor-version":[{"id":26547,"href":"https:\/\/www.mundoagropecuario.cl\/new\/wp-json\/wp\/v2\/posts\/26544\/revisions\/26547"}],"wp:featuredmedia":[{"embeddable":true,"href":"https:\/\/www.mundoagropecuario.cl\/new\/wp-json\/wp\/v2\/media\/26545"}],"wp:attachment":[{"href":"https:\/\/www.mundoagropecuario.cl\/new\/wp-json\/wp\/v2\/media?parent=26544"}],"wp:term":[{"taxonomy":"category","embeddable":true,"href":"https:\/\/www.mundoagropecuario.cl\/new\/wp-json\/wp\/v2\/categories?post=26544"},{"taxonomy":"post_tag","embeddable":true,"href":"https:\/\/www.mundoagropecuario.cl\/new\/wp-json\/wp\/v2\/tags?post=26544"}],"curies":[{"name":"wp","href":"https:\/\/api.w.org\/{rel}","templated":true}]}}