{"id":26543,"date":"2025-02-27T13:34:55","date_gmt":"2025-02-27T16:34:55","guid":{"rendered":"https:\/\/www.mundoagropecuario.cl\/new\/?p=26543"},"modified":"2025-03-06T12:17:48","modified_gmt":"2025-03-06T15:17:48","slug":"la-araucania-ha-perdido-el-43-de-su-superficie-cultivada-de-trigo-en-10-anos","status":"publish","type":"post","link":"https:\/\/www.mundoagropecuario.cl\/new\/la-araucania-ha-perdido-el-43-de-su-superficie-cultivada-de-trigo-en-10-anos\/","title":{"rendered":"La Araucan\u00eda ha perdido el 43% de su superficie cultivada de trigo en 10 a\u00f1os"},"content":{"rendered":"<p data-start=\"236\" data-end=\"675\">La regi\u00f3n de La Araucan\u00eda, conocida hist\u00f3ricamente como el &#8220;granero de Chile&#8221; por su alta producci\u00f3n de trigo, ha experimentado una alarmante disminuci\u00f3n en la superficie cultivada de este cereal, perdiendo un 43% de las hect\u00e1reas destinadas a su cultivo en los \u00faltimos diez a\u00f1os. De acuerdo a datos de Agrosat y Cotrisa, m\u00e1s de 46.000 hect\u00e1reas han sido abandonadas desde 2014, impactando en la econom\u00eda agr\u00edcola local.<\/p>\n<p data-start=\"677\" data-end=\"1287\">En la temporada 2024-2025, se registr\u00f3 una nueva disminuci\u00f3n de 3.748 hect\u00e1reas, con solo 60.177 hect\u00e1reas sembradas, lo que refleja una tendencia a la baja en la producci\u00f3n de trigo. Esta ca\u00edda ha sido impulsada por diversos factores, entre los cuales se destacan los incendios forestales, que destruyeron grandes \u00e1reas de cultivo, la baja de los precios internacionales del trigo y el aumento de los costos de producci\u00f3n. La situaci\u00f3n se ve a\u00fan m\u00e1s complicada debido a la falta de rentabilidad para los productores, quienes se han visto forzados a migrar hacia cultivos m\u00e1s rentables, como la soja y el ma\u00edz.<\/p>\n<h3 data-start=\"677\" data-end=\"1287\">Crisis<\/h3>\n<p data-start=\"1289\" data-end=\"1796\">Sebasti\u00e1n Naveill\u00e1n, presidente del gremio de Agricultores de Malleco, enfatiz\u00f3 que La Araucan\u00eda es responsable de aproximadamente el 42% de la producci\u00f3n nacional de trigo, lo que resalta la magnitud de la crisis, no solo para los productores locales, sino tambi\u00e9n para la seguridad alimentaria del pa\u00eds. La ca\u00edda de la producci\u00f3n de trigo est\u00e1 afectando tanto a la industria agr\u00edcola como a otros sectores relacionados, como la panader\u00eda y la moliner\u00eda, que dependen de este cereal para su funcionamiento.<\/p>\n<p data-start=\"1798\" data-end=\"2345\">Ante esta crisis, los agricultores han solicitado al gobierno central la implementaci\u00f3n de medidas urgentes para mitigar los efectos de la baja producci\u00f3n. Entre las propuestas se encuentran la creaci\u00f3n de incentivos fiscales para los productores afectados, como cr\u00e9ditos a bajo inter\u00e9s, y la exenci\u00f3n de impuestos para aquellos que retomen el cultivo de trigo. Adem\u00e1s, se ha sugerido la creaci\u00f3n de un fondo espec\u00edfico destinado a la recuperaci\u00f3n de tierras da\u00f1adas por los incendios, con el fin de reactivar la producci\u00f3n en las zonas afectadas.<\/p>\n<p data-start=\"2347\" data-end=\"2982\">A nivel gubernamental, el Ministerio de Agricultura y el Instituto de Desarrollo Agropecuario (INDAP) han mostrado su disposici\u00f3n a colaborar con los agricultores para enfrentar la crisis. Sin embargo, algunos parlamentarios han se\u00f1alado que es necesario aumentar los recursos destinados al sector y agilizar las gestiones para implementar los apoyos solicitados por los gremios agr\u00edcolas. La situaci\u00f3n es urgente, ya que si no se toman medidas efectivas, la regi\u00f3n podr\u00eda seguir perdiendo terreno en la producci\u00f3n de trigo, lo que afectar\u00eda no solo la econom\u00eda local, sino tambi\u00e9n el abastecimiento nacional de este importante cereal.<\/p>\n","protected":false},"excerpt":{"rendered":"<p>Gremios agr\u00edcolas advierten sobre la necesidad de generar pol\u00edticas de incentivo que fortalezcan el agro para evitar profundizar el declive. <\/p>\n","protected":false},"author":2,"featured_media":26548,"comment_status":"closed","ping_status":"closed","sticky":false,"template":"","format":"standard","meta":{"footnotes":""},"categories":[1945],"tags":[9694,9692,1992,9579,2035,2328,9693,1186,2049],"class_list":["post-26543","post","type-post","status-publish","format-standard","has-post-thumbnail","hentry","category-agricultura","tag-agricultores-de-malleco","tag-crisis-del-agro","tag-indap","tag-instituto-de-desarrollo-agropecuario","tag-minagri","tag-ministerio-de-agricultura","tag-produccion-nacional-de-trigo","tag-region-de-la-araucania","tag-trigo"],"yoast_head":"<!-- This site is optimized with the Yoast SEO plugin v26.6 - https:\/\/yoast.com\/wordpress\/plugins\/seo\/ -->\n<title>La Araucan\u00eda ha perdido el 43% de su superficie cultivada de trigo en 10 a\u00f1os - Mundoagropecuario<\/title>\n<meta name=\"description\" content=\"Gremios agr\u00edcolas advierten sobre la necesidad de generar pol\u00edticas de incentivo que fortalezcan el agro para evitar profundizar el declive.\" \/>\n<meta name=\"robots\" content=\"index, follow, max-snippet:-1, max-image-preview:large, max-video-preview:-1\" \/>\n<link rel=\"canonical\" href=\"https:\/\/www.mundoagropecuario.cl\/new\/la-araucania-ha-perdido-el-43-de-su-superficie-cultivada-de-trigo-en-10-anos\/\" \/>\n<meta property=\"og:locale\" content=\"es_ES\" \/>\n<meta property=\"og:type\" content=\"article\" \/>\n<meta property=\"og:title\" content=\"La Araucan\u00eda ha perdido el 43% de su superficie cultivada de trigo en 10 a\u00f1os - Mundoagropecuario\" \/>\n<meta property=\"og:description\" content=\"Gremios agr\u00edcolas advierten sobre la necesidad de generar pol\u00edticas de incentivo que fortalezcan el agro para evitar profundizar el declive.\" \/>\n<meta property=\"og:url\" content=\"https:\/\/www.mundoagropecuario.cl\/new\/la-araucania-ha-perdido-el-43-de-su-superficie-cultivada-de-trigo-en-10-anos\/\" \/>\n<meta property=\"og:site_name\" content=\"Mundoagropecuario\" \/>\n<meta property=\"article:publisher\" content=\"https:\/\/www.facebook.com\/mundo.agropecuario.3\" \/>\n<meta property=\"article:published_time\" content=\"2025-02-27T16:34:55+00:00\" \/>\n<meta property=\"article:modified_time\" content=\"2025-03-06T15:17:48+00:00\" \/>\n<meta property=\"og:image\" content=\"https:\/\/www.mundoagropecuario.cl\/new\/wp-content\/uploads\/2025\/02\/Plantilla-estandar-mundo-acuicola-2025-02-27T132241.720-scaled.jpg\" \/>\n\t<meta property=\"og:image:width\" content=\"720\" \/>\n\t<meta property=\"og:image:height\" content=\"384\" \/>\n\t<meta property=\"og:image:type\" content=\"image\/jpeg\" \/>\n<meta name=\"author\" content=\"mundo\" \/>\n<meta name=\"twitter:card\" content=\"summary_large_image\" \/>\n<meta name=\"twitter:creator\" content=\"@MundoAgropecuar\" \/>\n<meta name=\"twitter:site\" content=\"@MundoAgropecuar\" \/>\n<meta name=\"twitter:label1\" content=\"Escrito por\" \/>\n\t<meta name=\"twitter:data1\" content=\"mundo\" \/>\n\t<meta name=\"twitter:label2\" content=\"Tiempo de lectura\" \/>\n\t<meta name=\"twitter:data2\" content=\"3 minutos\" \/>\n<script type=\"application\/ld+json\" class=\"yoast-schema-graph\">{\"@context\":\"https:\/\/schema.org\",\"@graph\":[{\"@type\":\"Article\",\"@id\":\"https:\/\/www.mundoagropecuario.cl\/new\/la-araucania-ha-perdido-el-43-de-su-superficie-cultivada-de-trigo-en-10-anos\/#article\",\"isPartOf\":{\"@id\":\"https:\/\/www.mundoagropecuario.cl\/new\/la-araucania-ha-perdido-el-43-de-su-superficie-cultivada-de-trigo-en-10-anos\/\"},\"author\":{\"name\":\"mundo\",\"@id\":\"https:\/\/www.mundoagropecuario.cl\/new\/#\/schema\/person\/4e9f74a82a7dac260eb1c44b7eebeb18\"},\"headline\":\"La Araucan\u00eda ha perdido el 43% de su superficie cultivada de trigo en 10 a\u00f1os\",\"datePublished\":\"2025-02-27T16:34:55+00:00\",\"dateModified\":\"2025-03-06T15:17:48+00:00\",\"mainEntityOfPage\":{\"@id\":\"https:\/\/www.mundoagropecuario.cl\/new\/la-araucania-ha-perdido-el-43-de-su-superficie-cultivada-de-trigo-en-10-anos\/\"},\"wordCount\":495,\"publisher\":{\"@id\":\"https:\/\/www.mundoagropecuario.cl\/new\/#organization\"},\"image\":{\"@id\":\"https:\/\/www.mundoagropecuario.cl\/new\/la-araucania-ha-perdido-el-43-de-su-superficie-cultivada-de-trigo-en-10-anos\/#primaryimage\"},\"thumbnailUrl\":\"https:\/\/www.mundoagropecuario.cl\/new\/wp-content\/uploads\/2025\/02\/Plantilla-estandar-mundo-acuicola-2025-02-27T132241.720-scaled.jpg\",\"keywords\":[\"Agricultores de Malleco\",\"crisis del agro\",\"Indap\",\"Instituto de Desarrollo Agropecuario\",\"Minagri\",\"Ministerio de Agricultura\",\"producci\u00f3n nacional de trigo\",\"Regi\u00f3n de la Araucan\u00eda\",\"Trigo\"],\"articleSection\":[\"Agricultura\"],\"inLanguage\":\"es\"},{\"@type\":\"WebPage\",\"@id\":\"https:\/\/www.mundoagropecuario.cl\/new\/la-araucania-ha-perdido-el-43-de-su-superficie-cultivada-de-trigo-en-10-anos\/\",\"url\":\"https:\/\/www.mundoagropecuario.cl\/new\/la-araucania-ha-perdido-el-43-de-su-superficie-cultivada-de-trigo-en-10-anos\/\",\"name\":\"La Araucan\u00eda ha perdido el 43% de su superficie cultivada de trigo en 10 a\u00f1os - Mundoagropecuario\",\"isPartOf\":{\"@id\":\"https:\/\/www.mundoagropecuario.cl\/new\/#website\"},\"primaryImageOfPage\":{\"@id\":\"https:\/\/www.mundoagropecuario.cl\/new\/la-araucania-ha-perdido-el-43-de-su-superficie-cultivada-de-trigo-en-10-anos\/#primaryimage\"},\"image\":{\"@id\":\"https:\/\/www.mundoagropecuario.cl\/new\/la-araucania-ha-perdido-el-43-de-su-superficie-cultivada-de-trigo-en-10-anos\/#primaryimage\"},\"thumbnailUrl\":\"https:\/\/www.mundoagropecuario.cl\/new\/wp-content\/uploads\/2025\/02\/Plantilla-estandar-mundo-acuicola-2025-02-27T132241.720-scaled.jpg\",\"datePublished\":\"2025-02-27T16:34:55+00:00\",\"dateModified\":\"2025-03-06T15:17:48+00:00\",\"description\":\"Gremios agr\u00edcolas advierten sobre la necesidad de generar pol\u00edticas de incentivo que fortalezcan el agro para evitar profundizar el declive.\",\"breadcrumb\":{\"@id\":\"https:\/\/www.mundoagropecuario.cl\/new\/la-araucania-ha-perdido-el-43-de-su-superficie-cultivada-de-trigo-en-10-anos\/#breadcrumb\"},\"inLanguage\":\"es\",\"potentialAction\":[{\"@type\":\"ReadAction\",\"target\":[\"https:\/\/www.mundoagropecuario.cl\/new\/la-araucania-ha-perdido-el-43-de-su-superficie-cultivada-de-trigo-en-10-anos\/\"]}]},{\"@type\":\"ImageObject\",\"inLanguage\":\"es\",\"@id\":\"https:\/\/www.mundoagropecuario.cl\/new\/la-araucania-ha-perdido-el-43-de-su-superficie-cultivada-de-trigo-en-10-anos\/#primaryimage\",\"url\":\"https:\/\/www.mundoagropecuario.cl\/new\/wp-content\/uploads\/2025\/02\/Plantilla-estandar-mundo-acuicola-2025-02-27T132241.720-scaled.jpg\",\"contentUrl\":\"https:\/\/www.mundoagropecuario.cl\/new\/wp-content\/uploads\/2025\/02\/Plantilla-estandar-mundo-acuicola-2025-02-27T132241.720-scaled.jpg\",\"width\":720,\"height\":384},{\"@type\":\"BreadcrumbList\",\"@id\":\"https:\/\/www.mundoagropecuario.cl\/new\/la-araucania-ha-perdido-el-43-de-su-superficie-cultivada-de-trigo-en-10-anos\/#breadcrumb\",\"itemListElement\":[{\"@type\":\"ListItem\",\"position\":1,\"name\":\"Portada\",\"item\":\"https:\/\/www.mundoagropecuario.cl\/new\/\"},{\"@type\":\"ListItem\",\"position\":2,\"name\":\"La Araucan\u00eda ha perdido el 43% de su superficie cultivada de trigo en 10 a\u00f1os\"}]},{\"@type\":\"WebSite\",\"@id\":\"https:\/\/www.mundoagropecuario.cl\/new\/#website\",\"url\":\"https:\/\/www.mundoagropecuario.cl\/new\/\",\"name\":\"Mundoagropecuario\",\"description\":\"Mundo Agropecuario\",\"publisher\":{\"@id\":\"https:\/\/www.mundoagropecuario.cl\/new\/#organization\"},\"potentialAction\":[{\"@type\":\"SearchAction\",\"target\":{\"@type\":\"EntryPoint\",\"urlTemplate\":\"https:\/\/www.mundoagropecuario.cl\/new\/?s={search_term_string}\"},\"query-input\":{\"@type\":\"PropertyValueSpecification\",\"valueRequired\":true,\"valueName\":\"search_term_string\"}}],\"inLanguage\":\"es\"},{\"@type\":\"Organization\",\"@id\":\"https:\/\/www.mundoagropecuario.cl\/new\/#organization\",\"name\":\"Revista de Agricultura\",\"url\":\"https:\/\/www.mundoagropecuario.cl\/new\/\",\"logo\":{\"@type\":\"ImageObject\",\"inLanguage\":\"es\",\"@id\":\"https:\/\/www.mundoagropecuario.cl\/new\/#\/schema\/logo\/image\/\",\"url\":\"https:\/\/www.mundoagropecuario.cl\/new\/wp-content\/uploads\/2020\/11\/PORTAL-1-1.png\",\"contentUrl\":\"https:\/\/www.mundoagropecuario.cl\/new\/wp-content\/uploads\/2020\/11\/PORTAL-1-1.png\",\"width\":1026,\"height\":100,\"caption\":\"Revista de Agricultura\"},\"image\":{\"@id\":\"https:\/\/www.mundoagropecuario.cl\/new\/#\/schema\/logo\/image\/\"},\"sameAs\":[\"https:\/\/www.facebook.com\/mundo.agropecuario.3\",\"https:\/\/x.com\/MundoAgropecuar\",\"https:\/\/www.linkedin.com\/in\/mundo-agropecuario-934009201\/\"]},{\"@type\":\"Person\",\"@id\":\"https:\/\/www.mundoagropecuario.cl\/new\/#\/schema\/person\/4e9f74a82a7dac260eb1c44b7eebeb18\",\"name\":\"mundo\",\"url\":\"https:\/\/www.mundoagropecuario.cl\/new\/author\/mundo\/\"}]}<\/script>\n<!-- \/ Yoast SEO plugin. -->","yoast_head_json":{"title":"La Araucan\u00eda ha perdido el 43% de su superficie cultivada de trigo en 10 a\u00f1os - Mundoagropecuario","description":"Gremios agr\u00edcolas advierten sobre la necesidad de generar pol\u00edticas de incentivo que fortalezcan el agro para evitar profundizar el declive.","robots":{"index":"index","follow":"follow","max-snippet":"max-snippet:-1","max-image-preview":"max-image-preview:large","max-video-preview":"max-video-preview:-1"},"canonical":"https:\/\/www.mundoagropecuario.cl\/new\/la-araucania-ha-perdido-el-43-de-su-superficie-cultivada-de-trigo-en-10-anos\/","og_locale":"es_ES","og_type":"article","og_title":"La Araucan\u00eda ha perdido el 43% de su superficie cultivada de trigo en 10 a\u00f1os - Mundoagropecuario","og_description":"Gremios agr\u00edcolas advierten sobre la necesidad de generar pol\u00edticas de incentivo que fortalezcan el agro para evitar profundizar el declive.","og_url":"https:\/\/www.mundoagropecuario.cl\/new\/la-araucania-ha-perdido-el-43-de-su-superficie-cultivada-de-trigo-en-10-anos\/","og_site_name":"Mundoagropecuario","article_publisher":"https:\/\/www.facebook.com\/mundo.agropecuario.3","article_published_time":"2025-02-27T16:34:55+00:00","article_modified_time":"2025-03-06T15:17:48+00:00","og_image":[{"width":720,"height":384,"url":"https:\/\/www.mundoagropecuario.cl\/new\/wp-content\/uploads\/2025\/02\/Plantilla-estandar-mundo-acuicola-2025-02-27T132241.720-scaled.jpg","type":"image\/jpeg"}],"author":"mundo","twitter_card":"summary_large_image","twitter_creator":"@MundoAgropecuar","twitter_site":"@MundoAgropecuar","twitter_misc":{"Escrito por":"mundo","Tiempo de lectura":"3 minutos"},"schema":{"@context":"https:\/\/schema.org","@graph":[{"@type":"Article","@id":"https:\/\/www.mundoagropecuario.cl\/new\/la-araucania-ha-perdido-el-43-de-su-superficie-cultivada-de-trigo-en-10-anos\/#article","isPartOf":{"@id":"https:\/\/www.mundoagropecuario.cl\/new\/la-araucania-ha-perdido-el-43-de-su-superficie-cultivada-de-trigo-en-10-anos\/"},"author":{"name":"mundo","@id":"https:\/\/www.mundoagropecuario.cl\/new\/#\/schema\/person\/4e9f74a82a7dac260eb1c44b7eebeb18"},"headline":"La Araucan\u00eda ha perdido el 43% de su superficie cultivada de trigo en 10 a\u00f1os","datePublished":"2025-02-27T16:34:55+00:00","dateModified":"2025-03-06T15:17:48+00:00","mainEntityOfPage":{"@id":"https:\/\/www.mundoagropecuario.cl\/new\/la-araucania-ha-perdido-el-43-de-su-superficie-cultivada-de-trigo-en-10-anos\/"},"wordCount":495,"publisher":{"@id":"https:\/\/www.mundoagropecuario.cl\/new\/#organization"},"image":{"@id":"https:\/\/www.mundoagropecuario.cl\/new\/la-araucania-ha-perdido-el-43-de-su-superficie-cultivada-de-trigo-en-10-anos\/#primaryimage"},"thumbnailUrl":"https:\/\/www.mundoagropecuario.cl\/new\/wp-content\/uploads\/2025\/02\/Plantilla-estandar-mundo-acuicola-2025-02-27T132241.720-scaled.jpg","keywords":["Agricultores de Malleco","crisis del agro","Indap","Instituto de Desarrollo Agropecuario","Minagri","Ministerio de Agricultura","producci\u00f3n nacional de trigo","Regi\u00f3n de la Araucan\u00eda","Trigo"],"articleSection":["Agricultura"],"inLanguage":"es"},{"@type":"WebPage","@id":"https:\/\/www.mundoagropecuario.cl\/new\/la-araucania-ha-perdido-el-43-de-su-superficie-cultivada-de-trigo-en-10-anos\/","url":"https:\/\/www.mundoagropecuario.cl\/new\/la-araucania-ha-perdido-el-43-de-su-superficie-cultivada-de-trigo-en-10-anos\/","name":"La Araucan\u00eda ha perdido el 43% de su superficie cultivada de trigo en 10 a\u00f1os - Mundoagropecuario","isPartOf":{"@id":"https:\/\/www.mundoagropecuario.cl\/new\/#website"},"primaryImageOfPage":{"@id":"https:\/\/www.mundoagropecuario.cl\/new\/la-araucania-ha-perdido-el-43-de-su-superficie-cultivada-de-trigo-en-10-anos\/#primaryimage"},"image":{"@id":"https:\/\/www.mundoagropecuario.cl\/new\/la-araucania-ha-perdido-el-43-de-su-superficie-cultivada-de-trigo-en-10-anos\/#primaryimage"},"thumbnailUrl":"https:\/\/www.mundoagropecuario.cl\/new\/wp-content\/uploads\/2025\/02\/Plantilla-estandar-mundo-acuicola-2025-02-27T132241.720-scaled.jpg","datePublished":"2025-02-27T16:34:55+00:00","dateModified":"2025-03-06T15:17:48+00:00","description":"Gremios agr\u00edcolas advierten sobre la necesidad de generar pol\u00edticas de incentivo que fortalezcan el agro para evitar profundizar el declive.","breadcrumb":{"@id":"https:\/\/www.mundoagropecuario.cl\/new\/la-araucania-ha-perdido-el-43-de-su-superficie-cultivada-de-trigo-en-10-anos\/#breadcrumb"},"inLanguage":"es","potentialAction":[{"@type":"ReadAction","target":["https:\/\/www.mundoagropecuario.cl\/new\/la-araucania-ha-perdido-el-43-de-su-superficie-cultivada-de-trigo-en-10-anos\/"]}]},{"@type":"ImageObject","inLanguage":"es","@id":"https:\/\/www.mundoagropecuario.cl\/new\/la-araucania-ha-perdido-el-43-de-su-superficie-cultivada-de-trigo-en-10-anos\/#primaryimage","url":"https:\/\/www.mundoagropecuario.cl\/new\/wp-content\/uploads\/2025\/02\/Plantilla-estandar-mundo-acuicola-2025-02-27T132241.720-scaled.jpg","contentUrl":"https:\/\/www.mundoagropecuario.cl\/new\/wp-content\/uploads\/2025\/02\/Plantilla-estandar-mundo-acuicola-2025-02-27T132241.720-scaled.jpg","width":720,"height":384},{"@type":"BreadcrumbList","@id":"https:\/\/www.mundoagropecuario.cl\/new\/la-araucania-ha-perdido-el-43-de-su-superficie-cultivada-de-trigo-en-10-anos\/#breadcrumb","itemListElement":[{"@type":"ListItem","position":1,"name":"Portada","item":"https:\/\/www.mundoagropecuario.cl\/new\/"},{"@type":"ListItem","position":2,"name":"La Araucan\u00eda ha perdido el 43% de su superficie cultivada de trigo en 10 a\u00f1os"}]},{"@type":"WebSite","@id":"https:\/\/www.mundoagropecuario.cl\/new\/#website","url":"https:\/\/www.mundoagropecuario.cl\/new\/","name":"Mundoagropecuario","description":"Mundo Agropecuario","publisher":{"@id":"https:\/\/www.mundoagropecuario.cl\/new\/#organization"},"potentialAction":[{"@type":"SearchAction","target":{"@type":"EntryPoint","urlTemplate":"https:\/\/www.mundoagropecuario.cl\/new\/?s={search_term_string}"},"query-input":{"@type":"PropertyValueSpecification","valueRequired":true,"valueName":"search_term_string"}}],"inLanguage":"es"},{"@type":"Organization","@id":"https:\/\/www.mundoagropecuario.cl\/new\/#organization","name":"Revista de Agricultura","url":"https:\/\/www.mundoagropecuario.cl\/new\/","logo":{"@type":"ImageObject","inLanguage":"es","@id":"https:\/\/www.mundoagropecuario.cl\/new\/#\/schema\/logo\/image\/","url":"https:\/\/www.mundoagropecuario.cl\/new\/wp-content\/uploads\/2020\/11\/PORTAL-1-1.png","contentUrl":"https:\/\/www.mundoagropecuario.cl\/new\/wp-content\/uploads\/2020\/11\/PORTAL-1-1.png","width":1026,"height":100,"caption":"Revista de Agricultura"},"image":{"@id":"https:\/\/www.mundoagropecuario.cl\/new\/#\/schema\/logo\/image\/"},"sameAs":["https:\/\/www.facebook.com\/mundo.agropecuario.3","https:\/\/x.com\/MundoAgropecuar","https:\/\/www.linkedin.com\/in\/mundo-agropecuario-934009201\/"]},{"@type":"Person","@id":"https:\/\/www.mundoagropecuario.cl\/new\/#\/schema\/person\/4e9f74a82a7dac260eb1c44b7eebeb18","name":"mundo","url":"https:\/\/www.mundoagropecuario.cl\/new\/author\/mundo\/"}]}},"_links":{"self":[{"href":"https:\/\/www.mundoagropecuario.cl\/new\/wp-json\/wp\/v2\/posts\/26543","targetHints":{"allow":["GET"]}}],"collection":[{"href":"https:\/\/www.mundoagropecuario.cl\/new\/wp-json\/wp\/v2\/posts"}],"about":[{"href":"https:\/\/www.mundoagropecuario.cl\/new\/wp-json\/wp\/v2\/types\/post"}],"author":[{"embeddable":true,"href":"https:\/\/www.mundoagropecuario.cl\/new\/wp-json\/wp\/v2\/users\/2"}],"replies":[{"embeddable":true,"href":"https:\/\/www.mundoagropecuario.cl\/new\/wp-json\/wp\/v2\/comments?post=26543"}],"version-history":[{"count":2,"href":"https:\/\/www.mundoagropecuario.cl\/new\/wp-json\/wp\/v2\/posts\/26543\/revisions"}],"predecessor-version":[{"id":26556,"href":"https:\/\/www.mundoagropecuario.cl\/new\/wp-json\/wp\/v2\/posts\/26543\/revisions\/26556"}],"wp:featuredmedia":[{"embeddable":true,"href":"https:\/\/www.mundoagropecuario.cl\/new\/wp-json\/wp\/v2\/media\/26548"}],"wp:attachment":[{"href":"https:\/\/www.mundoagropecuario.cl\/new\/wp-json\/wp\/v2\/media?parent=26543"}],"wp:term":[{"taxonomy":"category","embeddable":true,"href":"https:\/\/www.mundoagropecuario.cl\/new\/wp-json\/wp\/v2\/categories?post=26543"},{"taxonomy":"post_tag","embeddable":true,"href":"https:\/\/www.mundoagropecuario.cl\/new\/wp-json\/wp\/v2\/tags?post=26543"}],"curies":[{"name":"wp","href":"https:\/\/api.w.org\/{rel}","templated":true}]}}