{"id":26516,"date":"2025-02-24T11:01:25","date_gmt":"2025-02-24T14:01:25","guid":{"rendered":"https:\/\/www.mundoagropecuario.cl\/new\/?p=26516"},"modified":"2025-02-27T13:49:06","modified_gmt":"2025-02-27T16:49:06","slug":"polemica-por-recorte-de-4-200-millones-al-sag-impacto-en-exportaciones","status":"publish","type":"post","link":"https:\/\/www.mundoagropecuario.cl\/new\/polemica-por-recorte-de-4-200-millones-al-sag-impacto-en-exportaciones\/","title":{"rendered":"Pol\u00e9mica por recorte de $4.200 millones al SAG: impacto en exportaciones"},"content":{"rendered":"<div class=\"col-md-9 pe-md-5\">\n<div class=\"row sna-news__content\">\n<p class=\"p1\"><span class=\"s1\">El recorte presupuestario de 4.200 millones de pesos al\u00a0<a class=\"SZPZpAPDAyijRClaXyBhVTlzKUCxMiFHpwYDY \" href=\"https:\/\/www.linkedin.com\/company\/servicio-agricola-y-ganadero-sag_2\/\" target=\"_self\" data-test-app-aware-link=\"\">Servicio Agr\u00edcola y Ganadero<\/a>\u00a0(SAG), corresponde a una medida que ha generado diversas reacciones y una alta preocupaci\u00f3n en los sectores agr\u00edcolas y de comercio de la Regi\u00f3n del Maule.<\/span><\/p>\n<p class=\"p1\">Incluso hace unos d\u00edas, la Asociaci\u00f3n Nacional de Funcionarios del Servicio Agr\u00edcola y Ganadero (Afsag) convoc\u00f3 a un paro nacional de actividades para el pr\u00f3ximo martes 4 de marzo en todas las oficinas del SAG.<\/p>\n<p class=\"p1\"><span class=\"s2\">Los funcionarios denuncian que esta disminuci\u00f3n afectar\u00e1 la fiscalizaci\u00f3n y control sanitario en la producci\u00f3n agr\u00edcola y pecuaria, poniendo en riesgo la reputaci\u00f3n internacional de Chile en t\u00e9rminos de inocuidad alimentaria y exportaciones.<\/span><\/p>\n<p>El presidente de la\u00a0<a class=\"SZPZpAPDAyijRClaXyBhVTlzKUCxMiFHpwYDY \" href=\"https:\/\/www.linkedin.com\/company\/sociedad-nacional-de-agricultura-sna\/\" target=\"_self\" data-test-app-aware-link=\"\">Sociedad Nacional de Agricultura SNA<\/a>\u00a0y empresario agr\u00edcola de la Regi\u00f3n del Maule, Antonio Walker, manifest\u00f3 que \u201cel volumen de exportaci\u00f3n en Chile solo crece (super\u00f3 por primera vez los 100 mil millones de d\u00f3lares), adem\u00e1s, entran por las fronteras cada d\u00eda m\u00e1s gente de manera irregular, los que traen material vegetal y animal. Por lo que al encargado de resguardar ese patrimonio fitosanitario (el SAG) en vez de aumentarle el presupuesto por el contexto que vive, se le baja, entonces es de no creerlo\u201d.<\/p>\n<p class=\"p1\">Walker agreg\u00f3 que \u201ces una muy mala noticia. Ac\u00e1 mismo en el Maule hemos visto c\u00f3mo se ha incrementado la cantidad de turistas que entran por Pehuenche. A mayor turismo, mayor ganancia para la regi\u00f3n. No es concebible que el SAG baje el presupuesto. Esto puede afectar tambi\u00e9n gravemente al pa\u00eds, un pa\u00eds que quiere volver a crecer a un 5%\u201d.<\/p>\n<h3 class=\"p1\">Comercio<\/h3>\n<p class=\"p1\">Si hay algo que tambi\u00e9n preocupa en la Regi\u00f3n del Maule es la atenci\u00f3n en los pasos fronterizos. Precisamente hace pocos d\u00edas se realizaron encuentros en las fronteras de los pasos Pehuenche y Vergara, donde se valor\u00f3 el intercambio comercial que puede haber entre Chile y Argentina por la Provincia de Mendoza y la Regi\u00f3n del Maule.<\/p>\n<p class=\"p1\">Incluso las c\u00e1maras de comercio de Talca y Malarg\u00fce pretenden que el Paso Pehuenche se convierta en una ruta comercial, pero este recorte del SAG tambi\u00e9n gener\u00f3 alarmas.<\/p>\n<p class=\"p1\">El presidente de la C\u00e1mara de Comercio de Talca, Fernando Jim\u00e9nez, dijo ayer que \u201cconsidero que el recorte presupuestario del SAG puede provocar un gran da\u00f1o al control sanitario en los pasos fronterizos. Esto podr\u00eda tener un impacto significativo en la atenci\u00f3n del Paso Pehuenche, afectando negativamente al comercio talquino\u201d.<\/p>\n<p class=\"p1\">El timonel del comercio de Talca agreg\u00f3 que \u201ces fundamental mantener condiciones adecuadas para asegurar la salud p\u00fablica y el comercio seguro en nuestra regi\u00f3n\u201d.<\/p>\n<h3><b>Frutas de Chile<\/b><\/h3>\n<p>Tambi\u00e9n el tema es muy delicado para la exportaci\u00f3n frutera. Es por ello que desde Frutas de Chile catalogaron la medida como un \u201criesgo\u201d al estatus fito y zoosanitario del pa\u00eds.<br \/>\nAs\u00ed es como el presidente de\u00a0<a class=\"SZPZpAPDAyijRClaXyBhVTlzKUCxMiFHpwYDY \" href=\"https:\/\/www.linkedin.com\/company\/frutasdechile\/\" target=\"_self\" data-test-app-aware-link=\"\">Frutas de Chile<\/a>, Iv\u00e1n Marambio, se\u00f1al\u00f3 enf\u00e1tico que \u201cel recorte es extremadamente preocupante y contradictorio, pues por un lado no va en l\u00ednea con la agenda pro crecimiento y empleo, y por otro, tampoco se condice con el crecimiento hist\u00f3rico de las exportaciones de nuestro sector y la funci\u00f3n cr\u00edtica que cumple el SAG como habilitador de las exportaciones silvoagropecuarias de Chile\u201d.<\/p>\n<p class=\"p1\">La alarma por esta medida de Gobierno es tan alta que el mismo Marambio dijo que este recorte podr\u00eda significar la p\u00e9rdida de plantaciones de peque\u00f1os y medianos productores, si es que el SAG no logra cumplir con todas las inspecciones y certificaciones fitosanitarias necesarias en el proceso exportador.<\/p>\n<p class=\"p1\"><span class=\"s3\">El timonel de Frutas de Chile manifest\u00f3 que \u201cno se entiende que el sector frut\u00edcola nacional crezca sin precedentes, con beneficios econ\u00f3micos para todo el pa\u00eds, y parad\u00f3jicamente, se tomen decisiones que van en desmedro de su\u00a0<\/span>desarrollo, afectando a toda la econom\u00eda nacional. \u00bfC\u00f3mo podemos seguir creciendo si nos disminuyen los recursos para hacerlo?\u201d.<\/p>\n<h3>Efectos en la competitividad<\/h3>\n<p class=\"p1\">El SAG juega un papel clave en la trazabilidad del ganado, el control de plagas y enfermedades, y la fiscalizaci\u00f3n del uso de qu\u00edmicos en cultivos. La reducci\u00f3n de recursos podr\u00eda afectar la capacidad del organismo para realizar estas funciones, impactando tanto la seguridad alimentaria como la competitividad del sector exportador.<\/p>\n<p class=\"p1\">Desde Los Niches, en la Provincia de Curic\u00f3,\u00a0<span class=\"s4\">Antonio Walker se\u00f1al\u00f3 adem\u00e1s que \u201cno se puede entender que un servicio que, adem\u00e1s negocia todos los tratados sanitarios con distintas partes del mundo, que nos ha permitido exportar a m\u00e1s de 190 pa\u00edses, se le baje el presupuesto\u201d.<\/span><\/p>\n<p class=\"p1\">El presidente de la SNA manifest\u00f3 que habr\u00eda que aumentar el presupuesto al SAG por el contexto que explica. \u201cYo llamo a la Dipres a analizar con m\u00e1s profundidad t\u00e9cnica, porque por un lado queremos crecer al 5% y no hay nada que tenga m\u00e1s impacto en el crecimiento que el aumento de las exportaciones, sin embargo, le bajan el presupuesto al SAG\u201d, dijo.<\/p>\n<h3 class=\"p1\"><b>Ministro<\/b><\/h3>\n<p class=\"p1\">No obstante, entrevistado en T13 Radio, el ministro de Agricultura, Esteban Valenzuela, dijo que el presupuesto \u201cest\u00e1 repuesto casi el 80-90% de algunos ajustes que se hab\u00edan realizado\u201d. Y descart\u00f3 un impacto en el funcionamiento del SAG.<\/p>\n<p class=\"p1\">Valenzuela manifest\u00f3 que el SAG, actualmente, necesita gastar m\u00e1s, dado que se vive \u201cun verdadero dinamismo en nuestro sector\u201d.<\/p>\n<\/div>\n<\/div>\n<div class=\"col-md-3\">\n<div class=\"sna-news-others\"><\/div>\n<\/div>\n","protected":false},"excerpt":{"rendered":"<p>El recorte presupuestario al SAG genera alarma en el agro y el comercio por su impacto en fiscalizaci\u00f3n, sanidad vegetal y exportaciones.<\/p>\n","protected":false},"author":2,"featured_media":26517,"comment_status":"closed","ping_status":"closed","sticky":false,"template":"","format":"standard","meta":{"footnotes":""},"categories":[126],"tags":[1525,9664,6742,1105,9663,9667,9237,1623,2328,9662,9668,9665,2036,6969,9666,2585,9669],"class_list":["post-26516","post","type-post","status-publish","format-standard","has-post-thumbnail","hentry","category-noticias","tag-antonio-walker","tag-crisis-en-el-agro","tag-esteban-valenzuela","tag-exportaciones","tag-fiscalizacion-agropecuaria","tag-fiscalizacion-de-plagas-y-enfermedades","tag-frutas-de-chile","tag-inocuidad-alimentaria","tag-ministerio-de-agricultura","tag-recorte-presupuestario-sag","tag-reduccion-de-presupuesto-en-agricultura","tag-reduccion-de-presupuesto-sag","tag-sag","tag-sanidad-vegetal","tag-seguridad-fitosanitaria","tag-servicio-agricola-y-ganadero","tag-trazabilidad-ganadera"],"yoast_head":"<!-- This site is optimized with the Yoast SEO plugin v26.6 - https:\/\/yoast.com\/wordpress\/plugins\/seo\/ -->\n<title>Pol\u00e9mica por recorte de $4.200 millones al SAG: impacto en exportaciones - Mundoagropecuario<\/title>\n<meta name=\"description\" content=\"El recorte presupuestario al SAG genera alarma en el agro y el comercio por su impacto en fiscalizaci\u00f3n, sanidad vegetal y exportaciones.\" \/>\n<meta name=\"robots\" content=\"index, follow, max-snippet:-1, max-image-preview:large, max-video-preview:-1\" \/>\n<link rel=\"canonical\" href=\"https:\/\/www.mundoagropecuario.cl\/new\/polemica-por-recorte-de-4-200-millones-al-sag-impacto-en-exportaciones\/\" \/>\n<meta property=\"og:locale\" content=\"es_ES\" \/>\n<meta property=\"og:type\" content=\"article\" \/>\n<meta property=\"og:title\" content=\"Pol\u00e9mica por recorte de $4.200 millones al SAG: impacto en exportaciones - Mundoagropecuario\" \/>\n<meta property=\"og:description\" content=\"El recorte presupuestario al SAG genera alarma en el agro y el comercio por su impacto en fiscalizaci\u00f3n, sanidad vegetal y exportaciones.\" \/>\n<meta property=\"og:url\" content=\"https:\/\/www.mundoagropecuario.cl\/new\/polemica-por-recorte-de-4-200-millones-al-sag-impacto-en-exportaciones\/\" \/>\n<meta property=\"og:site_name\" content=\"Mundoagropecuario\" \/>\n<meta property=\"article:publisher\" content=\"https:\/\/www.facebook.com\/mundo.agropecuario.3\" \/>\n<meta property=\"article:published_time\" content=\"2025-02-24T14:01:25+00:00\" \/>\n<meta property=\"article:modified_time\" content=\"2025-02-27T16:49:06+00:00\" \/>\n<meta property=\"og:image\" content=\"https:\/\/www.mundoagropecuario.cl\/new\/wp-content\/uploads\/2025\/02\/Plantilla-estandar-mundo-acuicola-2025-02-24T110049.140-scaled.jpg\" \/>\n\t<meta property=\"og:image:width\" content=\"720\" \/>\n\t<meta property=\"og:image:height\" content=\"384\" \/>\n\t<meta property=\"og:image:type\" content=\"image\/jpeg\" \/>\n<meta name=\"author\" content=\"mundo\" \/>\n<meta name=\"twitter:card\" content=\"summary_large_image\" \/>\n<meta name=\"twitter:creator\" content=\"@MundoAgropecuar\" \/>\n<meta name=\"twitter:site\" content=\"@MundoAgropecuar\" \/>\n<meta name=\"twitter:label1\" content=\"Escrito por\" \/>\n\t<meta name=\"twitter:data1\" content=\"mundo\" \/>\n\t<meta name=\"twitter:label2\" content=\"Tiempo de lectura\" \/>\n\t<meta name=\"twitter:data2\" content=\"5 minutos\" \/>\n<script type=\"application\/ld+json\" class=\"yoast-schema-graph\">{\"@context\":\"https:\/\/schema.org\",\"@graph\":[{\"@type\":\"Article\",\"@id\":\"https:\/\/www.mundoagropecuario.cl\/new\/polemica-por-recorte-de-4-200-millones-al-sag-impacto-en-exportaciones\/#article\",\"isPartOf\":{\"@id\":\"https:\/\/www.mundoagropecuario.cl\/new\/polemica-por-recorte-de-4-200-millones-al-sag-impacto-en-exportaciones\/\"},\"author\":{\"name\":\"mundo\",\"@id\":\"https:\/\/www.mundoagropecuario.cl\/new\/#\/schema\/person\/4e9f74a82a7dac260eb1c44b7eebeb18\"},\"headline\":\"Pol\u00e9mica por recorte de $4.200 millones al SAG: impacto en exportaciones\",\"datePublished\":\"2025-02-24T14:01:25+00:00\",\"dateModified\":\"2025-02-27T16:49:06+00:00\",\"mainEntityOfPage\":{\"@id\":\"https:\/\/www.mundoagropecuario.cl\/new\/polemica-por-recorte-de-4-200-millones-al-sag-impacto-en-exportaciones\/\"},\"wordCount\":927,\"publisher\":{\"@id\":\"https:\/\/www.mundoagropecuario.cl\/new\/#organization\"},\"image\":{\"@id\":\"https:\/\/www.mundoagropecuario.cl\/new\/polemica-por-recorte-de-4-200-millones-al-sag-impacto-en-exportaciones\/#primaryimage\"},\"thumbnailUrl\":\"https:\/\/www.mundoagropecuario.cl\/new\/wp-content\/uploads\/2025\/02\/Plantilla-estandar-mundo-acuicola-2025-02-24T110049.140-scaled.jpg\",\"keywords\":[\"Antonio Walker\",\"crisis en el agro\",\"Esteban Valenzuela\",\"Exportaciones\",\"fiscalizaci\u00f3n agropecuaria\",\"fiscalizaci\u00f3n de plagas y enfermedades\",\"Frutas de Chile\",\"Inocuidad alimentaria\",\"Ministerio de Agricultura\",\"recorte presupuestario SAG\",\"reducci\u00f3n de presupuesto en agricultura\",\"reducci\u00f3n de presupuesto SAG\",\"SAG\",\"sanidad vegetal\",\"seguridad fitosanitaria\",\"Servicio Agr\u00edcola y Ganadero\",\"trazabilidad ganadera\"],\"articleSection\":[\"Noticias\"],\"inLanguage\":\"es\"},{\"@type\":\"WebPage\",\"@id\":\"https:\/\/www.mundoagropecuario.cl\/new\/polemica-por-recorte-de-4-200-millones-al-sag-impacto-en-exportaciones\/\",\"url\":\"https:\/\/www.mundoagropecuario.cl\/new\/polemica-por-recorte-de-4-200-millones-al-sag-impacto-en-exportaciones\/\",\"name\":\"Pol\u00e9mica por recorte de $4.200 millones al SAG: impacto en exportaciones - Mundoagropecuario\",\"isPartOf\":{\"@id\":\"https:\/\/www.mundoagropecuario.cl\/new\/#website\"},\"primaryImageOfPage\":{\"@id\":\"https:\/\/www.mundoagropecuario.cl\/new\/polemica-por-recorte-de-4-200-millones-al-sag-impacto-en-exportaciones\/#primaryimage\"},\"image\":{\"@id\":\"https:\/\/www.mundoagropecuario.cl\/new\/polemica-por-recorte-de-4-200-millones-al-sag-impacto-en-exportaciones\/#primaryimage\"},\"thumbnailUrl\":\"https:\/\/www.mundoagropecuario.cl\/new\/wp-content\/uploads\/2025\/02\/Plantilla-estandar-mundo-acuicola-2025-02-24T110049.140-scaled.jpg\",\"datePublished\":\"2025-02-24T14:01:25+00:00\",\"dateModified\":\"2025-02-27T16:49:06+00:00\",\"description\":\"El recorte presupuestario al SAG genera alarma en el agro y el comercio por su impacto en fiscalizaci\u00f3n, sanidad vegetal y exportaciones.\",\"breadcrumb\":{\"@id\":\"https:\/\/www.mundoagropecuario.cl\/new\/polemica-por-recorte-de-4-200-millones-al-sag-impacto-en-exportaciones\/#breadcrumb\"},\"inLanguage\":\"es\",\"potentialAction\":[{\"@type\":\"ReadAction\",\"target\":[\"https:\/\/www.mundoagropecuario.cl\/new\/polemica-por-recorte-de-4-200-millones-al-sag-impacto-en-exportaciones\/\"]}]},{\"@type\":\"ImageObject\",\"inLanguage\":\"es\",\"@id\":\"https:\/\/www.mundoagropecuario.cl\/new\/polemica-por-recorte-de-4-200-millones-al-sag-impacto-en-exportaciones\/#primaryimage\",\"url\":\"https:\/\/www.mundoagropecuario.cl\/new\/wp-content\/uploads\/2025\/02\/Plantilla-estandar-mundo-acuicola-2025-02-24T110049.140-scaled.jpg\",\"contentUrl\":\"https:\/\/www.mundoagropecuario.cl\/new\/wp-content\/uploads\/2025\/02\/Plantilla-estandar-mundo-acuicola-2025-02-24T110049.140-scaled.jpg\",\"width\":720,\"height\":384},{\"@type\":\"BreadcrumbList\",\"@id\":\"https:\/\/www.mundoagropecuario.cl\/new\/polemica-por-recorte-de-4-200-millones-al-sag-impacto-en-exportaciones\/#breadcrumb\",\"itemListElement\":[{\"@type\":\"ListItem\",\"position\":1,\"name\":\"Portada\",\"item\":\"https:\/\/www.mundoagropecuario.cl\/new\/\"},{\"@type\":\"ListItem\",\"position\":2,\"name\":\"Pol\u00e9mica por recorte de $4.200 millones al SAG: impacto en exportaciones\"}]},{\"@type\":\"WebSite\",\"@id\":\"https:\/\/www.mundoagropecuario.cl\/new\/#website\",\"url\":\"https:\/\/www.mundoagropecuario.cl\/new\/\",\"name\":\"Mundoagropecuario\",\"description\":\"Mundo Agropecuario\",\"publisher\":{\"@id\":\"https:\/\/www.mundoagropecuario.cl\/new\/#organization\"},\"potentialAction\":[{\"@type\":\"SearchAction\",\"target\":{\"@type\":\"EntryPoint\",\"urlTemplate\":\"https:\/\/www.mundoagropecuario.cl\/new\/?s={search_term_string}\"},\"query-input\":{\"@type\":\"PropertyValueSpecification\",\"valueRequired\":true,\"valueName\":\"search_term_string\"}}],\"inLanguage\":\"es\"},{\"@type\":\"Organization\",\"@id\":\"https:\/\/www.mundoagropecuario.cl\/new\/#organization\",\"name\":\"Revista de Agricultura\",\"url\":\"https:\/\/www.mundoagropecuario.cl\/new\/\",\"logo\":{\"@type\":\"ImageObject\",\"inLanguage\":\"es\",\"@id\":\"https:\/\/www.mundoagropecuario.cl\/new\/#\/schema\/logo\/image\/\",\"url\":\"https:\/\/www.mundoagropecuario.cl\/new\/wp-content\/uploads\/2020\/11\/PORTAL-1-1.png\",\"contentUrl\":\"https:\/\/www.mundoagropecuario.cl\/new\/wp-content\/uploads\/2020\/11\/PORTAL-1-1.png\",\"width\":1026,\"height\":100,\"caption\":\"Revista de Agricultura\"},\"image\":{\"@id\":\"https:\/\/www.mundoagropecuario.cl\/new\/#\/schema\/logo\/image\/\"},\"sameAs\":[\"https:\/\/www.facebook.com\/mundo.agropecuario.3\",\"https:\/\/x.com\/MundoAgropecuar\",\"https:\/\/www.linkedin.com\/in\/mundo-agropecuario-934009201\/\"]},{\"@type\":\"Person\",\"@id\":\"https:\/\/www.mundoagropecuario.cl\/new\/#\/schema\/person\/4e9f74a82a7dac260eb1c44b7eebeb18\",\"name\":\"mundo\",\"url\":\"https:\/\/www.mundoagropecuario.cl\/new\/author\/mundo\/\"}]}<\/script>\n<!-- \/ Yoast SEO plugin. -->","yoast_head_json":{"title":"Pol\u00e9mica por recorte de $4.200 millones al SAG: impacto en exportaciones - Mundoagropecuario","description":"El recorte presupuestario al SAG genera alarma en el agro y el comercio por su impacto en fiscalizaci\u00f3n, sanidad vegetal y exportaciones.","robots":{"index":"index","follow":"follow","max-snippet":"max-snippet:-1","max-image-preview":"max-image-preview:large","max-video-preview":"max-video-preview:-1"},"canonical":"https:\/\/www.mundoagropecuario.cl\/new\/polemica-por-recorte-de-4-200-millones-al-sag-impacto-en-exportaciones\/","og_locale":"es_ES","og_type":"article","og_title":"Pol\u00e9mica por recorte de $4.200 millones al SAG: impacto en exportaciones - Mundoagropecuario","og_description":"El recorte presupuestario al SAG genera alarma en el agro y el comercio por su impacto en fiscalizaci\u00f3n, sanidad vegetal y exportaciones.","og_url":"https:\/\/www.mundoagropecuario.cl\/new\/polemica-por-recorte-de-4-200-millones-al-sag-impacto-en-exportaciones\/","og_site_name":"Mundoagropecuario","article_publisher":"https:\/\/www.facebook.com\/mundo.agropecuario.3","article_published_time":"2025-02-24T14:01:25+00:00","article_modified_time":"2025-02-27T16:49:06+00:00","og_image":[{"width":720,"height":384,"url":"https:\/\/www.mundoagropecuario.cl\/new\/wp-content\/uploads\/2025\/02\/Plantilla-estandar-mundo-acuicola-2025-02-24T110049.140-scaled.jpg","type":"image\/jpeg"}],"author":"mundo","twitter_card":"summary_large_image","twitter_creator":"@MundoAgropecuar","twitter_site":"@MundoAgropecuar","twitter_misc":{"Escrito por":"mundo","Tiempo de lectura":"5 minutos"},"schema":{"@context":"https:\/\/schema.org","@graph":[{"@type":"Article","@id":"https:\/\/www.mundoagropecuario.cl\/new\/polemica-por-recorte-de-4-200-millones-al-sag-impacto-en-exportaciones\/#article","isPartOf":{"@id":"https:\/\/www.mundoagropecuario.cl\/new\/polemica-por-recorte-de-4-200-millones-al-sag-impacto-en-exportaciones\/"},"author":{"name":"mundo","@id":"https:\/\/www.mundoagropecuario.cl\/new\/#\/schema\/person\/4e9f74a82a7dac260eb1c44b7eebeb18"},"headline":"Pol\u00e9mica por recorte de $4.200 millones al SAG: impacto en exportaciones","datePublished":"2025-02-24T14:01:25+00:00","dateModified":"2025-02-27T16:49:06+00:00","mainEntityOfPage":{"@id":"https:\/\/www.mundoagropecuario.cl\/new\/polemica-por-recorte-de-4-200-millones-al-sag-impacto-en-exportaciones\/"},"wordCount":927,"publisher":{"@id":"https:\/\/www.mundoagropecuario.cl\/new\/#organization"},"image":{"@id":"https:\/\/www.mundoagropecuario.cl\/new\/polemica-por-recorte-de-4-200-millones-al-sag-impacto-en-exportaciones\/#primaryimage"},"thumbnailUrl":"https:\/\/www.mundoagropecuario.cl\/new\/wp-content\/uploads\/2025\/02\/Plantilla-estandar-mundo-acuicola-2025-02-24T110049.140-scaled.jpg","keywords":["Antonio Walker","crisis en el agro","Esteban Valenzuela","Exportaciones","fiscalizaci\u00f3n agropecuaria","fiscalizaci\u00f3n de plagas y enfermedades","Frutas de Chile","Inocuidad alimentaria","Ministerio de Agricultura","recorte presupuestario SAG","reducci\u00f3n de presupuesto en agricultura","reducci\u00f3n de presupuesto SAG","SAG","sanidad vegetal","seguridad fitosanitaria","Servicio Agr\u00edcola y Ganadero","trazabilidad ganadera"],"articleSection":["Noticias"],"inLanguage":"es"},{"@type":"WebPage","@id":"https:\/\/www.mundoagropecuario.cl\/new\/polemica-por-recorte-de-4-200-millones-al-sag-impacto-en-exportaciones\/","url":"https:\/\/www.mundoagropecuario.cl\/new\/polemica-por-recorte-de-4-200-millones-al-sag-impacto-en-exportaciones\/","name":"Pol\u00e9mica por recorte de $4.200 millones al SAG: impacto en exportaciones - Mundoagropecuario","isPartOf":{"@id":"https:\/\/www.mundoagropecuario.cl\/new\/#website"},"primaryImageOfPage":{"@id":"https:\/\/www.mundoagropecuario.cl\/new\/polemica-por-recorte-de-4-200-millones-al-sag-impacto-en-exportaciones\/#primaryimage"},"image":{"@id":"https:\/\/www.mundoagropecuario.cl\/new\/polemica-por-recorte-de-4-200-millones-al-sag-impacto-en-exportaciones\/#primaryimage"},"thumbnailUrl":"https:\/\/www.mundoagropecuario.cl\/new\/wp-content\/uploads\/2025\/02\/Plantilla-estandar-mundo-acuicola-2025-02-24T110049.140-scaled.jpg","datePublished":"2025-02-24T14:01:25+00:00","dateModified":"2025-02-27T16:49:06+00:00","description":"El recorte presupuestario al SAG genera alarma en el agro y el comercio por su impacto en fiscalizaci\u00f3n, sanidad vegetal y exportaciones.","breadcrumb":{"@id":"https:\/\/www.mundoagropecuario.cl\/new\/polemica-por-recorte-de-4-200-millones-al-sag-impacto-en-exportaciones\/#breadcrumb"},"inLanguage":"es","potentialAction":[{"@type":"ReadAction","target":["https:\/\/www.mundoagropecuario.cl\/new\/polemica-por-recorte-de-4-200-millones-al-sag-impacto-en-exportaciones\/"]}]},{"@type":"ImageObject","inLanguage":"es","@id":"https:\/\/www.mundoagropecuario.cl\/new\/polemica-por-recorte-de-4-200-millones-al-sag-impacto-en-exportaciones\/#primaryimage","url":"https:\/\/www.mundoagropecuario.cl\/new\/wp-content\/uploads\/2025\/02\/Plantilla-estandar-mundo-acuicola-2025-02-24T110049.140-scaled.jpg","contentUrl":"https:\/\/www.mundoagropecuario.cl\/new\/wp-content\/uploads\/2025\/02\/Plantilla-estandar-mundo-acuicola-2025-02-24T110049.140-scaled.jpg","width":720,"height":384},{"@type":"BreadcrumbList","@id":"https:\/\/www.mundoagropecuario.cl\/new\/polemica-por-recorte-de-4-200-millones-al-sag-impacto-en-exportaciones\/#breadcrumb","itemListElement":[{"@type":"ListItem","position":1,"name":"Portada","item":"https:\/\/www.mundoagropecuario.cl\/new\/"},{"@type":"ListItem","position":2,"name":"Pol\u00e9mica por recorte de $4.200 millones al SAG: impacto en exportaciones"}]},{"@type":"WebSite","@id":"https:\/\/www.mundoagropecuario.cl\/new\/#website","url":"https:\/\/www.mundoagropecuario.cl\/new\/","name":"Mundoagropecuario","description":"Mundo Agropecuario","publisher":{"@id":"https:\/\/www.mundoagropecuario.cl\/new\/#organization"},"potentialAction":[{"@type":"SearchAction","target":{"@type":"EntryPoint","urlTemplate":"https:\/\/www.mundoagropecuario.cl\/new\/?s={search_term_string}"},"query-input":{"@type":"PropertyValueSpecification","valueRequired":true,"valueName":"search_term_string"}}],"inLanguage":"es"},{"@type":"Organization","@id":"https:\/\/www.mundoagropecuario.cl\/new\/#organization","name":"Revista de Agricultura","url":"https:\/\/www.mundoagropecuario.cl\/new\/","logo":{"@type":"ImageObject","inLanguage":"es","@id":"https:\/\/www.mundoagropecuario.cl\/new\/#\/schema\/logo\/image\/","url":"https:\/\/www.mundoagropecuario.cl\/new\/wp-content\/uploads\/2020\/11\/PORTAL-1-1.png","contentUrl":"https:\/\/www.mundoagropecuario.cl\/new\/wp-content\/uploads\/2020\/11\/PORTAL-1-1.png","width":1026,"height":100,"caption":"Revista de Agricultura"},"image":{"@id":"https:\/\/www.mundoagropecuario.cl\/new\/#\/schema\/logo\/image\/"},"sameAs":["https:\/\/www.facebook.com\/mundo.agropecuario.3","https:\/\/x.com\/MundoAgropecuar","https:\/\/www.linkedin.com\/in\/mundo-agropecuario-934009201\/"]},{"@type":"Person","@id":"https:\/\/www.mundoagropecuario.cl\/new\/#\/schema\/person\/4e9f74a82a7dac260eb1c44b7eebeb18","name":"mundo","url":"https:\/\/www.mundoagropecuario.cl\/new\/author\/mundo\/"}]}},"_links":{"self":[{"href":"https:\/\/www.mundoagropecuario.cl\/new\/wp-json\/wp\/v2\/posts\/26516","targetHints":{"allow":["GET"]}}],"collection":[{"href":"https:\/\/www.mundoagropecuario.cl\/new\/wp-json\/wp\/v2\/posts"}],"about":[{"href":"https:\/\/www.mundoagropecuario.cl\/new\/wp-json\/wp\/v2\/types\/post"}],"author":[{"embeddable":true,"href":"https:\/\/www.mundoagropecuario.cl\/new\/wp-json\/wp\/v2\/users\/2"}],"replies":[{"embeddable":true,"href":"https:\/\/www.mundoagropecuario.cl\/new\/wp-json\/wp\/v2\/comments?post=26516"}],"version-history":[{"count":1,"href":"https:\/\/www.mundoagropecuario.cl\/new\/wp-json\/wp\/v2\/posts\/26516\/revisions"}],"predecessor-version":[{"id":26518,"href":"https:\/\/www.mundoagropecuario.cl\/new\/wp-json\/wp\/v2\/posts\/26516\/revisions\/26518"}],"wp:featuredmedia":[{"embeddable":true,"href":"https:\/\/www.mundoagropecuario.cl\/new\/wp-json\/wp\/v2\/media\/26517"}],"wp:attachment":[{"href":"https:\/\/www.mundoagropecuario.cl\/new\/wp-json\/wp\/v2\/media?parent=26516"}],"wp:term":[{"taxonomy":"category","embeddable":true,"href":"https:\/\/www.mundoagropecuario.cl\/new\/wp-json\/wp\/v2\/categories?post=26516"},{"taxonomy":"post_tag","embeddable":true,"href":"https:\/\/www.mundoagropecuario.cl\/new\/wp-json\/wp\/v2\/tags?post=26516"}],"curies":[{"name":"wp","href":"https:\/\/api.w.org\/{rel}","templated":true}]}}