{"id":26506,"date":"2025-02-21T11:57:43","date_gmt":"2025-02-21T14:57:43","guid":{"rendered":"https:\/\/www.mundoagropecuario.cl\/new\/?p=26506"},"modified":"2025-02-25T13:58:41","modified_gmt":"2025-02-25T16:58:41","slug":"indap-activa-creditos-de-emergencia-y-renegociacion-de-deudas-por-incendios-forestales-en-la-araucania","status":"publish","type":"post","link":"https:\/\/www.mundoagropecuario.cl\/new\/indap-activa-creditos-de-emergencia-y-renegociacion-de-deudas-por-incendios-forestales-en-la-araucania\/","title":{"rendered":"INDAP activa cr\u00e9ditos de emergencia y renegociaci\u00f3n de deudas por incendios forestales en La Araucan\u00eda"},"content":{"rendered":"<div class=\"idp-noticia\">\n<div>\n<p class=\"text-align-justify\">Frente a la emergencia agr\u00edcola decretada por el Gobierno en la Regi\u00f3n de La Araucan\u00eda producto de los incendios forestales, el Instituto de Desarrollo Agropecuario (INDAP) anunci\u00f3 que pondr\u00e1 a disposici\u00f3n de sus usuarias y usuarios afectados \u2013que ya suman 656\u2013 un cr\u00e9dito de emergencia a corto y largo plazo con tasa preferencial, adem\u00e1s de la renegociaci\u00f3n de las deudas para quienes tienen compromisos financieros con la instituci\u00f3n y el aumento de 17 a 30 d\u00edas corridos del plazo para denunciar p\u00e9rdidas y activar los seguros agropecuarios.<\/p>\n<p class=\"text-align-justify\">El anuncio lo hizo este jueves el director nacional de INDAP, Santiago Rojas, quien particip\u00f3 en la entrega de alimento concentrado y fardos de forraje a las familias campesinas damnificadas de Traigu\u00e9n y Lumaco, actividades en las que estuvo acompa\u00f1ado por el director regional del servicio, Pablo Gonz\u00e1lez; el delegado presidencial provincial de Malleco, Leopoldo Rosales; y los alcaldes de ambas comunas, Luis \u00c1lvarez y Richard Leonelli, respectivamente.<\/p>\n<h3>Catastro<\/h3>\n<p class=\"text-align-justify\">Durante la temporada 2024-2025 los incendios forestales en La Araucan\u00eda suman 746, con 26.922 hect\u00e1reas arrasadas por el fuego, la mitad de las totalizadas a nivel nacional (52.116), seg\u00fan cifras de la Corporaci\u00f3n Nacional Forestal (Conaf). Hasta este jueves hab\u00eda 7 siniestros en combate en la zona.<\/p>\n<p class=\"text-align-justify\">Las comunas con m\u00e1s familias campesinas usuarias de INDAP afectadas hasta ahora son Galvarino (186), Pur\u00e9n (135), Ercilla (68), Cholchol (62), Traigu\u00e9n (40), Victoria (34), Lumaco (31), Collipulli (27), Perquenco (20) y Los Sauces (20).<\/p>\n<p class=\"text-align-justify\">En relaci\u00f3n a los cr\u00e9ditos de emergencia, Santiago Rojas inform\u00f3 que este se habilitar\u00e1 en todas las agencias de \u00e1rea de la instituci\u00f3n en La Araucan\u00eda, con plazo hasta el 31 de mayo, fecha en que ser\u00e1 evaluada su continuidad. Los cr\u00e9ditos de corto plazo (hasta 300UF) tendr\u00e1n un inter\u00e9s de 1,5% anual nominal y los de largo plazo (hasta 500 UF), de 0,1% anual reajustable, ambos sin necesidad de garant\u00eda. Los montos depender\u00e1n de la evaluaci\u00f3n de cada solicitante.<\/p>\n<p class=\"text-align-justify\">A la renegociaci\u00f3n de deudas, en tanto, podr\u00e1n acceder usuarios individuales u organizaciones que est\u00e9n al d\u00eda o morosos, con la sola exclusi\u00f3n de los cr\u00e9ditos de enlace y COBIN (Cobertura Ind\u00edgena). Este proceso se habilitar\u00e1 entre el pr\u00f3ximo lunes 24 de febrero y el 31 de mayo.<\/p>\n<p class=\"text-align-justify\">Para su implementaci\u00f3n se fusionar\u00e1n los saldos adeudados y se establecer\u00e1 un nuevo plan de pago acorde a la situaci\u00f3n econ\u00f3mica y productiva, el que puede ser de hasta 10 a\u00f1os. La tasa ser\u00e1 de 3% en pesos si es hasta un a\u00f1o o de 0,5%+UF si es mayor a ese tiempo. Tambi\u00e9n se rebajar\u00e1 un 50% de los intereses devengados no pagados, no se requerir\u00e1 de abonos ni de nuevas garant\u00edas y se podr\u00e1 acceder a un per\u00edodo de gracia de hasta 3 a\u00f1os.<\/p>\n<h3>Seguros<\/h3>\n<p class=\"text-align-justify\">Respecto a los seguros agropecuarios, actualmente La Araucan\u00eda registra 2.392 p\u00f3lizas, con una mayor contrataci\u00f3n para cultivos anuales y luego ganado bovino, ganado ovino, producci\u00f3n ap\u00edcola y frutales. Para los afectados por los incendios que tengan p\u00f3lizas vigentes, se aument\u00f3 de 17 a 30 d\u00edas corridos el plazo para hacer los denuncios y comenzar el proceso de liquidaci\u00f3n.<\/p>\n<p class=\"text-align-justify\">\u201cJunto con la entrega de ayuda temprana y las donaciones de privados para las familias afectadas por esta cat\u00e1strofe, estamos apoyando la rehabilitaci\u00f3n productiva y hemos activado cr\u00e9ditos de emergencia y pr\u00f3rroga de deudas. Tal como ha sido el mandato del Presidente Boric, debemos ser un Estado \u00e1gil que se despliega para apoyar oportunamente al mundo rural\u201d, asegur\u00f3 Santiago Rojas. Agreg\u00f3 que para quienes no son usuarios de INDAP, la Subsecretar\u00eda de Agricultura ya est\u00e1 trabajando en medidas de apoyo.<\/p>\n<h3 class=\"text-align-center\">Ayuda para Traigu\u00e9n y Lumaco<\/h3>\n<p class=\"text-align-justify\">Durante este jueves, los equipos de INDAP se trasladaron hasta el sector Rehue Colpi Norte de Traigu\u00e9n, donde se entregaron 8,5 toneladas de alimento concentrado para los animales de 34 familias, adem\u00e1s de 7 fardos de forraje para cada una de ellas, donados por la Asociaci\u00f3n Gremial de Agricultores Unidos, de Victoria.<\/p>\n<p class=\"text-align-justify\">Orqu\u00eddea Llanquinao, agricultora de la comunidad Francisco Llanquinao, del sector Santa Ana de Colpi, cont\u00f3 que \u201ceste es el primer incendio que vivo y ojal\u00e1 sea el \u00faltimo, porque sufrimos mucho. El fuego nos rode\u00f3 por todos lados y lo \u00fanico que salv\u00e9 fue mi casa y mis animalitos. Salir al patio y ver ahora todo quemado es un dolor enorme, as\u00ed que agradezco la ayuda que est\u00e1 llegando\u201d.<\/p>\n<p class=\"text-align-justify\">Similar actividad se realiz\u00f3 luego en la Medialuna de Lumaco, donde se entregaron 6,5 toneladas de concentrado y fardos de forraje para el ganado de 26 usuarios y usuarias de INDAP de la comuna.<\/p>\n<p class=\"text-align-justify\">\u201cYo tengo 28 hect\u00e1reas y se quemaron completamente, tanto pradera natural como bosque nativo y ex\u00f3tico; es una afectaci\u00f3n que tiene para a\u00f1os. Uno se planifica para subsistir, yo ten\u00eda un plan de manejo para cosechar, pero eso ya no tiene valor. La recuperaci\u00f3n va a tardar mucho y si siguen los incendios, imag\u00ednese. Esta ayuda es muy importante, pero necesitamos algo m\u00e1s significativo en el tiempo\u201d, relat\u00f3 Eduardo Avenda\u00f1o, agricultor del sector Lolenco Bajo.<\/p>\n<\/div>\n<div class=\"field-galeria-de-imagenes\">\n<div class=\"paragraph mb-4 paragraph--type--galeria-de-imagenes paragraph--view-mode--default\">\n<div class=\"idp-slider-gallery slick-initialized slick-slider slick-dotted\">\n<div class=\"slick-list draggable\">\n<div class=\"slick-track\">\n<div id=\"slick-slide02\" class=\"slick-slide\" tabindex=\"-1\" role=\"tabpanel\" data-slick-index=\"2\" aria-hidden=\"true\">\n<div>\n<div class=\"slide-item\">\n<div class=\"idp-noticia-img\"><img loading=\"lazy\" decoding=\"async\" src=\"https:\/\/www.indap.gob.cl\/sites\/default\/files\/styles\/galeria\/public\/2025-02\/medidas-incendios-araucania-4.jpg?itok=P6Dv_qFo\" alt=\"\" width=\"1920\" height=\"1080\" \/><\/div>\n<\/div>\n<\/div>\n<\/div>\n<div id=\"slick-slide03\" class=\"slick-slide\" tabindex=\"-1\" role=\"tabpanel\" data-slick-index=\"3\" aria-hidden=\"true\">\n<div>\n<div class=\"slide-item\">\n<div class=\"idp-noticia-img\"><img loading=\"lazy\" decoding=\"async\" src=\"https:\/\/www.indap.gob.cl\/sites\/default\/files\/styles\/galeria\/public\/2025-02\/medidas-incendios-araucania-5.jpg?itok=z-BNd1TT\" alt=\"\" width=\"1920\" height=\"1080\" \/><\/div>\n<\/div>\n<\/div>\n<\/div>\n<div id=\"slick-slide04\" class=\"slick-slide\" tabindex=\"-1\" role=\"tabpanel\" data-slick-index=\"4\" aria-hidden=\"true\">\n<div class=\"slide-item\">\n<div class=\"idp-noticia-img\"><\/div>\n<\/div>\n<\/div>\n<div id=\"slick-slide05\" class=\"slick-slide\" tabindex=\"-1\" role=\"tabpanel\" data-slick-index=\"5\" aria-hidden=\"true\">\n<div>\n<div class=\"slide-item\">\n<div class=\"idp-noticia-img\"><img loading=\"lazy\" decoding=\"async\" src=\"https:\/\/www.indap.gob.cl\/sites\/default\/files\/styles\/galeria\/public\/2025-02\/medidas-incendios-araucania-7.jpg?itok=bwUREcCb\" alt=\"\" width=\"1920\" height=\"1080\" \/><\/div>\n<\/div>\n<\/div>\n<\/div>\n<div id=\"slick-slide06\" class=\"slick-slide\" tabindex=\"-1\" role=\"tabpanel\" data-slick-index=\"6\" aria-hidden=\"true\">\n<div class=\"slide-item\">\n<div class=\"idp-noticia-img\"><\/div>\n<\/div>\n<\/div>\n<\/div>\n<\/div>\n<\/div>\n<\/div>\n<\/div>\n<\/div>\n","protected":false},"excerpt":{"rendered":"<p>La instituci\u00f3n adem\u00e1s ampli\u00f3 el plazo para denuncias de seguros agropecuarios para sus usuarios afectados, que ya suman 656 personas. <\/p>\n","protected":false},"author":2,"featured_media":26507,"comment_status":"closed","ping_status":"closed","sticky":false,"template":"","format":"standard","meta":{"footnotes":""},"categories":[126],"tags":[3079,2663,1992,9579,1186],"class_list":["post-26506","post","type-post","status-publish","format-standard","has-post-thumbnail","hentry","category-noticias","tag-incendios","tag-incendios-forestales","tag-indap","tag-instituto-de-desarrollo-agropecuario","tag-region-de-la-araucania"],"yoast_head":"<!-- This site is optimized with the Yoast SEO plugin v26.6 - https:\/\/yoast.com\/wordpress\/plugins\/seo\/ -->\n<title>INDAP activa cr\u00e9ditos de emergencia y renegociaci\u00f3n de deudas por incendios forestales en La Araucan\u00eda - Mundoagropecuario<\/title>\n<meta name=\"description\" content=\"La instituci\u00f3n adem\u00e1s ampli\u00f3 el plazo para denuncias de seguros agropecuarios para sus usuarios afectados, que ya suman 656 personas.\" \/>\n<meta name=\"robots\" content=\"index, follow, max-snippet:-1, max-image-preview:large, max-video-preview:-1\" \/>\n<link rel=\"canonical\" href=\"https:\/\/www.mundoagropecuario.cl\/new\/indap-activa-creditos-de-emergencia-y-renegociacion-de-deudas-por-incendios-forestales-en-la-araucania\/\" \/>\n<meta property=\"og:locale\" content=\"es_ES\" \/>\n<meta property=\"og:type\" content=\"article\" \/>\n<meta property=\"og:title\" content=\"INDAP activa cr\u00e9ditos de emergencia y renegociaci\u00f3n de deudas por incendios forestales en La Araucan\u00eda - Mundoagropecuario\" \/>\n<meta property=\"og:description\" content=\"La instituci\u00f3n adem\u00e1s ampli\u00f3 el plazo para denuncias de seguros agropecuarios para sus usuarios afectados, que ya suman 656 personas.\" \/>\n<meta property=\"og:url\" content=\"https:\/\/www.mundoagropecuario.cl\/new\/indap-activa-creditos-de-emergencia-y-renegociacion-de-deudas-por-incendios-forestales-en-la-araucania\/\" \/>\n<meta property=\"og:site_name\" content=\"Mundoagropecuario\" \/>\n<meta property=\"article:publisher\" content=\"https:\/\/www.facebook.com\/mundo.agropecuario.3\" \/>\n<meta property=\"article:published_time\" content=\"2025-02-21T14:57:43+00:00\" \/>\n<meta property=\"article:modified_time\" content=\"2025-02-25T16:58:41+00:00\" \/>\n<meta property=\"og:image\" content=\"https:\/\/www.mundoagropecuario.cl\/new\/wp-content\/uploads\/2025\/02\/Plantilla-estandar-mundo-acuicola-10-scaled.jpg\" \/>\n\t<meta property=\"og:image:width\" content=\"720\" \/>\n\t<meta property=\"og:image:height\" content=\"384\" \/>\n\t<meta property=\"og:image:type\" content=\"image\/jpeg\" \/>\n<meta name=\"author\" content=\"mundo\" \/>\n<meta name=\"twitter:card\" content=\"summary_large_image\" \/>\n<meta name=\"twitter:creator\" content=\"@MundoAgropecuar\" \/>\n<meta name=\"twitter:site\" content=\"@MundoAgropecuar\" \/>\n<meta name=\"twitter:label1\" content=\"Escrito por\" \/>\n\t<meta name=\"twitter:data1\" content=\"mundo\" \/>\n\t<meta name=\"twitter:label2\" content=\"Tiempo de lectura\" \/>\n\t<meta name=\"twitter:data2\" content=\"5 minutos\" \/>\n<script type=\"application\/ld+json\" class=\"yoast-schema-graph\">{\"@context\":\"https:\/\/schema.org\",\"@graph\":[{\"@type\":\"Article\",\"@id\":\"https:\/\/www.mundoagropecuario.cl\/new\/indap-activa-creditos-de-emergencia-y-renegociacion-de-deudas-por-incendios-forestales-en-la-araucania\/#article\",\"isPartOf\":{\"@id\":\"https:\/\/www.mundoagropecuario.cl\/new\/indap-activa-creditos-de-emergencia-y-renegociacion-de-deudas-por-incendios-forestales-en-la-araucania\/\"},\"author\":{\"name\":\"mundo\",\"@id\":\"https:\/\/www.mundoagropecuario.cl\/new\/#\/schema\/person\/4e9f74a82a7dac260eb1c44b7eebeb18\"},\"headline\":\"INDAP activa cr\u00e9ditos de emergencia y renegociaci\u00f3n de deudas por incendios forestales en La Araucan\u00eda\",\"datePublished\":\"2025-02-21T14:57:43+00:00\",\"dateModified\":\"2025-02-25T16:58:41+00:00\",\"mainEntityOfPage\":{\"@id\":\"https:\/\/www.mundoagropecuario.cl\/new\/indap-activa-creditos-de-emergencia-y-renegociacion-de-deudas-por-incendios-forestales-en-la-araucania\/\"},\"wordCount\":883,\"publisher\":{\"@id\":\"https:\/\/www.mundoagropecuario.cl\/new\/#organization\"},\"image\":{\"@id\":\"https:\/\/www.mundoagropecuario.cl\/new\/indap-activa-creditos-de-emergencia-y-renegociacion-de-deudas-por-incendios-forestales-en-la-araucania\/#primaryimage\"},\"thumbnailUrl\":\"https:\/\/www.mundoagropecuario.cl\/new\/wp-content\/uploads\/2025\/02\/Plantilla-estandar-mundo-acuicola-10-scaled.jpg\",\"keywords\":[\"incendios\",\"incendios forestales\",\"Indap\",\"Instituto de Desarrollo Agropecuario\",\"Regi\u00f3n de la Araucan\u00eda\"],\"articleSection\":[\"Noticias\"],\"inLanguage\":\"es\"},{\"@type\":\"WebPage\",\"@id\":\"https:\/\/www.mundoagropecuario.cl\/new\/indap-activa-creditos-de-emergencia-y-renegociacion-de-deudas-por-incendios-forestales-en-la-araucania\/\",\"url\":\"https:\/\/www.mundoagropecuario.cl\/new\/indap-activa-creditos-de-emergencia-y-renegociacion-de-deudas-por-incendios-forestales-en-la-araucania\/\",\"name\":\"INDAP activa cr\u00e9ditos de emergencia y renegociaci\u00f3n de deudas por incendios forestales en La Araucan\u00eda - Mundoagropecuario\",\"isPartOf\":{\"@id\":\"https:\/\/www.mundoagropecuario.cl\/new\/#website\"},\"primaryImageOfPage\":{\"@id\":\"https:\/\/www.mundoagropecuario.cl\/new\/indap-activa-creditos-de-emergencia-y-renegociacion-de-deudas-por-incendios-forestales-en-la-araucania\/#primaryimage\"},\"image\":{\"@id\":\"https:\/\/www.mundoagropecuario.cl\/new\/indap-activa-creditos-de-emergencia-y-renegociacion-de-deudas-por-incendios-forestales-en-la-araucania\/#primaryimage\"},\"thumbnailUrl\":\"https:\/\/www.mundoagropecuario.cl\/new\/wp-content\/uploads\/2025\/02\/Plantilla-estandar-mundo-acuicola-10-scaled.jpg\",\"datePublished\":\"2025-02-21T14:57:43+00:00\",\"dateModified\":\"2025-02-25T16:58:41+00:00\",\"description\":\"La instituci\u00f3n adem\u00e1s ampli\u00f3 el plazo para denuncias de seguros agropecuarios para sus usuarios afectados, que ya suman 656 personas.\",\"breadcrumb\":{\"@id\":\"https:\/\/www.mundoagropecuario.cl\/new\/indap-activa-creditos-de-emergencia-y-renegociacion-de-deudas-por-incendios-forestales-en-la-araucania\/#breadcrumb\"},\"inLanguage\":\"es\",\"potentialAction\":[{\"@type\":\"ReadAction\",\"target\":[\"https:\/\/www.mundoagropecuario.cl\/new\/indap-activa-creditos-de-emergencia-y-renegociacion-de-deudas-por-incendios-forestales-en-la-araucania\/\"]}]},{\"@type\":\"ImageObject\",\"inLanguage\":\"es\",\"@id\":\"https:\/\/www.mundoagropecuario.cl\/new\/indap-activa-creditos-de-emergencia-y-renegociacion-de-deudas-por-incendios-forestales-en-la-araucania\/#primaryimage\",\"url\":\"https:\/\/www.mundoagropecuario.cl\/new\/wp-content\/uploads\/2025\/02\/Plantilla-estandar-mundo-acuicola-10-scaled.jpg\",\"contentUrl\":\"https:\/\/www.mundoagropecuario.cl\/new\/wp-content\/uploads\/2025\/02\/Plantilla-estandar-mundo-acuicola-10-scaled.jpg\",\"width\":720,\"height\":384},{\"@type\":\"BreadcrumbList\",\"@id\":\"https:\/\/www.mundoagropecuario.cl\/new\/indap-activa-creditos-de-emergencia-y-renegociacion-de-deudas-por-incendios-forestales-en-la-araucania\/#breadcrumb\",\"itemListElement\":[{\"@type\":\"ListItem\",\"position\":1,\"name\":\"Portada\",\"item\":\"https:\/\/www.mundoagropecuario.cl\/new\/\"},{\"@type\":\"ListItem\",\"position\":2,\"name\":\"INDAP activa cr\u00e9ditos de emergencia y renegociaci\u00f3n de deudas por incendios forestales en La Araucan\u00eda\"}]},{\"@type\":\"WebSite\",\"@id\":\"https:\/\/www.mundoagropecuario.cl\/new\/#website\",\"url\":\"https:\/\/www.mundoagropecuario.cl\/new\/\",\"name\":\"Mundoagropecuario\",\"description\":\"Mundo Agropecuario\",\"publisher\":{\"@id\":\"https:\/\/www.mundoagropecuario.cl\/new\/#organization\"},\"potentialAction\":[{\"@type\":\"SearchAction\",\"target\":{\"@type\":\"EntryPoint\",\"urlTemplate\":\"https:\/\/www.mundoagropecuario.cl\/new\/?s={search_term_string}\"},\"query-input\":{\"@type\":\"PropertyValueSpecification\",\"valueRequired\":true,\"valueName\":\"search_term_string\"}}],\"inLanguage\":\"es\"},{\"@type\":\"Organization\",\"@id\":\"https:\/\/www.mundoagropecuario.cl\/new\/#organization\",\"name\":\"Revista de Agricultura\",\"url\":\"https:\/\/www.mundoagropecuario.cl\/new\/\",\"logo\":{\"@type\":\"ImageObject\",\"inLanguage\":\"es\",\"@id\":\"https:\/\/www.mundoagropecuario.cl\/new\/#\/schema\/logo\/image\/\",\"url\":\"https:\/\/www.mundoagropecuario.cl\/new\/wp-content\/uploads\/2020\/11\/PORTAL-1-1.png\",\"contentUrl\":\"https:\/\/www.mundoagropecuario.cl\/new\/wp-content\/uploads\/2020\/11\/PORTAL-1-1.png\",\"width\":1026,\"height\":100,\"caption\":\"Revista de Agricultura\"},\"image\":{\"@id\":\"https:\/\/www.mundoagropecuario.cl\/new\/#\/schema\/logo\/image\/\"},\"sameAs\":[\"https:\/\/www.facebook.com\/mundo.agropecuario.3\",\"https:\/\/x.com\/MundoAgropecuar\",\"https:\/\/www.linkedin.com\/in\/mundo-agropecuario-934009201\/\"]},{\"@type\":\"Person\",\"@id\":\"https:\/\/www.mundoagropecuario.cl\/new\/#\/schema\/person\/4e9f74a82a7dac260eb1c44b7eebeb18\",\"name\":\"mundo\",\"url\":\"https:\/\/www.mundoagropecuario.cl\/new\/author\/mundo\/\"}]}<\/script>\n<!-- \/ Yoast SEO plugin. -->","yoast_head_json":{"title":"INDAP activa cr\u00e9ditos de emergencia y renegociaci\u00f3n de deudas por incendios forestales en La Araucan\u00eda - Mundoagropecuario","description":"La instituci\u00f3n adem\u00e1s ampli\u00f3 el plazo para denuncias de seguros agropecuarios para sus usuarios afectados, que ya suman 656 personas.","robots":{"index":"index","follow":"follow","max-snippet":"max-snippet:-1","max-image-preview":"max-image-preview:large","max-video-preview":"max-video-preview:-1"},"canonical":"https:\/\/www.mundoagropecuario.cl\/new\/indap-activa-creditos-de-emergencia-y-renegociacion-de-deudas-por-incendios-forestales-en-la-araucania\/","og_locale":"es_ES","og_type":"article","og_title":"INDAP activa cr\u00e9ditos de emergencia y renegociaci\u00f3n de deudas por incendios forestales en La Araucan\u00eda - Mundoagropecuario","og_description":"La instituci\u00f3n adem\u00e1s ampli\u00f3 el plazo para denuncias de seguros agropecuarios para sus usuarios afectados, que ya suman 656 personas.","og_url":"https:\/\/www.mundoagropecuario.cl\/new\/indap-activa-creditos-de-emergencia-y-renegociacion-de-deudas-por-incendios-forestales-en-la-araucania\/","og_site_name":"Mundoagropecuario","article_publisher":"https:\/\/www.facebook.com\/mundo.agropecuario.3","article_published_time":"2025-02-21T14:57:43+00:00","article_modified_time":"2025-02-25T16:58:41+00:00","og_image":[{"width":720,"height":384,"url":"https:\/\/www.mundoagropecuario.cl\/new\/wp-content\/uploads\/2025\/02\/Plantilla-estandar-mundo-acuicola-10-scaled.jpg","type":"image\/jpeg"}],"author":"mundo","twitter_card":"summary_large_image","twitter_creator":"@MundoAgropecuar","twitter_site":"@MundoAgropecuar","twitter_misc":{"Escrito por":"mundo","Tiempo de lectura":"5 minutos"},"schema":{"@context":"https:\/\/schema.org","@graph":[{"@type":"Article","@id":"https:\/\/www.mundoagropecuario.cl\/new\/indap-activa-creditos-de-emergencia-y-renegociacion-de-deudas-por-incendios-forestales-en-la-araucania\/#article","isPartOf":{"@id":"https:\/\/www.mundoagropecuario.cl\/new\/indap-activa-creditos-de-emergencia-y-renegociacion-de-deudas-por-incendios-forestales-en-la-araucania\/"},"author":{"name":"mundo","@id":"https:\/\/www.mundoagropecuario.cl\/new\/#\/schema\/person\/4e9f74a82a7dac260eb1c44b7eebeb18"},"headline":"INDAP activa cr\u00e9ditos de emergencia y renegociaci\u00f3n de deudas por incendios forestales en La Araucan\u00eda","datePublished":"2025-02-21T14:57:43+00:00","dateModified":"2025-02-25T16:58:41+00:00","mainEntityOfPage":{"@id":"https:\/\/www.mundoagropecuario.cl\/new\/indap-activa-creditos-de-emergencia-y-renegociacion-de-deudas-por-incendios-forestales-en-la-araucania\/"},"wordCount":883,"publisher":{"@id":"https:\/\/www.mundoagropecuario.cl\/new\/#organization"},"image":{"@id":"https:\/\/www.mundoagropecuario.cl\/new\/indap-activa-creditos-de-emergencia-y-renegociacion-de-deudas-por-incendios-forestales-en-la-araucania\/#primaryimage"},"thumbnailUrl":"https:\/\/www.mundoagropecuario.cl\/new\/wp-content\/uploads\/2025\/02\/Plantilla-estandar-mundo-acuicola-10-scaled.jpg","keywords":["incendios","incendios forestales","Indap","Instituto de Desarrollo Agropecuario","Regi\u00f3n de la Araucan\u00eda"],"articleSection":["Noticias"],"inLanguage":"es"},{"@type":"WebPage","@id":"https:\/\/www.mundoagropecuario.cl\/new\/indap-activa-creditos-de-emergencia-y-renegociacion-de-deudas-por-incendios-forestales-en-la-araucania\/","url":"https:\/\/www.mundoagropecuario.cl\/new\/indap-activa-creditos-de-emergencia-y-renegociacion-de-deudas-por-incendios-forestales-en-la-araucania\/","name":"INDAP activa cr\u00e9ditos de emergencia y renegociaci\u00f3n de deudas por incendios forestales en La Araucan\u00eda - Mundoagropecuario","isPartOf":{"@id":"https:\/\/www.mundoagropecuario.cl\/new\/#website"},"primaryImageOfPage":{"@id":"https:\/\/www.mundoagropecuario.cl\/new\/indap-activa-creditos-de-emergencia-y-renegociacion-de-deudas-por-incendios-forestales-en-la-araucania\/#primaryimage"},"image":{"@id":"https:\/\/www.mundoagropecuario.cl\/new\/indap-activa-creditos-de-emergencia-y-renegociacion-de-deudas-por-incendios-forestales-en-la-araucania\/#primaryimage"},"thumbnailUrl":"https:\/\/www.mundoagropecuario.cl\/new\/wp-content\/uploads\/2025\/02\/Plantilla-estandar-mundo-acuicola-10-scaled.jpg","datePublished":"2025-02-21T14:57:43+00:00","dateModified":"2025-02-25T16:58:41+00:00","description":"La instituci\u00f3n adem\u00e1s ampli\u00f3 el plazo para denuncias de seguros agropecuarios para sus usuarios afectados, que ya suman 656 personas.","breadcrumb":{"@id":"https:\/\/www.mundoagropecuario.cl\/new\/indap-activa-creditos-de-emergencia-y-renegociacion-de-deudas-por-incendios-forestales-en-la-araucania\/#breadcrumb"},"inLanguage":"es","potentialAction":[{"@type":"ReadAction","target":["https:\/\/www.mundoagropecuario.cl\/new\/indap-activa-creditos-de-emergencia-y-renegociacion-de-deudas-por-incendios-forestales-en-la-araucania\/"]}]},{"@type":"ImageObject","inLanguage":"es","@id":"https:\/\/www.mundoagropecuario.cl\/new\/indap-activa-creditos-de-emergencia-y-renegociacion-de-deudas-por-incendios-forestales-en-la-araucania\/#primaryimage","url":"https:\/\/www.mundoagropecuario.cl\/new\/wp-content\/uploads\/2025\/02\/Plantilla-estandar-mundo-acuicola-10-scaled.jpg","contentUrl":"https:\/\/www.mundoagropecuario.cl\/new\/wp-content\/uploads\/2025\/02\/Plantilla-estandar-mundo-acuicola-10-scaled.jpg","width":720,"height":384},{"@type":"BreadcrumbList","@id":"https:\/\/www.mundoagropecuario.cl\/new\/indap-activa-creditos-de-emergencia-y-renegociacion-de-deudas-por-incendios-forestales-en-la-araucania\/#breadcrumb","itemListElement":[{"@type":"ListItem","position":1,"name":"Portada","item":"https:\/\/www.mundoagropecuario.cl\/new\/"},{"@type":"ListItem","position":2,"name":"INDAP activa cr\u00e9ditos de emergencia y renegociaci\u00f3n de deudas por incendios forestales en La Araucan\u00eda"}]},{"@type":"WebSite","@id":"https:\/\/www.mundoagropecuario.cl\/new\/#website","url":"https:\/\/www.mundoagropecuario.cl\/new\/","name":"Mundoagropecuario","description":"Mundo Agropecuario","publisher":{"@id":"https:\/\/www.mundoagropecuario.cl\/new\/#organization"},"potentialAction":[{"@type":"SearchAction","target":{"@type":"EntryPoint","urlTemplate":"https:\/\/www.mundoagropecuario.cl\/new\/?s={search_term_string}"},"query-input":{"@type":"PropertyValueSpecification","valueRequired":true,"valueName":"search_term_string"}}],"inLanguage":"es"},{"@type":"Organization","@id":"https:\/\/www.mundoagropecuario.cl\/new\/#organization","name":"Revista de Agricultura","url":"https:\/\/www.mundoagropecuario.cl\/new\/","logo":{"@type":"ImageObject","inLanguage":"es","@id":"https:\/\/www.mundoagropecuario.cl\/new\/#\/schema\/logo\/image\/","url":"https:\/\/www.mundoagropecuario.cl\/new\/wp-content\/uploads\/2020\/11\/PORTAL-1-1.png","contentUrl":"https:\/\/www.mundoagropecuario.cl\/new\/wp-content\/uploads\/2020\/11\/PORTAL-1-1.png","width":1026,"height":100,"caption":"Revista de Agricultura"},"image":{"@id":"https:\/\/www.mundoagropecuario.cl\/new\/#\/schema\/logo\/image\/"},"sameAs":["https:\/\/www.facebook.com\/mundo.agropecuario.3","https:\/\/x.com\/MundoAgropecuar","https:\/\/www.linkedin.com\/in\/mundo-agropecuario-934009201\/"]},{"@type":"Person","@id":"https:\/\/www.mundoagropecuario.cl\/new\/#\/schema\/person\/4e9f74a82a7dac260eb1c44b7eebeb18","name":"mundo","url":"https:\/\/www.mundoagropecuario.cl\/new\/author\/mundo\/"}]}},"_links":{"self":[{"href":"https:\/\/www.mundoagropecuario.cl\/new\/wp-json\/wp\/v2\/posts\/26506","targetHints":{"allow":["GET"]}}],"collection":[{"href":"https:\/\/www.mundoagropecuario.cl\/new\/wp-json\/wp\/v2\/posts"}],"about":[{"href":"https:\/\/www.mundoagropecuario.cl\/new\/wp-json\/wp\/v2\/types\/post"}],"author":[{"embeddable":true,"href":"https:\/\/www.mundoagropecuario.cl\/new\/wp-json\/wp\/v2\/users\/2"}],"replies":[{"embeddable":true,"href":"https:\/\/www.mundoagropecuario.cl\/new\/wp-json\/wp\/v2\/comments?post=26506"}],"version-history":[{"count":1,"href":"https:\/\/www.mundoagropecuario.cl\/new\/wp-json\/wp\/v2\/posts\/26506\/revisions"}],"predecessor-version":[{"id":26508,"href":"https:\/\/www.mundoagropecuario.cl\/new\/wp-json\/wp\/v2\/posts\/26506\/revisions\/26508"}],"wp:featuredmedia":[{"embeddable":true,"href":"https:\/\/www.mundoagropecuario.cl\/new\/wp-json\/wp\/v2\/media\/26507"}],"wp:attachment":[{"href":"https:\/\/www.mundoagropecuario.cl\/new\/wp-json\/wp\/v2\/media?parent=26506"}],"wp:term":[{"taxonomy":"category","embeddable":true,"href":"https:\/\/www.mundoagropecuario.cl\/new\/wp-json\/wp\/v2\/categories?post=26506"},{"taxonomy":"post_tag","embeddable":true,"href":"https:\/\/www.mundoagropecuario.cl\/new\/wp-json\/wp\/v2\/tags?post=26506"}],"curies":[{"name":"wp","href":"https:\/\/api.w.org\/{rel}","templated":true}]}}