{"id":26491,"date":"2025-02-19T12:04:28","date_gmt":"2025-02-19T15:04:28","guid":{"rendered":"https:\/\/www.mundoagropecuario.cl\/new\/?p=26491"},"modified":"2025-02-21T12:15:42","modified_gmt":"2025-02-21T15:15:42","slug":"entregan-recomendaciones-para-prevenir-incendios-forestales","status":"publish","type":"post","link":"https:\/\/www.mundoagropecuario.cl\/new\/entregan-recomendaciones-para-prevenir-incendios-forestales\/","title":{"rendered":"Entregan recomendaciones para prevenir incendios forestales"},"content":{"rendered":"<p><span style=\"font-weight: 400;\">Con el mensaje \u201cPrevenir un incendio es m\u00e1s f\u00e1cil que combatirlo\u201d, la subsecretaria de Agricultura, Ignacia Fern\u00e1ndez, junto a la ministra (s) general de Gobierno, Nicole Cardoch, el director Metropolitano de la CONAF, Rodrigo Illesca, el alcalde de la comuna de Estaci\u00f3n Central, Felipe Mu\u00f1oz y la seremi de Agricultura de la regi\u00f3n Metropolitana, Montserrat Candia, realizaron hoy una actividad informativa en el terminal de buses Alameda, donde entregaron consejos de prevenci\u00f3n de incendios forestales a quienes iniciar\u00e1n sus vacaciones de verano.\u00a0<\/span><\/p>\n<p><span style=\"font-weight: 400;\">Durante la actividad, las autoridades acompa\u00f1adas del popular Forest\u00edn, distribuyeron un manual con buenas pr\u00e1cticas para prevenir incendios forestales a turistas que salen de la regi\u00f3n Metropolitana para ser adoptadas en sus vacaciones, con el objeto de incentivar a la prevenci\u00f3n, a la responsabilidad y motivar a la poblaci\u00f3n a tener una conducta preventiva que eviten estos siniestros.<\/span><\/p>\n<h3><strong><span style=\"font-weight: 400;\">Programa de Protecci\u00f3n contra Incendios Forestales<\/span><\/strong><\/h3>\n<p><span style=\"font-weight: 400;\">En el lugar, la subsecretaria Fern\u00e1ndez se\u00f1al\u00f3 que \u201ces importante recordarle a la ciudadan\u00eda cu\u00e1les son las medidas que pueden adoptar para ayudarnos a prevenir la ocurrencia de incendios durante el verano. Como ministerio hemos fortalecido la configuraci\u00f3n actual del Programa de Protecci\u00f3n contra Incendios Forestales de este periodo, para elevar los est\u00e1ndares de selecci\u00f3n de brigadistas, prevenci\u00f3n y mitigaci\u00f3n. En ese sentido, el presupuesto asignado para esta temporada fue de 156 mil millones de pesos, una cifra que fortalece el n\u00famero de brigadas entre las regiones de Atacama y Magallanes, as\u00ed como tambi\u00e9n los recursos a\u00e9reos y terrestres\u201d.\u00a0<\/span><\/p>\n<p><span style=\"font-weight: 400;\">La ministra (s) Secretaria General de Gobierno, Nicole Cardoch, en tanto, record\u00f3 que \u201cen Chile el 99,7% de los incendios forestales son causados por las personas, ya sea por acciones negligentes o irresponsable, por eso queremos informar a la ciudadan\u00eda sobre las medidas de cuidado, prevenci\u00f3n y responsabilidad que deben tener estas vacaciones\u201d.<\/span><\/p>\n<h3>Reiteran medidas de prevenci\u00f3n<\/h3>\n<p><span style=\"font-weight: 400;\">Por su parte, el director Metropolitano de la CONAF, Rodrigo Illesca, detall\u00f3 que, a la fecha, \u201ca nivel nacional, hay una ocurrencia de m\u00e1s de 4 mil incendios forestales, afectando sobre 51 mil hect\u00e1reas; es por eso que insistimos en no hacer uso del fuego en lugares no habilitados, no arrojar f\u00f3sforos ni colillas de cigarros, no quemar basura, no utilizar herramientas que generen chispas y si ves humo o cualquier indicio de un incendio llama de inmediato al 130 de CONAF. Debemos recordar a la poblaci\u00f3n que, si son testigos de este delito, deben denunciar y que quien provoque un incendio arriesga una pena de hasta 20 a\u00f1os de c\u00e1rcel y multas que pueden alcanzar los 10 millones de pesos. Prevenir un incendio forestal es tarea de todas y de todos\u201d.\u00a0\u00a0\u00a0<\/span><\/p>\n<p><span style=\"font-weight: 400;\">El gobierno ha destinado un presupuesto hist\u00f3rico, que junto al aporte del sector privado alcanza los $300 mil millones para enfrentar los incendios forestales. Este esfuerzo se ha complementado con el despliegue de 311 brigadas con 3 mil brigadistas de CONAF y una flota r\u00e9cord de 77 aeronaves, incluyendo dos aviones tanqueros de alta capacidad y un nuevo helic\u00f3ptero Chinook capaz de transportar hasta 10 toneladas de agua.\u00a0<\/span><\/p>\n","protected":false},"excerpt":{"rendered":"<p>Se inform\u00f3 a la ciudadan\u00eda cu\u00e1les son las medidas que pueden adoptar para evitar nuevos focos de incendios a lo largo del pa\u00eds. <\/p>\n","protected":false},"author":2,"featured_media":26492,"comment_status":"closed","ping_status":"closed","sticky":false,"template":"","format":"standard","meta":{"footnotes":""},"categories":[126],"tags":[876,2035,2328,663],"class_list":["post-26491","post","type-post","status-publish","format-standard","has-post-thumbnail","hentry","category-noticias","tag-conaf","tag-minagri","tag-ministerio-de-agricultura","tag-region-metropolitana"],"yoast_head":"<!-- This site is optimized with the Yoast SEO plugin v26.6 - https:\/\/yoast.com\/wordpress\/plugins\/seo\/ -->\n<title>Entregan recomendaciones para prevenir incendios forestales - Mundoagropecuario<\/title>\n<meta name=\"description\" content=\"Se inform\u00f3 a la ciudadan\u00eda cu\u00e1les son las medidas que pueden adoptar para evitar nuevos focos de incendios a lo largo del pa\u00eds.\" \/>\n<meta name=\"robots\" content=\"index, follow, max-snippet:-1, max-image-preview:large, max-video-preview:-1\" \/>\n<link rel=\"canonical\" href=\"https:\/\/www.mundoagropecuario.cl\/new\/entregan-recomendaciones-para-prevenir-incendios-forestales\/\" \/>\n<meta property=\"og:locale\" content=\"es_ES\" \/>\n<meta property=\"og:type\" content=\"article\" \/>\n<meta property=\"og:title\" content=\"Entregan recomendaciones para prevenir incendios forestales - Mundoagropecuario\" \/>\n<meta property=\"og:description\" content=\"Se inform\u00f3 a la ciudadan\u00eda cu\u00e1les son las medidas que pueden adoptar para evitar nuevos focos de incendios a lo largo del pa\u00eds.\" \/>\n<meta property=\"og:url\" content=\"https:\/\/www.mundoagropecuario.cl\/new\/entregan-recomendaciones-para-prevenir-incendios-forestales\/\" \/>\n<meta property=\"og:site_name\" content=\"Mundoagropecuario\" \/>\n<meta property=\"article:publisher\" content=\"https:\/\/www.facebook.com\/mundo.agropecuario.3\" \/>\n<meta property=\"article:published_time\" content=\"2025-02-19T15:04:28+00:00\" \/>\n<meta property=\"article:modified_time\" content=\"2025-02-21T15:15:42+00:00\" \/>\n<meta property=\"og:image\" content=\"https:\/\/www.mundoagropecuario.cl\/new\/wp-content\/uploads\/2025\/02\/Plantilla-estandar-mundo-acuicola-6-scaled.jpg\" \/>\n\t<meta property=\"og:image:width\" content=\"720\" \/>\n\t<meta property=\"og:image:height\" content=\"384\" \/>\n\t<meta property=\"og:image:type\" content=\"image\/jpeg\" \/>\n<meta name=\"author\" content=\"mundo\" \/>\n<meta name=\"twitter:card\" content=\"summary_large_image\" \/>\n<meta name=\"twitter:creator\" content=\"@MundoAgropecuar\" \/>\n<meta name=\"twitter:site\" content=\"@MundoAgropecuar\" \/>\n<meta name=\"twitter:label1\" content=\"Escrito por\" \/>\n\t<meta name=\"twitter:data1\" content=\"mundo\" \/>\n\t<meta name=\"twitter:label2\" content=\"Tiempo de lectura\" \/>\n\t<meta name=\"twitter:data2\" content=\"3 minutos\" \/>\n<script type=\"application\/ld+json\" class=\"yoast-schema-graph\">{\"@context\":\"https:\/\/schema.org\",\"@graph\":[{\"@type\":\"Article\",\"@id\":\"https:\/\/www.mundoagropecuario.cl\/new\/entregan-recomendaciones-para-prevenir-incendios-forestales\/#article\",\"isPartOf\":{\"@id\":\"https:\/\/www.mundoagropecuario.cl\/new\/entregan-recomendaciones-para-prevenir-incendios-forestales\/\"},\"author\":{\"name\":\"mundo\",\"@id\":\"https:\/\/www.mundoagropecuario.cl\/new\/#\/schema\/person\/4e9f74a82a7dac260eb1c44b7eebeb18\"},\"headline\":\"Entregan recomendaciones para prevenir incendios forestales\",\"datePublished\":\"2025-02-19T15:04:28+00:00\",\"dateModified\":\"2025-02-21T15:15:42+00:00\",\"mainEntityOfPage\":{\"@id\":\"https:\/\/www.mundoagropecuario.cl\/new\/entregan-recomendaciones-para-prevenir-incendios-forestales\/\"},\"wordCount\":536,\"publisher\":{\"@id\":\"https:\/\/www.mundoagropecuario.cl\/new\/#organization\"},\"image\":{\"@id\":\"https:\/\/www.mundoagropecuario.cl\/new\/entregan-recomendaciones-para-prevenir-incendios-forestales\/#primaryimage\"},\"thumbnailUrl\":\"https:\/\/www.mundoagropecuario.cl\/new\/wp-content\/uploads\/2025\/02\/Plantilla-estandar-mundo-acuicola-6-scaled.jpg\",\"keywords\":[\"Conaf\",\"Minagri\",\"Ministerio de Agricultura\",\"Regi\u00f3n Metropolitana\"],\"articleSection\":[\"Noticias\"],\"inLanguage\":\"es\"},{\"@type\":\"WebPage\",\"@id\":\"https:\/\/www.mundoagropecuario.cl\/new\/entregan-recomendaciones-para-prevenir-incendios-forestales\/\",\"url\":\"https:\/\/www.mundoagropecuario.cl\/new\/entregan-recomendaciones-para-prevenir-incendios-forestales\/\",\"name\":\"Entregan recomendaciones para prevenir incendios forestales - Mundoagropecuario\",\"isPartOf\":{\"@id\":\"https:\/\/www.mundoagropecuario.cl\/new\/#website\"},\"primaryImageOfPage\":{\"@id\":\"https:\/\/www.mundoagropecuario.cl\/new\/entregan-recomendaciones-para-prevenir-incendios-forestales\/#primaryimage\"},\"image\":{\"@id\":\"https:\/\/www.mundoagropecuario.cl\/new\/entregan-recomendaciones-para-prevenir-incendios-forestales\/#primaryimage\"},\"thumbnailUrl\":\"https:\/\/www.mundoagropecuario.cl\/new\/wp-content\/uploads\/2025\/02\/Plantilla-estandar-mundo-acuicola-6-scaled.jpg\",\"datePublished\":\"2025-02-19T15:04:28+00:00\",\"dateModified\":\"2025-02-21T15:15:42+00:00\",\"description\":\"Se inform\u00f3 a la ciudadan\u00eda cu\u00e1les son las medidas que pueden adoptar para evitar nuevos focos de incendios a lo largo del pa\u00eds.\",\"breadcrumb\":{\"@id\":\"https:\/\/www.mundoagropecuario.cl\/new\/entregan-recomendaciones-para-prevenir-incendios-forestales\/#breadcrumb\"},\"inLanguage\":\"es\",\"potentialAction\":[{\"@type\":\"ReadAction\",\"target\":[\"https:\/\/www.mundoagropecuario.cl\/new\/entregan-recomendaciones-para-prevenir-incendios-forestales\/\"]}]},{\"@type\":\"ImageObject\",\"inLanguage\":\"es\",\"@id\":\"https:\/\/www.mundoagropecuario.cl\/new\/entregan-recomendaciones-para-prevenir-incendios-forestales\/#primaryimage\",\"url\":\"https:\/\/www.mundoagropecuario.cl\/new\/wp-content\/uploads\/2025\/02\/Plantilla-estandar-mundo-acuicola-6-scaled.jpg\",\"contentUrl\":\"https:\/\/www.mundoagropecuario.cl\/new\/wp-content\/uploads\/2025\/02\/Plantilla-estandar-mundo-acuicola-6-scaled.jpg\",\"width\":720,\"height\":384},{\"@type\":\"BreadcrumbList\",\"@id\":\"https:\/\/www.mundoagropecuario.cl\/new\/entregan-recomendaciones-para-prevenir-incendios-forestales\/#breadcrumb\",\"itemListElement\":[{\"@type\":\"ListItem\",\"position\":1,\"name\":\"Portada\",\"item\":\"https:\/\/www.mundoagropecuario.cl\/new\/\"},{\"@type\":\"ListItem\",\"position\":2,\"name\":\"Entregan recomendaciones para prevenir incendios forestales\"}]},{\"@type\":\"WebSite\",\"@id\":\"https:\/\/www.mundoagropecuario.cl\/new\/#website\",\"url\":\"https:\/\/www.mundoagropecuario.cl\/new\/\",\"name\":\"Mundoagropecuario\",\"description\":\"Mundo Agropecuario\",\"publisher\":{\"@id\":\"https:\/\/www.mundoagropecuario.cl\/new\/#organization\"},\"potentialAction\":[{\"@type\":\"SearchAction\",\"target\":{\"@type\":\"EntryPoint\",\"urlTemplate\":\"https:\/\/www.mundoagropecuario.cl\/new\/?s={search_term_string}\"},\"query-input\":{\"@type\":\"PropertyValueSpecification\",\"valueRequired\":true,\"valueName\":\"search_term_string\"}}],\"inLanguage\":\"es\"},{\"@type\":\"Organization\",\"@id\":\"https:\/\/www.mundoagropecuario.cl\/new\/#organization\",\"name\":\"Revista de Agricultura\",\"url\":\"https:\/\/www.mundoagropecuario.cl\/new\/\",\"logo\":{\"@type\":\"ImageObject\",\"inLanguage\":\"es\",\"@id\":\"https:\/\/www.mundoagropecuario.cl\/new\/#\/schema\/logo\/image\/\",\"url\":\"https:\/\/www.mundoagropecuario.cl\/new\/wp-content\/uploads\/2020\/11\/PORTAL-1-1.png\",\"contentUrl\":\"https:\/\/www.mundoagropecuario.cl\/new\/wp-content\/uploads\/2020\/11\/PORTAL-1-1.png\",\"width\":1026,\"height\":100,\"caption\":\"Revista de Agricultura\"},\"image\":{\"@id\":\"https:\/\/www.mundoagropecuario.cl\/new\/#\/schema\/logo\/image\/\"},\"sameAs\":[\"https:\/\/www.facebook.com\/mundo.agropecuario.3\",\"https:\/\/x.com\/MundoAgropecuar\",\"https:\/\/www.linkedin.com\/in\/mundo-agropecuario-934009201\/\"]},{\"@type\":\"Person\",\"@id\":\"https:\/\/www.mundoagropecuario.cl\/new\/#\/schema\/person\/4e9f74a82a7dac260eb1c44b7eebeb18\",\"name\":\"mundo\",\"url\":\"https:\/\/www.mundoagropecuario.cl\/new\/author\/mundo\/\"}]}<\/script>\n<!-- \/ Yoast SEO plugin. -->","yoast_head_json":{"title":"Entregan recomendaciones para prevenir incendios forestales - Mundoagropecuario","description":"Se inform\u00f3 a la ciudadan\u00eda cu\u00e1les son las medidas que pueden adoptar para evitar nuevos focos de incendios a lo largo del pa\u00eds.","robots":{"index":"index","follow":"follow","max-snippet":"max-snippet:-1","max-image-preview":"max-image-preview:large","max-video-preview":"max-video-preview:-1"},"canonical":"https:\/\/www.mundoagropecuario.cl\/new\/entregan-recomendaciones-para-prevenir-incendios-forestales\/","og_locale":"es_ES","og_type":"article","og_title":"Entregan recomendaciones para prevenir incendios forestales - Mundoagropecuario","og_description":"Se inform\u00f3 a la ciudadan\u00eda cu\u00e1les son las medidas que pueden adoptar para evitar nuevos focos de incendios a lo largo del pa\u00eds.","og_url":"https:\/\/www.mundoagropecuario.cl\/new\/entregan-recomendaciones-para-prevenir-incendios-forestales\/","og_site_name":"Mundoagropecuario","article_publisher":"https:\/\/www.facebook.com\/mundo.agropecuario.3","article_published_time":"2025-02-19T15:04:28+00:00","article_modified_time":"2025-02-21T15:15:42+00:00","og_image":[{"width":720,"height":384,"url":"https:\/\/www.mundoagropecuario.cl\/new\/wp-content\/uploads\/2025\/02\/Plantilla-estandar-mundo-acuicola-6-scaled.jpg","type":"image\/jpeg"}],"author":"mundo","twitter_card":"summary_large_image","twitter_creator":"@MundoAgropecuar","twitter_site":"@MundoAgropecuar","twitter_misc":{"Escrito por":"mundo","Tiempo de lectura":"3 minutos"},"schema":{"@context":"https:\/\/schema.org","@graph":[{"@type":"Article","@id":"https:\/\/www.mundoagropecuario.cl\/new\/entregan-recomendaciones-para-prevenir-incendios-forestales\/#article","isPartOf":{"@id":"https:\/\/www.mundoagropecuario.cl\/new\/entregan-recomendaciones-para-prevenir-incendios-forestales\/"},"author":{"name":"mundo","@id":"https:\/\/www.mundoagropecuario.cl\/new\/#\/schema\/person\/4e9f74a82a7dac260eb1c44b7eebeb18"},"headline":"Entregan recomendaciones para prevenir incendios forestales","datePublished":"2025-02-19T15:04:28+00:00","dateModified":"2025-02-21T15:15:42+00:00","mainEntityOfPage":{"@id":"https:\/\/www.mundoagropecuario.cl\/new\/entregan-recomendaciones-para-prevenir-incendios-forestales\/"},"wordCount":536,"publisher":{"@id":"https:\/\/www.mundoagropecuario.cl\/new\/#organization"},"image":{"@id":"https:\/\/www.mundoagropecuario.cl\/new\/entregan-recomendaciones-para-prevenir-incendios-forestales\/#primaryimage"},"thumbnailUrl":"https:\/\/www.mundoagropecuario.cl\/new\/wp-content\/uploads\/2025\/02\/Plantilla-estandar-mundo-acuicola-6-scaled.jpg","keywords":["Conaf","Minagri","Ministerio de Agricultura","Regi\u00f3n Metropolitana"],"articleSection":["Noticias"],"inLanguage":"es"},{"@type":"WebPage","@id":"https:\/\/www.mundoagropecuario.cl\/new\/entregan-recomendaciones-para-prevenir-incendios-forestales\/","url":"https:\/\/www.mundoagropecuario.cl\/new\/entregan-recomendaciones-para-prevenir-incendios-forestales\/","name":"Entregan recomendaciones para prevenir incendios forestales - Mundoagropecuario","isPartOf":{"@id":"https:\/\/www.mundoagropecuario.cl\/new\/#website"},"primaryImageOfPage":{"@id":"https:\/\/www.mundoagropecuario.cl\/new\/entregan-recomendaciones-para-prevenir-incendios-forestales\/#primaryimage"},"image":{"@id":"https:\/\/www.mundoagropecuario.cl\/new\/entregan-recomendaciones-para-prevenir-incendios-forestales\/#primaryimage"},"thumbnailUrl":"https:\/\/www.mundoagropecuario.cl\/new\/wp-content\/uploads\/2025\/02\/Plantilla-estandar-mundo-acuicola-6-scaled.jpg","datePublished":"2025-02-19T15:04:28+00:00","dateModified":"2025-02-21T15:15:42+00:00","description":"Se inform\u00f3 a la ciudadan\u00eda cu\u00e1les son las medidas que pueden adoptar para evitar nuevos focos de incendios a lo largo del pa\u00eds.","breadcrumb":{"@id":"https:\/\/www.mundoagropecuario.cl\/new\/entregan-recomendaciones-para-prevenir-incendios-forestales\/#breadcrumb"},"inLanguage":"es","potentialAction":[{"@type":"ReadAction","target":["https:\/\/www.mundoagropecuario.cl\/new\/entregan-recomendaciones-para-prevenir-incendios-forestales\/"]}]},{"@type":"ImageObject","inLanguage":"es","@id":"https:\/\/www.mundoagropecuario.cl\/new\/entregan-recomendaciones-para-prevenir-incendios-forestales\/#primaryimage","url":"https:\/\/www.mundoagropecuario.cl\/new\/wp-content\/uploads\/2025\/02\/Plantilla-estandar-mundo-acuicola-6-scaled.jpg","contentUrl":"https:\/\/www.mundoagropecuario.cl\/new\/wp-content\/uploads\/2025\/02\/Plantilla-estandar-mundo-acuicola-6-scaled.jpg","width":720,"height":384},{"@type":"BreadcrumbList","@id":"https:\/\/www.mundoagropecuario.cl\/new\/entregan-recomendaciones-para-prevenir-incendios-forestales\/#breadcrumb","itemListElement":[{"@type":"ListItem","position":1,"name":"Portada","item":"https:\/\/www.mundoagropecuario.cl\/new\/"},{"@type":"ListItem","position":2,"name":"Entregan recomendaciones para prevenir incendios forestales"}]},{"@type":"WebSite","@id":"https:\/\/www.mundoagropecuario.cl\/new\/#website","url":"https:\/\/www.mundoagropecuario.cl\/new\/","name":"Mundoagropecuario","description":"Mundo Agropecuario","publisher":{"@id":"https:\/\/www.mundoagropecuario.cl\/new\/#organization"},"potentialAction":[{"@type":"SearchAction","target":{"@type":"EntryPoint","urlTemplate":"https:\/\/www.mundoagropecuario.cl\/new\/?s={search_term_string}"},"query-input":{"@type":"PropertyValueSpecification","valueRequired":true,"valueName":"search_term_string"}}],"inLanguage":"es"},{"@type":"Organization","@id":"https:\/\/www.mundoagropecuario.cl\/new\/#organization","name":"Revista de Agricultura","url":"https:\/\/www.mundoagropecuario.cl\/new\/","logo":{"@type":"ImageObject","inLanguage":"es","@id":"https:\/\/www.mundoagropecuario.cl\/new\/#\/schema\/logo\/image\/","url":"https:\/\/www.mundoagropecuario.cl\/new\/wp-content\/uploads\/2020\/11\/PORTAL-1-1.png","contentUrl":"https:\/\/www.mundoagropecuario.cl\/new\/wp-content\/uploads\/2020\/11\/PORTAL-1-1.png","width":1026,"height":100,"caption":"Revista de Agricultura"},"image":{"@id":"https:\/\/www.mundoagropecuario.cl\/new\/#\/schema\/logo\/image\/"},"sameAs":["https:\/\/www.facebook.com\/mundo.agropecuario.3","https:\/\/x.com\/MundoAgropecuar","https:\/\/www.linkedin.com\/in\/mundo-agropecuario-934009201\/"]},{"@type":"Person","@id":"https:\/\/www.mundoagropecuario.cl\/new\/#\/schema\/person\/4e9f74a82a7dac260eb1c44b7eebeb18","name":"mundo","url":"https:\/\/www.mundoagropecuario.cl\/new\/author\/mundo\/"}]}},"_links":{"self":[{"href":"https:\/\/www.mundoagropecuario.cl\/new\/wp-json\/wp\/v2\/posts\/26491","targetHints":{"allow":["GET"]}}],"collection":[{"href":"https:\/\/www.mundoagropecuario.cl\/new\/wp-json\/wp\/v2\/posts"}],"about":[{"href":"https:\/\/www.mundoagropecuario.cl\/new\/wp-json\/wp\/v2\/types\/post"}],"author":[{"embeddable":true,"href":"https:\/\/www.mundoagropecuario.cl\/new\/wp-json\/wp\/v2\/users\/2"}],"replies":[{"embeddable":true,"href":"https:\/\/www.mundoagropecuario.cl\/new\/wp-json\/wp\/v2\/comments?post=26491"}],"version-history":[{"count":1,"href":"https:\/\/www.mundoagropecuario.cl\/new\/wp-json\/wp\/v2\/posts\/26491\/revisions"}],"predecessor-version":[{"id":26493,"href":"https:\/\/www.mundoagropecuario.cl\/new\/wp-json\/wp\/v2\/posts\/26491\/revisions\/26493"}],"wp:featuredmedia":[{"embeddable":true,"href":"https:\/\/www.mundoagropecuario.cl\/new\/wp-json\/wp\/v2\/media\/26492"}],"wp:attachment":[{"href":"https:\/\/www.mundoagropecuario.cl\/new\/wp-json\/wp\/v2\/media?parent=26491"}],"wp:term":[{"taxonomy":"category","embeddable":true,"href":"https:\/\/www.mundoagropecuario.cl\/new\/wp-json\/wp\/v2\/categories?post=26491"},{"taxonomy":"post_tag","embeddable":true,"href":"https:\/\/www.mundoagropecuario.cl\/new\/wp-json\/wp\/v2\/tags?post=26491"}],"curies":[{"name":"wp","href":"https:\/\/api.w.org\/{rel}","templated":true}]}}