{"id":26461,"date":"2025-02-14T11:47:10","date_gmt":"2025-02-14T14:47:10","guid":{"rendered":"https:\/\/www.mundoagropecuario.cl\/new\/?p=26461"},"modified":"2025-02-19T13:16:46","modified_gmt":"2025-02-19T16:16:46","slug":"en-puren-comenzo-la-entrega-de-ayuda-a-agricultores-de-la-araucania-afectados-por-incendios","status":"publish","type":"post","link":"https:\/\/www.mundoagropecuario.cl\/new\/en-puren-comenzo-la-entrega-de-ayuda-a-agricultores-de-la-araucania-afectados-por-incendios\/","title":{"rendered":"En Pur\u00e9n comenz\u00f3 la entrega de ayuda a agricultores de La Araucan\u00eda afectados por incendios"},"content":{"rendered":"<div>\n<p>Un total de 303 peque\u00f1os productores y productoras agr\u00edcolas de las comunas de Pur\u00e9n, Collipulli, Ercilla y Perquenco se han visto afectados hasta ahora por los incendios forestales que azotan la regi\u00f3n de La Araucan\u00eda, seg\u00fan un catastro en tiempo real que lleva adelante el Instituto de Desarrollo Agropecuario (INDAP), servicio que este jueves dio inicio a la entrega de las primeras ayudas tempranas a las familias damnificadas.<\/p>\n<p>La ayuda contempla, en una primera etapa, la entrega de alimentaci\u00f3n para el ganado, las aves y las abejas de quienes han sufrido da\u00f1os en sus predios, o la transferencia directa de $200.000 para el mismo objetivo. Los primeros beneficiados fueron 120 productores de la comuna de Pur\u00e9n, igual n\u00famero que recibir\u00e1 apoyo este viernes en Galvarino. El lunes continuar\u00e1 el despliegue de INDAP en Ercilla, Perquenco y Collipulli a trav\u00e9s de la transferencia directa de $200 mil pesos a 63 afectados y cuyos recursos tambi\u00e9n van dirigidos a la sobrevivencia animal.<\/p>\n<p><span lang=\"ES-CL\">Durante la temporada 2024-2025 los incendios forestales suman 4.143 a nivel nacional, con 46.905 hect\u00e1reas quemadas, siendo La Araucan\u00eda la m\u00e1s golpeada, con 707 siniestros y 22.783 hect\u00e1reas consumidas por el fuego, seg\u00fan reportes de la Corporaci\u00f3n Nacional Forestal (Conaf). Solo entre el jueves 6 y este jueves 13 la superficie afectada en la zona suma 17.633 hect\u00e1reas.<\/span><\/p>\n<p><span lang=\"ES-CL\">La primera entrega de ayuda en Pur\u00e9n fue liderada por el director nacional de INDAP, Santiago Rojas; el delegado presidencial de La Araucan\u00eda, Eduardo Abdala; el seremi de Agricultura, H\u00e9ctor Cumilaf, y el alcalde local, Frann Barbieri, y consisti\u00f3 en\u00a0<\/span>30 mil kilos de alimento concentrado para los animales de 120 familias\u00a0<span lang=\"ES-CL\">de los sectores Buchahueico, Isla Catrileo, Remehueico, Loncoyan y Huitranlebu.<\/span><\/p>\n<h3>Recuperaci\u00f3n<\/h3>\n<p><span lang=\"ES-CL\">Junto con enviarles &#8220;un abrazo afectuoso&#8221; a todos quienes han sufrido los efectos de los incendios, Santiago Rojas comprometi\u00f3 el apoyo total de INDAP: &#8220;Sabemos que es un golpe duro y por eso estamos desplegados entregando las primeras ayudas en forma oportuna. Partimos por Pur\u00e9n, que una de las comunas m\u00e1s afectadas, y vamos a poner todos nuestros programas a disposici\u00f3n para que vuelvan a ponerse de pie&#8221;.<\/span><\/p>\n<p><span lang=\"ES-CL\">Ana Marillan, agricultora del sector Huitranlebu, cont\u00f3 que &#8220;el fuego fue muy inesperado y afect\u00f3 a muchos adultos mayores, j\u00f3venes y guaguas. Fue triste y doloroso. Yo fui atacada por el fuego y gracias a Dios no me pas\u00f3 nada, pero otros vecinos perdieron todo y quedaron de brazos cruzados. Agradezco de todo coraz\u00f3n al gobierno y a quienes llegaron a ayudarnos. Teniendo la salud buena, vamos a salir adelante&#8221;.<\/span><\/p>\n<p><span lang=\"ES-CL\">&#8220;Sabemos que el fuego no perdona nada, arrasa con todo. Hubo comunidades que perdieron casas, cultivos, animales mayores y menores. A nosotros se nos quem\u00f3 el predio agr\u00edcola forestal. Como pueblo mapuche, agradecemos al Estado y a las autoridades por la ayuda que recibimos&#8221;, expres\u00f3 por su parte el agricultor Juan Mar\u00edn, del sector Loncoyan.<\/span><\/p>\n<p>Durante la administraci\u00f3n del Presidente Gabriel Boric, el gobierno ha entregado m\u00e1s de $82.000 millones en apoyos por las diferentes cat\u00e1strofes que ha sufrido el sector campesino, beneficiando a m\u00e1s de 153 mil usuarios y usuarias de INDAP con alimentaci\u00f3n animal y ap\u00edcola, rehabilitaci\u00f3n productiva y obras de riego.<\/p>\n<\/div>\n","protected":false},"excerpt":{"rendered":"<p>INDAP entreg\u00f3 30 mil kilos de alimento para los animales de 120 familias de Pur\u00e9n y continuar\u00e1 los operativos de emergencia hoy.<\/p>\n","protected":false},"author":2,"featured_media":26462,"comment_status":"closed","ping_status":"closed","sticky":false,"template":"","format":"standard","meta":{"footnotes":""},"categories":[1945],"tags":[876,2663,1992,1735,9648,1978],"class_list":["post-26461","post","type-post","status-publish","format-standard","has-post-thumbnail","hentry","category-agricultura","tag-conaf","tag-incendios-forestales","tag-indap","tag-la-araucania","tag-riego-agricola","tag-seremi-de-agricultura"],"yoast_head":"<!-- This site is optimized with the Yoast SEO plugin v26.6 - https:\/\/yoast.com\/wordpress\/plugins\/seo\/ -->\n<title>En Pur\u00e9n comenz\u00f3 la entrega de ayuda a agricultores de La Araucan\u00eda afectados por incendios - Mundoagropecuario<\/title>\n<meta name=\"description\" content=\"INDAP entreg\u00f3 30 mil kilos de alimento para los animales de 120 familias de Pur\u00e9n y continuar\u00e1 los operativos de emergencia hoy.\" \/>\n<meta name=\"robots\" content=\"index, follow, max-snippet:-1, max-image-preview:large, max-video-preview:-1\" \/>\n<link rel=\"canonical\" href=\"https:\/\/www.mundoagropecuario.cl\/new\/en-puren-comenzo-la-entrega-de-ayuda-a-agricultores-de-la-araucania-afectados-por-incendios\/\" \/>\n<meta property=\"og:locale\" content=\"es_ES\" \/>\n<meta property=\"og:type\" content=\"article\" \/>\n<meta property=\"og:title\" content=\"En Pur\u00e9n comenz\u00f3 la entrega de ayuda a agricultores de La Araucan\u00eda afectados por incendios - Mundoagropecuario\" \/>\n<meta property=\"og:description\" content=\"INDAP entreg\u00f3 30 mil kilos de alimento para los animales de 120 familias de Pur\u00e9n y continuar\u00e1 los operativos de emergencia hoy.\" \/>\n<meta property=\"og:url\" content=\"https:\/\/www.mundoagropecuario.cl\/new\/en-puren-comenzo-la-entrega-de-ayuda-a-agricultores-de-la-araucania-afectados-por-incendios\/\" \/>\n<meta property=\"og:site_name\" content=\"Mundoagropecuario\" \/>\n<meta property=\"article:publisher\" content=\"https:\/\/www.facebook.com\/mundo.agropecuario.3\" \/>\n<meta property=\"article:published_time\" content=\"2025-02-14T14:47:10+00:00\" \/>\n<meta property=\"article:modified_time\" content=\"2025-02-19T16:16:46+00:00\" \/>\n<meta property=\"og:image\" content=\"https:\/\/www.mundoagropecuario.cl\/new\/wp-content\/uploads\/2025\/02\/Plantilla-estandar-mundo-acuicola-2025-02-14T114637.356-scaled.jpg\" \/>\n\t<meta property=\"og:image:width\" content=\"720\" \/>\n\t<meta property=\"og:image:height\" content=\"384\" \/>\n\t<meta property=\"og:image:type\" content=\"image\/jpeg\" \/>\n<meta name=\"author\" content=\"mundo\" \/>\n<meta name=\"twitter:card\" content=\"summary_large_image\" \/>\n<meta name=\"twitter:creator\" content=\"@MundoAgropecuar\" \/>\n<meta name=\"twitter:site\" content=\"@MundoAgropecuar\" \/>\n<meta name=\"twitter:label1\" content=\"Escrito por\" \/>\n\t<meta name=\"twitter:data1\" content=\"mundo\" \/>\n\t<meta name=\"twitter:label2\" content=\"Tiempo de lectura\" \/>\n\t<meta name=\"twitter:data2\" content=\"3 minutos\" \/>\n<script type=\"application\/ld+json\" class=\"yoast-schema-graph\">{\"@context\":\"https:\/\/schema.org\",\"@graph\":[{\"@type\":\"Article\",\"@id\":\"https:\/\/www.mundoagropecuario.cl\/new\/en-puren-comenzo-la-entrega-de-ayuda-a-agricultores-de-la-araucania-afectados-por-incendios\/#article\",\"isPartOf\":{\"@id\":\"https:\/\/www.mundoagropecuario.cl\/new\/en-puren-comenzo-la-entrega-de-ayuda-a-agricultores-de-la-araucania-afectados-por-incendios\/\"},\"author\":{\"name\":\"mundo\",\"@id\":\"https:\/\/www.mundoagropecuario.cl\/new\/#\/schema\/person\/4e9f74a82a7dac260eb1c44b7eebeb18\"},\"headline\":\"En Pur\u00e9n comenz\u00f3 la entrega de ayuda a agricultores de La Araucan\u00eda afectados por incendios\",\"datePublished\":\"2025-02-14T14:47:10+00:00\",\"dateModified\":\"2025-02-19T16:16:46+00:00\",\"mainEntityOfPage\":{\"@id\":\"https:\/\/www.mundoagropecuario.cl\/new\/en-puren-comenzo-la-entrega-de-ayuda-a-agricultores-de-la-araucania-afectados-por-incendios\/\"},\"wordCount\":561,\"publisher\":{\"@id\":\"https:\/\/www.mundoagropecuario.cl\/new\/#organization\"},\"image\":{\"@id\":\"https:\/\/www.mundoagropecuario.cl\/new\/en-puren-comenzo-la-entrega-de-ayuda-a-agricultores-de-la-araucania-afectados-por-incendios\/#primaryimage\"},\"thumbnailUrl\":\"https:\/\/www.mundoagropecuario.cl\/new\/wp-content\/uploads\/2025\/02\/Plantilla-estandar-mundo-acuicola-2025-02-14T114637.356-scaled.jpg\",\"keywords\":[\"Conaf\",\"incendios forestales\",\"Indap\",\"La Araucan\u00eda\",\"riego agr\u00edcola\",\"seremi de Agricultura\"],\"articleSection\":[\"Agricultura\"],\"inLanguage\":\"es\"},{\"@type\":\"WebPage\",\"@id\":\"https:\/\/www.mundoagropecuario.cl\/new\/en-puren-comenzo-la-entrega-de-ayuda-a-agricultores-de-la-araucania-afectados-por-incendios\/\",\"url\":\"https:\/\/www.mundoagropecuario.cl\/new\/en-puren-comenzo-la-entrega-de-ayuda-a-agricultores-de-la-araucania-afectados-por-incendios\/\",\"name\":\"En Pur\u00e9n comenz\u00f3 la entrega de ayuda a agricultores de La Araucan\u00eda afectados por incendios - Mundoagropecuario\",\"isPartOf\":{\"@id\":\"https:\/\/www.mundoagropecuario.cl\/new\/#website\"},\"primaryImageOfPage\":{\"@id\":\"https:\/\/www.mundoagropecuario.cl\/new\/en-puren-comenzo-la-entrega-de-ayuda-a-agricultores-de-la-araucania-afectados-por-incendios\/#primaryimage\"},\"image\":{\"@id\":\"https:\/\/www.mundoagropecuario.cl\/new\/en-puren-comenzo-la-entrega-de-ayuda-a-agricultores-de-la-araucania-afectados-por-incendios\/#primaryimage\"},\"thumbnailUrl\":\"https:\/\/www.mundoagropecuario.cl\/new\/wp-content\/uploads\/2025\/02\/Plantilla-estandar-mundo-acuicola-2025-02-14T114637.356-scaled.jpg\",\"datePublished\":\"2025-02-14T14:47:10+00:00\",\"dateModified\":\"2025-02-19T16:16:46+00:00\",\"description\":\"INDAP entreg\u00f3 30 mil kilos de alimento para los animales de 120 familias de Pur\u00e9n y continuar\u00e1 los operativos de emergencia hoy.\",\"breadcrumb\":{\"@id\":\"https:\/\/www.mundoagropecuario.cl\/new\/en-puren-comenzo-la-entrega-de-ayuda-a-agricultores-de-la-araucania-afectados-por-incendios\/#breadcrumb\"},\"inLanguage\":\"es\",\"potentialAction\":[{\"@type\":\"ReadAction\",\"target\":[\"https:\/\/www.mundoagropecuario.cl\/new\/en-puren-comenzo-la-entrega-de-ayuda-a-agricultores-de-la-araucania-afectados-por-incendios\/\"]}]},{\"@type\":\"ImageObject\",\"inLanguage\":\"es\",\"@id\":\"https:\/\/www.mundoagropecuario.cl\/new\/en-puren-comenzo-la-entrega-de-ayuda-a-agricultores-de-la-araucania-afectados-por-incendios\/#primaryimage\",\"url\":\"https:\/\/www.mundoagropecuario.cl\/new\/wp-content\/uploads\/2025\/02\/Plantilla-estandar-mundo-acuicola-2025-02-14T114637.356-scaled.jpg\",\"contentUrl\":\"https:\/\/www.mundoagropecuario.cl\/new\/wp-content\/uploads\/2025\/02\/Plantilla-estandar-mundo-acuicola-2025-02-14T114637.356-scaled.jpg\",\"width\":720,\"height\":384},{\"@type\":\"BreadcrumbList\",\"@id\":\"https:\/\/www.mundoagropecuario.cl\/new\/en-puren-comenzo-la-entrega-de-ayuda-a-agricultores-de-la-araucania-afectados-por-incendios\/#breadcrumb\",\"itemListElement\":[{\"@type\":\"ListItem\",\"position\":1,\"name\":\"Portada\",\"item\":\"https:\/\/www.mundoagropecuario.cl\/new\/\"},{\"@type\":\"ListItem\",\"position\":2,\"name\":\"En Pur\u00e9n comenz\u00f3 la entrega de ayuda a agricultores de La Araucan\u00eda afectados por incendios\"}]},{\"@type\":\"WebSite\",\"@id\":\"https:\/\/www.mundoagropecuario.cl\/new\/#website\",\"url\":\"https:\/\/www.mundoagropecuario.cl\/new\/\",\"name\":\"Mundoagropecuario\",\"description\":\"Mundo Agropecuario\",\"publisher\":{\"@id\":\"https:\/\/www.mundoagropecuario.cl\/new\/#organization\"},\"potentialAction\":[{\"@type\":\"SearchAction\",\"target\":{\"@type\":\"EntryPoint\",\"urlTemplate\":\"https:\/\/www.mundoagropecuario.cl\/new\/?s={search_term_string}\"},\"query-input\":{\"@type\":\"PropertyValueSpecification\",\"valueRequired\":true,\"valueName\":\"search_term_string\"}}],\"inLanguage\":\"es\"},{\"@type\":\"Organization\",\"@id\":\"https:\/\/www.mundoagropecuario.cl\/new\/#organization\",\"name\":\"Revista de Agricultura\",\"url\":\"https:\/\/www.mundoagropecuario.cl\/new\/\",\"logo\":{\"@type\":\"ImageObject\",\"inLanguage\":\"es\",\"@id\":\"https:\/\/www.mundoagropecuario.cl\/new\/#\/schema\/logo\/image\/\",\"url\":\"https:\/\/www.mundoagropecuario.cl\/new\/wp-content\/uploads\/2020\/11\/PORTAL-1-1.png\",\"contentUrl\":\"https:\/\/www.mundoagropecuario.cl\/new\/wp-content\/uploads\/2020\/11\/PORTAL-1-1.png\",\"width\":1026,\"height\":100,\"caption\":\"Revista de Agricultura\"},\"image\":{\"@id\":\"https:\/\/www.mundoagropecuario.cl\/new\/#\/schema\/logo\/image\/\"},\"sameAs\":[\"https:\/\/www.facebook.com\/mundo.agropecuario.3\",\"https:\/\/x.com\/MundoAgropecuar\",\"https:\/\/www.linkedin.com\/in\/mundo-agropecuario-934009201\/\"]},{\"@type\":\"Person\",\"@id\":\"https:\/\/www.mundoagropecuario.cl\/new\/#\/schema\/person\/4e9f74a82a7dac260eb1c44b7eebeb18\",\"name\":\"mundo\",\"url\":\"https:\/\/www.mundoagropecuario.cl\/new\/author\/mundo\/\"}]}<\/script>\n<!-- \/ Yoast SEO plugin. -->","yoast_head_json":{"title":"En Pur\u00e9n comenz\u00f3 la entrega de ayuda a agricultores de La Araucan\u00eda afectados por incendios - Mundoagropecuario","description":"INDAP entreg\u00f3 30 mil kilos de alimento para los animales de 120 familias de Pur\u00e9n y continuar\u00e1 los operativos de emergencia hoy.","robots":{"index":"index","follow":"follow","max-snippet":"max-snippet:-1","max-image-preview":"max-image-preview:large","max-video-preview":"max-video-preview:-1"},"canonical":"https:\/\/www.mundoagropecuario.cl\/new\/en-puren-comenzo-la-entrega-de-ayuda-a-agricultores-de-la-araucania-afectados-por-incendios\/","og_locale":"es_ES","og_type":"article","og_title":"En Pur\u00e9n comenz\u00f3 la entrega de ayuda a agricultores de La Araucan\u00eda afectados por incendios - Mundoagropecuario","og_description":"INDAP entreg\u00f3 30 mil kilos de alimento para los animales de 120 familias de Pur\u00e9n y continuar\u00e1 los operativos de emergencia hoy.","og_url":"https:\/\/www.mundoagropecuario.cl\/new\/en-puren-comenzo-la-entrega-de-ayuda-a-agricultores-de-la-araucania-afectados-por-incendios\/","og_site_name":"Mundoagropecuario","article_publisher":"https:\/\/www.facebook.com\/mundo.agropecuario.3","article_published_time":"2025-02-14T14:47:10+00:00","article_modified_time":"2025-02-19T16:16:46+00:00","og_image":[{"width":720,"height":384,"url":"https:\/\/www.mundoagropecuario.cl\/new\/wp-content\/uploads\/2025\/02\/Plantilla-estandar-mundo-acuicola-2025-02-14T114637.356-scaled.jpg","type":"image\/jpeg"}],"author":"mundo","twitter_card":"summary_large_image","twitter_creator":"@MundoAgropecuar","twitter_site":"@MundoAgropecuar","twitter_misc":{"Escrito por":"mundo","Tiempo de lectura":"3 minutos"},"schema":{"@context":"https:\/\/schema.org","@graph":[{"@type":"Article","@id":"https:\/\/www.mundoagropecuario.cl\/new\/en-puren-comenzo-la-entrega-de-ayuda-a-agricultores-de-la-araucania-afectados-por-incendios\/#article","isPartOf":{"@id":"https:\/\/www.mundoagropecuario.cl\/new\/en-puren-comenzo-la-entrega-de-ayuda-a-agricultores-de-la-araucania-afectados-por-incendios\/"},"author":{"name":"mundo","@id":"https:\/\/www.mundoagropecuario.cl\/new\/#\/schema\/person\/4e9f74a82a7dac260eb1c44b7eebeb18"},"headline":"En Pur\u00e9n comenz\u00f3 la entrega de ayuda a agricultores de La Araucan\u00eda afectados por incendios","datePublished":"2025-02-14T14:47:10+00:00","dateModified":"2025-02-19T16:16:46+00:00","mainEntityOfPage":{"@id":"https:\/\/www.mundoagropecuario.cl\/new\/en-puren-comenzo-la-entrega-de-ayuda-a-agricultores-de-la-araucania-afectados-por-incendios\/"},"wordCount":561,"publisher":{"@id":"https:\/\/www.mundoagropecuario.cl\/new\/#organization"},"image":{"@id":"https:\/\/www.mundoagropecuario.cl\/new\/en-puren-comenzo-la-entrega-de-ayuda-a-agricultores-de-la-araucania-afectados-por-incendios\/#primaryimage"},"thumbnailUrl":"https:\/\/www.mundoagropecuario.cl\/new\/wp-content\/uploads\/2025\/02\/Plantilla-estandar-mundo-acuicola-2025-02-14T114637.356-scaled.jpg","keywords":["Conaf","incendios forestales","Indap","La Araucan\u00eda","riego agr\u00edcola","seremi de Agricultura"],"articleSection":["Agricultura"],"inLanguage":"es"},{"@type":"WebPage","@id":"https:\/\/www.mundoagropecuario.cl\/new\/en-puren-comenzo-la-entrega-de-ayuda-a-agricultores-de-la-araucania-afectados-por-incendios\/","url":"https:\/\/www.mundoagropecuario.cl\/new\/en-puren-comenzo-la-entrega-de-ayuda-a-agricultores-de-la-araucania-afectados-por-incendios\/","name":"En Pur\u00e9n comenz\u00f3 la entrega de ayuda a agricultores de La Araucan\u00eda afectados por incendios - Mundoagropecuario","isPartOf":{"@id":"https:\/\/www.mundoagropecuario.cl\/new\/#website"},"primaryImageOfPage":{"@id":"https:\/\/www.mundoagropecuario.cl\/new\/en-puren-comenzo-la-entrega-de-ayuda-a-agricultores-de-la-araucania-afectados-por-incendios\/#primaryimage"},"image":{"@id":"https:\/\/www.mundoagropecuario.cl\/new\/en-puren-comenzo-la-entrega-de-ayuda-a-agricultores-de-la-araucania-afectados-por-incendios\/#primaryimage"},"thumbnailUrl":"https:\/\/www.mundoagropecuario.cl\/new\/wp-content\/uploads\/2025\/02\/Plantilla-estandar-mundo-acuicola-2025-02-14T114637.356-scaled.jpg","datePublished":"2025-02-14T14:47:10+00:00","dateModified":"2025-02-19T16:16:46+00:00","description":"INDAP entreg\u00f3 30 mil kilos de alimento para los animales de 120 familias de Pur\u00e9n y continuar\u00e1 los operativos de emergencia hoy.","breadcrumb":{"@id":"https:\/\/www.mundoagropecuario.cl\/new\/en-puren-comenzo-la-entrega-de-ayuda-a-agricultores-de-la-araucania-afectados-por-incendios\/#breadcrumb"},"inLanguage":"es","potentialAction":[{"@type":"ReadAction","target":["https:\/\/www.mundoagropecuario.cl\/new\/en-puren-comenzo-la-entrega-de-ayuda-a-agricultores-de-la-araucania-afectados-por-incendios\/"]}]},{"@type":"ImageObject","inLanguage":"es","@id":"https:\/\/www.mundoagropecuario.cl\/new\/en-puren-comenzo-la-entrega-de-ayuda-a-agricultores-de-la-araucania-afectados-por-incendios\/#primaryimage","url":"https:\/\/www.mundoagropecuario.cl\/new\/wp-content\/uploads\/2025\/02\/Plantilla-estandar-mundo-acuicola-2025-02-14T114637.356-scaled.jpg","contentUrl":"https:\/\/www.mundoagropecuario.cl\/new\/wp-content\/uploads\/2025\/02\/Plantilla-estandar-mundo-acuicola-2025-02-14T114637.356-scaled.jpg","width":720,"height":384},{"@type":"BreadcrumbList","@id":"https:\/\/www.mundoagropecuario.cl\/new\/en-puren-comenzo-la-entrega-de-ayuda-a-agricultores-de-la-araucania-afectados-por-incendios\/#breadcrumb","itemListElement":[{"@type":"ListItem","position":1,"name":"Portada","item":"https:\/\/www.mundoagropecuario.cl\/new\/"},{"@type":"ListItem","position":2,"name":"En Pur\u00e9n comenz\u00f3 la entrega de ayuda a agricultores de La Araucan\u00eda afectados por incendios"}]},{"@type":"WebSite","@id":"https:\/\/www.mundoagropecuario.cl\/new\/#website","url":"https:\/\/www.mundoagropecuario.cl\/new\/","name":"Mundoagropecuario","description":"Mundo Agropecuario","publisher":{"@id":"https:\/\/www.mundoagropecuario.cl\/new\/#organization"},"potentialAction":[{"@type":"SearchAction","target":{"@type":"EntryPoint","urlTemplate":"https:\/\/www.mundoagropecuario.cl\/new\/?s={search_term_string}"},"query-input":{"@type":"PropertyValueSpecification","valueRequired":true,"valueName":"search_term_string"}}],"inLanguage":"es"},{"@type":"Organization","@id":"https:\/\/www.mundoagropecuario.cl\/new\/#organization","name":"Revista de Agricultura","url":"https:\/\/www.mundoagropecuario.cl\/new\/","logo":{"@type":"ImageObject","inLanguage":"es","@id":"https:\/\/www.mundoagropecuario.cl\/new\/#\/schema\/logo\/image\/","url":"https:\/\/www.mundoagropecuario.cl\/new\/wp-content\/uploads\/2020\/11\/PORTAL-1-1.png","contentUrl":"https:\/\/www.mundoagropecuario.cl\/new\/wp-content\/uploads\/2020\/11\/PORTAL-1-1.png","width":1026,"height":100,"caption":"Revista de Agricultura"},"image":{"@id":"https:\/\/www.mundoagropecuario.cl\/new\/#\/schema\/logo\/image\/"},"sameAs":["https:\/\/www.facebook.com\/mundo.agropecuario.3","https:\/\/x.com\/MundoAgropecuar","https:\/\/www.linkedin.com\/in\/mundo-agropecuario-934009201\/"]},{"@type":"Person","@id":"https:\/\/www.mundoagropecuario.cl\/new\/#\/schema\/person\/4e9f74a82a7dac260eb1c44b7eebeb18","name":"mundo","url":"https:\/\/www.mundoagropecuario.cl\/new\/author\/mundo\/"}]}},"_links":{"self":[{"href":"https:\/\/www.mundoagropecuario.cl\/new\/wp-json\/wp\/v2\/posts\/26461","targetHints":{"allow":["GET"]}}],"collection":[{"href":"https:\/\/www.mundoagropecuario.cl\/new\/wp-json\/wp\/v2\/posts"}],"about":[{"href":"https:\/\/www.mundoagropecuario.cl\/new\/wp-json\/wp\/v2\/types\/post"}],"author":[{"embeddable":true,"href":"https:\/\/www.mundoagropecuario.cl\/new\/wp-json\/wp\/v2\/users\/2"}],"replies":[{"embeddable":true,"href":"https:\/\/www.mundoagropecuario.cl\/new\/wp-json\/wp\/v2\/comments?post=26461"}],"version-history":[{"count":2,"href":"https:\/\/www.mundoagropecuario.cl\/new\/wp-json\/wp\/v2\/posts\/26461\/revisions"}],"predecessor-version":[{"id":26464,"href":"https:\/\/www.mundoagropecuario.cl\/new\/wp-json\/wp\/v2\/posts\/26461\/revisions\/26464"}],"wp:featuredmedia":[{"embeddable":true,"href":"https:\/\/www.mundoagropecuario.cl\/new\/wp-json\/wp\/v2\/media\/26462"}],"wp:attachment":[{"href":"https:\/\/www.mundoagropecuario.cl\/new\/wp-json\/wp\/v2\/media?parent=26461"}],"wp:term":[{"taxonomy":"category","embeddable":true,"href":"https:\/\/www.mundoagropecuario.cl\/new\/wp-json\/wp\/v2\/categories?post=26461"},{"taxonomy":"post_tag","embeddable":true,"href":"https:\/\/www.mundoagropecuario.cl\/new\/wp-json\/wp\/v2\/tags?post=26461"}],"curies":[{"name":"wp","href":"https:\/\/api.w.org\/{rel}","templated":true}]}}