{"id":26452,"date":"2025-02-12T11:55:51","date_gmt":"2025-02-12T14:55:51","guid":{"rendered":"https:\/\/www.mundoagropecuario.cl\/new\/?p=26452"},"modified":"2025-02-18T16:16:41","modified_gmt":"2025-02-18T19:16:41","slug":"invitan-a-sus-productores-a-participar-en-el-proceso-de-postulacion-al-festival-nam-2025","status":"publish","type":"post","link":"https:\/\/www.mundoagropecuario.cl\/new\/invitan-a-sus-productores-a-participar-en-el-proceso-de-postulacion-al-festival-nam-2025\/","title":{"rendered":"Invitan a productores a participar en el proceso de postulaci\u00f3n al Festival \u00d1am 2025"},"content":{"rendered":"<div>\n<p class=\"text-align-justify\"><span lang=\"ES\">En el marco de su estrategia de promoci\u00f3n de mercados inclusivos, para integrar y posicionar los productos de la Agricultura Familiar Campesina e Ind\u00edgena (AFCI) en los circuitos comerciales, el Instituto de Desarrollo Agropecuario (INDAP) convoc\u00f3 a sus usuarios y usuarias a participar en el proceso de postulaci\u00f3n a la edici\u00f3n 2025 del Festival \u00d1am, que con el lema \u201cE\u00f1am\u00f3rate\u201d se realizar\u00e1 entre el 28 y el 30 de marzo pr\u00f3ximo en el Parque Padre Hurtado, en Santiago, comuna de La Reina.<\/span><\/p>\n<p class=\"text-align-justify\"><span lang=\"ES\">El Festival \u00d1am es la fiesta gastron\u00f3mica m\u00e1s importante del pa\u00eds y durante tres d\u00edas concentrar\u00e1 diversas actividades en torno al buen comer y beber. Su organizaci\u00f3n est\u00e1 a cargo de la Fundaci\u00f3n Gastronom\u00eda Social y Street Machine, y desde sus inicios, en 2011, se convirti\u00f3 en un espacio que ha unido a profesionales de la cocina, peque\u00f1os productores, pescadores artesanales, la academia, organizaciones p\u00fablico-privadas y la ciudadan\u00eda.<\/span><\/p>\n<h3>Diferentes actividades<\/h3>\n<p class=\"text-align-justify\"><span lang=\"ES\">En esta edici\u00f3n el evento culinario contar\u00e1 con \u00d1am Mercado, con m\u00e1s de 100 productores de todo Chile; Resto \u00d1am, con la oferta gastron\u00f3mica de importantes restaurantes; \u00d1am Bar, con barras de destilados, vinos, cervezas, etc.; Caleta \u00d1am, con 16 stands de pesca artesanal; \u00d1amcito, con talleres de educaci\u00f3n alimentaria para ni\u00f1os y ni\u00f1as, Cocina Academia \u00d1am, con clases de cocina; y \u00d1am Innova, con ponencias de innovaci\u00f3n gastron\u00f3mica.<\/span><\/p>\n<p class=\"text-align-justify\"><span lang=\"ES\">INDAP ha apoyado la participaci\u00f3n de emprendimientos agr\u00edcolas usuarios de la instituci\u00f3n en esta fiesta de sabores desde 2014, con el objetivo de contribuir a la visibilidad, desarrollo econ\u00f3mico, competitividad y comercializaci\u00f3n de la AFCI, un sector garante de la soberan\u00eda para la seguridad alimentaria y nutricional de nuestro pa\u00eds. En ese sentido, \u00d1am ha permitido ampliar los mercados a un gran n\u00famero de productos elaborados en el mundo rural desde su creaci\u00f3n.<\/span><\/p>\n<p class=\"text-align-justify\"><span lang=\"ES\">Las postulaciones para participar en el Festival \u00d1am 2025 estar\u00e1n abiertas hasta el 13 de febrero y se seleccionar\u00e1 a 20 emprendimientos, los que recibir\u00e1n un incentivo \u00fanico de $1.000.000 por los costos de inscripci\u00f3n y membres\u00eda (incluye stand con mes\u00f3n, mantel, electricidad y dos sillas; cenefa personalizada y gastos por concepto de patente municipal, cubierto por la organizaci\u00f3n) y deber\u00e1n sumar un aporte propio de al menos $250.000.<\/span><\/p>\n<p class=\"text-align-justify\"><span lang=\"ES\">Pueden postular personas naturales, personas jur\u00eddicas y grupos informales que sean usuarios de INDAP y pertenezcan al rubro de agroelaborados, que est\u00e9n al d\u00eda con su rendici\u00f3n de cuentas con el servicio y que asuman todos sus gastos de traslado, estad\u00eda, alimentaci\u00f3n y otros .<\/span><\/p>\n<h3>Resultados<\/h3>\n<p class=\"text-align-justify\"><span lang=\"ES\">Los resultados finales se dar\u00e1n a conocer el 19 de febrero, tras una evaluaci\u00f3n que considerar\u00e1 los siguientes criterios: permiso sanitario, iniciaci\u00f3n de actividades, sellos de distinci\u00f3n, disponibilidad de medios de pago digital y enfoque prioritario (mujer, joven y pertenencia a un pueblo originario). Tanto las bases como el formulario de postulaci\u00f3n se encuentran disponibles en el sitio web de INDAP.<\/span><\/p>\n<p class=\"text-align-justify\"><span lang=\"ES\">La venta de entradas para el Festival \u00d1am 2025, cuyo eje tem\u00e1tico ser\u00e1 el turismo gastron\u00f3mico\u00a0<\/span>como herramienta para fomentar el desarrollo econ\u00f3mico, cultural y social,<span lang=\"ES\">\u00a0se realizar\u00e1 a trav\u00e9s de PuntoTicket y comenzar\u00e1 el 14 de febrero, como una opci\u00f3n de regalo en el D\u00eda de los Enamorados.<\/span><\/p>\n<p class=\"text-align-justify\"><a href=\"https:\/\/www.indap.gob.cl\/sites\/default\/files\/2025-02\/Bases%20concurso%20nacional%20para%20participaci%C3%B3n%20de%20usuariosas%20en%20Festival%20%C3%91am%202025.pdf\"><span lang=\"ES\"><strong>Ver aqu\u00ed bases postulaci\u00f3n \u00d1am 2025<\/strong><\/span><\/a><span lang=\"ES\"><strong>.<\/strong><\/span><\/p>\n<p class=\"text-align-justify\"><a href=\"https:\/\/ee.encuestas.indap.cl\/x\/68kgh2Ho\/\"><span lang=\"ES\"><strong>Ver aqu\u00ed formulario de postulaci\u00f3n a \u00d1am 2025<\/strong><\/span><\/a><span lang=\"ES\">.<\/span><\/p>\n<\/div>\n<div class=\"idp-redes\"><\/div>\n","protected":false},"excerpt":{"rendered":"<p>Hasta ma\u00f1ana se puede postular para participar del Festival \u00d1am 2025, el mayor evento gastron\u00f3mico de Chile.<\/p>\n","protected":false},"author":2,"featured_media":26453,"comment_status":"closed","ping_status":"closed","sticky":false,"template":"","format":"standard","meta":{"footnotes":""},"categories":[126],"tags":[9644,1992,9579],"class_list":["post-26452","post","type-post","status-publish","format-standard","has-post-thumbnail","hentry","category-noticias","tag-festival-nam-2025","tag-indap","tag-instituto-de-desarrollo-agropecuario"],"yoast_head":"<!-- This site is optimized with the Yoast SEO plugin v26.6 - https:\/\/yoast.com\/wordpress\/plugins\/seo\/ -->\n<title>Invitan a productores a participar en el proceso de postulaci\u00f3n al Festival \u00d1am 2025 - Mundoagropecuario<\/title>\n<meta name=\"description\" content=\"Hasta ma\u00f1ana se puede postular para participar del Festival \u00d1am 2025, el mayor evento gastron\u00f3mico de Chile.\" \/>\n<meta name=\"robots\" content=\"index, follow, max-snippet:-1, max-image-preview:large, max-video-preview:-1\" \/>\n<link rel=\"canonical\" href=\"https:\/\/www.mundoagropecuario.cl\/new\/invitan-a-sus-productores-a-participar-en-el-proceso-de-postulacion-al-festival-nam-2025\/\" \/>\n<meta property=\"og:locale\" content=\"es_ES\" \/>\n<meta property=\"og:type\" content=\"article\" \/>\n<meta property=\"og:title\" content=\"Invitan a productores a participar en el proceso de postulaci\u00f3n al Festival \u00d1am 2025 - Mundoagropecuario\" \/>\n<meta property=\"og:description\" content=\"Hasta ma\u00f1ana se puede postular para participar del Festival \u00d1am 2025, el mayor evento gastron\u00f3mico de Chile.\" \/>\n<meta property=\"og:url\" content=\"https:\/\/www.mundoagropecuario.cl\/new\/invitan-a-sus-productores-a-participar-en-el-proceso-de-postulacion-al-festival-nam-2025\/\" \/>\n<meta property=\"og:site_name\" content=\"Mundoagropecuario\" \/>\n<meta property=\"article:publisher\" content=\"https:\/\/www.facebook.com\/mundo.agropecuario.3\" \/>\n<meta property=\"article:published_time\" content=\"2025-02-12T14:55:51+00:00\" \/>\n<meta property=\"article:modified_time\" content=\"2025-02-18T19:16:41+00:00\" \/>\n<meta property=\"og:image\" content=\"https:\/\/www.mundoagropecuario.cl\/new\/wp-content\/uploads\/2025\/02\/Plantilla-estandar-mundo-acuicola-2025-02-12T115057.170-scaled.jpg\" \/>\n\t<meta property=\"og:image:width\" content=\"720\" \/>\n\t<meta property=\"og:image:height\" content=\"384\" \/>\n\t<meta property=\"og:image:type\" content=\"image\/jpeg\" \/>\n<meta name=\"author\" content=\"mundo\" \/>\n<meta name=\"twitter:card\" content=\"summary_large_image\" \/>\n<meta name=\"twitter:creator\" content=\"@MundoAgropecuar\" \/>\n<meta name=\"twitter:site\" content=\"@MundoAgropecuar\" \/>\n<meta name=\"twitter:label1\" content=\"Escrito por\" \/>\n\t<meta name=\"twitter:data1\" content=\"mundo\" \/>\n\t<meta name=\"twitter:label2\" content=\"Tiempo de lectura\" \/>\n\t<meta name=\"twitter:data2\" content=\"3 minutos\" \/>\n<script type=\"application\/ld+json\" class=\"yoast-schema-graph\">{\"@context\":\"https:\/\/schema.org\",\"@graph\":[{\"@type\":\"Article\",\"@id\":\"https:\/\/www.mundoagropecuario.cl\/new\/invitan-a-sus-productores-a-participar-en-el-proceso-de-postulacion-al-festival-nam-2025\/#article\",\"isPartOf\":{\"@id\":\"https:\/\/www.mundoagropecuario.cl\/new\/invitan-a-sus-productores-a-participar-en-el-proceso-de-postulacion-al-festival-nam-2025\/\"},\"author\":{\"name\":\"mundo\",\"@id\":\"https:\/\/www.mundoagropecuario.cl\/new\/#\/schema\/person\/4e9f74a82a7dac260eb1c44b7eebeb18\"},\"headline\":\"Invitan a productores a participar en el proceso de postulaci\u00f3n al Festival \u00d1am 2025\",\"datePublished\":\"2025-02-12T14:55:51+00:00\",\"dateModified\":\"2025-02-18T19:16:41+00:00\",\"mainEntityOfPage\":{\"@id\":\"https:\/\/www.mundoagropecuario.cl\/new\/invitan-a-sus-productores-a-participar-en-el-proceso-de-postulacion-al-festival-nam-2025\/\"},\"wordCount\":589,\"publisher\":{\"@id\":\"https:\/\/www.mundoagropecuario.cl\/new\/#organization\"},\"image\":{\"@id\":\"https:\/\/www.mundoagropecuario.cl\/new\/invitan-a-sus-productores-a-participar-en-el-proceso-de-postulacion-al-festival-nam-2025\/#primaryimage\"},\"thumbnailUrl\":\"https:\/\/www.mundoagropecuario.cl\/new\/wp-content\/uploads\/2025\/02\/Plantilla-estandar-mundo-acuicola-2025-02-12T115057.170-scaled.jpg\",\"keywords\":[\"Festival \u00d1am 2025\",\"Indap\",\"Instituto de Desarrollo Agropecuario\"],\"articleSection\":[\"Noticias\"],\"inLanguage\":\"es\"},{\"@type\":\"WebPage\",\"@id\":\"https:\/\/www.mundoagropecuario.cl\/new\/invitan-a-sus-productores-a-participar-en-el-proceso-de-postulacion-al-festival-nam-2025\/\",\"url\":\"https:\/\/www.mundoagropecuario.cl\/new\/invitan-a-sus-productores-a-participar-en-el-proceso-de-postulacion-al-festival-nam-2025\/\",\"name\":\"Invitan a productores a participar en el proceso de postulaci\u00f3n al Festival \u00d1am 2025 - Mundoagropecuario\",\"isPartOf\":{\"@id\":\"https:\/\/www.mundoagropecuario.cl\/new\/#website\"},\"primaryImageOfPage\":{\"@id\":\"https:\/\/www.mundoagropecuario.cl\/new\/invitan-a-sus-productores-a-participar-en-el-proceso-de-postulacion-al-festival-nam-2025\/#primaryimage\"},\"image\":{\"@id\":\"https:\/\/www.mundoagropecuario.cl\/new\/invitan-a-sus-productores-a-participar-en-el-proceso-de-postulacion-al-festival-nam-2025\/#primaryimage\"},\"thumbnailUrl\":\"https:\/\/www.mundoagropecuario.cl\/new\/wp-content\/uploads\/2025\/02\/Plantilla-estandar-mundo-acuicola-2025-02-12T115057.170-scaled.jpg\",\"datePublished\":\"2025-02-12T14:55:51+00:00\",\"dateModified\":\"2025-02-18T19:16:41+00:00\",\"description\":\"Hasta ma\u00f1ana se puede postular para participar del Festival \u00d1am 2025, el mayor evento gastron\u00f3mico de Chile.\",\"breadcrumb\":{\"@id\":\"https:\/\/www.mundoagropecuario.cl\/new\/invitan-a-sus-productores-a-participar-en-el-proceso-de-postulacion-al-festival-nam-2025\/#breadcrumb\"},\"inLanguage\":\"es\",\"potentialAction\":[{\"@type\":\"ReadAction\",\"target\":[\"https:\/\/www.mundoagropecuario.cl\/new\/invitan-a-sus-productores-a-participar-en-el-proceso-de-postulacion-al-festival-nam-2025\/\"]}]},{\"@type\":\"ImageObject\",\"inLanguage\":\"es\",\"@id\":\"https:\/\/www.mundoagropecuario.cl\/new\/invitan-a-sus-productores-a-participar-en-el-proceso-de-postulacion-al-festival-nam-2025\/#primaryimage\",\"url\":\"https:\/\/www.mundoagropecuario.cl\/new\/wp-content\/uploads\/2025\/02\/Plantilla-estandar-mundo-acuicola-2025-02-12T115057.170-scaled.jpg\",\"contentUrl\":\"https:\/\/www.mundoagropecuario.cl\/new\/wp-content\/uploads\/2025\/02\/Plantilla-estandar-mundo-acuicola-2025-02-12T115057.170-scaled.jpg\",\"width\":720,\"height\":384},{\"@type\":\"BreadcrumbList\",\"@id\":\"https:\/\/www.mundoagropecuario.cl\/new\/invitan-a-sus-productores-a-participar-en-el-proceso-de-postulacion-al-festival-nam-2025\/#breadcrumb\",\"itemListElement\":[{\"@type\":\"ListItem\",\"position\":1,\"name\":\"Portada\",\"item\":\"https:\/\/www.mundoagropecuario.cl\/new\/\"},{\"@type\":\"ListItem\",\"position\":2,\"name\":\"Invitan a productores a participar en el proceso de postulaci\u00f3n al Festival \u00d1am 2025\"}]},{\"@type\":\"WebSite\",\"@id\":\"https:\/\/www.mundoagropecuario.cl\/new\/#website\",\"url\":\"https:\/\/www.mundoagropecuario.cl\/new\/\",\"name\":\"Mundoagropecuario\",\"description\":\"Mundo Agropecuario\",\"publisher\":{\"@id\":\"https:\/\/www.mundoagropecuario.cl\/new\/#organization\"},\"potentialAction\":[{\"@type\":\"SearchAction\",\"target\":{\"@type\":\"EntryPoint\",\"urlTemplate\":\"https:\/\/www.mundoagropecuario.cl\/new\/?s={search_term_string}\"},\"query-input\":{\"@type\":\"PropertyValueSpecification\",\"valueRequired\":true,\"valueName\":\"search_term_string\"}}],\"inLanguage\":\"es\"},{\"@type\":\"Organization\",\"@id\":\"https:\/\/www.mundoagropecuario.cl\/new\/#organization\",\"name\":\"Revista de Agricultura\",\"url\":\"https:\/\/www.mundoagropecuario.cl\/new\/\",\"logo\":{\"@type\":\"ImageObject\",\"inLanguage\":\"es\",\"@id\":\"https:\/\/www.mundoagropecuario.cl\/new\/#\/schema\/logo\/image\/\",\"url\":\"https:\/\/www.mundoagropecuario.cl\/new\/wp-content\/uploads\/2020\/11\/PORTAL-1-1.png\",\"contentUrl\":\"https:\/\/www.mundoagropecuario.cl\/new\/wp-content\/uploads\/2020\/11\/PORTAL-1-1.png\",\"width\":1026,\"height\":100,\"caption\":\"Revista de Agricultura\"},\"image\":{\"@id\":\"https:\/\/www.mundoagropecuario.cl\/new\/#\/schema\/logo\/image\/\"},\"sameAs\":[\"https:\/\/www.facebook.com\/mundo.agropecuario.3\",\"https:\/\/x.com\/MundoAgropecuar\",\"https:\/\/www.linkedin.com\/in\/mundo-agropecuario-934009201\/\"]},{\"@type\":\"Person\",\"@id\":\"https:\/\/www.mundoagropecuario.cl\/new\/#\/schema\/person\/4e9f74a82a7dac260eb1c44b7eebeb18\",\"name\":\"mundo\",\"url\":\"https:\/\/www.mundoagropecuario.cl\/new\/author\/mundo\/\"}]}<\/script>\n<!-- \/ Yoast SEO plugin. -->","yoast_head_json":{"title":"Invitan a productores a participar en el proceso de postulaci\u00f3n al Festival \u00d1am 2025 - Mundoagropecuario","description":"Hasta ma\u00f1ana se puede postular para participar del Festival \u00d1am 2025, el mayor evento gastron\u00f3mico de Chile.","robots":{"index":"index","follow":"follow","max-snippet":"max-snippet:-1","max-image-preview":"max-image-preview:large","max-video-preview":"max-video-preview:-1"},"canonical":"https:\/\/www.mundoagropecuario.cl\/new\/invitan-a-sus-productores-a-participar-en-el-proceso-de-postulacion-al-festival-nam-2025\/","og_locale":"es_ES","og_type":"article","og_title":"Invitan a productores a participar en el proceso de postulaci\u00f3n al Festival \u00d1am 2025 - Mundoagropecuario","og_description":"Hasta ma\u00f1ana se puede postular para participar del Festival \u00d1am 2025, el mayor evento gastron\u00f3mico de Chile.","og_url":"https:\/\/www.mundoagropecuario.cl\/new\/invitan-a-sus-productores-a-participar-en-el-proceso-de-postulacion-al-festival-nam-2025\/","og_site_name":"Mundoagropecuario","article_publisher":"https:\/\/www.facebook.com\/mundo.agropecuario.3","article_published_time":"2025-02-12T14:55:51+00:00","article_modified_time":"2025-02-18T19:16:41+00:00","og_image":[{"width":720,"height":384,"url":"https:\/\/www.mundoagropecuario.cl\/new\/wp-content\/uploads\/2025\/02\/Plantilla-estandar-mundo-acuicola-2025-02-12T115057.170-scaled.jpg","type":"image\/jpeg"}],"author":"mundo","twitter_card":"summary_large_image","twitter_creator":"@MundoAgropecuar","twitter_site":"@MundoAgropecuar","twitter_misc":{"Escrito por":"mundo","Tiempo de lectura":"3 minutos"},"schema":{"@context":"https:\/\/schema.org","@graph":[{"@type":"Article","@id":"https:\/\/www.mundoagropecuario.cl\/new\/invitan-a-sus-productores-a-participar-en-el-proceso-de-postulacion-al-festival-nam-2025\/#article","isPartOf":{"@id":"https:\/\/www.mundoagropecuario.cl\/new\/invitan-a-sus-productores-a-participar-en-el-proceso-de-postulacion-al-festival-nam-2025\/"},"author":{"name":"mundo","@id":"https:\/\/www.mundoagropecuario.cl\/new\/#\/schema\/person\/4e9f74a82a7dac260eb1c44b7eebeb18"},"headline":"Invitan a productores a participar en el proceso de postulaci\u00f3n al Festival \u00d1am 2025","datePublished":"2025-02-12T14:55:51+00:00","dateModified":"2025-02-18T19:16:41+00:00","mainEntityOfPage":{"@id":"https:\/\/www.mundoagropecuario.cl\/new\/invitan-a-sus-productores-a-participar-en-el-proceso-de-postulacion-al-festival-nam-2025\/"},"wordCount":589,"publisher":{"@id":"https:\/\/www.mundoagropecuario.cl\/new\/#organization"},"image":{"@id":"https:\/\/www.mundoagropecuario.cl\/new\/invitan-a-sus-productores-a-participar-en-el-proceso-de-postulacion-al-festival-nam-2025\/#primaryimage"},"thumbnailUrl":"https:\/\/www.mundoagropecuario.cl\/new\/wp-content\/uploads\/2025\/02\/Plantilla-estandar-mundo-acuicola-2025-02-12T115057.170-scaled.jpg","keywords":["Festival \u00d1am 2025","Indap","Instituto de Desarrollo Agropecuario"],"articleSection":["Noticias"],"inLanguage":"es"},{"@type":"WebPage","@id":"https:\/\/www.mundoagropecuario.cl\/new\/invitan-a-sus-productores-a-participar-en-el-proceso-de-postulacion-al-festival-nam-2025\/","url":"https:\/\/www.mundoagropecuario.cl\/new\/invitan-a-sus-productores-a-participar-en-el-proceso-de-postulacion-al-festival-nam-2025\/","name":"Invitan a productores a participar en el proceso de postulaci\u00f3n al Festival \u00d1am 2025 - Mundoagropecuario","isPartOf":{"@id":"https:\/\/www.mundoagropecuario.cl\/new\/#website"},"primaryImageOfPage":{"@id":"https:\/\/www.mundoagropecuario.cl\/new\/invitan-a-sus-productores-a-participar-en-el-proceso-de-postulacion-al-festival-nam-2025\/#primaryimage"},"image":{"@id":"https:\/\/www.mundoagropecuario.cl\/new\/invitan-a-sus-productores-a-participar-en-el-proceso-de-postulacion-al-festival-nam-2025\/#primaryimage"},"thumbnailUrl":"https:\/\/www.mundoagropecuario.cl\/new\/wp-content\/uploads\/2025\/02\/Plantilla-estandar-mundo-acuicola-2025-02-12T115057.170-scaled.jpg","datePublished":"2025-02-12T14:55:51+00:00","dateModified":"2025-02-18T19:16:41+00:00","description":"Hasta ma\u00f1ana se puede postular para participar del Festival \u00d1am 2025, el mayor evento gastron\u00f3mico de Chile.","breadcrumb":{"@id":"https:\/\/www.mundoagropecuario.cl\/new\/invitan-a-sus-productores-a-participar-en-el-proceso-de-postulacion-al-festival-nam-2025\/#breadcrumb"},"inLanguage":"es","potentialAction":[{"@type":"ReadAction","target":["https:\/\/www.mundoagropecuario.cl\/new\/invitan-a-sus-productores-a-participar-en-el-proceso-de-postulacion-al-festival-nam-2025\/"]}]},{"@type":"ImageObject","inLanguage":"es","@id":"https:\/\/www.mundoagropecuario.cl\/new\/invitan-a-sus-productores-a-participar-en-el-proceso-de-postulacion-al-festival-nam-2025\/#primaryimage","url":"https:\/\/www.mundoagropecuario.cl\/new\/wp-content\/uploads\/2025\/02\/Plantilla-estandar-mundo-acuicola-2025-02-12T115057.170-scaled.jpg","contentUrl":"https:\/\/www.mundoagropecuario.cl\/new\/wp-content\/uploads\/2025\/02\/Plantilla-estandar-mundo-acuicola-2025-02-12T115057.170-scaled.jpg","width":720,"height":384},{"@type":"BreadcrumbList","@id":"https:\/\/www.mundoagropecuario.cl\/new\/invitan-a-sus-productores-a-participar-en-el-proceso-de-postulacion-al-festival-nam-2025\/#breadcrumb","itemListElement":[{"@type":"ListItem","position":1,"name":"Portada","item":"https:\/\/www.mundoagropecuario.cl\/new\/"},{"@type":"ListItem","position":2,"name":"Invitan a productores a participar en el proceso de postulaci\u00f3n al Festival \u00d1am 2025"}]},{"@type":"WebSite","@id":"https:\/\/www.mundoagropecuario.cl\/new\/#website","url":"https:\/\/www.mundoagropecuario.cl\/new\/","name":"Mundoagropecuario","description":"Mundo Agropecuario","publisher":{"@id":"https:\/\/www.mundoagropecuario.cl\/new\/#organization"},"potentialAction":[{"@type":"SearchAction","target":{"@type":"EntryPoint","urlTemplate":"https:\/\/www.mundoagropecuario.cl\/new\/?s={search_term_string}"},"query-input":{"@type":"PropertyValueSpecification","valueRequired":true,"valueName":"search_term_string"}}],"inLanguage":"es"},{"@type":"Organization","@id":"https:\/\/www.mundoagropecuario.cl\/new\/#organization","name":"Revista de Agricultura","url":"https:\/\/www.mundoagropecuario.cl\/new\/","logo":{"@type":"ImageObject","inLanguage":"es","@id":"https:\/\/www.mundoagropecuario.cl\/new\/#\/schema\/logo\/image\/","url":"https:\/\/www.mundoagropecuario.cl\/new\/wp-content\/uploads\/2020\/11\/PORTAL-1-1.png","contentUrl":"https:\/\/www.mundoagropecuario.cl\/new\/wp-content\/uploads\/2020\/11\/PORTAL-1-1.png","width":1026,"height":100,"caption":"Revista de Agricultura"},"image":{"@id":"https:\/\/www.mundoagropecuario.cl\/new\/#\/schema\/logo\/image\/"},"sameAs":["https:\/\/www.facebook.com\/mundo.agropecuario.3","https:\/\/x.com\/MundoAgropecuar","https:\/\/www.linkedin.com\/in\/mundo-agropecuario-934009201\/"]},{"@type":"Person","@id":"https:\/\/www.mundoagropecuario.cl\/new\/#\/schema\/person\/4e9f74a82a7dac260eb1c44b7eebeb18","name":"mundo","url":"https:\/\/www.mundoagropecuario.cl\/new\/author\/mundo\/"}]}},"_links":{"self":[{"href":"https:\/\/www.mundoagropecuario.cl\/new\/wp-json\/wp\/v2\/posts\/26452","targetHints":{"allow":["GET"]}}],"collection":[{"href":"https:\/\/www.mundoagropecuario.cl\/new\/wp-json\/wp\/v2\/posts"}],"about":[{"href":"https:\/\/www.mundoagropecuario.cl\/new\/wp-json\/wp\/v2\/types\/post"}],"author":[{"embeddable":true,"href":"https:\/\/www.mundoagropecuario.cl\/new\/wp-json\/wp\/v2\/users\/2"}],"replies":[{"embeddable":true,"href":"https:\/\/www.mundoagropecuario.cl\/new\/wp-json\/wp\/v2\/comments?post=26452"}],"version-history":[{"count":3,"href":"https:\/\/www.mundoagropecuario.cl\/new\/wp-json\/wp\/v2\/posts\/26452\/revisions"}],"predecessor-version":[{"id":26456,"href":"https:\/\/www.mundoagropecuario.cl\/new\/wp-json\/wp\/v2\/posts\/26452\/revisions\/26456"}],"wp:featuredmedia":[{"embeddable":true,"href":"https:\/\/www.mundoagropecuario.cl\/new\/wp-json\/wp\/v2\/media\/26453"}],"wp:attachment":[{"href":"https:\/\/www.mundoagropecuario.cl\/new\/wp-json\/wp\/v2\/media?parent=26452"}],"wp:term":[{"taxonomy":"category","embeddable":true,"href":"https:\/\/www.mundoagropecuario.cl\/new\/wp-json\/wp\/v2\/categories?post=26452"},{"taxonomy":"post_tag","embeddable":true,"href":"https:\/\/www.mundoagropecuario.cl\/new\/wp-json\/wp\/v2\/tags?post=26452"}],"curies":[{"name":"wp","href":"https:\/\/api.w.org\/{rel}","templated":true}]}}