{"id":26432,"date":"2025-02-11T10:46:19","date_gmt":"2025-02-11T13:46:19","guid":{"rendered":"https:\/\/www.mundoagropecuario.cl\/new\/?p=26432"},"modified":"2025-02-14T12:05:43","modified_gmt":"2025-02-14T15:05:43","slug":"autoridades-verifican-en-terreno-la-recepcion-de-trigo-harinero-en-osorno","status":"publish","type":"post","link":"https:\/\/www.mundoagropecuario.cl\/new\/autoridades-verifican-en-terreno-la-recepcion-de-trigo-harinero-en-osorno\/","title":{"rendered":"Autoridades verifican en terreno la recepci\u00f3n de trigo harinero en Osorno"},"content":{"rendered":"<p class=\"v1MsoNormal\"><span lang=\"ES\">En Osorno, la Seremi de Agricultura, Tania Salas, junto a un equipo de inspecci\u00f3n del SAG, efectuaron una fiscalizaci\u00f3n a un molino de trigo ubicado en la ciudad con el objetivo de verificar el cumplimiento de la Ley N\u00b0 20.656 normativa que regula las transacciones comerciales de productos agropecuarios (trigo, ma\u00edz, avena y uva vin\u00edfera).<u><\/u><u><\/u><\/span><\/p>\n<p class=\"v1MsoNormal\"><span lang=\"ES\">&#8220;La fiscalizaci\u00f3n se produce justo cuando se inicia, en esta regi\u00f3n, la temporada de cosecha y recepci\u00f3n de trigo de productores\/as de la zona. En ese contexto, estuvimos verificando la publicaci\u00f3n del listado de precios, la calibraci\u00f3n de la romana o b\u00e1scula que es el equipo donde se realiza el pesaje del trigo; los documentos de respaldo como gu\u00edas de recepci\u00f3n y de despacho; la bodega\u00a0<\/span><\/p>\n<p><img loading=\"lazy\" decoding=\"async\" class=\"alignleft wp-image-26434 size-large\" src=\"https:\/\/www.mundoagropecuario.cl\/new\/wp-content\/uploads\/2025\/02\/foto-1-1-300x400.jpg\" alt=\"\" width=\"300\" height=\"400\" srcset=\"https:\/\/www.mundoagropecuario.cl\/new\/wp-content\/uploads\/2025\/02\/foto-1-1-scaled.jpg 300w, https:\/\/www.mundoagropecuario.cl\/new\/wp-content\/uploads\/2025\/02\/foto-1-1-100x133.jpg 100w, https:\/\/www.mundoagropecuario.cl\/new\/wp-content\/uploads\/2025\/02\/foto-1-1-768x1024.jpg 768w, https:\/\/www.mundoagropecuario.cl\/new\/wp-content\/uploads\/2025\/02\/foto-1-1-1152x1536.jpg 1152w\" sizes=\"auto, (max-width: 300px) 100vw, 300px\" \/><\/p>\n<p class=\"v1MsoNormal\"><span lang=\"ES\">donde se custodia la contra muestra; y el proceso de an\u00e1lisis de las muestras en el laboratorio de ensayo que posee el Molino y que est\u00e1 registrado en el SAG&#8221;, explic\u00f3 Claudia Gonz\u00e1lez Vargas, jefa de oficina del SAG Osorno.<u><\/u><u><\/u><\/span><\/p>\n<p class=\"v1MsoNormal\"><span lang=\"ES\">&#8220;Se trata de una serie de exigencias que debe cumplir la agroindustria, intermediarios y laboratorios de ensayo, las que est\u00e1n orientadas a asegurar la transparencia en el proceso de comercializaci\u00f3n para que los\/las agricultores\/as est\u00e9n informados sobre las condiciones que determinan el precio del trigo harinero en este caso&#8221;, enfatiz\u00f3 Gonz\u00e1lez. Para la presente temporada, el SAG Los Lagos proyecta concretar 40 fiscalizaciones en el marco de la Ley de Transacciones Comerciales, acciones que ir\u00e1n acompa\u00f1adas de una estrategia de difusi\u00f3n de este Programa.<u><\/u><u><\/u><\/span><\/p>\n<h3>Denuncias<\/h3>\n<p class=\"v1MsoNormal\"><span lang=\"ES\">&#8220;Invitamos a los productores y a las productoras a informarse sobre los derechos y obligaciones que establece la ley de transacciones comerciales agropecuarias y sus reglamentos. Es importante recordar que, al observar cualquier incumplimiento a las exigencias establecidas, deben realizar la respectiva denuncia en cualquiera de las oficinas del SAG ubicadas a lo largo del pa\u00eds, o en los dem\u00e1s canales de denuncia dispuestos para ello&#8221;, sostuvo Tania Salas, Seremi de Agricultura.<u><\/u><u><\/u><\/span><\/p>\n<p class=\"v1MsoNormal\"><span lang=\"ES\">Por su parte, Jose Opazo Barrios, gerente de finanzas en Molino Rahue S.A., destac\u00f3 la importancia de la normativa y de las acciones de fiscalizaci\u00f3n\u00a0 <\/span>del SAG, indicando que el 90% del trigo que reciben proviene de la regi\u00f3n, y un 10% es importado desde Argentina. Con relaci\u00f3n a c\u00f3mo se prev\u00e9 la actual temporada de trigo, Opazo argument\u00f3 que &#8220;la producci\u00f3n viene muy similar a la del a\u00f1o pasado, con precios m\u00e1s o menos parecidos.\u00a0 Nosotros compramos casi todo en mercado nacional de tal manera que \u00e9sta es la \u00e9poca fuerte donde nos tenemos que abastecer de trigo&#8221;.<\/p>\n<p class=\"v1MsoNormal\">\n","protected":false},"excerpt":{"rendered":"<p>Fiscalizaci\u00f3n del SAG y de la Seremi de Agricultura coincide con el inicio de la temporada de cosecha y venta de trigo en la regi\u00f3n.<\/p>\n","protected":false},"author":2,"featured_media":26433,"comment_status":"closed","ping_status":"closed","sticky":false,"template":"","format":"standard","meta":{"footnotes":""},"categories":[1945],"tags":[2036,2277,1978,2585],"class_list":["post-26432","post","type-post","status-publish","format-standard","has-post-thumbnail","hentry","category-agricultura","tag-sag","tag-sag-los-lagos","tag-seremi-de-agricultura","tag-servicio-agricola-y-ganadero"],"yoast_head":"<!-- This site is optimized with the Yoast SEO plugin v26.6 - https:\/\/yoast.com\/wordpress\/plugins\/seo\/ -->\n<title>Autoridades verifican en terreno la recepci\u00f3n de trigo harinero en Osorno - Mundoagropecuario<\/title>\n<meta name=\"description\" content=\"Fiscalizaci\u00f3n del SAG y de la Seremi de Agricultura coincide con el inicio de la temporada de cosecha y venta de trigo en la regi\u00f3n.\" \/>\n<meta name=\"robots\" content=\"index, follow, max-snippet:-1, max-image-preview:large, max-video-preview:-1\" \/>\n<link rel=\"canonical\" href=\"https:\/\/www.mundoagropecuario.cl\/new\/autoridades-verifican-en-terreno-la-recepcion-de-trigo-harinero-en-osorno\/\" \/>\n<meta property=\"og:locale\" content=\"es_ES\" \/>\n<meta property=\"og:type\" content=\"article\" \/>\n<meta property=\"og:title\" content=\"Autoridades verifican en terreno la recepci\u00f3n de trigo harinero en Osorno - Mundoagropecuario\" \/>\n<meta property=\"og:description\" content=\"Fiscalizaci\u00f3n del SAG y de la Seremi de Agricultura coincide con el inicio de la temporada de cosecha y venta de trigo en la regi\u00f3n.\" \/>\n<meta property=\"og:url\" content=\"https:\/\/www.mundoagropecuario.cl\/new\/autoridades-verifican-en-terreno-la-recepcion-de-trigo-harinero-en-osorno\/\" \/>\n<meta property=\"og:site_name\" content=\"Mundoagropecuario\" \/>\n<meta property=\"article:publisher\" content=\"https:\/\/www.facebook.com\/mundo.agropecuario.3\" \/>\n<meta property=\"article:published_time\" content=\"2025-02-11T13:46:19+00:00\" \/>\n<meta property=\"article:modified_time\" content=\"2025-02-14T15:05:43+00:00\" \/>\n<meta property=\"og:image\" content=\"https:\/\/www.mundoagropecuario.cl\/new\/wp-content\/uploads\/2025\/02\/Plantilla-estandar-mundo-acuicola-2025-02-11T103826.708-scaled.jpg\" \/>\n\t<meta property=\"og:image:width\" content=\"720\" \/>\n\t<meta property=\"og:image:height\" content=\"384\" \/>\n\t<meta property=\"og:image:type\" content=\"image\/jpeg\" \/>\n<meta name=\"author\" content=\"mundo\" \/>\n<meta name=\"twitter:card\" content=\"summary_large_image\" \/>\n<meta name=\"twitter:creator\" content=\"@MundoAgropecuar\" \/>\n<meta name=\"twitter:site\" content=\"@MundoAgropecuar\" \/>\n<meta name=\"twitter:label1\" content=\"Escrito por\" \/>\n\t<meta name=\"twitter:data1\" content=\"mundo\" \/>\n\t<meta name=\"twitter:label2\" content=\"Tiempo de lectura\" \/>\n\t<meta name=\"twitter:data2\" content=\"3 minutos\" \/>\n<script type=\"application\/ld+json\" class=\"yoast-schema-graph\">{\"@context\":\"https:\/\/schema.org\",\"@graph\":[{\"@type\":\"Article\",\"@id\":\"https:\/\/www.mundoagropecuario.cl\/new\/autoridades-verifican-en-terreno-la-recepcion-de-trigo-harinero-en-osorno\/#article\",\"isPartOf\":{\"@id\":\"https:\/\/www.mundoagropecuario.cl\/new\/autoridades-verifican-en-terreno-la-recepcion-de-trigo-harinero-en-osorno\/\"},\"author\":{\"name\":\"mundo\",\"@id\":\"https:\/\/www.mundoagropecuario.cl\/new\/#\/schema\/person\/4e9f74a82a7dac260eb1c44b7eebeb18\"},\"headline\":\"Autoridades verifican en terreno la recepci\u00f3n de trigo harinero en Osorno\",\"datePublished\":\"2025-02-11T13:46:19+00:00\",\"dateModified\":\"2025-02-14T15:05:43+00:00\",\"mainEntityOfPage\":{\"@id\":\"https:\/\/www.mundoagropecuario.cl\/new\/autoridades-verifican-en-terreno-la-recepcion-de-trigo-harinero-en-osorno\/\"},\"wordCount\":459,\"publisher\":{\"@id\":\"https:\/\/www.mundoagropecuario.cl\/new\/#organization\"},\"image\":{\"@id\":\"https:\/\/www.mundoagropecuario.cl\/new\/autoridades-verifican-en-terreno-la-recepcion-de-trigo-harinero-en-osorno\/#primaryimage\"},\"thumbnailUrl\":\"https:\/\/www.mundoagropecuario.cl\/new\/wp-content\/uploads\/2025\/02\/Plantilla-estandar-mundo-acuicola-2025-02-11T103826.708-scaled.jpg\",\"keywords\":[\"SAG\",\"SAG Los Lagos\",\"seremi de Agricultura\",\"Servicio Agr\u00edcola y Ganadero\"],\"articleSection\":[\"Agricultura\"],\"inLanguage\":\"es\"},{\"@type\":\"WebPage\",\"@id\":\"https:\/\/www.mundoagropecuario.cl\/new\/autoridades-verifican-en-terreno-la-recepcion-de-trigo-harinero-en-osorno\/\",\"url\":\"https:\/\/www.mundoagropecuario.cl\/new\/autoridades-verifican-en-terreno-la-recepcion-de-trigo-harinero-en-osorno\/\",\"name\":\"Autoridades verifican en terreno la recepci\u00f3n de trigo harinero en Osorno - Mundoagropecuario\",\"isPartOf\":{\"@id\":\"https:\/\/www.mundoagropecuario.cl\/new\/#website\"},\"primaryImageOfPage\":{\"@id\":\"https:\/\/www.mundoagropecuario.cl\/new\/autoridades-verifican-en-terreno-la-recepcion-de-trigo-harinero-en-osorno\/#primaryimage\"},\"image\":{\"@id\":\"https:\/\/www.mundoagropecuario.cl\/new\/autoridades-verifican-en-terreno-la-recepcion-de-trigo-harinero-en-osorno\/#primaryimage\"},\"thumbnailUrl\":\"https:\/\/www.mundoagropecuario.cl\/new\/wp-content\/uploads\/2025\/02\/Plantilla-estandar-mundo-acuicola-2025-02-11T103826.708-scaled.jpg\",\"datePublished\":\"2025-02-11T13:46:19+00:00\",\"dateModified\":\"2025-02-14T15:05:43+00:00\",\"description\":\"Fiscalizaci\u00f3n del SAG y de la Seremi de Agricultura coincide con el inicio de la temporada de cosecha y venta de trigo en la regi\u00f3n.\",\"breadcrumb\":{\"@id\":\"https:\/\/www.mundoagropecuario.cl\/new\/autoridades-verifican-en-terreno-la-recepcion-de-trigo-harinero-en-osorno\/#breadcrumb\"},\"inLanguage\":\"es\",\"potentialAction\":[{\"@type\":\"ReadAction\",\"target\":[\"https:\/\/www.mundoagropecuario.cl\/new\/autoridades-verifican-en-terreno-la-recepcion-de-trigo-harinero-en-osorno\/\"]}]},{\"@type\":\"ImageObject\",\"inLanguage\":\"es\",\"@id\":\"https:\/\/www.mundoagropecuario.cl\/new\/autoridades-verifican-en-terreno-la-recepcion-de-trigo-harinero-en-osorno\/#primaryimage\",\"url\":\"https:\/\/www.mundoagropecuario.cl\/new\/wp-content\/uploads\/2025\/02\/Plantilla-estandar-mundo-acuicola-2025-02-11T103826.708-scaled.jpg\",\"contentUrl\":\"https:\/\/www.mundoagropecuario.cl\/new\/wp-content\/uploads\/2025\/02\/Plantilla-estandar-mundo-acuicola-2025-02-11T103826.708-scaled.jpg\",\"width\":720,\"height\":384},{\"@type\":\"BreadcrumbList\",\"@id\":\"https:\/\/www.mundoagropecuario.cl\/new\/autoridades-verifican-en-terreno-la-recepcion-de-trigo-harinero-en-osorno\/#breadcrumb\",\"itemListElement\":[{\"@type\":\"ListItem\",\"position\":1,\"name\":\"Portada\",\"item\":\"https:\/\/www.mundoagropecuario.cl\/new\/\"},{\"@type\":\"ListItem\",\"position\":2,\"name\":\"Autoridades verifican en terreno la recepci\u00f3n de trigo harinero en Osorno\"}]},{\"@type\":\"WebSite\",\"@id\":\"https:\/\/www.mundoagropecuario.cl\/new\/#website\",\"url\":\"https:\/\/www.mundoagropecuario.cl\/new\/\",\"name\":\"Mundoagropecuario\",\"description\":\"Mundo Agropecuario\",\"publisher\":{\"@id\":\"https:\/\/www.mundoagropecuario.cl\/new\/#organization\"},\"potentialAction\":[{\"@type\":\"SearchAction\",\"target\":{\"@type\":\"EntryPoint\",\"urlTemplate\":\"https:\/\/www.mundoagropecuario.cl\/new\/?s={search_term_string}\"},\"query-input\":{\"@type\":\"PropertyValueSpecification\",\"valueRequired\":true,\"valueName\":\"search_term_string\"}}],\"inLanguage\":\"es\"},{\"@type\":\"Organization\",\"@id\":\"https:\/\/www.mundoagropecuario.cl\/new\/#organization\",\"name\":\"Revista de Agricultura\",\"url\":\"https:\/\/www.mundoagropecuario.cl\/new\/\",\"logo\":{\"@type\":\"ImageObject\",\"inLanguage\":\"es\",\"@id\":\"https:\/\/www.mundoagropecuario.cl\/new\/#\/schema\/logo\/image\/\",\"url\":\"https:\/\/www.mundoagropecuario.cl\/new\/wp-content\/uploads\/2020\/11\/PORTAL-1-1.png\",\"contentUrl\":\"https:\/\/www.mundoagropecuario.cl\/new\/wp-content\/uploads\/2020\/11\/PORTAL-1-1.png\",\"width\":1026,\"height\":100,\"caption\":\"Revista de Agricultura\"},\"image\":{\"@id\":\"https:\/\/www.mundoagropecuario.cl\/new\/#\/schema\/logo\/image\/\"},\"sameAs\":[\"https:\/\/www.facebook.com\/mundo.agropecuario.3\",\"https:\/\/x.com\/MundoAgropecuar\",\"https:\/\/www.linkedin.com\/in\/mundo-agropecuario-934009201\/\"]},{\"@type\":\"Person\",\"@id\":\"https:\/\/www.mundoagropecuario.cl\/new\/#\/schema\/person\/4e9f74a82a7dac260eb1c44b7eebeb18\",\"name\":\"mundo\",\"url\":\"https:\/\/www.mundoagropecuario.cl\/new\/author\/mundo\/\"}]}<\/script>\n<!-- \/ Yoast SEO plugin. -->","yoast_head_json":{"title":"Autoridades verifican en terreno la recepci\u00f3n de trigo harinero en Osorno - Mundoagropecuario","description":"Fiscalizaci\u00f3n del SAG y de la Seremi de Agricultura coincide con el inicio de la temporada de cosecha y venta de trigo en la regi\u00f3n.","robots":{"index":"index","follow":"follow","max-snippet":"max-snippet:-1","max-image-preview":"max-image-preview:large","max-video-preview":"max-video-preview:-1"},"canonical":"https:\/\/www.mundoagropecuario.cl\/new\/autoridades-verifican-en-terreno-la-recepcion-de-trigo-harinero-en-osorno\/","og_locale":"es_ES","og_type":"article","og_title":"Autoridades verifican en terreno la recepci\u00f3n de trigo harinero en Osorno - Mundoagropecuario","og_description":"Fiscalizaci\u00f3n del SAG y de la Seremi de Agricultura coincide con el inicio de la temporada de cosecha y venta de trigo en la regi\u00f3n.","og_url":"https:\/\/www.mundoagropecuario.cl\/new\/autoridades-verifican-en-terreno-la-recepcion-de-trigo-harinero-en-osorno\/","og_site_name":"Mundoagropecuario","article_publisher":"https:\/\/www.facebook.com\/mundo.agropecuario.3","article_published_time":"2025-02-11T13:46:19+00:00","article_modified_time":"2025-02-14T15:05:43+00:00","og_image":[{"width":720,"height":384,"url":"https:\/\/www.mundoagropecuario.cl\/new\/wp-content\/uploads\/2025\/02\/Plantilla-estandar-mundo-acuicola-2025-02-11T103826.708-scaled.jpg","type":"image\/jpeg"}],"author":"mundo","twitter_card":"summary_large_image","twitter_creator":"@MundoAgropecuar","twitter_site":"@MundoAgropecuar","twitter_misc":{"Escrito por":"mundo","Tiempo de lectura":"3 minutos"},"schema":{"@context":"https:\/\/schema.org","@graph":[{"@type":"Article","@id":"https:\/\/www.mundoagropecuario.cl\/new\/autoridades-verifican-en-terreno-la-recepcion-de-trigo-harinero-en-osorno\/#article","isPartOf":{"@id":"https:\/\/www.mundoagropecuario.cl\/new\/autoridades-verifican-en-terreno-la-recepcion-de-trigo-harinero-en-osorno\/"},"author":{"name":"mundo","@id":"https:\/\/www.mundoagropecuario.cl\/new\/#\/schema\/person\/4e9f74a82a7dac260eb1c44b7eebeb18"},"headline":"Autoridades verifican en terreno la recepci\u00f3n de trigo harinero en Osorno","datePublished":"2025-02-11T13:46:19+00:00","dateModified":"2025-02-14T15:05:43+00:00","mainEntityOfPage":{"@id":"https:\/\/www.mundoagropecuario.cl\/new\/autoridades-verifican-en-terreno-la-recepcion-de-trigo-harinero-en-osorno\/"},"wordCount":459,"publisher":{"@id":"https:\/\/www.mundoagropecuario.cl\/new\/#organization"},"image":{"@id":"https:\/\/www.mundoagropecuario.cl\/new\/autoridades-verifican-en-terreno-la-recepcion-de-trigo-harinero-en-osorno\/#primaryimage"},"thumbnailUrl":"https:\/\/www.mundoagropecuario.cl\/new\/wp-content\/uploads\/2025\/02\/Plantilla-estandar-mundo-acuicola-2025-02-11T103826.708-scaled.jpg","keywords":["SAG","SAG Los Lagos","seremi de Agricultura","Servicio Agr\u00edcola y Ganadero"],"articleSection":["Agricultura"],"inLanguage":"es"},{"@type":"WebPage","@id":"https:\/\/www.mundoagropecuario.cl\/new\/autoridades-verifican-en-terreno-la-recepcion-de-trigo-harinero-en-osorno\/","url":"https:\/\/www.mundoagropecuario.cl\/new\/autoridades-verifican-en-terreno-la-recepcion-de-trigo-harinero-en-osorno\/","name":"Autoridades verifican en terreno la recepci\u00f3n de trigo harinero en Osorno - Mundoagropecuario","isPartOf":{"@id":"https:\/\/www.mundoagropecuario.cl\/new\/#website"},"primaryImageOfPage":{"@id":"https:\/\/www.mundoagropecuario.cl\/new\/autoridades-verifican-en-terreno-la-recepcion-de-trigo-harinero-en-osorno\/#primaryimage"},"image":{"@id":"https:\/\/www.mundoagropecuario.cl\/new\/autoridades-verifican-en-terreno-la-recepcion-de-trigo-harinero-en-osorno\/#primaryimage"},"thumbnailUrl":"https:\/\/www.mundoagropecuario.cl\/new\/wp-content\/uploads\/2025\/02\/Plantilla-estandar-mundo-acuicola-2025-02-11T103826.708-scaled.jpg","datePublished":"2025-02-11T13:46:19+00:00","dateModified":"2025-02-14T15:05:43+00:00","description":"Fiscalizaci\u00f3n del SAG y de la Seremi de Agricultura coincide con el inicio de la temporada de cosecha y venta de trigo en la regi\u00f3n.","breadcrumb":{"@id":"https:\/\/www.mundoagropecuario.cl\/new\/autoridades-verifican-en-terreno-la-recepcion-de-trigo-harinero-en-osorno\/#breadcrumb"},"inLanguage":"es","potentialAction":[{"@type":"ReadAction","target":["https:\/\/www.mundoagropecuario.cl\/new\/autoridades-verifican-en-terreno-la-recepcion-de-trigo-harinero-en-osorno\/"]}]},{"@type":"ImageObject","inLanguage":"es","@id":"https:\/\/www.mundoagropecuario.cl\/new\/autoridades-verifican-en-terreno-la-recepcion-de-trigo-harinero-en-osorno\/#primaryimage","url":"https:\/\/www.mundoagropecuario.cl\/new\/wp-content\/uploads\/2025\/02\/Plantilla-estandar-mundo-acuicola-2025-02-11T103826.708-scaled.jpg","contentUrl":"https:\/\/www.mundoagropecuario.cl\/new\/wp-content\/uploads\/2025\/02\/Plantilla-estandar-mundo-acuicola-2025-02-11T103826.708-scaled.jpg","width":720,"height":384},{"@type":"BreadcrumbList","@id":"https:\/\/www.mundoagropecuario.cl\/new\/autoridades-verifican-en-terreno-la-recepcion-de-trigo-harinero-en-osorno\/#breadcrumb","itemListElement":[{"@type":"ListItem","position":1,"name":"Portada","item":"https:\/\/www.mundoagropecuario.cl\/new\/"},{"@type":"ListItem","position":2,"name":"Autoridades verifican en terreno la recepci\u00f3n de trigo harinero en Osorno"}]},{"@type":"WebSite","@id":"https:\/\/www.mundoagropecuario.cl\/new\/#website","url":"https:\/\/www.mundoagropecuario.cl\/new\/","name":"Mundoagropecuario","description":"Mundo Agropecuario","publisher":{"@id":"https:\/\/www.mundoagropecuario.cl\/new\/#organization"},"potentialAction":[{"@type":"SearchAction","target":{"@type":"EntryPoint","urlTemplate":"https:\/\/www.mundoagropecuario.cl\/new\/?s={search_term_string}"},"query-input":{"@type":"PropertyValueSpecification","valueRequired":true,"valueName":"search_term_string"}}],"inLanguage":"es"},{"@type":"Organization","@id":"https:\/\/www.mundoagropecuario.cl\/new\/#organization","name":"Revista de Agricultura","url":"https:\/\/www.mundoagropecuario.cl\/new\/","logo":{"@type":"ImageObject","inLanguage":"es","@id":"https:\/\/www.mundoagropecuario.cl\/new\/#\/schema\/logo\/image\/","url":"https:\/\/www.mundoagropecuario.cl\/new\/wp-content\/uploads\/2020\/11\/PORTAL-1-1.png","contentUrl":"https:\/\/www.mundoagropecuario.cl\/new\/wp-content\/uploads\/2020\/11\/PORTAL-1-1.png","width":1026,"height":100,"caption":"Revista de Agricultura"},"image":{"@id":"https:\/\/www.mundoagropecuario.cl\/new\/#\/schema\/logo\/image\/"},"sameAs":["https:\/\/www.facebook.com\/mundo.agropecuario.3","https:\/\/x.com\/MundoAgropecuar","https:\/\/www.linkedin.com\/in\/mundo-agropecuario-934009201\/"]},{"@type":"Person","@id":"https:\/\/www.mundoagropecuario.cl\/new\/#\/schema\/person\/4e9f74a82a7dac260eb1c44b7eebeb18","name":"mundo","url":"https:\/\/www.mundoagropecuario.cl\/new\/author\/mundo\/"}]}},"_links":{"self":[{"href":"https:\/\/www.mundoagropecuario.cl\/new\/wp-json\/wp\/v2\/posts\/26432","targetHints":{"allow":["GET"]}}],"collection":[{"href":"https:\/\/www.mundoagropecuario.cl\/new\/wp-json\/wp\/v2\/posts"}],"about":[{"href":"https:\/\/www.mundoagropecuario.cl\/new\/wp-json\/wp\/v2\/types\/post"}],"author":[{"embeddable":true,"href":"https:\/\/www.mundoagropecuario.cl\/new\/wp-json\/wp\/v2\/users\/2"}],"replies":[{"embeddable":true,"href":"https:\/\/www.mundoagropecuario.cl\/new\/wp-json\/wp\/v2\/comments?post=26432"}],"version-history":[{"count":1,"href":"https:\/\/www.mundoagropecuario.cl\/new\/wp-json\/wp\/v2\/posts\/26432\/revisions"}],"predecessor-version":[{"id":26435,"href":"https:\/\/www.mundoagropecuario.cl\/new\/wp-json\/wp\/v2\/posts\/26432\/revisions\/26435"}],"wp:featuredmedia":[{"embeddable":true,"href":"https:\/\/www.mundoagropecuario.cl\/new\/wp-json\/wp\/v2\/media\/26433"}],"wp:attachment":[{"href":"https:\/\/www.mundoagropecuario.cl\/new\/wp-json\/wp\/v2\/media?parent=26432"}],"wp:term":[{"taxonomy":"category","embeddable":true,"href":"https:\/\/www.mundoagropecuario.cl\/new\/wp-json\/wp\/v2\/categories?post=26432"},{"taxonomy":"post_tag","embeddable":true,"href":"https:\/\/www.mundoagropecuario.cl\/new\/wp-json\/wp\/v2\/tags?post=26432"}],"curies":[{"name":"wp","href":"https:\/\/api.w.org\/{rel}","templated":true}]}}