{"id":26427,"date":"2025-02-10T13:45:58","date_gmt":"2025-02-10T16:45:58","guid":{"rendered":"https:\/\/www.mundoagropecuario.cl\/new\/?p=26427"},"modified":"2025-02-14T12:05:51","modified_gmt":"2025-02-14T15:05:51","slug":"impulsan-produccion-de-bioinsumos-agroecologicos-en-los-rios","status":"publish","type":"post","link":"https:\/\/www.mundoagropecuario.cl\/new\/impulsan-produccion-de-bioinsumos-agroecologicos-en-los-rios\/","title":{"rendered":"Impulsan producci\u00f3n de bioinsumos agroecol\u00f3gicos en Los R\u00edos"},"content":{"rendered":"<p>En el coraz\u00f3n de la comuna de La Uni\u00f3n, trece productores pertenecientes a la Agrupaci\u00f3n Agroecol\u00f3gica de Mashue, se convirtieron en protagonistas de un cambio radical. Durante tres meses, la agencia FIA (Fundaci\u00f3n para la Innovaci\u00f3n Agraria), dependiente del Ministerio de Agricultura, bajo la ejecuci\u00f3n t\u00e9cnica de Albatros Consultores, quienes facilitan procesos de transici\u00f3n agroecol\u00f3gica para la agricultura familiar campesina, capacitaron a la agrupaci\u00f3n en la elaboraci\u00f3n de bioinsumos para control de plagas, fertilizaci\u00f3n y estimulaci\u00f3n vegetativa, reduciendo la dependencia de qu\u00edmicos y potenciando el uso de pr\u00e1cticas agroecol\u00f3gicas.<\/p>\n<p>La consultor\u00eda, financiada por FIA, permiti\u00f3 a los productores elaborar y aplicar en terreno cinco bioinsumos que aportan a la reducci\u00f3n del uso de agroqu\u00edmicos sint\u00e9ticos, con actividad antif\u00fangica y acaricida, como el caldo sulfoc\u00e1lcico y caldo bordel\u00e9s. El ensilaje de microorganismos contribuye a la conservaci\u00f3n del forraje para alimentaci\u00f3n animal y el jab\u00f3n pot\u00e1sico act\u00faa como alternativa natural contra insectos y hongos. Por \u00faltimo, el bioestimulante de algas marinas fortalece los cultivos y mejora la absorci\u00f3n de nutrientes.<\/p>\n<h3>Autonom\u00eda productiva<\/h3>\n<p>Nicol\u00e1s P\u00e9rez, Ejecutivo de Innovaci\u00f3n Agraria de FIA, resalt\u00f3 que: \u201cesta consultor\u00eda entrega herramientas que permitir\u00e1n la estandarizaci\u00f3n de procesos en la producci\u00f3n de bioinsumos de forma local y adaptada a las necesidades de los productores. La adopci\u00f3n de estas t\u00e9cnicas refuerza la autonom\u00eda productiva de los agricultores y expone el potencial de estos como una alternativa t\u00e9cnicamente viable en la agricultura actual, con miras a fortalecer una transici\u00f3n hacia la agroecolog\u00eda\u201d<\/p>\n<p>Sumado a lo anterior, la Agrupaci\u00f3n Agroecol\u00f3gica de Mashue cuenta con una biof\u00e1brica comunitaria, en colaboraci\u00f3n con el Comit\u00e9 de Agua Potable Rural de esta localidad, que ya opera con un calendario anual y se consolida como el punto inicial para la adopci\u00f3n de pr\u00e1cticas agroecol\u00f3gicas, proyect\u00e1ndose a la elaboraci\u00f3n mensual de 100 litros de caldos, 50 litros de jab\u00f3n pot\u00e1sico y 120 litros de bioestimulante, con la idea de abastecer tanto mercados locales como regionales, marcando un hito importante en la agricultura campesina local.<\/p>\n<p>Patricio Cantos, Representante Regional de FIA en Los R\u00edos, coment\u00f3: \u201cEstamos presenciando c\u00f3mo la uni\u00f3n del conocimiento y el compromiso de los agricultores familiares transforma la realidad en el campo. Lo que se ha logrado en Mashue es la muestra de que, cuando el conocimiento se comparte y se aplica localmente, se pueden construir alternativas ecol\u00f3gicas con gran impacto social.<\/p>\n<p>Esta consultor\u00eda, apoyada por FIA, se presenta como una herramienta para esta agrupaci\u00f3n ayudando a solucionar problem\u00e1ticas vinculadas al abastecimiento y altos precios de insumos agr\u00edcolas, aline\u00e1ndose a la tendencia actual a la agricultura agroecol\u00f3gica y producci\u00f3n local con bajos impactos medioambientales.<\/p>\n","protected":false},"excerpt":{"rendered":"<p>Trece productores de Mashue fueron capacitados en la elaboraci\u00f3n de bioinsumos, reduciendo agroqu\u00edmicos y promoviendo la agroecolog\u00eda.<\/p>\n","protected":false},"author":2,"featured_media":26428,"comment_status":"closed","ping_status":"closed","sticky":false,"template":"","format":"standard","meta":{"footnotes":""},"categories":[1945],"tags":[3127,8072,9643,2124,2514],"class_list":["post-26427","post","type-post","status-publish","format-standard","has-post-thumbnail","hentry","category-agricultura","tag-agro","tag-bioinsumos","tag-bioinsumos-agroecologicos","tag-fia","tag-fundacion-para-la-innovacion-agraria"],"yoast_head":"<!-- This site is optimized with the Yoast SEO plugin v26.6 - https:\/\/yoast.com\/wordpress\/plugins\/seo\/ -->\n<title>Impulsan producci\u00f3n de bioinsumos agroecol\u00f3gicos en Los R\u00edos - Mundoagropecuario<\/title>\n<meta name=\"description\" content=\"Trece productores de Mashue fueron capacitados en la elaboraci\u00f3n de bioinsumos, reduciendo agroqu\u00edmicos y promoviendo la agroecolog\u00eda.\" \/>\n<meta name=\"robots\" content=\"index, follow, max-snippet:-1, max-image-preview:large, max-video-preview:-1\" \/>\n<link rel=\"canonical\" href=\"https:\/\/www.mundoagropecuario.cl\/new\/impulsan-produccion-de-bioinsumos-agroecologicos-en-los-rios\/\" \/>\n<meta property=\"og:locale\" content=\"es_ES\" \/>\n<meta property=\"og:type\" content=\"article\" \/>\n<meta property=\"og:title\" content=\"Impulsan producci\u00f3n de bioinsumos agroecol\u00f3gicos en Los R\u00edos - Mundoagropecuario\" \/>\n<meta property=\"og:description\" content=\"Trece productores de Mashue fueron capacitados en la elaboraci\u00f3n de bioinsumos, reduciendo agroqu\u00edmicos y promoviendo la agroecolog\u00eda.\" \/>\n<meta property=\"og:url\" content=\"https:\/\/www.mundoagropecuario.cl\/new\/impulsan-produccion-de-bioinsumos-agroecologicos-en-los-rios\/\" \/>\n<meta property=\"og:site_name\" content=\"Mundoagropecuario\" \/>\n<meta property=\"article:publisher\" content=\"https:\/\/www.facebook.com\/mundo.agropecuario.3\" \/>\n<meta property=\"article:published_time\" content=\"2025-02-10T16:45:58+00:00\" \/>\n<meta property=\"article:modified_time\" content=\"2025-02-14T15:05:51+00:00\" \/>\n<meta property=\"og:image\" content=\"https:\/\/www.mundoagropecuario.cl\/new\/wp-content\/uploads\/2025\/02\/Plantilla-estandar-mundo-acuicola-2025-02-10T134447.388-scaled.jpg\" \/>\n\t<meta property=\"og:image:width\" content=\"720\" \/>\n\t<meta property=\"og:image:height\" content=\"384\" \/>\n\t<meta property=\"og:image:type\" content=\"image\/jpeg\" \/>\n<meta name=\"author\" content=\"mundo\" \/>\n<meta name=\"twitter:card\" content=\"summary_large_image\" \/>\n<meta name=\"twitter:creator\" content=\"@MundoAgropecuar\" \/>\n<meta name=\"twitter:site\" content=\"@MundoAgropecuar\" \/>\n<meta name=\"twitter:label1\" content=\"Escrito por\" \/>\n\t<meta name=\"twitter:data1\" content=\"mundo\" \/>\n\t<meta name=\"twitter:label2\" content=\"Tiempo de lectura\" \/>\n\t<meta name=\"twitter:data2\" content=\"3 minutos\" \/>\n<script type=\"application\/ld+json\" class=\"yoast-schema-graph\">{\"@context\":\"https:\/\/schema.org\",\"@graph\":[{\"@type\":\"Article\",\"@id\":\"https:\/\/www.mundoagropecuario.cl\/new\/impulsan-produccion-de-bioinsumos-agroecologicos-en-los-rios\/#article\",\"isPartOf\":{\"@id\":\"https:\/\/www.mundoagropecuario.cl\/new\/impulsan-produccion-de-bioinsumos-agroecologicos-en-los-rios\/\"},\"author\":{\"name\":\"mundo\",\"@id\":\"https:\/\/www.mundoagropecuario.cl\/new\/#\/schema\/person\/4e9f74a82a7dac260eb1c44b7eebeb18\"},\"headline\":\"Impulsan producci\u00f3n de bioinsumos agroecol\u00f3gicos en Los R\u00edos\",\"datePublished\":\"2025-02-10T16:45:58+00:00\",\"dateModified\":\"2025-02-14T15:05:51+00:00\",\"mainEntityOfPage\":{\"@id\":\"https:\/\/www.mundoagropecuario.cl\/new\/impulsan-produccion-de-bioinsumos-agroecologicos-en-los-rios\/\"},\"wordCount\":503,\"publisher\":{\"@id\":\"https:\/\/www.mundoagropecuario.cl\/new\/#organization\"},\"image\":{\"@id\":\"https:\/\/www.mundoagropecuario.cl\/new\/impulsan-produccion-de-bioinsumos-agroecologicos-en-los-rios\/#primaryimage\"},\"thumbnailUrl\":\"https:\/\/www.mundoagropecuario.cl\/new\/wp-content\/uploads\/2025\/02\/Plantilla-estandar-mundo-acuicola-2025-02-10T134447.388-scaled.jpg\",\"keywords\":[\"Agro\",\"bioinsumos\",\"bioinsumos agroecol\u00f3gicos\",\"FIA\",\"Fundaci\u00f3n para la Innovaci\u00f3n Agraria\"],\"articleSection\":[\"Agricultura\"],\"inLanguage\":\"es\"},{\"@type\":\"WebPage\",\"@id\":\"https:\/\/www.mundoagropecuario.cl\/new\/impulsan-produccion-de-bioinsumos-agroecologicos-en-los-rios\/\",\"url\":\"https:\/\/www.mundoagropecuario.cl\/new\/impulsan-produccion-de-bioinsumos-agroecologicos-en-los-rios\/\",\"name\":\"Impulsan producci\u00f3n de bioinsumos agroecol\u00f3gicos en Los R\u00edos - Mundoagropecuario\",\"isPartOf\":{\"@id\":\"https:\/\/www.mundoagropecuario.cl\/new\/#website\"},\"primaryImageOfPage\":{\"@id\":\"https:\/\/www.mundoagropecuario.cl\/new\/impulsan-produccion-de-bioinsumos-agroecologicos-en-los-rios\/#primaryimage\"},\"image\":{\"@id\":\"https:\/\/www.mundoagropecuario.cl\/new\/impulsan-produccion-de-bioinsumos-agroecologicos-en-los-rios\/#primaryimage\"},\"thumbnailUrl\":\"https:\/\/www.mundoagropecuario.cl\/new\/wp-content\/uploads\/2025\/02\/Plantilla-estandar-mundo-acuicola-2025-02-10T134447.388-scaled.jpg\",\"datePublished\":\"2025-02-10T16:45:58+00:00\",\"dateModified\":\"2025-02-14T15:05:51+00:00\",\"description\":\"Trece productores de Mashue fueron capacitados en la elaboraci\u00f3n de bioinsumos, reduciendo agroqu\u00edmicos y promoviendo la agroecolog\u00eda.\",\"breadcrumb\":{\"@id\":\"https:\/\/www.mundoagropecuario.cl\/new\/impulsan-produccion-de-bioinsumos-agroecologicos-en-los-rios\/#breadcrumb\"},\"inLanguage\":\"es\",\"potentialAction\":[{\"@type\":\"ReadAction\",\"target\":[\"https:\/\/www.mundoagropecuario.cl\/new\/impulsan-produccion-de-bioinsumos-agroecologicos-en-los-rios\/\"]}]},{\"@type\":\"ImageObject\",\"inLanguage\":\"es\",\"@id\":\"https:\/\/www.mundoagropecuario.cl\/new\/impulsan-produccion-de-bioinsumos-agroecologicos-en-los-rios\/#primaryimage\",\"url\":\"https:\/\/www.mundoagropecuario.cl\/new\/wp-content\/uploads\/2025\/02\/Plantilla-estandar-mundo-acuicola-2025-02-10T134447.388-scaled.jpg\",\"contentUrl\":\"https:\/\/www.mundoagropecuario.cl\/new\/wp-content\/uploads\/2025\/02\/Plantilla-estandar-mundo-acuicola-2025-02-10T134447.388-scaled.jpg\",\"width\":720,\"height\":384},{\"@type\":\"BreadcrumbList\",\"@id\":\"https:\/\/www.mundoagropecuario.cl\/new\/impulsan-produccion-de-bioinsumos-agroecologicos-en-los-rios\/#breadcrumb\",\"itemListElement\":[{\"@type\":\"ListItem\",\"position\":1,\"name\":\"Portada\",\"item\":\"https:\/\/www.mundoagropecuario.cl\/new\/\"},{\"@type\":\"ListItem\",\"position\":2,\"name\":\"Impulsan producci\u00f3n de bioinsumos agroecol\u00f3gicos en Los R\u00edos\"}]},{\"@type\":\"WebSite\",\"@id\":\"https:\/\/www.mundoagropecuario.cl\/new\/#website\",\"url\":\"https:\/\/www.mundoagropecuario.cl\/new\/\",\"name\":\"Mundoagropecuario\",\"description\":\"Mundo Agropecuario\",\"publisher\":{\"@id\":\"https:\/\/www.mundoagropecuario.cl\/new\/#organization\"},\"potentialAction\":[{\"@type\":\"SearchAction\",\"target\":{\"@type\":\"EntryPoint\",\"urlTemplate\":\"https:\/\/www.mundoagropecuario.cl\/new\/?s={search_term_string}\"},\"query-input\":{\"@type\":\"PropertyValueSpecification\",\"valueRequired\":true,\"valueName\":\"search_term_string\"}}],\"inLanguage\":\"es\"},{\"@type\":\"Organization\",\"@id\":\"https:\/\/www.mundoagropecuario.cl\/new\/#organization\",\"name\":\"Revista de Agricultura\",\"url\":\"https:\/\/www.mundoagropecuario.cl\/new\/\",\"logo\":{\"@type\":\"ImageObject\",\"inLanguage\":\"es\",\"@id\":\"https:\/\/www.mundoagropecuario.cl\/new\/#\/schema\/logo\/image\/\",\"url\":\"https:\/\/www.mundoagropecuario.cl\/new\/wp-content\/uploads\/2020\/11\/PORTAL-1-1.png\",\"contentUrl\":\"https:\/\/www.mundoagropecuario.cl\/new\/wp-content\/uploads\/2020\/11\/PORTAL-1-1.png\",\"width\":1026,\"height\":100,\"caption\":\"Revista de Agricultura\"},\"image\":{\"@id\":\"https:\/\/www.mundoagropecuario.cl\/new\/#\/schema\/logo\/image\/\"},\"sameAs\":[\"https:\/\/www.facebook.com\/mundo.agropecuario.3\",\"https:\/\/x.com\/MundoAgropecuar\",\"https:\/\/www.linkedin.com\/in\/mundo-agropecuario-934009201\/\"]},{\"@type\":\"Person\",\"@id\":\"https:\/\/www.mundoagropecuario.cl\/new\/#\/schema\/person\/4e9f74a82a7dac260eb1c44b7eebeb18\",\"name\":\"mundo\",\"url\":\"https:\/\/www.mundoagropecuario.cl\/new\/author\/mundo\/\"}]}<\/script>\n<!-- \/ Yoast SEO plugin. -->","yoast_head_json":{"title":"Impulsan producci\u00f3n de bioinsumos agroecol\u00f3gicos en Los R\u00edos - Mundoagropecuario","description":"Trece productores de Mashue fueron capacitados en la elaboraci\u00f3n de bioinsumos, reduciendo agroqu\u00edmicos y promoviendo la agroecolog\u00eda.","robots":{"index":"index","follow":"follow","max-snippet":"max-snippet:-1","max-image-preview":"max-image-preview:large","max-video-preview":"max-video-preview:-1"},"canonical":"https:\/\/www.mundoagropecuario.cl\/new\/impulsan-produccion-de-bioinsumos-agroecologicos-en-los-rios\/","og_locale":"es_ES","og_type":"article","og_title":"Impulsan producci\u00f3n de bioinsumos agroecol\u00f3gicos en Los R\u00edos - Mundoagropecuario","og_description":"Trece productores de Mashue fueron capacitados en la elaboraci\u00f3n de bioinsumos, reduciendo agroqu\u00edmicos y promoviendo la agroecolog\u00eda.","og_url":"https:\/\/www.mundoagropecuario.cl\/new\/impulsan-produccion-de-bioinsumos-agroecologicos-en-los-rios\/","og_site_name":"Mundoagropecuario","article_publisher":"https:\/\/www.facebook.com\/mundo.agropecuario.3","article_published_time":"2025-02-10T16:45:58+00:00","article_modified_time":"2025-02-14T15:05:51+00:00","og_image":[{"width":720,"height":384,"url":"https:\/\/www.mundoagropecuario.cl\/new\/wp-content\/uploads\/2025\/02\/Plantilla-estandar-mundo-acuicola-2025-02-10T134447.388-scaled.jpg","type":"image\/jpeg"}],"author":"mundo","twitter_card":"summary_large_image","twitter_creator":"@MundoAgropecuar","twitter_site":"@MundoAgropecuar","twitter_misc":{"Escrito por":"mundo","Tiempo de lectura":"3 minutos"},"schema":{"@context":"https:\/\/schema.org","@graph":[{"@type":"Article","@id":"https:\/\/www.mundoagropecuario.cl\/new\/impulsan-produccion-de-bioinsumos-agroecologicos-en-los-rios\/#article","isPartOf":{"@id":"https:\/\/www.mundoagropecuario.cl\/new\/impulsan-produccion-de-bioinsumos-agroecologicos-en-los-rios\/"},"author":{"name":"mundo","@id":"https:\/\/www.mundoagropecuario.cl\/new\/#\/schema\/person\/4e9f74a82a7dac260eb1c44b7eebeb18"},"headline":"Impulsan producci\u00f3n de bioinsumos agroecol\u00f3gicos en Los R\u00edos","datePublished":"2025-02-10T16:45:58+00:00","dateModified":"2025-02-14T15:05:51+00:00","mainEntityOfPage":{"@id":"https:\/\/www.mundoagropecuario.cl\/new\/impulsan-produccion-de-bioinsumos-agroecologicos-en-los-rios\/"},"wordCount":503,"publisher":{"@id":"https:\/\/www.mundoagropecuario.cl\/new\/#organization"},"image":{"@id":"https:\/\/www.mundoagropecuario.cl\/new\/impulsan-produccion-de-bioinsumos-agroecologicos-en-los-rios\/#primaryimage"},"thumbnailUrl":"https:\/\/www.mundoagropecuario.cl\/new\/wp-content\/uploads\/2025\/02\/Plantilla-estandar-mundo-acuicola-2025-02-10T134447.388-scaled.jpg","keywords":["Agro","bioinsumos","bioinsumos agroecol\u00f3gicos","FIA","Fundaci\u00f3n para la Innovaci\u00f3n Agraria"],"articleSection":["Agricultura"],"inLanguage":"es"},{"@type":"WebPage","@id":"https:\/\/www.mundoagropecuario.cl\/new\/impulsan-produccion-de-bioinsumos-agroecologicos-en-los-rios\/","url":"https:\/\/www.mundoagropecuario.cl\/new\/impulsan-produccion-de-bioinsumos-agroecologicos-en-los-rios\/","name":"Impulsan producci\u00f3n de bioinsumos agroecol\u00f3gicos en Los R\u00edos - Mundoagropecuario","isPartOf":{"@id":"https:\/\/www.mundoagropecuario.cl\/new\/#website"},"primaryImageOfPage":{"@id":"https:\/\/www.mundoagropecuario.cl\/new\/impulsan-produccion-de-bioinsumos-agroecologicos-en-los-rios\/#primaryimage"},"image":{"@id":"https:\/\/www.mundoagropecuario.cl\/new\/impulsan-produccion-de-bioinsumos-agroecologicos-en-los-rios\/#primaryimage"},"thumbnailUrl":"https:\/\/www.mundoagropecuario.cl\/new\/wp-content\/uploads\/2025\/02\/Plantilla-estandar-mundo-acuicola-2025-02-10T134447.388-scaled.jpg","datePublished":"2025-02-10T16:45:58+00:00","dateModified":"2025-02-14T15:05:51+00:00","description":"Trece productores de Mashue fueron capacitados en la elaboraci\u00f3n de bioinsumos, reduciendo agroqu\u00edmicos y promoviendo la agroecolog\u00eda.","breadcrumb":{"@id":"https:\/\/www.mundoagropecuario.cl\/new\/impulsan-produccion-de-bioinsumos-agroecologicos-en-los-rios\/#breadcrumb"},"inLanguage":"es","potentialAction":[{"@type":"ReadAction","target":["https:\/\/www.mundoagropecuario.cl\/new\/impulsan-produccion-de-bioinsumos-agroecologicos-en-los-rios\/"]}]},{"@type":"ImageObject","inLanguage":"es","@id":"https:\/\/www.mundoagropecuario.cl\/new\/impulsan-produccion-de-bioinsumos-agroecologicos-en-los-rios\/#primaryimage","url":"https:\/\/www.mundoagropecuario.cl\/new\/wp-content\/uploads\/2025\/02\/Plantilla-estandar-mundo-acuicola-2025-02-10T134447.388-scaled.jpg","contentUrl":"https:\/\/www.mundoagropecuario.cl\/new\/wp-content\/uploads\/2025\/02\/Plantilla-estandar-mundo-acuicola-2025-02-10T134447.388-scaled.jpg","width":720,"height":384},{"@type":"BreadcrumbList","@id":"https:\/\/www.mundoagropecuario.cl\/new\/impulsan-produccion-de-bioinsumos-agroecologicos-en-los-rios\/#breadcrumb","itemListElement":[{"@type":"ListItem","position":1,"name":"Portada","item":"https:\/\/www.mundoagropecuario.cl\/new\/"},{"@type":"ListItem","position":2,"name":"Impulsan producci\u00f3n de bioinsumos agroecol\u00f3gicos en Los R\u00edos"}]},{"@type":"WebSite","@id":"https:\/\/www.mundoagropecuario.cl\/new\/#website","url":"https:\/\/www.mundoagropecuario.cl\/new\/","name":"Mundoagropecuario","description":"Mundo Agropecuario","publisher":{"@id":"https:\/\/www.mundoagropecuario.cl\/new\/#organization"},"potentialAction":[{"@type":"SearchAction","target":{"@type":"EntryPoint","urlTemplate":"https:\/\/www.mundoagropecuario.cl\/new\/?s={search_term_string}"},"query-input":{"@type":"PropertyValueSpecification","valueRequired":true,"valueName":"search_term_string"}}],"inLanguage":"es"},{"@type":"Organization","@id":"https:\/\/www.mundoagropecuario.cl\/new\/#organization","name":"Revista de Agricultura","url":"https:\/\/www.mundoagropecuario.cl\/new\/","logo":{"@type":"ImageObject","inLanguage":"es","@id":"https:\/\/www.mundoagropecuario.cl\/new\/#\/schema\/logo\/image\/","url":"https:\/\/www.mundoagropecuario.cl\/new\/wp-content\/uploads\/2020\/11\/PORTAL-1-1.png","contentUrl":"https:\/\/www.mundoagropecuario.cl\/new\/wp-content\/uploads\/2020\/11\/PORTAL-1-1.png","width":1026,"height":100,"caption":"Revista de Agricultura"},"image":{"@id":"https:\/\/www.mundoagropecuario.cl\/new\/#\/schema\/logo\/image\/"},"sameAs":["https:\/\/www.facebook.com\/mundo.agropecuario.3","https:\/\/x.com\/MundoAgropecuar","https:\/\/www.linkedin.com\/in\/mundo-agropecuario-934009201\/"]},{"@type":"Person","@id":"https:\/\/www.mundoagropecuario.cl\/new\/#\/schema\/person\/4e9f74a82a7dac260eb1c44b7eebeb18","name":"mundo","url":"https:\/\/www.mundoagropecuario.cl\/new\/author\/mundo\/"}]}},"_links":{"self":[{"href":"https:\/\/www.mundoagropecuario.cl\/new\/wp-json\/wp\/v2\/posts\/26427","targetHints":{"allow":["GET"]}}],"collection":[{"href":"https:\/\/www.mundoagropecuario.cl\/new\/wp-json\/wp\/v2\/posts"}],"about":[{"href":"https:\/\/www.mundoagropecuario.cl\/new\/wp-json\/wp\/v2\/types\/post"}],"author":[{"embeddable":true,"href":"https:\/\/www.mundoagropecuario.cl\/new\/wp-json\/wp\/v2\/users\/2"}],"replies":[{"embeddable":true,"href":"https:\/\/www.mundoagropecuario.cl\/new\/wp-json\/wp\/v2\/comments?post=26427"}],"version-history":[{"count":3,"href":"https:\/\/www.mundoagropecuario.cl\/new\/wp-json\/wp\/v2\/posts\/26427\/revisions"}],"predecessor-version":[{"id":26431,"href":"https:\/\/www.mundoagropecuario.cl\/new\/wp-json\/wp\/v2\/posts\/26427\/revisions\/26431"}],"wp:featuredmedia":[{"embeddable":true,"href":"https:\/\/www.mundoagropecuario.cl\/new\/wp-json\/wp\/v2\/media\/26428"}],"wp:attachment":[{"href":"https:\/\/www.mundoagropecuario.cl\/new\/wp-json\/wp\/v2\/media?parent=26427"}],"wp:term":[{"taxonomy":"category","embeddable":true,"href":"https:\/\/www.mundoagropecuario.cl\/new\/wp-json\/wp\/v2\/categories?post=26427"},{"taxonomy":"post_tag","embeddable":true,"href":"https:\/\/www.mundoagropecuario.cl\/new\/wp-json\/wp\/v2\/tags?post=26427"}],"curies":[{"name":"wp","href":"https:\/\/api.w.org\/{rel}","templated":true}]}}