{"id":26397,"date":"2025-01-22T11:41:27","date_gmt":"2025-01-22T14:41:27","guid":{"rendered":"https:\/\/www.mundoagropecuario.cl\/new\/?p=26397"},"modified":"2025-02-14T12:06:25","modified_gmt":"2025-02-14T15:06:25","slug":"guardaparques-de-nuble-reciben-reconocimiento-por-su-trabajo-territorial-por-la-conservacion-del-huemul","status":"publish","type":"post","link":"https:\/\/www.mundoagropecuario.cl\/new\/guardaparques-de-nuble-reciben-reconocimiento-por-su-trabajo-territorial-por-la-conservacion-del-huemul\/","title":{"rendered":"Guardaparques de \u00d1uble reciben reconocimiento por su trabajo territorial por la conservaci\u00f3n del huemul"},"content":{"rendered":"<div class=\"elementor-element elementor-element-370bc13 e-flex e-con-boxed e-con e-parent e-lazyloaded\" data-id=\"370bc13\" data-element_type=\"container\">\n<div class=\"e-con-inner\">\n<div class=\"elementor-element elementor-element-5453778 elementor-widget elementor-widget-text-editor\" data-id=\"5453778\" data-element_type=\"widget\" data-widget_type=\"text-editor.default\">\n<div class=\"elementor-widget-container\">\n<p>Un \u201cEncuentro por la Conservaci\u00f3n del Huemul\u201d se desarroll\u00f3 este 20 de enero, congregando a distintas organizaciones civiles, p\u00fablicas y acad\u00e9micas, entorno a estudios y estrategias para la preservaci\u00f3n de este emblem\u00e1tico ciervo en su \u00faltimo h\u00e1bitat de Chile central, la Reserva de la Bi\u00f3sfera Corredor Biol\u00f3gico Nevados de Chill\u00e1n \u2013 Laguna del Laja.<\/p>\n<p>El encuentro coorganizado por Revista Pantana, Fundaci\u00f3n Conserva Tu Bosque, ONG Dosel, ONG Defensa Ambiental y la RdB Corredor Biol\u00f3gico Nevados de Chill\u00e1n \u2013 Laguna del Laja, tuvo lugar en el Teatro Municipal de Chill\u00e1n y se enmarc\u00f3 en la visita a Chile del bi\u00f3logo norteamericano Anthony Povilitis, codirector y fundador de la ONG Life Net Nature, quien ha dedicado gran parte de su vida al estudio del huemul andino, cuyos estudios adem\u00e1s han sido base para la protecci\u00f3n de los h\u00e1bitat de la especie en Chile y una importante justificaci\u00f3n para la creaci\u00f3n de la Reserva Nacional \u00d1uble en el a\u00f1o 1978.<\/p>\n<h3>Convocado por ciudadanos<\/h3>\n<p>En el marco del encuentro se entreg\u00f3 un reconocimiento al investigador Anthony Povilitis y a tres guardaparques de la regi\u00f3n, Eladio Ram\u00edrez Navarrete y Alberto Peralta Godoy, de la Reserva Nacional \u00d1uble; y Juan Sep\u00falveda Fuentes, de la Reserva Nacional Los Huemules de Niblinto; quienes se han convertido en los mayores expertos en rastreo y monitoreo del huemul andino en la zona cordillerana de las regiones de \u00d1uble y Biob\u00edo.<\/p>\n<\/div>\n<\/div>\n<\/div>\n<\/div>\n<div class=\"elementor-element elementor-element-8f1ded2 e-flex e-con-boxed e-con e-parent e-lazyloaded\" data-id=\"8f1ded2\" data-element_type=\"container\">\n<div class=\"e-con-inner\">\n<div class=\"elementor-element elementor-element-2f520cc elementor-align-center elementor-widget elementor-widget-embedpres_elementor\" data-id=\"2f520cc\" data-element_type=\"widget\" data-widget_type=\"embedpres_elementor.default\">\n<div class=\"elementor-widget-container\">\n<div id=\"ep-elements-id-2f520cc\" class=\"embedpress-elements-wrapper \">\n<div id=\"ep-elementor-content-2f520cc\" class=\"ep-elementor-content ep-content-protection-disabled source-default \">\n<div id=\"2f520cc\" class=\"ep-embed-content-wrapper class-content-wrapper\">\n<div id=\"ep-elementor-content-2f520cc\" class=\"ep-elementor-content ep-content-protection-disabled source-default\">\n<div class=\"elementor-element elementor-element-53a5eb7 e-flex e-con-boxed e-con e-parent e-lazyloaded\" data-id=\"53a5eb7\" data-element_type=\"container\">\n<div class=\"e-con-inner\">\n<div class=\"elementor-element elementor-element-357fd51 elementor-widget elementor-widget-text-editor\" data-id=\"357fd51\" data-element_type=\"widget\" data-widget_type=\"text-editor.default\">\n<div class=\"elementor-widget-container\">\n<p>Mario Valdebenito, jefe del Dpto. de \u00c1reas Silvestres Protegidas de CONAF \u00d1uble, indic\u00f3 que \u201cel encuentro fue convocado por la sociedad civil que habita en la Reserva de Bi\u00f3sfera, siendo un rasgo fundamental del empoderamiento que deben tener las personas vinculadas al territorio\u201d, agregando es muy grato adem\u00e1s \u201cel reconocimiento a quienes se han dedicado con esfuerzo y vocaci\u00f3n al monitoreo de esta especie, como es el caso del investigador Anthony Povilitis, junto con los guardaparques que tomaron esta posta en \u00d1uble\u201d.<\/p>\n<p>En tanto, Anthony Povilitis, tambi\u00e9n tuvo palabras de valoraci\u00f3n a los guardaparques \u201ccuyo trabajo es clave para la protecci\u00f3n de las monta\u00f1as y fundamental para preservar las reservas que tenemos, es un trabajo muy duro porque adem\u00e1s deben estar all\u00e1 todo el a\u00f1o, por otra parte, las exposiciones en este encuentro demuestran que hay avances importantes y concretos respecto a la conservaci\u00f3n del huemul, he aprendido mucho hoy y me encuentro m\u00e1s optimista que antes\u201d.<\/p>\n<h3>Contenido<\/h3>\n<p>La Corporaci\u00f3n Nacional Forestal CONAF tambi\u00e9n estuvo representada en dos paneles de conversaci\u00f3n. El primero sobre \u201cAmenazas y desaf\u00edos para la protecci\u00f3n del h\u00e1bitat del huemul\u201d, d\u00f3nde uno de los panelistas fue el bi\u00f3logo Christopher Sep\u00falveda, jefe de la secci\u00f3n de Conservaci\u00f3n de la Diversidad Biol\u00f3gica de Conaf \u00d1uble.<\/p>\n<p>Luego, en un panel sobre \u201cGesti\u00f3n Local en la Reserva de Bi\u00f3sfera Corredor Biol\u00f3gico Nevados de Chill\u00e1n \u2013 Laguna del Laja\u201d, con presencia de la veterinaria Ana Hinojosa, profesional del Dpto. de \u00c1reas Silvestres Protegidas de Conaf \u00d1uble.<\/p>\n<p>El encuentro naci\u00f3 por inter\u00e9s ciudadano y tuvo la colaboraci\u00f3n del Gobierno Regional de \u00d1uble, la Seremi de Medio Ambiente de \u00d1uble, Conaf \u00d1uble, el Programa Austral Patagonia de la UACh, Universidad de Concepci\u00f3n y el Teatro Municipal de Chill\u00e1n.<\/p>\n<\/div>\n<\/div>\n<\/div>\n<\/div>\n<div class=\"elementor-element elementor-element-cf00007 e-con-full e-flex e-con e-parent e-lazyloaded\" data-id=\"cf00007\" data-element_type=\"container\">\n<div class=\"elementor-element elementor-element-9924159 gallery-spacing-custom elementor-widget elementor-widget-image-gallery\" data-id=\"9924159\" data-element_type=\"widget\" data-widget_type=\"image-gallery.default\">\n<div class=\"elementor-widget-container\">\n<div class=\"elementor-image-gallery\">\n<div id=\"gallery-1\" class=\"gallery galleryid-68800 gallery-columns-2 gallery-size-full\"><\/div>\n<\/div>\n<\/div>\n<\/div>\n<\/div>\n<\/div>\n<\/div>\n<\/div>\n<\/div>\n<\/div>\n<\/div>\n<\/div>\n<\/div>\n","protected":false},"excerpt":{"rendered":"<p>Organizaciones civiles, p\u00fablicas y acad\u00e9micas se reunieron en Chill\u00e1n para debatir estrategias de preservaci\u00f3n del huemul. <\/p>\n","protected":false},"author":2,"featured_media":26398,"comment_status":"closed","ping_status":"closed","sticky":false,"template":"","format":"standard","meta":{"footnotes":""},"categories":[1948],"tags":[9017,9631,9634,3004,9632,9633,8530],"class_list":["post-26397","post","type-post","status-publish","format-standard","has-post-thumbnail","hentry","category-sustentabilidad","tag-conservacion","tag-conservacion-del-huemul","tag-fauna-silvestre-chile","tag-huemul","tag-huemul-andino","tag-reserva-nacional-nuble","tag-sostenibilidad-ambiental"],"yoast_head":"<!-- This site is optimized with the Yoast SEO plugin v26.6 - https:\/\/yoast.com\/wordpress\/plugins\/seo\/ -->\n<title>Guardaparques de \u00d1uble reciben reconocimiento por su trabajo territorial por la conservaci\u00f3n del huemul - Mundoagropecuario<\/title>\n<meta name=\"description\" content=\"Organizaciones civiles, p\u00fablicas y acad\u00e9micas se reunieron en Chill\u00e1n para debatir estrategias de preservaci\u00f3n del huemul.\" \/>\n<meta name=\"robots\" content=\"index, follow, max-snippet:-1, max-image-preview:large, max-video-preview:-1\" \/>\n<link rel=\"canonical\" href=\"https:\/\/www.mundoagropecuario.cl\/new\/guardaparques-de-nuble-reciben-reconocimiento-por-su-trabajo-territorial-por-la-conservacion-del-huemul\/\" \/>\n<meta property=\"og:locale\" content=\"es_ES\" \/>\n<meta property=\"og:type\" content=\"article\" \/>\n<meta property=\"og:title\" content=\"Guardaparques de \u00d1uble reciben reconocimiento por su trabajo territorial por la conservaci\u00f3n del huemul - Mundoagropecuario\" \/>\n<meta property=\"og:description\" content=\"Organizaciones civiles, p\u00fablicas y acad\u00e9micas se reunieron en Chill\u00e1n para debatir estrategias de preservaci\u00f3n del huemul.\" \/>\n<meta property=\"og:url\" content=\"https:\/\/www.mundoagropecuario.cl\/new\/guardaparques-de-nuble-reciben-reconocimiento-por-su-trabajo-territorial-por-la-conservacion-del-huemul\/\" \/>\n<meta property=\"og:site_name\" content=\"Mundoagropecuario\" \/>\n<meta property=\"article:publisher\" content=\"https:\/\/www.facebook.com\/mundo.agropecuario.3\" \/>\n<meta property=\"article:published_time\" content=\"2025-01-22T14:41:27+00:00\" \/>\n<meta property=\"article:modified_time\" content=\"2025-02-14T15:06:25+00:00\" \/>\n<meta property=\"og:image\" content=\"https:\/\/www.mundoagropecuario.cl\/new\/wp-content\/uploads\/2025\/01\/21-01-2025-1-1536x864-1-scaled.jpeg\" \/>\n\t<meta property=\"og:image:width\" content=\"711\" \/>\n\t<meta property=\"og:image:height\" content=\"400\" \/>\n\t<meta property=\"og:image:type\" content=\"image\/jpeg\" \/>\n<meta name=\"author\" content=\"mundo\" \/>\n<meta name=\"twitter:card\" content=\"summary_large_image\" \/>\n<meta name=\"twitter:creator\" content=\"@MundoAgropecuar\" \/>\n<meta name=\"twitter:site\" content=\"@MundoAgropecuar\" \/>\n<meta name=\"twitter:label1\" content=\"Escrito por\" \/>\n\t<meta name=\"twitter:data1\" content=\"mundo\" \/>\n\t<meta name=\"twitter:label2\" content=\"Tiempo de lectura\" \/>\n\t<meta name=\"twitter:data2\" content=\"3 minutos\" \/>\n<script type=\"application\/ld+json\" class=\"yoast-schema-graph\">{\"@context\":\"https:\/\/schema.org\",\"@graph\":[{\"@type\":\"Article\",\"@id\":\"https:\/\/www.mundoagropecuario.cl\/new\/guardaparques-de-nuble-reciben-reconocimiento-por-su-trabajo-territorial-por-la-conservacion-del-huemul\/#article\",\"isPartOf\":{\"@id\":\"https:\/\/www.mundoagropecuario.cl\/new\/guardaparques-de-nuble-reciben-reconocimiento-por-su-trabajo-territorial-por-la-conservacion-del-huemul\/\"},\"author\":{\"name\":\"mundo\",\"@id\":\"https:\/\/www.mundoagropecuario.cl\/new\/#\/schema\/person\/4e9f74a82a7dac260eb1c44b7eebeb18\"},\"headline\":\"Guardaparques de \u00d1uble reciben reconocimiento por su trabajo territorial por la conservaci\u00f3n del huemul\",\"datePublished\":\"2025-01-22T14:41:27+00:00\",\"dateModified\":\"2025-02-14T15:06:25+00:00\",\"mainEntityOfPage\":{\"@id\":\"https:\/\/www.mundoagropecuario.cl\/new\/guardaparques-de-nuble-reciben-reconocimiento-por-su-trabajo-territorial-por-la-conservacion-del-huemul\/\"},\"wordCount\":580,\"publisher\":{\"@id\":\"https:\/\/www.mundoagropecuario.cl\/new\/#organization\"},\"image\":{\"@id\":\"https:\/\/www.mundoagropecuario.cl\/new\/guardaparques-de-nuble-reciben-reconocimiento-por-su-trabajo-territorial-por-la-conservacion-del-huemul\/#primaryimage\"},\"thumbnailUrl\":\"https:\/\/www.mundoagropecuario.cl\/new\/wp-content\/uploads\/2025\/01\/21-01-2025-1-1536x864-1-scaled.jpeg\",\"keywords\":[\"conservaci\u00f3n\",\"conservaci\u00f3n del huemul\",\"fauna silvestre Chile\",\"huemul\",\"huemul andino\",\"Reserva Nacional \u00d1uble\",\"sostenibilidad ambiental\"],\"articleSection\":[\"Sustentabilidad\"],\"inLanguage\":\"es\"},{\"@type\":\"WebPage\",\"@id\":\"https:\/\/www.mundoagropecuario.cl\/new\/guardaparques-de-nuble-reciben-reconocimiento-por-su-trabajo-territorial-por-la-conservacion-del-huemul\/\",\"url\":\"https:\/\/www.mundoagropecuario.cl\/new\/guardaparques-de-nuble-reciben-reconocimiento-por-su-trabajo-territorial-por-la-conservacion-del-huemul\/\",\"name\":\"Guardaparques de \u00d1uble reciben reconocimiento por su trabajo territorial por la conservaci\u00f3n del huemul - Mundoagropecuario\",\"isPartOf\":{\"@id\":\"https:\/\/www.mundoagropecuario.cl\/new\/#website\"},\"primaryImageOfPage\":{\"@id\":\"https:\/\/www.mundoagropecuario.cl\/new\/guardaparques-de-nuble-reciben-reconocimiento-por-su-trabajo-territorial-por-la-conservacion-del-huemul\/#primaryimage\"},\"image\":{\"@id\":\"https:\/\/www.mundoagropecuario.cl\/new\/guardaparques-de-nuble-reciben-reconocimiento-por-su-trabajo-territorial-por-la-conservacion-del-huemul\/#primaryimage\"},\"thumbnailUrl\":\"https:\/\/www.mundoagropecuario.cl\/new\/wp-content\/uploads\/2025\/01\/21-01-2025-1-1536x864-1-scaled.jpeg\",\"datePublished\":\"2025-01-22T14:41:27+00:00\",\"dateModified\":\"2025-02-14T15:06:25+00:00\",\"description\":\"Organizaciones civiles, p\u00fablicas y acad\u00e9micas se reunieron en Chill\u00e1n para debatir estrategias de preservaci\u00f3n del huemul.\",\"breadcrumb\":{\"@id\":\"https:\/\/www.mundoagropecuario.cl\/new\/guardaparques-de-nuble-reciben-reconocimiento-por-su-trabajo-territorial-por-la-conservacion-del-huemul\/#breadcrumb\"},\"inLanguage\":\"es\",\"potentialAction\":[{\"@type\":\"ReadAction\",\"target\":[\"https:\/\/www.mundoagropecuario.cl\/new\/guardaparques-de-nuble-reciben-reconocimiento-por-su-trabajo-territorial-por-la-conservacion-del-huemul\/\"]}]},{\"@type\":\"ImageObject\",\"inLanguage\":\"es\",\"@id\":\"https:\/\/www.mundoagropecuario.cl\/new\/guardaparques-de-nuble-reciben-reconocimiento-por-su-trabajo-territorial-por-la-conservacion-del-huemul\/#primaryimage\",\"url\":\"https:\/\/www.mundoagropecuario.cl\/new\/wp-content\/uploads\/2025\/01\/21-01-2025-1-1536x864-1-scaled.jpeg\",\"contentUrl\":\"https:\/\/www.mundoagropecuario.cl\/new\/wp-content\/uploads\/2025\/01\/21-01-2025-1-1536x864-1-scaled.jpeg\",\"width\":711,\"height\":400},{\"@type\":\"BreadcrumbList\",\"@id\":\"https:\/\/www.mundoagropecuario.cl\/new\/guardaparques-de-nuble-reciben-reconocimiento-por-su-trabajo-territorial-por-la-conservacion-del-huemul\/#breadcrumb\",\"itemListElement\":[{\"@type\":\"ListItem\",\"position\":1,\"name\":\"Portada\",\"item\":\"https:\/\/www.mundoagropecuario.cl\/new\/\"},{\"@type\":\"ListItem\",\"position\":2,\"name\":\"Guardaparques de \u00d1uble reciben reconocimiento por su trabajo territorial por la conservaci\u00f3n del huemul\"}]},{\"@type\":\"WebSite\",\"@id\":\"https:\/\/www.mundoagropecuario.cl\/new\/#website\",\"url\":\"https:\/\/www.mundoagropecuario.cl\/new\/\",\"name\":\"Mundoagropecuario\",\"description\":\"Mundo Agropecuario\",\"publisher\":{\"@id\":\"https:\/\/www.mundoagropecuario.cl\/new\/#organization\"},\"potentialAction\":[{\"@type\":\"SearchAction\",\"target\":{\"@type\":\"EntryPoint\",\"urlTemplate\":\"https:\/\/www.mundoagropecuario.cl\/new\/?s={search_term_string}\"},\"query-input\":{\"@type\":\"PropertyValueSpecification\",\"valueRequired\":true,\"valueName\":\"search_term_string\"}}],\"inLanguage\":\"es\"},{\"@type\":\"Organization\",\"@id\":\"https:\/\/www.mundoagropecuario.cl\/new\/#organization\",\"name\":\"Revista de Agricultura\",\"url\":\"https:\/\/www.mundoagropecuario.cl\/new\/\",\"logo\":{\"@type\":\"ImageObject\",\"inLanguage\":\"es\",\"@id\":\"https:\/\/www.mundoagropecuario.cl\/new\/#\/schema\/logo\/image\/\",\"url\":\"https:\/\/www.mundoagropecuario.cl\/new\/wp-content\/uploads\/2020\/11\/PORTAL-1-1.png\",\"contentUrl\":\"https:\/\/www.mundoagropecuario.cl\/new\/wp-content\/uploads\/2020\/11\/PORTAL-1-1.png\",\"width\":1026,\"height\":100,\"caption\":\"Revista de Agricultura\"},\"image\":{\"@id\":\"https:\/\/www.mundoagropecuario.cl\/new\/#\/schema\/logo\/image\/\"},\"sameAs\":[\"https:\/\/www.facebook.com\/mundo.agropecuario.3\",\"https:\/\/x.com\/MundoAgropecuar\",\"https:\/\/www.linkedin.com\/in\/mundo-agropecuario-934009201\/\"]},{\"@type\":\"Person\",\"@id\":\"https:\/\/www.mundoagropecuario.cl\/new\/#\/schema\/person\/4e9f74a82a7dac260eb1c44b7eebeb18\",\"name\":\"mundo\",\"url\":\"https:\/\/www.mundoagropecuario.cl\/new\/author\/mundo\/\"}]}<\/script>\n<!-- \/ Yoast SEO plugin. -->","yoast_head_json":{"title":"Guardaparques de \u00d1uble reciben reconocimiento por su trabajo territorial por la conservaci\u00f3n del huemul - Mundoagropecuario","description":"Organizaciones civiles, p\u00fablicas y acad\u00e9micas se reunieron en Chill\u00e1n para debatir estrategias de preservaci\u00f3n del huemul.","robots":{"index":"index","follow":"follow","max-snippet":"max-snippet:-1","max-image-preview":"max-image-preview:large","max-video-preview":"max-video-preview:-1"},"canonical":"https:\/\/www.mundoagropecuario.cl\/new\/guardaparques-de-nuble-reciben-reconocimiento-por-su-trabajo-territorial-por-la-conservacion-del-huemul\/","og_locale":"es_ES","og_type":"article","og_title":"Guardaparques de \u00d1uble reciben reconocimiento por su trabajo territorial por la conservaci\u00f3n del huemul - Mundoagropecuario","og_description":"Organizaciones civiles, p\u00fablicas y acad\u00e9micas se reunieron en Chill\u00e1n para debatir estrategias de preservaci\u00f3n del huemul.","og_url":"https:\/\/www.mundoagropecuario.cl\/new\/guardaparques-de-nuble-reciben-reconocimiento-por-su-trabajo-territorial-por-la-conservacion-del-huemul\/","og_site_name":"Mundoagropecuario","article_publisher":"https:\/\/www.facebook.com\/mundo.agropecuario.3","article_published_time":"2025-01-22T14:41:27+00:00","article_modified_time":"2025-02-14T15:06:25+00:00","og_image":[{"width":711,"height":400,"url":"https:\/\/www.mundoagropecuario.cl\/new\/wp-content\/uploads\/2025\/01\/21-01-2025-1-1536x864-1-scaled.jpeg","type":"image\/jpeg"}],"author":"mundo","twitter_card":"summary_large_image","twitter_creator":"@MundoAgropecuar","twitter_site":"@MundoAgropecuar","twitter_misc":{"Escrito por":"mundo","Tiempo de lectura":"3 minutos"},"schema":{"@context":"https:\/\/schema.org","@graph":[{"@type":"Article","@id":"https:\/\/www.mundoagropecuario.cl\/new\/guardaparques-de-nuble-reciben-reconocimiento-por-su-trabajo-territorial-por-la-conservacion-del-huemul\/#article","isPartOf":{"@id":"https:\/\/www.mundoagropecuario.cl\/new\/guardaparques-de-nuble-reciben-reconocimiento-por-su-trabajo-territorial-por-la-conservacion-del-huemul\/"},"author":{"name":"mundo","@id":"https:\/\/www.mundoagropecuario.cl\/new\/#\/schema\/person\/4e9f74a82a7dac260eb1c44b7eebeb18"},"headline":"Guardaparques de \u00d1uble reciben reconocimiento por su trabajo territorial por la conservaci\u00f3n del huemul","datePublished":"2025-01-22T14:41:27+00:00","dateModified":"2025-02-14T15:06:25+00:00","mainEntityOfPage":{"@id":"https:\/\/www.mundoagropecuario.cl\/new\/guardaparques-de-nuble-reciben-reconocimiento-por-su-trabajo-territorial-por-la-conservacion-del-huemul\/"},"wordCount":580,"publisher":{"@id":"https:\/\/www.mundoagropecuario.cl\/new\/#organization"},"image":{"@id":"https:\/\/www.mundoagropecuario.cl\/new\/guardaparques-de-nuble-reciben-reconocimiento-por-su-trabajo-territorial-por-la-conservacion-del-huemul\/#primaryimage"},"thumbnailUrl":"https:\/\/www.mundoagropecuario.cl\/new\/wp-content\/uploads\/2025\/01\/21-01-2025-1-1536x864-1-scaled.jpeg","keywords":["conservaci\u00f3n","conservaci\u00f3n del huemul","fauna silvestre Chile","huemul","huemul andino","Reserva Nacional \u00d1uble","sostenibilidad ambiental"],"articleSection":["Sustentabilidad"],"inLanguage":"es"},{"@type":"WebPage","@id":"https:\/\/www.mundoagropecuario.cl\/new\/guardaparques-de-nuble-reciben-reconocimiento-por-su-trabajo-territorial-por-la-conservacion-del-huemul\/","url":"https:\/\/www.mundoagropecuario.cl\/new\/guardaparques-de-nuble-reciben-reconocimiento-por-su-trabajo-territorial-por-la-conservacion-del-huemul\/","name":"Guardaparques de \u00d1uble reciben reconocimiento por su trabajo territorial por la conservaci\u00f3n del huemul - Mundoagropecuario","isPartOf":{"@id":"https:\/\/www.mundoagropecuario.cl\/new\/#website"},"primaryImageOfPage":{"@id":"https:\/\/www.mundoagropecuario.cl\/new\/guardaparques-de-nuble-reciben-reconocimiento-por-su-trabajo-territorial-por-la-conservacion-del-huemul\/#primaryimage"},"image":{"@id":"https:\/\/www.mundoagropecuario.cl\/new\/guardaparques-de-nuble-reciben-reconocimiento-por-su-trabajo-territorial-por-la-conservacion-del-huemul\/#primaryimage"},"thumbnailUrl":"https:\/\/www.mundoagropecuario.cl\/new\/wp-content\/uploads\/2025\/01\/21-01-2025-1-1536x864-1-scaled.jpeg","datePublished":"2025-01-22T14:41:27+00:00","dateModified":"2025-02-14T15:06:25+00:00","description":"Organizaciones civiles, p\u00fablicas y acad\u00e9micas se reunieron en Chill\u00e1n para debatir estrategias de preservaci\u00f3n del huemul.","breadcrumb":{"@id":"https:\/\/www.mundoagropecuario.cl\/new\/guardaparques-de-nuble-reciben-reconocimiento-por-su-trabajo-territorial-por-la-conservacion-del-huemul\/#breadcrumb"},"inLanguage":"es","potentialAction":[{"@type":"ReadAction","target":["https:\/\/www.mundoagropecuario.cl\/new\/guardaparques-de-nuble-reciben-reconocimiento-por-su-trabajo-territorial-por-la-conservacion-del-huemul\/"]}]},{"@type":"ImageObject","inLanguage":"es","@id":"https:\/\/www.mundoagropecuario.cl\/new\/guardaparques-de-nuble-reciben-reconocimiento-por-su-trabajo-territorial-por-la-conservacion-del-huemul\/#primaryimage","url":"https:\/\/www.mundoagropecuario.cl\/new\/wp-content\/uploads\/2025\/01\/21-01-2025-1-1536x864-1-scaled.jpeg","contentUrl":"https:\/\/www.mundoagropecuario.cl\/new\/wp-content\/uploads\/2025\/01\/21-01-2025-1-1536x864-1-scaled.jpeg","width":711,"height":400},{"@type":"BreadcrumbList","@id":"https:\/\/www.mundoagropecuario.cl\/new\/guardaparques-de-nuble-reciben-reconocimiento-por-su-trabajo-territorial-por-la-conservacion-del-huemul\/#breadcrumb","itemListElement":[{"@type":"ListItem","position":1,"name":"Portada","item":"https:\/\/www.mundoagropecuario.cl\/new\/"},{"@type":"ListItem","position":2,"name":"Guardaparques de \u00d1uble reciben reconocimiento por su trabajo territorial por la conservaci\u00f3n del huemul"}]},{"@type":"WebSite","@id":"https:\/\/www.mundoagropecuario.cl\/new\/#website","url":"https:\/\/www.mundoagropecuario.cl\/new\/","name":"Mundoagropecuario","description":"Mundo Agropecuario","publisher":{"@id":"https:\/\/www.mundoagropecuario.cl\/new\/#organization"},"potentialAction":[{"@type":"SearchAction","target":{"@type":"EntryPoint","urlTemplate":"https:\/\/www.mundoagropecuario.cl\/new\/?s={search_term_string}"},"query-input":{"@type":"PropertyValueSpecification","valueRequired":true,"valueName":"search_term_string"}}],"inLanguage":"es"},{"@type":"Organization","@id":"https:\/\/www.mundoagropecuario.cl\/new\/#organization","name":"Revista de Agricultura","url":"https:\/\/www.mundoagropecuario.cl\/new\/","logo":{"@type":"ImageObject","inLanguage":"es","@id":"https:\/\/www.mundoagropecuario.cl\/new\/#\/schema\/logo\/image\/","url":"https:\/\/www.mundoagropecuario.cl\/new\/wp-content\/uploads\/2020\/11\/PORTAL-1-1.png","contentUrl":"https:\/\/www.mundoagropecuario.cl\/new\/wp-content\/uploads\/2020\/11\/PORTAL-1-1.png","width":1026,"height":100,"caption":"Revista de Agricultura"},"image":{"@id":"https:\/\/www.mundoagropecuario.cl\/new\/#\/schema\/logo\/image\/"},"sameAs":["https:\/\/www.facebook.com\/mundo.agropecuario.3","https:\/\/x.com\/MundoAgropecuar","https:\/\/www.linkedin.com\/in\/mundo-agropecuario-934009201\/"]},{"@type":"Person","@id":"https:\/\/www.mundoagropecuario.cl\/new\/#\/schema\/person\/4e9f74a82a7dac260eb1c44b7eebeb18","name":"mundo","url":"https:\/\/www.mundoagropecuario.cl\/new\/author\/mundo\/"}]}},"_links":{"self":[{"href":"https:\/\/www.mundoagropecuario.cl\/new\/wp-json\/wp\/v2\/posts\/26397","targetHints":{"allow":["GET"]}}],"collection":[{"href":"https:\/\/www.mundoagropecuario.cl\/new\/wp-json\/wp\/v2\/posts"}],"about":[{"href":"https:\/\/www.mundoagropecuario.cl\/new\/wp-json\/wp\/v2\/types\/post"}],"author":[{"embeddable":true,"href":"https:\/\/www.mundoagropecuario.cl\/new\/wp-json\/wp\/v2\/users\/2"}],"replies":[{"embeddable":true,"href":"https:\/\/www.mundoagropecuario.cl\/new\/wp-json\/wp\/v2\/comments?post=26397"}],"version-history":[{"count":2,"href":"https:\/\/www.mundoagropecuario.cl\/new\/wp-json\/wp\/v2\/posts\/26397\/revisions"}],"predecessor-version":[{"id":26400,"href":"https:\/\/www.mundoagropecuario.cl\/new\/wp-json\/wp\/v2\/posts\/26397\/revisions\/26400"}],"wp:featuredmedia":[{"embeddable":true,"href":"https:\/\/www.mundoagropecuario.cl\/new\/wp-json\/wp\/v2\/media\/26398"}],"wp:attachment":[{"href":"https:\/\/www.mundoagropecuario.cl\/new\/wp-json\/wp\/v2\/media?parent=26397"}],"wp:term":[{"taxonomy":"category","embeddable":true,"href":"https:\/\/www.mundoagropecuario.cl\/new\/wp-json\/wp\/v2\/categories?post=26397"},{"taxonomy":"post_tag","embeddable":true,"href":"https:\/\/www.mundoagropecuario.cl\/new\/wp-json\/wp\/v2\/tags?post=26397"}],"curies":[{"name":"wp","href":"https:\/\/api.w.org\/{rel}","templated":true}]}}