{"id":26341,"date":"2025-01-16T10:24:24","date_gmt":"2025-01-16T13:24:24","guid":{"rendered":"https:\/\/www.mundoagropecuario.cl\/new\/?p=26341"},"modified":"2025-01-20T11:37:22","modified_gmt":"2025-01-20T14:37:22","slug":"condores-son-liberados-y-su-vuelo-es-monitoreado-con-gps","status":"publish","type":"post","link":"https:\/\/www.mundoagropecuario.cl\/new\/condores-son-liberados-y-su-vuelo-es-monitoreado-con-gps\/","title":{"rendered":"C\u00f3ndores son liberados y su vuelo es monitoreado con GPS"},"content":{"rendered":"<p>Patrones de vuelo a gran altura y cubriendo extensas distancias durante 2024 registraron los c\u00f3ndores que se han liberado al medio y est\u00e1n siendo monitoreados con sistema de detecci\u00f3n satelital. Los datos se recogieron durante el a\u00f1o reci\u00e9n pasado por el Proyecto Manku, donde colabora la Filantrop\u00eda Cort\u00e9s Solari, Rewilding Chile y AvesChile.<\/p>\n<p>Eduardo Pavez, director de la iniciativa, cuenta que se han liberado 20 c\u00f3ndores desde 2019, y 14 de ellos est\u00e1n equipados con transmisores satelitales. Ocho ejemplares se han liberado en Chile Central y seis en Patagonia. A partir de la informaci\u00f3n recibida se ha podido determinar patrones de uso del espacio de estas aves.<\/p>\n<p>Pavez cuenta que el 27 de febrero de 2024, un c\u00f3ndor de ocho a\u00f1os de edad -que posee la marca \u201cC 37\u201d, que se hab\u00eda liberado en diciembre de 2021 en la Reserva Likandes- sobrevol\u00f3 el glaciar El Yeso, en el cerro Mes\u00f3n Alto, en el Caj\u00f3n del Maipo, una monta\u00f1a de 5.260 m. Es el registro que muestra la mayor altitud durante este a\u00f1o de todos los individuos que poseen transmisores.<\/p>\n<h3>Ejemplares reinsertados<\/h3>\n<p>En paralelo, otro c\u00f3ndor nacido en el Centro de Rehabilitaci\u00f3n de Aves Rapaces en Talagante, que no ten\u00eda ninguna experiencia de vuelo cuando se insert\u00f3 al medio natural en diciembre de 2021 en la misma reserva, actualmente tiene una gran movilidad. Por ejemplo, a principios de diciembre del a\u00f1o pasado, C36 vol\u00f3 400 km en dos d\u00edas, desde la Regi\u00f3n Metropolitana hasta la Regi\u00f3n del Biob\u00edo. La ruta la realiz\u00f3 incluso intern\u00e1ndose bastante en el territorio argentino en la Provincia de Neuqu\u00e9n.<\/p>\n<p>As\u00ed mismo, Liqui\u00f1e, una condorita liberada en el Parque Nacional Patagonia en 2022, en la Regi\u00f3n de Ays\u00e9n, y que hoy tiene cuatro a\u00f1os de vida, durante todo 2024 centr\u00f3 gran parte de sus movimientos a 100 km al este de la frontera, en Argentina, en el ca\u00f1ad\u00f3n R\u00edo Pinturas, donde se encuentra la famosa Cuerva de las Manos.<\/p>\n<p>\u201cLos c\u00f3ndores son aves tremendamente eficientes en sus desplazamientos a grandes distancias. Esto lo consiguen gracias a su capacidad de planeo sin igual, con un consumo m\u00ednimo de energ\u00eda\u201d, comenta Eduardo Pavez. As\u00ed, detalla que son capaces de desplazarse cientos de kil\u00f3metros sin siquiera batir las alas, aprovechando las corrientes de viento que se levantan en las laderas de las monta\u00f1as.<\/p>\n<h3>Buena adaptaci\u00f3n<\/h3>\n<p>El experto se\u00f1ala que estos ejemplares liberados hab\u00edan sido recuperados luego de sufrir da\u00f1os o bien haber nacido en cautiverio. \u201cSus patrones de vuelo a gran altura y cubriendo grandes distancias hablan de su adecuada adaptaci\u00f3n al medio y buen estado de salud. Esto nos llena de satisfacci\u00f3n porque nos indica que, como Proyecto Manku, junto a muchas personas e instituciones que han colaborado en el manejo de cada c\u00f3ndor, hemos hecho un buen trabajo\u201d, finaliz\u00f3 Pavez.<\/p>\n<p>La informaci\u00f3n se obtuvo de sus transmisores cuyas bater\u00edas se recargan gracias a que en su parte superior tienen un peque\u00f1o panel solar, lo que les da una larga vida \u00fatil. El transmisor m\u00e1s antiguo opera desde hace cinco a\u00f1os.<\/p>\n<div class=\"td-a-rec td-a-rec-id-content_bottom  \">\n<div class=\"vc_row wpb_row td-pb-row\">\n<div class=\"wpb_column vc_column_container td-pb-span12\">\n<div class=\"vc_column-inner \">\n<div class=\"wpb_wrapper\"><\/div>\n<\/div>\n<\/div>\n<\/div>\n<\/div>\n","protected":false},"excerpt":{"rendered":"<p>Desde 2019 se han liberado 20 c\u00f3ndores y 14 de estos ejemplares han sido equipados con transmisores satelitales.<\/p>\n","protected":false},"author":2,"featured_media":26342,"comment_status":"closed","ping_status":"closed","sticky":false,"template":"","format":"standard","meta":{"footnotes":""},"categories":[1948],"tags":[9607,9609,9608,9017,9606,3023,434,663],"class_list":["post-26341","post","type-post","status-publish","format-standard","has-post-thumbnail","hentry","category-sustentabilidad","tag-aveschile","tag-cajon-del-maipo","tag-condores","tag-conservacion","tag-fundacion-rewilding","tag-parque-nacional-patagonia","tag-region-de-aysen","tag-region-metropolitana"],"yoast_head":"<!-- This site is optimized with the Yoast SEO plugin v26.6 - https:\/\/yoast.com\/wordpress\/plugins\/seo\/ -->\n<title>C\u00f3ndores son liberados y su vuelo es monitoreado con GPS - Mundoagropecuario<\/title>\n<meta name=\"description\" content=\"Desde 2019 se han liberado 20 c\u00f3ndores y 14 de estos ejemplares han sido equipados con transmisores satelitales.\" \/>\n<meta name=\"robots\" content=\"index, follow, max-snippet:-1, max-image-preview:large, max-video-preview:-1\" \/>\n<link rel=\"canonical\" href=\"https:\/\/www.mundoagropecuario.cl\/new\/condores-son-liberados-y-su-vuelo-es-monitoreado-con-gps\/\" \/>\n<meta property=\"og:locale\" content=\"es_ES\" \/>\n<meta property=\"og:type\" content=\"article\" \/>\n<meta property=\"og:title\" content=\"C\u00f3ndores son liberados y su vuelo es monitoreado con GPS - Mundoagropecuario\" \/>\n<meta property=\"og:description\" content=\"Desde 2019 se han liberado 20 c\u00f3ndores y 14 de estos ejemplares han sido equipados con transmisores satelitales.\" \/>\n<meta property=\"og:url\" content=\"https:\/\/www.mundoagropecuario.cl\/new\/condores-son-liberados-y-su-vuelo-es-monitoreado-con-gps\/\" \/>\n<meta property=\"og:site_name\" content=\"Mundoagropecuario\" \/>\n<meta property=\"article:publisher\" content=\"https:\/\/www.facebook.com\/mundo.agropecuario.3\" \/>\n<meta property=\"article:published_time\" content=\"2025-01-16T13:24:24+00:00\" \/>\n<meta property=\"article:modified_time\" content=\"2025-01-20T14:37:22+00:00\" \/>\n<meta property=\"og:image\" content=\"https:\/\/www.mundoagropecuario.cl\/new\/wp-content\/uploads\/2025\/01\/Plantilla-estandar-mundo-acuicola-2025-01-14T133039.214-scaled.jpg\" \/>\n\t<meta property=\"og:image:width\" content=\"720\" \/>\n\t<meta property=\"og:image:height\" content=\"384\" \/>\n\t<meta property=\"og:image:type\" content=\"image\/jpeg\" \/>\n<meta name=\"author\" content=\"mundo\" \/>\n<meta name=\"twitter:card\" content=\"summary_large_image\" \/>\n<meta name=\"twitter:creator\" content=\"@MundoAgropecuar\" \/>\n<meta name=\"twitter:site\" content=\"@MundoAgropecuar\" \/>\n<meta name=\"twitter:label1\" content=\"Escrito por\" \/>\n\t<meta name=\"twitter:data1\" content=\"mundo\" \/>\n\t<meta name=\"twitter:label2\" content=\"Tiempo de lectura\" \/>\n\t<meta name=\"twitter:data2\" content=\"3 minutos\" \/>\n<script type=\"application\/ld+json\" class=\"yoast-schema-graph\">{\"@context\":\"https:\/\/schema.org\",\"@graph\":[{\"@type\":\"Article\",\"@id\":\"https:\/\/www.mundoagropecuario.cl\/new\/condores-son-liberados-y-su-vuelo-es-monitoreado-con-gps\/#article\",\"isPartOf\":{\"@id\":\"https:\/\/www.mundoagropecuario.cl\/new\/condores-son-liberados-y-su-vuelo-es-monitoreado-con-gps\/\"},\"author\":{\"name\":\"mundo\",\"@id\":\"https:\/\/www.mundoagropecuario.cl\/new\/#\/schema\/person\/4e9f74a82a7dac260eb1c44b7eebeb18\"},\"headline\":\"C\u00f3ndores son liberados y su vuelo es monitoreado con GPS\",\"datePublished\":\"2025-01-16T13:24:24+00:00\",\"dateModified\":\"2025-01-20T14:37:22+00:00\",\"mainEntityOfPage\":{\"@id\":\"https:\/\/www.mundoagropecuario.cl\/new\/condores-son-liberados-y-su-vuelo-es-monitoreado-con-gps\/\"},\"wordCount\":550,\"publisher\":{\"@id\":\"https:\/\/www.mundoagropecuario.cl\/new\/#organization\"},\"image\":{\"@id\":\"https:\/\/www.mundoagropecuario.cl\/new\/condores-son-liberados-y-su-vuelo-es-monitoreado-con-gps\/#primaryimage\"},\"thumbnailUrl\":\"https:\/\/www.mundoagropecuario.cl\/new\/wp-content\/uploads\/2025\/01\/Plantilla-estandar-mundo-acuicola-2025-01-14T133039.214-scaled.jpg\",\"keywords\":[\"AvesChile\",\"Caj\u00f3n del Maipo\",\"c\u00f3ndores\",\"conservaci\u00f3n\",\"Fundaci\u00f3n Rewilding\",\"Parque Nacional Patagonia\",\"Regi\u00f3n de Ays\u00e9n\",\"Regi\u00f3n Metropolitana\"],\"articleSection\":[\"Sustentabilidad\"],\"inLanguage\":\"es\"},{\"@type\":\"WebPage\",\"@id\":\"https:\/\/www.mundoagropecuario.cl\/new\/condores-son-liberados-y-su-vuelo-es-monitoreado-con-gps\/\",\"url\":\"https:\/\/www.mundoagropecuario.cl\/new\/condores-son-liberados-y-su-vuelo-es-monitoreado-con-gps\/\",\"name\":\"C\u00f3ndores son liberados y su vuelo es monitoreado con GPS - Mundoagropecuario\",\"isPartOf\":{\"@id\":\"https:\/\/www.mundoagropecuario.cl\/new\/#website\"},\"primaryImageOfPage\":{\"@id\":\"https:\/\/www.mundoagropecuario.cl\/new\/condores-son-liberados-y-su-vuelo-es-monitoreado-con-gps\/#primaryimage\"},\"image\":{\"@id\":\"https:\/\/www.mundoagropecuario.cl\/new\/condores-son-liberados-y-su-vuelo-es-monitoreado-con-gps\/#primaryimage\"},\"thumbnailUrl\":\"https:\/\/www.mundoagropecuario.cl\/new\/wp-content\/uploads\/2025\/01\/Plantilla-estandar-mundo-acuicola-2025-01-14T133039.214-scaled.jpg\",\"datePublished\":\"2025-01-16T13:24:24+00:00\",\"dateModified\":\"2025-01-20T14:37:22+00:00\",\"description\":\"Desde 2019 se han liberado 20 c\u00f3ndores y 14 de estos ejemplares han sido equipados con transmisores satelitales.\",\"breadcrumb\":{\"@id\":\"https:\/\/www.mundoagropecuario.cl\/new\/condores-son-liberados-y-su-vuelo-es-monitoreado-con-gps\/#breadcrumb\"},\"inLanguage\":\"es\",\"potentialAction\":[{\"@type\":\"ReadAction\",\"target\":[\"https:\/\/www.mundoagropecuario.cl\/new\/condores-son-liberados-y-su-vuelo-es-monitoreado-con-gps\/\"]}]},{\"@type\":\"ImageObject\",\"inLanguage\":\"es\",\"@id\":\"https:\/\/www.mundoagropecuario.cl\/new\/condores-son-liberados-y-su-vuelo-es-monitoreado-con-gps\/#primaryimage\",\"url\":\"https:\/\/www.mundoagropecuario.cl\/new\/wp-content\/uploads\/2025\/01\/Plantilla-estandar-mundo-acuicola-2025-01-14T133039.214-scaled.jpg\",\"contentUrl\":\"https:\/\/www.mundoagropecuario.cl\/new\/wp-content\/uploads\/2025\/01\/Plantilla-estandar-mundo-acuicola-2025-01-14T133039.214-scaled.jpg\",\"width\":720,\"height\":384},{\"@type\":\"BreadcrumbList\",\"@id\":\"https:\/\/www.mundoagropecuario.cl\/new\/condores-son-liberados-y-su-vuelo-es-monitoreado-con-gps\/#breadcrumb\",\"itemListElement\":[{\"@type\":\"ListItem\",\"position\":1,\"name\":\"Portada\",\"item\":\"https:\/\/www.mundoagropecuario.cl\/new\/\"},{\"@type\":\"ListItem\",\"position\":2,\"name\":\"C\u00f3ndores son liberados y su vuelo es monitoreado con GPS\"}]},{\"@type\":\"WebSite\",\"@id\":\"https:\/\/www.mundoagropecuario.cl\/new\/#website\",\"url\":\"https:\/\/www.mundoagropecuario.cl\/new\/\",\"name\":\"Mundoagropecuario\",\"description\":\"Mundo Agropecuario\",\"publisher\":{\"@id\":\"https:\/\/www.mundoagropecuario.cl\/new\/#organization\"},\"potentialAction\":[{\"@type\":\"SearchAction\",\"target\":{\"@type\":\"EntryPoint\",\"urlTemplate\":\"https:\/\/www.mundoagropecuario.cl\/new\/?s={search_term_string}\"},\"query-input\":{\"@type\":\"PropertyValueSpecification\",\"valueRequired\":true,\"valueName\":\"search_term_string\"}}],\"inLanguage\":\"es\"},{\"@type\":\"Organization\",\"@id\":\"https:\/\/www.mundoagropecuario.cl\/new\/#organization\",\"name\":\"Revista de Agricultura\",\"url\":\"https:\/\/www.mundoagropecuario.cl\/new\/\",\"logo\":{\"@type\":\"ImageObject\",\"inLanguage\":\"es\",\"@id\":\"https:\/\/www.mundoagropecuario.cl\/new\/#\/schema\/logo\/image\/\",\"url\":\"https:\/\/www.mundoagropecuario.cl\/new\/wp-content\/uploads\/2020\/11\/PORTAL-1-1.png\",\"contentUrl\":\"https:\/\/www.mundoagropecuario.cl\/new\/wp-content\/uploads\/2020\/11\/PORTAL-1-1.png\",\"width\":1026,\"height\":100,\"caption\":\"Revista de Agricultura\"},\"image\":{\"@id\":\"https:\/\/www.mundoagropecuario.cl\/new\/#\/schema\/logo\/image\/\"},\"sameAs\":[\"https:\/\/www.facebook.com\/mundo.agropecuario.3\",\"https:\/\/x.com\/MundoAgropecuar\",\"https:\/\/www.linkedin.com\/in\/mundo-agropecuario-934009201\/\"]},{\"@type\":\"Person\",\"@id\":\"https:\/\/www.mundoagropecuario.cl\/new\/#\/schema\/person\/4e9f74a82a7dac260eb1c44b7eebeb18\",\"name\":\"mundo\",\"url\":\"https:\/\/www.mundoagropecuario.cl\/new\/author\/mundo\/\"}]}<\/script>\n<!-- \/ Yoast SEO plugin. -->","yoast_head_json":{"title":"C\u00f3ndores son liberados y su vuelo es monitoreado con GPS - Mundoagropecuario","description":"Desde 2019 se han liberado 20 c\u00f3ndores y 14 de estos ejemplares han sido equipados con transmisores satelitales.","robots":{"index":"index","follow":"follow","max-snippet":"max-snippet:-1","max-image-preview":"max-image-preview:large","max-video-preview":"max-video-preview:-1"},"canonical":"https:\/\/www.mundoagropecuario.cl\/new\/condores-son-liberados-y-su-vuelo-es-monitoreado-con-gps\/","og_locale":"es_ES","og_type":"article","og_title":"C\u00f3ndores son liberados y su vuelo es monitoreado con GPS - Mundoagropecuario","og_description":"Desde 2019 se han liberado 20 c\u00f3ndores y 14 de estos ejemplares han sido equipados con transmisores satelitales.","og_url":"https:\/\/www.mundoagropecuario.cl\/new\/condores-son-liberados-y-su-vuelo-es-monitoreado-con-gps\/","og_site_name":"Mundoagropecuario","article_publisher":"https:\/\/www.facebook.com\/mundo.agropecuario.3","article_published_time":"2025-01-16T13:24:24+00:00","article_modified_time":"2025-01-20T14:37:22+00:00","og_image":[{"width":720,"height":384,"url":"https:\/\/www.mundoagropecuario.cl\/new\/wp-content\/uploads\/2025\/01\/Plantilla-estandar-mundo-acuicola-2025-01-14T133039.214-scaled.jpg","type":"image\/jpeg"}],"author":"mundo","twitter_card":"summary_large_image","twitter_creator":"@MundoAgropecuar","twitter_site":"@MundoAgropecuar","twitter_misc":{"Escrito por":"mundo","Tiempo de lectura":"3 minutos"},"schema":{"@context":"https:\/\/schema.org","@graph":[{"@type":"Article","@id":"https:\/\/www.mundoagropecuario.cl\/new\/condores-son-liberados-y-su-vuelo-es-monitoreado-con-gps\/#article","isPartOf":{"@id":"https:\/\/www.mundoagropecuario.cl\/new\/condores-son-liberados-y-su-vuelo-es-monitoreado-con-gps\/"},"author":{"name":"mundo","@id":"https:\/\/www.mundoagropecuario.cl\/new\/#\/schema\/person\/4e9f74a82a7dac260eb1c44b7eebeb18"},"headline":"C\u00f3ndores son liberados y su vuelo es monitoreado con GPS","datePublished":"2025-01-16T13:24:24+00:00","dateModified":"2025-01-20T14:37:22+00:00","mainEntityOfPage":{"@id":"https:\/\/www.mundoagropecuario.cl\/new\/condores-son-liberados-y-su-vuelo-es-monitoreado-con-gps\/"},"wordCount":550,"publisher":{"@id":"https:\/\/www.mundoagropecuario.cl\/new\/#organization"},"image":{"@id":"https:\/\/www.mundoagropecuario.cl\/new\/condores-son-liberados-y-su-vuelo-es-monitoreado-con-gps\/#primaryimage"},"thumbnailUrl":"https:\/\/www.mundoagropecuario.cl\/new\/wp-content\/uploads\/2025\/01\/Plantilla-estandar-mundo-acuicola-2025-01-14T133039.214-scaled.jpg","keywords":["AvesChile","Caj\u00f3n del Maipo","c\u00f3ndores","conservaci\u00f3n","Fundaci\u00f3n Rewilding","Parque Nacional Patagonia","Regi\u00f3n de Ays\u00e9n","Regi\u00f3n Metropolitana"],"articleSection":["Sustentabilidad"],"inLanguage":"es"},{"@type":"WebPage","@id":"https:\/\/www.mundoagropecuario.cl\/new\/condores-son-liberados-y-su-vuelo-es-monitoreado-con-gps\/","url":"https:\/\/www.mundoagropecuario.cl\/new\/condores-son-liberados-y-su-vuelo-es-monitoreado-con-gps\/","name":"C\u00f3ndores son liberados y su vuelo es monitoreado con GPS - Mundoagropecuario","isPartOf":{"@id":"https:\/\/www.mundoagropecuario.cl\/new\/#website"},"primaryImageOfPage":{"@id":"https:\/\/www.mundoagropecuario.cl\/new\/condores-son-liberados-y-su-vuelo-es-monitoreado-con-gps\/#primaryimage"},"image":{"@id":"https:\/\/www.mundoagropecuario.cl\/new\/condores-son-liberados-y-su-vuelo-es-monitoreado-con-gps\/#primaryimage"},"thumbnailUrl":"https:\/\/www.mundoagropecuario.cl\/new\/wp-content\/uploads\/2025\/01\/Plantilla-estandar-mundo-acuicola-2025-01-14T133039.214-scaled.jpg","datePublished":"2025-01-16T13:24:24+00:00","dateModified":"2025-01-20T14:37:22+00:00","description":"Desde 2019 se han liberado 20 c\u00f3ndores y 14 de estos ejemplares han sido equipados con transmisores satelitales.","breadcrumb":{"@id":"https:\/\/www.mundoagropecuario.cl\/new\/condores-son-liberados-y-su-vuelo-es-monitoreado-con-gps\/#breadcrumb"},"inLanguage":"es","potentialAction":[{"@type":"ReadAction","target":["https:\/\/www.mundoagropecuario.cl\/new\/condores-son-liberados-y-su-vuelo-es-monitoreado-con-gps\/"]}]},{"@type":"ImageObject","inLanguage":"es","@id":"https:\/\/www.mundoagropecuario.cl\/new\/condores-son-liberados-y-su-vuelo-es-monitoreado-con-gps\/#primaryimage","url":"https:\/\/www.mundoagropecuario.cl\/new\/wp-content\/uploads\/2025\/01\/Plantilla-estandar-mundo-acuicola-2025-01-14T133039.214-scaled.jpg","contentUrl":"https:\/\/www.mundoagropecuario.cl\/new\/wp-content\/uploads\/2025\/01\/Plantilla-estandar-mundo-acuicola-2025-01-14T133039.214-scaled.jpg","width":720,"height":384},{"@type":"BreadcrumbList","@id":"https:\/\/www.mundoagropecuario.cl\/new\/condores-son-liberados-y-su-vuelo-es-monitoreado-con-gps\/#breadcrumb","itemListElement":[{"@type":"ListItem","position":1,"name":"Portada","item":"https:\/\/www.mundoagropecuario.cl\/new\/"},{"@type":"ListItem","position":2,"name":"C\u00f3ndores son liberados y su vuelo es monitoreado con GPS"}]},{"@type":"WebSite","@id":"https:\/\/www.mundoagropecuario.cl\/new\/#website","url":"https:\/\/www.mundoagropecuario.cl\/new\/","name":"Mundoagropecuario","description":"Mundo Agropecuario","publisher":{"@id":"https:\/\/www.mundoagropecuario.cl\/new\/#organization"},"potentialAction":[{"@type":"SearchAction","target":{"@type":"EntryPoint","urlTemplate":"https:\/\/www.mundoagropecuario.cl\/new\/?s={search_term_string}"},"query-input":{"@type":"PropertyValueSpecification","valueRequired":true,"valueName":"search_term_string"}}],"inLanguage":"es"},{"@type":"Organization","@id":"https:\/\/www.mundoagropecuario.cl\/new\/#organization","name":"Revista de Agricultura","url":"https:\/\/www.mundoagropecuario.cl\/new\/","logo":{"@type":"ImageObject","inLanguage":"es","@id":"https:\/\/www.mundoagropecuario.cl\/new\/#\/schema\/logo\/image\/","url":"https:\/\/www.mundoagropecuario.cl\/new\/wp-content\/uploads\/2020\/11\/PORTAL-1-1.png","contentUrl":"https:\/\/www.mundoagropecuario.cl\/new\/wp-content\/uploads\/2020\/11\/PORTAL-1-1.png","width":1026,"height":100,"caption":"Revista de Agricultura"},"image":{"@id":"https:\/\/www.mundoagropecuario.cl\/new\/#\/schema\/logo\/image\/"},"sameAs":["https:\/\/www.facebook.com\/mundo.agropecuario.3","https:\/\/x.com\/MundoAgropecuar","https:\/\/www.linkedin.com\/in\/mundo-agropecuario-934009201\/"]},{"@type":"Person","@id":"https:\/\/www.mundoagropecuario.cl\/new\/#\/schema\/person\/4e9f74a82a7dac260eb1c44b7eebeb18","name":"mundo","url":"https:\/\/www.mundoagropecuario.cl\/new\/author\/mundo\/"}]}},"_links":{"self":[{"href":"https:\/\/www.mundoagropecuario.cl\/new\/wp-json\/wp\/v2\/posts\/26341","targetHints":{"allow":["GET"]}}],"collection":[{"href":"https:\/\/www.mundoagropecuario.cl\/new\/wp-json\/wp\/v2\/posts"}],"about":[{"href":"https:\/\/www.mundoagropecuario.cl\/new\/wp-json\/wp\/v2\/types\/post"}],"author":[{"embeddable":true,"href":"https:\/\/www.mundoagropecuario.cl\/new\/wp-json\/wp\/v2\/users\/2"}],"replies":[{"embeddable":true,"href":"https:\/\/www.mundoagropecuario.cl\/new\/wp-json\/wp\/v2\/comments?post=26341"}],"version-history":[{"count":1,"href":"https:\/\/www.mundoagropecuario.cl\/new\/wp-json\/wp\/v2\/posts\/26341\/revisions"}],"predecessor-version":[{"id":26343,"href":"https:\/\/www.mundoagropecuario.cl\/new\/wp-json\/wp\/v2\/posts\/26341\/revisions\/26343"}],"wp:featuredmedia":[{"embeddable":true,"href":"https:\/\/www.mundoagropecuario.cl\/new\/wp-json\/wp\/v2\/media\/26342"}],"wp:attachment":[{"href":"https:\/\/www.mundoagropecuario.cl\/new\/wp-json\/wp\/v2\/media?parent=26341"}],"wp:term":[{"taxonomy":"category","embeddable":true,"href":"https:\/\/www.mundoagropecuario.cl\/new\/wp-json\/wp\/v2\/categories?post=26341"},{"taxonomy":"post_tag","embeddable":true,"href":"https:\/\/www.mundoagropecuario.cl\/new\/wp-json\/wp\/v2\/tags?post=26341"}],"curies":[{"name":"wp","href":"https:\/\/api.w.org\/{rel}","templated":true}]}}