{"id":26324,"date":"2025-01-14T11:28:20","date_gmt":"2025-01-14T14:28:20","guid":{"rendered":"https:\/\/www.mundoagropecuario.cl\/new\/?p=26324"},"modified":"2025-01-16T10:23:34","modified_gmt":"2025-01-16T13:23:34","slug":"prochile-se-reunira-con-gremios-por-crisis-de-la-cereza","status":"publish","type":"post","link":"https:\/\/www.mundoagropecuario.cl\/new\/prochile-se-reunira-con-gremios-por-crisis-de-la-cereza\/","title":{"rendered":"ProChile se reunir\u00e1 con gremios por crisis de la cereza"},"content":{"rendered":"<p data-pm-slice=\"1 1 []\">La crisis que enfrenta la industria de la cereza en Chile ha encendido las alarmas en el sector frut\u00edcola. A menos de dos semanas para la celebraci\u00f3n del A\u00f1o Nuevo Chino, el mercado m\u00e1s relevante para este fruto, los precios han ca\u00eddo significativamente debido a un exceso de oferta en el mercado asi\u00e1tico. Ante este complejo panorama, ProChile ha convocado a una reuni\u00f3n con los principales gremios del sector para coordinar acciones que permitan enfrentar la crisis y asegurar el posicionamiento de la cereza chilena en los mercados internacionales.<\/p>\n<p>La cita, programada para este mi\u00e9rcoles, reunir\u00e1 a representantes de la Sociedad Nacional de Agricultura (SNA), la Federaci\u00f3n de Productores de Frutas de Chile (Fedefruta) y Frutas de Chile. Ignacio Fern\u00e1ndez, director general de ProChile, asegur\u00f3 que los agregados comerciales en China &#8220;han estado permanentemente en terreno y en contacto con los principales actores del mercado para ir monitoreando y coordinando las gestiones que sean necesarias&#8221;.<\/p>\n<h3>Exceso de oferta y ca\u00edda en los precios<\/h3>\n<p>Antonio Walker, presidente de la SNA, atribuy\u00f3 la baja en los precios al notable aumento en las exportaciones. &#8220;Se est\u00e1 exportando un 55% m\u00e1s de cerezas que el a\u00f1o pasado&#8221;, explic\u00f3 Walker, se\u00f1alando que este incremento ha saturado el mercado chino, afectando directamente la rentabilidad de los productores. Esta situaci\u00f3n ha generado preocupaci\u00f3n en el sector, dado que el 90% de las exportaciones de cereza chilena se destinan a China.<\/p>\n<p>El 29 de enero, fecha del A\u00f1o Nuevo Chino, es clave para la industria, ya que la cereza es un s\u00edmbolo de prosperidad y buena suerte en esa celebraci\u00f3n. Sin embargo, las expectativas de los productores han disminuido debido a la sobreoferta y a los problemas de calidad detectados en los env\u00edos.<\/p>\n<h3>Calidad del producto<\/h3>\n<p>V\u00edctor Cat\u00e1n, presidente de Fedefruta, hizo un llamado urgente a mantener altos est\u00e1ndares de calidad en la fruta exportada. &#8220;En los \u00faltimos d\u00edas hemos recibido noticias no muy auspiciosas respecto a la venta de cerezas, con precios a la baja, con alguna fruta que ha llegado con algunos problemas de condici\u00f3n y de embalaje, lo cual, sumado a la mayor oferta, ha hecho que los precios disminuyan&#8221;, indic\u00f3 Cat\u00e1n. Subray\u00f3 la importancia de &#8220;cuidar mucho la calidad de la fruta y los alt\u00edsimos est\u00e1ndares que nos caracterizan, a fin de poder sostener los precios producto de la mayor oferta y de no tener afectaciones comerciales&#8221;.<\/p>\n<p>El Comit\u00e9 de Cerezas, conformado por los principales productores del pa\u00eds, tom\u00f3 decisiones clave para esta temporada. En marzo de 2024, se acord\u00f3 no restringir la comercializaci\u00f3n de la cereza calibre L, la m\u00e1s peque\u00f1a que se produce. Esta medida, seg\u00fan Walker, ha contribuido a la sobreoferta y a la presi\u00f3n sobre los precios. Adem\u00e1s, el comit\u00e9 decidi\u00f3 &#8220;no restringir elementos que puedan tener un impacto en decisiones comerciales de cada empresa&#8221; y se comprometi\u00f3 a trabajar en propuestas para controlar problemas de condici\u00f3n de la fruta, como virosis, pudrici\u00f3n, partidura y enfermedades.<\/p>\n<h3>Leve repunte en los precios<\/h3>\n<p>A pesar del panorama adverso, se han observado se\u00f1ales positivas en el mercado. Seg\u00fan Cat\u00e1n, &#8220;el mercado tuvo una leve mejor\u00eda durante la \u00faltima jornada, ya que aument\u00f3 la demanda por fruta, lo que son buenas se\u00f1ales&#8221;. Sin embargo, Ignacio Fern\u00e1ndez advirti\u00f3 que &#8220;para hacer un an\u00e1lisis m\u00e1s profundo tenemos que esperar hasta el final de la temporada&#8221;.<\/p>\n<p>La reuni\u00f3n convocada por ProChile busca establecer pol\u00edticas de corto y largo plazo que permitan enfrentar la crisis y fortalecer la posici\u00f3n de Chile como l\u00edder en la exportaci\u00f3n de cerezas. La diversificaci\u00f3n de mercados y el mantenimiento de altos est\u00e1ndares de calidad son pilares fundamentales para superar este desaf\u00edo.<\/p>\n<p><strong>Cr\u00e9ditos:<\/strong>\u00a0La Tercera.<\/p>\n<p>&nbsp;<\/p>\n","protected":false},"excerpt":{"rendered":"<p>ProChile coordina acciones con gremios frut\u00edcolas para enfrentar la crisis de la cereza chilena por sobreoferta y baja de precios en China.<\/p>\n","protected":false},"author":2,"featured_media":26325,"comment_status":"closed","ping_status":"closed","sticky":false,"template":"","format":"standard","meta":{"footnotes":""},"categories":[1945],"tags":[4537,2308,9598,2095,9237,9242,601,9212,7119],"class_list":["post-26324","post","type-post","status-publish","format-standard","has-post-thumbnail","hentry","category-agricultura","tag-cereza","tag-cerezas","tag-crisis-de-la-cereza","tag-fedefruta","tag-frutas-de-chile","tag-industria-fruticola","tag-prochile","tag-sector-fruticola","tag-sociedad-nacional-de-agricultura"],"yoast_head":"<!-- This site is optimized with the Yoast SEO plugin v26.6 - https:\/\/yoast.com\/wordpress\/plugins\/seo\/ -->\n<title>ProChile se reunir\u00e1 con gremios por crisis de la cereza - Mundoagropecuario<\/title>\n<meta name=\"description\" content=\"ProChile coordina acciones con gremios frut\u00edcolas para enfrentar la crisis de la cereza chilena por sobreoferta y baja de precios en China.\" \/>\n<meta name=\"robots\" content=\"index, follow, max-snippet:-1, max-image-preview:large, max-video-preview:-1\" \/>\n<link rel=\"canonical\" href=\"https:\/\/www.mundoagropecuario.cl\/new\/prochile-se-reunira-con-gremios-por-crisis-de-la-cereza\/\" \/>\n<meta property=\"og:locale\" content=\"es_ES\" \/>\n<meta property=\"og:type\" content=\"article\" \/>\n<meta property=\"og:title\" content=\"ProChile se reunir\u00e1 con gremios por crisis de la cereza - Mundoagropecuario\" \/>\n<meta property=\"og:description\" content=\"ProChile coordina acciones con gremios frut\u00edcolas para enfrentar la crisis de la cereza chilena por sobreoferta y baja de precios en China.\" \/>\n<meta property=\"og:url\" content=\"https:\/\/www.mundoagropecuario.cl\/new\/prochile-se-reunira-con-gremios-por-crisis-de-la-cereza\/\" \/>\n<meta property=\"og:site_name\" content=\"Mundoagropecuario\" \/>\n<meta property=\"article:publisher\" content=\"https:\/\/www.facebook.com\/mundo.agropecuario.3\" \/>\n<meta property=\"article:published_time\" content=\"2025-01-14T14:28:20+00:00\" \/>\n<meta property=\"article:modified_time\" content=\"2025-01-16T13:23:34+00:00\" \/>\n<meta property=\"og:image\" content=\"https:\/\/www.mundoagropecuario.cl\/new\/wp-content\/uploads\/2025\/01\/Plantilla-estandar-mundo-acuicola-2025-01-14T112057.007-scaled.jpg\" \/>\n\t<meta property=\"og:image:width\" content=\"720\" \/>\n\t<meta property=\"og:image:height\" content=\"384\" \/>\n\t<meta property=\"og:image:type\" content=\"image\/jpeg\" \/>\n<meta name=\"author\" content=\"mundo\" \/>\n<meta name=\"twitter:card\" content=\"summary_large_image\" \/>\n<meta name=\"twitter:creator\" content=\"@MundoAgropecuar\" \/>\n<meta name=\"twitter:site\" content=\"@MundoAgropecuar\" \/>\n<meta name=\"twitter:label1\" content=\"Escrito por\" \/>\n\t<meta name=\"twitter:data1\" content=\"mundo\" \/>\n\t<meta name=\"twitter:label2\" content=\"Tiempo de lectura\" \/>\n\t<meta name=\"twitter:data2\" content=\"3 minutos\" \/>\n<script type=\"application\/ld+json\" class=\"yoast-schema-graph\">{\"@context\":\"https:\/\/schema.org\",\"@graph\":[{\"@type\":\"Article\",\"@id\":\"https:\/\/www.mundoagropecuario.cl\/new\/prochile-se-reunira-con-gremios-por-crisis-de-la-cereza\/#article\",\"isPartOf\":{\"@id\":\"https:\/\/www.mundoagropecuario.cl\/new\/prochile-se-reunira-con-gremios-por-crisis-de-la-cereza\/\"},\"author\":{\"name\":\"mundo\",\"@id\":\"https:\/\/www.mundoagropecuario.cl\/new\/#\/schema\/person\/4e9f74a82a7dac260eb1c44b7eebeb18\"},\"headline\":\"ProChile se reunir\u00e1 con gremios por crisis de la cereza\",\"datePublished\":\"2025-01-14T14:28:20+00:00\",\"dateModified\":\"2025-01-16T13:23:34+00:00\",\"mainEntityOfPage\":{\"@id\":\"https:\/\/www.mundoagropecuario.cl\/new\/prochile-se-reunira-con-gremios-por-crisis-de-la-cereza\/\"},\"wordCount\":663,\"publisher\":{\"@id\":\"https:\/\/www.mundoagropecuario.cl\/new\/#organization\"},\"image\":{\"@id\":\"https:\/\/www.mundoagropecuario.cl\/new\/prochile-se-reunira-con-gremios-por-crisis-de-la-cereza\/#primaryimage\"},\"thumbnailUrl\":\"https:\/\/www.mundoagropecuario.cl\/new\/wp-content\/uploads\/2025\/01\/Plantilla-estandar-mundo-acuicola-2025-01-14T112057.007-scaled.jpg\",\"keywords\":[\"Cereza\",\"Cerezas\",\"crisis de la cereza\",\"Fedefruta\",\"Frutas de Chile\",\"industria frut\u00edcola\",\"ProChile\",\"sector frut\u00edcola\",\"Sociedad Nacional de Agricultura\"],\"articleSection\":[\"Agricultura\"],\"inLanguage\":\"es\"},{\"@type\":\"WebPage\",\"@id\":\"https:\/\/www.mundoagropecuario.cl\/new\/prochile-se-reunira-con-gremios-por-crisis-de-la-cereza\/\",\"url\":\"https:\/\/www.mundoagropecuario.cl\/new\/prochile-se-reunira-con-gremios-por-crisis-de-la-cereza\/\",\"name\":\"ProChile se reunir\u00e1 con gremios por crisis de la cereza - Mundoagropecuario\",\"isPartOf\":{\"@id\":\"https:\/\/www.mundoagropecuario.cl\/new\/#website\"},\"primaryImageOfPage\":{\"@id\":\"https:\/\/www.mundoagropecuario.cl\/new\/prochile-se-reunira-con-gremios-por-crisis-de-la-cereza\/#primaryimage\"},\"image\":{\"@id\":\"https:\/\/www.mundoagropecuario.cl\/new\/prochile-se-reunira-con-gremios-por-crisis-de-la-cereza\/#primaryimage\"},\"thumbnailUrl\":\"https:\/\/www.mundoagropecuario.cl\/new\/wp-content\/uploads\/2025\/01\/Plantilla-estandar-mundo-acuicola-2025-01-14T112057.007-scaled.jpg\",\"datePublished\":\"2025-01-14T14:28:20+00:00\",\"dateModified\":\"2025-01-16T13:23:34+00:00\",\"description\":\"ProChile coordina acciones con gremios frut\u00edcolas para enfrentar la crisis de la cereza chilena por sobreoferta y baja de precios en China.\",\"breadcrumb\":{\"@id\":\"https:\/\/www.mundoagropecuario.cl\/new\/prochile-se-reunira-con-gremios-por-crisis-de-la-cereza\/#breadcrumb\"},\"inLanguage\":\"es\",\"potentialAction\":[{\"@type\":\"ReadAction\",\"target\":[\"https:\/\/www.mundoagropecuario.cl\/new\/prochile-se-reunira-con-gremios-por-crisis-de-la-cereza\/\"]}]},{\"@type\":\"ImageObject\",\"inLanguage\":\"es\",\"@id\":\"https:\/\/www.mundoagropecuario.cl\/new\/prochile-se-reunira-con-gremios-por-crisis-de-la-cereza\/#primaryimage\",\"url\":\"https:\/\/www.mundoagropecuario.cl\/new\/wp-content\/uploads\/2025\/01\/Plantilla-estandar-mundo-acuicola-2025-01-14T112057.007-scaled.jpg\",\"contentUrl\":\"https:\/\/www.mundoagropecuario.cl\/new\/wp-content\/uploads\/2025\/01\/Plantilla-estandar-mundo-acuicola-2025-01-14T112057.007-scaled.jpg\",\"width\":720,\"height\":384},{\"@type\":\"BreadcrumbList\",\"@id\":\"https:\/\/www.mundoagropecuario.cl\/new\/prochile-se-reunira-con-gremios-por-crisis-de-la-cereza\/#breadcrumb\",\"itemListElement\":[{\"@type\":\"ListItem\",\"position\":1,\"name\":\"Portada\",\"item\":\"https:\/\/www.mundoagropecuario.cl\/new\/\"},{\"@type\":\"ListItem\",\"position\":2,\"name\":\"ProChile se reunir\u00e1 con gremios por crisis de la cereza\"}]},{\"@type\":\"WebSite\",\"@id\":\"https:\/\/www.mundoagropecuario.cl\/new\/#website\",\"url\":\"https:\/\/www.mundoagropecuario.cl\/new\/\",\"name\":\"Mundoagropecuario\",\"description\":\"Mundo Agropecuario\",\"publisher\":{\"@id\":\"https:\/\/www.mundoagropecuario.cl\/new\/#organization\"},\"potentialAction\":[{\"@type\":\"SearchAction\",\"target\":{\"@type\":\"EntryPoint\",\"urlTemplate\":\"https:\/\/www.mundoagropecuario.cl\/new\/?s={search_term_string}\"},\"query-input\":{\"@type\":\"PropertyValueSpecification\",\"valueRequired\":true,\"valueName\":\"search_term_string\"}}],\"inLanguage\":\"es\"},{\"@type\":\"Organization\",\"@id\":\"https:\/\/www.mundoagropecuario.cl\/new\/#organization\",\"name\":\"Revista de Agricultura\",\"url\":\"https:\/\/www.mundoagropecuario.cl\/new\/\",\"logo\":{\"@type\":\"ImageObject\",\"inLanguage\":\"es\",\"@id\":\"https:\/\/www.mundoagropecuario.cl\/new\/#\/schema\/logo\/image\/\",\"url\":\"https:\/\/www.mundoagropecuario.cl\/new\/wp-content\/uploads\/2020\/11\/PORTAL-1-1.png\",\"contentUrl\":\"https:\/\/www.mundoagropecuario.cl\/new\/wp-content\/uploads\/2020\/11\/PORTAL-1-1.png\",\"width\":1026,\"height\":100,\"caption\":\"Revista de Agricultura\"},\"image\":{\"@id\":\"https:\/\/www.mundoagropecuario.cl\/new\/#\/schema\/logo\/image\/\"},\"sameAs\":[\"https:\/\/www.facebook.com\/mundo.agropecuario.3\",\"https:\/\/x.com\/MundoAgropecuar\",\"https:\/\/www.linkedin.com\/in\/mundo-agropecuario-934009201\/\"]},{\"@type\":\"Person\",\"@id\":\"https:\/\/www.mundoagropecuario.cl\/new\/#\/schema\/person\/4e9f74a82a7dac260eb1c44b7eebeb18\",\"name\":\"mundo\",\"url\":\"https:\/\/www.mundoagropecuario.cl\/new\/author\/mundo\/\"}]}<\/script>\n<!-- \/ Yoast SEO plugin. -->","yoast_head_json":{"title":"ProChile se reunir\u00e1 con gremios por crisis de la cereza - Mundoagropecuario","description":"ProChile coordina acciones con gremios frut\u00edcolas para enfrentar la crisis de la cereza chilena por sobreoferta y baja de precios en China.","robots":{"index":"index","follow":"follow","max-snippet":"max-snippet:-1","max-image-preview":"max-image-preview:large","max-video-preview":"max-video-preview:-1"},"canonical":"https:\/\/www.mundoagropecuario.cl\/new\/prochile-se-reunira-con-gremios-por-crisis-de-la-cereza\/","og_locale":"es_ES","og_type":"article","og_title":"ProChile se reunir\u00e1 con gremios por crisis de la cereza - Mundoagropecuario","og_description":"ProChile coordina acciones con gremios frut\u00edcolas para enfrentar la crisis de la cereza chilena por sobreoferta y baja de precios en China.","og_url":"https:\/\/www.mundoagropecuario.cl\/new\/prochile-se-reunira-con-gremios-por-crisis-de-la-cereza\/","og_site_name":"Mundoagropecuario","article_publisher":"https:\/\/www.facebook.com\/mundo.agropecuario.3","article_published_time":"2025-01-14T14:28:20+00:00","article_modified_time":"2025-01-16T13:23:34+00:00","og_image":[{"width":720,"height":384,"url":"https:\/\/www.mundoagropecuario.cl\/new\/wp-content\/uploads\/2025\/01\/Plantilla-estandar-mundo-acuicola-2025-01-14T112057.007-scaled.jpg","type":"image\/jpeg"}],"author":"mundo","twitter_card":"summary_large_image","twitter_creator":"@MundoAgropecuar","twitter_site":"@MundoAgropecuar","twitter_misc":{"Escrito por":"mundo","Tiempo de lectura":"3 minutos"},"schema":{"@context":"https:\/\/schema.org","@graph":[{"@type":"Article","@id":"https:\/\/www.mundoagropecuario.cl\/new\/prochile-se-reunira-con-gremios-por-crisis-de-la-cereza\/#article","isPartOf":{"@id":"https:\/\/www.mundoagropecuario.cl\/new\/prochile-se-reunira-con-gremios-por-crisis-de-la-cereza\/"},"author":{"name":"mundo","@id":"https:\/\/www.mundoagropecuario.cl\/new\/#\/schema\/person\/4e9f74a82a7dac260eb1c44b7eebeb18"},"headline":"ProChile se reunir\u00e1 con gremios por crisis de la cereza","datePublished":"2025-01-14T14:28:20+00:00","dateModified":"2025-01-16T13:23:34+00:00","mainEntityOfPage":{"@id":"https:\/\/www.mundoagropecuario.cl\/new\/prochile-se-reunira-con-gremios-por-crisis-de-la-cereza\/"},"wordCount":663,"publisher":{"@id":"https:\/\/www.mundoagropecuario.cl\/new\/#organization"},"image":{"@id":"https:\/\/www.mundoagropecuario.cl\/new\/prochile-se-reunira-con-gremios-por-crisis-de-la-cereza\/#primaryimage"},"thumbnailUrl":"https:\/\/www.mundoagropecuario.cl\/new\/wp-content\/uploads\/2025\/01\/Plantilla-estandar-mundo-acuicola-2025-01-14T112057.007-scaled.jpg","keywords":["Cereza","Cerezas","crisis de la cereza","Fedefruta","Frutas de Chile","industria frut\u00edcola","ProChile","sector frut\u00edcola","Sociedad Nacional de Agricultura"],"articleSection":["Agricultura"],"inLanguage":"es"},{"@type":"WebPage","@id":"https:\/\/www.mundoagropecuario.cl\/new\/prochile-se-reunira-con-gremios-por-crisis-de-la-cereza\/","url":"https:\/\/www.mundoagropecuario.cl\/new\/prochile-se-reunira-con-gremios-por-crisis-de-la-cereza\/","name":"ProChile se reunir\u00e1 con gremios por crisis de la cereza - Mundoagropecuario","isPartOf":{"@id":"https:\/\/www.mundoagropecuario.cl\/new\/#website"},"primaryImageOfPage":{"@id":"https:\/\/www.mundoagropecuario.cl\/new\/prochile-se-reunira-con-gremios-por-crisis-de-la-cereza\/#primaryimage"},"image":{"@id":"https:\/\/www.mundoagropecuario.cl\/new\/prochile-se-reunira-con-gremios-por-crisis-de-la-cereza\/#primaryimage"},"thumbnailUrl":"https:\/\/www.mundoagropecuario.cl\/new\/wp-content\/uploads\/2025\/01\/Plantilla-estandar-mundo-acuicola-2025-01-14T112057.007-scaled.jpg","datePublished":"2025-01-14T14:28:20+00:00","dateModified":"2025-01-16T13:23:34+00:00","description":"ProChile coordina acciones con gremios frut\u00edcolas para enfrentar la crisis de la cereza chilena por sobreoferta y baja de precios en China.","breadcrumb":{"@id":"https:\/\/www.mundoagropecuario.cl\/new\/prochile-se-reunira-con-gremios-por-crisis-de-la-cereza\/#breadcrumb"},"inLanguage":"es","potentialAction":[{"@type":"ReadAction","target":["https:\/\/www.mundoagropecuario.cl\/new\/prochile-se-reunira-con-gremios-por-crisis-de-la-cereza\/"]}]},{"@type":"ImageObject","inLanguage":"es","@id":"https:\/\/www.mundoagropecuario.cl\/new\/prochile-se-reunira-con-gremios-por-crisis-de-la-cereza\/#primaryimage","url":"https:\/\/www.mundoagropecuario.cl\/new\/wp-content\/uploads\/2025\/01\/Plantilla-estandar-mundo-acuicola-2025-01-14T112057.007-scaled.jpg","contentUrl":"https:\/\/www.mundoagropecuario.cl\/new\/wp-content\/uploads\/2025\/01\/Plantilla-estandar-mundo-acuicola-2025-01-14T112057.007-scaled.jpg","width":720,"height":384},{"@type":"BreadcrumbList","@id":"https:\/\/www.mundoagropecuario.cl\/new\/prochile-se-reunira-con-gremios-por-crisis-de-la-cereza\/#breadcrumb","itemListElement":[{"@type":"ListItem","position":1,"name":"Portada","item":"https:\/\/www.mundoagropecuario.cl\/new\/"},{"@type":"ListItem","position":2,"name":"ProChile se reunir\u00e1 con gremios por crisis de la cereza"}]},{"@type":"WebSite","@id":"https:\/\/www.mundoagropecuario.cl\/new\/#website","url":"https:\/\/www.mundoagropecuario.cl\/new\/","name":"Mundoagropecuario","description":"Mundo Agropecuario","publisher":{"@id":"https:\/\/www.mundoagropecuario.cl\/new\/#organization"},"potentialAction":[{"@type":"SearchAction","target":{"@type":"EntryPoint","urlTemplate":"https:\/\/www.mundoagropecuario.cl\/new\/?s={search_term_string}"},"query-input":{"@type":"PropertyValueSpecification","valueRequired":true,"valueName":"search_term_string"}}],"inLanguage":"es"},{"@type":"Organization","@id":"https:\/\/www.mundoagropecuario.cl\/new\/#organization","name":"Revista de Agricultura","url":"https:\/\/www.mundoagropecuario.cl\/new\/","logo":{"@type":"ImageObject","inLanguage":"es","@id":"https:\/\/www.mundoagropecuario.cl\/new\/#\/schema\/logo\/image\/","url":"https:\/\/www.mundoagropecuario.cl\/new\/wp-content\/uploads\/2020\/11\/PORTAL-1-1.png","contentUrl":"https:\/\/www.mundoagropecuario.cl\/new\/wp-content\/uploads\/2020\/11\/PORTAL-1-1.png","width":1026,"height":100,"caption":"Revista de Agricultura"},"image":{"@id":"https:\/\/www.mundoagropecuario.cl\/new\/#\/schema\/logo\/image\/"},"sameAs":["https:\/\/www.facebook.com\/mundo.agropecuario.3","https:\/\/x.com\/MundoAgropecuar","https:\/\/www.linkedin.com\/in\/mundo-agropecuario-934009201\/"]},{"@type":"Person","@id":"https:\/\/www.mundoagropecuario.cl\/new\/#\/schema\/person\/4e9f74a82a7dac260eb1c44b7eebeb18","name":"mundo","url":"https:\/\/www.mundoagropecuario.cl\/new\/author\/mundo\/"}]}},"_links":{"self":[{"href":"https:\/\/www.mundoagropecuario.cl\/new\/wp-json\/wp\/v2\/posts\/26324","targetHints":{"allow":["GET"]}}],"collection":[{"href":"https:\/\/www.mundoagropecuario.cl\/new\/wp-json\/wp\/v2\/posts"}],"about":[{"href":"https:\/\/www.mundoagropecuario.cl\/new\/wp-json\/wp\/v2\/types\/post"}],"author":[{"embeddable":true,"href":"https:\/\/www.mundoagropecuario.cl\/new\/wp-json\/wp\/v2\/users\/2"}],"replies":[{"embeddable":true,"href":"https:\/\/www.mundoagropecuario.cl\/new\/wp-json\/wp\/v2\/comments?post=26324"}],"version-history":[{"count":1,"href":"https:\/\/www.mundoagropecuario.cl\/new\/wp-json\/wp\/v2\/posts\/26324\/revisions"}],"predecessor-version":[{"id":26326,"href":"https:\/\/www.mundoagropecuario.cl\/new\/wp-json\/wp\/v2\/posts\/26324\/revisions\/26326"}],"wp:featuredmedia":[{"embeddable":true,"href":"https:\/\/www.mundoagropecuario.cl\/new\/wp-json\/wp\/v2\/media\/26325"}],"wp:attachment":[{"href":"https:\/\/www.mundoagropecuario.cl\/new\/wp-json\/wp\/v2\/media?parent=26324"}],"wp:term":[{"taxonomy":"category","embeddable":true,"href":"https:\/\/www.mundoagropecuario.cl\/new\/wp-json\/wp\/v2\/categories?post=26324"},{"taxonomy":"post_tag","embeddable":true,"href":"https:\/\/www.mundoagropecuario.cl\/new\/wp-json\/wp\/v2\/tags?post=26324"}],"curies":[{"name":"wp","href":"https:\/\/api.w.org\/{rel}","templated":true}]}}