{"id":26293,"date":"2025-01-13T10:13:45","date_gmt":"2025-01-13T13:13:45","guid":{"rendered":"https:\/\/www.mundoagropecuario.cl\/new\/?p=26293"},"modified":"2025-01-14T11:37:41","modified_gmt":"2025-01-14T14:37:41","slug":"fruticultores-de-nuble-podran-acceder-a-giras-internacionales-en-innovador-proyecto","status":"publish","type":"post","link":"https:\/\/www.mundoagropecuario.cl\/new\/fruticultores-de-nuble-podran-acceder-a-giras-internacionales-en-innovador-proyecto\/","title":{"rendered":"Fruticultores de \u00d1uble podr\u00e1n acceder a giras internacionales en innovador proyecto"},"content":{"rendered":"<p>En una reuni\u00f3n clave realizada en la comuna de San Carlos, investigadores de INIA Quilamapu expusieron ante los representantes del Prodesal los alcances y objetivos del proyecto \u201cFruticultura sostenible y resiliente al cambio clim\u00e1tico en la Regi\u00f3n de \u00d1uble\u201d, instancia que\u00a0 busca validar e introducir nuevas especies frutales adaptadas a las condiciones clim\u00e1ticas de \u00d1uble.<\/p>\n<p>Entre las especies seleccionadas est\u00e1n macadamia, pistacho y calafate, adem\u00e1s de potenciar frutales ya existentes en \u00d1uble como el papayo y el casta\u00f1o, todos los cuales destacan por su bajo requerimiento h\u00eddrico, alta resistencia a temperaturas extremas y alto valor comercial en mercados internacionales.<\/p>\n<p><a href=\"https:\/\/www.mundoagropecuario.cl\/new\/wp-content\/uploads\/2025\/01\/foto3-1-scaled.jpeg\"><img loading=\"lazy\" decoding=\"async\" class=\"alignleft wp-image-26295 size-large\" src=\"https:\/\/www.mundoagropecuario.cl\/new\/wp-content\/uploads\/2025\/01\/foto3-1-601x400.jpeg\" alt=\"\" width=\"601\" height=\"400\" srcset=\"https:\/\/www.mundoagropecuario.cl\/new\/wp-content\/uploads\/2025\/01\/foto3-1-scaled.jpeg 601w, https:\/\/www.mundoagropecuario.cl\/new\/wp-content\/uploads\/2025\/01\/foto3-1-200x133.jpeg 200w, https:\/\/www.mundoagropecuario.cl\/new\/wp-content\/uploads\/2025\/01\/foto3-1-768x511.jpeg 768w\" sizes=\"auto, (max-width: 601px) 100vw, 601px\" \/><\/a>Uno de los aspectos que ha llamado la atenci\u00f3n es la capacitaci\u00f3n destinada a algunos de los fruticultores que se incorporen al proyecto, que incluye giras t\u00e9cnicas internacionales, donde 63 beneficiados podr\u00e1n conocer experiencias exitosas de fruticultura sostenible en Italia, Estados Unidos, Guatemala y Espa\u00f1a. Estas instancias se suman a la implementaci\u00f3n de parcelas demostrativas y comerciales en todas las comunas, que servir\u00e1n como centros de aprendizaje pr\u00e1ctico para los agricultores y la comunidad.<\/p>\n<p>Adem\u00e1s, se otorgar\u00e1n 100 becas destinadas a profesionales asesores, con el fin de dejar capital humano especializado en fruticultura sustentable en la Regi\u00f3n de \u00d1uble.<\/p>\n<p>\u201cEstas iniciativas, beneficios del proyecto, buscan no solo mejorar la producci\u00f3n local, sino tambi\u00e9n posicionar a \u00d1uble como una regi\u00f3n modelo en la adaptaci\u00f3n al cambio clim\u00e1tico\u201d, subray\u00f3 el investigador de INIA Quilamapu y coordinador del proyecto, Jorge Retamal.<\/p>\n<h3>70 mil plantas para productores<\/h3>\n<p>Durante la presentaci\u00f3n ante el equipo Prodesal de San Carlos, Retamal explic\u00f3 que \u00abnuestro enfoque es trabajar en conjunto con los agricultores para implementar un plan que permita abordar sus principales necesidades productivas y comerciales, mientras introducimos especies innovadoras que se adaptan al cambio clim\u00e1tico\u201d.<\/p>\n<p>El proyecto considera la entrega de 70 mil plantas frutales (macadamia, pistacho, calafate, papayo y casta\u00f1o) seleccionadas y multiplicadas espec\u00edficamente para cada comuna, fortaleciendo as\u00ed las bases de la producci\u00f3n sostenible.<\/p>\n<p>El investigador INIA agreg\u00f3 que la iniciativa considera, tambi\u00e9n, la implementaci\u00f3n de estaciones meteorol\u00f3gicas en las 21 comunas de \u00d1uble, lo que permitir\u00e1 a los agricultores contar con informaci\u00f3n precisa y en tiempo real para optimizar sus pr\u00e1cticas agr\u00edcolas. Junto a esto, se instalar\u00e1n kits fotovoltaicos en parcelas demostrativas, promoviendo el uso de energ\u00edas limpias en el manejo de las nuevas plantas.<\/p>\n<p>Gast\u00f3n L\u00f3pez, ingeniero agr\u00f3nomo del Prodesal San Carlos, coment\u00f3 que \u201ces muy relevante para nosotros conocer este proyecto, que no solo ampl\u00eda las opciones productivas para nuestros agricultores, sino que tambi\u00e9n promueven pr\u00e1cticas sostenibles en un contexto de cambio clim\u00e1tico.\u00bb<\/p>\n<p>Este proyecto refuerza el compromiso de INIA Quilamapu de liderar iniciativas que contribuyan al desarrollo agr\u00edcola sostenible del centro sur del pa\u00eds. Financiado por el Gobierno Regional de \u00d1uble, este proyecto tiene como meta beneficiar a m\u00e1s de mil agricultores durante los pr\u00f3ximos tres a\u00f1os.<\/p>\n","protected":false},"excerpt":{"rendered":"<p>La iniciativa apunta a la incorporaci\u00f3n de tres nuevas especies frutales y contempla tambi\u00e9n instancias de capacitaci\u00f3n a productores.<\/p>\n","protected":false},"author":2,"featured_media":26294,"comment_status":"closed","ping_status":"closed","sticky":false,"template":"","format":"standard","meta":{"footnotes":""},"categories":[1986],"tags":[2937,9269,9590,2052,2168,6567,3020,1242,9212,559],"class_list":["post-26293","post","type-post","status-publish","format-standard","has-post-thumbnail","hentry","category-frutas","tag-espana","tag-fruticultura-sustentable","tag-guatemala","tag-inia","tag-inia-quilamapu","tag-instituto-de-investigaciones-agropecuarias","tag-italia","tag-region-de-nuble","tag-sector-fruticola","tag-sustentabilidad"],"yoast_head":"<!-- This site is optimized with the Yoast SEO plugin v26.6 - https:\/\/yoast.com\/wordpress\/plugins\/seo\/ -->\n<title>Fruticultores de \u00d1uble podr\u00e1n acceder a giras internacionales en innovador proyecto - Mundoagropecuario<\/title>\n<meta name=\"description\" content=\"La iniciativa apunta a la incorporaci\u00f3n de tres nuevas especies frutales y contempla tambi\u00e9n instancias de capacitaci\u00f3n a productores.\" \/>\n<meta name=\"robots\" content=\"index, follow, max-snippet:-1, max-image-preview:large, max-video-preview:-1\" \/>\n<link rel=\"canonical\" href=\"https:\/\/www.mundoagropecuario.cl\/new\/fruticultores-de-nuble-podran-acceder-a-giras-internacionales-en-innovador-proyecto\/\" \/>\n<meta property=\"og:locale\" content=\"es_ES\" \/>\n<meta property=\"og:type\" content=\"article\" \/>\n<meta property=\"og:title\" content=\"Fruticultores de \u00d1uble podr\u00e1n acceder a giras internacionales en innovador proyecto - Mundoagropecuario\" \/>\n<meta property=\"og:description\" content=\"La iniciativa apunta a la incorporaci\u00f3n de tres nuevas especies frutales y contempla tambi\u00e9n instancias de capacitaci\u00f3n a productores.\" \/>\n<meta property=\"og:url\" content=\"https:\/\/www.mundoagropecuario.cl\/new\/fruticultores-de-nuble-podran-acceder-a-giras-internacionales-en-innovador-proyecto\/\" \/>\n<meta property=\"og:site_name\" content=\"Mundoagropecuario\" \/>\n<meta property=\"article:publisher\" content=\"https:\/\/www.facebook.com\/mundo.agropecuario.3\" \/>\n<meta property=\"article:published_time\" content=\"2025-01-13T13:13:45+00:00\" \/>\n<meta property=\"article:modified_time\" content=\"2025-01-14T14:37:41+00:00\" \/>\n<meta property=\"og:image\" content=\"https:\/\/www.mundoagropecuario.cl\/new\/wp-content\/uploads\/2025\/01\/Plantilla-estandar-mundo-acuicola-96-scaled.jpg\" \/>\n\t<meta property=\"og:image:width\" content=\"720\" \/>\n\t<meta property=\"og:image:height\" content=\"384\" \/>\n\t<meta property=\"og:image:type\" content=\"image\/jpeg\" \/>\n<meta name=\"author\" content=\"mundo\" \/>\n<meta name=\"twitter:card\" content=\"summary_large_image\" \/>\n<meta name=\"twitter:creator\" content=\"@MundoAgropecuar\" \/>\n<meta name=\"twitter:site\" content=\"@MundoAgropecuar\" \/>\n<meta name=\"twitter:label1\" content=\"Escrito por\" \/>\n\t<meta name=\"twitter:data1\" content=\"mundo\" \/>\n\t<meta name=\"twitter:label2\" content=\"Tiempo de lectura\" \/>\n\t<meta name=\"twitter:data2\" content=\"3 minutos\" \/>\n<script type=\"application\/ld+json\" class=\"yoast-schema-graph\">{\"@context\":\"https:\/\/schema.org\",\"@graph\":[{\"@type\":\"Article\",\"@id\":\"https:\/\/www.mundoagropecuario.cl\/new\/fruticultores-de-nuble-podran-acceder-a-giras-internacionales-en-innovador-proyecto\/#article\",\"isPartOf\":{\"@id\":\"https:\/\/www.mundoagropecuario.cl\/new\/fruticultores-de-nuble-podran-acceder-a-giras-internacionales-en-innovador-proyecto\/\"},\"author\":{\"name\":\"mundo\",\"@id\":\"https:\/\/www.mundoagropecuario.cl\/new\/#\/schema\/person\/4e9f74a82a7dac260eb1c44b7eebeb18\"},\"headline\":\"Fruticultores de \u00d1uble podr\u00e1n acceder a giras internacionales en innovador proyecto\",\"datePublished\":\"2025-01-13T13:13:45+00:00\",\"dateModified\":\"2025-01-14T14:37:41+00:00\",\"mainEntityOfPage\":{\"@id\":\"https:\/\/www.mundoagropecuario.cl\/new\/fruticultores-de-nuble-podran-acceder-a-giras-internacionales-en-innovador-proyecto\/\"},\"wordCount\":521,\"publisher\":{\"@id\":\"https:\/\/www.mundoagropecuario.cl\/new\/#organization\"},\"image\":{\"@id\":\"https:\/\/www.mundoagropecuario.cl\/new\/fruticultores-de-nuble-podran-acceder-a-giras-internacionales-en-innovador-proyecto\/#primaryimage\"},\"thumbnailUrl\":\"https:\/\/www.mundoagropecuario.cl\/new\/wp-content\/uploads\/2025\/01\/Plantilla-estandar-mundo-acuicola-96-scaled.jpg\",\"keywords\":[\"Espa\u00f1a\",\"Fruticultura Sustentable\",\"Guatemala\",\"INIA\",\"INIA Quilamapu\",\"Instituto de Investigaciones Agropecuarias\",\"Italia\",\"Regi\u00f3n de \u00d1uble\",\"sector frut\u00edcola\",\"Sustentabilidad\"],\"articleSection\":[\"Frutas\"],\"inLanguage\":\"es\"},{\"@type\":\"WebPage\",\"@id\":\"https:\/\/www.mundoagropecuario.cl\/new\/fruticultores-de-nuble-podran-acceder-a-giras-internacionales-en-innovador-proyecto\/\",\"url\":\"https:\/\/www.mundoagropecuario.cl\/new\/fruticultores-de-nuble-podran-acceder-a-giras-internacionales-en-innovador-proyecto\/\",\"name\":\"Fruticultores de \u00d1uble podr\u00e1n acceder a giras internacionales en innovador proyecto - Mundoagropecuario\",\"isPartOf\":{\"@id\":\"https:\/\/www.mundoagropecuario.cl\/new\/#website\"},\"primaryImageOfPage\":{\"@id\":\"https:\/\/www.mundoagropecuario.cl\/new\/fruticultores-de-nuble-podran-acceder-a-giras-internacionales-en-innovador-proyecto\/#primaryimage\"},\"image\":{\"@id\":\"https:\/\/www.mundoagropecuario.cl\/new\/fruticultores-de-nuble-podran-acceder-a-giras-internacionales-en-innovador-proyecto\/#primaryimage\"},\"thumbnailUrl\":\"https:\/\/www.mundoagropecuario.cl\/new\/wp-content\/uploads\/2025\/01\/Plantilla-estandar-mundo-acuicola-96-scaled.jpg\",\"datePublished\":\"2025-01-13T13:13:45+00:00\",\"dateModified\":\"2025-01-14T14:37:41+00:00\",\"description\":\"La iniciativa apunta a la incorporaci\u00f3n de tres nuevas especies frutales y contempla tambi\u00e9n instancias de capacitaci\u00f3n a productores.\",\"breadcrumb\":{\"@id\":\"https:\/\/www.mundoagropecuario.cl\/new\/fruticultores-de-nuble-podran-acceder-a-giras-internacionales-en-innovador-proyecto\/#breadcrumb\"},\"inLanguage\":\"es\",\"potentialAction\":[{\"@type\":\"ReadAction\",\"target\":[\"https:\/\/www.mundoagropecuario.cl\/new\/fruticultores-de-nuble-podran-acceder-a-giras-internacionales-en-innovador-proyecto\/\"]}]},{\"@type\":\"ImageObject\",\"inLanguage\":\"es\",\"@id\":\"https:\/\/www.mundoagropecuario.cl\/new\/fruticultores-de-nuble-podran-acceder-a-giras-internacionales-en-innovador-proyecto\/#primaryimage\",\"url\":\"https:\/\/www.mundoagropecuario.cl\/new\/wp-content\/uploads\/2025\/01\/Plantilla-estandar-mundo-acuicola-96-scaled.jpg\",\"contentUrl\":\"https:\/\/www.mundoagropecuario.cl\/new\/wp-content\/uploads\/2025\/01\/Plantilla-estandar-mundo-acuicola-96-scaled.jpg\",\"width\":720,\"height\":384},{\"@type\":\"BreadcrumbList\",\"@id\":\"https:\/\/www.mundoagropecuario.cl\/new\/fruticultores-de-nuble-podran-acceder-a-giras-internacionales-en-innovador-proyecto\/#breadcrumb\",\"itemListElement\":[{\"@type\":\"ListItem\",\"position\":1,\"name\":\"Portada\",\"item\":\"https:\/\/www.mundoagropecuario.cl\/new\/\"},{\"@type\":\"ListItem\",\"position\":2,\"name\":\"Fruticultores de \u00d1uble podr\u00e1n acceder a giras internacionales en innovador proyecto\"}]},{\"@type\":\"WebSite\",\"@id\":\"https:\/\/www.mundoagropecuario.cl\/new\/#website\",\"url\":\"https:\/\/www.mundoagropecuario.cl\/new\/\",\"name\":\"Mundoagropecuario\",\"description\":\"Mundo Agropecuario\",\"publisher\":{\"@id\":\"https:\/\/www.mundoagropecuario.cl\/new\/#organization\"},\"potentialAction\":[{\"@type\":\"SearchAction\",\"target\":{\"@type\":\"EntryPoint\",\"urlTemplate\":\"https:\/\/www.mundoagropecuario.cl\/new\/?s={search_term_string}\"},\"query-input\":{\"@type\":\"PropertyValueSpecification\",\"valueRequired\":true,\"valueName\":\"search_term_string\"}}],\"inLanguage\":\"es\"},{\"@type\":\"Organization\",\"@id\":\"https:\/\/www.mundoagropecuario.cl\/new\/#organization\",\"name\":\"Revista de Agricultura\",\"url\":\"https:\/\/www.mundoagropecuario.cl\/new\/\",\"logo\":{\"@type\":\"ImageObject\",\"inLanguage\":\"es\",\"@id\":\"https:\/\/www.mundoagropecuario.cl\/new\/#\/schema\/logo\/image\/\",\"url\":\"https:\/\/www.mundoagropecuario.cl\/new\/wp-content\/uploads\/2020\/11\/PORTAL-1-1.png\",\"contentUrl\":\"https:\/\/www.mundoagropecuario.cl\/new\/wp-content\/uploads\/2020\/11\/PORTAL-1-1.png\",\"width\":1026,\"height\":100,\"caption\":\"Revista de Agricultura\"},\"image\":{\"@id\":\"https:\/\/www.mundoagropecuario.cl\/new\/#\/schema\/logo\/image\/\"},\"sameAs\":[\"https:\/\/www.facebook.com\/mundo.agropecuario.3\",\"https:\/\/x.com\/MundoAgropecuar\",\"https:\/\/www.linkedin.com\/in\/mundo-agropecuario-934009201\/\"]},{\"@type\":\"Person\",\"@id\":\"https:\/\/www.mundoagropecuario.cl\/new\/#\/schema\/person\/4e9f74a82a7dac260eb1c44b7eebeb18\",\"name\":\"mundo\",\"url\":\"https:\/\/www.mundoagropecuario.cl\/new\/author\/mundo\/\"}]}<\/script>\n<!-- \/ Yoast SEO plugin. -->","yoast_head_json":{"title":"Fruticultores de \u00d1uble podr\u00e1n acceder a giras internacionales en innovador proyecto - Mundoagropecuario","description":"La iniciativa apunta a la incorporaci\u00f3n de tres nuevas especies frutales y contempla tambi\u00e9n instancias de capacitaci\u00f3n a productores.","robots":{"index":"index","follow":"follow","max-snippet":"max-snippet:-1","max-image-preview":"max-image-preview:large","max-video-preview":"max-video-preview:-1"},"canonical":"https:\/\/www.mundoagropecuario.cl\/new\/fruticultores-de-nuble-podran-acceder-a-giras-internacionales-en-innovador-proyecto\/","og_locale":"es_ES","og_type":"article","og_title":"Fruticultores de \u00d1uble podr\u00e1n acceder a giras internacionales en innovador proyecto - Mundoagropecuario","og_description":"La iniciativa apunta a la incorporaci\u00f3n de tres nuevas especies frutales y contempla tambi\u00e9n instancias de capacitaci\u00f3n a productores.","og_url":"https:\/\/www.mundoagropecuario.cl\/new\/fruticultores-de-nuble-podran-acceder-a-giras-internacionales-en-innovador-proyecto\/","og_site_name":"Mundoagropecuario","article_publisher":"https:\/\/www.facebook.com\/mundo.agropecuario.3","article_published_time":"2025-01-13T13:13:45+00:00","article_modified_time":"2025-01-14T14:37:41+00:00","og_image":[{"width":720,"height":384,"url":"https:\/\/www.mundoagropecuario.cl\/new\/wp-content\/uploads\/2025\/01\/Plantilla-estandar-mundo-acuicola-96-scaled.jpg","type":"image\/jpeg"}],"author":"mundo","twitter_card":"summary_large_image","twitter_creator":"@MundoAgropecuar","twitter_site":"@MundoAgropecuar","twitter_misc":{"Escrito por":"mundo","Tiempo de lectura":"3 minutos"},"schema":{"@context":"https:\/\/schema.org","@graph":[{"@type":"Article","@id":"https:\/\/www.mundoagropecuario.cl\/new\/fruticultores-de-nuble-podran-acceder-a-giras-internacionales-en-innovador-proyecto\/#article","isPartOf":{"@id":"https:\/\/www.mundoagropecuario.cl\/new\/fruticultores-de-nuble-podran-acceder-a-giras-internacionales-en-innovador-proyecto\/"},"author":{"name":"mundo","@id":"https:\/\/www.mundoagropecuario.cl\/new\/#\/schema\/person\/4e9f74a82a7dac260eb1c44b7eebeb18"},"headline":"Fruticultores de \u00d1uble podr\u00e1n acceder a giras internacionales en innovador proyecto","datePublished":"2025-01-13T13:13:45+00:00","dateModified":"2025-01-14T14:37:41+00:00","mainEntityOfPage":{"@id":"https:\/\/www.mundoagropecuario.cl\/new\/fruticultores-de-nuble-podran-acceder-a-giras-internacionales-en-innovador-proyecto\/"},"wordCount":521,"publisher":{"@id":"https:\/\/www.mundoagropecuario.cl\/new\/#organization"},"image":{"@id":"https:\/\/www.mundoagropecuario.cl\/new\/fruticultores-de-nuble-podran-acceder-a-giras-internacionales-en-innovador-proyecto\/#primaryimage"},"thumbnailUrl":"https:\/\/www.mundoagropecuario.cl\/new\/wp-content\/uploads\/2025\/01\/Plantilla-estandar-mundo-acuicola-96-scaled.jpg","keywords":["Espa\u00f1a","Fruticultura Sustentable","Guatemala","INIA","INIA Quilamapu","Instituto de Investigaciones Agropecuarias","Italia","Regi\u00f3n de \u00d1uble","sector frut\u00edcola","Sustentabilidad"],"articleSection":["Frutas"],"inLanguage":"es"},{"@type":"WebPage","@id":"https:\/\/www.mundoagropecuario.cl\/new\/fruticultores-de-nuble-podran-acceder-a-giras-internacionales-en-innovador-proyecto\/","url":"https:\/\/www.mundoagropecuario.cl\/new\/fruticultores-de-nuble-podran-acceder-a-giras-internacionales-en-innovador-proyecto\/","name":"Fruticultores de \u00d1uble podr\u00e1n acceder a giras internacionales en innovador proyecto - Mundoagropecuario","isPartOf":{"@id":"https:\/\/www.mundoagropecuario.cl\/new\/#website"},"primaryImageOfPage":{"@id":"https:\/\/www.mundoagropecuario.cl\/new\/fruticultores-de-nuble-podran-acceder-a-giras-internacionales-en-innovador-proyecto\/#primaryimage"},"image":{"@id":"https:\/\/www.mundoagropecuario.cl\/new\/fruticultores-de-nuble-podran-acceder-a-giras-internacionales-en-innovador-proyecto\/#primaryimage"},"thumbnailUrl":"https:\/\/www.mundoagropecuario.cl\/new\/wp-content\/uploads\/2025\/01\/Plantilla-estandar-mundo-acuicola-96-scaled.jpg","datePublished":"2025-01-13T13:13:45+00:00","dateModified":"2025-01-14T14:37:41+00:00","description":"La iniciativa apunta a la incorporaci\u00f3n de tres nuevas especies frutales y contempla tambi\u00e9n instancias de capacitaci\u00f3n a productores.","breadcrumb":{"@id":"https:\/\/www.mundoagropecuario.cl\/new\/fruticultores-de-nuble-podran-acceder-a-giras-internacionales-en-innovador-proyecto\/#breadcrumb"},"inLanguage":"es","potentialAction":[{"@type":"ReadAction","target":["https:\/\/www.mundoagropecuario.cl\/new\/fruticultores-de-nuble-podran-acceder-a-giras-internacionales-en-innovador-proyecto\/"]}]},{"@type":"ImageObject","inLanguage":"es","@id":"https:\/\/www.mundoagropecuario.cl\/new\/fruticultores-de-nuble-podran-acceder-a-giras-internacionales-en-innovador-proyecto\/#primaryimage","url":"https:\/\/www.mundoagropecuario.cl\/new\/wp-content\/uploads\/2025\/01\/Plantilla-estandar-mundo-acuicola-96-scaled.jpg","contentUrl":"https:\/\/www.mundoagropecuario.cl\/new\/wp-content\/uploads\/2025\/01\/Plantilla-estandar-mundo-acuicola-96-scaled.jpg","width":720,"height":384},{"@type":"BreadcrumbList","@id":"https:\/\/www.mundoagropecuario.cl\/new\/fruticultores-de-nuble-podran-acceder-a-giras-internacionales-en-innovador-proyecto\/#breadcrumb","itemListElement":[{"@type":"ListItem","position":1,"name":"Portada","item":"https:\/\/www.mundoagropecuario.cl\/new\/"},{"@type":"ListItem","position":2,"name":"Fruticultores de \u00d1uble podr\u00e1n acceder a giras internacionales en innovador proyecto"}]},{"@type":"WebSite","@id":"https:\/\/www.mundoagropecuario.cl\/new\/#website","url":"https:\/\/www.mundoagropecuario.cl\/new\/","name":"Mundoagropecuario","description":"Mundo Agropecuario","publisher":{"@id":"https:\/\/www.mundoagropecuario.cl\/new\/#organization"},"potentialAction":[{"@type":"SearchAction","target":{"@type":"EntryPoint","urlTemplate":"https:\/\/www.mundoagropecuario.cl\/new\/?s={search_term_string}"},"query-input":{"@type":"PropertyValueSpecification","valueRequired":true,"valueName":"search_term_string"}}],"inLanguage":"es"},{"@type":"Organization","@id":"https:\/\/www.mundoagropecuario.cl\/new\/#organization","name":"Revista de Agricultura","url":"https:\/\/www.mundoagropecuario.cl\/new\/","logo":{"@type":"ImageObject","inLanguage":"es","@id":"https:\/\/www.mundoagropecuario.cl\/new\/#\/schema\/logo\/image\/","url":"https:\/\/www.mundoagropecuario.cl\/new\/wp-content\/uploads\/2020\/11\/PORTAL-1-1.png","contentUrl":"https:\/\/www.mundoagropecuario.cl\/new\/wp-content\/uploads\/2020\/11\/PORTAL-1-1.png","width":1026,"height":100,"caption":"Revista de Agricultura"},"image":{"@id":"https:\/\/www.mundoagropecuario.cl\/new\/#\/schema\/logo\/image\/"},"sameAs":["https:\/\/www.facebook.com\/mundo.agropecuario.3","https:\/\/x.com\/MundoAgropecuar","https:\/\/www.linkedin.com\/in\/mundo-agropecuario-934009201\/"]},{"@type":"Person","@id":"https:\/\/www.mundoagropecuario.cl\/new\/#\/schema\/person\/4e9f74a82a7dac260eb1c44b7eebeb18","name":"mundo","url":"https:\/\/www.mundoagropecuario.cl\/new\/author\/mundo\/"}]}},"_links":{"self":[{"href":"https:\/\/www.mundoagropecuario.cl\/new\/wp-json\/wp\/v2\/posts\/26293","targetHints":{"allow":["GET"]}}],"collection":[{"href":"https:\/\/www.mundoagropecuario.cl\/new\/wp-json\/wp\/v2\/posts"}],"about":[{"href":"https:\/\/www.mundoagropecuario.cl\/new\/wp-json\/wp\/v2\/types\/post"}],"author":[{"embeddable":true,"href":"https:\/\/www.mundoagropecuario.cl\/new\/wp-json\/wp\/v2\/users\/2"}],"replies":[{"embeddable":true,"href":"https:\/\/www.mundoagropecuario.cl\/new\/wp-json\/wp\/v2\/comments?post=26293"}],"version-history":[{"count":1,"href":"https:\/\/www.mundoagropecuario.cl\/new\/wp-json\/wp\/v2\/posts\/26293\/revisions"}],"predecessor-version":[{"id":26296,"href":"https:\/\/www.mundoagropecuario.cl\/new\/wp-json\/wp\/v2\/posts\/26293\/revisions\/26296"}],"wp:featuredmedia":[{"embeddable":true,"href":"https:\/\/www.mundoagropecuario.cl\/new\/wp-json\/wp\/v2\/media\/26294"}],"wp:attachment":[{"href":"https:\/\/www.mundoagropecuario.cl\/new\/wp-json\/wp\/v2\/media?parent=26293"}],"wp:term":[{"taxonomy":"category","embeddable":true,"href":"https:\/\/www.mundoagropecuario.cl\/new\/wp-json\/wp\/v2\/categories?post=26293"},{"taxonomy":"post_tag","embeddable":true,"href":"https:\/\/www.mundoagropecuario.cl\/new\/wp-json\/wp\/v2\/tags?post=26293"}],"curies":[{"name":"wp","href":"https:\/\/api.w.org\/{rel}","templated":true}]}}