{"id":26274,"date":"2025-01-10T11:42:30","date_gmt":"2025-01-10T14:42:30","guid":{"rendered":"https:\/\/www.mundoagropecuario.cl\/new\/?p=26274"},"modified":"2025-01-14T11:40:09","modified_gmt":"2025-01-14T14:40:09","slug":"proyecto-busca-reducir-emisiones-ganaderas-con-algas-en-su-dieta","status":"publish","type":"post","link":"https:\/\/www.mundoagropecuario.cl\/new\/proyecto-busca-reducir-emisiones-ganaderas-con-algas-en-su-dieta\/","title":{"rendered":"Proyecto busca reducir emisiones ganaderas con algas en su dieta"},"content":{"rendered":"<div class=\"elementor-element elementor-element-93b441c page-content elementor-widget__width-initial elementor-widget elementor-widget-theme-post-content\" data-id=\"93b441c\" data-element_type=\"widget\" data-widget_type=\"theme-post-content.default\">\n<div class=\"elementor-widget-container\">\n<p>El cambio clim\u00e1tico y el aumento de las emisiones de gases de efecto invernadero (GEI) son una preocupaci\u00f3n mundial en el que la agricultura y la ganader\u00eda juegan un importante rol, especialmente por las emisiones de metano asociadas a los procesos digestivos de los rumiantes. Con el objetivo de reducir estos impactos, diversos estudios han demostrado que incorporar algas marinas en la dieta de los animales puede disminuir la producci\u00f3n de estos gases.<\/p>\n<p><a href=\"https:\/\/www.mundoagropecuario.cl\/new\/wp-content\/uploads\/2025\/01\/Foto-3.png\"><img loading=\"lazy\" decoding=\"async\" class=\"alignleft wp-image-26276 size-large\" src=\"https:\/\/www.mundoagropecuario.cl\/new\/wp-content\/uploads\/2025\/01\/Foto-3-230x400.png\" alt=\"\" width=\"230\" height=\"400\" srcset=\"https:\/\/www.mundoagropecuario.cl\/new\/wp-content\/uploads\/2025\/01\/Foto-3.png 230w, https:\/\/www.mundoagropecuario.cl\/new\/wp-content\/uploads\/2025\/01\/Foto-3-77x133.png 77w\" sizes=\"auto, (max-width: 230px) 100vw, 230px\" \/><\/a>Un innovador proyecto, impulsado por la Fundaci\u00f3n para la Innovaci\u00f3n Agraria (FIA), dependiente del Ministerio de Agricultura, y liderado por la Universidad Santo Tom\u00e1s (UST), busca reducir las emisiones de metano en rumiantes mediante la incorporaci\u00f3n de algas marinas chilenas en su dieta.<\/p>\n<p>Las algas, especialmente las especies rojas y pardas, contienen compuestos halogenados y florotaninos que, al ser incorporados en la dieta de los animales, reducen las emisiones de metano en el rumen. En particular, el bromoformo, que es un compuesto halogenado presente en algunas algas, act\u00faa sobre los microorganismos metanog\u00e9nicos, reduciendo la producci\u00f3n de este gas de forma significativa.<\/p>\n<p>La iniciativa cuenta con la colaboraci\u00f3n de Aproleche Osorno, Agrollanquihue, FuturoCoop y la empresa Seaweed Export Company (SECO), y tiene un plazo de ejecuci\u00f3n estimado de cuatro a\u00f1os.<\/p>\n<p>Francine Brossard, directora ejecutiva de la agencia FIA (Fundaci\u00f3n para la Innovaci\u00f3n Agraria), expres\u00f3 que \u00abeste proyecto refleja el compromiso de FIA con la innovaci\u00f3n y la sostenibilidad del sector silvoagropecuario, integrando las caracter\u00edsticas de productos marinos, como las algas rojas y pardas, en soluciones concretas para mitigar el cambio clim\u00e1tico. Al reducir las emisiones de metano en la ganader\u00eda con el uso de estas algas marinas chilenas, estamos impulsando un modelo productivo m\u00e1s responsable y alineado con los desaf\u00edos ambientales globales.\u00bb<\/p>\n<p>En Chile, se han identificado algas rojas con potencial antimetanog\u00e9nico en la zona norte, desde la regi\u00f3n de Antofagasta hasta la de Valpara\u00edso. Tras dos a\u00f1os de investigaci\u00f3n, los resultados han sido muy prometedores: los ensayos de laboratorio demostraron una reducci\u00f3n de hasta un 99 % en las emisiones de metano. Actualmente, se est\u00e1n llevando a cabo pruebas en vacas lecheras para evaluar el comportamiento de consumo de estas combinaciones de algas, con resultados iniciales positivos.<\/p>\n<h3>Equipo de investigaci\u00f3n<\/h3>\n<p>El equipo de investigaci\u00f3n del proyecto, encabezado por las m\u00e9dicas veterinarias e investigadoras de la UST Mar\u00eda Paz Mar\u00edn y Pabla Morales, junto al ingeniero Jorge Mu\u00f1oz y la Dra. Marcela \u00c1vila, bi\u00f3loga marina y directora del Centro de Investigaci\u00f3n CAPIA de la UST, se muestra optimista respecto al potencial de esta iniciativa para promover la sostenibilidad del sector ganadero y contribuir a la mitigaci\u00f3n del cambio clim\u00e1tico.<\/p>\n<p><a href=\"https:\/\/www.mundoagropecuario.cl\/new\/wp-content\/uploads\/2025\/01\/Foto-2-scaled.jpg\"><img loading=\"lazy\" decoding=\"async\" class=\"alignright wp-image-26277 size-large\" src=\"https:\/\/www.mundoagropecuario.cl\/new\/wp-content\/uploads\/2025\/01\/Foto-2-533x400.jpg\" alt=\"\" width=\"533\" height=\"400\" srcset=\"https:\/\/www.mundoagropecuario.cl\/new\/wp-content\/uploads\/2025\/01\/Foto-2-scaled.jpg 533w, https:\/\/www.mundoagropecuario.cl\/new\/wp-content\/uploads\/2025\/01\/Foto-2-177x133.jpg 177w, https:\/\/www.mundoagropecuario.cl\/new\/wp-content\/uploads\/2025\/01\/Foto-2-768x576.jpg 768w\" sizes=\"auto, (max-width: 533px) 100vw, 533px\" \/><\/a>La Dra. \u00c1vila se\u00f1ala que \u00abChile tiene un tremendo potencial de estudio en macroalgas, con unas 400 especies de algas bent\u00f3nicas, de las cuales solo 14 se utilizan comercialmente. Este proyecto abre la posibilidad de desarrollar un cultivo sostenible de algas para reducir la emisi\u00f3n de metano, beneficiando tanto al sector ganadero como al medio ambiente\u00bb.<\/p>\n<h3>Sostenibilidad pa\u00eds<\/h3>\n<p>Por su parte, Marcos Winkler, presidente de Fedeleche y Aproleche Osorno, destac\u00f3 que la iniciativa tiene como objetivo no solo reducir las emisiones de metano, sino tambi\u00e9n demostrar que los lecheros pueden desempe\u00f1ar un papel activo en la reducci\u00f3n de estas emisiones y la captura de carbono, contribuyendo a la sostenibilidad del pa\u00eds.<\/p>\n<p>El proyecto re\u00fane a organismos p\u00fablicos y privados, fomentando la colaboraci\u00f3n entre academia y sector productivo por la sostenibilidad y la salud del planeta, al que recientemente, se incorpor\u00f3 el Instituto de Investigaci\u00f3n Agropecuaria INIA Remehue, con el Dr. Ignacio Beltr\u00e1n, quien investiga el uso de algas marinas en la dieta de rumiantes, complementando esta iniciativa.<\/p>\n<\/div>\n<\/div>\n<div class=\"elementor-element elementor-element-4f0e6f0 elementor-widget__width-initial elementor-widget elementor-widget-tags-fusiona\" data-id=\"4f0e6f0\" data-element_type=\"widget\" data-widget_type=\"tags-fusiona.default\">\n<div class=\"elementor-widget-container\"><\/div>\n<\/div>\n","protected":false},"excerpt":{"rendered":"<p>La iniciativa busca reducir las emisiones de metano de rumiantes con este suplemento en su alimentaci\u00f3n proveniente de las costas chilenas.<\/p>\n","protected":false},"author":2,"featured_media":26275,"comment_status":"closed","ping_status":"closed","sticky":false,"template":"","format":"standard","meta":{"footnotes":""},"categories":[1945],"tags":[3090,2126,542,6253,2124,2514,2414,9586,761],"class_list":["post-26274","post","type-post","status-publish","format-standard","has-post-thumbnail","hentry","category-agricultura","tag-agrollanquihue","tag-aproleche-osorno","tag-cambio-climatico","tag-emisiones-de-metano","tag-fia","tag-fundacion-para-la-innovacion-agraria","tag-futurocoop","tag-seaweed-export-company","tag-universidad-santo-tomas"],"yoast_head":"<!-- This site is optimized with the Yoast SEO plugin v26.6 - https:\/\/yoast.com\/wordpress\/plugins\/seo\/ -->\n<title>Proyecto busca reducir emisiones ganaderas con algas en su dieta - Mundoagropecuario<\/title>\n<meta name=\"description\" content=\"La iniciativa busca reducir las emisiones de metano de rumiantes con este suplemento en su alimentaci\u00f3n proveniente de las costas chilenas.\" \/>\n<meta name=\"robots\" content=\"index, follow, max-snippet:-1, max-image-preview:large, max-video-preview:-1\" \/>\n<link rel=\"canonical\" href=\"https:\/\/www.mundoagropecuario.cl\/new\/proyecto-busca-reducir-emisiones-ganaderas-con-algas-en-su-dieta\/\" \/>\n<meta property=\"og:locale\" content=\"es_ES\" \/>\n<meta property=\"og:type\" content=\"article\" \/>\n<meta property=\"og:title\" content=\"Proyecto busca reducir emisiones ganaderas con algas en su dieta - Mundoagropecuario\" \/>\n<meta property=\"og:description\" content=\"La iniciativa busca reducir las emisiones de metano de rumiantes con este suplemento en su alimentaci\u00f3n proveniente de las costas chilenas.\" \/>\n<meta property=\"og:url\" content=\"https:\/\/www.mundoagropecuario.cl\/new\/proyecto-busca-reducir-emisiones-ganaderas-con-algas-en-su-dieta\/\" \/>\n<meta property=\"og:site_name\" content=\"Mundoagropecuario\" \/>\n<meta property=\"article:publisher\" content=\"https:\/\/www.facebook.com\/mundo.agropecuario.3\" \/>\n<meta property=\"article:published_time\" content=\"2025-01-10T14:42:30+00:00\" \/>\n<meta property=\"article:modified_time\" content=\"2025-01-14T14:40:09+00:00\" \/>\n<meta property=\"og:image\" content=\"https:\/\/www.mundoagropecuario.cl\/new\/wp-content\/uploads\/2025\/01\/Plantilla-estandar-mundo-acuicola-90-scaled.jpg\" \/>\n\t<meta property=\"og:image:width\" content=\"720\" \/>\n\t<meta property=\"og:image:height\" content=\"384\" \/>\n\t<meta property=\"og:image:type\" content=\"image\/jpeg\" \/>\n<meta name=\"author\" content=\"mundo\" \/>\n<meta name=\"twitter:card\" content=\"summary_large_image\" \/>\n<meta name=\"twitter:creator\" content=\"@MundoAgropecuar\" \/>\n<meta name=\"twitter:site\" content=\"@MundoAgropecuar\" \/>\n<meta name=\"twitter:label1\" content=\"Escrito por\" \/>\n\t<meta name=\"twitter:data1\" content=\"mundo\" \/>\n\t<meta name=\"twitter:label2\" content=\"Tiempo de lectura\" \/>\n\t<meta name=\"twitter:data2\" content=\"4 minutos\" \/>\n<script type=\"application\/ld+json\" class=\"yoast-schema-graph\">{\"@context\":\"https:\/\/schema.org\",\"@graph\":[{\"@type\":\"Article\",\"@id\":\"https:\/\/www.mundoagropecuario.cl\/new\/proyecto-busca-reducir-emisiones-ganaderas-con-algas-en-su-dieta\/#article\",\"isPartOf\":{\"@id\":\"https:\/\/www.mundoagropecuario.cl\/new\/proyecto-busca-reducir-emisiones-ganaderas-con-algas-en-su-dieta\/\"},\"author\":{\"name\":\"mundo\",\"@id\":\"https:\/\/www.mundoagropecuario.cl\/new\/#\/schema\/person\/4e9f74a82a7dac260eb1c44b7eebeb18\"},\"headline\":\"Proyecto busca reducir emisiones ganaderas con algas en su dieta\",\"datePublished\":\"2025-01-10T14:42:30+00:00\",\"dateModified\":\"2025-01-14T14:40:09+00:00\",\"mainEntityOfPage\":{\"@id\":\"https:\/\/www.mundoagropecuario.cl\/new\/proyecto-busca-reducir-emisiones-ganaderas-con-algas-en-su-dieta\/\"},\"wordCount\":656,\"publisher\":{\"@id\":\"https:\/\/www.mundoagropecuario.cl\/new\/#organization\"},\"image\":{\"@id\":\"https:\/\/www.mundoagropecuario.cl\/new\/proyecto-busca-reducir-emisiones-ganaderas-con-algas-en-su-dieta\/#primaryimage\"},\"thumbnailUrl\":\"https:\/\/www.mundoagropecuario.cl\/new\/wp-content\/uploads\/2025\/01\/Plantilla-estandar-mundo-acuicola-90-scaled.jpg\",\"keywords\":[\"Agrollanquihue\",\"Aproleche Osorno\",\"Cambio clim\u00e1tico\",\"emisiones de metano\",\"FIA\",\"Fundaci\u00f3n para la Innovaci\u00f3n Agraria\",\"Futurocoop\",\"Seaweed Export Company\",\"Universidad Santo Tom\u00e1s\"],\"articleSection\":[\"Agricultura\"],\"inLanguage\":\"es\"},{\"@type\":\"WebPage\",\"@id\":\"https:\/\/www.mundoagropecuario.cl\/new\/proyecto-busca-reducir-emisiones-ganaderas-con-algas-en-su-dieta\/\",\"url\":\"https:\/\/www.mundoagropecuario.cl\/new\/proyecto-busca-reducir-emisiones-ganaderas-con-algas-en-su-dieta\/\",\"name\":\"Proyecto busca reducir emisiones ganaderas con algas en su dieta - Mundoagropecuario\",\"isPartOf\":{\"@id\":\"https:\/\/www.mundoagropecuario.cl\/new\/#website\"},\"primaryImageOfPage\":{\"@id\":\"https:\/\/www.mundoagropecuario.cl\/new\/proyecto-busca-reducir-emisiones-ganaderas-con-algas-en-su-dieta\/#primaryimage\"},\"image\":{\"@id\":\"https:\/\/www.mundoagropecuario.cl\/new\/proyecto-busca-reducir-emisiones-ganaderas-con-algas-en-su-dieta\/#primaryimage\"},\"thumbnailUrl\":\"https:\/\/www.mundoagropecuario.cl\/new\/wp-content\/uploads\/2025\/01\/Plantilla-estandar-mundo-acuicola-90-scaled.jpg\",\"datePublished\":\"2025-01-10T14:42:30+00:00\",\"dateModified\":\"2025-01-14T14:40:09+00:00\",\"description\":\"La iniciativa busca reducir las emisiones de metano de rumiantes con este suplemento en su alimentaci\u00f3n proveniente de las costas chilenas.\",\"breadcrumb\":{\"@id\":\"https:\/\/www.mundoagropecuario.cl\/new\/proyecto-busca-reducir-emisiones-ganaderas-con-algas-en-su-dieta\/#breadcrumb\"},\"inLanguage\":\"es\",\"potentialAction\":[{\"@type\":\"ReadAction\",\"target\":[\"https:\/\/www.mundoagropecuario.cl\/new\/proyecto-busca-reducir-emisiones-ganaderas-con-algas-en-su-dieta\/\"]}]},{\"@type\":\"ImageObject\",\"inLanguage\":\"es\",\"@id\":\"https:\/\/www.mundoagropecuario.cl\/new\/proyecto-busca-reducir-emisiones-ganaderas-con-algas-en-su-dieta\/#primaryimage\",\"url\":\"https:\/\/www.mundoagropecuario.cl\/new\/wp-content\/uploads\/2025\/01\/Plantilla-estandar-mundo-acuicola-90-scaled.jpg\",\"contentUrl\":\"https:\/\/www.mundoagropecuario.cl\/new\/wp-content\/uploads\/2025\/01\/Plantilla-estandar-mundo-acuicola-90-scaled.jpg\",\"width\":720,\"height\":384},{\"@type\":\"BreadcrumbList\",\"@id\":\"https:\/\/www.mundoagropecuario.cl\/new\/proyecto-busca-reducir-emisiones-ganaderas-con-algas-en-su-dieta\/#breadcrumb\",\"itemListElement\":[{\"@type\":\"ListItem\",\"position\":1,\"name\":\"Portada\",\"item\":\"https:\/\/www.mundoagropecuario.cl\/new\/\"},{\"@type\":\"ListItem\",\"position\":2,\"name\":\"Proyecto busca reducir emisiones ganaderas con algas en su dieta\"}]},{\"@type\":\"WebSite\",\"@id\":\"https:\/\/www.mundoagropecuario.cl\/new\/#website\",\"url\":\"https:\/\/www.mundoagropecuario.cl\/new\/\",\"name\":\"Mundoagropecuario\",\"description\":\"Mundo Agropecuario\",\"publisher\":{\"@id\":\"https:\/\/www.mundoagropecuario.cl\/new\/#organization\"},\"potentialAction\":[{\"@type\":\"SearchAction\",\"target\":{\"@type\":\"EntryPoint\",\"urlTemplate\":\"https:\/\/www.mundoagropecuario.cl\/new\/?s={search_term_string}\"},\"query-input\":{\"@type\":\"PropertyValueSpecification\",\"valueRequired\":true,\"valueName\":\"search_term_string\"}}],\"inLanguage\":\"es\"},{\"@type\":\"Organization\",\"@id\":\"https:\/\/www.mundoagropecuario.cl\/new\/#organization\",\"name\":\"Revista de Agricultura\",\"url\":\"https:\/\/www.mundoagropecuario.cl\/new\/\",\"logo\":{\"@type\":\"ImageObject\",\"inLanguage\":\"es\",\"@id\":\"https:\/\/www.mundoagropecuario.cl\/new\/#\/schema\/logo\/image\/\",\"url\":\"https:\/\/www.mundoagropecuario.cl\/new\/wp-content\/uploads\/2020\/11\/PORTAL-1-1.png\",\"contentUrl\":\"https:\/\/www.mundoagropecuario.cl\/new\/wp-content\/uploads\/2020\/11\/PORTAL-1-1.png\",\"width\":1026,\"height\":100,\"caption\":\"Revista de Agricultura\"},\"image\":{\"@id\":\"https:\/\/www.mundoagropecuario.cl\/new\/#\/schema\/logo\/image\/\"},\"sameAs\":[\"https:\/\/www.facebook.com\/mundo.agropecuario.3\",\"https:\/\/x.com\/MundoAgropecuar\",\"https:\/\/www.linkedin.com\/in\/mundo-agropecuario-934009201\/\"]},{\"@type\":\"Person\",\"@id\":\"https:\/\/www.mundoagropecuario.cl\/new\/#\/schema\/person\/4e9f74a82a7dac260eb1c44b7eebeb18\",\"name\":\"mundo\",\"url\":\"https:\/\/www.mundoagropecuario.cl\/new\/author\/mundo\/\"}]}<\/script>\n<!-- \/ Yoast SEO plugin. -->","yoast_head_json":{"title":"Proyecto busca reducir emisiones ganaderas con algas en su dieta - Mundoagropecuario","description":"La iniciativa busca reducir las emisiones de metano de rumiantes con este suplemento en su alimentaci\u00f3n proveniente de las costas chilenas.","robots":{"index":"index","follow":"follow","max-snippet":"max-snippet:-1","max-image-preview":"max-image-preview:large","max-video-preview":"max-video-preview:-1"},"canonical":"https:\/\/www.mundoagropecuario.cl\/new\/proyecto-busca-reducir-emisiones-ganaderas-con-algas-en-su-dieta\/","og_locale":"es_ES","og_type":"article","og_title":"Proyecto busca reducir emisiones ganaderas con algas en su dieta - Mundoagropecuario","og_description":"La iniciativa busca reducir las emisiones de metano de rumiantes con este suplemento en su alimentaci\u00f3n proveniente de las costas chilenas.","og_url":"https:\/\/www.mundoagropecuario.cl\/new\/proyecto-busca-reducir-emisiones-ganaderas-con-algas-en-su-dieta\/","og_site_name":"Mundoagropecuario","article_publisher":"https:\/\/www.facebook.com\/mundo.agropecuario.3","article_published_time":"2025-01-10T14:42:30+00:00","article_modified_time":"2025-01-14T14:40:09+00:00","og_image":[{"width":720,"height":384,"url":"https:\/\/www.mundoagropecuario.cl\/new\/wp-content\/uploads\/2025\/01\/Plantilla-estandar-mundo-acuicola-90-scaled.jpg","type":"image\/jpeg"}],"author":"mundo","twitter_card":"summary_large_image","twitter_creator":"@MundoAgropecuar","twitter_site":"@MundoAgropecuar","twitter_misc":{"Escrito por":"mundo","Tiempo de lectura":"4 minutos"},"schema":{"@context":"https:\/\/schema.org","@graph":[{"@type":"Article","@id":"https:\/\/www.mundoagropecuario.cl\/new\/proyecto-busca-reducir-emisiones-ganaderas-con-algas-en-su-dieta\/#article","isPartOf":{"@id":"https:\/\/www.mundoagropecuario.cl\/new\/proyecto-busca-reducir-emisiones-ganaderas-con-algas-en-su-dieta\/"},"author":{"name":"mundo","@id":"https:\/\/www.mundoagropecuario.cl\/new\/#\/schema\/person\/4e9f74a82a7dac260eb1c44b7eebeb18"},"headline":"Proyecto busca reducir emisiones ganaderas con algas en su dieta","datePublished":"2025-01-10T14:42:30+00:00","dateModified":"2025-01-14T14:40:09+00:00","mainEntityOfPage":{"@id":"https:\/\/www.mundoagropecuario.cl\/new\/proyecto-busca-reducir-emisiones-ganaderas-con-algas-en-su-dieta\/"},"wordCount":656,"publisher":{"@id":"https:\/\/www.mundoagropecuario.cl\/new\/#organization"},"image":{"@id":"https:\/\/www.mundoagropecuario.cl\/new\/proyecto-busca-reducir-emisiones-ganaderas-con-algas-en-su-dieta\/#primaryimage"},"thumbnailUrl":"https:\/\/www.mundoagropecuario.cl\/new\/wp-content\/uploads\/2025\/01\/Plantilla-estandar-mundo-acuicola-90-scaled.jpg","keywords":["Agrollanquihue","Aproleche Osorno","Cambio clim\u00e1tico","emisiones de metano","FIA","Fundaci\u00f3n para la Innovaci\u00f3n Agraria","Futurocoop","Seaweed Export Company","Universidad Santo Tom\u00e1s"],"articleSection":["Agricultura"],"inLanguage":"es"},{"@type":"WebPage","@id":"https:\/\/www.mundoagropecuario.cl\/new\/proyecto-busca-reducir-emisiones-ganaderas-con-algas-en-su-dieta\/","url":"https:\/\/www.mundoagropecuario.cl\/new\/proyecto-busca-reducir-emisiones-ganaderas-con-algas-en-su-dieta\/","name":"Proyecto busca reducir emisiones ganaderas con algas en su dieta - Mundoagropecuario","isPartOf":{"@id":"https:\/\/www.mundoagropecuario.cl\/new\/#website"},"primaryImageOfPage":{"@id":"https:\/\/www.mundoagropecuario.cl\/new\/proyecto-busca-reducir-emisiones-ganaderas-con-algas-en-su-dieta\/#primaryimage"},"image":{"@id":"https:\/\/www.mundoagropecuario.cl\/new\/proyecto-busca-reducir-emisiones-ganaderas-con-algas-en-su-dieta\/#primaryimage"},"thumbnailUrl":"https:\/\/www.mundoagropecuario.cl\/new\/wp-content\/uploads\/2025\/01\/Plantilla-estandar-mundo-acuicola-90-scaled.jpg","datePublished":"2025-01-10T14:42:30+00:00","dateModified":"2025-01-14T14:40:09+00:00","description":"La iniciativa busca reducir las emisiones de metano de rumiantes con este suplemento en su alimentaci\u00f3n proveniente de las costas chilenas.","breadcrumb":{"@id":"https:\/\/www.mundoagropecuario.cl\/new\/proyecto-busca-reducir-emisiones-ganaderas-con-algas-en-su-dieta\/#breadcrumb"},"inLanguage":"es","potentialAction":[{"@type":"ReadAction","target":["https:\/\/www.mundoagropecuario.cl\/new\/proyecto-busca-reducir-emisiones-ganaderas-con-algas-en-su-dieta\/"]}]},{"@type":"ImageObject","inLanguage":"es","@id":"https:\/\/www.mundoagropecuario.cl\/new\/proyecto-busca-reducir-emisiones-ganaderas-con-algas-en-su-dieta\/#primaryimage","url":"https:\/\/www.mundoagropecuario.cl\/new\/wp-content\/uploads\/2025\/01\/Plantilla-estandar-mundo-acuicola-90-scaled.jpg","contentUrl":"https:\/\/www.mundoagropecuario.cl\/new\/wp-content\/uploads\/2025\/01\/Plantilla-estandar-mundo-acuicola-90-scaled.jpg","width":720,"height":384},{"@type":"BreadcrumbList","@id":"https:\/\/www.mundoagropecuario.cl\/new\/proyecto-busca-reducir-emisiones-ganaderas-con-algas-en-su-dieta\/#breadcrumb","itemListElement":[{"@type":"ListItem","position":1,"name":"Portada","item":"https:\/\/www.mundoagropecuario.cl\/new\/"},{"@type":"ListItem","position":2,"name":"Proyecto busca reducir emisiones ganaderas con algas en su dieta"}]},{"@type":"WebSite","@id":"https:\/\/www.mundoagropecuario.cl\/new\/#website","url":"https:\/\/www.mundoagropecuario.cl\/new\/","name":"Mundoagropecuario","description":"Mundo Agropecuario","publisher":{"@id":"https:\/\/www.mundoagropecuario.cl\/new\/#organization"},"potentialAction":[{"@type":"SearchAction","target":{"@type":"EntryPoint","urlTemplate":"https:\/\/www.mundoagropecuario.cl\/new\/?s={search_term_string}"},"query-input":{"@type":"PropertyValueSpecification","valueRequired":true,"valueName":"search_term_string"}}],"inLanguage":"es"},{"@type":"Organization","@id":"https:\/\/www.mundoagropecuario.cl\/new\/#organization","name":"Revista de Agricultura","url":"https:\/\/www.mundoagropecuario.cl\/new\/","logo":{"@type":"ImageObject","inLanguage":"es","@id":"https:\/\/www.mundoagropecuario.cl\/new\/#\/schema\/logo\/image\/","url":"https:\/\/www.mundoagropecuario.cl\/new\/wp-content\/uploads\/2020\/11\/PORTAL-1-1.png","contentUrl":"https:\/\/www.mundoagropecuario.cl\/new\/wp-content\/uploads\/2020\/11\/PORTAL-1-1.png","width":1026,"height":100,"caption":"Revista de Agricultura"},"image":{"@id":"https:\/\/www.mundoagropecuario.cl\/new\/#\/schema\/logo\/image\/"},"sameAs":["https:\/\/www.facebook.com\/mundo.agropecuario.3","https:\/\/x.com\/MundoAgropecuar","https:\/\/www.linkedin.com\/in\/mundo-agropecuario-934009201\/"]},{"@type":"Person","@id":"https:\/\/www.mundoagropecuario.cl\/new\/#\/schema\/person\/4e9f74a82a7dac260eb1c44b7eebeb18","name":"mundo","url":"https:\/\/www.mundoagropecuario.cl\/new\/author\/mundo\/"}]}},"_links":{"self":[{"href":"https:\/\/www.mundoagropecuario.cl\/new\/wp-json\/wp\/v2\/posts\/26274","targetHints":{"allow":["GET"]}}],"collection":[{"href":"https:\/\/www.mundoagropecuario.cl\/new\/wp-json\/wp\/v2\/posts"}],"about":[{"href":"https:\/\/www.mundoagropecuario.cl\/new\/wp-json\/wp\/v2\/types\/post"}],"author":[{"embeddable":true,"href":"https:\/\/www.mundoagropecuario.cl\/new\/wp-json\/wp\/v2\/users\/2"}],"replies":[{"embeddable":true,"href":"https:\/\/www.mundoagropecuario.cl\/new\/wp-json\/wp\/v2\/comments?post=26274"}],"version-history":[{"count":1,"href":"https:\/\/www.mundoagropecuario.cl\/new\/wp-json\/wp\/v2\/posts\/26274\/revisions"}],"predecessor-version":[{"id":26278,"href":"https:\/\/www.mundoagropecuario.cl\/new\/wp-json\/wp\/v2\/posts\/26274\/revisions\/26278"}],"wp:featuredmedia":[{"embeddable":true,"href":"https:\/\/www.mundoagropecuario.cl\/new\/wp-json\/wp\/v2\/media\/26275"}],"wp:attachment":[{"href":"https:\/\/www.mundoagropecuario.cl\/new\/wp-json\/wp\/v2\/media?parent=26274"}],"wp:term":[{"taxonomy":"category","embeddable":true,"href":"https:\/\/www.mundoagropecuario.cl\/new\/wp-json\/wp\/v2\/categories?post=26274"},{"taxonomy":"post_tag","embeddable":true,"href":"https:\/\/www.mundoagropecuario.cl\/new\/wp-json\/wp\/v2\/tags?post=26274"}],"curies":[{"name":"wp","href":"https:\/\/api.w.org\/{rel}","templated":true}]}}