{"id":26230,"date":"2025-01-07T13:33:55","date_gmt":"2025-01-07T16:33:55","guid":{"rendered":"https:\/\/www.mundoagropecuario.cl\/new\/?p=26230"},"modified":"2025-01-09T14:14:25","modified_gmt":"2025-01-09T17:14:25","slug":"polo-agroecologico-en-nuble-innovacion-y-sustentabilidad-en-chile","status":"publish","type":"post","link":"https:\/\/www.mundoagropecuario.cl\/new\/polo-agroecologico-en-nuble-innovacion-y-sustentabilidad-en-chile\/","title":{"rendered":"Polo agroecol\u00f3gico en \u00d1uble: innovaci\u00f3n y sustentabilidad en Chile"},"content":{"rendered":"<p>La Universidad de Concepci\u00f3n junto a la Fundaci\u00f3n para la Innovaci\u00f3n Agraria (FIA), agencia del Ministerio de Agricultura, dieron el puntapi\u00e9 inicial al proyecto \u00abImplementaci\u00f3n de un Polo de Desarrollo e Innovaci\u00f3n Agroecol\u00f3gico para la Regi\u00f3n de \u00d1uble\u201d.<\/p>\n<p>Este proyecto pionero en Chile, es liderado por la Facultad de Ingenier\u00eda Agr\u00edcola UdeC y cofinanciado por FIA, bajo una l\u00f3gica de cl\u00faster, integrando a la academia, empresas, instituciones p\u00fablicas y a la comunidad, inspirada en el modelo franc\u00e9s de polos de competitividad. El proyecto se extender\u00e1 por tres a\u00f1os en una primera etapa y busca avanzar hacia una producci\u00f3n sustentable, competitiva y rentable en el territorio, que sea capaz de enfrentar los desaf\u00edos del cambio clim\u00e1tico, el aumento de la poblaci\u00f3n mundial y la seguridad y soberan\u00eda alimentaria.<\/p>\n<p>El hito de lanzamiento se desarroll\u00f3, primero, en el Campus Chill\u00e1n de la Universidad de Concepci\u00f3n, con la presentaci\u00f3n \u201cExperiencia polos de competitividad en Francia, potencial de desarrollo para el Polo de Innovaci\u00f3n Agroecol\u00f3gico de \u00d1uble\u201d, organizada en colaboraci\u00f3n con Valle de Vegepolys, en la que se analizaron el modelo de gobernanza y el funcionamiento de los polos de competitividad en Francia.<\/p>\n<h3>Experiencia internacional<\/h3>\n<p>En su presentaci\u00f3n, la gerenta internacional de Valle de Vegepolys, Claudia de Oliveira Ramos; destac\u00f3 que los nodos de competitividad en Francia son cofinanciados en un 50% por el estado, y que est\u00e1n sujetos a la evaluaci\u00f3n peri\u00f3dica de sus resultados. En cuanto a la gobernanza, precis\u00f3 que cuentan con un Comit\u00e9 integrado por representantes del sector privado del cl\u00faster, por la comunidad de investigaci\u00f3n y educaci\u00f3n superior y por los institutos t\u00e9cnicos nacionales.<\/p>\n<p>Posteriormente, en el predio de la UdeC ubicado en Santa Teresa de Gaona, San Carlos, vitrina tecnol\u00f3gica de la Facultad de Ingenier\u00eda Agr\u00edcola UdeC, se descubri\u00f3 una placa para inaugurar oficialmente el proyecto. Este espacio de 30 hect\u00e1reas ser\u00e1 el centro de actividades productivas, investigaciones agroecol\u00f3gicas y encuentros con las y los productores agr\u00edcolas regionales, fortaleciendo la vinculaci\u00f3n comunitaria e internacional.<\/p>\n<p>Seg\u00fan describi\u00f3 la coordinadora principal del proyecto, Dra. Mar\u00eda Eugenia Gonz\u00e1lez, el Polo se basa en un modelo de gobernanza participativo, integrando a productores y productoras, a la Asociaci\u00f3n de Agricultores de \u00d1uble, empresas (AgriChile, Verde Campo y Copefrut), instituciones p\u00fablicas (Gobierno Regional, FIA, Instituto Forestal, Indap, INIA y SAG); entidades educativas (Centro de Educaci\u00f3n y Tecnolog\u00eda y SNA Educa); y acad\u00e9micos y acad\u00e9micas de las facultades de Ingenier\u00eda Agr\u00edcola, Agronom\u00eda y Ciencias Veterinarias de la Universidad de Concepci\u00f3n.<\/p>\n<p>\u201cBuscamos implementar un Polo de innovaci\u00f3n agroecol\u00f3gico en la regi\u00f3n de \u00d1uble para facilitar la adopci\u00f3n de paquetes tecnol\u00f3gicos a nivel predial y promover el desarrollo de sistemas alimentarios sostenibles en el territorio\u201d, expuso.<\/p>\n<p>La presentaci\u00f3n cont\u00f3 con la participaci\u00f3n del ministro de Agricultura, Esteban Valenzuela Van Treek; y la titular de Medio Ambiente, Mar\u00eda Helo\u00edsa Rojas Corradi junto a autoridades de la Universidad de Concepci\u00f3n encabezados por el Director General del Campus Chill\u00e1n, Dr. Pedro Rojas Garc\u00eda; el Director de Desarrollo e Innovaci\u00f3n, Jorge Carpinelli Pavisich; la Decana de Ingenier\u00eda Agr\u00edcola, Dra. Mar\u00eda Eugenia Gonz\u00e1lez Rodr\u00edguez; el Decano de Agronom\u00eda, Guillermo Wells Moncada y la Directora Ejecutiva de la Fundaci\u00f3n para la Innovaci\u00f3n Agraria (FIA) Francine Brossard Leiva.<\/p>\n<h3>Pr\u00e1cticas agroecol\u00f3gicas avanzadas<\/h3>\n<p>En la actividad participaron adem\u00e1s autoridades de servicios del agro y regionales; la Directora ejecutiva de INIA, Dra. Iris Lobos Ortega; la Subdirectora ejecutiva del Infor, Marta Gonz\u00e1lez Ortega; la gerenta internacional de Valle de Vegepolys, Claudia de Oliveira Ramos; la coordinadora de I+d de AgriChile, Mar\u00eda Jos\u00e9 Lisperguer Fern\u00e1ndez; el Gerente de Verde Campo, Felipe Vera Torres; la subgerente de Innovaci\u00f3n y Sostenibilidad de Copefrut, Carolina Prado Berr\u00edos; el Vicepresidente de la Asociaci\u00f3n de Agricultores de \u00d1uble, Carlos Smith Croxatto; la presidenta del GTT Cerezas de \u00d1uble, Elena Y\u00e1\u00f1ez Cofr\u00e9; el Director nacional de Producci\u00f3n SNA Educa, Dr. Felipe de la Hoz Mardones; el presidente de la Junta de Vigilancia del R\u00edo \u00d1uble, Fernando Rueda Mu\u00f1oz; el Director regional de INIA, Dr. Javier Chilian Pizarro; y los seremis de Agricultura y Medioambiente de \u00d1uble, Antonio Arriagada Vallejos y Mario Rivas Pe\u00f1a, respectivamente.<\/p>\n<p>El proyecto busca implementar pr\u00e1cticas agroecol\u00f3gicas avanzadas, como, por ejemplo, el uso de biochar, un sustrato de carbono de alta estabilidad que mejora la adhesi\u00f3n de nutrientes, la retenci\u00f3n de agua y la actividad microbiana en los suelos y promueve la captura de carbono contribuyendo a la mitigaci\u00f3n del cambio clim\u00e1tico.<\/p>\n<p>Adem\u00e1s, considera la transferencia de conocimientos a trav\u00e9s de: capacitaci\u00f3n a extensionistas, recorridos educativos en el predio Santa Teresa de Gaona, el establecimiento de unidades sat\u00e9lites y el trabajo con tres liceos agr\u00edcolas de la regi\u00f3n.<\/p>\n<p>La Dra. Mar\u00eda Eugenia Gonz\u00e1lez, detall\u00f3 que, en el predio de Santa Teresa de Gaona se implementar\u00e1 un modelo de trabajo colaborativo con el sector privado que incluir\u00e1, en distintas etapas, cultivos de cerezos, avellanos europeos, ar\u00e1ndanos, frambuesas, frutillas y hortalizas, as\u00ed como tambi\u00e9n flora nativa y ganado ovino, entre otros rubros. Igualmente, esta vitrina contar\u00e1 con un sendero educativo y recreativo orientado a la comunidad para educar en la obtenci\u00f3n de alimentos de calidad, sanos y nutritivos cuidando la integridad de los recursos naturales.<\/p>\n<p>Este proyecto tambi\u00e9n se enmarca en el Consorcio Tecnol\u00f3gico del Agua, iniciativa de Corfo liderada por la Facultad de Ingenier\u00eda Agr\u00edcola, \u201cdonde hemos comprometido en este Polo generar actividades de capacitaci\u00f3n, pilotaje y demostraci\u00f3n de tecnolog\u00eda asociada al manejo eficiente de los recursos h\u00eddricos a nivel predial\u201d, explic\u00f3.<\/p>\n<h3>Potencial de \u00d1uble<\/h3>\n<p>Seg\u00fan contextualiz\u00f3 Francine Brossard, promotora de esta iniciativa, la propuesta naci\u00f3 a partir de un encuentro entre el ministro Valenzuela y su hom\u00f3logo franc\u00e9s, en 2022, tras el cual se concret\u00f3 la visita, en enero del siguiente a\u00f1o, de una delegaci\u00f3n chilena a Angers, donde representantes de la Universidad de Concepci\u00f3n, de las y los agricultores de \u00d1uble y del Ministerio de Agricultura y sus servicios, conocieron in situ la experiencia de Vegepolys Valley, polo que integra m\u00e1s de 600 actores, incluyendo empresas, instituciones de investigaci\u00f3n y centros de formaci\u00f3n, de toda la cadena de valor agr\u00edcola, desde la gen\u00e9tica hasta la comercializaci\u00f3n, con enfoque en la sostenibilidad y la tecnolog\u00eda.<\/p>\n<p>\u201cEstoy muy orgullosa de estar hoy lanzando este proyecto que va a estar coordinado por la Universidad de Concepci\u00f3n, pero tambi\u00e9n va a tener una gobernanza con las empresas, con la academia, con el Gobierno Regional y con el Ministerio de Agricultura, para darle solidez a este polo y que sea un ejemplo para los futuros polos que puedan existir en Chile\u201d, afirm\u00f3 la Directora de FIA.<\/p>\n<p>Por su parte, el ministro Esteban Valenzuela subray\u00f3 la importancia de promover los sistemas agroalimentarios sostenibles y de incrementar la inversi\u00f3n en investigaci\u00f3n y desarrollo. Asimismo, hizo hincapi\u00e9 en las potencialidades de la regi\u00f3n de \u00d1uble: \u201chay tres regiones que son los motores de la agricultura en su diversidad, o sea, que tienen fruta, productos con valor agregado, tradici\u00f3n culinaria, ganader\u00eda, queso, bosque, tienen todo; esas regiones son O\u2019Higgins, Maule y \u00d1uble. Y, por tanto, este consorcio viene a aportar a dicho crecimiento y dinamismo, pero, a su vez, como es una regi\u00f3n que tiene mucha tierra que est\u00e1, entre comillas, en barbecho, esperando buenas pr\u00e1cticas, puede tambi\u00e9n \u00d1uble ser ejemplo de la agricultura de sello verde chilena, con sustentabilidad, y como lo quiere la Facultad de Ingenier\u00eda Agr\u00edcola de la UdeC, como un polo agroecol\u00f3gico muy significativo (\u2026) Creo que esto es una gran noticia para \u00d1uble, para la Universidad y para Chile\u201d.<\/p>\n<h3>Ciudadan\u00eda comprometida<\/h3>\n<p><img loading=\"lazy\" decoding=\"async\" class=\"alignright\" src=\"https:\/\/noticias.udec.cl\/wp-content\/uploads\/2025\/01\/Autoridades-en-Lanzamiento-San-Carlos.jpg\" alt=\"\" width=\"495\" height=\"372\" \/>El Dr. Pedro Rojas, en tanto, puso acento en la colaboraci\u00f3n p\u00fablico-privada, sobre la base de la confianza, como elementos fundantes del Polo. \u201cCuando est\u00e1 la empresa privada, el mundo p\u00fablico, la academia, cuando est\u00e1 la ciudadan\u00eda comprometida con proyectos que son unificadores para el desarrollo y que tienen como impacto final el beneficio de la comunidad, el mejorar las condiciones de vida de los habitantes de las localidades donde se empiezan a desarrollar estas iniciativas, eso creo que es potente y eso lo impulsamos como instituci\u00f3n\u201d, manifest\u00f3 el director general del Campus Chill\u00e1n UdeC, quien relev\u00f3 que \u201chay que trabajar sobre la base de las confianzas\u00bb.<\/p>\n<p>Asimismo, la decana de Ingenier\u00eda Agr\u00edcola UdeC puso el acento en la voluntad de los distintos actores involucrados por colaborar en este desaf\u00edo. \u201cEsto muestra que hay una voluntad de colaboraci\u00f3n que se materializa hoy con este proyecto, que se ve hoy en esta colaboraci\u00f3n Chile-Francia, pero tambi\u00e9n una voluntad regional de interacci\u00f3n muy grande entre las instituciones participantes\u201d, declar\u00f3, poniendo especial foco en las empresas que son parte de este Polo, puntualizando que la expectativa es que se sumen m\u00e1s en el camino.<\/p>\n<p>La Dra. Gonz\u00e1lez valor\u00f3 la coincidencia de los tiempos en la gestaci\u00f3n de este proyecto, dado que, mientras se produc\u00eda aquella reuni\u00f3n de los ministros de Agricultura de Francia y Chile, en 2022, en la Universidad de Concepci\u00f3n ya se evaluaba la creaci\u00f3n de un polo agroecol\u00f3gico en \u00d1uble, de hecho, se hab\u00edan concretado reuniones con empresas.<\/p>\n<p>La decana plante\u00f3 que, el desarrollo de un polo de competitividad \u201cva de la mano con la visi\u00f3n de la Universidad de Concepci\u00f3n, que ha impulsado la generaci\u00f3n del Distrito de Innovaci\u00f3n en \u00d1uble, junto al Gobierno Regional. Entonces, este Polo de competitividad se acopla muy bien y nos permite hacer una bajada al territorio, a los productores y productoras agr\u00edcolas\u201d.<\/p>\n<h3>Sustentabilidad<\/h3>\n<p>La ministra de Medioambiente, Mar\u00eda Helo\u00edsa Rojas, valor\u00f3 el c\u00edrculo virtuoso que representa la adopci\u00f3n de pr\u00e1cticas sustentables en el sector silvoagropecuario con los ahorros y eficiencias que se generan, constituyendo un atractivo para el sector privado.<\/p>\n<p>\u201cEn muchos casos, los impactos del cambio clim\u00e1tico en la agricultura requieren de una mirada distinta de hacer las cosas, que requieren de inversi\u00f3n, son problemas complejos de enfrentar. Cuando el clima comienza a cambiar y una actividad como la agricultura, que depende 100% del clima, requiere de entenderlo, de encontrar soluciones que a veces pueden generar resistencia, puede requerir de financiamiento que a veces no est\u00e1 disponible; as\u00ed es que la adaptaci\u00f3n del sector agr\u00edcola al cambio clim\u00e1tico es un tema muy relevante, complejo y que exige una mirada muy transversal\u201d, expres\u00f3 la secretaria de Estado.<\/p>\n<p>En esa l\u00ednea, valor\u00f3 la participaci\u00f3n en este Polo de todos los actores involucrados. \u201cEstamos en una situaci\u00f3n de urgencia, tenemos que adaptarnos de manera urgente al cambio clim\u00e1tico y eso significa tener el mejor conocimiento, poder probar soluciones innovadoras y convencer a los agricultores y agricultoras que esto trae beneficios; y para eso, un Polo como \u00e9ste, que pueda incluir desde un comienzo a todos los actores, de manera que ese aprendizaje tenga una un beneficio inmediato r\u00e1pido, yo creo que es lo m\u00e1s beneficioso. Para ello, pienso que el rol de la academia es clave, por eso felicito a la Universidad de Concepci\u00f3n por este Polo\u201d, cerr\u00f3 la ministra Rojas.<\/p>\n","protected":false},"excerpt":{"rendered":"<p>La UdeC y FIA lideran este proyecto innovador inspirado en Francia, que impulsa la sostenibilidad y la colaboraci\u00f3n p\u00fablico-privada.<\/p>\n","protected":false},"author":2,"featured_media":26231,"comment_status":"closed","ping_status":"closed","sticky":false,"template":"","format":"standard","meta":{"footnotes":""},"categories":[1945],"tags":[3523,9576,9569,9573,542,9570,4861,9577,2124,9568,9572,9567,2001,9574,9571,9312,9575,1342,9468],"class_list":["post-26230","post","type-post","status-publish","format-standard","has-post-thumbnail","hentry","category-agricultura","tag-agricultura-sustentable","tag-agricultura-y-cambio-climatico","tag-agroecologia-en-chile","tag-biochar","tag-cambio-climatico","tag-cluster-agroecologico","tag-consorcio-tecnologico-del-agua","tag-desarrollo-agropecuario-nuble","tag-fia","tag-innovacion-agroecologica","tag-nuble-agroecologia","tag-polo-agroecologico-en-nuble","tag-practicas-agroecologicas","tag-predio-santa-teresa-de-gaona","tag-produccion-sostenible","tag-sustentabilidad-agricola","tag-transferencia-tecnologica-agricola","tag-universidad-de-concepcion","tag-vegepolys-valley"],"yoast_head":"<!-- This site is optimized with the Yoast SEO plugin v26.6 - https:\/\/yoast.com\/wordpress\/plugins\/seo\/ -->\n<title>Polo agroecol\u00f3gico en \u00d1uble: innovaci\u00f3n y sustentabilidad en Chile - Mundoagropecuario<\/title>\n<meta name=\"description\" content=\"La UdeC y FIA lideran este proyecto innovador inspirado en Francia, que impulsa la sostenibilidad y la colaboraci\u00f3n p\u00fablico-privada.\" \/>\n<meta name=\"robots\" content=\"index, follow, max-snippet:-1, max-image-preview:large, max-video-preview:-1\" \/>\n<link rel=\"canonical\" href=\"https:\/\/www.mundoagropecuario.cl\/new\/polo-agroecologico-en-nuble-innovacion-y-sustentabilidad-en-chile\/\" \/>\n<meta property=\"og:locale\" content=\"es_ES\" \/>\n<meta property=\"og:type\" content=\"article\" \/>\n<meta property=\"og:title\" content=\"Polo agroecol\u00f3gico en \u00d1uble: innovaci\u00f3n y sustentabilidad en Chile - Mundoagropecuario\" \/>\n<meta property=\"og:description\" content=\"La UdeC y FIA lideran este proyecto innovador inspirado en Francia, que impulsa la sostenibilidad y la colaboraci\u00f3n p\u00fablico-privada.\" \/>\n<meta property=\"og:url\" content=\"https:\/\/www.mundoagropecuario.cl\/new\/polo-agroecologico-en-nuble-innovacion-y-sustentabilidad-en-chile\/\" \/>\n<meta property=\"og:site_name\" content=\"Mundoagropecuario\" \/>\n<meta property=\"article:publisher\" content=\"https:\/\/www.facebook.com\/mundo.agropecuario.3\" \/>\n<meta property=\"article:published_time\" content=\"2025-01-07T16:33:55+00:00\" \/>\n<meta property=\"article:modified_time\" content=\"2025-01-09T17:14:25+00:00\" \/>\n<meta property=\"og:image\" content=\"https:\/\/www.mundoagropecuario.cl\/new\/wp-content\/uploads\/2025\/01\/Plantilla-estandar-mundo-acuicola-72-scaled.jpg\" \/>\n\t<meta property=\"og:image:width\" content=\"720\" \/>\n\t<meta property=\"og:image:height\" content=\"384\" \/>\n\t<meta property=\"og:image:type\" content=\"image\/jpeg\" \/>\n<meta name=\"author\" content=\"mundo\" \/>\n<meta name=\"twitter:card\" content=\"summary_large_image\" \/>\n<meta name=\"twitter:creator\" content=\"@MundoAgropecuar\" \/>\n<meta name=\"twitter:site\" content=\"@MundoAgropecuar\" \/>\n<meta name=\"twitter:label1\" content=\"Escrito por\" \/>\n\t<meta name=\"twitter:data1\" content=\"mundo\" \/>\n\t<meta name=\"twitter:label2\" content=\"Tiempo de lectura\" \/>\n\t<meta name=\"twitter:data2\" content=\"9 minutos\" \/>\n<script type=\"application\/ld+json\" class=\"yoast-schema-graph\">{\"@context\":\"https:\/\/schema.org\",\"@graph\":[{\"@type\":\"Article\",\"@id\":\"https:\/\/www.mundoagropecuario.cl\/new\/polo-agroecologico-en-nuble-innovacion-y-sustentabilidad-en-chile\/#article\",\"isPartOf\":{\"@id\":\"https:\/\/www.mundoagropecuario.cl\/new\/polo-agroecologico-en-nuble-innovacion-y-sustentabilidad-en-chile\/\"},\"author\":{\"name\":\"mundo\",\"@id\":\"https:\/\/www.mundoagropecuario.cl\/new\/#\/schema\/person\/4e9f74a82a7dac260eb1c44b7eebeb18\"},\"headline\":\"Polo agroecol\u00f3gico en \u00d1uble: innovaci\u00f3n y sustentabilidad en Chile\",\"datePublished\":\"2025-01-07T16:33:55+00:00\",\"dateModified\":\"2025-01-09T17:14:25+00:00\",\"mainEntityOfPage\":{\"@id\":\"https:\/\/www.mundoagropecuario.cl\/new\/polo-agroecologico-en-nuble-innovacion-y-sustentabilidad-en-chile\/\"},\"wordCount\":1973,\"publisher\":{\"@id\":\"https:\/\/www.mundoagropecuario.cl\/new\/#organization\"},\"image\":{\"@id\":\"https:\/\/www.mundoagropecuario.cl\/new\/polo-agroecologico-en-nuble-innovacion-y-sustentabilidad-en-chile\/#primaryimage\"},\"thumbnailUrl\":\"https:\/\/www.mundoagropecuario.cl\/new\/wp-content\/uploads\/2025\/01\/Plantilla-estandar-mundo-acuicola-72-scaled.jpg\",\"keywords\":[\"agricultura sustentable\",\"agricultura y cambio clim\u00e1tico\",\"agroecolog\u00eda en Chile\",\"biochar\",\"Cambio clim\u00e1tico\",\"cl\u00faster agroecol\u00f3gico\",\"Consorcio Tecnol\u00f3gico del Agua\",\"desarrollo agropecuario \u00d1uble\",\"FIA\",\"innovaci\u00f3n agroecol\u00f3gica\",\"\u00d1uble agroecolog\u00eda\",\"Polo agroecol\u00f3gico en \u00d1uble\",\"pr\u00e1cticas agroecol\u00f3gicas\",\"predio Santa Teresa de Gaona\",\"producci\u00f3n sostenible\",\"sustentabilidad agr\u00edcola\",\"transferencia tecnol\u00f3gica agr\u00edcola\",\"Universidad de Concepci\u00f3n\",\"V\u00e9g\u00e9polys Valley\"],\"articleSection\":[\"Agricultura\"],\"inLanguage\":\"es\"},{\"@type\":\"WebPage\",\"@id\":\"https:\/\/www.mundoagropecuario.cl\/new\/polo-agroecologico-en-nuble-innovacion-y-sustentabilidad-en-chile\/\",\"url\":\"https:\/\/www.mundoagropecuario.cl\/new\/polo-agroecologico-en-nuble-innovacion-y-sustentabilidad-en-chile\/\",\"name\":\"Polo agroecol\u00f3gico en \u00d1uble: innovaci\u00f3n y sustentabilidad en Chile - Mundoagropecuario\",\"isPartOf\":{\"@id\":\"https:\/\/www.mundoagropecuario.cl\/new\/#website\"},\"primaryImageOfPage\":{\"@id\":\"https:\/\/www.mundoagropecuario.cl\/new\/polo-agroecologico-en-nuble-innovacion-y-sustentabilidad-en-chile\/#primaryimage\"},\"image\":{\"@id\":\"https:\/\/www.mundoagropecuario.cl\/new\/polo-agroecologico-en-nuble-innovacion-y-sustentabilidad-en-chile\/#primaryimage\"},\"thumbnailUrl\":\"https:\/\/www.mundoagropecuario.cl\/new\/wp-content\/uploads\/2025\/01\/Plantilla-estandar-mundo-acuicola-72-scaled.jpg\",\"datePublished\":\"2025-01-07T16:33:55+00:00\",\"dateModified\":\"2025-01-09T17:14:25+00:00\",\"description\":\"La UdeC y FIA lideran este proyecto innovador inspirado en Francia, que impulsa la sostenibilidad y la colaboraci\u00f3n p\u00fablico-privada.\",\"breadcrumb\":{\"@id\":\"https:\/\/www.mundoagropecuario.cl\/new\/polo-agroecologico-en-nuble-innovacion-y-sustentabilidad-en-chile\/#breadcrumb\"},\"inLanguage\":\"es\",\"potentialAction\":[{\"@type\":\"ReadAction\",\"target\":[\"https:\/\/www.mundoagropecuario.cl\/new\/polo-agroecologico-en-nuble-innovacion-y-sustentabilidad-en-chile\/\"]}]},{\"@type\":\"ImageObject\",\"inLanguage\":\"es\",\"@id\":\"https:\/\/www.mundoagropecuario.cl\/new\/polo-agroecologico-en-nuble-innovacion-y-sustentabilidad-en-chile\/#primaryimage\",\"url\":\"https:\/\/www.mundoagropecuario.cl\/new\/wp-content\/uploads\/2025\/01\/Plantilla-estandar-mundo-acuicola-72-scaled.jpg\",\"contentUrl\":\"https:\/\/www.mundoagropecuario.cl\/new\/wp-content\/uploads\/2025\/01\/Plantilla-estandar-mundo-acuicola-72-scaled.jpg\",\"width\":720,\"height\":384},{\"@type\":\"BreadcrumbList\",\"@id\":\"https:\/\/www.mundoagropecuario.cl\/new\/polo-agroecologico-en-nuble-innovacion-y-sustentabilidad-en-chile\/#breadcrumb\",\"itemListElement\":[{\"@type\":\"ListItem\",\"position\":1,\"name\":\"Portada\",\"item\":\"https:\/\/www.mundoagropecuario.cl\/new\/\"},{\"@type\":\"ListItem\",\"position\":2,\"name\":\"Polo agroecol\u00f3gico en \u00d1uble: innovaci\u00f3n y sustentabilidad en Chile\"}]},{\"@type\":\"WebSite\",\"@id\":\"https:\/\/www.mundoagropecuario.cl\/new\/#website\",\"url\":\"https:\/\/www.mundoagropecuario.cl\/new\/\",\"name\":\"Mundoagropecuario\",\"description\":\"Mundo Agropecuario\",\"publisher\":{\"@id\":\"https:\/\/www.mundoagropecuario.cl\/new\/#organization\"},\"potentialAction\":[{\"@type\":\"SearchAction\",\"target\":{\"@type\":\"EntryPoint\",\"urlTemplate\":\"https:\/\/www.mundoagropecuario.cl\/new\/?s={search_term_string}\"},\"query-input\":{\"@type\":\"PropertyValueSpecification\",\"valueRequired\":true,\"valueName\":\"search_term_string\"}}],\"inLanguage\":\"es\"},{\"@type\":\"Organization\",\"@id\":\"https:\/\/www.mundoagropecuario.cl\/new\/#organization\",\"name\":\"Revista de Agricultura\",\"url\":\"https:\/\/www.mundoagropecuario.cl\/new\/\",\"logo\":{\"@type\":\"ImageObject\",\"inLanguage\":\"es\",\"@id\":\"https:\/\/www.mundoagropecuario.cl\/new\/#\/schema\/logo\/image\/\",\"url\":\"https:\/\/www.mundoagropecuario.cl\/new\/wp-content\/uploads\/2020\/11\/PORTAL-1-1.png\",\"contentUrl\":\"https:\/\/www.mundoagropecuario.cl\/new\/wp-content\/uploads\/2020\/11\/PORTAL-1-1.png\",\"width\":1026,\"height\":100,\"caption\":\"Revista de Agricultura\"},\"image\":{\"@id\":\"https:\/\/www.mundoagropecuario.cl\/new\/#\/schema\/logo\/image\/\"},\"sameAs\":[\"https:\/\/www.facebook.com\/mundo.agropecuario.3\",\"https:\/\/x.com\/MundoAgropecuar\",\"https:\/\/www.linkedin.com\/in\/mundo-agropecuario-934009201\/\"]},{\"@type\":\"Person\",\"@id\":\"https:\/\/www.mundoagropecuario.cl\/new\/#\/schema\/person\/4e9f74a82a7dac260eb1c44b7eebeb18\",\"name\":\"mundo\",\"url\":\"https:\/\/www.mundoagropecuario.cl\/new\/author\/mundo\/\"}]}<\/script>\n<!-- \/ Yoast SEO plugin. -->","yoast_head_json":{"title":"Polo agroecol\u00f3gico en \u00d1uble: innovaci\u00f3n y sustentabilidad en Chile - Mundoagropecuario","description":"La UdeC y FIA lideran este proyecto innovador inspirado en Francia, que impulsa la sostenibilidad y la colaboraci\u00f3n p\u00fablico-privada.","robots":{"index":"index","follow":"follow","max-snippet":"max-snippet:-1","max-image-preview":"max-image-preview:large","max-video-preview":"max-video-preview:-1"},"canonical":"https:\/\/www.mundoagropecuario.cl\/new\/polo-agroecologico-en-nuble-innovacion-y-sustentabilidad-en-chile\/","og_locale":"es_ES","og_type":"article","og_title":"Polo agroecol\u00f3gico en \u00d1uble: innovaci\u00f3n y sustentabilidad en Chile - Mundoagropecuario","og_description":"La UdeC y FIA lideran este proyecto innovador inspirado en Francia, que impulsa la sostenibilidad y la colaboraci\u00f3n p\u00fablico-privada.","og_url":"https:\/\/www.mundoagropecuario.cl\/new\/polo-agroecologico-en-nuble-innovacion-y-sustentabilidad-en-chile\/","og_site_name":"Mundoagropecuario","article_publisher":"https:\/\/www.facebook.com\/mundo.agropecuario.3","article_published_time":"2025-01-07T16:33:55+00:00","article_modified_time":"2025-01-09T17:14:25+00:00","og_image":[{"width":720,"height":384,"url":"https:\/\/www.mundoagropecuario.cl\/new\/wp-content\/uploads\/2025\/01\/Plantilla-estandar-mundo-acuicola-72-scaled.jpg","type":"image\/jpeg"}],"author":"mundo","twitter_card":"summary_large_image","twitter_creator":"@MundoAgropecuar","twitter_site":"@MundoAgropecuar","twitter_misc":{"Escrito por":"mundo","Tiempo de lectura":"9 minutos"},"schema":{"@context":"https:\/\/schema.org","@graph":[{"@type":"Article","@id":"https:\/\/www.mundoagropecuario.cl\/new\/polo-agroecologico-en-nuble-innovacion-y-sustentabilidad-en-chile\/#article","isPartOf":{"@id":"https:\/\/www.mundoagropecuario.cl\/new\/polo-agroecologico-en-nuble-innovacion-y-sustentabilidad-en-chile\/"},"author":{"name":"mundo","@id":"https:\/\/www.mundoagropecuario.cl\/new\/#\/schema\/person\/4e9f74a82a7dac260eb1c44b7eebeb18"},"headline":"Polo agroecol\u00f3gico en \u00d1uble: innovaci\u00f3n y sustentabilidad en Chile","datePublished":"2025-01-07T16:33:55+00:00","dateModified":"2025-01-09T17:14:25+00:00","mainEntityOfPage":{"@id":"https:\/\/www.mundoagropecuario.cl\/new\/polo-agroecologico-en-nuble-innovacion-y-sustentabilidad-en-chile\/"},"wordCount":1973,"publisher":{"@id":"https:\/\/www.mundoagropecuario.cl\/new\/#organization"},"image":{"@id":"https:\/\/www.mundoagropecuario.cl\/new\/polo-agroecologico-en-nuble-innovacion-y-sustentabilidad-en-chile\/#primaryimage"},"thumbnailUrl":"https:\/\/www.mundoagropecuario.cl\/new\/wp-content\/uploads\/2025\/01\/Plantilla-estandar-mundo-acuicola-72-scaled.jpg","keywords":["agricultura sustentable","agricultura y cambio clim\u00e1tico","agroecolog\u00eda en Chile","biochar","Cambio clim\u00e1tico","cl\u00faster agroecol\u00f3gico","Consorcio Tecnol\u00f3gico del Agua","desarrollo agropecuario \u00d1uble","FIA","innovaci\u00f3n agroecol\u00f3gica","\u00d1uble agroecolog\u00eda","Polo agroecol\u00f3gico en \u00d1uble","pr\u00e1cticas agroecol\u00f3gicas","predio Santa Teresa de Gaona","producci\u00f3n sostenible","sustentabilidad agr\u00edcola","transferencia tecnol\u00f3gica agr\u00edcola","Universidad de Concepci\u00f3n","V\u00e9g\u00e9polys Valley"],"articleSection":["Agricultura"],"inLanguage":"es"},{"@type":"WebPage","@id":"https:\/\/www.mundoagropecuario.cl\/new\/polo-agroecologico-en-nuble-innovacion-y-sustentabilidad-en-chile\/","url":"https:\/\/www.mundoagropecuario.cl\/new\/polo-agroecologico-en-nuble-innovacion-y-sustentabilidad-en-chile\/","name":"Polo agroecol\u00f3gico en \u00d1uble: innovaci\u00f3n y sustentabilidad en Chile - Mundoagropecuario","isPartOf":{"@id":"https:\/\/www.mundoagropecuario.cl\/new\/#website"},"primaryImageOfPage":{"@id":"https:\/\/www.mundoagropecuario.cl\/new\/polo-agroecologico-en-nuble-innovacion-y-sustentabilidad-en-chile\/#primaryimage"},"image":{"@id":"https:\/\/www.mundoagropecuario.cl\/new\/polo-agroecologico-en-nuble-innovacion-y-sustentabilidad-en-chile\/#primaryimage"},"thumbnailUrl":"https:\/\/www.mundoagropecuario.cl\/new\/wp-content\/uploads\/2025\/01\/Plantilla-estandar-mundo-acuicola-72-scaled.jpg","datePublished":"2025-01-07T16:33:55+00:00","dateModified":"2025-01-09T17:14:25+00:00","description":"La UdeC y FIA lideran este proyecto innovador inspirado en Francia, que impulsa la sostenibilidad y la colaboraci\u00f3n p\u00fablico-privada.","breadcrumb":{"@id":"https:\/\/www.mundoagropecuario.cl\/new\/polo-agroecologico-en-nuble-innovacion-y-sustentabilidad-en-chile\/#breadcrumb"},"inLanguage":"es","potentialAction":[{"@type":"ReadAction","target":["https:\/\/www.mundoagropecuario.cl\/new\/polo-agroecologico-en-nuble-innovacion-y-sustentabilidad-en-chile\/"]}]},{"@type":"ImageObject","inLanguage":"es","@id":"https:\/\/www.mundoagropecuario.cl\/new\/polo-agroecologico-en-nuble-innovacion-y-sustentabilidad-en-chile\/#primaryimage","url":"https:\/\/www.mundoagropecuario.cl\/new\/wp-content\/uploads\/2025\/01\/Plantilla-estandar-mundo-acuicola-72-scaled.jpg","contentUrl":"https:\/\/www.mundoagropecuario.cl\/new\/wp-content\/uploads\/2025\/01\/Plantilla-estandar-mundo-acuicola-72-scaled.jpg","width":720,"height":384},{"@type":"BreadcrumbList","@id":"https:\/\/www.mundoagropecuario.cl\/new\/polo-agroecologico-en-nuble-innovacion-y-sustentabilidad-en-chile\/#breadcrumb","itemListElement":[{"@type":"ListItem","position":1,"name":"Portada","item":"https:\/\/www.mundoagropecuario.cl\/new\/"},{"@type":"ListItem","position":2,"name":"Polo agroecol\u00f3gico en \u00d1uble: innovaci\u00f3n y sustentabilidad en Chile"}]},{"@type":"WebSite","@id":"https:\/\/www.mundoagropecuario.cl\/new\/#website","url":"https:\/\/www.mundoagropecuario.cl\/new\/","name":"Mundoagropecuario","description":"Mundo Agropecuario","publisher":{"@id":"https:\/\/www.mundoagropecuario.cl\/new\/#organization"},"potentialAction":[{"@type":"SearchAction","target":{"@type":"EntryPoint","urlTemplate":"https:\/\/www.mundoagropecuario.cl\/new\/?s={search_term_string}"},"query-input":{"@type":"PropertyValueSpecification","valueRequired":true,"valueName":"search_term_string"}}],"inLanguage":"es"},{"@type":"Organization","@id":"https:\/\/www.mundoagropecuario.cl\/new\/#organization","name":"Revista de Agricultura","url":"https:\/\/www.mundoagropecuario.cl\/new\/","logo":{"@type":"ImageObject","inLanguage":"es","@id":"https:\/\/www.mundoagropecuario.cl\/new\/#\/schema\/logo\/image\/","url":"https:\/\/www.mundoagropecuario.cl\/new\/wp-content\/uploads\/2020\/11\/PORTAL-1-1.png","contentUrl":"https:\/\/www.mundoagropecuario.cl\/new\/wp-content\/uploads\/2020\/11\/PORTAL-1-1.png","width":1026,"height":100,"caption":"Revista de Agricultura"},"image":{"@id":"https:\/\/www.mundoagropecuario.cl\/new\/#\/schema\/logo\/image\/"},"sameAs":["https:\/\/www.facebook.com\/mundo.agropecuario.3","https:\/\/x.com\/MundoAgropecuar","https:\/\/www.linkedin.com\/in\/mundo-agropecuario-934009201\/"]},{"@type":"Person","@id":"https:\/\/www.mundoagropecuario.cl\/new\/#\/schema\/person\/4e9f74a82a7dac260eb1c44b7eebeb18","name":"mundo","url":"https:\/\/www.mundoagropecuario.cl\/new\/author\/mundo\/"}]}},"_links":{"self":[{"href":"https:\/\/www.mundoagropecuario.cl\/new\/wp-json\/wp\/v2\/posts\/26230","targetHints":{"allow":["GET"]}}],"collection":[{"href":"https:\/\/www.mundoagropecuario.cl\/new\/wp-json\/wp\/v2\/posts"}],"about":[{"href":"https:\/\/www.mundoagropecuario.cl\/new\/wp-json\/wp\/v2\/types\/post"}],"author":[{"embeddable":true,"href":"https:\/\/www.mundoagropecuario.cl\/new\/wp-json\/wp\/v2\/users\/2"}],"replies":[{"embeddable":true,"href":"https:\/\/www.mundoagropecuario.cl\/new\/wp-json\/wp\/v2\/comments?post=26230"}],"version-history":[{"count":1,"href":"https:\/\/www.mundoagropecuario.cl\/new\/wp-json\/wp\/v2\/posts\/26230\/revisions"}],"predecessor-version":[{"id":26233,"href":"https:\/\/www.mundoagropecuario.cl\/new\/wp-json\/wp\/v2\/posts\/26230\/revisions\/26233"}],"wp:featuredmedia":[{"embeddable":true,"href":"https:\/\/www.mundoagropecuario.cl\/new\/wp-json\/wp\/v2\/media\/26231"}],"wp:attachment":[{"href":"https:\/\/www.mundoagropecuario.cl\/new\/wp-json\/wp\/v2\/media?parent=26230"}],"wp:term":[{"taxonomy":"category","embeddable":true,"href":"https:\/\/www.mundoagropecuario.cl\/new\/wp-json\/wp\/v2\/categories?post=26230"},{"taxonomy":"post_tag","embeddable":true,"href":"https:\/\/www.mundoagropecuario.cl\/new\/wp-json\/wp\/v2\/tags?post=26230"}],"curies":[{"name":"wp","href":"https:\/\/api.w.org\/{rel}","templated":true}]}}