{"id":26225,"date":"2025-01-07T12:30:55","date_gmt":"2025-01-07T15:30:55","guid":{"rendered":"https:\/\/www.mundoagropecuario.cl\/new\/?p=26225"},"modified":"2025-01-09T14:14:33","modified_gmt":"2025-01-09T17:14:33","slug":"desde-pumas-a-mariposas-conaf-revela-imagenes-ineditas","status":"publish","type":"post","link":"https:\/\/www.mundoagropecuario.cl\/new\/desde-pumas-a-mariposas-conaf-revela-imagenes-ineditas\/","title":{"rendered":"Desde pumas a mariposas: CONAF revela im\u00e1genes in\u00e9ditas"},"content":{"rendered":"<div class=\"elementor-element elementor-element-bd5ee76 e-flex e-con-boxed e-con e-parent e-lazyloaded\" data-id=\"bd5ee76\" data-element_type=\"container\">\n<div class=\"e-con-inner\">\n<div class=\"elementor-element elementor-element-eea3d8c elementor-widget elementor-widget-text-editor\" data-id=\"eea3d8c\" data-element_type=\"widget\" data-widget_type=\"text-editor.default\">\n<div class=\"elementor-widget-container\">\n<p>M\u00e1s de 61.700 im\u00e1genes de fauna silvestre protegida fueron recopiladas por el Programa de Fotomonitoreo del Sistema Nacional de \u00c1reas Silvestres Protegidas del Estado, SNASPE, en la Reserva Nacional Las Vicu\u00f1as, a cargo de la Corporaci\u00f3n Nacional Forestal, CONAF, de Arica y Parinacota, durante junio, agosto y octubre de 2024.<\/p>\n<p>Este programa funciona en la regi\u00f3n desde 2022, con 20 c\u00e1maras que van rotando por 60 puntos, en una superficie de 209 mil 131 hect\u00e1reas.<\/p>\n<p>\u201cRealizamos tres procesos de instalaci\u00f3n de c\u00e1maras, lo que nos permiti\u00f3 sacar conclusiones sobre la presencia o ausencia de especies, sus eventuales amenazas, y los conflictos que pudieran surgir entre la comunidad local y los objetos de conservaci\u00f3n, entendiendo que la Reserva Nacional Las Vicu\u00f1as es una unidad singular, ya que cuenta con una comunidad ganadera aymara residente en el territorio\u201d, explic\u00f3 Lino Antezana Navarro, director regional de CONAF.<\/p>\n<p>La autoridad destac\u00f3 adem\u00e1s que esta tecnolog\u00eda \u201cpermite abordar temas espec\u00edficos, como son los supuestos ataques de puma al ganado, a los cu\u00e1les les hemos estado haciendo seguimiento, trabajando en forma conjunta con el SAG y por petici\u00f3n de la Mesa Ganadera de Parinacota\u201d.<\/p>\n<p><a href=\"https:\/\/www.mundoagropecuario.cl\/new\/wp-content\/uploads\/2025\/01\/zorro-dia-scaled.jpeg\"><img loading=\"lazy\" decoding=\"async\" class=\"wp-image-26227 alignleft\" src=\"https:\/\/www.mundoagropecuario.cl\/new\/wp-content\/uploads\/2025\/01\/zorro-dia-236x133.jpeg\" alt=\"\" width=\"409\" height=\"230\" srcset=\"https:\/\/www.mundoagropecuario.cl\/new\/wp-content\/uploads\/2025\/01\/zorro-dia-236x133.jpeg 236w, https:\/\/www.mundoagropecuario.cl\/new\/wp-content\/uploads\/2025\/01\/zorro-dia-scaled.jpeg 711w, https:\/\/www.mundoagropecuario.cl\/new\/wp-content\/uploads\/2025\/01\/zorro-dia-768x432.jpeg 768w, https:\/\/www.mundoagropecuario.cl\/new\/wp-content\/uploads\/2025\/01\/zorro-dia-1536x864.jpeg 1536w\" sizes=\"auto, (max-width: 409px) 100vw, 409px\" \/><\/a><\/p>\n<\/div>\n<\/div>\n<\/div>\n<\/div>\n<div class=\"elementor-element elementor-element-15be908 e-flex e-con-boxed e-con e-parent e-lazyloaded\" data-id=\"15be908\" data-element_type=\"container\">\n<div class=\"e-con-inner\">\n<div class=\"elementor-element elementor-element-57e5e75 elementor-align-center elementor-widget elementor-widget-embedpres_elementor\" data-id=\"57e5e75\" data-element_type=\"widget\" data-widget_type=\"embedpres_elementor.default\">\n<div class=\"elementor-widget-container\">\n<div id=\"ep-elements-id-57e5e75\" class=\"embedpress-elements-wrapper \">\n<div id=\"ep-elementor-content-57e5e75\" class=\"ep-elementor-content ep-content-protection-disabled source-default \">\n<div id=\"57e5e75\" class=\"ep-embed-content-wrapper class-content-wrapper\">\n<div id=\"ep-elementor-content-57e5e75\" class=\"ep-elementor-content ep-content-protection-disabled source-default\">\n<div id=\"57e5e75\" class=\"ep-embed-content-wraper \">\n<h3 class=\"ose-twitter ose-uid-337b931041eea90dcfaa3fd6272de744 ose-embedpress-responsive\">Resultados<\/h3>\n<div class=\"elementor-element elementor-element-d88a16b e-flex e-con-boxed e-con e-parent e-lazyloaded\" data-id=\"d88a16b\" data-element_type=\"container\">\n<div class=\"e-con-inner\">\n<div class=\"elementor-element elementor-element-7faf013 elementor-widget elementor-widget-text-editor\" data-id=\"7faf013\" data-element_type=\"widget\" data-widget_type=\"text-editor.default\">\n<div class=\"elementor-widget-container\">\n<p>El equipo que trabaj\u00f3 en la instalaci\u00f3n de las c\u00e1maras para los tres procesos de monitoreo estuvo compuesto por Sandro Maldonado, jefe del Departamento de \u00c1reas Silvestres Protegidas; \u00c1lvaro Tralma, administrador de la Reserva Nacional; y los guardaparque Cristi\u00e1n Benavides, Andr\u00e9s Huanca, Efra\u00edn Guti\u00e9rrez y Ren\u00e9 Cort\u00e9s.<\/p>\n<p>Entre junio y julio se registraron 46 mil 624 fotos; de agosto a septiembre 12 mil 332; y 2.746 de octubre a noviembre, sumando un total de 61 mil 702 fotograf\u00edas de diferentes objetos de conservaci\u00f3n.<\/p>\n<p>Entre las principales especies nativas identificadas destacan aves y micromam\u00edferos, as\u00ed como una cantidad indeterminada de ganado tradicional como llamas y alpacas. Tambi\u00e9n se detectaron especies ex\u00f3ticas invasoras como ovejas, perros y conejos.<\/p>\n<p>En cuanto a las especies silvestres debidamente registradas figuran vicu\u00f1as, suris, c\u00f3ndores, gatos colocolo, puma, chingues, vizcachas, lechuza blanca, zorros y un anecd\u00f3tico pequ\u00e9n.<\/p>\n<p>Tambi\u00e9n se pudo registrar una pareja de mariposas, las que al parecer podr\u00edan corresponder a la especie argyrophorus lamna cuzcoensis, m\u00e1s conocida como \u201cSatirinae de la puna xerof\u00edtica\u201d o \u201cMariposa altoandina\u201d, lo que est\u00e1 actualmente en proceso de consulta a expertos para formalizar su identificaci\u00f3n.<\/p>\n<h3>Capacitaci\u00f3n<\/h3>\n<\/div>\n<\/div>\n<\/div>\n<\/div>\n<div class=\"elementor-element elementor-element-eeb4fe9 e-flex e-con-boxed e-con e-parent e-lazyloaded\" data-id=\"eeb4fe9\" data-element_type=\"container\">\n<div class=\"e-con-inner\">\n<div class=\"elementor-element elementor-element-7824c7d elementor-widget elementor-widget-the7_photo-scroller\" data-id=\"7824c7d\" data-element_type=\"widget\" data-widget_type=\"the7_photo-scroller.default\">\n<div class=\"elementor-widget-container\">\n<div class=\"photo-scroller the7_photo-scroller-7824c7d fullscreen-on hide-thumbs wide-thumbnail\" data-scale=\"fill\" data-autoslide=\"false\" data-play-on-hover=\"false\" data-delay=\"0\" data-show-thumbnails=\"true\" data-thumb-position=\"inside-hidden\" data-thumb-height=\"60\" data-thumb-width=\"60\" data-thumb-space=\"5\" data-thumb-padding-top=\"5\" data-thumb-padding-bottom=\"5\" data-cntr-space-bottom=\"5\" data-transparency=\"0.15\" data-arrows=\"true\" data-arrows_tablet=\"true\" data-arrows_mobile=\"true\" data-next-icon=\"fas fa-chevron-right\" data-prev-icon=\"fas fa-chevron-left\" data-r-arrow-v-position=\"center\" data-r-arrow-h-position=\"right\" data-l-arrow-v-position=\"center\" data-l-arrow-h-position=\"left\" data-ls-fill-dt=\"fill\" data-ls-fill-tablet=\"fill\" data-pt-fill-dt=\"fit\" data-pt-fill-tablet=\"fit\" data-pt-fill-mob=\"fit\" data-ls-fill-mob=\"fill\" data-padding-top=\"0\" data-padding-bottom=\"0\" data-padding-side=\"0\" data-padding-left=\"0\" data-t-padding-top=\"0\" data-t-padding-bottom=\"0\" data-t-padding-side=\"0\" data-t-padding-left=\"0\" data-m-padding-top=\"0\" data-m-padding-bottom=\"0\" data-m-padding-side=\"0\" data-m-padding-left=\"0\" data-ls-max=\"100\" data-t-ls-max=\"100\" data-m-ls-max=\"100\" data-ls-min=\"0\" data-t-ls-min=\"0\" data-m-ls-min=\"0\" data-pt-max=\"100\" data-t-pt-max=\"100\" data-m-pt-max=\"100\" data-pt-min=\"0\" data-t-pt-min=\"0\" data-m-pt-min=\"0\" data-height=\"300\" data-tablet-height=\"300\" data-mobile-height=\"300\">\n<div class=\"ts-wrap ts-ls-fill ts-ls-tb-fill ts-ls-mob-fill ts-pt-fit ts-pt-tb-fit ts-pt-mob-fit ts-centered ts-ready\">\n<div class=\"ts-viewport\">\n<div class=\"photoSlider ts-cont\">\n<section class=\"elementor-section elementor-top-section elementor-element elementor-element-b8863aa elementor-section-boxed elementor-section-height-default elementor-section-height-default\" data-id=\"b8863aa\" data-element_type=\"section\">\n<div class=\"elementor-container elementor-column-gap-no\">\n<div class=\"elementor-column elementor-col-100 elementor-top-column elementor-element elementor-element-f9ab601\" data-id=\"f9ab601\" data-element_type=\"column\">\n<div class=\"elementor-widget-wrap elementor-element-populated\">\n<div class=\"elementor-element elementor-element-0c24dfc elementor-widget elementor-widget-theme-post-content\" data-id=\"0c24dfc\" data-element_type=\"widget\" data-widget_type=\"theme-post-content.default\">\n<div class=\"elementor-widget-container\">\n<div class=\"elementor elementor-68359\" data-elementor-type=\"wp-post\" data-elementor-id=\"68359\" data-elementor-post-type=\"post\">\n<div class=\"elementor-element elementor-element-60824e6 e-flex e-con-boxed e-con e-parent e-lazyloaded\" data-id=\"60824e6\" data-element_type=\"container\">\n<div class=\"e-con-inner\">\n<div class=\"elementor-element elementor-element-6680473 elementor-widget elementor-widget-text-editor\" data-id=\"6680473\" data-element_type=\"widget\" data-widget_type=\"text-editor.default\">\n<div class=\"elementor-widget-container\">\n<p>\u201cPara el \u00e9xito este tipo de procesos es importante la constante capacitaci\u00f3n del personal en terreno, vale decir de las y los guardaparques, ya que son \u00e9stos los que finalmente realizan el proceso de instalaci\u00f3n de c\u00e1maras y la sistematizaci\u00f3n de las im\u00e1genes, lo que requiere de cierta destreza y cumplimientos de protocolos, con el fin de evitar que se registren im\u00e1genes difusas producidas por efectos del viento o por cambios de temperatura, que se conocen como im\u00e1genes fantasmas, las que finalmente terminan por llenar la memoria y agotar las pilas con las que operan las c\u00e1maras\u201d, explic\u00f3 Sandro Maldonado, jefe del Departamento de ASP de CONAF Arica y Parinacota.<\/p>\n<p>Finalmente, el director regional de CONAF, Lino Antezana, destac\u00f3 que la Reserva Nacional Las Vicu\u00f1as se integr\u00f3 en 2022 a este Programa de Fotomonitoreo, junto a otras \u00e1reas protegidas del territorio insular y continental, \u201clo que se traduce en la disposici\u00f3n de 2 mil puntos georreferenciados y la producci\u00f3n de m\u00e1s de un mill\u00f3n de fotos para procesar por a\u00f1o en todo el pa\u00eds, lo que esperamos poder perfeccionar en la Campa\u00f1a 2025 y as\u00ed obtener conclusiones que nos permitan mitigar los conflictos de la fauna silvestre con la poblaci\u00f3n ganadera local\u201d, concluy\u00f3.<\/p>\n<\/div>\n<\/div>\n<\/div>\n<\/div>\n<\/div>\n<\/div>\n<\/div>\n<\/div>\n<\/div>\n<\/div>\n<\/section>\n<section class=\"elementor-section elementor-top-section elementor-element elementor-element-ddfb335 elementor-section-full_width elementor-section-height-default elementor-section-height-default\" data-id=\"ddfb335\" data-element_type=\"section\">\n<div class=\"elementor-container elementor-column-gap-no\">\n<div class=\"elementor-column elementor-col-100 elementor-top-column elementor-element elementor-element-2809a14\" data-id=\"2809a14\" data-element_type=\"column\">\n<div class=\"elementor-widget-wrap elementor-element-populated\">\n<div class=\"elementor-element elementor-element-e852ac3 elementor-widget elementor-widget-template\" data-id=\"e852ac3\" data-element_type=\"widget\" data-widget_type=\"template.default\">\n<div class=\"elementor-widget-container\">\n<div class=\"elementor-template\">\n<div class=\"elementor elementor-36896 elementor-location-single\" data-elementor-type=\"section\" data-elementor-id=\"36896\" data-elementor-post-type=\"elementor_library\">\n<section class=\"elementor-section elementor-top-section elementor-element elementor-element-63965c5f elementor-section-full_width elementor-section-height-default elementor-section-height-default\" data-id=\"63965c5f\" data-element_type=\"section\">\n<div class=\"elementor-container elementor-column-gap-no\">\n<div class=\"elementor-column elementor-col-100 elementor-top-column elementor-element elementor-element-3cb9c4a0\" data-id=\"3cb9c4a0\" data-element_type=\"column\">\n<div class=\"elementor-widget-wrap elementor-element-populated\">\n<div class=\"elementor-element elementor-element-1e2d0305 elementor-widget-divider--view-line elementor-widget elementor-widget-divider\" data-id=\"1e2d0305\" data-element_type=\"widget\" data-widget_type=\"divider.default\">\n<div class=\"elementor-widget-container\">\n<div class=\"elementor-divider\"><\/div>\n<\/div>\n<\/div>\n<\/div>\n<\/div>\n<\/div>\n<\/section>\n<\/div>\n<\/div>\n<\/div>\n<\/div>\n<\/div>\n<\/div>\n<\/div>\n<\/section>\n<\/div>\n<\/div>\n<\/div>\n<\/div>\n<\/div>\n<\/div>\n<\/div>\n<\/div>\n<\/div>\n<\/div>\n<\/div>\n<\/div>\n<\/div>\n<\/div>\n<\/div>\n<\/div>\n<\/div>\n","protected":false},"excerpt":{"rendered":"<p>CONAF Arica y Parinacota registr\u00f3 61.702 im\u00e1genes de fauna en 2024, destacando especies nativas y ex\u00f3ticas en la Reserva Nacional Las Vicu\u00f1as.<\/p>\n","protected":false},"author":2,"featured_media":26226,"comment_status":"closed","ping_status":"closed","sticky":false,"template":"","format":"standard","meta":{"footnotes":""},"categories":[1948],"tags":[1681,876,7071,9564,9566,9563,9565],"class_list":["post-26225","post","type-post","status-publish","format-standard","has-post-thumbnail","hentry","category-sustentabilidad","tag-biodiversidad","tag-conaf","tag-corporacion-nacional-forestal","tag-fauna-silvestre-protegida","tag-pumas","tag-sistema-nacional-de-areas-silvestres-protegidas-del-estado","tag-vicunas"],"yoast_head":"<!-- This site is optimized with the Yoast SEO plugin v26.6 - https:\/\/yoast.com\/wordpress\/plugins\/seo\/ -->\n<title>Desde pumas a mariposas: CONAF revela im\u00e1genes in\u00e9ditas - Mundoagropecuario<\/title>\n<meta name=\"description\" content=\"CONAF Arica y Parinacota registr\u00f3 61.702 im\u00e1genes de fauna en 2024, destacando especies nativas y ex\u00f3ticas en la Reserva Nacional Las Vicu\u00f1as.\" \/>\n<meta name=\"robots\" content=\"index, follow, max-snippet:-1, max-image-preview:large, max-video-preview:-1\" \/>\n<link rel=\"canonical\" href=\"https:\/\/www.mundoagropecuario.cl\/new\/desde-pumas-a-mariposas-conaf-revela-imagenes-ineditas\/\" \/>\n<meta property=\"og:locale\" content=\"es_ES\" \/>\n<meta property=\"og:type\" content=\"article\" \/>\n<meta property=\"og:title\" content=\"Desde pumas a mariposas: CONAF revela im\u00e1genes in\u00e9ditas - Mundoagropecuario\" \/>\n<meta property=\"og:description\" content=\"CONAF Arica y Parinacota registr\u00f3 61.702 im\u00e1genes de fauna en 2024, destacando especies nativas y ex\u00f3ticas en la Reserva Nacional Las Vicu\u00f1as.\" \/>\n<meta property=\"og:url\" content=\"https:\/\/www.mundoagropecuario.cl\/new\/desde-pumas-a-mariposas-conaf-revela-imagenes-ineditas\/\" \/>\n<meta property=\"og:site_name\" content=\"Mundoagropecuario\" \/>\n<meta property=\"article:publisher\" content=\"https:\/\/www.facebook.com\/mundo.agropecuario.3\" \/>\n<meta property=\"article:published_time\" content=\"2025-01-07T15:30:55+00:00\" \/>\n<meta property=\"article:modified_time\" content=\"2025-01-09T17:14:33+00:00\" \/>\n<meta property=\"og:image\" content=\"https:\/\/www.mundoagropecuario.cl\/new\/wp-content\/uploads\/2025\/01\/Plantilla-estandar-mundo-acuicola-71-scaled.jpg\" \/>\n\t<meta property=\"og:image:width\" content=\"720\" \/>\n\t<meta property=\"og:image:height\" content=\"384\" \/>\n\t<meta property=\"og:image:type\" content=\"image\/jpeg\" \/>\n<meta name=\"author\" content=\"mundo\" \/>\n<meta name=\"twitter:card\" content=\"summary_large_image\" \/>\n<meta name=\"twitter:creator\" content=\"@MundoAgropecuar\" \/>\n<meta name=\"twitter:site\" content=\"@MundoAgropecuar\" \/>\n<meta name=\"twitter:label1\" content=\"Escrito por\" \/>\n\t<meta name=\"twitter:data1\" content=\"mundo\" \/>\n\t<meta name=\"twitter:label2\" content=\"Tiempo de lectura\" \/>\n\t<meta name=\"twitter:data2\" content=\"4 minutos\" \/>\n<script type=\"application\/ld+json\" class=\"yoast-schema-graph\">{\"@context\":\"https:\/\/schema.org\",\"@graph\":[{\"@type\":\"Article\",\"@id\":\"https:\/\/www.mundoagropecuario.cl\/new\/desde-pumas-a-mariposas-conaf-revela-imagenes-ineditas\/#article\",\"isPartOf\":{\"@id\":\"https:\/\/www.mundoagropecuario.cl\/new\/desde-pumas-a-mariposas-conaf-revela-imagenes-ineditas\/\"},\"author\":{\"name\":\"mundo\",\"@id\":\"https:\/\/www.mundoagropecuario.cl\/new\/#\/schema\/person\/4e9f74a82a7dac260eb1c44b7eebeb18\"},\"headline\":\"Desde pumas a mariposas: CONAF revela im\u00e1genes in\u00e9ditas\",\"datePublished\":\"2025-01-07T15:30:55+00:00\",\"dateModified\":\"2025-01-09T17:14:33+00:00\",\"mainEntityOfPage\":{\"@id\":\"https:\/\/www.mundoagropecuario.cl\/new\/desde-pumas-a-mariposas-conaf-revela-imagenes-ineditas\/\"},\"wordCount\":626,\"publisher\":{\"@id\":\"https:\/\/www.mundoagropecuario.cl\/new\/#organization\"},\"image\":{\"@id\":\"https:\/\/www.mundoagropecuario.cl\/new\/desde-pumas-a-mariposas-conaf-revela-imagenes-ineditas\/#primaryimage\"},\"thumbnailUrl\":\"https:\/\/www.mundoagropecuario.cl\/new\/wp-content\/uploads\/2025\/01\/Plantilla-estandar-mundo-acuicola-71-scaled.jpg\",\"keywords\":[\"Biodiversidad\",\"Conaf\",\"Corporaci\u00f3n Nacional Forestal.\",\"fauna silvestre protegida\",\"pumas\",\"Sistema Nacional de \u00c1reas Silvestres Protegidas del Estado\",\"vicu\u00f1as\"],\"articleSection\":[\"Sustentabilidad\"],\"inLanguage\":\"es\"},{\"@type\":\"WebPage\",\"@id\":\"https:\/\/www.mundoagropecuario.cl\/new\/desde-pumas-a-mariposas-conaf-revela-imagenes-ineditas\/\",\"url\":\"https:\/\/www.mundoagropecuario.cl\/new\/desde-pumas-a-mariposas-conaf-revela-imagenes-ineditas\/\",\"name\":\"Desde pumas a mariposas: CONAF revela im\u00e1genes in\u00e9ditas - Mundoagropecuario\",\"isPartOf\":{\"@id\":\"https:\/\/www.mundoagropecuario.cl\/new\/#website\"},\"primaryImageOfPage\":{\"@id\":\"https:\/\/www.mundoagropecuario.cl\/new\/desde-pumas-a-mariposas-conaf-revela-imagenes-ineditas\/#primaryimage\"},\"image\":{\"@id\":\"https:\/\/www.mundoagropecuario.cl\/new\/desde-pumas-a-mariposas-conaf-revela-imagenes-ineditas\/#primaryimage\"},\"thumbnailUrl\":\"https:\/\/www.mundoagropecuario.cl\/new\/wp-content\/uploads\/2025\/01\/Plantilla-estandar-mundo-acuicola-71-scaled.jpg\",\"datePublished\":\"2025-01-07T15:30:55+00:00\",\"dateModified\":\"2025-01-09T17:14:33+00:00\",\"description\":\"CONAF Arica y Parinacota registr\u00f3 61.702 im\u00e1genes de fauna en 2024, destacando especies nativas y ex\u00f3ticas en la Reserva Nacional Las Vicu\u00f1as.\",\"breadcrumb\":{\"@id\":\"https:\/\/www.mundoagropecuario.cl\/new\/desde-pumas-a-mariposas-conaf-revela-imagenes-ineditas\/#breadcrumb\"},\"inLanguage\":\"es\",\"potentialAction\":[{\"@type\":\"ReadAction\",\"target\":[\"https:\/\/www.mundoagropecuario.cl\/new\/desde-pumas-a-mariposas-conaf-revela-imagenes-ineditas\/\"]}]},{\"@type\":\"ImageObject\",\"inLanguage\":\"es\",\"@id\":\"https:\/\/www.mundoagropecuario.cl\/new\/desde-pumas-a-mariposas-conaf-revela-imagenes-ineditas\/#primaryimage\",\"url\":\"https:\/\/www.mundoagropecuario.cl\/new\/wp-content\/uploads\/2025\/01\/Plantilla-estandar-mundo-acuicola-71-scaled.jpg\",\"contentUrl\":\"https:\/\/www.mundoagropecuario.cl\/new\/wp-content\/uploads\/2025\/01\/Plantilla-estandar-mundo-acuicola-71-scaled.jpg\",\"width\":720,\"height\":384},{\"@type\":\"BreadcrumbList\",\"@id\":\"https:\/\/www.mundoagropecuario.cl\/new\/desde-pumas-a-mariposas-conaf-revela-imagenes-ineditas\/#breadcrumb\",\"itemListElement\":[{\"@type\":\"ListItem\",\"position\":1,\"name\":\"Portada\",\"item\":\"https:\/\/www.mundoagropecuario.cl\/new\/\"},{\"@type\":\"ListItem\",\"position\":2,\"name\":\"Desde pumas a mariposas: CONAF revela im\u00e1genes in\u00e9ditas\"}]},{\"@type\":\"WebSite\",\"@id\":\"https:\/\/www.mundoagropecuario.cl\/new\/#website\",\"url\":\"https:\/\/www.mundoagropecuario.cl\/new\/\",\"name\":\"Mundoagropecuario\",\"description\":\"Mundo Agropecuario\",\"publisher\":{\"@id\":\"https:\/\/www.mundoagropecuario.cl\/new\/#organization\"},\"potentialAction\":[{\"@type\":\"SearchAction\",\"target\":{\"@type\":\"EntryPoint\",\"urlTemplate\":\"https:\/\/www.mundoagropecuario.cl\/new\/?s={search_term_string}\"},\"query-input\":{\"@type\":\"PropertyValueSpecification\",\"valueRequired\":true,\"valueName\":\"search_term_string\"}}],\"inLanguage\":\"es\"},{\"@type\":\"Organization\",\"@id\":\"https:\/\/www.mundoagropecuario.cl\/new\/#organization\",\"name\":\"Revista de Agricultura\",\"url\":\"https:\/\/www.mundoagropecuario.cl\/new\/\",\"logo\":{\"@type\":\"ImageObject\",\"inLanguage\":\"es\",\"@id\":\"https:\/\/www.mundoagropecuario.cl\/new\/#\/schema\/logo\/image\/\",\"url\":\"https:\/\/www.mundoagropecuario.cl\/new\/wp-content\/uploads\/2020\/11\/PORTAL-1-1.png\",\"contentUrl\":\"https:\/\/www.mundoagropecuario.cl\/new\/wp-content\/uploads\/2020\/11\/PORTAL-1-1.png\",\"width\":1026,\"height\":100,\"caption\":\"Revista de Agricultura\"},\"image\":{\"@id\":\"https:\/\/www.mundoagropecuario.cl\/new\/#\/schema\/logo\/image\/\"},\"sameAs\":[\"https:\/\/www.facebook.com\/mundo.agropecuario.3\",\"https:\/\/x.com\/MundoAgropecuar\",\"https:\/\/www.linkedin.com\/in\/mundo-agropecuario-934009201\/\"]},{\"@type\":\"Person\",\"@id\":\"https:\/\/www.mundoagropecuario.cl\/new\/#\/schema\/person\/4e9f74a82a7dac260eb1c44b7eebeb18\",\"name\":\"mundo\",\"url\":\"https:\/\/www.mundoagropecuario.cl\/new\/author\/mundo\/\"}]}<\/script>\n<!-- \/ Yoast SEO plugin. -->","yoast_head_json":{"title":"Desde pumas a mariposas: CONAF revela im\u00e1genes in\u00e9ditas - Mundoagropecuario","description":"CONAF Arica y Parinacota registr\u00f3 61.702 im\u00e1genes de fauna en 2024, destacando especies nativas y ex\u00f3ticas en la Reserva Nacional Las Vicu\u00f1as.","robots":{"index":"index","follow":"follow","max-snippet":"max-snippet:-1","max-image-preview":"max-image-preview:large","max-video-preview":"max-video-preview:-1"},"canonical":"https:\/\/www.mundoagropecuario.cl\/new\/desde-pumas-a-mariposas-conaf-revela-imagenes-ineditas\/","og_locale":"es_ES","og_type":"article","og_title":"Desde pumas a mariposas: CONAF revela im\u00e1genes in\u00e9ditas - Mundoagropecuario","og_description":"CONAF Arica y Parinacota registr\u00f3 61.702 im\u00e1genes de fauna en 2024, destacando especies nativas y ex\u00f3ticas en la Reserva Nacional Las Vicu\u00f1as.","og_url":"https:\/\/www.mundoagropecuario.cl\/new\/desde-pumas-a-mariposas-conaf-revela-imagenes-ineditas\/","og_site_name":"Mundoagropecuario","article_publisher":"https:\/\/www.facebook.com\/mundo.agropecuario.3","article_published_time":"2025-01-07T15:30:55+00:00","article_modified_time":"2025-01-09T17:14:33+00:00","og_image":[{"width":720,"height":384,"url":"https:\/\/www.mundoagropecuario.cl\/new\/wp-content\/uploads\/2025\/01\/Plantilla-estandar-mundo-acuicola-71-scaled.jpg","type":"image\/jpeg"}],"author":"mundo","twitter_card":"summary_large_image","twitter_creator":"@MundoAgropecuar","twitter_site":"@MundoAgropecuar","twitter_misc":{"Escrito por":"mundo","Tiempo de lectura":"4 minutos"},"schema":{"@context":"https:\/\/schema.org","@graph":[{"@type":"Article","@id":"https:\/\/www.mundoagropecuario.cl\/new\/desde-pumas-a-mariposas-conaf-revela-imagenes-ineditas\/#article","isPartOf":{"@id":"https:\/\/www.mundoagropecuario.cl\/new\/desde-pumas-a-mariposas-conaf-revela-imagenes-ineditas\/"},"author":{"name":"mundo","@id":"https:\/\/www.mundoagropecuario.cl\/new\/#\/schema\/person\/4e9f74a82a7dac260eb1c44b7eebeb18"},"headline":"Desde pumas a mariposas: CONAF revela im\u00e1genes in\u00e9ditas","datePublished":"2025-01-07T15:30:55+00:00","dateModified":"2025-01-09T17:14:33+00:00","mainEntityOfPage":{"@id":"https:\/\/www.mundoagropecuario.cl\/new\/desde-pumas-a-mariposas-conaf-revela-imagenes-ineditas\/"},"wordCount":626,"publisher":{"@id":"https:\/\/www.mundoagropecuario.cl\/new\/#organization"},"image":{"@id":"https:\/\/www.mundoagropecuario.cl\/new\/desde-pumas-a-mariposas-conaf-revela-imagenes-ineditas\/#primaryimage"},"thumbnailUrl":"https:\/\/www.mundoagropecuario.cl\/new\/wp-content\/uploads\/2025\/01\/Plantilla-estandar-mundo-acuicola-71-scaled.jpg","keywords":["Biodiversidad","Conaf","Corporaci\u00f3n Nacional Forestal.","fauna silvestre protegida","pumas","Sistema Nacional de \u00c1reas Silvestres Protegidas del Estado","vicu\u00f1as"],"articleSection":["Sustentabilidad"],"inLanguage":"es"},{"@type":"WebPage","@id":"https:\/\/www.mundoagropecuario.cl\/new\/desde-pumas-a-mariposas-conaf-revela-imagenes-ineditas\/","url":"https:\/\/www.mundoagropecuario.cl\/new\/desde-pumas-a-mariposas-conaf-revela-imagenes-ineditas\/","name":"Desde pumas a mariposas: CONAF revela im\u00e1genes in\u00e9ditas - Mundoagropecuario","isPartOf":{"@id":"https:\/\/www.mundoagropecuario.cl\/new\/#website"},"primaryImageOfPage":{"@id":"https:\/\/www.mundoagropecuario.cl\/new\/desde-pumas-a-mariposas-conaf-revela-imagenes-ineditas\/#primaryimage"},"image":{"@id":"https:\/\/www.mundoagropecuario.cl\/new\/desde-pumas-a-mariposas-conaf-revela-imagenes-ineditas\/#primaryimage"},"thumbnailUrl":"https:\/\/www.mundoagropecuario.cl\/new\/wp-content\/uploads\/2025\/01\/Plantilla-estandar-mundo-acuicola-71-scaled.jpg","datePublished":"2025-01-07T15:30:55+00:00","dateModified":"2025-01-09T17:14:33+00:00","description":"CONAF Arica y Parinacota registr\u00f3 61.702 im\u00e1genes de fauna en 2024, destacando especies nativas y ex\u00f3ticas en la Reserva Nacional Las Vicu\u00f1as.","breadcrumb":{"@id":"https:\/\/www.mundoagropecuario.cl\/new\/desde-pumas-a-mariposas-conaf-revela-imagenes-ineditas\/#breadcrumb"},"inLanguage":"es","potentialAction":[{"@type":"ReadAction","target":["https:\/\/www.mundoagropecuario.cl\/new\/desde-pumas-a-mariposas-conaf-revela-imagenes-ineditas\/"]}]},{"@type":"ImageObject","inLanguage":"es","@id":"https:\/\/www.mundoagropecuario.cl\/new\/desde-pumas-a-mariposas-conaf-revela-imagenes-ineditas\/#primaryimage","url":"https:\/\/www.mundoagropecuario.cl\/new\/wp-content\/uploads\/2025\/01\/Plantilla-estandar-mundo-acuicola-71-scaled.jpg","contentUrl":"https:\/\/www.mundoagropecuario.cl\/new\/wp-content\/uploads\/2025\/01\/Plantilla-estandar-mundo-acuicola-71-scaled.jpg","width":720,"height":384},{"@type":"BreadcrumbList","@id":"https:\/\/www.mundoagropecuario.cl\/new\/desde-pumas-a-mariposas-conaf-revela-imagenes-ineditas\/#breadcrumb","itemListElement":[{"@type":"ListItem","position":1,"name":"Portada","item":"https:\/\/www.mundoagropecuario.cl\/new\/"},{"@type":"ListItem","position":2,"name":"Desde pumas a mariposas: CONAF revela im\u00e1genes in\u00e9ditas"}]},{"@type":"WebSite","@id":"https:\/\/www.mundoagropecuario.cl\/new\/#website","url":"https:\/\/www.mundoagropecuario.cl\/new\/","name":"Mundoagropecuario","description":"Mundo Agropecuario","publisher":{"@id":"https:\/\/www.mundoagropecuario.cl\/new\/#organization"},"potentialAction":[{"@type":"SearchAction","target":{"@type":"EntryPoint","urlTemplate":"https:\/\/www.mundoagropecuario.cl\/new\/?s={search_term_string}"},"query-input":{"@type":"PropertyValueSpecification","valueRequired":true,"valueName":"search_term_string"}}],"inLanguage":"es"},{"@type":"Organization","@id":"https:\/\/www.mundoagropecuario.cl\/new\/#organization","name":"Revista de Agricultura","url":"https:\/\/www.mundoagropecuario.cl\/new\/","logo":{"@type":"ImageObject","inLanguage":"es","@id":"https:\/\/www.mundoagropecuario.cl\/new\/#\/schema\/logo\/image\/","url":"https:\/\/www.mundoagropecuario.cl\/new\/wp-content\/uploads\/2020\/11\/PORTAL-1-1.png","contentUrl":"https:\/\/www.mundoagropecuario.cl\/new\/wp-content\/uploads\/2020\/11\/PORTAL-1-1.png","width":1026,"height":100,"caption":"Revista de Agricultura"},"image":{"@id":"https:\/\/www.mundoagropecuario.cl\/new\/#\/schema\/logo\/image\/"},"sameAs":["https:\/\/www.facebook.com\/mundo.agropecuario.3","https:\/\/x.com\/MundoAgropecuar","https:\/\/www.linkedin.com\/in\/mundo-agropecuario-934009201\/"]},{"@type":"Person","@id":"https:\/\/www.mundoagropecuario.cl\/new\/#\/schema\/person\/4e9f74a82a7dac260eb1c44b7eebeb18","name":"mundo","url":"https:\/\/www.mundoagropecuario.cl\/new\/author\/mundo\/"}]}},"_links":{"self":[{"href":"https:\/\/www.mundoagropecuario.cl\/new\/wp-json\/wp\/v2\/posts\/26225","targetHints":{"allow":["GET"]}}],"collection":[{"href":"https:\/\/www.mundoagropecuario.cl\/new\/wp-json\/wp\/v2\/posts"}],"about":[{"href":"https:\/\/www.mundoagropecuario.cl\/new\/wp-json\/wp\/v2\/types\/post"}],"author":[{"embeddable":true,"href":"https:\/\/www.mundoagropecuario.cl\/new\/wp-json\/wp\/v2\/users\/2"}],"replies":[{"embeddable":true,"href":"https:\/\/www.mundoagropecuario.cl\/new\/wp-json\/wp\/v2\/comments?post=26225"}],"version-history":[{"count":2,"href":"https:\/\/www.mundoagropecuario.cl\/new\/wp-json\/wp\/v2\/posts\/26225\/revisions"}],"predecessor-version":[{"id":26229,"href":"https:\/\/www.mundoagropecuario.cl\/new\/wp-json\/wp\/v2\/posts\/26225\/revisions\/26229"}],"wp:featuredmedia":[{"embeddable":true,"href":"https:\/\/www.mundoagropecuario.cl\/new\/wp-json\/wp\/v2\/media\/26226"}],"wp:attachment":[{"href":"https:\/\/www.mundoagropecuario.cl\/new\/wp-json\/wp\/v2\/media?parent=26225"}],"wp:term":[{"taxonomy":"category","embeddable":true,"href":"https:\/\/www.mundoagropecuario.cl\/new\/wp-json\/wp\/v2\/categories?post=26225"},{"taxonomy":"post_tag","embeddable":true,"href":"https:\/\/www.mundoagropecuario.cl\/new\/wp-json\/wp\/v2\/tags?post=26225"}],"curies":[{"name":"wp","href":"https:\/\/api.w.org\/{rel}","templated":true}]}}